{"id":4176,"date":"2026-02-17T11:33:30","date_gmt":"2026-02-17T14:33:30","guid":{"rendered":"https:\/\/www.encontrapiracicaba.com.br\/sobre\/camara-aprova-requerimento-sobre-falta-de-curativo-na-rede-publica\/"},"modified":"2026-02-17T11:33:30","modified_gmt":"2026-02-17T14:33:30","slug":"camara-aprova-requerimento-sobre-falta-de-curativo-na-rede-publica","status":"publish","type":"post","link":"https:\/\/www.encontrapiracicaba.com.br\/sobre\/camara-aprova-requerimento-sobre-falta-de-curativo-na-rede-publica\/","title":{"rendered":"C\u00e2mara aprova requerimento sobre falta de curativo na rede p\u00fablica"},"content":{"rendered":"<div class=\"85df007ed5c0c4d4b453fd13a37855e8\" data-index=\"1\" style=\"float: none; margin:0px;\">\n<!-- Anuncio display - global -->\r\n<ins class=\"adsbygoogle\"\r\n     style=\"display:block\"\r\n     data-ad-client=\"ca-pub-8585364105181520\"\r\n     data-ad-slot=\"8789329856\"\r\n     data-ad-format=\"auto\"\r\n     data-full-width-responsive=\"true\"><\/ins>\r\n<script>\r\n     (adsbygoogle = window.adsbygoogle || []).push({});\r\n<\/script>\n<\/div>\n<h2>O que \u00e9 o Curativo Absorvente com Tecnologia de Hidrofibra?<\/h2>\n<p>O Curativo Absorvente com Tecnologia de Hidrofibra de Carboximetilcelulose S\u00f3dica, conhecido como Aquacel, \u00e9 um produto usado na \u00e1rea da sa\u00fade para o tratamento de feridas complexas e les\u00f5es cr\u00f4nicas. Este curativo \u00e9 altamente absorvente e conta com uma tecnologia que promove um ambiente \u00famido ideal para a cicatriza\u00e7\u00e3o, minimizando o risco de infec\u00e7\u00f5es e complica\u00e7\u00f5es.<\/p>\n<h2>Import\u00e2ncia do Curativo para Tratamentos de Sa\u00fade<\/h2>\n<p>A aplica\u00e7\u00e3o de curativos adequados \u00e9 crucial no manejo de feridas, uma vez que ajudam a proteger a \u00e1rea afetada, a promover a cura e a evitar a contamina\u00e7\u00e3o. O Aquacel, em particular, \u00e9 essencial para pacientes que requerem cuidados constantes, garantindo a absor\u00e7\u00e3o eficaz de exsudatos e oferecendo conforto durante o tratamento, o que \u00e9 vital para a recupera\u00e7\u00e3o.<\/p>\n<h2>Requerimento do Vereador Relinho: Detalhes<\/h2>\n<p>O vereador Rerlison Rezende, popularmente conhecido como Relinho, apresentou um requerimento \u00e0 C\u00e2mara Municipal de Piracicaba que foi aprovado durante a reuni\u00e3o ordin\u00e1ria do dia 5 de fevereiro de 2026. O documento busca informa\u00e7\u00f5es detalhadas sobre a falta do curativo Aquacel na rede p\u00fablica de sa\u00fade municipal. Segundo o vereador, um cidad\u00e3o o abordou relatando a aus\u00eancia desse insumo crucial, o que leva \u00e0 necessidade de a\u00e7\u00e3o imediata para esclarecer e resolver a situa\u00e7\u00e3o.<\/p>\n<p><img decoding=\"async\" src=\"https:\/\/www.encontrapiracicaba.com.br\/sobre\/wp-content\/uploads\/camara-aprova-requerimento-sobre-falta-de-curativo-na-rede-publica.webp\" alt=\"\" loading=\"lazy\" \/><\/p>\n<h2>Impactos da Falta de Insumos na Sa\u00fade P\u00fablica<\/h2>\n<p>A indisponibilidade de curativos adequados, como o Aquacel, pode ser prejudicial para os pacientes que dependem do tratamento para a recupera\u00e7\u00e3o de feridas. A falta deste insumo pode atrasar a cicatriza\u00e7\u00e3o, aumentar o risco de infec\u00e7\u00e3o e, em \u00faltima an\u00e1lise, resultar em maiores custos para o munic\u00edpio devido \u00e0 necessidade de tratamentos adicionais e complica\u00e7\u00f5es decorrentes da falta de cuidados adequados.<\/p>\n<h2>A Resposta da Secretaria Municipal de Sa\u00fade<\/h2>\n<p>O vereador Relinho, por meio de seu requerimento, questiona a Secretaria Municipal de Sa\u00fade sobre a conscientiza\u00e7\u00e3o da falta do Aquacel na rede p\u00fablica de sa\u00fade. Ele busca saber desde quando o curativo est\u00e1 em falta e quais unidades de sa\u00fade foram afetadas. Este \u00e9 um ponto crucial para entender a extens\u00e3o do problema e desenvolver solu\u00e7\u00f5es que assegurem o fornecimento regular de insumos essenciais.<\/p>\n<h2>Poss\u00edveis Causas para a Indisponibilidade<\/h2>\n<p>V\u00e1rias raz\u00f5es podem contribuir para a falta do curativo Aquacel. Entre elas, problemas em processos licitat\u00f3rios, atrasos por parte de fornecedores, restri\u00e7\u00f5es or\u00e7ament\u00e1rias e outras quest\u00f5es relacionadas \u00e0 log\u00edstica do fornecimento. Compreender esses fatores \u00e9 fundamental para garantir que o problema seja endere\u00e7ado de forma eficaz e que futuras faltas sejam evitadas.<\/p>\n<h2>As Consequ\u00eancias da Falta de Curativos<\/h2>\n<p>As repercuss\u00f5es da falta do curativo Aquacel s\u00e3o significativas, afetando n\u00e3o apenas os pacientes, que podem enfrentar atrasos em seus tratamentos, mas tamb\u00e9m o sistema de sa\u00fade como um todo. A falta de insumos pode aumentar os custos operacionais para hospitais e cl\u00ednicas, causar estresse entre os profissionais de sa\u00fade e resultar em insatisfa\u00e7\u00e3o entre os pacientes que aguardam por cuidados essenciais.<\/p>\n<h2>Medidas Alternativas Enquanto Isso<\/h2>\n<p>Enquanto a falta do Aquacel persistir, \u00e9 fundamental que a Secretaria de Sa\u00fade implementa medidas alternativas para garantir o tratamento cont\u00ednuo dos pacientes. Isso pode incluir a utiliza\u00e7\u00e3o de outros tipos de curativos que sejam menos eficazes, mas ainda possam proporcionar alguma prote\u00e7\u00e3o e ajuda no processo de cicatriza\u00e7\u00e3o, at\u00e9 que o insumo espec\u00edfico esteja dispon\u00edvel novamente.<\/p>\n<h2>Compromissos do Poder P\u00fablico com a Sa\u00fade<\/h2>\n<p>O Poder P\u00fablico tem a responsabilidade de garantir que todos os cidad\u00e3os tenham acesso a medicamentos e insumos necess\u00e1rios para o seu tratamento. Isso est\u00e1 alinhado com os princ\u00edpios da universalidade, integralidade e continuidade do atendimento estipulados pelo Sistema \u00danico de Sa\u00fade (SUS). Portanto, \u00e9 imperativo que as autoridades se comprometam a resolver a situa\u00e7\u00e3o pela qual os mun\u00edcipes est\u00e3o passando.<\/p>\n<h2>Futuro da Sa\u00fade P\u00fablica em Piracicaba<\/h2>\n<p>A falta de insumos como o curativo Aquacel evidencia a necessidade urgente de melhorias na log\u00edstica e na administra\u00e7\u00e3o dos recursos da sa\u00fade p\u00fablica em Piracicaba. A expectativa \u00e9 de que com a ado\u00e7\u00e3o de solu\u00e7\u00f5es efetivas, a cidade possa oferecer um sistema de sa\u00fade mais eficiente, garantindo que todos os pacientes recebam os cuidados necess\u00e1rios sem interrup\u00e7\u00f5es. Al\u00e9m disso, o di\u00e1logo cont\u00ednuo entre a C\u00e2mara Municipal e a popula\u00e7\u00e3o \u00e9 essencial para identificar e solucionar problemas que afetam a qualidade do atendimento \u00e0 sa\u00fade.<\/p>\n\n<div style=\"font-size: 0px; height: 0px; line-height: 0px; margin: 0; padding: 0; clear: both;\"><\/div>","protected":false},"excerpt":{"rendered":"<p>C\u00e2mara aprova requerimento sobre a falta de curativos na rede p\u00fablica de sa\u00fade.<\/p>\n","protected":false},"author":1,"featured_media":4175,"comment_status":"closed","ping_status":"closed","sticky":false,"template":"","format":"standard","meta":{"footnotes":""},"categories":[6],"tags":[],"class_list":["post-4176","post","type-post","status-publish","format-standard","has-post-thumbnail","hentry","category-noticias-em-piracicaba","has_thumb"],"aioseo_notices":[],"aioseo_head":"\n\t\t<!-- All in One SEO 5.0.0.1 - aioseo.com -->\n\t<meta name=\"robots\" content=\"max-image-preview:large\" \/>\n\t<meta name=\"author\" content=\"Encontra Piracicaba\"\/>\n\t<link rel=\"canonical\" href=\"https:\/\/www.encontrapiracicaba.com.br\/sobre\/camara-aprova-requerimento-sobre-falta-de-curativo-na-rede-publica\/\" \/>\n\t<meta name=\"generator\" content=\"All in One SEO (AIOSEO) 5.0.0.1\" \/>\n\t\t<meta property=\"og:locale\" content=\"pt_BR\" \/>\n\t\t<meta property=\"og:site_name\" content=\"Encontra Piracicaba | Not\u00edcias, eventos, informa\u00e7\u00f5es e dicas na cidade de Piracicaba e regi\u00e3o\" \/>\n\t\t<meta property=\"og:type\" content=\"article\" \/>\n\t\t<meta property=\"og:title\" content=\"C\u00e2mara aprova requerimento sobre falta de curativo na rede p\u00fablica | Encontra Piracicaba\" \/>\n\t\t<meta property=\"og:url\" content=\"https:\/\/www.encontrapiracicaba.com.br\/sobre\/camara-aprova-requerimento-sobre-falta-de-curativo-na-rede-publica\/\" \/>\n\t\t<meta property=\"article:published_time\" content=\"2026-02-17T14:33:30+00:00\" \/>\n\t\t<meta property=\"article:modified_time\" content=\"2026-02-17T14:33:30+00:00\" \/>\n\t\t<meta name=\"twitter:card\" content=\"summary\" \/>\n\t\t<meta name=\"twitter:title\" content=\"C\u00e2mara aprova requerimento sobre falta de curativo na rede p\u00fablica | Encontra Piracicaba\" \/>\n\t\t<script type=\"application\/ld+json\" class=\"aioseo-schema\">\n\t\t\t{\"@context\":\"https:\\\/\\\/schema.org\",\"@graph\":[{\"@type\":\"Article\",\"@id\":\"https:\\\/\\\/www.encontrapiracicaba.com.br\\\/sobre\\\/camara-aprova-requerimento-sobre-falta-de-curativo-na-rede-publica\\\/#article\",\"name\":\"C\\u00e2mara aprova requerimento sobre falta de curativo na rede p\\u00fablica | Encontra Piracicaba\",\"headline\":\"C\\u00e2mara aprova requerimento sobre falta de curativo na rede p\\u00fablica\",\"author\":{\"@id\":\"https:\\\/\\\/www.encontrapiracicaba.com.br\\\/sobre\\\/author\\\/epiracicaba\\\/#author\"},\"publisher\":{\"@id\":\"https:\\\/\\\/www.encontrapiracicaba.com.br\\\/sobre\\\/#organization\"},\"image\":{\"@type\":\"ImageObject\",\"url\":\"https:\\\/\\\/www.encontrapiracicaba.com.br\\\/sobre\\\/wp-content\\\/uploads\\\/camara-aprova-requerimento-sobre-falta-de-curativo-na-rede-publica.webp\",\"width\":280,\"height\":280},\"datePublished\":\"2026-02-17T11:33:30-03:00\",\"dateModified\":\"2026-02-17T11:33:30-03:00\",\"inLanguage\":\"pt-BR\",\"mainEntityOfPage\":{\"@id\":\"https:\\\/\\\/www.encontrapiracicaba.com.br\\\/sobre\\\/camara-aprova-requerimento-sobre-falta-de-curativo-na-rede-publica\\\/#webpage\"},\"isPartOf\":{\"@id\":\"https:\\\/\\\/www.encontrapiracicaba.com.br\\\/sobre\\\/camara-aprova-requerimento-sobre-falta-de-curativo-na-rede-publica\\\/#webpage\"},\"articleSection\":\"Not\\u00edcias Piracicaba\"},{\"@type\":\"BreadcrumbList\",\"@id\":\"https:\\\/\\\/www.encontrapiracicaba.com.br\\\/sobre\\\/camara-aprova-requerimento-sobre-falta-de-curativo-na-rede-publica\\\/#breadcrumblist\",\"itemListElement\":[{\"@type\":\"ListItem\",\"@id\":\"https:\\\/\\\/www.encontrapiracicaba.com.br\\\/sobre#listItem\",\"position\":1,\"name\":\"In\\u00edcio\",\"item\":\"https:\\\/\\\/www.encontrapiracicaba.com.br\\\/sobre\",\"nextItem\":{\"@type\":\"ListItem\",\"@id\":\"https:\\\/\\\/www.encontrapiracicaba.com.br\\\/sobre\\\/noticias-em-piracicaba\\\/#listItem\",\"name\":\"Not\\u00edcias Piracicaba\"}},{\"@type\":\"ListItem\",\"@id\":\"https:\\\/\\\/www.encontrapiracicaba.com.br\\\/sobre\\\/noticias-em-piracicaba\\\/#listItem\",\"position\":2,\"name\":\"Not\\u00edcias Piracicaba\",\"item\":\"https:\\\/\\\/www.encontrapiracicaba.com.br\\\/sobre\\\/noticias-em-piracicaba\\\/\",\"nextItem\":{\"@type\":\"ListItem\",\"@id\":\"https:\\\/\\\/www.encontrapiracicaba.com.br\\\/sobre\\\/camara-aprova-requerimento-sobre-falta-de-curativo-na-rede-publica\\\/#listItem\",\"name\":\"C\\u00e2mara aprova requerimento sobre falta de curativo na rede p\\u00fablica\"},\"previousItem\":{\"@type\":\"ListItem\",\"@id\":\"https:\\\/\\\/www.encontrapiracicaba.com.br\\\/sobre#listItem\",\"name\":\"In\\u00edcio\"}},{\"@type\":\"ListItem\",\"@id\":\"https:\\\/\\\/www.encontrapiracicaba.com.br\\\/sobre\\\/camara-aprova-requerimento-sobre-falta-de-curativo-na-rede-publica\\\/#listItem\",\"position\":3,\"name\":\"C\\u00e2mara aprova requerimento sobre falta de curativo na rede p\\u00fablica\",\"previousItem\":{\"@type\":\"ListItem\",\"@id\":\"https:\\\/\\\/www.encontrapiracicaba.com.br\\\/sobre\\\/noticias-em-piracicaba\\\/#listItem\",\"name\":\"Not\\u00edcias Piracicaba\"}}]},{\"@type\":\"Organization\",\"@id\":\"https:\\\/\\\/www.encontrapiracicaba.com.br\\\/sobre\\\/#organization\",\"name\":\"Encontra Piracicaba\",\"description\":\"Not\\u00edcias, eventos, informa\\u00e7\\u00f5es e dicas na cidade de Piracicaba e regi\\u00e3o\",\"url\":\"https:\\\/\\\/www.encontrapiracicaba.com.br\\\/sobre\\\/\"},{\"@type\":\"Person\",\"@id\":\"https:\\\/\\\/www.encontrapiracicaba.com.br\\\/sobre\\\/author\\\/epiracicaba\\\/#author\",\"url\":\"https:\\\/\\\/www.encontrapiracicaba.com.br\\\/sobre\\\/author\\\/epiracicaba\\\/\",\"name\":\"Encontra Piracicaba\",\"image\":{\"@type\":\"ImageObject\",\"@id\":\"https:\\\/\\\/www.encontrapiracicaba.com.br\\\/sobre\\\/camara-aprova-requerimento-sobre-falta-de-curativo-na-rede-publica\\\/#authorImage\",\"url\":\"https:\\\/\\\/secure.gravatar.com\\\/avatar\\\/507340682b8270222e1f208e23198b6ae7e2c6a1033ae84e99bc6bce4f82a387?s=96&d=mm&r=g\",\"width\":96,\"height\":96,\"caption\":\"Encontra Piracicaba\"}},{\"@type\":\"WebPage\",\"@id\":\"https:\\\/\\\/www.encontrapiracicaba.com.br\\\/sobre\\\/camara-aprova-requerimento-sobre-falta-de-curativo-na-rede-publica\\\/#webpage\",\"url\":\"https:\\\/\\\/www.encontrapiracicaba.com.br\\\/sobre\\\/camara-aprova-requerimento-sobre-falta-de-curativo-na-rede-publica\\\/\",\"name\":\"C\\u00e2mara aprova requerimento sobre falta de curativo na rede p\\u00fablica | Encontra Piracicaba\",\"inLanguage\":\"pt-BR\",\"isPartOf\":{\"@id\":\"https:\\\/\\\/www.encontrapiracicaba.com.br\\\/sobre\\\/#website\"},\"breadcrumb\":{\"@id\":\"https:\\\/\\\/www.encontrapiracicaba.com.br\\\/sobre\\\/camara-aprova-requerimento-sobre-falta-de-curativo-na-rede-publica\\\/#breadcrumblist\"},\"author\":{\"@id\":\"https:\\\/\\\/www.encontrapiracicaba.com.br\\\/sobre\\\/author\\\/epiracicaba\\\/#author\"},\"creator\":{\"@id\":\"https:\\\/\\\/www.encontrapiracicaba.com.br\\\/sobre\\\/author\\\/epiracicaba\\\/#author\"},\"image\":{\"@type\":\"ImageObject\",\"url\":\"https:\\\/\\\/www.encontrapiracicaba.com.br\\\/sobre\\\/wp-content\\\/uploads\\\/camara-aprova-requerimento-sobre-falta-de-curativo-na-rede-publica.webp\",\"@id\":\"https:\\\/\\\/www.encontrapiracicaba.com.br\\\/sobre\\\/camara-aprova-requerimento-sobre-falta-de-curativo-na-rede-publica\\\/#mainImage\",\"width\":280,\"height\":280},\"primaryImageOfPage\":{\"@id\":\"https:\\\/\\\/www.encontrapiracicaba.com.br\\\/sobre\\\/camara-aprova-requerimento-sobre-falta-de-curativo-na-rede-publica\\\/#mainImage\"},\"datePublished\":\"2026-02-17T11:33:30-03:00\",\"dateModified\":\"2026-02-17T11:33:30-03:00\"},{\"@type\":\"WebSite\",\"@id\":\"https:\\\/\\\/www.encontrapiracicaba.com.br\\\/sobre\\\/#website\",\"url\":\"https:\\\/\\\/www.encontrapiracicaba.com.br\\\/sobre\\\/\",\"name\":\"Encontra Piracicaba\",\"description\":\"Not\\u00edcias, eventos, informa\\u00e7\\u00f5es e dicas na cidade de Piracicaba e regi\\u00e3o\",\"inLanguage\":\"pt-BR\",\"publisher\":{\"@id\":\"https:\\\/\\\/www.encontrapiracicaba.com.br\\\/sobre\\\/#organization\"}}]}\n\t\t<\/script>\n\t\t<!-- All in One SEO -->\n\n","aioseo_head_json":{"title":"C\u00e2mara aprova requerimento sobre falta de curativo na rede p\u00fablica | Encontra Piracicaba","description":"","canonical_url":"https:\/\/www.encontrapiracicaba.com.br\/sobre\/camara-aprova-requerimento-sobre-falta-de-curativo-na-rede-publica\/","robots":"max-image-preview:large","keywords":"","webmasterTools":{"miscellaneous":""},"schema":{"@context":"https:\/\/schema.org","@graph":[{"@type":"Article","@id":"https:\/\/www.encontrapiracicaba.com.br\/sobre\/camara-aprova-requerimento-sobre-falta-de-curativo-na-rede-publica\/#article","name":"C\u00e2mara aprova requerimento sobre falta de curativo na rede p\u00fablica | Encontra Piracicaba","headline":"C\u00e2mara aprova requerimento sobre falta de curativo na rede p\u00fablica","author":{"@id":"https:\/\/www.encontrapiracicaba.com.br\/sobre\/author\/epiracicaba\/#author"},"publisher":{"@id":"https:\/\/www.encontrapiracicaba.com.br\/sobre\/#organization"},"image":{"@type":"ImageObject","url":"https:\/\/www.encontrapiracicaba.com.br\/sobre\/wp-content\/uploads\/camara-aprova-requerimento-sobre-falta-de-curativo-na-rede-publica.webp","width":280,"height":280},"datePublished":"2026-02-17T11:33:30-03:00","dateModified":"2026-02-17T11:33:30-03:00","inLanguage":"pt-BR","mainEntityOfPage":{"@id":"https:\/\/www.encontrapiracicaba.com.br\/sobre\/camara-aprova-requerimento-sobre-falta-de-curativo-na-rede-publica\/#webpage"},"isPartOf":{"@id":"https:\/\/www.encontrapiracicaba.com.br\/sobre\/camara-aprova-requerimento-sobre-falta-de-curativo-na-rede-publica\/#webpage"},"articleSection":"Not\u00edcias Piracicaba"},{"@type":"BreadcrumbList","@id":"https:\/\/www.encontrapiracicaba.com.br\/sobre\/camara-aprova-requerimento-sobre-falta-de-curativo-na-rede-publica\/#breadcrumblist","itemListElement":[{"@type":"ListItem","@id":"https:\/\/www.encontrapiracicaba.com.br\/sobre#listItem","position":1,"name":"In\u00edcio","item":"https:\/\/www.encontrapiracicaba.com.br\/sobre","nextItem":{"@type":"ListItem","@id":"https:\/\/www.encontrapiracicaba.com.br\/sobre\/noticias-em-piracicaba\/#listItem","name":"Not\u00edcias Piracicaba"}},{"@type":"ListItem","@id":"https:\/\/www.encontrapiracicaba.com.br\/sobre\/noticias-em-piracicaba\/#listItem","position":2,"name":"Not\u00edcias Piracicaba","item":"https:\/\/www.encontrapiracicaba.com.br\/sobre\/noticias-em-piracicaba\/","nextItem":{"@type":"ListItem","@id":"https:\/\/www.encontrapiracicaba.com.br\/sobre\/camara-aprova-requerimento-sobre-falta-de-curativo-na-rede-publica\/#listItem","name":"C\u00e2mara aprova requerimento sobre falta de curativo na rede p\u00fablica"},"previousItem":{"@type":"ListItem","@id":"https:\/\/www.encontrapiracicaba.com.br\/sobre#listItem","name":"In\u00edcio"}},{"@type":"ListItem","@id":"https:\/\/www.encontrapiracicaba.com.br\/sobre\/camara-aprova-requerimento-sobre-falta-de-curativo-na-rede-publica\/#listItem","position":3,"name":"C\u00e2mara aprova requerimento sobre falta de curativo na rede p\u00fablica","previousItem":{"@type":"ListItem","@id":"https:\/\/www.encontrapiracicaba.com.br\/sobre\/noticias-em-piracicaba\/#listItem","name":"Not\u00edcias Piracicaba"}}]},{"@type":"Organization","@id":"https:\/\/www.encontrapiracicaba.com.br\/sobre\/#organization","name":"Encontra Piracicaba","description":"Not\u00edcias, eventos, informa\u00e7\u00f5es e dicas na cidade de Piracicaba e regi\u00e3o","url":"https:\/\/www.encontrapiracicaba.com.br\/sobre\/"},{"@type":"Person","@id":"https:\/\/www.encontrapiracicaba.com.br\/sobre\/author\/epiracicaba\/#author","url":"https:\/\/www.encontrapiracicaba.com.br\/sobre\/author\/epiracicaba\/","name":"Encontra Piracicaba","image":{"@type":"ImageObject","@id":"https:\/\/www.encontrapiracicaba.com.br\/sobre\/camara-aprova-requerimento-sobre-falta-de-curativo-na-rede-publica\/#authorImage","url":"https:\/\/secure.gravatar.com\/avatar\/507340682b8270222e1f208e23198b6ae7e2c6a1033ae84e99bc6bce4f82a387?s=96&d=mm&r=g","width":96,"height":96,"caption":"Encontra Piracicaba"}},{"@type":"WebPage","@id":"https:\/\/www.encontrapiracicaba.com.br\/sobre\/camara-aprova-requerimento-sobre-falta-de-curativo-na-rede-publica\/#webpage","url":"https:\/\/www.encontrapiracicaba.com.br\/sobre\/camara-aprova-requerimento-sobre-falta-de-curativo-na-rede-publica\/","name":"C\u00e2mara aprova requerimento sobre falta de curativo na rede p\u00fablica | Encontra Piracicaba","inLanguage":"pt-BR","isPartOf":{"@id":"https:\/\/www.encontrapiracicaba.com.br\/sobre\/#website"},"breadcrumb":{"@id":"https:\/\/www.encontrapiracicaba.com.br\/sobre\/camara-aprova-requerimento-sobre-falta-de-curativo-na-rede-publica\/#breadcrumblist"},"author":{"@id":"https:\/\/www.encontrapiracicaba.com.br\/sobre\/author\/epiracicaba\/#author"},"creator":{"@id":"https:\/\/www.encontrapiracicaba.com.br\/sobre\/author\/epiracicaba\/#author"},"image":{"@type":"ImageObject","url":"https:\/\/www.encontrapiracicaba.com.br\/sobre\/wp-content\/uploads\/camara-aprova-requerimento-sobre-falta-de-curativo-na-rede-publica.webp","@id":"https:\/\/www.encontrapiracicaba.com.br\/sobre\/camara-aprova-requerimento-sobre-falta-de-curativo-na-rede-publica\/#mainImage","width":280,"height":280},"primaryImageOfPage":{"@id":"https:\/\/www.encontrapiracicaba.com.br\/sobre\/camara-aprova-requerimento-sobre-falta-de-curativo-na-rede-publica\/#mainImage"},"datePublished":"2026-02-17T11:33:30-03:00","dateModified":"2026-02-17T11:33:30-03:00"},{"@type":"WebSite","@id":"https:\/\/www.encontrapiracicaba.com.br\/sobre\/#website","url":"https:\/\/www.encontrapiracicaba.com.br\/sobre\/","name":"Encontra Piracicaba","description":"Not\u00edcias, eventos, informa\u00e7\u00f5es e dicas na cidade de Piracicaba e regi\u00e3o","inLanguage":"pt-BR","publisher":{"@id":"https:\/\/www.encontrapiracicaba.com.br\/sobre\/#organization"}}]},"og:locale":"pt_BR","og:site_name":"Encontra Piracicaba | Not\u00edcias, eventos, informa\u00e7\u00f5es e dicas na cidade de Piracicaba e regi\u00e3o","og:type":"article","og:title":"C\u00e2mara aprova requerimento sobre falta de curativo na rede p\u00fablica | Encontra Piracicaba","og:url":"https:\/\/www.encontrapiracicaba.com.br\/sobre\/camara-aprova-requerimento-sobre-falta-de-curativo-na-rede-publica\/","article:published_time":"2026-02-17T14:33:30+00:00","article:modified_time":"2026-02-17T14:33:30+00:00","twitter:card":"summary","twitter:title":"C\u00e2mara aprova requerimento sobre falta de curativo na rede p\u00fablica | Encontra Piracicaba"},"aioseo_meta_data":{"post_id":"4176","title":null,"description":null,"keywords":null,"keyphrases":null,"primary_term":null,"canonical_url":null,"og_title":null,"og_description":null,"og_object_type":"default","og_image_type":"default","og_image_url":null,"og_image_width":null,"og_image_height":null,"og_image_custom_url":null,"og_image_custom_fields":null,"og_video":null,"og_custom_url":null,"og_article_section":null,"og_article_tags":null,"twitter_use_og":false,"twitter_card":"default","twitter_image_type":"default","twitter_image_url":null,"twitter_image_custom_url":null,"twitter_image_custom_fields":null,"twitter_title":null,"twitter_description":null,"schema":{"blockGraphs":[],"customGraphs":[],"default":{"data":{"Article":[],"Course":[],"Dataset":[],"FAQPage":[],"Movie":[],"Person":[],"Product":[],"ProductReview":[],"Car":[],"Recipe":[],"Service":[],"SoftwareApplication":[],"WebPage":[]},"graphName":"Article","isEnabled":true},"graphs":[]},"schema_type":"default","schema_type_options":null,"pillar_content":false,"robots_default":true,"robots_noindex":false,"robots_noarchive":false,"robots_nosnippet":false,"robots_nofollow":false,"robots_noimageindex":false,"robots_noodp":false,"robots_notranslate":false,"robots_max_snippet":null,"robots_max_videopreview":null,"robots_max_imagepreview":"large","priority":null,"frequency":null,"local_seo":null,"breadcrumb_settings":null,"limit_modified_date":false,"ai":null,"created":"2026-02-17 14:33:35","updated":"2026-02-17 14:45:16","focus_keyword":null,"additional_keywords":null,"truseo_locale":null,"seo_analyzer_scan_date":null},"aioseo_breadcrumb":"<div class=\"aioseo-breadcrumbs\"><span class=\"aioseo-breadcrumb\">\n\t\t\t<a href=\"https:\/\/www.encontrapiracicaba.com.br\/sobre\" title=\"In\u00edcio\">In\u00edcio<\/a>\n\t\t<\/span><span class=\"aioseo-breadcrumb-separator\">&raquo;<\/span><span class=\"aioseo-breadcrumb\">\n\t\t\t<a href=\"https:\/\/www.encontrapiracicaba.com.br\/sobre\/noticias-em-piracicaba\/\" title=\"Not\u00edcias Piracicaba\">Not\u00edcias Piracicaba<\/a>\n\t\t<\/span><span class=\"aioseo-breadcrumb-separator\">&raquo;<\/span><span class=\"aioseo-breadcrumb\">\n\t\t\tC\u00e2mara aprova requerimento sobre falta de curativo na rede p\u00fablica\n\t\t<\/span><\/div>","aioseo_breadcrumb_json":[{"label":"In\u00edcio","link":"https:\/\/www.encontrapiracicaba.com.br\/sobre"},{"label":"Not\u00edcias Piracicaba","link":"https:\/\/www.encontrapiracicaba.com.br\/sobre\/noticias-em-piracicaba\/"},{"label":"C\u00e2mara aprova requerimento sobre falta de curativo na rede p\u00fablica","link":"https:\/\/www.encontrapiracicaba.com.br\/sobre\/camara-aprova-requerimento-sobre-falta-de-curativo-na-rede-publica\/"}],"_links":{"self":[{"href":"https:\/\/www.encontrapiracicaba.com.br\/sobre\/wp-json\/wp\/v2\/posts\/4176","targetHints":{"allow":["GET"]}}],"collection":[{"href":"https:\/\/www.encontrapiracicaba.com.br\/sobre\/wp-json\/wp\/v2\/posts"}],"about":[{"href":"https:\/\/www.encontrapiracicaba.com.br\/sobre\/wp-json\/wp\/v2\/types\/post"}],"author":[{"embeddable":true,"href":"https:\/\/www.encontrapiracicaba.com.br\/sobre\/wp-json\/wp\/v2\/users\/1"}],"replies":[{"embeddable":true,"href":"https:\/\/www.encontrapiracicaba.com.br\/sobre\/wp-json\/wp\/v2\/comments?post=4176"}],"version-history":[{"count":0,"href":"https:\/\/www.encontrapiracicaba.com.br\/sobre\/wp-json\/wp\/v2\/posts\/4176\/revisions"}],"wp:featuredmedia":[{"embeddable":true,"href":"https:\/\/www.encontrapiracicaba.com.br\/sobre\/wp-json\/wp\/v2\/media\/4175"}],"wp:attachment":[{"href":"https:\/\/www.encontrapiracicaba.com.br\/sobre\/wp-json\/wp\/v2\/media?parent=4176"}],"wp:term":[{"taxonomy":"category","embeddable":true,"href":"https:\/\/www.encontrapiracicaba.com.br\/sobre\/wp-json\/wp\/v2\/categories?post=4176"},{"taxonomy":"post_tag","embeddable":true,"href":"https:\/\/www.encontrapiracicaba.com.br\/sobre\/wp-json\/wp\/v2\/tags?post=4176"}],"curies":[{"name":"wp","href":"https:\/\/api.w.org\/{rel}","templated":true}]}}