{"id":4184,"date":"2026-02-19T11:30:53","date_gmt":"2026-02-19T14:30:53","guid":{"rendered":"https:\/\/www.encontrapiracicaba.com.br\/sobre\/vereador-conhece-a-nova-estrutura-do-caps-infantojuvenil\/"},"modified":"2026-02-19T11:30:53","modified_gmt":"2026-02-19T14:30:53","slug":"vereador-conhece-a-nova-estrutura-do-caps-infantojuvenil","status":"publish","type":"post","link":"https:\/\/www.encontrapiracicaba.com.br\/sobre\/vereador-conhece-a-nova-estrutura-do-caps-infantojuvenil\/","title":{"rendered":"Vereador conhece a nova estrutura do Caps Infantojuvenil"},"content":{"rendered":"<div class=\"85df007ed5c0c4d4b453fd13a37855e8\" data-index=\"1\" style=\"float: none; margin:0px;\">\n<!-- Anuncio display - global -->\r\n<ins class=\"adsbygoogle\"\r\n     style=\"display:block\"\r\n     data-ad-client=\"ca-pub-8585364105181520\"\r\n     data-ad-slot=\"8789329856\"\r\n     data-ad-format=\"auto\"\r\n     data-full-width-responsive=\"true\"><\/ins>\r\n<script>\r\n     (adsbygoogle = window.adsbygoogle || []).push({});\r\n<\/script>\n<\/div>\n<h2>Nova sede do Caps Infantojuvenil: uma mudan\u00e7a necess\u00e1ria<\/h2>\n<p>A visita do vereador Gustavo Pompeo \u00e0 nova instala\u00e7\u00e3o do Caps Infantojuvenil revelou uma evolu\u00e7\u00e3o significativa na estrutura de atendimento. Desde 22 de janeiro, a unidade est\u00e1 em um im\u00f3vel mais amplo e apropriado, situado na rua Floriano Carraro, n\u00famero 425, na regi\u00e3o de Nova Piracicaba. Essa mudan\u00e7a visa proporcionar melhores condi\u00e7\u00f5es para o atendimento e acolhimento dos pacientes, ampliando a capacidade de receber e atender a demanda crescente.<\/p>\n<h2>A import\u00e2ncia da sa\u00fade mental na inf\u00e2ncia e adolesc\u00eancia<\/h2>\n<p>O vereador, presidente do F\u00f3rum Permanente de Sa\u00fade Integral e Bem-Estar Social, ressaltou a relev\u00e2ncia de tratar a sa\u00fade mental desde a inf\u00e2ncia. Segundo ele, investir no bem-estar emocional de crian\u00e7as e adolescentes \u00e9 essencial, pois eles representam o futuro da sociedade. Uma estrutura adequada, uma equipe qualificada e um acolhimento humanizado s\u00e3o indispens\u00e1veis para garantir um atendimento eficaz e de qualidade.<\/p>\n<h2>Atendimentos e servi\u00e7os oferecidos no Caps Infantojuvenil<\/h2>\n<p>O Caps Infantojuvenil \u00e9 uma unidade que atende crian\u00e7as e adolescentes de 5 a 18 anos que enfrentam transtornos psiqui\u00e1tricos graves e persistentes. Com um modelo de opera\u00e7\u00e3o de porta aberta, a sua abordagem \u00e9 inclusiva, permitindo que qualquer pessoa que necessite de ajuda possa procurar o servi\u00e7o, sem necessidade de encaminhamento pr\u00e9vio. O cuidado \u00e9 multiprofissional e abrange tamb\u00e9m casos de uso abusivo de subst\u00e2ncias psicoativas, adequando-se \u00e0s necessidades espec\u00edficas de cada paciente.<\/p>\n<p><img decoding=\"async\" src=\"https:\/\/www.encontrapiracicaba.com.br\/sobre\/wp-content\/uploads\/vereador-conhece-a-nova-estrutura-do-caps-infantojuvenil.webp\" alt=\"Caps Infantojuvenil\" loading=\"lazy\" \/><\/p>\n<h2>Como a nova estrutura melhora o acolhimento dos pacientes<\/h2>\n<p>O novo espa\u00e7o foi projetado para oferecer condi\u00e7\u00f5es mais favor\u00e1veis ao atendimento. Contando com uma recep\u00e7\u00e3o ampla, sala de acolhimento equipada e banheiros acess\u00edveis, o Caps Infantojuvenil se prop\u00f5e a facilitar a experi\u00eancia dos pacientes. Com um refeit\u00f3rio, consult\u00f3rios m\u00e9dicos e diversas salas destinadas a grupos e oficinas, os usu\u00e1rios contar\u00e3o com um ambiente prop\u00edcio para a reabilita\u00e7\u00e3o psicossocial e o desenvolvimento de suas habilidades.<\/p>\n<h2>Depoimentos de familiares sobre a experi\u00eancia no Caps<\/h2>\n<p>Fam\u00edlias que tiveram contato com os servi\u00e7os do Caps Infantojuvenil est\u00e3o sentindo o impacto positivo da nova estrutura. Valdirene Nunes, por exemplo, buscou o atendimento ap\u00f3s sua filha ter uma crise de ansiedade. Ao ser acolhida, ela destacou que sua experi\u00eancia foi marcada por cuidado e aten\u00e7\u00e3o, enfatizando as orienta\u00e7\u00f5es recebidas sobre outros servi\u00e7os de sa\u00fade dispon\u00edveis na rede municipal. Essa mudan\u00e7a teve um reflexo vis\u00edvel no comportamento da jovem, que come\u00e7ou a participar de atividades terap\u00eauticas e a melhorar suas rela\u00e7\u00f5es sociais.<\/p>\n<h2>Equipe multiprofissional: a for\u00e7a do atendimento integrado<\/h2>\n<p>A equipe do Caps Infantojuvenil \u00e9 composta por profissionais de diversas \u00e1reas, incluindo terapeutas ocupacionais, psic\u00f3logos, enfermeiros e psiquiatras. Essa diversidade de forma\u00e7\u00e3o permite um atendimento mais abrangente e eficaz, capaz de atender \u00e0s variadas necessidades dos pacientes. A abordagem multiprofissional \u00e9 fundamental para garantir que cada crian\u00e7a e adolescente tenha acesso ao tipo de suporte que realmente precisa.<\/p>\n<h2>O papel da comunidade na sa\u00fade mental das crian\u00e7as<\/h2>\n<p>O Caps Infantojuvenil n\u00e3o apenas se compromete com o atendimento individual, mas tamb\u00e9m busca envolver a comunidade em suas atividades. A intera\u00e7\u00e3o entre profissionais de sa\u00fade, fam\u00edlia e a rede de prote\u00e7\u00e3o social \u00e9 vital para a constru\u00e7\u00e3o de um ambiente saud\u00e1vel que promova o bem-estar de todas as crian\u00e7as e adolescentes. \u00c9 essencial que a sociedade esteja atenta e disposta a apoiar iniciativas que fortale\u00e7am a sa\u00fade mental na inf\u00e2ncia.<\/p>\n<h2>Projetos terap\u00eauticos e seus impactos na reabilita\u00e7\u00e3o<\/h2>\n<p>As atividades do Caps s\u00e3o organizadas em torno do Projeto Terap\u00eautico Singular (PTS), que \u00e9 desenvolvido em conjunto com o paciente e seus familiares. Este projeto ajuda a criar um plano de cuidados personalizados que aborda as especificidades de cada caso. Dessa manera, o Caps visa n\u00e3o apenas tratar transtornos, mas tamb\u00e9m promover a reabilita\u00e7\u00e3o e a reintegra\u00e7\u00e3o social dos jovens atendidos.<\/p>\n<h2>Compromisso do vereador com a sa\u00fade mental e bem-estar<\/h2>\n<p>Gustavo Pompeo reafirmou seu compromisso com pol\u00edticas p\u00fablicas que priorizam a sa\u00fade mental. O vereador enfatizou a import\u00e2ncia de um atendimento acess\u00edvel e cont\u00ednuo, argumentando que \u00e9 fundamental monitorar a estrutura e o funcionamento do Caps. Sua presen\u00e7a e engajamento nas quest\u00f5es da sa\u00fade mental demonstram a determina\u00e7\u00e3o da C\u00e2mara em garantir avan\u00e7os significativos nesse campo.<\/p>\n<h2>Acessibilidade e conforto no novo espa\u00e7o do Caps<\/h2>\n<p>A nova sede do Caps Infantojuvenil foi planejada para ser acess\u00edvel a todos. Com estacionamento pr\u00f3ximo e f\u00e1cil acesso a transporte p\u00fablico, a unidade garante que todas as fam\u00edlias possam usufruir dos servi\u00e7os ofertados sem barreiras. A constru\u00e7\u00e3o reflete a prioridade em atender crian\u00e7as e adolescentes conforme as diretrizes estabelecidas pelo Estatuto da Crian\u00e7a e do Adolescente e o artigo 227 da Constitui\u00e7\u00e3o Federal, focando na prote\u00e7\u00e3o e promo\u00e7\u00e3o dos direitos infantojuvenis.<\/p>\n<p>Em suma, a nova estrutura do Caps Infantojuvenil em Nova Piracicaba representa uma esperan\u00e7a renovada para crian\u00e7as e adolescentes que necessitam de cuidados em sa\u00fade mental. A integra\u00e7\u00e3o de uma equipe dedicada e uma infraestrutura adequada promete n\u00e3o apenas atender, mas tamb\u00e9m transformar vidas por meio de um suporte cont\u00ednuo e qualificado.<\/p>\n\n<div style=\"font-size: 0px; height: 0px; line-height: 0px; margin: 0; padding: 0; clear: both;\"><\/div>","protected":false},"excerpt":{"rendered":"<p>Caps Infantojuvenil revoluciona a sa\u00fade mental de crian\u00e7as e adolescentes em Piracicaba.<\/p>\n","protected":false},"author":1,"featured_media":4183,"comment_status":"closed","ping_status":"closed","sticky":false,"template":"","format":"standard","meta":{"footnotes":""},"categories":[6],"tags":[],"class_list":["post-4184","post","type-post","status-publish","format-standard","has-post-thumbnail","hentry","category-noticias-em-piracicaba","has_thumb"],"aioseo_notices":[],"aioseo_head":"\n\t\t<!-- All in One SEO 5.0.0.1 - aioseo.com -->\n\t<meta name=\"robots\" content=\"max-image-preview:large\" \/>\n\t<meta name=\"author\" content=\"Encontra Piracicaba\"\/>\n\t<link rel=\"canonical\" href=\"https:\/\/www.encontrapiracicaba.com.br\/sobre\/vereador-conhece-a-nova-estrutura-do-caps-infantojuvenil\/\" \/>\n\t<meta name=\"generator\" content=\"All in One SEO (AIOSEO) 5.0.0.1\" \/>\n\t\t<meta property=\"og:locale\" content=\"pt_BR\" \/>\n\t\t<meta property=\"og:site_name\" content=\"Encontra Piracicaba | Not\u00edcias, eventos, informa\u00e7\u00f5es e dicas na cidade de Piracicaba e regi\u00e3o\" \/>\n\t\t<meta property=\"og:type\" content=\"article\" \/>\n\t\t<meta property=\"og:title\" content=\"Vereador conhece a nova estrutura do Caps Infantojuvenil | Encontra Piracicaba\" \/>\n\t\t<meta property=\"og:url\" content=\"https:\/\/www.encontrapiracicaba.com.br\/sobre\/vereador-conhece-a-nova-estrutura-do-caps-infantojuvenil\/\" \/>\n\t\t<meta property=\"article:published_time\" content=\"2026-02-19T14:30:53+00:00\" \/>\n\t\t<meta property=\"article:modified_time\" content=\"2026-02-19T14:30:53+00:00\" \/>\n\t\t<meta name=\"twitter:card\" content=\"summary\" \/>\n\t\t<meta name=\"twitter:title\" content=\"Vereador conhece a nova estrutura do Caps Infantojuvenil | Encontra Piracicaba\" \/>\n\t\t<script type=\"application\/ld+json\" class=\"aioseo-schema\">\n\t\t\t{\"@context\":\"https:\\\/\\\/schema.org\",\"@graph\":[{\"@type\":\"Article\",\"@id\":\"https:\\\/\\\/www.encontrapiracicaba.com.br\\\/sobre\\\/vereador-conhece-a-nova-estrutura-do-caps-infantojuvenil\\\/#article\",\"name\":\"Vereador conhece a nova estrutura do Caps Infantojuvenil | Encontra Piracicaba\",\"headline\":\"Vereador conhece a nova estrutura do Caps Infantojuvenil\",\"author\":{\"@id\":\"https:\\\/\\\/www.encontrapiracicaba.com.br\\\/sobre\\\/author\\\/epiracicaba\\\/#author\"},\"publisher\":{\"@id\":\"https:\\\/\\\/www.encontrapiracicaba.com.br\\\/sobre\\\/#organization\"},\"image\":{\"@type\":\"ImageObject\",\"url\":\"https:\\\/\\\/www.encontrapiracicaba.com.br\\\/sobre\\\/wp-content\\\/uploads\\\/vereador-conhece-a-nova-estrutura-do-caps-infantojuvenil.webp\",\"width\":280,\"height\":280,\"caption\":\"Caps Infantojuvenil\"},\"datePublished\":\"2026-02-19T11:30:53-03:00\",\"dateModified\":\"2026-02-19T11:30:53-03:00\",\"inLanguage\":\"pt-BR\",\"mainEntityOfPage\":{\"@id\":\"https:\\\/\\\/www.encontrapiracicaba.com.br\\\/sobre\\\/vereador-conhece-a-nova-estrutura-do-caps-infantojuvenil\\\/#webpage\"},\"isPartOf\":{\"@id\":\"https:\\\/\\\/www.encontrapiracicaba.com.br\\\/sobre\\\/vereador-conhece-a-nova-estrutura-do-caps-infantojuvenil\\\/#webpage\"},\"articleSection\":\"Not\\u00edcias Piracicaba\"},{\"@type\":\"BreadcrumbList\",\"@id\":\"https:\\\/\\\/www.encontrapiracicaba.com.br\\\/sobre\\\/vereador-conhece-a-nova-estrutura-do-caps-infantojuvenil\\\/#breadcrumblist\",\"itemListElement\":[{\"@type\":\"ListItem\",\"@id\":\"https:\\\/\\\/www.encontrapiracicaba.com.br\\\/sobre#listItem\",\"position\":1,\"name\":\"In\\u00edcio\",\"item\":\"https:\\\/\\\/www.encontrapiracicaba.com.br\\\/sobre\",\"nextItem\":{\"@type\":\"ListItem\",\"@id\":\"https:\\\/\\\/www.encontrapiracicaba.com.br\\\/sobre\\\/noticias-em-piracicaba\\\/#listItem\",\"name\":\"Not\\u00edcias Piracicaba\"}},{\"@type\":\"ListItem\",\"@id\":\"https:\\\/\\\/www.encontrapiracicaba.com.br\\\/sobre\\\/noticias-em-piracicaba\\\/#listItem\",\"position\":2,\"name\":\"Not\\u00edcias Piracicaba\",\"item\":\"https:\\\/\\\/www.encontrapiracicaba.com.br\\\/sobre\\\/noticias-em-piracicaba\\\/\",\"nextItem\":{\"@type\":\"ListItem\",\"@id\":\"https:\\\/\\\/www.encontrapiracicaba.com.br\\\/sobre\\\/vereador-conhece-a-nova-estrutura-do-caps-infantojuvenil\\\/#listItem\",\"name\":\"Vereador conhece a nova estrutura do Caps Infantojuvenil\"},\"previousItem\":{\"@type\":\"ListItem\",\"@id\":\"https:\\\/\\\/www.encontrapiracicaba.com.br\\\/sobre#listItem\",\"name\":\"In\\u00edcio\"}},{\"@type\":\"ListItem\",\"@id\":\"https:\\\/\\\/www.encontrapiracicaba.com.br\\\/sobre\\\/vereador-conhece-a-nova-estrutura-do-caps-infantojuvenil\\\/#listItem\",\"position\":3,\"name\":\"Vereador conhece a nova estrutura do Caps Infantojuvenil\",\"previousItem\":{\"@type\":\"ListItem\",\"@id\":\"https:\\\/\\\/www.encontrapiracicaba.com.br\\\/sobre\\\/noticias-em-piracicaba\\\/#listItem\",\"name\":\"Not\\u00edcias Piracicaba\"}}]},{\"@type\":\"Organization\",\"@id\":\"https:\\\/\\\/www.encontrapiracicaba.com.br\\\/sobre\\\/#organization\",\"name\":\"Encontra Piracicaba\",\"description\":\"Not\\u00edcias, eventos, informa\\u00e7\\u00f5es e dicas na cidade de Piracicaba e regi\\u00e3o\",\"url\":\"https:\\\/\\\/www.encontrapiracicaba.com.br\\\/sobre\\\/\"},{\"@type\":\"Person\",\"@id\":\"https:\\\/\\\/www.encontrapiracicaba.com.br\\\/sobre\\\/author\\\/epiracicaba\\\/#author\",\"url\":\"https:\\\/\\\/www.encontrapiracicaba.com.br\\\/sobre\\\/author\\\/epiracicaba\\\/\",\"name\":\"Encontra Piracicaba\",\"image\":{\"@type\":\"ImageObject\",\"@id\":\"https:\\\/\\\/www.encontrapiracicaba.com.br\\\/sobre\\\/vereador-conhece-a-nova-estrutura-do-caps-infantojuvenil\\\/#authorImage\",\"url\":\"https:\\\/\\\/secure.gravatar.com\\\/avatar\\\/507340682b8270222e1f208e23198b6ae7e2c6a1033ae84e99bc6bce4f82a387?s=96&d=mm&r=g\",\"width\":96,\"height\":96,\"caption\":\"Encontra Piracicaba\"}},{\"@type\":\"WebPage\",\"@id\":\"https:\\\/\\\/www.encontrapiracicaba.com.br\\\/sobre\\\/vereador-conhece-a-nova-estrutura-do-caps-infantojuvenil\\\/#webpage\",\"url\":\"https:\\\/\\\/www.encontrapiracicaba.com.br\\\/sobre\\\/vereador-conhece-a-nova-estrutura-do-caps-infantojuvenil\\\/\",\"name\":\"Vereador conhece a nova estrutura do Caps Infantojuvenil | Encontra Piracicaba\",\"inLanguage\":\"pt-BR\",\"isPartOf\":{\"@id\":\"https:\\\/\\\/www.encontrapiracicaba.com.br\\\/sobre\\\/#website\"},\"breadcrumb\":{\"@id\":\"https:\\\/\\\/www.encontrapiracicaba.com.br\\\/sobre\\\/vereador-conhece-a-nova-estrutura-do-caps-infantojuvenil\\\/#breadcrumblist\"},\"author\":{\"@id\":\"https:\\\/\\\/www.encontrapiracicaba.com.br\\\/sobre\\\/author\\\/epiracicaba\\\/#author\"},\"creator\":{\"@id\":\"https:\\\/\\\/www.encontrapiracicaba.com.br\\\/sobre\\\/author\\\/epiracicaba\\\/#author\"},\"image\":{\"@type\":\"ImageObject\",\"url\":\"https:\\\/\\\/www.encontrapiracicaba.com.br\\\/sobre\\\/wp-content\\\/uploads\\\/vereador-conhece-a-nova-estrutura-do-caps-infantojuvenil.webp\",\"@id\":\"https:\\\/\\\/www.encontrapiracicaba.com.br\\\/sobre\\\/vereador-conhece-a-nova-estrutura-do-caps-infantojuvenil\\\/#mainImage\",\"width\":280,\"height\":280,\"caption\":\"Caps Infantojuvenil\"},\"primaryImageOfPage\":{\"@id\":\"https:\\\/\\\/www.encontrapiracicaba.com.br\\\/sobre\\\/vereador-conhece-a-nova-estrutura-do-caps-infantojuvenil\\\/#mainImage\"},\"datePublished\":\"2026-02-19T11:30:53-03:00\",\"dateModified\":\"2026-02-19T11:30:53-03:00\"},{\"@type\":\"WebSite\",\"@id\":\"https:\\\/\\\/www.encontrapiracicaba.com.br\\\/sobre\\\/#website\",\"url\":\"https:\\\/\\\/www.encontrapiracicaba.com.br\\\/sobre\\\/\",\"name\":\"Encontra Piracicaba\",\"description\":\"Not\\u00edcias, eventos, informa\\u00e7\\u00f5es e dicas na cidade de Piracicaba e regi\\u00e3o\",\"inLanguage\":\"pt-BR\",\"publisher\":{\"@id\":\"https:\\\/\\\/www.encontrapiracicaba.com.br\\\/sobre\\\/#organization\"}}]}\n\t\t<\/script>\n\t\t<!-- All in One SEO -->\n\n","aioseo_head_json":{"title":"Vereador conhece a nova estrutura do Caps Infantojuvenil | Encontra Piracicaba","description":"","canonical_url":"https:\/\/www.encontrapiracicaba.com.br\/sobre\/vereador-conhece-a-nova-estrutura-do-caps-infantojuvenil\/","robots":"max-image-preview:large","keywords":"","webmasterTools":{"miscellaneous":""},"schema":{"@context":"https:\/\/schema.org","@graph":[{"@type":"Article","@id":"https:\/\/www.encontrapiracicaba.com.br\/sobre\/vereador-conhece-a-nova-estrutura-do-caps-infantojuvenil\/#article","name":"Vereador conhece a nova estrutura do Caps Infantojuvenil | Encontra Piracicaba","headline":"Vereador conhece a nova estrutura do Caps Infantojuvenil","author":{"@id":"https:\/\/www.encontrapiracicaba.com.br\/sobre\/author\/epiracicaba\/#author"},"publisher":{"@id":"https:\/\/www.encontrapiracicaba.com.br\/sobre\/#organization"},"image":{"@type":"ImageObject","url":"https:\/\/www.encontrapiracicaba.com.br\/sobre\/wp-content\/uploads\/vereador-conhece-a-nova-estrutura-do-caps-infantojuvenil.webp","width":280,"height":280,"caption":"Caps Infantojuvenil"},"datePublished":"2026-02-19T11:30:53-03:00","dateModified":"2026-02-19T11:30:53-03:00","inLanguage":"pt-BR","mainEntityOfPage":{"@id":"https:\/\/www.encontrapiracicaba.com.br\/sobre\/vereador-conhece-a-nova-estrutura-do-caps-infantojuvenil\/#webpage"},"isPartOf":{"@id":"https:\/\/www.encontrapiracicaba.com.br\/sobre\/vereador-conhece-a-nova-estrutura-do-caps-infantojuvenil\/#webpage"},"articleSection":"Not\u00edcias Piracicaba"},{"@type":"BreadcrumbList","@id":"https:\/\/www.encontrapiracicaba.com.br\/sobre\/vereador-conhece-a-nova-estrutura-do-caps-infantojuvenil\/#breadcrumblist","itemListElement":[{"@type":"ListItem","@id":"https:\/\/www.encontrapiracicaba.com.br\/sobre#listItem","position":1,"name":"In\u00edcio","item":"https:\/\/www.encontrapiracicaba.com.br\/sobre","nextItem":{"@type":"ListItem","@id":"https:\/\/www.encontrapiracicaba.com.br\/sobre\/noticias-em-piracicaba\/#listItem","name":"Not\u00edcias Piracicaba"}},{"@type":"ListItem","@id":"https:\/\/www.encontrapiracicaba.com.br\/sobre\/noticias-em-piracicaba\/#listItem","position":2,"name":"Not\u00edcias Piracicaba","item":"https:\/\/www.encontrapiracicaba.com.br\/sobre\/noticias-em-piracicaba\/","nextItem":{"@type":"ListItem","@id":"https:\/\/www.encontrapiracicaba.com.br\/sobre\/vereador-conhece-a-nova-estrutura-do-caps-infantojuvenil\/#listItem","name":"Vereador conhece a nova estrutura do Caps Infantojuvenil"},"previousItem":{"@type":"ListItem","@id":"https:\/\/www.encontrapiracicaba.com.br\/sobre#listItem","name":"In\u00edcio"}},{"@type":"ListItem","@id":"https:\/\/www.encontrapiracicaba.com.br\/sobre\/vereador-conhece-a-nova-estrutura-do-caps-infantojuvenil\/#listItem","position":3,"name":"Vereador conhece a nova estrutura do Caps Infantojuvenil","previousItem":{"@type":"ListItem","@id":"https:\/\/www.encontrapiracicaba.com.br\/sobre\/noticias-em-piracicaba\/#listItem","name":"Not\u00edcias Piracicaba"}}]},{"@type":"Organization","@id":"https:\/\/www.encontrapiracicaba.com.br\/sobre\/#organization","name":"Encontra Piracicaba","description":"Not\u00edcias, eventos, informa\u00e7\u00f5es e dicas na cidade de Piracicaba e regi\u00e3o","url":"https:\/\/www.encontrapiracicaba.com.br\/sobre\/"},{"@type":"Person","@id":"https:\/\/www.encontrapiracicaba.com.br\/sobre\/author\/epiracicaba\/#author","url":"https:\/\/www.encontrapiracicaba.com.br\/sobre\/author\/epiracicaba\/","name":"Encontra Piracicaba","image":{"@type":"ImageObject","@id":"https:\/\/www.encontrapiracicaba.com.br\/sobre\/vereador-conhece-a-nova-estrutura-do-caps-infantojuvenil\/#authorImage","url":"https:\/\/secure.gravatar.com\/avatar\/507340682b8270222e1f208e23198b6ae7e2c6a1033ae84e99bc6bce4f82a387?s=96&d=mm&r=g","width":96,"height":96,"caption":"Encontra Piracicaba"}},{"@type":"WebPage","@id":"https:\/\/www.encontrapiracicaba.com.br\/sobre\/vereador-conhece-a-nova-estrutura-do-caps-infantojuvenil\/#webpage","url":"https:\/\/www.encontrapiracicaba.com.br\/sobre\/vereador-conhece-a-nova-estrutura-do-caps-infantojuvenil\/","name":"Vereador conhece a nova estrutura do Caps Infantojuvenil | Encontra Piracicaba","inLanguage":"pt-BR","isPartOf":{"@id":"https:\/\/www.encontrapiracicaba.com.br\/sobre\/#website"},"breadcrumb":{"@id":"https:\/\/www.encontrapiracicaba.com.br\/sobre\/vereador-conhece-a-nova-estrutura-do-caps-infantojuvenil\/#breadcrumblist"},"author":{"@id":"https:\/\/www.encontrapiracicaba.com.br\/sobre\/author\/epiracicaba\/#author"},"creator":{"@id":"https:\/\/www.encontrapiracicaba.com.br\/sobre\/author\/epiracicaba\/#author"},"image":{"@type":"ImageObject","url":"https:\/\/www.encontrapiracicaba.com.br\/sobre\/wp-content\/uploads\/vereador-conhece-a-nova-estrutura-do-caps-infantojuvenil.webp","@id":"https:\/\/www.encontrapiracicaba.com.br\/sobre\/vereador-conhece-a-nova-estrutura-do-caps-infantojuvenil\/#mainImage","width":280,"height":280,"caption":"Caps Infantojuvenil"},"primaryImageOfPage":{"@id":"https:\/\/www.encontrapiracicaba.com.br\/sobre\/vereador-conhece-a-nova-estrutura-do-caps-infantojuvenil\/#mainImage"},"datePublished":"2026-02-19T11:30:53-03:00","dateModified":"2026-02-19T11:30:53-03:00"},{"@type":"WebSite","@id":"https:\/\/www.encontrapiracicaba.com.br\/sobre\/#website","url":"https:\/\/www.encontrapiracicaba.com.br\/sobre\/","name":"Encontra Piracicaba","description":"Not\u00edcias, eventos, informa\u00e7\u00f5es e dicas na cidade de Piracicaba e regi\u00e3o","inLanguage":"pt-BR","publisher":{"@id":"https:\/\/www.encontrapiracicaba.com.br\/sobre\/#organization"}}]},"og:locale":"pt_BR","og:site_name":"Encontra Piracicaba | Not\u00edcias, eventos, informa\u00e7\u00f5es e dicas na cidade de Piracicaba e regi\u00e3o","og:type":"article","og:title":"Vereador conhece a nova estrutura do Caps Infantojuvenil | Encontra Piracicaba","og:url":"https:\/\/www.encontrapiracicaba.com.br\/sobre\/vereador-conhece-a-nova-estrutura-do-caps-infantojuvenil\/","article:published_time":"2026-02-19T14:30:53+00:00","article:modified_time":"2026-02-19T14:30:53+00:00","twitter:card":"summary","twitter:title":"Vereador conhece a nova estrutura do Caps Infantojuvenil | Encontra Piracicaba"},"aioseo_meta_data":{"post_id":"4184","title":null,"description":null,"keywords":null,"keyphrases":null,"primary_term":null,"canonical_url":null,"og_title":null,"og_description":null,"og_object_type":"default","og_image_type":"default","og_image_url":null,"og_image_width":null,"og_image_height":null,"og_image_custom_url":null,"og_image_custom_fields":null,"og_video":null,"og_custom_url":null,"og_article_section":null,"og_article_tags":null,"twitter_use_og":false,"twitter_card":"default","twitter_image_type":"default","twitter_image_url":null,"twitter_image_custom_url":null,"twitter_image_custom_fields":null,"twitter_title":null,"twitter_description":null,"schema":{"blockGraphs":[],"customGraphs":[],"default":{"data":{"Article":[],"Course":[],"Dataset":[],"FAQPage":[],"Movie":[],"Person":[],"Product":[],"ProductReview":[],"Car":[],"Recipe":[],"Service":[],"SoftwareApplication":[],"WebPage":[]},"graphName":"Article","isEnabled":true},"graphs":[]},"schema_type":"default","schema_type_options":null,"pillar_content":false,"robots_default":true,"robots_noindex":false,"robots_noarchive":false,"robots_nosnippet":false,"robots_nofollow":false,"robots_noimageindex":false,"robots_noodp":false,"robots_notranslate":false,"robots_max_snippet":null,"robots_max_videopreview":null,"robots_max_imagepreview":"large","priority":null,"frequency":null,"local_seo":null,"breadcrumb_settings":null,"limit_modified_date":false,"ai":null,"created":"2026-02-19 14:30:58","updated":"2026-02-19 14:32:29","focus_keyword":null,"additional_keywords":null,"truseo_locale":null,"seo_analyzer_scan_date":null},"aioseo_breadcrumb":"<div class=\"aioseo-breadcrumbs\"><span class=\"aioseo-breadcrumb\">\n\t\t\t<a href=\"https:\/\/www.encontrapiracicaba.com.br\/sobre\" title=\"In\u00edcio\">In\u00edcio<\/a>\n\t\t<\/span><span class=\"aioseo-breadcrumb-separator\">&raquo;<\/span><span class=\"aioseo-breadcrumb\">\n\t\t\t<a href=\"https:\/\/www.encontrapiracicaba.com.br\/sobre\/noticias-em-piracicaba\/\" title=\"Not\u00edcias Piracicaba\">Not\u00edcias Piracicaba<\/a>\n\t\t<\/span><span class=\"aioseo-breadcrumb-separator\">&raquo;<\/span><span class=\"aioseo-breadcrumb\">\n\t\t\tVereador conhece a nova estrutura do Caps Infantojuvenil\n\t\t<\/span><\/div>","aioseo_breadcrumb_json":[{"label":"In\u00edcio","link":"https:\/\/www.encontrapiracicaba.com.br\/sobre"},{"label":"Not\u00edcias Piracicaba","link":"https:\/\/www.encontrapiracicaba.com.br\/sobre\/noticias-em-piracicaba\/"},{"label":"Vereador conhece a nova estrutura do Caps Infantojuvenil","link":"https:\/\/www.encontrapiracicaba.com.br\/sobre\/vereador-conhece-a-nova-estrutura-do-caps-infantojuvenil\/"}],"_links":{"self":[{"href":"https:\/\/www.encontrapiracicaba.com.br\/sobre\/wp-json\/wp\/v2\/posts\/4184","targetHints":{"allow":["GET"]}}],"collection":[{"href":"https:\/\/www.encontrapiracicaba.com.br\/sobre\/wp-json\/wp\/v2\/posts"}],"about":[{"href":"https:\/\/www.encontrapiracicaba.com.br\/sobre\/wp-json\/wp\/v2\/types\/post"}],"author":[{"embeddable":true,"href":"https:\/\/www.encontrapiracicaba.com.br\/sobre\/wp-json\/wp\/v2\/users\/1"}],"replies":[{"embeddable":true,"href":"https:\/\/www.encontrapiracicaba.com.br\/sobre\/wp-json\/wp\/v2\/comments?post=4184"}],"version-history":[{"count":0,"href":"https:\/\/www.encontrapiracicaba.com.br\/sobre\/wp-json\/wp\/v2\/posts\/4184\/revisions"}],"wp:featuredmedia":[{"embeddable":true,"href":"https:\/\/www.encontrapiracicaba.com.br\/sobre\/wp-json\/wp\/v2\/media\/4183"}],"wp:attachment":[{"href":"https:\/\/www.encontrapiracicaba.com.br\/sobre\/wp-json\/wp\/v2\/media?parent=4184"}],"wp:term":[{"taxonomy":"category","embeddable":true,"href":"https:\/\/www.encontrapiracicaba.com.br\/sobre\/wp-json\/wp\/v2\/categories?post=4184"},{"taxonomy":"post_tag","embeddable":true,"href":"https:\/\/www.encontrapiracicaba.com.br\/sobre\/wp-json\/wp\/v2\/tags?post=4184"}],"curies":[{"name":"wp","href":"https:\/\/api.w.org\/{rel}","templated":true}]}}