{"id":4204,"date":"2026-02-22T11:33:40","date_gmt":"2026-02-22T14:33:40","guid":{"rendered":"https:\/\/www.encontrapiracicaba.com.br\/sobre\/projeto-altera-solenidades-da-camara\/"},"modified":"2026-02-22T11:33:40","modified_gmt":"2026-02-22T14:33:40","slug":"projeto-altera-solenidades-da-camara","status":"publish","type":"post","link":"https:\/\/www.encontrapiracicaba.com.br\/sobre\/projeto-altera-solenidades-da-camara\/","title":{"rendered":"Projeto altera solenidades da C\u00e2mara"},"content":{"rendered":"<div class=\"85df007ed5c0c4d4b453fd13a37855e8\" data-index=\"1\" style=\"float: none; margin:0px;\">\n<!-- Anuncio display - global -->\r\n<ins class=\"adsbygoogle\"\r\n     style=\"display:block\"\r\n     data-ad-client=\"ca-pub-8585364105181520\"\r\n     data-ad-slot=\"8789329856\"\r\n     data-ad-format=\"auto\"\r\n     data-full-width-responsive=\"true\"><\/ins>\r\n<script>\r\n     (adsbygoogle = window.adsbygoogle || []).push({});\r\n<\/script>\n<\/div>\n<h2>O Que \u00e9 a Medalha Martinho Lutero?<\/h2>\n<p>A Medalha Martinho Lutero \u00e9 uma honraria estabelecida para reconhecer e celebrar contribui\u00e7\u00f5es significativas em diversas \u00e1reas. Criada pelo <strong>Decreto Legislativo 29\/2018<\/strong>, esta medalha \u00e9 um s\u00edmbolo de aprecia\u00e7\u00e3o e valoriza\u00e7\u00e3o de indiv\u00edduos ou entidades que tenham se destacado na promo\u00e7\u00e3o de valores c\u00edvicos e sociais, alinhados ao legado do reformador Martinho Lutero.<\/p>\n<h2>Import\u00e2ncia do Dia do Anivers\u00e1rio do Distrito de Tupi<\/h2>\n<p>O Dia do Anivers\u00e1rio do Distrito de Tupi \u00e9 uma data significativa que celebra a hist\u00f3ria e a cultura da regi\u00e3o. Institu\u00eddo pelo <strong>Decreto Legislativo 28\/2022<\/strong>, este dia serve como um momento de reflex\u00e3o sobre as tradi\u00e7\u00f5es locais e a identidade comunit\u00e1ria, promovendo a uni\u00e3o entre os moradores e estimulando o envolvimento c\u00edvico.<\/p>\n<h2>Como o Projeto Impacta a Comunidade?<\/h2>\n<p>O projeto de altera\u00e7\u00e3o das solenidades da C\u00e2mara Municipal tem um impacto direto na comunidade, pois revisa e aprimora a forma como as celebra\u00e7\u00f5es s\u00e3o realizadas. Ao corrigir equ\u00edvocos nas datas e procedimentos relacionados \u00e0 Medalha Martinho Lutero e ao Dia do Anivers\u00e1rio do Distrito de Tupi, o Legislativo assegura que essas cerim\u00f4nias sejam justas, reconhecidas e respeitadas. Esse reconhecimento formal \u00e9 crucial para valorizar as contribui\u00e7\u00f5es dos celebrados e incentivar a participa\u00e7\u00e3o da comunidade nas atividades pol\u00edticas e sociais.<\/p>\n<p><img decoding=\"async\" src=\"https:\/\/www.encontrapiracicaba.com.br\/sobre\/wp-content\/uploads\/projeto-altera-solenidades-da-camara.webp\" alt=\"altera\u00e7\u00f5es nas solenidades da C\u00e2mara\" loading=\"lazy\" \/><\/p>\n<h2>An\u00e1lise das Altera\u00e7\u00f5es Propostas<\/h2>\n<p>As altera\u00e7\u00f5es inclu\u00eddas no projeto t\u00eam como foco:<\/p>\n<ul>\n<li><strong>Corre\u00e7\u00e3o de Erros:<\/strong> O projeto visa a corre\u00e7\u00e3o de falhas formais que afetavam as celebra\u00e7\u00f5es anteriores.<\/li>\n<li><strong>Clareza e Formalidade:<\/strong> Com as mudan\u00e7as, h\u00e1 um esfor\u00e7o para que as pilares das solenidades sejam claras e promovam a formalidade adequada que essas celebra\u00e7\u00f5es merecem.<\/li>\n<li><strong>Aumento da Conscientiza\u00e7\u00e3o:<\/strong> O reconhecimento das datas cria uma oportunidade para aumentar a conscientiza\u00e7\u00e3o sobre a hist\u00f3ria local e real\u00e7ar a import\u00e2ncia do envolvimento c\u00edvico.<\/li>\n<\/ul>\n<h2>Rea\u00e7\u00f5es dos Vereadores e da Popula\u00e7\u00e3o<\/h2>\n<p>A recep\u00e7\u00e3o do projeto entre os vereadores e a popula\u00e7\u00e3o foi bastante positiva. Os legisladores reconheceram a necessidade de corrigir os erros existentes, destacando a import\u00e2ncia de honrarias que refletem o respeito e o valor das tradi\u00e7\u00f5es locais. A comunidade, por sua vez, tamb\u00e9m expressou apoio \u00e0 proposta, entendendo-a como um passo importante para fortalecer os la\u00e7os sociais e a identidade comunit\u00e1ria.<\/p>\n<h2>Hist\u00f3rico das Solenidades da C\u00e2mara<\/h2>\n<p>As solenidades da C\u00e2mara Municipal t\u00eam uma longa tradi\u00e7\u00e3o, sendo eventos que marcam a vida p\u00fablica e a mem\u00f3ria cultural da cidade. Ao longo dos anos, diversas medalhas e datas comemorativas foram institu\u00eddas, refletindo o orgulho e a hist\u00f3ria dos cidad\u00e3os. \u00c9 fundamental que essas solenidades continuem a ser celebradas de maneira inclusiva e respeitosa, representando a diversidade e a pluralidade da sociedade local.<\/p>\n<h2>Pr\u00f3ximos Passos para a Ado\u00e7\u00e3o do Projeto<\/h2>\n<p>A ado\u00e7\u00e3o do projeto vai seguir algumas etapas que incluem:<\/p>\n<ul>\n<li><strong>Discuss\u00e3o em Sess\u00e3o Plen\u00e1ria:<\/strong> Ap\u00f3s a aprova\u00e7\u00e3o inicial, o projeto dever\u00e1 ser discutido em sess\u00f5es plen\u00e1rias para garantir a transpar\u00eancia do processo legislativo.<\/li>\n<li><strong>Implementa\u00e7\u00e3o das Novas Normas:<\/strong> Uma vez aprovado, ser\u00e1 necess\u00e1rio que a C\u00e2mara implemente as novas normas estabelecidas, organizando as solenidades de acordo com as novas diretrizes.<\/li>\n<li><strong>Divulga\u00e7\u00e3o \u00e0 Comunidade:<\/strong> A C\u00e2mara deve se comprometer a informar a popula\u00e7\u00e3o sobre as mudan\u00e7as e a import\u00e2ncia de participar das novas celebra\u00e7\u00f5es.<\/li>\n<\/ul>\n<h2>Eventos Comemorativos da C\u00e2mara<\/h2>\n<p>Os eventos promovidos pela C\u00e2mara Municipal s\u00e3o oportunidades para engajar os cidad\u00e3os e celebrar as conquistas locais. Entre os eventos mais significativos, podem ser destacados as cerim\u00f4nias de entrega de medalhas, comemora\u00e7\u00f5es de hist\u00f3ricos locais e datas em que s\u00e3o homenageadas personalidades que contribu\u00edram para o desenvolvimento do munic\u00edpio.<\/p>\n<h2>O Papel da C\u00e2mara Municipal na Sociedade<\/h2>\n<p>A C\u00e2mara Municipal desempenha um papel crucial na governan\u00e7a local, sendo respons\u00e1vel por legislar e representar os interesses da popula\u00e7\u00e3o. O fortalecimento da hist\u00f3ria e das tradi\u00e7\u00f5es por meio de solenidades \u00e9 uma das formas de fortalecer o v\u00ednculo entre cidad\u00e3os e representantes. Atrav\u00e9s da promo\u00e7\u00e3o de eventos que celebram a cultura local, a C\u00e2mara se posiciona como um elo de liga\u00e7\u00e3o entre o passado, presente e futuro da comunidade.<\/p>\n<h2>Por Que Celebrar Nossas Tradi\u00e7\u00f5es?<\/h2>\n<p>Celebrar as tradi\u00e7\u00f5es \u00e9 fundamental para a preserva\u00e7\u00e3o da identidade cultural de um povo. Os eventos que reconhecem a hist\u00f3ria e as contribui\u00e7\u00f5es locais n\u00e3o apenas honram aqueles que vieram antes, mas tamb\u00e9m inspiram as futuras gera\u00e7\u00f5es a valorizar suas ra\u00edzes. Ao promover e participar de solenidades, os cidad\u00e3os se sentem parte de algo maior, cultivando um sentimento de perten\u00e7a e responsabilidade social.<\/p>\n<p>Portanto, a aprova\u00e7\u00e3o do projeto que altera as solenidades da C\u00e2mara Municipal n\u00e3o \u00e9 apenas uma corre\u00e7\u00e3o formal, mas um passo importante para a valoriza\u00e7\u00e3o e o fortalecimento da identidade comunit\u00e1ria de Piracicaba.<\/p>\n\n<div style=\"font-size: 0px; height: 0px; line-height: 0px; margin: 0; padding: 0; clear: both;\"><\/div>","protected":false},"excerpt":{"rendered":"<p>Mudan\u00e7as nas solenidades da C\u00e2mara: descubra o que o projeto prop\u00f5e!<\/p>\n","protected":false},"author":1,"featured_media":4203,"comment_status":"closed","ping_status":"closed","sticky":false,"template":"","format":"standard","meta":{"footnotes":""},"categories":[6],"tags":[],"class_list":["post-4204","post","type-post","status-publish","format-standard","has-post-thumbnail","hentry","category-noticias-em-piracicaba","has_thumb"],"aioseo_notices":[],"aioseo_head":"\n\t\t<!-- All in One SEO 5.0.0.1 - aioseo.com -->\n\t<meta name=\"robots\" content=\"max-image-preview:large\" \/>\n\t<meta name=\"author\" content=\"Encontra Piracicaba\"\/>\n\t<link rel=\"canonical\" href=\"https:\/\/www.encontrapiracicaba.com.br\/sobre\/projeto-altera-solenidades-da-camara\/\" \/>\n\t<meta name=\"generator\" content=\"All in One SEO (AIOSEO) 5.0.0.1\" \/>\n\t\t<meta property=\"og:locale\" content=\"pt_BR\" \/>\n\t\t<meta property=\"og:site_name\" content=\"Encontra Piracicaba | Not\u00edcias, eventos, informa\u00e7\u00f5es e dicas na cidade de Piracicaba e regi\u00e3o\" \/>\n\t\t<meta property=\"og:type\" content=\"article\" \/>\n\t\t<meta property=\"og:title\" content=\"Projeto altera solenidades da C\u00e2mara | Encontra Piracicaba\" \/>\n\t\t<meta property=\"og:url\" content=\"https:\/\/www.encontrapiracicaba.com.br\/sobre\/projeto-altera-solenidades-da-camara\/\" \/>\n\t\t<meta property=\"article:published_time\" content=\"2026-02-22T14:33:40+00:00\" \/>\n\t\t<meta property=\"article:modified_time\" content=\"2026-02-22T14:33:40+00:00\" \/>\n\t\t<meta name=\"twitter:card\" content=\"summary\" \/>\n\t\t<meta name=\"twitter:title\" content=\"Projeto altera solenidades da C\u00e2mara | Encontra Piracicaba\" \/>\n\t\t<script type=\"application\/ld+json\" class=\"aioseo-schema\">\n\t\t\t{\"@context\":\"https:\\\/\\\/schema.org\",\"@graph\":[{\"@type\":\"Article\",\"@id\":\"https:\\\/\\\/www.encontrapiracicaba.com.br\\\/sobre\\\/projeto-altera-solenidades-da-camara\\\/#article\",\"name\":\"Projeto altera solenidades da C\\u00e2mara | Encontra Piracicaba\",\"headline\":\"Projeto altera solenidades da C\\u00e2mara\",\"author\":{\"@id\":\"https:\\\/\\\/www.encontrapiracicaba.com.br\\\/sobre\\\/author\\\/epiracicaba\\\/#author\"},\"publisher\":{\"@id\":\"https:\\\/\\\/www.encontrapiracicaba.com.br\\\/sobre\\\/#organization\"},\"image\":{\"@type\":\"ImageObject\",\"url\":\"https:\\\/\\\/www.encontrapiracicaba.com.br\\\/sobre\\\/wp-content\\\/uploads\\\/projeto-altera-solenidades-da-camara.webp\",\"width\":280,\"height\":280,\"caption\":\"altera\\u00e7\\u00f5es nas solenidades da C\\u00e2mara\"},\"datePublished\":\"2026-02-22T11:33:40-03:00\",\"dateModified\":\"2026-02-22T11:33:40-03:00\",\"inLanguage\":\"pt-BR\",\"mainEntityOfPage\":{\"@id\":\"https:\\\/\\\/www.encontrapiracicaba.com.br\\\/sobre\\\/projeto-altera-solenidades-da-camara\\\/#webpage\"},\"isPartOf\":{\"@id\":\"https:\\\/\\\/www.encontrapiracicaba.com.br\\\/sobre\\\/projeto-altera-solenidades-da-camara\\\/#webpage\"},\"articleSection\":\"Not\\u00edcias Piracicaba\"},{\"@type\":\"BreadcrumbList\",\"@id\":\"https:\\\/\\\/www.encontrapiracicaba.com.br\\\/sobre\\\/projeto-altera-solenidades-da-camara\\\/#breadcrumblist\",\"itemListElement\":[{\"@type\":\"ListItem\",\"@id\":\"https:\\\/\\\/www.encontrapiracicaba.com.br\\\/sobre#listItem\",\"position\":1,\"name\":\"In\\u00edcio\",\"item\":\"https:\\\/\\\/www.encontrapiracicaba.com.br\\\/sobre\",\"nextItem\":{\"@type\":\"ListItem\",\"@id\":\"https:\\\/\\\/www.encontrapiracicaba.com.br\\\/sobre\\\/noticias-em-piracicaba\\\/#listItem\",\"name\":\"Not\\u00edcias Piracicaba\"}},{\"@type\":\"ListItem\",\"@id\":\"https:\\\/\\\/www.encontrapiracicaba.com.br\\\/sobre\\\/noticias-em-piracicaba\\\/#listItem\",\"position\":2,\"name\":\"Not\\u00edcias Piracicaba\",\"item\":\"https:\\\/\\\/www.encontrapiracicaba.com.br\\\/sobre\\\/noticias-em-piracicaba\\\/\",\"nextItem\":{\"@type\":\"ListItem\",\"@id\":\"https:\\\/\\\/www.encontrapiracicaba.com.br\\\/sobre\\\/projeto-altera-solenidades-da-camara\\\/#listItem\",\"name\":\"Projeto altera solenidades da C\\u00e2mara\"},\"previousItem\":{\"@type\":\"ListItem\",\"@id\":\"https:\\\/\\\/www.encontrapiracicaba.com.br\\\/sobre#listItem\",\"name\":\"In\\u00edcio\"}},{\"@type\":\"ListItem\",\"@id\":\"https:\\\/\\\/www.encontrapiracicaba.com.br\\\/sobre\\\/projeto-altera-solenidades-da-camara\\\/#listItem\",\"position\":3,\"name\":\"Projeto altera solenidades da C\\u00e2mara\",\"previousItem\":{\"@type\":\"ListItem\",\"@id\":\"https:\\\/\\\/www.encontrapiracicaba.com.br\\\/sobre\\\/noticias-em-piracicaba\\\/#listItem\",\"name\":\"Not\\u00edcias Piracicaba\"}}]},{\"@type\":\"Organization\",\"@id\":\"https:\\\/\\\/www.encontrapiracicaba.com.br\\\/sobre\\\/#organization\",\"name\":\"Encontra Piracicaba\",\"description\":\"Not\\u00edcias, eventos, informa\\u00e7\\u00f5es e dicas na cidade de Piracicaba e regi\\u00e3o\",\"url\":\"https:\\\/\\\/www.encontrapiracicaba.com.br\\\/sobre\\\/\"},{\"@type\":\"Person\",\"@id\":\"https:\\\/\\\/www.encontrapiracicaba.com.br\\\/sobre\\\/author\\\/epiracicaba\\\/#author\",\"url\":\"https:\\\/\\\/www.encontrapiracicaba.com.br\\\/sobre\\\/author\\\/epiracicaba\\\/\",\"name\":\"Encontra Piracicaba\",\"image\":{\"@type\":\"ImageObject\",\"@id\":\"https:\\\/\\\/www.encontrapiracicaba.com.br\\\/sobre\\\/projeto-altera-solenidades-da-camara\\\/#authorImage\",\"url\":\"https:\\\/\\\/secure.gravatar.com\\\/avatar\\\/507340682b8270222e1f208e23198b6ae7e2c6a1033ae84e99bc6bce4f82a387?s=96&d=mm&r=g\",\"width\":96,\"height\":96,\"caption\":\"Encontra Piracicaba\"}},{\"@type\":\"WebPage\",\"@id\":\"https:\\\/\\\/www.encontrapiracicaba.com.br\\\/sobre\\\/projeto-altera-solenidades-da-camara\\\/#webpage\",\"url\":\"https:\\\/\\\/www.encontrapiracicaba.com.br\\\/sobre\\\/projeto-altera-solenidades-da-camara\\\/\",\"name\":\"Projeto altera solenidades da C\\u00e2mara | Encontra Piracicaba\",\"inLanguage\":\"pt-BR\",\"isPartOf\":{\"@id\":\"https:\\\/\\\/www.encontrapiracicaba.com.br\\\/sobre\\\/#website\"},\"breadcrumb\":{\"@id\":\"https:\\\/\\\/www.encontrapiracicaba.com.br\\\/sobre\\\/projeto-altera-solenidades-da-camara\\\/#breadcrumblist\"},\"author\":{\"@id\":\"https:\\\/\\\/www.encontrapiracicaba.com.br\\\/sobre\\\/author\\\/epiracicaba\\\/#author\"},\"creator\":{\"@id\":\"https:\\\/\\\/www.encontrapiracicaba.com.br\\\/sobre\\\/author\\\/epiracicaba\\\/#author\"},\"image\":{\"@type\":\"ImageObject\",\"url\":\"https:\\\/\\\/www.encontrapiracicaba.com.br\\\/sobre\\\/wp-content\\\/uploads\\\/projeto-altera-solenidades-da-camara.webp\",\"@id\":\"https:\\\/\\\/www.encontrapiracicaba.com.br\\\/sobre\\\/projeto-altera-solenidades-da-camara\\\/#mainImage\",\"width\":280,\"height\":280,\"caption\":\"altera\\u00e7\\u00f5es nas solenidades da C\\u00e2mara\"},\"primaryImageOfPage\":{\"@id\":\"https:\\\/\\\/www.encontrapiracicaba.com.br\\\/sobre\\\/projeto-altera-solenidades-da-camara\\\/#mainImage\"},\"datePublished\":\"2026-02-22T11:33:40-03:00\",\"dateModified\":\"2026-02-22T11:33:40-03:00\"},{\"@type\":\"WebSite\",\"@id\":\"https:\\\/\\\/www.encontrapiracicaba.com.br\\\/sobre\\\/#website\",\"url\":\"https:\\\/\\\/www.encontrapiracicaba.com.br\\\/sobre\\\/\",\"name\":\"Encontra Piracicaba\",\"description\":\"Not\\u00edcias, eventos, informa\\u00e7\\u00f5es e dicas na cidade de Piracicaba e regi\\u00e3o\",\"inLanguage\":\"pt-BR\",\"publisher\":{\"@id\":\"https:\\\/\\\/www.encontrapiracicaba.com.br\\\/sobre\\\/#organization\"}}]}\n\t\t<\/script>\n\t\t<!-- All in One SEO -->\n\n","aioseo_head_json":{"title":"Projeto altera solenidades da C\u00e2mara | Encontra Piracicaba","description":"","canonical_url":"https:\/\/www.encontrapiracicaba.com.br\/sobre\/projeto-altera-solenidades-da-camara\/","robots":"max-image-preview:large","keywords":"","webmasterTools":{"miscellaneous":""},"schema":{"@context":"https:\/\/schema.org","@graph":[{"@type":"Article","@id":"https:\/\/www.encontrapiracicaba.com.br\/sobre\/projeto-altera-solenidades-da-camara\/#article","name":"Projeto altera solenidades da C\u00e2mara | Encontra Piracicaba","headline":"Projeto altera solenidades da C\u00e2mara","author":{"@id":"https:\/\/www.encontrapiracicaba.com.br\/sobre\/author\/epiracicaba\/#author"},"publisher":{"@id":"https:\/\/www.encontrapiracicaba.com.br\/sobre\/#organization"},"image":{"@type":"ImageObject","url":"https:\/\/www.encontrapiracicaba.com.br\/sobre\/wp-content\/uploads\/projeto-altera-solenidades-da-camara.webp","width":280,"height":280,"caption":"altera\u00e7\u00f5es nas solenidades da C\u00e2mara"},"datePublished":"2026-02-22T11:33:40-03:00","dateModified":"2026-02-22T11:33:40-03:00","inLanguage":"pt-BR","mainEntityOfPage":{"@id":"https:\/\/www.encontrapiracicaba.com.br\/sobre\/projeto-altera-solenidades-da-camara\/#webpage"},"isPartOf":{"@id":"https:\/\/www.encontrapiracicaba.com.br\/sobre\/projeto-altera-solenidades-da-camara\/#webpage"},"articleSection":"Not\u00edcias Piracicaba"},{"@type":"BreadcrumbList","@id":"https:\/\/www.encontrapiracicaba.com.br\/sobre\/projeto-altera-solenidades-da-camara\/#breadcrumblist","itemListElement":[{"@type":"ListItem","@id":"https:\/\/www.encontrapiracicaba.com.br\/sobre#listItem","position":1,"name":"In\u00edcio","item":"https:\/\/www.encontrapiracicaba.com.br\/sobre","nextItem":{"@type":"ListItem","@id":"https:\/\/www.encontrapiracicaba.com.br\/sobre\/noticias-em-piracicaba\/#listItem","name":"Not\u00edcias Piracicaba"}},{"@type":"ListItem","@id":"https:\/\/www.encontrapiracicaba.com.br\/sobre\/noticias-em-piracicaba\/#listItem","position":2,"name":"Not\u00edcias Piracicaba","item":"https:\/\/www.encontrapiracicaba.com.br\/sobre\/noticias-em-piracicaba\/","nextItem":{"@type":"ListItem","@id":"https:\/\/www.encontrapiracicaba.com.br\/sobre\/projeto-altera-solenidades-da-camara\/#listItem","name":"Projeto altera solenidades da C\u00e2mara"},"previousItem":{"@type":"ListItem","@id":"https:\/\/www.encontrapiracicaba.com.br\/sobre#listItem","name":"In\u00edcio"}},{"@type":"ListItem","@id":"https:\/\/www.encontrapiracicaba.com.br\/sobre\/projeto-altera-solenidades-da-camara\/#listItem","position":3,"name":"Projeto altera solenidades da C\u00e2mara","previousItem":{"@type":"ListItem","@id":"https:\/\/www.encontrapiracicaba.com.br\/sobre\/noticias-em-piracicaba\/#listItem","name":"Not\u00edcias Piracicaba"}}]},{"@type":"Organization","@id":"https:\/\/www.encontrapiracicaba.com.br\/sobre\/#organization","name":"Encontra Piracicaba","description":"Not\u00edcias, eventos, informa\u00e7\u00f5es e dicas na cidade de Piracicaba e regi\u00e3o","url":"https:\/\/www.encontrapiracicaba.com.br\/sobre\/"},{"@type":"Person","@id":"https:\/\/www.encontrapiracicaba.com.br\/sobre\/author\/epiracicaba\/#author","url":"https:\/\/www.encontrapiracicaba.com.br\/sobre\/author\/epiracicaba\/","name":"Encontra Piracicaba","image":{"@type":"ImageObject","@id":"https:\/\/www.encontrapiracicaba.com.br\/sobre\/projeto-altera-solenidades-da-camara\/#authorImage","url":"https:\/\/secure.gravatar.com\/avatar\/507340682b8270222e1f208e23198b6ae7e2c6a1033ae84e99bc6bce4f82a387?s=96&d=mm&r=g","width":96,"height":96,"caption":"Encontra Piracicaba"}},{"@type":"WebPage","@id":"https:\/\/www.encontrapiracicaba.com.br\/sobre\/projeto-altera-solenidades-da-camara\/#webpage","url":"https:\/\/www.encontrapiracicaba.com.br\/sobre\/projeto-altera-solenidades-da-camara\/","name":"Projeto altera solenidades da C\u00e2mara | Encontra Piracicaba","inLanguage":"pt-BR","isPartOf":{"@id":"https:\/\/www.encontrapiracicaba.com.br\/sobre\/#website"},"breadcrumb":{"@id":"https:\/\/www.encontrapiracicaba.com.br\/sobre\/projeto-altera-solenidades-da-camara\/#breadcrumblist"},"author":{"@id":"https:\/\/www.encontrapiracicaba.com.br\/sobre\/author\/epiracicaba\/#author"},"creator":{"@id":"https:\/\/www.encontrapiracicaba.com.br\/sobre\/author\/epiracicaba\/#author"},"image":{"@type":"ImageObject","url":"https:\/\/www.encontrapiracicaba.com.br\/sobre\/wp-content\/uploads\/projeto-altera-solenidades-da-camara.webp","@id":"https:\/\/www.encontrapiracicaba.com.br\/sobre\/projeto-altera-solenidades-da-camara\/#mainImage","width":280,"height":280,"caption":"altera\u00e7\u00f5es nas solenidades da C\u00e2mara"},"primaryImageOfPage":{"@id":"https:\/\/www.encontrapiracicaba.com.br\/sobre\/projeto-altera-solenidades-da-camara\/#mainImage"},"datePublished":"2026-02-22T11:33:40-03:00","dateModified":"2026-02-22T11:33:40-03:00"},{"@type":"WebSite","@id":"https:\/\/www.encontrapiracicaba.com.br\/sobre\/#website","url":"https:\/\/www.encontrapiracicaba.com.br\/sobre\/","name":"Encontra Piracicaba","description":"Not\u00edcias, eventos, informa\u00e7\u00f5es e dicas na cidade de Piracicaba e regi\u00e3o","inLanguage":"pt-BR","publisher":{"@id":"https:\/\/www.encontrapiracicaba.com.br\/sobre\/#organization"}}]},"og:locale":"pt_BR","og:site_name":"Encontra Piracicaba | Not\u00edcias, eventos, informa\u00e7\u00f5es e dicas na cidade de Piracicaba e regi\u00e3o","og:type":"article","og:title":"Projeto altera solenidades da C\u00e2mara | Encontra Piracicaba","og:url":"https:\/\/www.encontrapiracicaba.com.br\/sobre\/projeto-altera-solenidades-da-camara\/","article:published_time":"2026-02-22T14:33:40+00:00","article:modified_time":"2026-02-22T14:33:40+00:00","twitter:card":"summary","twitter:title":"Projeto altera solenidades da C\u00e2mara | Encontra Piracicaba"},"aioseo_meta_data":{"post_id":"4204","title":null,"description":null,"keywords":null,"keyphrases":null,"primary_term":null,"canonical_url":null,"og_title":null,"og_description":null,"og_object_type":"default","og_image_type":"default","og_image_url":null,"og_image_width":null,"og_image_height":null,"og_image_custom_url":null,"og_image_custom_fields":null,"og_video":null,"og_custom_url":null,"og_article_section":null,"og_article_tags":null,"twitter_use_og":false,"twitter_card":"default","twitter_image_type":"default","twitter_image_url":null,"twitter_image_custom_url":null,"twitter_image_custom_fields":null,"twitter_title":null,"twitter_description":null,"schema":{"blockGraphs":[],"customGraphs":[],"default":{"data":{"Article":[],"Course":[],"Dataset":[],"FAQPage":[],"Movie":[],"Person":[],"Product":[],"ProductReview":[],"Car":[],"Recipe":[],"Service":[],"SoftwareApplication":[],"WebPage":[]},"graphName":"Article","isEnabled":true},"graphs":[]},"schema_type":"default","schema_type_options":null,"pillar_content":false,"robots_default":true,"robots_noindex":false,"robots_noarchive":false,"robots_nosnippet":false,"robots_nofollow":false,"robots_noimageindex":false,"robots_noodp":false,"robots_notranslate":false,"robots_max_snippet":null,"robots_max_videopreview":null,"robots_max_imagepreview":"large","priority":null,"frequency":null,"local_seo":null,"breadcrumb_settings":null,"limit_modified_date":false,"ai":null,"created":"2026-02-22 14:33:45","updated":"2026-02-22 14:37:25","focus_keyword":null,"additional_keywords":null,"truseo_locale":null,"seo_analyzer_scan_date":null},"aioseo_breadcrumb":"<div class=\"aioseo-breadcrumbs\"><span class=\"aioseo-breadcrumb\">\n\t\t\t<a href=\"https:\/\/www.encontrapiracicaba.com.br\/sobre\" title=\"In\u00edcio\">In\u00edcio<\/a>\n\t\t<\/span><span class=\"aioseo-breadcrumb-separator\">&raquo;<\/span><span class=\"aioseo-breadcrumb\">\n\t\t\t<a href=\"https:\/\/www.encontrapiracicaba.com.br\/sobre\/noticias-em-piracicaba\/\" title=\"Not\u00edcias Piracicaba\">Not\u00edcias Piracicaba<\/a>\n\t\t<\/span><span class=\"aioseo-breadcrumb-separator\">&raquo;<\/span><span class=\"aioseo-breadcrumb\">\n\t\t\tProjeto altera solenidades da C\u00e2mara\n\t\t<\/span><\/div>","aioseo_breadcrumb_json":[{"label":"In\u00edcio","link":"https:\/\/www.encontrapiracicaba.com.br\/sobre"},{"label":"Not\u00edcias Piracicaba","link":"https:\/\/www.encontrapiracicaba.com.br\/sobre\/noticias-em-piracicaba\/"},{"label":"Projeto altera solenidades da C\u00e2mara","link":"https:\/\/www.encontrapiracicaba.com.br\/sobre\/projeto-altera-solenidades-da-camara\/"}],"_links":{"self":[{"href":"https:\/\/www.encontrapiracicaba.com.br\/sobre\/wp-json\/wp\/v2\/posts\/4204","targetHints":{"allow":["GET"]}}],"collection":[{"href":"https:\/\/www.encontrapiracicaba.com.br\/sobre\/wp-json\/wp\/v2\/posts"}],"about":[{"href":"https:\/\/www.encontrapiracicaba.com.br\/sobre\/wp-json\/wp\/v2\/types\/post"}],"author":[{"embeddable":true,"href":"https:\/\/www.encontrapiracicaba.com.br\/sobre\/wp-json\/wp\/v2\/users\/1"}],"replies":[{"embeddable":true,"href":"https:\/\/www.encontrapiracicaba.com.br\/sobre\/wp-json\/wp\/v2\/comments?post=4204"}],"version-history":[{"count":0,"href":"https:\/\/www.encontrapiracicaba.com.br\/sobre\/wp-json\/wp\/v2\/posts\/4204\/revisions"}],"wp:featuredmedia":[{"embeddable":true,"href":"https:\/\/www.encontrapiracicaba.com.br\/sobre\/wp-json\/wp\/v2\/media\/4203"}],"wp:attachment":[{"href":"https:\/\/www.encontrapiracicaba.com.br\/sobre\/wp-json\/wp\/v2\/media?parent=4204"}],"wp:term":[{"taxonomy":"category","embeddable":true,"href":"https:\/\/www.encontrapiracicaba.com.br\/sobre\/wp-json\/wp\/v2\/categories?post=4204"},{"taxonomy":"post_tag","embeddable":true,"href":"https:\/\/www.encontrapiracicaba.com.br\/sobre\/wp-json\/wp\/v2\/tags?post=4204"}],"curies":[{"name":"wp","href":"https:\/\/api.w.org\/{rel}","templated":true}]}}