{"id":4230,"date":"2026-02-28T11:41:16","date_gmt":"2026-02-28T14:41:16","guid":{"rendered":"https:\/\/www.encontrapiracicaba.com.br\/sobre\/com-apoio-da-prefeitura-8a-edicao-do-passeio-a-remo-acontece-sabado-28-02-no-rio-piracicaba\/"},"modified":"2026-02-28T11:41:16","modified_gmt":"2026-02-28T14:41:16","slug":"com-apoio-da-prefeitura-8a-edicao-do-passeio-a-remo-acontece-sabado-28-02-no-rio-piracicaba","status":"publish","type":"post","link":"https:\/\/www.encontrapiracicaba.com.br\/sobre\/com-apoio-da-prefeitura-8a-edicao-do-passeio-a-remo-acontece-sabado-28-02-no-rio-piracicaba\/","title":{"rendered":"Com apoio da Prefeitura, 8\u00aa edi\u00e7\u00e3o do Passeio a Remo acontece s\u00e1bado, 28\/02, no rio Piracicaba"},"content":{"rendered":"<div class=\"85df007ed5c0c4d4b453fd13a37855e8\" data-index=\"1\" style=\"float: none; margin:0px;\">\n<!-- Anuncio display - global -->\r\n<ins class=\"adsbygoogle\"\r\n     style=\"display:block\"\r\n     data-ad-client=\"ca-pub-8585364105181520\"\r\n     data-ad-slot=\"8789329856\"\r\n     data-ad-format=\"auto\"\r\n     data-full-width-responsive=\"true\"><\/ins>\r\n<script>\r\n     (adsbygoogle = window.adsbygoogle || []).push({});\r\n<\/script>\n<\/div>\n<h2>O que \u00e9 o Passeio a Remo?<\/h2>\n<p>O Passeio a Remo \u00e9 um evento anual criado para promover a canoagem no Rio Piracicaba. Realizado pela 8\u00aa vez em 2026, este evento busca registrar um feito significativo ao tentar estabelecer um novo recorde no Guinness World Records como o maior desfile de caiaques do mundo, reunindo mais de 1.100 embarca\u00e7\u00f5es.<\/p>\n<h2>Por que participar deste evento?<\/h2>\n<p>Participar do Passeio a Remo oferece uma oportunidade \u00fanica para celebrar a pr\u00e1tica da canoagem e aumentar a conscientiza\u00e7\u00e3o sobre a preserva\u00e7\u00e3o ambiental. \u00c9 um momento de uni\u00e3o entre amigos, fam\u00edlias e atletas, al\u00e9m de ter um forte apelo tur\u00edstico. A iniciativa estimula a valoriza\u00e7\u00e3o do rio, promovendo a sa\u00fade, bem-estar e divers\u00e3o, enquanto se aprecia as belezas naturais da regi\u00e3o.<\/p>\n<h2>Como se inscrever para o passeio?<\/h2>\n<p>Os interessados em participar do Passeio a Remo devem se inscrever exclusivamente atrav\u00e9s do site oficial, <a href=\"http:\/\/www.remopiracicaba.com.br\">www.remopiracicaba.com.br<\/a>, at\u00e9 a sexta-feira anterior ao evento, 27\/02. Essa inscri\u00e7\u00e3o \u00e9 crucial para organizar o evento e garantir a seguran\u00e7a de todos os participantes.<\/p>\n<p><img decoding=\"async\" src=\"https:\/\/www.encontrapiracicaba.com.br\/sobre\/wp-content\/uploads\/com-apoio-da-prefeitura-8-edicao-do-passeio-a-remo-acontece-sabado-28-02-no-rio-piracicaba.webp\" alt=\"Passeio a Remo\" loading=\"lazy\" \/><\/p>\n<h2>Expectativa para o recorde mundial<\/h2>\n<p>Os organizadores esperam superar o atual recorde de 1.105 participantes, que foi estabelecido em anos anteriores. Com as a\u00e7\u00f5es de promo\u00e7\u00e3o e engajamento, a expectativa \u00e9 que a edi\u00e7\u00e3o deste ano atraia um n\u00famero significativo de cano\u00edstas de diversas cidades, colocando Piracicaba em destaque no cen\u00e1rio nacional e internacional da canoagem.<\/p>\n<h2>Import\u00e2ncia da preserva\u00e7\u00e3o do Rio Piracicaba<\/h2>\n<p>O Rio Piracicaba n\u00e3o \u00e9 apenas um belo cart\u00e3o-postal; ele desempenha um papel fundamental no ecossistema local e na vida dos habitantes. A preserva\u00e7\u00e3o deste recurso h\u00eddrico \u00e9 vital para garantir a qualidade da \u00e1gua consumida e o bem-estar da fauna e flora locais. Durante o evento, ser\u00e3o realizadas campanhas educativas sobre a import\u00e2ncia de cuidar e proteger os rios, conscientizando os participantes sobre pr\u00e1ticas sustent\u00e1veis.<\/p>\n<h2>Atividades durante o Passeio a Remo<\/h2>\n<p>O evento contar\u00e1 com uma s\u00e9rie de atividades al\u00e9m da pr\u00e1tica de remo. Isso inclui:<\/p>\n<ul>\n<li>Orienta\u00e7\u00f5es sobre a preserva\u00e7\u00e3o do meio ambiente;<\/li>\n<li>Atividades educativas realizadas pelo Semae sobre gest\u00e3o de \u00e1gua;<\/li>\n<li>Exibi\u00e7\u00f5es culturais e musicais;<\/li>\n<li>Espa\u00e7os para crian\u00e7as e fam\u00edlias;<\/li>\n<li>Food trucks com op\u00e7\u00f5es diversas de alimenta\u00e7\u00e3o.<\/li>\n<\/ul>\n<h2>Apoiadores e organizadores do evento<\/h2>\n<p>O Passeio a Remo \u00e9 coordenado pelo Remo Piracicaba, com a colabora\u00e7\u00e3o da Ascapi (Associa\u00e7\u00e3o de Canoagem de Piracicaba). Este ano, o evento conta com o aval da Confedera\u00e7\u00e3o Brasileira de Canoagem (CBCa) e recebe o suporte da Prefeitura, atrav\u00e9s das secretarias de Turismo, Cultura e Esportes, Lazer e Atividades Motoras, al\u00e9m do Semae, que fornece orienta\u00e7\u00f5es sobre a preserva\u00e7\u00e3o do recurso h\u00eddrico.<\/p>\n<h2>Informa\u00e7\u00f5es sobre seguran\u00e7a no passeio<\/h2>\n<p>A seguran\u00e7a dos participantes \u00e9 uma prioridade. O uso de coletes salva-vidas \u00e9 obrigat\u00f3rio durante toda a atividade. Haver\u00e1 apoio de equipes de resgate, incluindo ambul\u00e2ncia e suporte do Corpo de Bombeiros, para garantir uma experi\u00eancia segura para todos. O percurso do passeio ser\u00e1 supervisionado por barcos de apoio, proporcionando assist\u00eancia imediata \u00e0s embarca\u00e7\u00f5es e participantes.<\/p>\n<h2>O papel do Semae no evento<\/h2>\n<p>O Semae desempenha um papel crucial durante o Passeio a Remo, oferecendo informa\u00e7\u00f5es relevantes sobre a preserva\u00e7\u00e3o e import\u00e2ncia dos recursos h\u00eddricos. Durante o evento, haver\u00e1 uma equipe dispon\u00edvel para esclarecer d\u00favidas sobre o abastecimento de \u00e1gua, tratamento e uso racional da \u00e1gua, al\u00e9m de promover o Programa de Regulariza\u00e7\u00e3o Fiscal (Refis). O objetivo \u00e9 conectar a pr\u00e1tica esportiva \u00e0 consci\u00eancia ambiental.<\/p>\n<h2>Depoimentos de participantes anteriores<\/h2>\n<p>Os relatos de quem j\u00e1 participou do Passeio a Remo destacam a experi\u00eancia \u00fanica de estar em contato direto com a natureza e outros praticantes. Muitos mencionam a sensa\u00e7\u00e3o de unidade e o esp\u00edrito comunit\u00e1rio que o evento proporciona. A alegria de remar ao lado de milhares de pessoas em um ambiente t\u00e3o bonito \u00e9 frequentemente comentada, assim como a satisfa\u00e7\u00e3o de contribuir para a preserva\u00e7\u00e3o do rio e para a promo\u00e7\u00e3o de uma causa importante.<\/p>\n\n<div style=\"font-size: 0px; height: 0px; line-height: 0px; margin: 0; padding: 0; clear: both;\"><\/div>","protected":false},"excerpt":{"rendered":"<p>Descubra como o Passeio a Remo pode ser o maior desfile de caiaques do mundo.<\/p>\n","protected":false},"author":1,"featured_media":4229,"comment_status":"closed","ping_status":"closed","sticky":false,"template":"","format":"standard","meta":{"footnotes":""},"categories":[6],"tags":[],"class_list":["post-4230","post","type-post","status-publish","format-standard","has-post-thumbnail","hentry","category-noticias-em-piracicaba","has_thumb"],"aioseo_notices":[],"aioseo_head":"\n\t\t<!-- All in One SEO 5.0.0.1 - aioseo.com -->\n\t<meta name=\"robots\" content=\"max-image-preview:large\" \/>\n\t<meta name=\"author\" content=\"Encontra Piracicaba\"\/>\n\t<link rel=\"canonical\" href=\"https:\/\/www.encontrapiracicaba.com.br\/sobre\/com-apoio-da-prefeitura-8a-edicao-do-passeio-a-remo-acontece-sabado-28-02-no-rio-piracicaba\/\" \/>\n\t<meta name=\"generator\" content=\"All in One SEO (AIOSEO) 5.0.0.1\" \/>\n\t\t<meta property=\"og:locale\" content=\"pt_BR\" \/>\n\t\t<meta property=\"og:site_name\" content=\"Encontra Piracicaba | Not\u00edcias, eventos, informa\u00e7\u00f5es e dicas na cidade de Piracicaba e regi\u00e3o\" \/>\n\t\t<meta property=\"og:type\" content=\"article\" \/>\n\t\t<meta property=\"og:title\" content=\"Com apoio da Prefeitura, 8\u00aa edi\u00e7\u00e3o do Passeio a Remo acontece s\u00e1bado, 28\/02, no rio Piracicaba | Encontra Piracicaba\" \/>\n\t\t<meta property=\"og:url\" content=\"https:\/\/www.encontrapiracicaba.com.br\/sobre\/com-apoio-da-prefeitura-8a-edicao-do-passeio-a-remo-acontece-sabado-28-02-no-rio-piracicaba\/\" \/>\n\t\t<meta property=\"article:published_time\" content=\"2026-02-28T14:41:16+00:00\" \/>\n\t\t<meta property=\"article:modified_time\" content=\"2026-02-28T14:41:16+00:00\" \/>\n\t\t<meta name=\"twitter:card\" content=\"summary\" \/>\n\t\t<meta name=\"twitter:title\" content=\"Com apoio da Prefeitura, 8\u00aa edi\u00e7\u00e3o do Passeio a Remo acontece s\u00e1bado, 28\/02, no rio Piracicaba | Encontra Piracicaba\" \/>\n\t\t<script type=\"application\/ld+json\" class=\"aioseo-schema\">\n\t\t\t{\"@context\":\"https:\\\/\\\/schema.org\",\"@graph\":[{\"@type\":\"Article\",\"@id\":\"https:\\\/\\\/www.encontrapiracicaba.com.br\\\/sobre\\\/com-apoio-da-prefeitura-8a-edicao-do-passeio-a-remo-acontece-sabado-28-02-no-rio-piracicaba\\\/#article\",\"name\":\"Com apoio da Prefeitura, 8\\u00aa edi\\u00e7\\u00e3o do Passeio a Remo acontece s\\u00e1bado, 28\\\/02, no rio Piracicaba | Encontra Piracicaba\",\"headline\":\"Com apoio da Prefeitura, 8\\u00aa edi\\u00e7\\u00e3o do Passeio a Remo acontece s\\u00e1bado, 28\\\/02, no rio Piracicaba\",\"author\":{\"@id\":\"https:\\\/\\\/www.encontrapiracicaba.com.br\\\/sobre\\\/author\\\/epiracicaba\\\/#author\"},\"publisher\":{\"@id\":\"https:\\\/\\\/www.encontrapiracicaba.com.br\\\/sobre\\\/#organization\"},\"image\":{\"@type\":\"ImageObject\",\"url\":\"https:\\\/\\\/www.encontrapiracicaba.com.br\\\/sobre\\\/wp-content\\\/uploads\\\/com-apoio-da-prefeitura-8-edicao-do-passeio-a-remo-acontece-sabado-28-02-no-rio-piracicaba.webp\",\"width\":280,\"height\":280,\"caption\":\"Passeio a Remo\"},\"datePublished\":\"2026-02-28T11:41:16-03:00\",\"dateModified\":\"2026-02-28T11:41:16-03:00\",\"inLanguage\":\"pt-BR\",\"mainEntityOfPage\":{\"@id\":\"https:\\\/\\\/www.encontrapiracicaba.com.br\\\/sobre\\\/com-apoio-da-prefeitura-8a-edicao-do-passeio-a-remo-acontece-sabado-28-02-no-rio-piracicaba\\\/#webpage\"},\"isPartOf\":{\"@id\":\"https:\\\/\\\/www.encontrapiracicaba.com.br\\\/sobre\\\/com-apoio-da-prefeitura-8a-edicao-do-passeio-a-remo-acontece-sabado-28-02-no-rio-piracicaba\\\/#webpage\"},\"articleSection\":\"Not\\u00edcias Piracicaba\"},{\"@type\":\"BreadcrumbList\",\"@id\":\"https:\\\/\\\/www.encontrapiracicaba.com.br\\\/sobre\\\/com-apoio-da-prefeitura-8a-edicao-do-passeio-a-remo-acontece-sabado-28-02-no-rio-piracicaba\\\/#breadcrumblist\",\"itemListElement\":[{\"@type\":\"ListItem\",\"@id\":\"https:\\\/\\\/www.encontrapiracicaba.com.br\\\/sobre#listItem\",\"position\":1,\"name\":\"In\\u00edcio\",\"item\":\"https:\\\/\\\/www.encontrapiracicaba.com.br\\\/sobre\",\"nextItem\":{\"@type\":\"ListItem\",\"@id\":\"https:\\\/\\\/www.encontrapiracicaba.com.br\\\/sobre\\\/noticias-em-piracicaba\\\/#listItem\",\"name\":\"Not\\u00edcias Piracicaba\"}},{\"@type\":\"ListItem\",\"@id\":\"https:\\\/\\\/www.encontrapiracicaba.com.br\\\/sobre\\\/noticias-em-piracicaba\\\/#listItem\",\"position\":2,\"name\":\"Not\\u00edcias Piracicaba\",\"item\":\"https:\\\/\\\/www.encontrapiracicaba.com.br\\\/sobre\\\/noticias-em-piracicaba\\\/\",\"nextItem\":{\"@type\":\"ListItem\",\"@id\":\"https:\\\/\\\/www.encontrapiracicaba.com.br\\\/sobre\\\/com-apoio-da-prefeitura-8a-edicao-do-passeio-a-remo-acontece-sabado-28-02-no-rio-piracicaba\\\/#listItem\",\"name\":\"Com apoio da Prefeitura, 8\\u00aa edi\\u00e7\\u00e3o do Passeio a Remo acontece s\\u00e1bado, 28\\\/02, no rio Piracicaba\"},\"previousItem\":{\"@type\":\"ListItem\",\"@id\":\"https:\\\/\\\/www.encontrapiracicaba.com.br\\\/sobre#listItem\",\"name\":\"In\\u00edcio\"}},{\"@type\":\"ListItem\",\"@id\":\"https:\\\/\\\/www.encontrapiracicaba.com.br\\\/sobre\\\/com-apoio-da-prefeitura-8a-edicao-do-passeio-a-remo-acontece-sabado-28-02-no-rio-piracicaba\\\/#listItem\",\"position\":3,\"name\":\"Com apoio da Prefeitura, 8\\u00aa edi\\u00e7\\u00e3o do Passeio a Remo acontece s\\u00e1bado, 28\\\/02, no rio Piracicaba\",\"previousItem\":{\"@type\":\"ListItem\",\"@id\":\"https:\\\/\\\/www.encontrapiracicaba.com.br\\\/sobre\\\/noticias-em-piracicaba\\\/#listItem\",\"name\":\"Not\\u00edcias Piracicaba\"}}]},{\"@type\":\"Organization\",\"@id\":\"https:\\\/\\\/www.encontrapiracicaba.com.br\\\/sobre\\\/#organization\",\"name\":\"Encontra Piracicaba\",\"description\":\"Not\\u00edcias, eventos, informa\\u00e7\\u00f5es e dicas na cidade de Piracicaba e regi\\u00e3o\",\"url\":\"https:\\\/\\\/www.encontrapiracicaba.com.br\\\/sobre\\\/\"},{\"@type\":\"Person\",\"@id\":\"https:\\\/\\\/www.encontrapiracicaba.com.br\\\/sobre\\\/author\\\/epiracicaba\\\/#author\",\"url\":\"https:\\\/\\\/www.encontrapiracicaba.com.br\\\/sobre\\\/author\\\/epiracicaba\\\/\",\"name\":\"Encontra Piracicaba\",\"image\":{\"@type\":\"ImageObject\",\"@id\":\"https:\\\/\\\/www.encontrapiracicaba.com.br\\\/sobre\\\/com-apoio-da-prefeitura-8a-edicao-do-passeio-a-remo-acontece-sabado-28-02-no-rio-piracicaba\\\/#authorImage\",\"url\":\"https:\\\/\\\/secure.gravatar.com\\\/avatar\\\/507340682b8270222e1f208e23198b6ae7e2c6a1033ae84e99bc6bce4f82a387?s=96&d=mm&r=g\",\"width\":96,\"height\":96,\"caption\":\"Encontra Piracicaba\"}},{\"@type\":\"WebPage\",\"@id\":\"https:\\\/\\\/www.encontrapiracicaba.com.br\\\/sobre\\\/com-apoio-da-prefeitura-8a-edicao-do-passeio-a-remo-acontece-sabado-28-02-no-rio-piracicaba\\\/#webpage\",\"url\":\"https:\\\/\\\/www.encontrapiracicaba.com.br\\\/sobre\\\/com-apoio-da-prefeitura-8a-edicao-do-passeio-a-remo-acontece-sabado-28-02-no-rio-piracicaba\\\/\",\"name\":\"Com apoio da Prefeitura, 8\\u00aa edi\\u00e7\\u00e3o do Passeio a Remo acontece s\\u00e1bado, 28\\\/02, no rio Piracicaba | Encontra Piracicaba\",\"inLanguage\":\"pt-BR\",\"isPartOf\":{\"@id\":\"https:\\\/\\\/www.encontrapiracicaba.com.br\\\/sobre\\\/#website\"},\"breadcrumb\":{\"@id\":\"https:\\\/\\\/www.encontrapiracicaba.com.br\\\/sobre\\\/com-apoio-da-prefeitura-8a-edicao-do-passeio-a-remo-acontece-sabado-28-02-no-rio-piracicaba\\\/#breadcrumblist\"},\"author\":{\"@id\":\"https:\\\/\\\/www.encontrapiracicaba.com.br\\\/sobre\\\/author\\\/epiracicaba\\\/#author\"},\"creator\":{\"@id\":\"https:\\\/\\\/www.encontrapiracicaba.com.br\\\/sobre\\\/author\\\/epiracicaba\\\/#author\"},\"image\":{\"@type\":\"ImageObject\",\"url\":\"https:\\\/\\\/www.encontrapiracicaba.com.br\\\/sobre\\\/wp-content\\\/uploads\\\/com-apoio-da-prefeitura-8-edicao-do-passeio-a-remo-acontece-sabado-28-02-no-rio-piracicaba.webp\",\"@id\":\"https:\\\/\\\/www.encontrapiracicaba.com.br\\\/sobre\\\/com-apoio-da-prefeitura-8a-edicao-do-passeio-a-remo-acontece-sabado-28-02-no-rio-piracicaba\\\/#mainImage\",\"width\":280,\"height\":280,\"caption\":\"Passeio a Remo\"},\"primaryImageOfPage\":{\"@id\":\"https:\\\/\\\/www.encontrapiracicaba.com.br\\\/sobre\\\/com-apoio-da-prefeitura-8a-edicao-do-passeio-a-remo-acontece-sabado-28-02-no-rio-piracicaba\\\/#mainImage\"},\"datePublished\":\"2026-02-28T11:41:16-03:00\",\"dateModified\":\"2026-02-28T11:41:16-03:00\"},{\"@type\":\"WebSite\",\"@id\":\"https:\\\/\\\/www.encontrapiracicaba.com.br\\\/sobre\\\/#website\",\"url\":\"https:\\\/\\\/www.encontrapiracicaba.com.br\\\/sobre\\\/\",\"name\":\"Encontra Piracicaba\",\"description\":\"Not\\u00edcias, eventos, informa\\u00e7\\u00f5es e dicas na cidade de Piracicaba e regi\\u00e3o\",\"inLanguage\":\"pt-BR\",\"publisher\":{\"@id\":\"https:\\\/\\\/www.encontrapiracicaba.com.br\\\/sobre\\\/#organization\"}}]}\n\t\t<\/script>\n\t\t<!-- All in One SEO -->\n\n","aioseo_head_json":{"title":"Com apoio da Prefeitura, 8\u00aa edi\u00e7\u00e3o do Passeio a Remo acontece s\u00e1bado, 28\/02, no rio Piracicaba | Encontra Piracicaba","description":"","canonical_url":"https:\/\/www.encontrapiracicaba.com.br\/sobre\/com-apoio-da-prefeitura-8a-edicao-do-passeio-a-remo-acontece-sabado-28-02-no-rio-piracicaba\/","robots":"max-image-preview:large","keywords":"","webmasterTools":{"miscellaneous":""},"schema":{"@context":"https:\/\/schema.org","@graph":[{"@type":"Article","@id":"https:\/\/www.encontrapiracicaba.com.br\/sobre\/com-apoio-da-prefeitura-8a-edicao-do-passeio-a-remo-acontece-sabado-28-02-no-rio-piracicaba\/#article","name":"Com apoio da Prefeitura, 8\u00aa edi\u00e7\u00e3o do Passeio a Remo acontece s\u00e1bado, 28\/02, no rio Piracicaba | Encontra Piracicaba","headline":"Com apoio da Prefeitura, 8\u00aa edi\u00e7\u00e3o do Passeio a Remo acontece s\u00e1bado, 28\/02, no rio Piracicaba","author":{"@id":"https:\/\/www.encontrapiracicaba.com.br\/sobre\/author\/epiracicaba\/#author"},"publisher":{"@id":"https:\/\/www.encontrapiracicaba.com.br\/sobre\/#organization"},"image":{"@type":"ImageObject","url":"https:\/\/www.encontrapiracicaba.com.br\/sobre\/wp-content\/uploads\/com-apoio-da-prefeitura-8-edicao-do-passeio-a-remo-acontece-sabado-28-02-no-rio-piracicaba.webp","width":280,"height":280,"caption":"Passeio a Remo"},"datePublished":"2026-02-28T11:41:16-03:00","dateModified":"2026-02-28T11:41:16-03:00","inLanguage":"pt-BR","mainEntityOfPage":{"@id":"https:\/\/www.encontrapiracicaba.com.br\/sobre\/com-apoio-da-prefeitura-8a-edicao-do-passeio-a-remo-acontece-sabado-28-02-no-rio-piracicaba\/#webpage"},"isPartOf":{"@id":"https:\/\/www.encontrapiracicaba.com.br\/sobre\/com-apoio-da-prefeitura-8a-edicao-do-passeio-a-remo-acontece-sabado-28-02-no-rio-piracicaba\/#webpage"},"articleSection":"Not\u00edcias Piracicaba"},{"@type":"BreadcrumbList","@id":"https:\/\/www.encontrapiracicaba.com.br\/sobre\/com-apoio-da-prefeitura-8a-edicao-do-passeio-a-remo-acontece-sabado-28-02-no-rio-piracicaba\/#breadcrumblist","itemListElement":[{"@type":"ListItem","@id":"https:\/\/www.encontrapiracicaba.com.br\/sobre#listItem","position":1,"name":"In\u00edcio","item":"https:\/\/www.encontrapiracicaba.com.br\/sobre","nextItem":{"@type":"ListItem","@id":"https:\/\/www.encontrapiracicaba.com.br\/sobre\/noticias-em-piracicaba\/#listItem","name":"Not\u00edcias Piracicaba"}},{"@type":"ListItem","@id":"https:\/\/www.encontrapiracicaba.com.br\/sobre\/noticias-em-piracicaba\/#listItem","position":2,"name":"Not\u00edcias Piracicaba","item":"https:\/\/www.encontrapiracicaba.com.br\/sobre\/noticias-em-piracicaba\/","nextItem":{"@type":"ListItem","@id":"https:\/\/www.encontrapiracicaba.com.br\/sobre\/com-apoio-da-prefeitura-8a-edicao-do-passeio-a-remo-acontece-sabado-28-02-no-rio-piracicaba\/#listItem","name":"Com apoio da Prefeitura, 8\u00aa edi\u00e7\u00e3o do Passeio a Remo acontece s\u00e1bado, 28\/02, no rio Piracicaba"},"previousItem":{"@type":"ListItem","@id":"https:\/\/www.encontrapiracicaba.com.br\/sobre#listItem","name":"In\u00edcio"}},{"@type":"ListItem","@id":"https:\/\/www.encontrapiracicaba.com.br\/sobre\/com-apoio-da-prefeitura-8a-edicao-do-passeio-a-remo-acontece-sabado-28-02-no-rio-piracicaba\/#listItem","position":3,"name":"Com apoio da Prefeitura, 8\u00aa edi\u00e7\u00e3o do Passeio a Remo acontece s\u00e1bado, 28\/02, no rio Piracicaba","previousItem":{"@type":"ListItem","@id":"https:\/\/www.encontrapiracicaba.com.br\/sobre\/noticias-em-piracicaba\/#listItem","name":"Not\u00edcias Piracicaba"}}]},{"@type":"Organization","@id":"https:\/\/www.encontrapiracicaba.com.br\/sobre\/#organization","name":"Encontra Piracicaba","description":"Not\u00edcias, eventos, informa\u00e7\u00f5es e dicas na cidade de Piracicaba e regi\u00e3o","url":"https:\/\/www.encontrapiracicaba.com.br\/sobre\/"},{"@type":"Person","@id":"https:\/\/www.encontrapiracicaba.com.br\/sobre\/author\/epiracicaba\/#author","url":"https:\/\/www.encontrapiracicaba.com.br\/sobre\/author\/epiracicaba\/","name":"Encontra Piracicaba","image":{"@type":"ImageObject","@id":"https:\/\/www.encontrapiracicaba.com.br\/sobre\/com-apoio-da-prefeitura-8a-edicao-do-passeio-a-remo-acontece-sabado-28-02-no-rio-piracicaba\/#authorImage","url":"https:\/\/secure.gravatar.com\/avatar\/507340682b8270222e1f208e23198b6ae7e2c6a1033ae84e99bc6bce4f82a387?s=96&d=mm&r=g","width":96,"height":96,"caption":"Encontra Piracicaba"}},{"@type":"WebPage","@id":"https:\/\/www.encontrapiracicaba.com.br\/sobre\/com-apoio-da-prefeitura-8a-edicao-do-passeio-a-remo-acontece-sabado-28-02-no-rio-piracicaba\/#webpage","url":"https:\/\/www.encontrapiracicaba.com.br\/sobre\/com-apoio-da-prefeitura-8a-edicao-do-passeio-a-remo-acontece-sabado-28-02-no-rio-piracicaba\/","name":"Com apoio da Prefeitura, 8\u00aa edi\u00e7\u00e3o do Passeio a Remo acontece s\u00e1bado, 28\/02, no rio Piracicaba | Encontra Piracicaba","inLanguage":"pt-BR","isPartOf":{"@id":"https:\/\/www.encontrapiracicaba.com.br\/sobre\/#website"},"breadcrumb":{"@id":"https:\/\/www.encontrapiracicaba.com.br\/sobre\/com-apoio-da-prefeitura-8a-edicao-do-passeio-a-remo-acontece-sabado-28-02-no-rio-piracicaba\/#breadcrumblist"},"author":{"@id":"https:\/\/www.encontrapiracicaba.com.br\/sobre\/author\/epiracicaba\/#author"},"creator":{"@id":"https:\/\/www.encontrapiracicaba.com.br\/sobre\/author\/epiracicaba\/#author"},"image":{"@type":"ImageObject","url":"https:\/\/www.encontrapiracicaba.com.br\/sobre\/wp-content\/uploads\/com-apoio-da-prefeitura-8-edicao-do-passeio-a-remo-acontece-sabado-28-02-no-rio-piracicaba.webp","@id":"https:\/\/www.encontrapiracicaba.com.br\/sobre\/com-apoio-da-prefeitura-8a-edicao-do-passeio-a-remo-acontece-sabado-28-02-no-rio-piracicaba\/#mainImage","width":280,"height":280,"caption":"Passeio a Remo"},"primaryImageOfPage":{"@id":"https:\/\/www.encontrapiracicaba.com.br\/sobre\/com-apoio-da-prefeitura-8a-edicao-do-passeio-a-remo-acontece-sabado-28-02-no-rio-piracicaba\/#mainImage"},"datePublished":"2026-02-28T11:41:16-03:00","dateModified":"2026-02-28T11:41:16-03:00"},{"@type":"WebSite","@id":"https:\/\/www.encontrapiracicaba.com.br\/sobre\/#website","url":"https:\/\/www.encontrapiracicaba.com.br\/sobre\/","name":"Encontra Piracicaba","description":"Not\u00edcias, eventos, informa\u00e7\u00f5es e dicas na cidade de Piracicaba e regi\u00e3o","inLanguage":"pt-BR","publisher":{"@id":"https:\/\/www.encontrapiracicaba.com.br\/sobre\/#organization"}}]},"og:locale":"pt_BR","og:site_name":"Encontra Piracicaba | Not\u00edcias, eventos, informa\u00e7\u00f5es e dicas na cidade de Piracicaba e regi\u00e3o","og:type":"article","og:title":"Com apoio da Prefeitura, 8\u00aa edi\u00e7\u00e3o do Passeio a Remo acontece s\u00e1bado, 28\/02, no rio Piracicaba | Encontra Piracicaba","og:url":"https:\/\/www.encontrapiracicaba.com.br\/sobre\/com-apoio-da-prefeitura-8a-edicao-do-passeio-a-remo-acontece-sabado-28-02-no-rio-piracicaba\/","article:published_time":"2026-02-28T14:41:16+00:00","article:modified_time":"2026-02-28T14:41:16+00:00","twitter:card":"summary","twitter:title":"Com apoio da Prefeitura, 8\u00aa edi\u00e7\u00e3o do Passeio a Remo acontece s\u00e1bado, 28\/02, no rio Piracicaba | Encontra Piracicaba"},"aioseo_meta_data":{"post_id":"4230","title":null,"description":null,"keywords":null,"keyphrases":null,"primary_term":null,"canonical_url":null,"og_title":null,"og_description":null,"og_object_type":"default","og_image_type":"default","og_image_url":null,"og_image_width":null,"og_image_height":null,"og_image_custom_url":null,"og_image_custom_fields":null,"og_video":null,"og_custom_url":null,"og_article_section":null,"og_article_tags":null,"twitter_use_og":false,"twitter_card":"default","twitter_image_type":"default","twitter_image_url":null,"twitter_image_custom_url":null,"twitter_image_custom_fields":null,"twitter_title":null,"twitter_description":null,"schema":{"blockGraphs":[],"customGraphs":[],"default":{"data":{"Article":[],"Course":[],"Dataset":[],"FAQPage":[],"Movie":[],"Person":[],"Product":[],"ProductReview":[],"Car":[],"Recipe":[],"Service":[],"SoftwareApplication":[],"WebPage":[]},"graphName":"Article","isEnabled":true},"graphs":[]},"schema_type":"default","schema_type_options":null,"pillar_content":false,"robots_default":true,"robots_noindex":false,"robots_noarchive":false,"robots_nosnippet":false,"robots_nofollow":false,"robots_noimageindex":false,"robots_noodp":false,"robots_notranslate":false,"robots_max_snippet":null,"robots_max_videopreview":null,"robots_max_imagepreview":"large","priority":null,"frequency":null,"local_seo":null,"breadcrumb_settings":null,"limit_modified_date":false,"ai":null,"created":"2026-02-28 14:41:20","updated":"2026-02-28 14:51:47","focus_keyword":null,"additional_keywords":null,"truseo_locale":null,"seo_analyzer_scan_date":null},"aioseo_breadcrumb":"<div class=\"aioseo-breadcrumbs\"><span class=\"aioseo-breadcrumb\">\n\t\t\t<a href=\"https:\/\/www.encontrapiracicaba.com.br\/sobre\" title=\"In\u00edcio\">In\u00edcio<\/a>\n\t\t<\/span><span class=\"aioseo-breadcrumb-separator\">&raquo;<\/span><span class=\"aioseo-breadcrumb\">\n\t\t\t<a href=\"https:\/\/www.encontrapiracicaba.com.br\/sobre\/noticias-em-piracicaba\/\" title=\"Not\u00edcias Piracicaba\">Not\u00edcias Piracicaba<\/a>\n\t\t<\/span><span class=\"aioseo-breadcrumb-separator\">&raquo;<\/span><span class=\"aioseo-breadcrumb\">\n\t\t\tCom apoio da Prefeitura, 8\u00aa edi\u00e7\u00e3o do Passeio a Remo acontece s\u00e1bado, 28\/02, no rio Piracicaba\n\t\t<\/span><\/div>","aioseo_breadcrumb_json":[{"label":"In\u00edcio","link":"https:\/\/www.encontrapiracicaba.com.br\/sobre"},{"label":"Not\u00edcias Piracicaba","link":"https:\/\/www.encontrapiracicaba.com.br\/sobre\/noticias-em-piracicaba\/"},{"label":"Com apoio da Prefeitura, 8\u00aa edi\u00e7\u00e3o do Passeio a Remo acontece s\u00e1bado, 28\/02, no rio Piracicaba","link":"https:\/\/www.encontrapiracicaba.com.br\/sobre\/com-apoio-da-prefeitura-8a-edicao-do-passeio-a-remo-acontece-sabado-28-02-no-rio-piracicaba\/"}],"_links":{"self":[{"href":"https:\/\/www.encontrapiracicaba.com.br\/sobre\/wp-json\/wp\/v2\/posts\/4230","targetHints":{"allow":["GET"]}}],"collection":[{"href":"https:\/\/www.encontrapiracicaba.com.br\/sobre\/wp-json\/wp\/v2\/posts"}],"about":[{"href":"https:\/\/www.encontrapiracicaba.com.br\/sobre\/wp-json\/wp\/v2\/types\/post"}],"author":[{"embeddable":true,"href":"https:\/\/www.encontrapiracicaba.com.br\/sobre\/wp-json\/wp\/v2\/users\/1"}],"replies":[{"embeddable":true,"href":"https:\/\/www.encontrapiracicaba.com.br\/sobre\/wp-json\/wp\/v2\/comments?post=4230"}],"version-history":[{"count":0,"href":"https:\/\/www.encontrapiracicaba.com.br\/sobre\/wp-json\/wp\/v2\/posts\/4230\/revisions"}],"wp:featuredmedia":[{"embeddable":true,"href":"https:\/\/www.encontrapiracicaba.com.br\/sobre\/wp-json\/wp\/v2\/media\/4229"}],"wp:attachment":[{"href":"https:\/\/www.encontrapiracicaba.com.br\/sobre\/wp-json\/wp\/v2\/media?parent=4230"}],"wp:term":[{"taxonomy":"category","embeddable":true,"href":"https:\/\/www.encontrapiracicaba.com.br\/sobre\/wp-json\/wp\/v2\/categories?post=4230"},{"taxonomy":"post_tag","embeddable":true,"href":"https:\/\/www.encontrapiracicaba.com.br\/sobre\/wp-json\/wp\/v2\/tags?post=4230"}],"curies":[{"name":"wp","href":"https:\/\/api.w.org\/{rel}","templated":true}]}}