{"id":4240,"date":"2026-03-01T11:44:03","date_gmt":"2026-03-01T14:44:03","guid":{"rendered":"https:\/\/www.encontrapiracicaba.com.br\/sobre\/livro-de-atas-do-periodo-imperial-passa-a-integrar-acervo-historico-online\/"},"modified":"2026-03-01T11:44:03","modified_gmt":"2026-03-01T14:44:03","slug":"livro-de-atas-do-periodo-imperial-passa-a-integrar-acervo-historico-online","status":"publish","type":"post","link":"https:\/\/www.encontrapiracicaba.com.br\/sobre\/livro-de-atas-do-periodo-imperial-passa-a-integrar-acervo-historico-online\/","title":{"rendered":"Livro de Atas do per\u00edodo imperial passa a integrar Acervo Hist\u00f3rico Online"},"content":{"rendered":"<div class=\"85df007ed5c0c4d4b453fd13a37855e8\" data-index=\"1\" style=\"float: none; margin:0px;\">\n<!-- Anuncio display - global -->\r\n<ins class=\"adsbygoogle\"\r\n     style=\"display:block\"\r\n     data-ad-client=\"ca-pub-8585364105181520\"\r\n     data-ad-slot=\"8789329856\"\r\n     data-ad-format=\"auto\"\r\n     data-full-width-responsive=\"true\"><\/ins>\r\n<script>\r\n     (adsbygoogle = window.adsbygoogle || []).push({});\r\n<\/script>\n<\/div>\n<h2>O significado do Livro de Atas do per\u00edodo imperial<\/h2>\n<p>O &#8220;Livro de Atas do per\u00edodo imperial&#8221; \u00e9 um registro valioso que documenta as atividades e delibera\u00e7\u00f5es da C\u00e2mara Municipal durante um per\u00edodo cr\u00edtico da hist\u00f3ria brasileira, que se estende de 1859 a 1863. Este livro vai al\u00e9m de uma simples cole\u00e7\u00e3o de decis\u00f5es; ele reflete como o governo local interagia com as mudan\u00e7as pol\u00edticas que ocorriam no pa\u00eds e como as quest\u00f5es cotidianas da sociedade eram abordadas no \u00e2mbito municipal.<\/p>\n<h2>Conte\u00fado exclusivo dispon\u00edvel agora online<\/h2>\n<p>A partir de 25 de fevereiro de 2026, o 10\u00ba Livro de Atas foi oficialmente disponibilizado ao p\u00fablico como parte do Acervo Hist\u00f3rico Online da C\u00e2mara Municipal de Piracicaba. Este acesso aberto representa um avan\u00e7o significativo na transpar\u00eancia e na preserva\u00e7\u00e3o da hist\u00f3ria. O volume cont\u00e9m 196 p\u00e1ginas que cobrem reuni\u00f5es e decis\u00f5es da C\u00e2mara durante o imp\u00e9rio, permitindo que pesquisadores, estudantes e cidad\u00e3os em geral explorem um trecho importante da hist\u00f3ria local e nacional.<\/p>\n<h2>Contexto pol\u00edtico e social entre 1859 e 1863<\/h2>\n<p>Entre os anos de 1859 e 1863, o Brasil vivia uma s\u00e9rie de transforma\u00e7\u00f5es significativas. O per\u00edodo foi caracterizado por uma instabilidade pol\u00edtica que refletiu as tens\u00f5es sociais e os conflitos de interesse que permeavam o imp\u00e9rio. Esta era tamb\u00e9m foi marcada pela prepara\u00e7\u00e3o para a aboli\u00e7\u00e3o da escravatura e o fortalecimento dos movimentos republicanos. O Livro de Atas oferece uma vis\u00e3o abrangente sobre como esses fatores influenciaram a vida em Piracicaba, a pequena cidade do interior que j\u00e1 era um centro importante na prov\u00edncia de S\u00e3o Paulo.<\/p>\n<p><img decoding=\"async\" src=\"https:\/\/www.encontrapiracicaba.com.br\/sobre\/wp-content\/uploads\/livro-de-atas-do-periodo-imperial-passa-a-integrar-acervo-historico-online.webp\" alt=\"Livro de Atas do per\u00edodo imperial\" loading=\"lazy\" \/><\/p>\n<h2>A import\u00e2ncia da transpar\u00eancia na gest\u00e3o p\u00fablica<\/h2>\n<p>A disponibiliza\u00e7\u00e3o desse livro n\u00e3o apenas traz mais transpar\u00eancia para as a\u00e7\u00f5es da C\u00e2mara, mas tamb\u00e9m serve para reafirmar o compromisso com a hist\u00f3ria e a identidade de Piracicaba. A abertura de arquivos hist\u00f3ricos permite que a popula\u00e7\u00e3o compreenda melhor como as decis\u00f5es do passado moldaram a cidade que conhecemos hoje. Essa iniciativa \u00e9 um passo em dire\u00e7\u00e3o a uma gest\u00e3o p\u00fablica que valoriza a comunica\u00e7\u00e3o e a participa\u00e7\u00e3o cidad\u00e3.<\/p>\n<h2>Transforma\u00e7\u00f5es administrativas no Imp\u00e9rio do Brasil<\/h2>\n<p>As atas registram as diversas transforma\u00e7\u00f5es administrativas ocorridas na C\u00e2mara durante o per\u00edodo imperial. Desde a organiza\u00e7\u00e3o urbana \u00e0 gest\u00e3o de propriedade de terras, as conversas gravadas refletem a complexidade das demandas sociais da \u00e9poca. Os detalhes sobre regulamenta\u00e7\u00f5es e conflitos territoriais, por exemplo, mostram como a C\u00e2mara lidava com as necessidades da popula\u00e7\u00e3o e como essas decis\u00f5es estavam muitas vezes interligadas ao contexto mais amplo do imp\u00e9rio.<\/p>\n<h2>Como as atas refletem a realidade de Piracicaba<\/h2>\n<p>Entre os t\u00f3picos relevantes discutidos nas atas est\u00e3o os embates territoriais envolvendo Piracicaba e \u00e1reas adjacentes, como Brotas. Esses conflitos n\u00e3o eram apenas quest\u00f5es administrativas, mas tamb\u00e9m indicativos das mudan\u00e7as socioecon\u00f4micas que estavam em andamento. Al\u00e9m disso, as atas tamb\u00e9m documentam a delibera\u00e7\u00e3o sobre temas como porte de armas e a legisla\u00e7\u00e3o vigente, evidenciando a preocupa\u00e7\u00e3o com a seguran\u00e7a p\u00fablica e a ordem social.<\/p>\n<h2>Trabalho de digitaliza\u00e7\u00e3o e cataloga\u00e7\u00e3o realizado<\/h2>\n<p>A cura para tornar estas informa\u00e7\u00f5es dispon\u00edveis ao p\u00fablico foi feita por meio de um esfor\u00e7o conjunto do Setor de Gest\u00e3o de Documenta\u00e7\u00e3o e Arquivo da C\u00e2mara. Este trabalho envolveu a leitura, a identifica\u00e7\u00e3o e a transcri\u00e7\u00e3o de documentos manuscritos, tarefa muitas vezes desafiadora, mas crucial para a preserva\u00e7\u00e3o da hist\u00f3ria local. A digitaliza\u00e7\u00e3o de documentos antigos, muitas vezes de dif\u00edcil leitura, \u00e9 um exemplo de como a tecnologia pode contribuir para conectar o passado ao presente.<\/p>\n<h2>O papel dos estagi\u00e1rios nesse projeto<\/h2>\n<p>O papel dos estagi\u00e1rios, como Nat\u00e1lia Marques e Ighor Menezes, foi fundamental nesse projeto de digitaliza\u00e7\u00e3o. Eles n\u00e3o apenas realizaram a transcri\u00e7\u00e3o e organiza\u00e7\u00e3o dos documentos, mas tamb\u00e9m foram essenciais para garantir a conformidade com as normas de cataloga\u00e7\u00e3o e arquivamento. Essa experi\u00eancia \u00e9 inestim\u00e1vel para esses jovens, que estiveram envolvidos na preserva\u00e7\u00e3o da mem\u00f3ria hist\u00f3rica de Piracicaba enquanto desenvolviam compet\u00eancias valiosas para o mercado de trabalho.<\/p>\n<h2>Conectando passado e presente na documenta\u00e7\u00e3o<\/h2>\n<p>A digitaliza\u00e7\u00e3o e a disponibiliza\u00e7\u00e3o desse material s\u00e3o formas de conectar o presente com o passado. A hist\u00f3ria contida no 10\u00ba Livro de Atas agora pode servir a pesquisadores que buscam compreender a evolu\u00e7\u00e3o social e pol\u00edtica de Piracicaba, fomentando a pesquisa acad\u00eamica e o interesse pela hist\u00f3ria local. Esta conex\u00e3o hist\u00f3rica \u00e9 vital para uma popula\u00e7\u00e3o que busca entender suas ra\u00edzes e formar uma base s\u00f3lida para o futuro.<\/p>\n<h2>A preserva\u00e7\u00e3o da mem\u00f3ria hist\u00f3rica da cidade<\/h2>\n<p>Finalmente, o 10\u00ba Livro de Atas \u00e9 um testemunho da riqueza da mem\u00f3ria hist\u00f3rica de Piracicaba. A preserva\u00e7\u00e3o de documentos como este \u00e9 vital para que as futuras gera\u00e7\u00f5es compreendam o caminho hist\u00f3rico que moldou a cidade. Este processo de documenta\u00e7\u00e3o, digitaliza\u00e7\u00e3o e acessibilidade permite que a hist\u00f3ria n\u00e3o apenas seja lembrada, mas tamb\u00e9m seja estudada, discutida e celebrada por todos.<\/p>\n\n<div style=\"font-size: 0px; height: 0px; line-height: 0px; margin: 0; padding: 0; clear: both;\"><\/div>","protected":false},"excerpt":{"rendered":"<p>O Livro de Atas do per\u00edodo imperial agora est\u00e1 dispon\u00edvel online para consulta p\u00fablica.<\/p>\n","protected":false},"author":1,"featured_media":4239,"comment_status":"closed","ping_status":"closed","sticky":false,"template":"","format":"standard","meta":{"footnotes":""},"categories":[6],"tags":[],"class_list":["post-4240","post","type-post","status-publish","format-standard","has-post-thumbnail","hentry","category-noticias-em-piracicaba","has_thumb"],"aioseo_notices":[],"aioseo_head":"\n\t\t<!-- All in One SEO 5.0.0.1 - aioseo.com -->\n\t<meta name=\"robots\" content=\"max-image-preview:large\" \/>\n\t<meta name=\"author\" content=\"Encontra Piracicaba\"\/>\n\t<link rel=\"canonical\" href=\"https:\/\/www.encontrapiracicaba.com.br\/sobre\/livro-de-atas-do-periodo-imperial-passa-a-integrar-acervo-historico-online\/\" \/>\n\t<meta name=\"generator\" content=\"All in One SEO (AIOSEO) 5.0.0.1\" \/>\n\t\t<meta property=\"og:locale\" content=\"pt_BR\" \/>\n\t\t<meta property=\"og:site_name\" content=\"Encontra Piracicaba | Not\u00edcias, eventos, informa\u00e7\u00f5es e dicas na cidade de Piracicaba e regi\u00e3o\" \/>\n\t\t<meta property=\"og:type\" content=\"article\" \/>\n\t\t<meta property=\"og:title\" content=\"Livro de Atas do per\u00edodo imperial passa a integrar Acervo Hist\u00f3rico Online | Encontra Piracicaba\" \/>\n\t\t<meta property=\"og:url\" content=\"https:\/\/www.encontrapiracicaba.com.br\/sobre\/livro-de-atas-do-periodo-imperial-passa-a-integrar-acervo-historico-online\/\" \/>\n\t\t<meta property=\"article:published_time\" content=\"2026-03-01T14:44:03+00:00\" \/>\n\t\t<meta property=\"article:modified_time\" content=\"2026-03-01T14:44:03+00:00\" \/>\n\t\t<meta name=\"twitter:card\" content=\"summary\" \/>\n\t\t<meta name=\"twitter:title\" content=\"Livro de Atas do per\u00edodo imperial passa a integrar Acervo Hist\u00f3rico Online | Encontra Piracicaba\" \/>\n\t\t<script type=\"application\/ld+json\" class=\"aioseo-schema\">\n\t\t\t{\"@context\":\"https:\\\/\\\/schema.org\",\"@graph\":[{\"@type\":\"Article\",\"@id\":\"https:\\\/\\\/www.encontrapiracicaba.com.br\\\/sobre\\\/livro-de-atas-do-periodo-imperial-passa-a-integrar-acervo-historico-online\\\/#article\",\"name\":\"Livro de Atas do per\\u00edodo imperial passa a integrar Acervo Hist\\u00f3rico Online | Encontra Piracicaba\",\"headline\":\"Livro de Atas do per\\u00edodo imperial passa a integrar Acervo Hist\\u00f3rico Online\",\"author\":{\"@id\":\"https:\\\/\\\/www.encontrapiracicaba.com.br\\\/sobre\\\/author\\\/epiracicaba\\\/#author\"},\"publisher\":{\"@id\":\"https:\\\/\\\/www.encontrapiracicaba.com.br\\\/sobre\\\/#organization\"},\"image\":{\"@type\":\"ImageObject\",\"url\":\"https:\\\/\\\/www.encontrapiracicaba.com.br\\\/sobre\\\/wp-content\\\/uploads\\\/livro-de-atas-do-periodo-imperial-passa-a-integrar-acervo-historico-online.webp\",\"width\":280,\"height\":280,\"caption\":\"Livro de Atas do per\\u00edodo imperial\"},\"datePublished\":\"2026-03-01T11:44:03-03:00\",\"dateModified\":\"2026-03-01T11:44:03-03:00\",\"inLanguage\":\"pt-BR\",\"mainEntityOfPage\":{\"@id\":\"https:\\\/\\\/www.encontrapiracicaba.com.br\\\/sobre\\\/livro-de-atas-do-periodo-imperial-passa-a-integrar-acervo-historico-online\\\/#webpage\"},\"isPartOf\":{\"@id\":\"https:\\\/\\\/www.encontrapiracicaba.com.br\\\/sobre\\\/livro-de-atas-do-periodo-imperial-passa-a-integrar-acervo-historico-online\\\/#webpage\"},\"articleSection\":\"Not\\u00edcias Piracicaba\"},{\"@type\":\"BreadcrumbList\",\"@id\":\"https:\\\/\\\/www.encontrapiracicaba.com.br\\\/sobre\\\/livro-de-atas-do-periodo-imperial-passa-a-integrar-acervo-historico-online\\\/#breadcrumblist\",\"itemListElement\":[{\"@type\":\"ListItem\",\"@id\":\"https:\\\/\\\/www.encontrapiracicaba.com.br\\\/sobre#listItem\",\"position\":1,\"name\":\"In\\u00edcio\",\"item\":\"https:\\\/\\\/www.encontrapiracicaba.com.br\\\/sobre\",\"nextItem\":{\"@type\":\"ListItem\",\"@id\":\"https:\\\/\\\/www.encontrapiracicaba.com.br\\\/sobre\\\/noticias-em-piracicaba\\\/#listItem\",\"name\":\"Not\\u00edcias Piracicaba\"}},{\"@type\":\"ListItem\",\"@id\":\"https:\\\/\\\/www.encontrapiracicaba.com.br\\\/sobre\\\/noticias-em-piracicaba\\\/#listItem\",\"position\":2,\"name\":\"Not\\u00edcias Piracicaba\",\"item\":\"https:\\\/\\\/www.encontrapiracicaba.com.br\\\/sobre\\\/noticias-em-piracicaba\\\/\",\"nextItem\":{\"@type\":\"ListItem\",\"@id\":\"https:\\\/\\\/www.encontrapiracicaba.com.br\\\/sobre\\\/livro-de-atas-do-periodo-imperial-passa-a-integrar-acervo-historico-online\\\/#listItem\",\"name\":\"Livro de Atas do per\\u00edodo imperial passa a integrar Acervo Hist\\u00f3rico Online\"},\"previousItem\":{\"@type\":\"ListItem\",\"@id\":\"https:\\\/\\\/www.encontrapiracicaba.com.br\\\/sobre#listItem\",\"name\":\"In\\u00edcio\"}},{\"@type\":\"ListItem\",\"@id\":\"https:\\\/\\\/www.encontrapiracicaba.com.br\\\/sobre\\\/livro-de-atas-do-periodo-imperial-passa-a-integrar-acervo-historico-online\\\/#listItem\",\"position\":3,\"name\":\"Livro de Atas do per\\u00edodo imperial passa a integrar Acervo Hist\\u00f3rico Online\",\"previousItem\":{\"@type\":\"ListItem\",\"@id\":\"https:\\\/\\\/www.encontrapiracicaba.com.br\\\/sobre\\\/noticias-em-piracicaba\\\/#listItem\",\"name\":\"Not\\u00edcias Piracicaba\"}}]},{\"@type\":\"Organization\",\"@id\":\"https:\\\/\\\/www.encontrapiracicaba.com.br\\\/sobre\\\/#organization\",\"name\":\"Encontra Piracicaba\",\"description\":\"Not\\u00edcias, eventos, informa\\u00e7\\u00f5es e dicas na cidade de Piracicaba e regi\\u00e3o\",\"url\":\"https:\\\/\\\/www.encontrapiracicaba.com.br\\\/sobre\\\/\"},{\"@type\":\"Person\",\"@id\":\"https:\\\/\\\/www.encontrapiracicaba.com.br\\\/sobre\\\/author\\\/epiracicaba\\\/#author\",\"url\":\"https:\\\/\\\/www.encontrapiracicaba.com.br\\\/sobre\\\/author\\\/epiracicaba\\\/\",\"name\":\"Encontra Piracicaba\",\"image\":{\"@type\":\"ImageObject\",\"@id\":\"https:\\\/\\\/www.encontrapiracicaba.com.br\\\/sobre\\\/livro-de-atas-do-periodo-imperial-passa-a-integrar-acervo-historico-online\\\/#authorImage\",\"url\":\"https:\\\/\\\/secure.gravatar.com\\\/avatar\\\/507340682b8270222e1f208e23198b6ae7e2c6a1033ae84e99bc6bce4f82a387?s=96&d=mm&r=g\",\"width\":96,\"height\":96,\"caption\":\"Encontra Piracicaba\"}},{\"@type\":\"WebPage\",\"@id\":\"https:\\\/\\\/www.encontrapiracicaba.com.br\\\/sobre\\\/livro-de-atas-do-periodo-imperial-passa-a-integrar-acervo-historico-online\\\/#webpage\",\"url\":\"https:\\\/\\\/www.encontrapiracicaba.com.br\\\/sobre\\\/livro-de-atas-do-periodo-imperial-passa-a-integrar-acervo-historico-online\\\/\",\"name\":\"Livro de Atas do per\\u00edodo imperial passa a integrar Acervo Hist\\u00f3rico Online | Encontra Piracicaba\",\"inLanguage\":\"pt-BR\",\"isPartOf\":{\"@id\":\"https:\\\/\\\/www.encontrapiracicaba.com.br\\\/sobre\\\/#website\"},\"breadcrumb\":{\"@id\":\"https:\\\/\\\/www.encontrapiracicaba.com.br\\\/sobre\\\/livro-de-atas-do-periodo-imperial-passa-a-integrar-acervo-historico-online\\\/#breadcrumblist\"},\"author\":{\"@id\":\"https:\\\/\\\/www.encontrapiracicaba.com.br\\\/sobre\\\/author\\\/epiracicaba\\\/#author\"},\"creator\":{\"@id\":\"https:\\\/\\\/www.encontrapiracicaba.com.br\\\/sobre\\\/author\\\/epiracicaba\\\/#author\"},\"image\":{\"@type\":\"ImageObject\",\"url\":\"https:\\\/\\\/www.encontrapiracicaba.com.br\\\/sobre\\\/wp-content\\\/uploads\\\/livro-de-atas-do-periodo-imperial-passa-a-integrar-acervo-historico-online.webp\",\"@id\":\"https:\\\/\\\/www.encontrapiracicaba.com.br\\\/sobre\\\/livro-de-atas-do-periodo-imperial-passa-a-integrar-acervo-historico-online\\\/#mainImage\",\"width\":280,\"height\":280,\"caption\":\"Livro de Atas do per\\u00edodo imperial\"},\"primaryImageOfPage\":{\"@id\":\"https:\\\/\\\/www.encontrapiracicaba.com.br\\\/sobre\\\/livro-de-atas-do-periodo-imperial-passa-a-integrar-acervo-historico-online\\\/#mainImage\"},\"datePublished\":\"2026-03-01T11:44:03-03:00\",\"dateModified\":\"2026-03-01T11:44:03-03:00\"},{\"@type\":\"WebSite\",\"@id\":\"https:\\\/\\\/www.encontrapiracicaba.com.br\\\/sobre\\\/#website\",\"url\":\"https:\\\/\\\/www.encontrapiracicaba.com.br\\\/sobre\\\/\",\"name\":\"Encontra Piracicaba\",\"description\":\"Not\\u00edcias, eventos, informa\\u00e7\\u00f5es e dicas na cidade de Piracicaba e regi\\u00e3o\",\"inLanguage\":\"pt-BR\",\"publisher\":{\"@id\":\"https:\\\/\\\/www.encontrapiracicaba.com.br\\\/sobre\\\/#organization\"}}]}\n\t\t<\/script>\n\t\t<!-- All in One SEO -->\n\n","aioseo_head_json":{"title":"Livro de Atas do per\u00edodo imperial passa a integrar Acervo Hist\u00f3rico Online | Encontra Piracicaba","description":"","canonical_url":"https:\/\/www.encontrapiracicaba.com.br\/sobre\/livro-de-atas-do-periodo-imperial-passa-a-integrar-acervo-historico-online\/","robots":"max-image-preview:large","keywords":"","webmasterTools":{"miscellaneous":""},"schema":{"@context":"https:\/\/schema.org","@graph":[{"@type":"Article","@id":"https:\/\/www.encontrapiracicaba.com.br\/sobre\/livro-de-atas-do-periodo-imperial-passa-a-integrar-acervo-historico-online\/#article","name":"Livro de Atas do per\u00edodo imperial passa a integrar Acervo Hist\u00f3rico Online | Encontra Piracicaba","headline":"Livro de Atas do per\u00edodo imperial passa a integrar Acervo Hist\u00f3rico Online","author":{"@id":"https:\/\/www.encontrapiracicaba.com.br\/sobre\/author\/epiracicaba\/#author"},"publisher":{"@id":"https:\/\/www.encontrapiracicaba.com.br\/sobre\/#organization"},"image":{"@type":"ImageObject","url":"https:\/\/www.encontrapiracicaba.com.br\/sobre\/wp-content\/uploads\/livro-de-atas-do-periodo-imperial-passa-a-integrar-acervo-historico-online.webp","width":280,"height":280,"caption":"Livro de Atas do per\u00edodo imperial"},"datePublished":"2026-03-01T11:44:03-03:00","dateModified":"2026-03-01T11:44:03-03:00","inLanguage":"pt-BR","mainEntityOfPage":{"@id":"https:\/\/www.encontrapiracicaba.com.br\/sobre\/livro-de-atas-do-periodo-imperial-passa-a-integrar-acervo-historico-online\/#webpage"},"isPartOf":{"@id":"https:\/\/www.encontrapiracicaba.com.br\/sobre\/livro-de-atas-do-periodo-imperial-passa-a-integrar-acervo-historico-online\/#webpage"},"articleSection":"Not\u00edcias Piracicaba"},{"@type":"BreadcrumbList","@id":"https:\/\/www.encontrapiracicaba.com.br\/sobre\/livro-de-atas-do-periodo-imperial-passa-a-integrar-acervo-historico-online\/#breadcrumblist","itemListElement":[{"@type":"ListItem","@id":"https:\/\/www.encontrapiracicaba.com.br\/sobre#listItem","position":1,"name":"In\u00edcio","item":"https:\/\/www.encontrapiracicaba.com.br\/sobre","nextItem":{"@type":"ListItem","@id":"https:\/\/www.encontrapiracicaba.com.br\/sobre\/noticias-em-piracicaba\/#listItem","name":"Not\u00edcias Piracicaba"}},{"@type":"ListItem","@id":"https:\/\/www.encontrapiracicaba.com.br\/sobre\/noticias-em-piracicaba\/#listItem","position":2,"name":"Not\u00edcias Piracicaba","item":"https:\/\/www.encontrapiracicaba.com.br\/sobre\/noticias-em-piracicaba\/","nextItem":{"@type":"ListItem","@id":"https:\/\/www.encontrapiracicaba.com.br\/sobre\/livro-de-atas-do-periodo-imperial-passa-a-integrar-acervo-historico-online\/#listItem","name":"Livro de Atas do per\u00edodo imperial passa a integrar Acervo Hist\u00f3rico Online"},"previousItem":{"@type":"ListItem","@id":"https:\/\/www.encontrapiracicaba.com.br\/sobre#listItem","name":"In\u00edcio"}},{"@type":"ListItem","@id":"https:\/\/www.encontrapiracicaba.com.br\/sobre\/livro-de-atas-do-periodo-imperial-passa-a-integrar-acervo-historico-online\/#listItem","position":3,"name":"Livro de Atas do per\u00edodo imperial passa a integrar Acervo Hist\u00f3rico Online","previousItem":{"@type":"ListItem","@id":"https:\/\/www.encontrapiracicaba.com.br\/sobre\/noticias-em-piracicaba\/#listItem","name":"Not\u00edcias Piracicaba"}}]},{"@type":"Organization","@id":"https:\/\/www.encontrapiracicaba.com.br\/sobre\/#organization","name":"Encontra Piracicaba","description":"Not\u00edcias, eventos, informa\u00e7\u00f5es e dicas na cidade de Piracicaba e regi\u00e3o","url":"https:\/\/www.encontrapiracicaba.com.br\/sobre\/"},{"@type":"Person","@id":"https:\/\/www.encontrapiracicaba.com.br\/sobre\/author\/epiracicaba\/#author","url":"https:\/\/www.encontrapiracicaba.com.br\/sobre\/author\/epiracicaba\/","name":"Encontra Piracicaba","image":{"@type":"ImageObject","@id":"https:\/\/www.encontrapiracicaba.com.br\/sobre\/livro-de-atas-do-periodo-imperial-passa-a-integrar-acervo-historico-online\/#authorImage","url":"https:\/\/secure.gravatar.com\/avatar\/507340682b8270222e1f208e23198b6ae7e2c6a1033ae84e99bc6bce4f82a387?s=96&d=mm&r=g","width":96,"height":96,"caption":"Encontra Piracicaba"}},{"@type":"WebPage","@id":"https:\/\/www.encontrapiracicaba.com.br\/sobre\/livro-de-atas-do-periodo-imperial-passa-a-integrar-acervo-historico-online\/#webpage","url":"https:\/\/www.encontrapiracicaba.com.br\/sobre\/livro-de-atas-do-periodo-imperial-passa-a-integrar-acervo-historico-online\/","name":"Livro de Atas do per\u00edodo imperial passa a integrar Acervo Hist\u00f3rico Online | Encontra Piracicaba","inLanguage":"pt-BR","isPartOf":{"@id":"https:\/\/www.encontrapiracicaba.com.br\/sobre\/#website"},"breadcrumb":{"@id":"https:\/\/www.encontrapiracicaba.com.br\/sobre\/livro-de-atas-do-periodo-imperial-passa-a-integrar-acervo-historico-online\/#breadcrumblist"},"author":{"@id":"https:\/\/www.encontrapiracicaba.com.br\/sobre\/author\/epiracicaba\/#author"},"creator":{"@id":"https:\/\/www.encontrapiracicaba.com.br\/sobre\/author\/epiracicaba\/#author"},"image":{"@type":"ImageObject","url":"https:\/\/www.encontrapiracicaba.com.br\/sobre\/wp-content\/uploads\/livro-de-atas-do-periodo-imperial-passa-a-integrar-acervo-historico-online.webp","@id":"https:\/\/www.encontrapiracicaba.com.br\/sobre\/livro-de-atas-do-periodo-imperial-passa-a-integrar-acervo-historico-online\/#mainImage","width":280,"height":280,"caption":"Livro de Atas do per\u00edodo imperial"},"primaryImageOfPage":{"@id":"https:\/\/www.encontrapiracicaba.com.br\/sobre\/livro-de-atas-do-periodo-imperial-passa-a-integrar-acervo-historico-online\/#mainImage"},"datePublished":"2026-03-01T11:44:03-03:00","dateModified":"2026-03-01T11:44:03-03:00"},{"@type":"WebSite","@id":"https:\/\/www.encontrapiracicaba.com.br\/sobre\/#website","url":"https:\/\/www.encontrapiracicaba.com.br\/sobre\/","name":"Encontra Piracicaba","description":"Not\u00edcias, eventos, informa\u00e7\u00f5es e dicas na cidade de Piracicaba e regi\u00e3o","inLanguage":"pt-BR","publisher":{"@id":"https:\/\/www.encontrapiracicaba.com.br\/sobre\/#organization"}}]},"og:locale":"pt_BR","og:site_name":"Encontra Piracicaba | Not\u00edcias, eventos, informa\u00e7\u00f5es e dicas na cidade de Piracicaba e regi\u00e3o","og:type":"article","og:title":"Livro de Atas do per\u00edodo imperial passa a integrar Acervo Hist\u00f3rico Online | Encontra Piracicaba","og:url":"https:\/\/www.encontrapiracicaba.com.br\/sobre\/livro-de-atas-do-periodo-imperial-passa-a-integrar-acervo-historico-online\/","article:published_time":"2026-03-01T14:44:03+00:00","article:modified_time":"2026-03-01T14:44:03+00:00","twitter:card":"summary","twitter:title":"Livro de Atas do per\u00edodo imperial passa a integrar Acervo Hist\u00f3rico Online | Encontra Piracicaba"},"aioseo_meta_data":{"post_id":"4240","title":null,"description":null,"keywords":null,"keyphrases":null,"primary_term":null,"canonical_url":null,"og_title":null,"og_description":null,"og_object_type":"default","og_image_type":"default","og_image_url":null,"og_image_width":null,"og_image_height":null,"og_image_custom_url":null,"og_image_custom_fields":null,"og_video":null,"og_custom_url":null,"og_article_section":null,"og_article_tags":null,"twitter_use_og":false,"twitter_card":"default","twitter_image_type":"default","twitter_image_url":null,"twitter_image_custom_url":null,"twitter_image_custom_fields":null,"twitter_title":null,"twitter_description":null,"schema":{"blockGraphs":[],"customGraphs":[],"default":{"data":{"Article":[],"Course":[],"Dataset":[],"FAQPage":[],"Movie":[],"Person":[],"Product":[],"ProductReview":[],"Car":[],"Recipe":[],"Service":[],"SoftwareApplication":[],"WebPage":[]},"graphName":"Article","isEnabled":true},"graphs":[]},"schema_type":"default","schema_type_options":null,"pillar_content":false,"robots_default":true,"robots_noindex":false,"robots_noarchive":false,"robots_nosnippet":false,"robots_nofollow":false,"robots_noimageindex":false,"robots_noodp":false,"robots_notranslate":false,"robots_max_snippet":null,"robots_max_videopreview":null,"robots_max_imagepreview":"large","priority":null,"frequency":null,"local_seo":null,"breadcrumb_settings":null,"limit_modified_date":false,"ai":null,"created":"2026-03-01 14:44:08","updated":"2026-03-01 14:56:20","focus_keyword":null,"additional_keywords":null,"truseo_locale":null,"seo_analyzer_scan_date":null},"aioseo_breadcrumb":"<div class=\"aioseo-breadcrumbs\"><span class=\"aioseo-breadcrumb\">\n\t\t\t<a href=\"https:\/\/www.encontrapiracicaba.com.br\/sobre\" title=\"In\u00edcio\">In\u00edcio<\/a>\n\t\t<\/span><span class=\"aioseo-breadcrumb-separator\">&raquo;<\/span><span class=\"aioseo-breadcrumb\">\n\t\t\t<a href=\"https:\/\/www.encontrapiracicaba.com.br\/sobre\/noticias-em-piracicaba\/\" title=\"Not\u00edcias Piracicaba\">Not\u00edcias Piracicaba<\/a>\n\t\t<\/span><span class=\"aioseo-breadcrumb-separator\">&raquo;<\/span><span class=\"aioseo-breadcrumb\">\n\t\t\tLivro de Atas do per\u00edodo imperial passa a integrar Acervo Hist\u00f3rico Online\n\t\t<\/span><\/div>","aioseo_breadcrumb_json":[{"label":"In\u00edcio","link":"https:\/\/www.encontrapiracicaba.com.br\/sobre"},{"label":"Not\u00edcias Piracicaba","link":"https:\/\/www.encontrapiracicaba.com.br\/sobre\/noticias-em-piracicaba\/"},{"label":"Livro de Atas do per\u00edodo imperial passa a integrar Acervo Hist\u00f3rico Online","link":"https:\/\/www.encontrapiracicaba.com.br\/sobre\/livro-de-atas-do-periodo-imperial-passa-a-integrar-acervo-historico-online\/"}],"_links":{"self":[{"href":"https:\/\/www.encontrapiracicaba.com.br\/sobre\/wp-json\/wp\/v2\/posts\/4240","targetHints":{"allow":["GET"]}}],"collection":[{"href":"https:\/\/www.encontrapiracicaba.com.br\/sobre\/wp-json\/wp\/v2\/posts"}],"about":[{"href":"https:\/\/www.encontrapiracicaba.com.br\/sobre\/wp-json\/wp\/v2\/types\/post"}],"author":[{"embeddable":true,"href":"https:\/\/www.encontrapiracicaba.com.br\/sobre\/wp-json\/wp\/v2\/users\/1"}],"replies":[{"embeddable":true,"href":"https:\/\/www.encontrapiracicaba.com.br\/sobre\/wp-json\/wp\/v2\/comments?post=4240"}],"version-history":[{"count":0,"href":"https:\/\/www.encontrapiracicaba.com.br\/sobre\/wp-json\/wp\/v2\/posts\/4240\/revisions"}],"wp:featuredmedia":[{"embeddable":true,"href":"https:\/\/www.encontrapiracicaba.com.br\/sobre\/wp-json\/wp\/v2\/media\/4239"}],"wp:attachment":[{"href":"https:\/\/www.encontrapiracicaba.com.br\/sobre\/wp-json\/wp\/v2\/media?parent=4240"}],"wp:term":[{"taxonomy":"category","embeddable":true,"href":"https:\/\/www.encontrapiracicaba.com.br\/sobre\/wp-json\/wp\/v2\/categories?post=4240"},{"taxonomy":"post_tag","embeddable":true,"href":"https:\/\/www.encontrapiracicaba.com.br\/sobre\/wp-json\/wp\/v2\/tags?post=4240"}],"curies":[{"name":"wp","href":"https:\/\/api.w.org\/{rel}","templated":true}]}}