{"id":4244,"date":"2026-03-02T11:44:00","date_gmt":"2026-03-02T14:44:00","guid":{"rendered":"https:\/\/www.encontrapiracicaba.com.br\/sobre\/vereador-questiona-encerramento-de-projeto-social-voltado-a-adolescentes\/"},"modified":"2026-03-02T11:44:00","modified_gmt":"2026-03-02T14:44:00","slug":"vereador-questiona-encerramento-de-projeto-social-voltado-a-adolescentes","status":"publish","type":"post","link":"https:\/\/www.encontrapiracicaba.com.br\/sobre\/vereador-questiona-encerramento-de-projeto-social-voltado-a-adolescentes\/","title":{"rendered":"Vereador questiona encerramento de projeto social voltado a adolescentes"},"content":{"rendered":"<div class=\"85df007ed5c0c4d4b453fd13a37855e8\" data-index=\"1\" style=\"float: none; margin:0px;\">\n<!-- Anuncio display - global -->\r\n<ins class=\"adsbygoogle\"\r\n     style=\"display:block\"\r\n     data-ad-client=\"ca-pub-8585364105181520\"\r\n     data-ad-slot=\"8789329856\"\r\n     data-ad-format=\"auto\"\r\n     data-full-width-responsive=\"true\"><\/ins>\r\n<script>\r\n     (adsbygoogle = window.adsbygoogle || []).push({});\r\n<\/script>\n<\/div>\n<h2>Entenda o Projeto Social Encerrado<\/h2>\n<p>Recentemente, a cidade de Piracicaba vivenciou a suspens\u00e3o de um projeto social crucial voltado para o atendimento de adolescentes em situa\u00e7\u00e3o de vulnerabilidade. Este projeto, que estava vinculado ao Seame (Servi\u00e7o de Apoio ao Adolescente com Medida Socioeducativa), contava com a colabora\u00e7\u00e3o da Organiza\u00e7\u00e3o da Sociedade Civil (OSC) Pasca, cuja miss\u00e3o era promover melhorias significativas na vida das crian\u00e7as e adolescentes assistidos. A iniciativa desempenhava um papel vital, oferecendo suporte emocional e assistencial, al\u00e9m de interven\u00e7\u00f5es sociais que visavam a reintegra\u00e7\u00e3o desses jovens na sociedade.<\/p>\n<h2>A Import\u00e2ncia do Apoio Social aos Adolescentes<\/h2>\n<p>O apoio social \u00e9 fundamental para o desenvolvimento saud\u00e1vel de adolescentes, especialmente aqueles que se encontram em situa\u00e7\u00f5es de vulnerabilidade. Esse suporte pode se manifestar de diversas formas, incluindo assist\u00eancia psicol\u00f3gica, atividades educativas e oportunidades recreativas. Ao contribuir para o fortalecimento da autoestima e da inclus\u00e3o social, esses projetos ajudam a reduzir a incid\u00eancia de comportamentos de risco entre os jovens, al\u00e9m de promover um ambiente de transforma\u00e7\u00e3o social.<\/p>\n<h2>An\u00e1lise do Requerimento do Vereador<\/h2>\n<p>No contexto do encerramento do projeto social, o vereador Marco Bicheiro (PSDB) apresentou um requerimento ao Executivo municipal, solicitando esclarecimentos sobre o t\u00e9rmino da parceria com a OSC Pasca. O documento levanta quest\u00f5es pertinentes, como os motivos que levaram \u00e0 n\u00e3o renova\u00e7\u00e3o do conv\u00eanio e as provid\u00eancias que estar\u00e3o em vigor para assegurar a continuidade do atendimento aos jovens beneficiados pelo projeto.<\/p>\n<p><img decoding=\"async\" src=\"https:\/\/www.encontrapiracicaba.com.br\/sobre\/wp-content\/uploads\/vereador-questiona-encerramento-de-projeto-social-voltado-a-adolescentes.webp\" alt=\"encerramento de projeto social\" loading=\"lazy\" \/><\/p>\n<h2>Implica\u00e7\u00f5es do Fim da Parceria<\/h2>\n<p>A interrup\u00e7\u00e3o desse projeto social gera s\u00e9rias implica\u00e7\u00f5es para a comunidade. A falta de um espa\u00e7o seguro e de um suporte cont\u00ednuo pode resultar em riscos aumentados para os jovens, que podem voltar a situa\u00e7\u00f5es de vulnerabilidade. A aus\u00eancia de interven\u00e7\u00f5es programadas e de apoio especializado pode afetar negativamente n\u00e3o s\u00f3 os adolescentes diretamente envolvidos, mas tamb\u00e9m as suas fam\u00edlias e a sociedade como um todo.<\/p>\n<h2>O Papel da Organiza\u00e7\u00e3o da Sociedade Civil<\/h2>\n<p>A OSC Pasca se destaca por sua atua\u00e7\u00e3o voltada \u00e0 promo\u00e7\u00e3o da autonomia e ao fortalecimento da capacidade dos jovens. Projetos sociais gerenciados por organiza\u00e7\u00f5es desse tipo frequentemente oferecem recursos valiosos, como forma\u00e7\u00e3o profissional, orienta\u00e7\u00e3o e suporte emocional, que s\u00e3o essenciais para que os adolescentes possam se desenvolver e ter um futuro melhor. Portanto, o fim da parceria n\u00e3o se trata apenas de uma quest\u00e3o administrativa, mas de uma perda significativa para a comunidade.<\/p>\n<h2>Efeitos na Comunidade de Piracicaba<\/h2>\n<p>Os efeitos da descontinua\u00e7\u00e3o de um projeto social nesta escala se estendem pela comunidade de Piracicaba. Com a retirada do suporte, aumenta a preocupa\u00e7\u00e3o entre os cidad\u00e3os e as institui\u00e7\u00f5es sobre a prote\u00e7\u00e3o e a orienta\u00e7\u00e3o que esses adolescentes receber\u00e3o. Os riscos sociais, como o envolvimento com drogas e a criminalidade, podem aumentar, impactando tamb\u00e9m a seguran\u00e7a e a qualidade de vida da popula\u00e7\u00e3o local.<\/p>\n<h2>O Que Podem Fazer os Jovens Agora?<\/h2>\n<p>Diante da suspens\u00e3o do projeto, \u00e9 fundamental que os jovens busquem alternativas para garantir seu desenvolvimento e bem-estar. Uma op\u00e7\u00e3o \u00e9 a cria\u00e7\u00e3o de grupos de apoio entre eles, onde possam compartilhar experi\u00eancias e se ajudar mutuamente. Al\u00e9m disso, \u00e9 importante que procurem outras organiza\u00e7\u00f5es ou servi\u00e7os sociais que possam fornecer suporte e recursos semelhantes aos que eram oferecidos pelo projeto encerrado.<\/p>\n<h2>Rea\u00e7\u00f5es da Popula\u00e7\u00e3o e das Entidades Locais<\/h2>\n<p>A resposta da popula\u00e7\u00e3o a essa situa\u00e7\u00e3o foi intensa, com preocupa\u00e7\u00f5es expressas por diversos segmentos da sociedade. Entidades locais, l\u00edderes comunit\u00e1rios e moradores t\u00eam se mobilizado para buscar alternativas que possam suprir a lacuna deixada pelo fim do projeto social. A press\u00e3o sobre o governo local para encontrar solu\u00e7\u00f5es \u00e9 crescente, refletindo a preocupa\u00e7\u00e3o com o futuro dos adolescentes e a necessidade de manter um suporte cont\u00ednuo.<\/p>\n<h2>Poss\u00edveis Solu\u00e7\u00f5es e Alternativas<\/h2>\n<p>A continuidade do atendimento a adolescentes em situa\u00e7\u00e3o de vulnerabilidade pode ser garantida por meio de diversas estrat\u00e9gias. Algumas poss\u00edveis abordagens incluem:<\/p>\n<ul>\n<li><strong>Busca de Novas Parcerias:<\/strong> O Executivo pode buscar acordos com outras organiza\u00e7\u00f5es da sociedade civil que estejam dispostas a assumir a oferta de servi\u00e7os.<\/li>\n<li><strong>Fortalecimento de Programas Existentes:<\/strong> Avaliar e ampliar programas sociais j\u00e1 existentes na cidade pode ser uma maneira de integrar e atender a essas demandas espec\u00edficas.<\/li>\n<li><strong>Envolvimento da Comunidade:<\/strong> A comunidade pode ser incentivada a se mobilizar em prol de iniciativas que promovam o suporte social e emocional aos jovens.<\/li>\n<li><strong>Capacita\u00e7\u00e3o e Forma\u00e7\u00e3o:<\/strong> Investir na capacita\u00e7\u00e3o de volunt\u00e1rios que possam atuar como mentores e guias para os adolescentes em situa\u00e7\u00e3o de risco.<\/li>\n<\/ul>\n<h2>Como Acompanhar os Desenvolvimentos Futuros<\/h2>\n<p>Para que os cidad\u00e3os possam se envolver e acompanhar os desdobramentos relacionados ao encerramento do projeto social, \u00e9 importante que permane\u00e7am informados. Isso pode ser feito atrav\u00e9s de:<\/p>\n<ul>\n<li><strong>Participa\u00e7\u00e3o em Reuni\u00f5es Comunit\u00e1rias:<\/strong> Estar presente em eventos locais e reuni\u00f5es pode ajudar a entender melhor as a\u00e7\u00f5es que est\u00e3o sendo propostas e como cada um pode contribuir.<\/li>\n<li><strong>Monitoramento das A\u00e7\u00f5es do Poder P\u00fablico:<\/strong> Acompanhar as decis\u00f5es da C\u00e2mara Municipal e os comunicados do Executivo sobre a situa\u00e7\u00e3o dos projetos sociais na cidade.<\/li>\n<li><strong>Engajamento nas Redes Sociais:<\/strong> Utilizar plataformas digitais para se informar e debater sobre as iniciativas em andamento, al\u00e9m de promover a solidariedade entre os membros da comunidade.<\/li>\n<\/ul>\n\n<div style=\"font-size: 0px; height: 0px; line-height: 0px; margin: 0; padding: 0; clear: both;\"><\/div>","protected":false},"excerpt":{"rendered":"<p>Vereador questiona encerramento de projeto social que atendia adolescentes em situa\u00e7\u00e3o de vulnerabilidade.<\/p>\n","protected":false},"author":1,"featured_media":4243,"comment_status":"closed","ping_status":"closed","sticky":false,"template":"","format":"standard","meta":{"footnotes":""},"categories":[6],"tags":[],"class_list":["post-4244","post","type-post","status-publish","format-standard","has-post-thumbnail","hentry","category-noticias-em-piracicaba","has_thumb"],"aioseo_notices":[],"aioseo_head":"\n\t\t<!-- All in One SEO 5.0.0.1 - aioseo.com -->\n\t<meta name=\"robots\" content=\"max-image-preview:large\" \/>\n\t<meta name=\"author\" content=\"Encontra Piracicaba\"\/>\n\t<link rel=\"canonical\" href=\"https:\/\/www.encontrapiracicaba.com.br\/sobre\/vereador-questiona-encerramento-de-projeto-social-voltado-a-adolescentes\/\" \/>\n\t<meta name=\"generator\" content=\"All in One SEO (AIOSEO) 5.0.0.1\" \/>\n\t\t<meta property=\"og:locale\" content=\"pt_BR\" \/>\n\t\t<meta property=\"og:site_name\" content=\"Encontra Piracicaba | Not\u00edcias, eventos, informa\u00e7\u00f5es e dicas na cidade de Piracicaba e regi\u00e3o\" \/>\n\t\t<meta property=\"og:type\" content=\"article\" \/>\n\t\t<meta property=\"og:title\" content=\"Vereador questiona encerramento de projeto social voltado a adolescentes | Encontra Piracicaba\" \/>\n\t\t<meta property=\"og:url\" content=\"https:\/\/www.encontrapiracicaba.com.br\/sobre\/vereador-questiona-encerramento-de-projeto-social-voltado-a-adolescentes\/\" \/>\n\t\t<meta property=\"article:published_time\" content=\"2026-03-02T14:44:00+00:00\" \/>\n\t\t<meta property=\"article:modified_time\" content=\"2026-03-02T14:44:00+00:00\" \/>\n\t\t<meta name=\"twitter:card\" content=\"summary\" \/>\n\t\t<meta name=\"twitter:title\" content=\"Vereador questiona encerramento de projeto social voltado a adolescentes | Encontra Piracicaba\" \/>\n\t\t<script type=\"application\/ld+json\" class=\"aioseo-schema\">\n\t\t\t{\"@context\":\"https:\\\/\\\/schema.org\",\"@graph\":[{\"@type\":\"Article\",\"@id\":\"https:\\\/\\\/www.encontrapiracicaba.com.br\\\/sobre\\\/vereador-questiona-encerramento-de-projeto-social-voltado-a-adolescentes\\\/#article\",\"name\":\"Vereador questiona encerramento de projeto social voltado a adolescentes | Encontra Piracicaba\",\"headline\":\"Vereador questiona encerramento de projeto social voltado a adolescentes\",\"author\":{\"@id\":\"https:\\\/\\\/www.encontrapiracicaba.com.br\\\/sobre\\\/author\\\/epiracicaba\\\/#author\"},\"publisher\":{\"@id\":\"https:\\\/\\\/www.encontrapiracicaba.com.br\\\/sobre\\\/#organization\"},\"image\":{\"@type\":\"ImageObject\",\"url\":\"https:\\\/\\\/www.encontrapiracicaba.com.br\\\/sobre\\\/wp-content\\\/uploads\\\/vereador-questiona-encerramento-de-projeto-social-voltado-a-adolescentes.webp\",\"width\":280,\"height\":280,\"caption\":\"encerramento de projeto social\"},\"datePublished\":\"2026-03-02T11:44:00-03:00\",\"dateModified\":\"2026-03-02T11:44:00-03:00\",\"inLanguage\":\"pt-BR\",\"mainEntityOfPage\":{\"@id\":\"https:\\\/\\\/www.encontrapiracicaba.com.br\\\/sobre\\\/vereador-questiona-encerramento-de-projeto-social-voltado-a-adolescentes\\\/#webpage\"},\"isPartOf\":{\"@id\":\"https:\\\/\\\/www.encontrapiracicaba.com.br\\\/sobre\\\/vereador-questiona-encerramento-de-projeto-social-voltado-a-adolescentes\\\/#webpage\"},\"articleSection\":\"Not\\u00edcias Piracicaba\"},{\"@type\":\"BreadcrumbList\",\"@id\":\"https:\\\/\\\/www.encontrapiracicaba.com.br\\\/sobre\\\/vereador-questiona-encerramento-de-projeto-social-voltado-a-adolescentes\\\/#breadcrumblist\",\"itemListElement\":[{\"@type\":\"ListItem\",\"@id\":\"https:\\\/\\\/www.encontrapiracicaba.com.br\\\/sobre#listItem\",\"position\":1,\"name\":\"In\\u00edcio\",\"item\":\"https:\\\/\\\/www.encontrapiracicaba.com.br\\\/sobre\",\"nextItem\":{\"@type\":\"ListItem\",\"@id\":\"https:\\\/\\\/www.encontrapiracicaba.com.br\\\/sobre\\\/noticias-em-piracicaba\\\/#listItem\",\"name\":\"Not\\u00edcias Piracicaba\"}},{\"@type\":\"ListItem\",\"@id\":\"https:\\\/\\\/www.encontrapiracicaba.com.br\\\/sobre\\\/noticias-em-piracicaba\\\/#listItem\",\"position\":2,\"name\":\"Not\\u00edcias Piracicaba\",\"item\":\"https:\\\/\\\/www.encontrapiracicaba.com.br\\\/sobre\\\/noticias-em-piracicaba\\\/\",\"nextItem\":{\"@type\":\"ListItem\",\"@id\":\"https:\\\/\\\/www.encontrapiracicaba.com.br\\\/sobre\\\/vereador-questiona-encerramento-de-projeto-social-voltado-a-adolescentes\\\/#listItem\",\"name\":\"Vereador questiona encerramento de projeto social voltado a adolescentes\"},\"previousItem\":{\"@type\":\"ListItem\",\"@id\":\"https:\\\/\\\/www.encontrapiracicaba.com.br\\\/sobre#listItem\",\"name\":\"In\\u00edcio\"}},{\"@type\":\"ListItem\",\"@id\":\"https:\\\/\\\/www.encontrapiracicaba.com.br\\\/sobre\\\/vereador-questiona-encerramento-de-projeto-social-voltado-a-adolescentes\\\/#listItem\",\"position\":3,\"name\":\"Vereador questiona encerramento de projeto social voltado a adolescentes\",\"previousItem\":{\"@type\":\"ListItem\",\"@id\":\"https:\\\/\\\/www.encontrapiracicaba.com.br\\\/sobre\\\/noticias-em-piracicaba\\\/#listItem\",\"name\":\"Not\\u00edcias Piracicaba\"}}]},{\"@type\":\"Organization\",\"@id\":\"https:\\\/\\\/www.encontrapiracicaba.com.br\\\/sobre\\\/#organization\",\"name\":\"Encontra Piracicaba\",\"description\":\"Not\\u00edcias, eventos, informa\\u00e7\\u00f5es e dicas na cidade de Piracicaba e regi\\u00e3o\",\"url\":\"https:\\\/\\\/www.encontrapiracicaba.com.br\\\/sobre\\\/\"},{\"@type\":\"Person\",\"@id\":\"https:\\\/\\\/www.encontrapiracicaba.com.br\\\/sobre\\\/author\\\/epiracicaba\\\/#author\",\"url\":\"https:\\\/\\\/www.encontrapiracicaba.com.br\\\/sobre\\\/author\\\/epiracicaba\\\/\",\"name\":\"Encontra Piracicaba\",\"image\":{\"@type\":\"ImageObject\",\"@id\":\"https:\\\/\\\/www.encontrapiracicaba.com.br\\\/sobre\\\/vereador-questiona-encerramento-de-projeto-social-voltado-a-adolescentes\\\/#authorImage\",\"url\":\"https:\\\/\\\/secure.gravatar.com\\\/avatar\\\/507340682b8270222e1f208e23198b6ae7e2c6a1033ae84e99bc6bce4f82a387?s=96&d=mm&r=g\",\"width\":96,\"height\":96,\"caption\":\"Encontra Piracicaba\"}},{\"@type\":\"WebPage\",\"@id\":\"https:\\\/\\\/www.encontrapiracicaba.com.br\\\/sobre\\\/vereador-questiona-encerramento-de-projeto-social-voltado-a-adolescentes\\\/#webpage\",\"url\":\"https:\\\/\\\/www.encontrapiracicaba.com.br\\\/sobre\\\/vereador-questiona-encerramento-de-projeto-social-voltado-a-adolescentes\\\/\",\"name\":\"Vereador questiona encerramento de projeto social voltado a adolescentes | Encontra Piracicaba\",\"inLanguage\":\"pt-BR\",\"isPartOf\":{\"@id\":\"https:\\\/\\\/www.encontrapiracicaba.com.br\\\/sobre\\\/#website\"},\"breadcrumb\":{\"@id\":\"https:\\\/\\\/www.encontrapiracicaba.com.br\\\/sobre\\\/vereador-questiona-encerramento-de-projeto-social-voltado-a-adolescentes\\\/#breadcrumblist\"},\"author\":{\"@id\":\"https:\\\/\\\/www.encontrapiracicaba.com.br\\\/sobre\\\/author\\\/epiracicaba\\\/#author\"},\"creator\":{\"@id\":\"https:\\\/\\\/www.encontrapiracicaba.com.br\\\/sobre\\\/author\\\/epiracicaba\\\/#author\"},\"image\":{\"@type\":\"ImageObject\",\"url\":\"https:\\\/\\\/www.encontrapiracicaba.com.br\\\/sobre\\\/wp-content\\\/uploads\\\/vereador-questiona-encerramento-de-projeto-social-voltado-a-adolescentes.webp\",\"@id\":\"https:\\\/\\\/www.encontrapiracicaba.com.br\\\/sobre\\\/vereador-questiona-encerramento-de-projeto-social-voltado-a-adolescentes\\\/#mainImage\",\"width\":280,\"height\":280,\"caption\":\"encerramento de projeto social\"},\"primaryImageOfPage\":{\"@id\":\"https:\\\/\\\/www.encontrapiracicaba.com.br\\\/sobre\\\/vereador-questiona-encerramento-de-projeto-social-voltado-a-adolescentes\\\/#mainImage\"},\"datePublished\":\"2026-03-02T11:44:00-03:00\",\"dateModified\":\"2026-03-02T11:44:00-03:00\"},{\"@type\":\"WebSite\",\"@id\":\"https:\\\/\\\/www.encontrapiracicaba.com.br\\\/sobre\\\/#website\",\"url\":\"https:\\\/\\\/www.encontrapiracicaba.com.br\\\/sobre\\\/\",\"name\":\"Encontra Piracicaba\",\"description\":\"Not\\u00edcias, eventos, informa\\u00e7\\u00f5es e dicas na cidade de Piracicaba e regi\\u00e3o\",\"inLanguage\":\"pt-BR\",\"publisher\":{\"@id\":\"https:\\\/\\\/www.encontrapiracicaba.com.br\\\/sobre\\\/#organization\"}}]}\n\t\t<\/script>\n\t\t<!-- All in One SEO -->\n\n","aioseo_head_json":{"title":"Vereador questiona encerramento de projeto social voltado a adolescentes | Encontra Piracicaba","description":"","canonical_url":"https:\/\/www.encontrapiracicaba.com.br\/sobre\/vereador-questiona-encerramento-de-projeto-social-voltado-a-adolescentes\/","robots":"max-image-preview:large","keywords":"","webmasterTools":{"miscellaneous":""},"schema":{"@context":"https:\/\/schema.org","@graph":[{"@type":"Article","@id":"https:\/\/www.encontrapiracicaba.com.br\/sobre\/vereador-questiona-encerramento-de-projeto-social-voltado-a-adolescentes\/#article","name":"Vereador questiona encerramento de projeto social voltado a adolescentes | Encontra Piracicaba","headline":"Vereador questiona encerramento de projeto social voltado a adolescentes","author":{"@id":"https:\/\/www.encontrapiracicaba.com.br\/sobre\/author\/epiracicaba\/#author"},"publisher":{"@id":"https:\/\/www.encontrapiracicaba.com.br\/sobre\/#organization"},"image":{"@type":"ImageObject","url":"https:\/\/www.encontrapiracicaba.com.br\/sobre\/wp-content\/uploads\/vereador-questiona-encerramento-de-projeto-social-voltado-a-adolescentes.webp","width":280,"height":280,"caption":"encerramento de projeto social"},"datePublished":"2026-03-02T11:44:00-03:00","dateModified":"2026-03-02T11:44:00-03:00","inLanguage":"pt-BR","mainEntityOfPage":{"@id":"https:\/\/www.encontrapiracicaba.com.br\/sobre\/vereador-questiona-encerramento-de-projeto-social-voltado-a-adolescentes\/#webpage"},"isPartOf":{"@id":"https:\/\/www.encontrapiracicaba.com.br\/sobre\/vereador-questiona-encerramento-de-projeto-social-voltado-a-adolescentes\/#webpage"},"articleSection":"Not\u00edcias Piracicaba"},{"@type":"BreadcrumbList","@id":"https:\/\/www.encontrapiracicaba.com.br\/sobre\/vereador-questiona-encerramento-de-projeto-social-voltado-a-adolescentes\/#breadcrumblist","itemListElement":[{"@type":"ListItem","@id":"https:\/\/www.encontrapiracicaba.com.br\/sobre#listItem","position":1,"name":"In\u00edcio","item":"https:\/\/www.encontrapiracicaba.com.br\/sobre","nextItem":{"@type":"ListItem","@id":"https:\/\/www.encontrapiracicaba.com.br\/sobre\/noticias-em-piracicaba\/#listItem","name":"Not\u00edcias Piracicaba"}},{"@type":"ListItem","@id":"https:\/\/www.encontrapiracicaba.com.br\/sobre\/noticias-em-piracicaba\/#listItem","position":2,"name":"Not\u00edcias Piracicaba","item":"https:\/\/www.encontrapiracicaba.com.br\/sobre\/noticias-em-piracicaba\/","nextItem":{"@type":"ListItem","@id":"https:\/\/www.encontrapiracicaba.com.br\/sobre\/vereador-questiona-encerramento-de-projeto-social-voltado-a-adolescentes\/#listItem","name":"Vereador questiona encerramento de projeto social voltado a adolescentes"},"previousItem":{"@type":"ListItem","@id":"https:\/\/www.encontrapiracicaba.com.br\/sobre#listItem","name":"In\u00edcio"}},{"@type":"ListItem","@id":"https:\/\/www.encontrapiracicaba.com.br\/sobre\/vereador-questiona-encerramento-de-projeto-social-voltado-a-adolescentes\/#listItem","position":3,"name":"Vereador questiona encerramento de projeto social voltado a adolescentes","previousItem":{"@type":"ListItem","@id":"https:\/\/www.encontrapiracicaba.com.br\/sobre\/noticias-em-piracicaba\/#listItem","name":"Not\u00edcias Piracicaba"}}]},{"@type":"Organization","@id":"https:\/\/www.encontrapiracicaba.com.br\/sobre\/#organization","name":"Encontra Piracicaba","description":"Not\u00edcias, eventos, informa\u00e7\u00f5es e dicas na cidade de Piracicaba e regi\u00e3o","url":"https:\/\/www.encontrapiracicaba.com.br\/sobre\/"},{"@type":"Person","@id":"https:\/\/www.encontrapiracicaba.com.br\/sobre\/author\/epiracicaba\/#author","url":"https:\/\/www.encontrapiracicaba.com.br\/sobre\/author\/epiracicaba\/","name":"Encontra Piracicaba","image":{"@type":"ImageObject","@id":"https:\/\/www.encontrapiracicaba.com.br\/sobre\/vereador-questiona-encerramento-de-projeto-social-voltado-a-adolescentes\/#authorImage","url":"https:\/\/secure.gravatar.com\/avatar\/507340682b8270222e1f208e23198b6ae7e2c6a1033ae84e99bc6bce4f82a387?s=96&d=mm&r=g","width":96,"height":96,"caption":"Encontra Piracicaba"}},{"@type":"WebPage","@id":"https:\/\/www.encontrapiracicaba.com.br\/sobre\/vereador-questiona-encerramento-de-projeto-social-voltado-a-adolescentes\/#webpage","url":"https:\/\/www.encontrapiracicaba.com.br\/sobre\/vereador-questiona-encerramento-de-projeto-social-voltado-a-adolescentes\/","name":"Vereador questiona encerramento de projeto social voltado a adolescentes | Encontra Piracicaba","inLanguage":"pt-BR","isPartOf":{"@id":"https:\/\/www.encontrapiracicaba.com.br\/sobre\/#website"},"breadcrumb":{"@id":"https:\/\/www.encontrapiracicaba.com.br\/sobre\/vereador-questiona-encerramento-de-projeto-social-voltado-a-adolescentes\/#breadcrumblist"},"author":{"@id":"https:\/\/www.encontrapiracicaba.com.br\/sobre\/author\/epiracicaba\/#author"},"creator":{"@id":"https:\/\/www.encontrapiracicaba.com.br\/sobre\/author\/epiracicaba\/#author"},"image":{"@type":"ImageObject","url":"https:\/\/www.encontrapiracicaba.com.br\/sobre\/wp-content\/uploads\/vereador-questiona-encerramento-de-projeto-social-voltado-a-adolescentes.webp","@id":"https:\/\/www.encontrapiracicaba.com.br\/sobre\/vereador-questiona-encerramento-de-projeto-social-voltado-a-adolescentes\/#mainImage","width":280,"height":280,"caption":"encerramento de projeto social"},"primaryImageOfPage":{"@id":"https:\/\/www.encontrapiracicaba.com.br\/sobre\/vereador-questiona-encerramento-de-projeto-social-voltado-a-adolescentes\/#mainImage"},"datePublished":"2026-03-02T11:44:00-03:00","dateModified":"2026-03-02T11:44:00-03:00"},{"@type":"WebSite","@id":"https:\/\/www.encontrapiracicaba.com.br\/sobre\/#website","url":"https:\/\/www.encontrapiracicaba.com.br\/sobre\/","name":"Encontra Piracicaba","description":"Not\u00edcias, eventos, informa\u00e7\u00f5es e dicas na cidade de Piracicaba e regi\u00e3o","inLanguage":"pt-BR","publisher":{"@id":"https:\/\/www.encontrapiracicaba.com.br\/sobre\/#organization"}}]},"og:locale":"pt_BR","og:site_name":"Encontra Piracicaba | Not\u00edcias, eventos, informa\u00e7\u00f5es e dicas na cidade de Piracicaba e regi\u00e3o","og:type":"article","og:title":"Vereador questiona encerramento de projeto social voltado a adolescentes | Encontra Piracicaba","og:url":"https:\/\/www.encontrapiracicaba.com.br\/sobre\/vereador-questiona-encerramento-de-projeto-social-voltado-a-adolescentes\/","article:published_time":"2026-03-02T14:44:00+00:00","article:modified_time":"2026-03-02T14:44:00+00:00","twitter:card":"summary","twitter:title":"Vereador questiona encerramento de projeto social voltado a adolescentes | Encontra Piracicaba"},"aioseo_meta_data":{"post_id":"4244","title":null,"description":null,"keywords":null,"keyphrases":null,"primary_term":null,"canonical_url":null,"og_title":null,"og_description":null,"og_object_type":"default","og_image_type":"default","og_image_url":null,"og_image_width":null,"og_image_height":null,"og_image_custom_url":null,"og_image_custom_fields":null,"og_video":null,"og_custom_url":null,"og_article_section":null,"og_article_tags":null,"twitter_use_og":false,"twitter_card":"default","twitter_image_type":"default","twitter_image_url":null,"twitter_image_custom_url":null,"twitter_image_custom_fields":null,"twitter_title":null,"twitter_description":null,"schema":{"blockGraphs":[],"customGraphs":[],"default":{"data":{"Article":[],"Course":[],"Dataset":[],"FAQPage":[],"Movie":[],"Person":[],"Product":[],"ProductReview":[],"Car":[],"Recipe":[],"Service":[],"SoftwareApplication":[],"WebPage":[]},"graphName":"Article","isEnabled":true},"graphs":[]},"schema_type":"default","schema_type_options":null,"pillar_content":false,"robots_default":true,"robots_noindex":false,"robots_noarchive":false,"robots_nosnippet":false,"robots_nofollow":false,"robots_noimageindex":false,"robots_noodp":false,"robots_notranslate":false,"robots_max_snippet":null,"robots_max_videopreview":null,"robots_max_imagepreview":"large","priority":null,"frequency":null,"local_seo":null,"breadcrumb_settings":null,"limit_modified_date":false,"ai":null,"created":"2026-03-02 14:44:07","updated":"2026-03-02 14:48:14","focus_keyword":null,"additional_keywords":null,"truseo_locale":null,"seo_analyzer_scan_date":null},"aioseo_breadcrumb":"<div class=\"aioseo-breadcrumbs\"><span class=\"aioseo-breadcrumb\">\n\t\t\t<a href=\"https:\/\/www.encontrapiracicaba.com.br\/sobre\" title=\"In\u00edcio\">In\u00edcio<\/a>\n\t\t<\/span><span class=\"aioseo-breadcrumb-separator\">&raquo;<\/span><span class=\"aioseo-breadcrumb\">\n\t\t\t<a href=\"https:\/\/www.encontrapiracicaba.com.br\/sobre\/noticias-em-piracicaba\/\" title=\"Not\u00edcias Piracicaba\">Not\u00edcias Piracicaba<\/a>\n\t\t<\/span><span class=\"aioseo-breadcrumb-separator\">&raquo;<\/span><span class=\"aioseo-breadcrumb\">\n\t\t\tVereador questiona encerramento de projeto social voltado a adolescentes\n\t\t<\/span><\/div>","aioseo_breadcrumb_json":[{"label":"In\u00edcio","link":"https:\/\/www.encontrapiracicaba.com.br\/sobre"},{"label":"Not\u00edcias Piracicaba","link":"https:\/\/www.encontrapiracicaba.com.br\/sobre\/noticias-em-piracicaba\/"},{"label":"Vereador questiona encerramento de projeto social voltado a adolescentes","link":"https:\/\/www.encontrapiracicaba.com.br\/sobre\/vereador-questiona-encerramento-de-projeto-social-voltado-a-adolescentes\/"}],"_links":{"self":[{"href":"https:\/\/www.encontrapiracicaba.com.br\/sobre\/wp-json\/wp\/v2\/posts\/4244","targetHints":{"allow":["GET"]}}],"collection":[{"href":"https:\/\/www.encontrapiracicaba.com.br\/sobre\/wp-json\/wp\/v2\/posts"}],"about":[{"href":"https:\/\/www.encontrapiracicaba.com.br\/sobre\/wp-json\/wp\/v2\/types\/post"}],"author":[{"embeddable":true,"href":"https:\/\/www.encontrapiracicaba.com.br\/sobre\/wp-json\/wp\/v2\/users\/1"}],"replies":[{"embeddable":true,"href":"https:\/\/www.encontrapiracicaba.com.br\/sobre\/wp-json\/wp\/v2\/comments?post=4244"}],"version-history":[{"count":0,"href":"https:\/\/www.encontrapiracicaba.com.br\/sobre\/wp-json\/wp\/v2\/posts\/4244\/revisions"}],"wp:featuredmedia":[{"embeddable":true,"href":"https:\/\/www.encontrapiracicaba.com.br\/sobre\/wp-json\/wp\/v2\/media\/4243"}],"wp:attachment":[{"href":"https:\/\/www.encontrapiracicaba.com.br\/sobre\/wp-json\/wp\/v2\/media?parent=4244"}],"wp:term":[{"taxonomy":"category","embeddable":true,"href":"https:\/\/www.encontrapiracicaba.com.br\/sobre\/wp-json\/wp\/v2\/categories?post=4244"},{"taxonomy":"post_tag","embeddable":true,"href":"https:\/\/www.encontrapiracicaba.com.br\/sobre\/wp-json\/wp\/v2\/tags?post=4244"}],"curies":[{"name":"wp","href":"https:\/\/api.w.org\/{rel}","templated":true}]}}