{"id":4248,"date":"2026-03-03T11:56:20","date_gmt":"2026-03-03T14:56:20","guid":{"rendered":"https:\/\/www.encontrapiracicaba.com.br\/sobre\/projeto-de-lei-denomina-estrada-municipal-na-regiao-do-pau-dalhinho\/"},"modified":"2026-03-03T11:56:20","modified_gmt":"2026-03-03T14:56:20","slug":"projeto-de-lei-denomina-estrada-municipal-na-regiao-do-pau-dalhinho","status":"publish","type":"post","link":"https:\/\/www.encontrapiracicaba.com.br\/sobre\/projeto-de-lei-denomina-estrada-municipal-na-regiao-do-pau-dalhinho\/","title":{"rendered":"Projeto de lei denomina estrada municipal na regi\u00e3o do Pau D\u2019Alhinho"},"content":{"rendered":"<div class=\"85df007ed5c0c4d4b453fd13a37855e8\" data-index=\"1\" style=\"float: none; margin:0px;\">\n<!-- Anuncio display - global -->\r\n<ins class=\"adsbygoogle\"\r\n     style=\"display:block\"\r\n     data-ad-client=\"ca-pub-8585364105181520\"\r\n     data-ad-slot=\"8789329856\"\r\n     data-ad-format=\"auto\"\r\n     data-full-width-responsive=\"true\"><\/ins>\r\n<script>\r\n     (adsbygoogle = window.adsbygoogle || []).push({});\r\n<\/script>\n<\/div>\n<h2>O Projeto de Lei e Suas Implica\u00e7\u00f5es<\/h2>\n<p>Na \u00faltima quinta-feira, durante a 6\u00aa Reuni\u00e3o Ordin\u00e1ria da C\u00e2mara Municipal de Piracicaba, foi aprovado o projeto de lei n\u00ba 311\/2025, proposto pelo vereador Josef Borges (PP). Esse documento visa a formaliza\u00e7\u00e3o da nova denomina\u00e7\u00e3o de uma via rural localizada na regi\u00e3o conhecida como Pau D\u2019Alhinho. A estrada, anteriormente designada como PIR-286, passar\u00e1 a ser chamada de <strong>Estrada Municipal Josefina Fuzatto de Almeida<\/strong>.<\/p>\n<p>O prop\u00f3sito deste projeto \u00e9 assegurar que a nova nomenclatura da estrada seja registrada e reconhecido oficialmente pelo sistema municipal. O projeto inclui diretrizes claras sobre como a estrada ser\u00e1 identificada, baseando-se em registros e coordenadas geogr\u00e1ficas que est\u00e3o dispon\u00edveis no sistema de refer\u00eancia territorial do munic\u00edpio, aprimorando assim a gest\u00e3o dos endere\u00e7os em Piracicaba.<\/p>\n<h2>Quem \u00e9 Josefina Fuzatto de Almeida?<\/h2>\n<p>Josefina Fuzatto de Almeida, homenageada com a nova denomina\u00e7\u00e3o da estrada, possui uma trajet\u00f3ria de vida marcada pelo envolvimento com a agricultura e a comunidade local. Nascida no bairro dos Godinhos, Josefina cresceu em uma fam\u00edlia de agricultores e desde a inf\u00e2ncia esteve imersa nas atividades rurais da regi\u00e3o. Sua contribui\u00e7\u00e3o vai al\u00e9m do campo, dado que ela tamb\u00e9m participou ativamente na esfera religiosa da comunidade, exercendo por aproximadamente 30 anos a fun\u00e7\u00e3o de ministra da Eucaristia e colaborando em diversos eventos da Capela S\u00e3o Roque, fortalecendo os la\u00e7os comunit\u00e1rios.<\/p>\n<p><img decoding=\"async\" src=\"https:\/\/www.encontrapiracicaba.com.br\/sobre\/wp-content\/uploads\/projeto-de-lei-denomina-estrada-municipal-na-regiao-do-pau-d-alhinho.webp\" alt=\"Estrada Municipal Josefina Fuzatto de Almeida\" loading=\"lazy\" \/><\/p>\n<h2>A Hist\u00f3ria da Estrada Municipal<\/h2>\n<p>A Estrada Municipal Josefina Fuzatto de Almeida n\u00e3o \u00e9 apenas uma via de acesso, mas um elemento significativo para a comunidade local, representando a intersec\u00e7\u00e3o de hist\u00f3rias e viv\u00eancias de muitos moradores da regi\u00e3o. Ao longo dos anos, esta estrada tem servido como um importante canal de liga\u00e7\u00e3o para atividades rurais e eventos comunit\u00e1rios, refletindo a evolu\u00e7\u00e3o da infraestrutura rural de Piracicaba.<\/p>\n<p>A mudan\u00e7a de nome visa n\u00e3o apenas oferecer uma identidade \u00e0 estrada, mas tamb\u00e9m criar um senso de pertencimento e valoriza\u00e7\u00e3o de figuras que tiveram um impacto positivo na hist\u00f3ria da localidade. O reconhecimento de Josefina, que dedicou sua vida ao servi\u00e7o comunit\u00e1rio e ao trabalho no campo, \u00e9 um exemplo de como as pequenas a\u00e7\u00f5es e compromissos podem ter um efeito duradouro nas comunidades.<\/p>\n<h2>Import\u00e2ncia das Homenagens nas Comunidades<\/h2>\n<p>Homenagens como a que se promove com a denomina\u00e7\u00e3o da estrada s\u00e3o vitais para a preserva\u00e7\u00e3o da mem\u00f3ria local e para reconhecer as contribui\u00e7\u00f5es significativas de seus membros. Elas ajudam a cultivar a identidade local e refor\u00e7ar a liga\u00e7\u00e3o entre os cidad\u00e3os e suas ra\u00edzes, promovendo a valoriza\u00e7\u00e3o das tradi\u00e7\u00f5es e hist\u00f3rias que moldam cada comunidade.<\/p>\n<p>Com a mudan\u00e7a do nome da estrada, h\u00e1 uma oportunidade de engajamento da popula\u00e7\u00e3o, estimulando conversas sobre a hist\u00f3ria local e o legado de pessoas que fizeram a diferen\u00e7a. Tal reconhecimento tamb\u00e9m incentiva a futura gera\u00e7\u00e3o a valorizar e respeitar suas tradi\u00e7\u00f5es enquanto observa seu papel no desenvolvimento da comunidade.<\/p>\n<h2>A C\u00e2mara Municipal e Suas Decis\u00f5es<\/h2>\n<p>A C\u00e2mara Municipal de Piracicaba desempenha um papel fundamental no processo legislativo, avaliando e aprovando projetos que impactam diretamente a vida dos cidad\u00e3os. A delibera\u00e7\u00e3o sobre a denomina\u00e7\u00e3o de vias p\u00fablicas \u00e9 uma responsabilidade significativa, pois tais decis\u00f5es afetam a identidade dos bairros e, consequentemente, a percep\u00e7\u00e3o comunit\u00e1ria sobre o local.<\/p>\n<p>Atrav\u00e9s de propostas como a de denominar a estrada em homenagem a Josefina Fuzatto de Almeida, a C\u00e2mara demonstra sua aten\u00e7\u00e3o \u00e0s quest\u00f5es locais e \u00e0 import\u00e2ncia de celebrar a cultura e as pessoas que a constru\u00edram. \u00c9 um exemplo de como a pol\u00edtica local pode ser uma ferramenta para a constru\u00e7\u00e3o comunit\u00e1ria.<\/p>\n<h2>Tudo Sobre o Processo de Denomina\u00e7\u00e3o<\/h2>\n<p>O processo para a denomina\u00e7\u00e3o de uma estrada envolve v\u00e1rias etapas e requer um quadro completo de refer\u00eancia legal e geogr\u00e1fico. Primeiramente, \u00e9 necess\u00e1rio apresentar um projeto de lei que deve ser redigido e documentado conforme as normas legislativas da C\u00e2mara. Este projeto \u00e9 ent\u00e3o discutido e votado em sess\u00e3o p\u00fablica, garantindo a transpar\u00eancia e a participa\u00e7\u00e3o da comunidade nas decis\u00f5es que a afetam.<\/p>\n<p>Ap\u00f3s a aprova\u00e7\u00e3o, a nova nomenclatura \u00e9 registrada e passa a ser utilizada nos documentos e mapas do munic\u00edpio, assegurando que a designa\u00e7\u00e3o da via esteja oficialmente reconhecida. O envolvimento da popula\u00e7\u00e3o nesse processo tamb\u00e9m \u00e9 crucial, j\u00e1 que as sugest\u00f5es e cr\u00edticas podem influenciar a elabora\u00e7\u00e3o e a execu\u00e7\u00e3o das propostas.<\/p>\n<h2>Impacto na Comunidade Local<\/h2>\n<p>A mudan\u00e7a na denomina\u00e7\u00e3o da estrada traz consigo um impacto positivo para a comunidade local. Essa mudan\u00e7a d\u00e1 visibilidade \u00e0 contribui\u00e7\u00e3o de Josefina Fuzatto de Almeida, relembrando os cidad\u00e3os da import\u00e2ncia do empenho individual e coletivo para o fortalecimento da comunidade.<\/p>\n<p>Al\u00e9m disso, a nova identifica\u00e7\u00e3o tamb\u00e9m pode estimular o turismo local, \u00e0 medida que as pessoas se interessam pela hist\u00f3ria por tr\u00e1s dos nomes de ruas e estradas, conduzindo-as a explorar a cultura e o patrim\u00f4nio do lugar. O nome da estrada se torna, portanto, um convite \u00e0 pesquisa e \u00e0 valoriza\u00e7\u00e3o da hist\u00f3ria local.<\/p>\n<h2>Rea\u00e7\u00e3o dos Moradores \u00e0 Mudan\u00e7a<\/h2>\n<p>As rea\u00e7\u00f5es dos moradores \u00e0 mudan\u00e7a de nome da estrada t\u00eam sido predominantemente positivas. Muitos expressaram seu entusiasmo por ver uma figura t\u00e3o importante para a comunidade ser homenageada de maneira t\u00e3o significativa. Essa aceita\u00e7\u00e3o geralmente \u00e9 acompanhada por um renovado interesse nas hist\u00f3rias locais, incentivando uma maior intera\u00e7\u00e3o social e um sentido de pertencimento.<\/p>\n<p>Contudo, como em qualquer mudan\u00e7a, tamb\u00e9m existem opini\u00f5es diversas. Alguns moradores questionaram a necessidade da renomea\u00e7\u00e3o e expressaram seu descontentamento com a ideia de ressignificar algo que j\u00e1 tinha um nome estabelecido. Este tipo de feedback \u00e9 essencial para a C\u00e2mara, pois oferece uma oportunidade para discutir as preocupa\u00e7\u00f5es da comunidade e avaliar como as decis\u00f5es afetam cada residente.<\/p>\n<h2>As Novas Identifica\u00e7\u00f5es de Estradas<\/h2>\n<p>A identifica\u00e7\u00e3o de estradas \u00e9 uma parte crucial para a organiza\u00e7\u00e3o urbana e rural. As novas denomina\u00e7\u00f5es ajudam a facilitar a navega\u00e7\u00e3o e a identifica\u00e7\u00e3o de \u00e1reas espec\u00edficas. Isso \u00e9 ainda mais relevante em regi\u00f5es que recebem um fluxo significativo de visitantes ou onde atividades econ\u00f4micas est\u00e3o em expans\u00e3o.<\/p>\n<p>Al\u00e9m de facilitar a locomo\u00e7\u00e3o, essas denomina\u00e7\u00f5es podem enriquecer o sentido de identidade e cultura local. Novos nomes muitas vezes refletem as hist\u00f3rias e caracter\u00edsticas de indiv\u00edduos ou eventos que impactaram a regi\u00e3o, promovendo um senso de comunidade e pertencimento entre os moradores.<\/p>\n<h2>A\u00e7\u00e3o da C\u00e2mara Municipal sobre Infraestrutura<\/h2>\n<p>Al\u00e9m das homenagens, a C\u00e2mara Municipal de Piracicaba tamb\u00e9m se ativa no fortalecimento da infraestrutura local. A implementa\u00e7\u00e3o de melhorias nas estradas \u00e9 essencial para garantir a seguran\u00e7a e a mobilidade de todos. Este tipo de a\u00e7\u00e3o pr\u00e1tica complementa o reconhecimento simb\u00f3lico que ocorre atrav\u00e9s da denomina\u00e7\u00e3o das estradas.<\/p>\n<p>Atrav\u00e9s de uma comunica\u00e7\u00e3o cont\u00ednua com a popula\u00e7\u00e3o, a C\u00e2mara tamb\u00e9m se esfor\u00e7a para entender as necessidades da comunidade, adaptando suas a\u00e7\u00f5es e planejamento para que atendam \u00e0s demandas urgentes de infraestrutura e acessibilidade.<\/p>\n\n<div style=\"font-size: 0px; height: 0px; line-height: 0px; margin: 0; padding: 0; clear: both;\"><\/div>","protected":false},"excerpt":{"rendered":"<p>Estrada Municipal Josefina Fuzatto de Almeida \u00e9 a nova denomina\u00e7\u00e3o na regi\u00e3o do Pau D\u2019Alhinho.<\/p>\n","protected":false},"author":1,"featured_media":4247,"comment_status":"closed","ping_status":"closed","sticky":false,"template":"","format":"standard","meta":{"footnotes":""},"categories":[6],"tags":[],"class_list":["post-4248","post","type-post","status-publish","format-standard","has-post-thumbnail","hentry","category-noticias-em-piracicaba","has_thumb"],"aioseo_notices":[],"aioseo_head":"\n\t\t<!-- All in One SEO 5.0.0.1 - aioseo.com -->\n\t<meta name=\"robots\" content=\"max-image-preview:large\" \/>\n\t<meta name=\"author\" content=\"Encontra Piracicaba\"\/>\n\t<link rel=\"canonical\" href=\"https:\/\/www.encontrapiracicaba.com.br\/sobre\/projeto-de-lei-denomina-estrada-municipal-na-regiao-do-pau-dalhinho\/\" \/>\n\t<meta name=\"generator\" content=\"All in One SEO (AIOSEO) 5.0.0.1\" \/>\n\t\t<meta property=\"og:locale\" content=\"pt_BR\" \/>\n\t\t<meta property=\"og:site_name\" content=\"Encontra Piracicaba | Not\u00edcias, eventos, informa\u00e7\u00f5es e dicas na cidade de Piracicaba e regi\u00e3o\" \/>\n\t\t<meta property=\"og:type\" content=\"article\" \/>\n\t\t<meta property=\"og:title\" content=\"Projeto de lei denomina estrada municipal na regi\u00e3o do Pau D\u2019Alhinho | Encontra Piracicaba\" \/>\n\t\t<meta property=\"og:url\" content=\"https:\/\/www.encontrapiracicaba.com.br\/sobre\/projeto-de-lei-denomina-estrada-municipal-na-regiao-do-pau-dalhinho\/\" \/>\n\t\t<meta property=\"article:published_time\" content=\"2026-03-03T14:56:20+00:00\" \/>\n\t\t<meta property=\"article:modified_time\" content=\"2026-03-03T14:56:20+00:00\" \/>\n\t\t<meta name=\"twitter:card\" content=\"summary\" \/>\n\t\t<meta name=\"twitter:title\" content=\"Projeto de lei denomina estrada municipal na regi\u00e3o do Pau D\u2019Alhinho | Encontra Piracicaba\" \/>\n\t\t<script type=\"application\/ld+json\" class=\"aioseo-schema\">\n\t\t\t{\"@context\":\"https:\\\/\\\/schema.org\",\"@graph\":[{\"@type\":\"Article\",\"@id\":\"https:\\\/\\\/www.encontrapiracicaba.com.br\\\/sobre\\\/projeto-de-lei-denomina-estrada-municipal-na-regiao-do-pau-dalhinho\\\/#article\",\"name\":\"Projeto de lei denomina estrada municipal na regi\\u00e3o do Pau D\\u2019Alhinho | Encontra Piracicaba\",\"headline\":\"Projeto de lei denomina estrada municipal na regi\\u00e3o do Pau D\\u2019Alhinho\",\"author\":{\"@id\":\"https:\\\/\\\/www.encontrapiracicaba.com.br\\\/sobre\\\/author\\\/epiracicaba\\\/#author\"},\"publisher\":{\"@id\":\"https:\\\/\\\/www.encontrapiracicaba.com.br\\\/sobre\\\/#organization\"},\"image\":{\"@type\":\"ImageObject\",\"url\":\"https:\\\/\\\/www.encontrapiracicaba.com.br\\\/sobre\\\/wp-content\\\/uploads\\\/projeto-de-lei-denomina-estrada-municipal-na-regiao-do-pau-d-alhinho.webp\",\"width\":280,\"height\":280,\"caption\":\"Estrada Municipal Josefina Fuzatto de Almeida\"},\"datePublished\":\"2026-03-03T11:56:20-03:00\",\"dateModified\":\"2026-03-03T11:56:20-03:00\",\"inLanguage\":\"pt-BR\",\"mainEntityOfPage\":{\"@id\":\"https:\\\/\\\/www.encontrapiracicaba.com.br\\\/sobre\\\/projeto-de-lei-denomina-estrada-municipal-na-regiao-do-pau-dalhinho\\\/#webpage\"},\"isPartOf\":{\"@id\":\"https:\\\/\\\/www.encontrapiracicaba.com.br\\\/sobre\\\/projeto-de-lei-denomina-estrada-municipal-na-regiao-do-pau-dalhinho\\\/#webpage\"},\"articleSection\":\"Not\\u00edcias Piracicaba\"},{\"@type\":\"BreadcrumbList\",\"@id\":\"https:\\\/\\\/www.encontrapiracicaba.com.br\\\/sobre\\\/projeto-de-lei-denomina-estrada-municipal-na-regiao-do-pau-dalhinho\\\/#breadcrumblist\",\"itemListElement\":[{\"@type\":\"ListItem\",\"@id\":\"https:\\\/\\\/www.encontrapiracicaba.com.br\\\/sobre#listItem\",\"position\":1,\"name\":\"In\\u00edcio\",\"item\":\"https:\\\/\\\/www.encontrapiracicaba.com.br\\\/sobre\",\"nextItem\":{\"@type\":\"ListItem\",\"@id\":\"https:\\\/\\\/www.encontrapiracicaba.com.br\\\/sobre\\\/noticias-em-piracicaba\\\/#listItem\",\"name\":\"Not\\u00edcias Piracicaba\"}},{\"@type\":\"ListItem\",\"@id\":\"https:\\\/\\\/www.encontrapiracicaba.com.br\\\/sobre\\\/noticias-em-piracicaba\\\/#listItem\",\"position\":2,\"name\":\"Not\\u00edcias Piracicaba\",\"item\":\"https:\\\/\\\/www.encontrapiracicaba.com.br\\\/sobre\\\/noticias-em-piracicaba\\\/\",\"nextItem\":{\"@type\":\"ListItem\",\"@id\":\"https:\\\/\\\/www.encontrapiracicaba.com.br\\\/sobre\\\/projeto-de-lei-denomina-estrada-municipal-na-regiao-do-pau-dalhinho\\\/#listItem\",\"name\":\"Projeto de lei denomina estrada municipal na regi\\u00e3o do Pau D\\u2019Alhinho\"},\"previousItem\":{\"@type\":\"ListItem\",\"@id\":\"https:\\\/\\\/www.encontrapiracicaba.com.br\\\/sobre#listItem\",\"name\":\"In\\u00edcio\"}},{\"@type\":\"ListItem\",\"@id\":\"https:\\\/\\\/www.encontrapiracicaba.com.br\\\/sobre\\\/projeto-de-lei-denomina-estrada-municipal-na-regiao-do-pau-dalhinho\\\/#listItem\",\"position\":3,\"name\":\"Projeto de lei denomina estrada municipal na regi\\u00e3o do Pau D\\u2019Alhinho\",\"previousItem\":{\"@type\":\"ListItem\",\"@id\":\"https:\\\/\\\/www.encontrapiracicaba.com.br\\\/sobre\\\/noticias-em-piracicaba\\\/#listItem\",\"name\":\"Not\\u00edcias Piracicaba\"}}]},{\"@type\":\"Organization\",\"@id\":\"https:\\\/\\\/www.encontrapiracicaba.com.br\\\/sobre\\\/#organization\",\"name\":\"Encontra Piracicaba\",\"description\":\"Not\\u00edcias, eventos, informa\\u00e7\\u00f5es e dicas na cidade de Piracicaba e regi\\u00e3o\",\"url\":\"https:\\\/\\\/www.encontrapiracicaba.com.br\\\/sobre\\\/\"},{\"@type\":\"Person\",\"@id\":\"https:\\\/\\\/www.encontrapiracicaba.com.br\\\/sobre\\\/author\\\/epiracicaba\\\/#author\",\"url\":\"https:\\\/\\\/www.encontrapiracicaba.com.br\\\/sobre\\\/author\\\/epiracicaba\\\/\",\"name\":\"Encontra Piracicaba\",\"image\":{\"@type\":\"ImageObject\",\"@id\":\"https:\\\/\\\/www.encontrapiracicaba.com.br\\\/sobre\\\/projeto-de-lei-denomina-estrada-municipal-na-regiao-do-pau-dalhinho\\\/#authorImage\",\"url\":\"https:\\\/\\\/secure.gravatar.com\\\/avatar\\\/507340682b8270222e1f208e23198b6ae7e2c6a1033ae84e99bc6bce4f82a387?s=96&d=mm&r=g\",\"width\":96,\"height\":96,\"caption\":\"Encontra Piracicaba\"}},{\"@type\":\"WebPage\",\"@id\":\"https:\\\/\\\/www.encontrapiracicaba.com.br\\\/sobre\\\/projeto-de-lei-denomina-estrada-municipal-na-regiao-do-pau-dalhinho\\\/#webpage\",\"url\":\"https:\\\/\\\/www.encontrapiracicaba.com.br\\\/sobre\\\/projeto-de-lei-denomina-estrada-municipal-na-regiao-do-pau-dalhinho\\\/\",\"name\":\"Projeto de lei denomina estrada municipal na regi\\u00e3o do Pau D\\u2019Alhinho | Encontra Piracicaba\",\"inLanguage\":\"pt-BR\",\"isPartOf\":{\"@id\":\"https:\\\/\\\/www.encontrapiracicaba.com.br\\\/sobre\\\/#website\"},\"breadcrumb\":{\"@id\":\"https:\\\/\\\/www.encontrapiracicaba.com.br\\\/sobre\\\/projeto-de-lei-denomina-estrada-municipal-na-regiao-do-pau-dalhinho\\\/#breadcrumblist\"},\"author\":{\"@id\":\"https:\\\/\\\/www.encontrapiracicaba.com.br\\\/sobre\\\/author\\\/epiracicaba\\\/#author\"},\"creator\":{\"@id\":\"https:\\\/\\\/www.encontrapiracicaba.com.br\\\/sobre\\\/author\\\/epiracicaba\\\/#author\"},\"image\":{\"@type\":\"ImageObject\",\"url\":\"https:\\\/\\\/www.encontrapiracicaba.com.br\\\/sobre\\\/wp-content\\\/uploads\\\/projeto-de-lei-denomina-estrada-municipal-na-regiao-do-pau-d-alhinho.webp\",\"@id\":\"https:\\\/\\\/www.encontrapiracicaba.com.br\\\/sobre\\\/projeto-de-lei-denomina-estrada-municipal-na-regiao-do-pau-dalhinho\\\/#mainImage\",\"width\":280,\"height\":280,\"caption\":\"Estrada Municipal Josefina Fuzatto de Almeida\"},\"primaryImageOfPage\":{\"@id\":\"https:\\\/\\\/www.encontrapiracicaba.com.br\\\/sobre\\\/projeto-de-lei-denomina-estrada-municipal-na-regiao-do-pau-dalhinho\\\/#mainImage\"},\"datePublished\":\"2026-03-03T11:56:20-03:00\",\"dateModified\":\"2026-03-03T11:56:20-03:00\"},{\"@type\":\"WebSite\",\"@id\":\"https:\\\/\\\/www.encontrapiracicaba.com.br\\\/sobre\\\/#website\",\"url\":\"https:\\\/\\\/www.encontrapiracicaba.com.br\\\/sobre\\\/\",\"name\":\"Encontra Piracicaba\",\"description\":\"Not\\u00edcias, eventos, informa\\u00e7\\u00f5es e dicas na cidade de Piracicaba e regi\\u00e3o\",\"inLanguage\":\"pt-BR\",\"publisher\":{\"@id\":\"https:\\\/\\\/www.encontrapiracicaba.com.br\\\/sobre\\\/#organization\"}}]}\n\t\t<\/script>\n\t\t<!-- All in One SEO -->\n\n","aioseo_head_json":{"title":"Projeto de lei denomina estrada municipal na regi\u00e3o do Pau D\u2019Alhinho | Encontra Piracicaba","description":"","canonical_url":"https:\/\/www.encontrapiracicaba.com.br\/sobre\/projeto-de-lei-denomina-estrada-municipal-na-regiao-do-pau-dalhinho\/","robots":"max-image-preview:large","keywords":"","webmasterTools":{"miscellaneous":""},"schema":{"@context":"https:\/\/schema.org","@graph":[{"@type":"Article","@id":"https:\/\/www.encontrapiracicaba.com.br\/sobre\/projeto-de-lei-denomina-estrada-municipal-na-regiao-do-pau-dalhinho\/#article","name":"Projeto de lei denomina estrada municipal na regi\u00e3o do Pau D\u2019Alhinho | Encontra Piracicaba","headline":"Projeto de lei denomina estrada municipal na regi\u00e3o do Pau D\u2019Alhinho","author":{"@id":"https:\/\/www.encontrapiracicaba.com.br\/sobre\/author\/epiracicaba\/#author"},"publisher":{"@id":"https:\/\/www.encontrapiracicaba.com.br\/sobre\/#organization"},"image":{"@type":"ImageObject","url":"https:\/\/www.encontrapiracicaba.com.br\/sobre\/wp-content\/uploads\/projeto-de-lei-denomina-estrada-municipal-na-regiao-do-pau-d-alhinho.webp","width":280,"height":280,"caption":"Estrada Municipal Josefina Fuzatto de Almeida"},"datePublished":"2026-03-03T11:56:20-03:00","dateModified":"2026-03-03T11:56:20-03:00","inLanguage":"pt-BR","mainEntityOfPage":{"@id":"https:\/\/www.encontrapiracicaba.com.br\/sobre\/projeto-de-lei-denomina-estrada-municipal-na-regiao-do-pau-dalhinho\/#webpage"},"isPartOf":{"@id":"https:\/\/www.encontrapiracicaba.com.br\/sobre\/projeto-de-lei-denomina-estrada-municipal-na-regiao-do-pau-dalhinho\/#webpage"},"articleSection":"Not\u00edcias Piracicaba"},{"@type":"BreadcrumbList","@id":"https:\/\/www.encontrapiracicaba.com.br\/sobre\/projeto-de-lei-denomina-estrada-municipal-na-regiao-do-pau-dalhinho\/#breadcrumblist","itemListElement":[{"@type":"ListItem","@id":"https:\/\/www.encontrapiracicaba.com.br\/sobre#listItem","position":1,"name":"In\u00edcio","item":"https:\/\/www.encontrapiracicaba.com.br\/sobre","nextItem":{"@type":"ListItem","@id":"https:\/\/www.encontrapiracicaba.com.br\/sobre\/noticias-em-piracicaba\/#listItem","name":"Not\u00edcias Piracicaba"}},{"@type":"ListItem","@id":"https:\/\/www.encontrapiracicaba.com.br\/sobre\/noticias-em-piracicaba\/#listItem","position":2,"name":"Not\u00edcias Piracicaba","item":"https:\/\/www.encontrapiracicaba.com.br\/sobre\/noticias-em-piracicaba\/","nextItem":{"@type":"ListItem","@id":"https:\/\/www.encontrapiracicaba.com.br\/sobre\/projeto-de-lei-denomina-estrada-municipal-na-regiao-do-pau-dalhinho\/#listItem","name":"Projeto de lei denomina estrada municipal na regi\u00e3o do Pau D\u2019Alhinho"},"previousItem":{"@type":"ListItem","@id":"https:\/\/www.encontrapiracicaba.com.br\/sobre#listItem","name":"In\u00edcio"}},{"@type":"ListItem","@id":"https:\/\/www.encontrapiracicaba.com.br\/sobre\/projeto-de-lei-denomina-estrada-municipal-na-regiao-do-pau-dalhinho\/#listItem","position":3,"name":"Projeto de lei denomina estrada municipal na regi\u00e3o do Pau D\u2019Alhinho","previousItem":{"@type":"ListItem","@id":"https:\/\/www.encontrapiracicaba.com.br\/sobre\/noticias-em-piracicaba\/#listItem","name":"Not\u00edcias Piracicaba"}}]},{"@type":"Organization","@id":"https:\/\/www.encontrapiracicaba.com.br\/sobre\/#organization","name":"Encontra Piracicaba","description":"Not\u00edcias, eventos, informa\u00e7\u00f5es e dicas na cidade de Piracicaba e regi\u00e3o","url":"https:\/\/www.encontrapiracicaba.com.br\/sobre\/"},{"@type":"Person","@id":"https:\/\/www.encontrapiracicaba.com.br\/sobre\/author\/epiracicaba\/#author","url":"https:\/\/www.encontrapiracicaba.com.br\/sobre\/author\/epiracicaba\/","name":"Encontra Piracicaba","image":{"@type":"ImageObject","@id":"https:\/\/www.encontrapiracicaba.com.br\/sobre\/projeto-de-lei-denomina-estrada-municipal-na-regiao-do-pau-dalhinho\/#authorImage","url":"https:\/\/secure.gravatar.com\/avatar\/507340682b8270222e1f208e23198b6ae7e2c6a1033ae84e99bc6bce4f82a387?s=96&d=mm&r=g","width":96,"height":96,"caption":"Encontra Piracicaba"}},{"@type":"WebPage","@id":"https:\/\/www.encontrapiracicaba.com.br\/sobre\/projeto-de-lei-denomina-estrada-municipal-na-regiao-do-pau-dalhinho\/#webpage","url":"https:\/\/www.encontrapiracicaba.com.br\/sobre\/projeto-de-lei-denomina-estrada-municipal-na-regiao-do-pau-dalhinho\/","name":"Projeto de lei denomina estrada municipal na regi\u00e3o do Pau D\u2019Alhinho | Encontra Piracicaba","inLanguage":"pt-BR","isPartOf":{"@id":"https:\/\/www.encontrapiracicaba.com.br\/sobre\/#website"},"breadcrumb":{"@id":"https:\/\/www.encontrapiracicaba.com.br\/sobre\/projeto-de-lei-denomina-estrada-municipal-na-regiao-do-pau-dalhinho\/#breadcrumblist"},"author":{"@id":"https:\/\/www.encontrapiracicaba.com.br\/sobre\/author\/epiracicaba\/#author"},"creator":{"@id":"https:\/\/www.encontrapiracicaba.com.br\/sobre\/author\/epiracicaba\/#author"},"image":{"@type":"ImageObject","url":"https:\/\/www.encontrapiracicaba.com.br\/sobre\/wp-content\/uploads\/projeto-de-lei-denomina-estrada-municipal-na-regiao-do-pau-d-alhinho.webp","@id":"https:\/\/www.encontrapiracicaba.com.br\/sobre\/projeto-de-lei-denomina-estrada-municipal-na-regiao-do-pau-dalhinho\/#mainImage","width":280,"height":280,"caption":"Estrada Municipal Josefina Fuzatto de Almeida"},"primaryImageOfPage":{"@id":"https:\/\/www.encontrapiracicaba.com.br\/sobre\/projeto-de-lei-denomina-estrada-municipal-na-regiao-do-pau-dalhinho\/#mainImage"},"datePublished":"2026-03-03T11:56:20-03:00","dateModified":"2026-03-03T11:56:20-03:00"},{"@type":"WebSite","@id":"https:\/\/www.encontrapiracicaba.com.br\/sobre\/#website","url":"https:\/\/www.encontrapiracicaba.com.br\/sobre\/","name":"Encontra Piracicaba","description":"Not\u00edcias, eventos, informa\u00e7\u00f5es e dicas na cidade de Piracicaba e regi\u00e3o","inLanguage":"pt-BR","publisher":{"@id":"https:\/\/www.encontrapiracicaba.com.br\/sobre\/#organization"}}]},"og:locale":"pt_BR","og:site_name":"Encontra Piracicaba | Not\u00edcias, eventos, informa\u00e7\u00f5es e dicas na cidade de Piracicaba e regi\u00e3o","og:type":"article","og:title":"Projeto de lei denomina estrada municipal na regi\u00e3o do Pau D\u2019Alhinho | Encontra Piracicaba","og:url":"https:\/\/www.encontrapiracicaba.com.br\/sobre\/projeto-de-lei-denomina-estrada-municipal-na-regiao-do-pau-dalhinho\/","article:published_time":"2026-03-03T14:56:20+00:00","article:modified_time":"2026-03-03T14:56:20+00:00","twitter:card":"summary","twitter:title":"Projeto de lei denomina estrada municipal na regi\u00e3o do Pau D\u2019Alhinho | Encontra Piracicaba"},"aioseo_meta_data":{"post_id":"4248","title":null,"description":null,"keywords":null,"keyphrases":null,"primary_term":null,"canonical_url":null,"og_title":null,"og_description":null,"og_object_type":"default","og_image_type":"default","og_image_url":null,"og_image_width":null,"og_image_height":null,"og_image_custom_url":null,"og_image_custom_fields":null,"og_video":null,"og_custom_url":null,"og_article_section":null,"og_article_tags":null,"twitter_use_og":false,"twitter_card":"default","twitter_image_type":"default","twitter_image_url":null,"twitter_image_custom_url":null,"twitter_image_custom_fields":null,"twitter_title":null,"twitter_description":null,"schema":{"blockGraphs":[],"customGraphs":[],"default":{"data":{"Article":[],"Course":[],"Dataset":[],"FAQPage":[],"Movie":[],"Person":[],"Product":[],"ProductReview":[],"Car":[],"Recipe":[],"Service":[],"SoftwareApplication":[],"WebPage":[]},"graphName":"Article","isEnabled":true},"graphs":[]},"schema_type":"default","schema_type_options":null,"pillar_content":false,"robots_default":true,"robots_noindex":false,"robots_noarchive":false,"robots_nosnippet":false,"robots_nofollow":false,"robots_noimageindex":false,"robots_noodp":false,"robots_notranslate":false,"robots_max_snippet":null,"robots_max_videopreview":null,"robots_max_imagepreview":"large","priority":null,"frequency":null,"local_seo":null,"breadcrumb_settings":null,"limit_modified_date":false,"ai":null,"created":"2026-03-03 14:56:26","updated":"2026-03-03 15:10:26","focus_keyword":null,"additional_keywords":null,"truseo_locale":null,"seo_analyzer_scan_date":null},"aioseo_breadcrumb":"<div class=\"aioseo-breadcrumbs\"><span class=\"aioseo-breadcrumb\">\n\t\t\t<a href=\"https:\/\/www.encontrapiracicaba.com.br\/sobre\" title=\"In\u00edcio\">In\u00edcio<\/a>\n\t\t<\/span><span class=\"aioseo-breadcrumb-separator\">&raquo;<\/span><span class=\"aioseo-breadcrumb\">\n\t\t\t<a href=\"https:\/\/www.encontrapiracicaba.com.br\/sobre\/noticias-em-piracicaba\/\" title=\"Not\u00edcias Piracicaba\">Not\u00edcias Piracicaba<\/a>\n\t\t<\/span><span class=\"aioseo-breadcrumb-separator\">&raquo;<\/span><span class=\"aioseo-breadcrumb\">\n\t\t\tProjeto de lei denomina estrada municipal na regi\u00e3o do Pau D\u2019Alhinho\n\t\t<\/span><\/div>","aioseo_breadcrumb_json":[{"label":"In\u00edcio","link":"https:\/\/www.encontrapiracicaba.com.br\/sobre"},{"label":"Not\u00edcias Piracicaba","link":"https:\/\/www.encontrapiracicaba.com.br\/sobre\/noticias-em-piracicaba\/"},{"label":"Projeto de lei denomina estrada municipal na regi\u00e3o do Pau D\u2019Alhinho","link":"https:\/\/www.encontrapiracicaba.com.br\/sobre\/projeto-de-lei-denomina-estrada-municipal-na-regiao-do-pau-dalhinho\/"}],"_links":{"self":[{"href":"https:\/\/www.encontrapiracicaba.com.br\/sobre\/wp-json\/wp\/v2\/posts\/4248","targetHints":{"allow":["GET"]}}],"collection":[{"href":"https:\/\/www.encontrapiracicaba.com.br\/sobre\/wp-json\/wp\/v2\/posts"}],"about":[{"href":"https:\/\/www.encontrapiracicaba.com.br\/sobre\/wp-json\/wp\/v2\/types\/post"}],"author":[{"embeddable":true,"href":"https:\/\/www.encontrapiracicaba.com.br\/sobre\/wp-json\/wp\/v2\/users\/1"}],"replies":[{"embeddable":true,"href":"https:\/\/www.encontrapiracicaba.com.br\/sobre\/wp-json\/wp\/v2\/comments?post=4248"}],"version-history":[{"count":0,"href":"https:\/\/www.encontrapiracicaba.com.br\/sobre\/wp-json\/wp\/v2\/posts\/4248\/revisions"}],"wp:featuredmedia":[{"embeddable":true,"href":"https:\/\/www.encontrapiracicaba.com.br\/sobre\/wp-json\/wp\/v2\/media\/4247"}],"wp:attachment":[{"href":"https:\/\/www.encontrapiracicaba.com.br\/sobre\/wp-json\/wp\/v2\/media?parent=4248"}],"wp:term":[{"taxonomy":"category","embeddable":true,"href":"https:\/\/www.encontrapiracicaba.com.br\/sobre\/wp-json\/wp\/v2\/categories?post=4248"},{"taxonomy":"post_tag","embeddable":true,"href":"https:\/\/www.encontrapiracicaba.com.br\/sobre\/wp-json\/wp\/v2\/tags?post=4248"}],"curies":[{"name":"wp","href":"https:\/\/api.w.org\/{rel}","templated":true}]}}