{"id":4252,"date":"2026-03-04T11:41:31","date_gmt":"2026-03-04T14:41:31","guid":{"rendered":"https:\/\/www.encontrapiracicaba.com.br\/sobre\/camara-analisa-projetos-que-denominam-vias-publicas-em-piracicaba\/"},"modified":"2026-03-04T11:41:31","modified_gmt":"2026-03-04T14:41:31","slug":"camara-analisa-projetos-que-denominam-vias-publicas-em-piracicaba","status":"publish","type":"post","link":"https:\/\/www.encontrapiracicaba.com.br\/sobre\/camara-analisa-projetos-que-denominam-vias-publicas-em-piracicaba\/","title":{"rendered":"C\u00e2mara analisa projetos que denominam vias p\u00fablicas em Piracicaba"},"content":{"rendered":"<div class=\"85df007ed5c0c4d4b453fd13a37855e8\" data-index=\"1\" style=\"float: none; margin:0px;\">\n<!-- Anuncio display - global -->\r\n<ins class=\"adsbygoogle\"\r\n     style=\"display:block\"\r\n     data-ad-client=\"ca-pub-8585364105181520\"\r\n     data-ad-slot=\"8789329856\"\r\n     data-ad-format=\"auto\"\r\n     data-full-width-responsive=\"true\"><\/ins>\r\n<script>\r\n     (adsbygoogle = window.adsbygoogle || []).push({});\r\n<\/script>\n<\/div>\n<h2>Novas Denomina\u00e7\u00f5es de Ruas<\/h2>\n<p>No \u00e2mbito da C\u00e2mara Municipal de Piracicaba, diversos projetos t\u00eam se destacado na abordagem sobre a nomea\u00e7\u00e3o de vias p\u00fablicas. Recentemente, tr\u00eas propostas de lei foram analisadas e aprovadas em segunda discuss\u00e3o, visando a oficializa\u00e7\u00e3o de nomes para novos logradouros. Estas mudan\u00e7as s\u00e3o de grande import\u00e2ncia para a identifica\u00e7\u00e3o e valoriza\u00e7\u00e3o das \u00e1reas da cidade, refletindo a hist\u00f3ria e a mem\u00f3ria local.<\/p>\n<h2>Import\u00e2ncia da Identidade Local<\/h2>\n<p>A denomina\u00e7\u00e3o de ruas e outros espa\u00e7os p\u00fablicos \u00e9 fundamental para a constru\u00e7\u00e3o da identidade de uma cidade. Nomes de vias podem homenagear pessoas, fatos hist\u00f3ricos ou caracter\u00edsticas geogr\u00e1ficas. Essa pr\u00e1tica ajuda a fortalecer o senso de pertencimento dos moradores, contribuindo para a valoriza\u00e7\u00e3o da cultura local e da mem\u00f3ria coletiva. Ao nomear uma rua, a cidade tamb\u00e9m presta uma homenagem \u00e0quelas pessoas que, de alguma forma, deixaram uma contribui\u00e7\u00e3o significativa \u00e0 comunidade.<\/p>\n<h2>Neste Artigo: Detalhes dos Projetos<\/h2>\n<p>As propostas de nomea\u00e7\u00e3o discutidas t\u00eam como foco principal a identifica\u00e7\u00e3o de ruas em bairros estrat\u00e9gicos. O projeto de lei n\u00ba 197\/2025, apresentado pelo vereador Renan Paes, visa nomear a via que liga os bairros Cecap e S\u00e3o Francisco como &#8220;Sineide Raetz de Oliveira Polezi&#8221;. Essa denomina\u00e7\u00e3o honra uma pessoa que teve relev\u00e2ncia para a comunidade.<\/p>\n<p><img decoding=\"async\" src=\"https:\/\/www.encontrapiracicaba.com.br\/sobre\/wp-content\/uploads\/camara-analisa-projetos-que-denominam-vias-publicas-em-piracicaba.webp\" alt=\"denomina\u00e7\u00e3o de vias p\u00fablicas em Piracicaba\" loading=\"lazy\" \/><\/p>\n<p>Al\u00e9m disso, o projeto de lei n\u00ba 377\/2025, de autoria do vereador Edson Bertaia, prop\u00f5e que a rua 20 do loteamento residencial Reserva do Engenho 2, na \u00e1rea do Jardim Planalto, receba o nome de &#8220;Antonia Neide Aquarelli Nadalini&#8221;. Um terceiro projeto da mesma autoria sugere que a rua 17 do mesmo loteamento seja denominada &#8220;Renato Nadalini&#8221;, contribuindo para a preserva\u00e7\u00e3o da hist\u00f3ria local e a continuidade das homenagens.<\/p>\n<h2>Proposta de Renan Paes: Cecap e S\u00e3o Francisco<\/h2>\n<p>A proposta de Renan Paes \u00e9 significativa n\u00e3o apenas pela homenagem, mas tamb\u00e9m pela conex\u00e3o que estabelece entre os bairros Cecap e S\u00e3o Francisco. Essa via j\u00e1 \u00e9 utilizada como acesso, e sua oficializa\u00e7\u00e3o com um nome refor\u00e7ar\u00e1 a identidade daquela regi\u00e3o, facilitando a localiza\u00e7\u00e3o para residentes e visitantes. O nome escolhido \u00e9 uma forma de reconhecer a contribui\u00e7\u00e3o da homenageada para a comunidade, alicer\u00e7ando seus la\u00e7os sociais.<\/p>\n<h2>Vereador Edson Bertaia e suas Iniciativas<\/h2>\n<p>O vereador Edson Bertaia tem demonstrado um compromisso com a valoriza\u00e7\u00e3o da hist\u00f3ria e das pessoas que contribu\u00edram para a forma\u00e7\u00e3o da comunidade em Piracicaba. Com a inten\u00e7\u00e3o de homenagear figuras que t\u00eam um papel relevante no contexto local, suas propostas visam n\u00e3o apenas a mudan\u00e7a de nomenclatura das ruas, mas a promo\u00e7\u00e3o do reconhecimento p\u00fablico de suas contribui\u00e7\u00f5es. Essas iniciativas refletem um trabalho que busca integrar hist\u00f3ria, mem\u00f3ria e identidade.<\/p>\n<h2>O que diz a Popula\u00e7\u00e3o sobre as Novas Vias?<\/h2>\n<p>A receptividade da popula\u00e7\u00e3o em rela\u00e7\u00e3o a essas novas denomina\u00e7\u00f5es \u00e9 um ponto crucial. De maneira geral, a comunidade tende a apoiar mudan\u00e7as que celebram a cultura local e as contribui\u00e7\u00f5es de seus membros. Pesquisas e consultas p\u00fablicas podem ser realizadas para entender melhor as opini\u00f5es dos moradores sobre as homenagens propostas, garantindo que as vozes da comunidade sejam ouvidas.<\/p>\n<h2>Como as Denomina\u00e7\u00f5es Influenciam a Comunidade<\/h2>\n<p>As denomina\u00e7\u00f5es de ruas t\u00eam um importante papel em influenciar a percep\u00e7\u00e3o da comunidade sobre seu pr\u00f3prio espa\u00e7o. Ao vincular os logradouros a personalidades ou eventos que marcaram a hist\u00f3ria local, a cidade n\u00e3o s\u00f3 promove seu passado, mas tamb\u00e9m fomenta um sentimento de pertencimento e orgulho entre seus cidad\u00e3os.<\/p>\n<p>A identifica\u00e7\u00e3o com a cultura local atrav\u00e9s dos nomes de ruas pode ter um impacto significativo na intera\u00e7\u00e3o dos moradores com seu ambiente, favorecendo a cria\u00e7\u00e3o de uma consci\u00eancia coletiva sobre a hist\u00f3ria e as tradi\u00e7\u00f5es do lugar.<\/p>\n<h2>Vias P\u00fablicas e a Hist\u00f3ria de Piracicaba<\/h2>\n<p>A hist\u00f3ria de Piracicaba \u00e9 rica e diversificada, e suas vias p\u00fablicas refletem essa pluralidade. Cada nome de rua traz consigo uma narrativa e uma lembran\u00e7a. Portanto, ao oficializar as denomina\u00e7\u00f5es, a C\u00e2mara Municipal contribui para que essas hist\u00f3rias sejam contadas e recontadas \u00e0s novas gera\u00e7\u00f5es. Tal iniciativa \u00e9 um passo importante para a preserva\u00e7\u00e3o da mem\u00f3ria coletiva e a valoriza\u00e7\u00e3o do patrim\u00f4nio cultural da cidade.<\/p>\n<h2>Next Steps para a Aprova\u00e7\u00e3o dos Projetos<\/h2>\n<p>Ap\u00f3s a aprova\u00e7\u00e3o em segunda discuss\u00e3o, os projetos de lei seguir\u00e3o para a san\u00e7\u00e3o ou veto do prefeito. Este \u00e9 um passo essencial para que as novas denomina\u00e7\u00f5es sejam efetivamente implementadas. A comunidade deve ser informada sobre o andamento dos projetos, garantindo total transpar\u00eancia e engajamento na discuss\u00e3o sobre o futuro de suas ruas.<\/p>\n<h2>Impacto das Novas Denomina\u00e7\u00f5es no Tr\u00e2nsito Local<\/h2>\n<p>A oficializa\u00e7\u00e3o de novos nomes para as vias tamb\u00e9m pode ter um impacto na din\u00e2mica do tr\u00e2nsito local. Uma denomina\u00e7\u00e3o clara e reconhecida pode facilitar a navega\u00e7\u00e3o, melhorar a sinaliza\u00e7\u00e3o e, em \u00faltima inst\u00e2ncia, contribuir para a seguran\u00e7a no tr\u00e1fego. O trabalho conjunto entre a C\u00e2mara Municipal e os \u00f3rg\u00e3os de tr\u00e2nsito ser\u00e1 fundamental para que as mudan\u00e7as sejam implementadas de forma eficiente, garantindo que todos os usu\u00e1rios da via se adaptem \u00e0s novas nomenclaturas sem complica\u00e7\u00f5es.<\/p>\n\n<div style=\"font-size: 0px; height: 0px; line-height: 0px; margin: 0; padding: 0; clear: both;\"><\/div>","protected":false},"excerpt":{"rendered":"<p>C\u00e2mara em Piracicaba analisa projetos para denominar ruas importantes na cidade.<\/p>\n","protected":false},"author":1,"featured_media":4251,"comment_status":"closed","ping_status":"closed","sticky":false,"template":"","format":"standard","meta":{"footnotes":""},"categories":[6],"tags":[],"class_list":["post-4252","post","type-post","status-publish","format-standard","has-post-thumbnail","hentry","category-noticias-em-piracicaba","has_thumb"],"aioseo_notices":[],"aioseo_head":"\n\t\t<!-- All in One SEO 5.0.0.1 - aioseo.com -->\n\t<meta name=\"robots\" content=\"max-image-preview:large\" \/>\n\t<meta name=\"author\" content=\"Encontra Piracicaba\"\/>\n\t<link rel=\"canonical\" href=\"https:\/\/www.encontrapiracicaba.com.br\/sobre\/camara-analisa-projetos-que-denominam-vias-publicas-em-piracicaba\/\" \/>\n\t<meta name=\"generator\" content=\"All in One SEO (AIOSEO) 5.0.0.1\" \/>\n\t\t<meta property=\"og:locale\" content=\"pt_BR\" \/>\n\t\t<meta property=\"og:site_name\" content=\"Encontra Piracicaba | Not\u00edcias, eventos, informa\u00e7\u00f5es e dicas na cidade de Piracicaba e regi\u00e3o\" \/>\n\t\t<meta property=\"og:type\" content=\"article\" \/>\n\t\t<meta property=\"og:title\" content=\"C\u00e2mara analisa projetos que denominam vias p\u00fablicas em Piracicaba | Encontra Piracicaba\" \/>\n\t\t<meta property=\"og:url\" content=\"https:\/\/www.encontrapiracicaba.com.br\/sobre\/camara-analisa-projetos-que-denominam-vias-publicas-em-piracicaba\/\" \/>\n\t\t<meta property=\"article:published_time\" content=\"2026-03-04T14:41:31+00:00\" \/>\n\t\t<meta property=\"article:modified_time\" content=\"2026-03-04T14:41:31+00:00\" \/>\n\t\t<meta name=\"twitter:card\" content=\"summary\" \/>\n\t\t<meta name=\"twitter:title\" content=\"C\u00e2mara analisa projetos que denominam vias p\u00fablicas em Piracicaba | Encontra Piracicaba\" \/>\n\t\t<script type=\"application\/ld+json\" class=\"aioseo-schema\">\n\t\t\t{\"@context\":\"https:\\\/\\\/schema.org\",\"@graph\":[{\"@type\":\"Article\",\"@id\":\"https:\\\/\\\/www.encontrapiracicaba.com.br\\\/sobre\\\/camara-analisa-projetos-que-denominam-vias-publicas-em-piracicaba\\\/#article\",\"name\":\"C\\u00e2mara analisa projetos que denominam vias p\\u00fablicas em Piracicaba | Encontra Piracicaba\",\"headline\":\"C\\u00e2mara analisa projetos que denominam vias p\\u00fablicas em Piracicaba\",\"author\":{\"@id\":\"https:\\\/\\\/www.encontrapiracicaba.com.br\\\/sobre\\\/author\\\/epiracicaba\\\/#author\"},\"publisher\":{\"@id\":\"https:\\\/\\\/www.encontrapiracicaba.com.br\\\/sobre\\\/#organization\"},\"image\":{\"@type\":\"ImageObject\",\"url\":\"https:\\\/\\\/www.encontrapiracicaba.com.br\\\/sobre\\\/wp-content\\\/uploads\\\/camara-analisa-projetos-que-denominam-vias-publicas-em-piracicaba.webp\",\"width\":280,\"height\":280,\"caption\":\"denomina\\u00e7\\u00e3o de vias p\\u00fablicas em Piracicaba\"},\"datePublished\":\"2026-03-04T11:41:31-03:00\",\"dateModified\":\"2026-03-04T11:41:31-03:00\",\"inLanguage\":\"pt-BR\",\"mainEntityOfPage\":{\"@id\":\"https:\\\/\\\/www.encontrapiracicaba.com.br\\\/sobre\\\/camara-analisa-projetos-que-denominam-vias-publicas-em-piracicaba\\\/#webpage\"},\"isPartOf\":{\"@id\":\"https:\\\/\\\/www.encontrapiracicaba.com.br\\\/sobre\\\/camara-analisa-projetos-que-denominam-vias-publicas-em-piracicaba\\\/#webpage\"},\"articleSection\":\"Not\\u00edcias Piracicaba\"},{\"@type\":\"BreadcrumbList\",\"@id\":\"https:\\\/\\\/www.encontrapiracicaba.com.br\\\/sobre\\\/camara-analisa-projetos-que-denominam-vias-publicas-em-piracicaba\\\/#breadcrumblist\",\"itemListElement\":[{\"@type\":\"ListItem\",\"@id\":\"https:\\\/\\\/www.encontrapiracicaba.com.br\\\/sobre#listItem\",\"position\":1,\"name\":\"In\\u00edcio\",\"item\":\"https:\\\/\\\/www.encontrapiracicaba.com.br\\\/sobre\",\"nextItem\":{\"@type\":\"ListItem\",\"@id\":\"https:\\\/\\\/www.encontrapiracicaba.com.br\\\/sobre\\\/noticias-em-piracicaba\\\/#listItem\",\"name\":\"Not\\u00edcias Piracicaba\"}},{\"@type\":\"ListItem\",\"@id\":\"https:\\\/\\\/www.encontrapiracicaba.com.br\\\/sobre\\\/noticias-em-piracicaba\\\/#listItem\",\"position\":2,\"name\":\"Not\\u00edcias Piracicaba\",\"item\":\"https:\\\/\\\/www.encontrapiracicaba.com.br\\\/sobre\\\/noticias-em-piracicaba\\\/\",\"nextItem\":{\"@type\":\"ListItem\",\"@id\":\"https:\\\/\\\/www.encontrapiracicaba.com.br\\\/sobre\\\/camara-analisa-projetos-que-denominam-vias-publicas-em-piracicaba\\\/#listItem\",\"name\":\"C\\u00e2mara analisa projetos que denominam vias p\\u00fablicas em Piracicaba\"},\"previousItem\":{\"@type\":\"ListItem\",\"@id\":\"https:\\\/\\\/www.encontrapiracicaba.com.br\\\/sobre#listItem\",\"name\":\"In\\u00edcio\"}},{\"@type\":\"ListItem\",\"@id\":\"https:\\\/\\\/www.encontrapiracicaba.com.br\\\/sobre\\\/camara-analisa-projetos-que-denominam-vias-publicas-em-piracicaba\\\/#listItem\",\"position\":3,\"name\":\"C\\u00e2mara analisa projetos que denominam vias p\\u00fablicas em Piracicaba\",\"previousItem\":{\"@type\":\"ListItem\",\"@id\":\"https:\\\/\\\/www.encontrapiracicaba.com.br\\\/sobre\\\/noticias-em-piracicaba\\\/#listItem\",\"name\":\"Not\\u00edcias Piracicaba\"}}]},{\"@type\":\"Organization\",\"@id\":\"https:\\\/\\\/www.encontrapiracicaba.com.br\\\/sobre\\\/#organization\",\"name\":\"Encontra Piracicaba\",\"description\":\"Not\\u00edcias, eventos, informa\\u00e7\\u00f5es e dicas na cidade de Piracicaba e regi\\u00e3o\",\"url\":\"https:\\\/\\\/www.encontrapiracicaba.com.br\\\/sobre\\\/\"},{\"@type\":\"Person\",\"@id\":\"https:\\\/\\\/www.encontrapiracicaba.com.br\\\/sobre\\\/author\\\/epiracicaba\\\/#author\",\"url\":\"https:\\\/\\\/www.encontrapiracicaba.com.br\\\/sobre\\\/author\\\/epiracicaba\\\/\",\"name\":\"Encontra Piracicaba\",\"image\":{\"@type\":\"ImageObject\",\"@id\":\"https:\\\/\\\/www.encontrapiracicaba.com.br\\\/sobre\\\/camara-analisa-projetos-que-denominam-vias-publicas-em-piracicaba\\\/#authorImage\",\"url\":\"https:\\\/\\\/secure.gravatar.com\\\/avatar\\\/507340682b8270222e1f208e23198b6ae7e2c6a1033ae84e99bc6bce4f82a387?s=96&d=mm&r=g\",\"width\":96,\"height\":96,\"caption\":\"Encontra Piracicaba\"}},{\"@type\":\"WebPage\",\"@id\":\"https:\\\/\\\/www.encontrapiracicaba.com.br\\\/sobre\\\/camara-analisa-projetos-que-denominam-vias-publicas-em-piracicaba\\\/#webpage\",\"url\":\"https:\\\/\\\/www.encontrapiracicaba.com.br\\\/sobre\\\/camara-analisa-projetos-que-denominam-vias-publicas-em-piracicaba\\\/\",\"name\":\"C\\u00e2mara analisa projetos que denominam vias p\\u00fablicas em Piracicaba | Encontra Piracicaba\",\"inLanguage\":\"pt-BR\",\"isPartOf\":{\"@id\":\"https:\\\/\\\/www.encontrapiracicaba.com.br\\\/sobre\\\/#website\"},\"breadcrumb\":{\"@id\":\"https:\\\/\\\/www.encontrapiracicaba.com.br\\\/sobre\\\/camara-analisa-projetos-que-denominam-vias-publicas-em-piracicaba\\\/#breadcrumblist\"},\"author\":{\"@id\":\"https:\\\/\\\/www.encontrapiracicaba.com.br\\\/sobre\\\/author\\\/epiracicaba\\\/#author\"},\"creator\":{\"@id\":\"https:\\\/\\\/www.encontrapiracicaba.com.br\\\/sobre\\\/author\\\/epiracicaba\\\/#author\"},\"image\":{\"@type\":\"ImageObject\",\"url\":\"https:\\\/\\\/www.encontrapiracicaba.com.br\\\/sobre\\\/wp-content\\\/uploads\\\/camara-analisa-projetos-que-denominam-vias-publicas-em-piracicaba.webp\",\"@id\":\"https:\\\/\\\/www.encontrapiracicaba.com.br\\\/sobre\\\/camara-analisa-projetos-que-denominam-vias-publicas-em-piracicaba\\\/#mainImage\",\"width\":280,\"height\":280,\"caption\":\"denomina\\u00e7\\u00e3o de vias p\\u00fablicas em Piracicaba\"},\"primaryImageOfPage\":{\"@id\":\"https:\\\/\\\/www.encontrapiracicaba.com.br\\\/sobre\\\/camara-analisa-projetos-que-denominam-vias-publicas-em-piracicaba\\\/#mainImage\"},\"datePublished\":\"2026-03-04T11:41:31-03:00\",\"dateModified\":\"2026-03-04T11:41:31-03:00\"},{\"@type\":\"WebSite\",\"@id\":\"https:\\\/\\\/www.encontrapiracicaba.com.br\\\/sobre\\\/#website\",\"url\":\"https:\\\/\\\/www.encontrapiracicaba.com.br\\\/sobre\\\/\",\"name\":\"Encontra Piracicaba\",\"description\":\"Not\\u00edcias, eventos, informa\\u00e7\\u00f5es e dicas na cidade de Piracicaba e regi\\u00e3o\",\"inLanguage\":\"pt-BR\",\"publisher\":{\"@id\":\"https:\\\/\\\/www.encontrapiracicaba.com.br\\\/sobre\\\/#organization\"}}]}\n\t\t<\/script>\n\t\t<!-- All in One SEO -->\n\n","aioseo_head_json":{"title":"C\u00e2mara analisa projetos que denominam vias p\u00fablicas em Piracicaba | Encontra Piracicaba","description":"","canonical_url":"https:\/\/www.encontrapiracicaba.com.br\/sobre\/camara-analisa-projetos-que-denominam-vias-publicas-em-piracicaba\/","robots":"max-image-preview:large","keywords":"","webmasterTools":{"miscellaneous":""},"schema":{"@context":"https:\/\/schema.org","@graph":[{"@type":"Article","@id":"https:\/\/www.encontrapiracicaba.com.br\/sobre\/camara-analisa-projetos-que-denominam-vias-publicas-em-piracicaba\/#article","name":"C\u00e2mara analisa projetos que denominam vias p\u00fablicas em Piracicaba | Encontra Piracicaba","headline":"C\u00e2mara analisa projetos que denominam vias p\u00fablicas em Piracicaba","author":{"@id":"https:\/\/www.encontrapiracicaba.com.br\/sobre\/author\/epiracicaba\/#author"},"publisher":{"@id":"https:\/\/www.encontrapiracicaba.com.br\/sobre\/#organization"},"image":{"@type":"ImageObject","url":"https:\/\/www.encontrapiracicaba.com.br\/sobre\/wp-content\/uploads\/camara-analisa-projetos-que-denominam-vias-publicas-em-piracicaba.webp","width":280,"height":280,"caption":"denomina\u00e7\u00e3o de vias p\u00fablicas em Piracicaba"},"datePublished":"2026-03-04T11:41:31-03:00","dateModified":"2026-03-04T11:41:31-03:00","inLanguage":"pt-BR","mainEntityOfPage":{"@id":"https:\/\/www.encontrapiracicaba.com.br\/sobre\/camara-analisa-projetos-que-denominam-vias-publicas-em-piracicaba\/#webpage"},"isPartOf":{"@id":"https:\/\/www.encontrapiracicaba.com.br\/sobre\/camara-analisa-projetos-que-denominam-vias-publicas-em-piracicaba\/#webpage"},"articleSection":"Not\u00edcias Piracicaba"},{"@type":"BreadcrumbList","@id":"https:\/\/www.encontrapiracicaba.com.br\/sobre\/camara-analisa-projetos-que-denominam-vias-publicas-em-piracicaba\/#breadcrumblist","itemListElement":[{"@type":"ListItem","@id":"https:\/\/www.encontrapiracicaba.com.br\/sobre#listItem","position":1,"name":"In\u00edcio","item":"https:\/\/www.encontrapiracicaba.com.br\/sobre","nextItem":{"@type":"ListItem","@id":"https:\/\/www.encontrapiracicaba.com.br\/sobre\/noticias-em-piracicaba\/#listItem","name":"Not\u00edcias Piracicaba"}},{"@type":"ListItem","@id":"https:\/\/www.encontrapiracicaba.com.br\/sobre\/noticias-em-piracicaba\/#listItem","position":2,"name":"Not\u00edcias Piracicaba","item":"https:\/\/www.encontrapiracicaba.com.br\/sobre\/noticias-em-piracicaba\/","nextItem":{"@type":"ListItem","@id":"https:\/\/www.encontrapiracicaba.com.br\/sobre\/camara-analisa-projetos-que-denominam-vias-publicas-em-piracicaba\/#listItem","name":"C\u00e2mara analisa projetos que denominam vias p\u00fablicas em Piracicaba"},"previousItem":{"@type":"ListItem","@id":"https:\/\/www.encontrapiracicaba.com.br\/sobre#listItem","name":"In\u00edcio"}},{"@type":"ListItem","@id":"https:\/\/www.encontrapiracicaba.com.br\/sobre\/camara-analisa-projetos-que-denominam-vias-publicas-em-piracicaba\/#listItem","position":3,"name":"C\u00e2mara analisa projetos que denominam vias p\u00fablicas em Piracicaba","previousItem":{"@type":"ListItem","@id":"https:\/\/www.encontrapiracicaba.com.br\/sobre\/noticias-em-piracicaba\/#listItem","name":"Not\u00edcias Piracicaba"}}]},{"@type":"Organization","@id":"https:\/\/www.encontrapiracicaba.com.br\/sobre\/#organization","name":"Encontra Piracicaba","description":"Not\u00edcias, eventos, informa\u00e7\u00f5es e dicas na cidade de Piracicaba e regi\u00e3o","url":"https:\/\/www.encontrapiracicaba.com.br\/sobre\/"},{"@type":"Person","@id":"https:\/\/www.encontrapiracicaba.com.br\/sobre\/author\/epiracicaba\/#author","url":"https:\/\/www.encontrapiracicaba.com.br\/sobre\/author\/epiracicaba\/","name":"Encontra Piracicaba","image":{"@type":"ImageObject","@id":"https:\/\/www.encontrapiracicaba.com.br\/sobre\/camara-analisa-projetos-que-denominam-vias-publicas-em-piracicaba\/#authorImage","url":"https:\/\/secure.gravatar.com\/avatar\/507340682b8270222e1f208e23198b6ae7e2c6a1033ae84e99bc6bce4f82a387?s=96&d=mm&r=g","width":96,"height":96,"caption":"Encontra Piracicaba"}},{"@type":"WebPage","@id":"https:\/\/www.encontrapiracicaba.com.br\/sobre\/camara-analisa-projetos-que-denominam-vias-publicas-em-piracicaba\/#webpage","url":"https:\/\/www.encontrapiracicaba.com.br\/sobre\/camara-analisa-projetos-que-denominam-vias-publicas-em-piracicaba\/","name":"C\u00e2mara analisa projetos que denominam vias p\u00fablicas em Piracicaba | Encontra Piracicaba","inLanguage":"pt-BR","isPartOf":{"@id":"https:\/\/www.encontrapiracicaba.com.br\/sobre\/#website"},"breadcrumb":{"@id":"https:\/\/www.encontrapiracicaba.com.br\/sobre\/camara-analisa-projetos-que-denominam-vias-publicas-em-piracicaba\/#breadcrumblist"},"author":{"@id":"https:\/\/www.encontrapiracicaba.com.br\/sobre\/author\/epiracicaba\/#author"},"creator":{"@id":"https:\/\/www.encontrapiracicaba.com.br\/sobre\/author\/epiracicaba\/#author"},"image":{"@type":"ImageObject","url":"https:\/\/www.encontrapiracicaba.com.br\/sobre\/wp-content\/uploads\/camara-analisa-projetos-que-denominam-vias-publicas-em-piracicaba.webp","@id":"https:\/\/www.encontrapiracicaba.com.br\/sobre\/camara-analisa-projetos-que-denominam-vias-publicas-em-piracicaba\/#mainImage","width":280,"height":280,"caption":"denomina\u00e7\u00e3o de vias p\u00fablicas em Piracicaba"},"primaryImageOfPage":{"@id":"https:\/\/www.encontrapiracicaba.com.br\/sobre\/camara-analisa-projetos-que-denominam-vias-publicas-em-piracicaba\/#mainImage"},"datePublished":"2026-03-04T11:41:31-03:00","dateModified":"2026-03-04T11:41:31-03:00"},{"@type":"WebSite","@id":"https:\/\/www.encontrapiracicaba.com.br\/sobre\/#website","url":"https:\/\/www.encontrapiracicaba.com.br\/sobre\/","name":"Encontra Piracicaba","description":"Not\u00edcias, eventos, informa\u00e7\u00f5es e dicas na cidade de Piracicaba e regi\u00e3o","inLanguage":"pt-BR","publisher":{"@id":"https:\/\/www.encontrapiracicaba.com.br\/sobre\/#organization"}}]},"og:locale":"pt_BR","og:site_name":"Encontra Piracicaba | Not\u00edcias, eventos, informa\u00e7\u00f5es e dicas na cidade de Piracicaba e regi\u00e3o","og:type":"article","og:title":"C\u00e2mara analisa projetos que denominam vias p\u00fablicas em Piracicaba | Encontra Piracicaba","og:url":"https:\/\/www.encontrapiracicaba.com.br\/sobre\/camara-analisa-projetos-que-denominam-vias-publicas-em-piracicaba\/","article:published_time":"2026-03-04T14:41:31+00:00","article:modified_time":"2026-03-04T14:41:31+00:00","twitter:card":"summary","twitter:title":"C\u00e2mara analisa projetos que denominam vias p\u00fablicas em Piracicaba | Encontra Piracicaba"},"aioseo_meta_data":{"post_id":"4252","title":null,"description":null,"keywords":null,"keyphrases":null,"primary_term":null,"canonical_url":null,"og_title":null,"og_description":null,"og_object_type":"default","og_image_type":"default","og_image_url":null,"og_image_width":null,"og_image_height":null,"og_image_custom_url":null,"og_image_custom_fields":null,"og_video":null,"og_custom_url":null,"og_article_section":null,"og_article_tags":null,"twitter_use_og":false,"twitter_card":"default","twitter_image_type":"default","twitter_image_url":null,"twitter_image_custom_url":null,"twitter_image_custom_fields":null,"twitter_title":null,"twitter_description":null,"schema":{"blockGraphs":[],"customGraphs":[],"default":{"data":{"Article":[],"Course":[],"Dataset":[],"FAQPage":[],"Movie":[],"Person":[],"Product":[],"ProductReview":[],"Car":[],"Recipe":[],"Service":[],"SoftwareApplication":[],"WebPage":[]},"graphName":"Article","isEnabled":true},"graphs":[]},"schema_type":"default","schema_type_options":null,"pillar_content":false,"robots_default":true,"robots_noindex":false,"robots_noarchive":false,"robots_nosnippet":false,"robots_nofollow":false,"robots_noimageindex":false,"robots_noodp":false,"robots_notranslate":false,"robots_max_snippet":null,"robots_max_videopreview":null,"robots_max_imagepreview":"large","priority":null,"frequency":null,"local_seo":null,"breadcrumb_settings":null,"limit_modified_date":false,"ai":null,"created":"2026-03-04 14:41:35","updated":"2026-03-04 14:48:19","focus_keyword":null,"additional_keywords":null,"truseo_locale":null,"seo_analyzer_scan_date":null},"aioseo_breadcrumb":"<div class=\"aioseo-breadcrumbs\"><span class=\"aioseo-breadcrumb\">\n\t\t\t<a href=\"https:\/\/www.encontrapiracicaba.com.br\/sobre\" title=\"In\u00edcio\">In\u00edcio<\/a>\n\t\t<\/span><span class=\"aioseo-breadcrumb-separator\">&raquo;<\/span><span class=\"aioseo-breadcrumb\">\n\t\t\t<a href=\"https:\/\/www.encontrapiracicaba.com.br\/sobre\/noticias-em-piracicaba\/\" title=\"Not\u00edcias Piracicaba\">Not\u00edcias Piracicaba<\/a>\n\t\t<\/span><span class=\"aioseo-breadcrumb-separator\">&raquo;<\/span><span class=\"aioseo-breadcrumb\">\n\t\t\tC\u00e2mara analisa projetos que denominam vias p\u00fablicas em Piracicaba\n\t\t<\/span><\/div>","aioseo_breadcrumb_json":[{"label":"In\u00edcio","link":"https:\/\/www.encontrapiracicaba.com.br\/sobre"},{"label":"Not\u00edcias Piracicaba","link":"https:\/\/www.encontrapiracicaba.com.br\/sobre\/noticias-em-piracicaba\/"},{"label":"C\u00e2mara analisa projetos que denominam vias p\u00fablicas em Piracicaba","link":"https:\/\/www.encontrapiracicaba.com.br\/sobre\/camara-analisa-projetos-que-denominam-vias-publicas-em-piracicaba\/"}],"_links":{"self":[{"href":"https:\/\/www.encontrapiracicaba.com.br\/sobre\/wp-json\/wp\/v2\/posts\/4252","targetHints":{"allow":["GET"]}}],"collection":[{"href":"https:\/\/www.encontrapiracicaba.com.br\/sobre\/wp-json\/wp\/v2\/posts"}],"about":[{"href":"https:\/\/www.encontrapiracicaba.com.br\/sobre\/wp-json\/wp\/v2\/types\/post"}],"author":[{"embeddable":true,"href":"https:\/\/www.encontrapiracicaba.com.br\/sobre\/wp-json\/wp\/v2\/users\/1"}],"replies":[{"embeddable":true,"href":"https:\/\/www.encontrapiracicaba.com.br\/sobre\/wp-json\/wp\/v2\/comments?post=4252"}],"version-history":[{"count":0,"href":"https:\/\/www.encontrapiracicaba.com.br\/sobre\/wp-json\/wp\/v2\/posts\/4252\/revisions"}],"wp:featuredmedia":[{"embeddable":true,"href":"https:\/\/www.encontrapiracicaba.com.br\/sobre\/wp-json\/wp\/v2\/media\/4251"}],"wp:attachment":[{"href":"https:\/\/www.encontrapiracicaba.com.br\/sobre\/wp-json\/wp\/v2\/media?parent=4252"}],"wp:term":[{"taxonomy":"category","embeddable":true,"href":"https:\/\/www.encontrapiracicaba.com.br\/sobre\/wp-json\/wp\/v2\/categories?post=4252"},{"taxonomy":"post_tag","embeddable":true,"href":"https:\/\/www.encontrapiracicaba.com.br\/sobre\/wp-json\/wp\/v2\/tags?post=4252"}],"curies":[{"name":"wp","href":"https:\/\/api.w.org\/{rel}","templated":true}]}}