{"id":4262,"date":"2026-03-06T11:42:23","date_gmt":"2026-03-06T14:42:23","guid":{"rendered":"https:\/\/www.encontrapiracicaba.com.br\/sobre\/vereador-destaca-conquista-de-recursos-para-habitacao-popular-em-piracicaba\/"},"modified":"2026-03-06T11:42:23","modified_gmt":"2026-03-06T14:42:23","slug":"vereador-destaca-conquista-de-recursos-para-habitacao-popular-em-piracicaba","status":"publish","type":"post","link":"https:\/\/www.encontrapiracicaba.com.br\/sobre\/vereador-destaca-conquista-de-recursos-para-habitacao-popular-em-piracicaba\/","title":{"rendered":"Vereador destaca conquista de recursos para habita\u00e7\u00e3o popular em Piracicaba"},"content":{"rendered":"<div class=\"85df007ed5c0c4d4b453fd13a37855e8\" data-index=\"1\" style=\"float: none; margin:0px;\">\n<!-- Anuncio display - global -->\r\n<ins class=\"adsbygoogle\"\r\n     style=\"display:block\"\r\n     data-ad-client=\"ca-pub-8585364105181520\"\r\n     data-ad-slot=\"8789329856\"\r\n     data-ad-format=\"auto\"\r\n     data-full-width-responsive=\"true\"><\/ins>\r\n<script>\r\n     (adsbygoogle = window.adsbygoogle || []).push({});\r\n<\/script>\n<\/div>\n<h2>Conquista de 578 casas para Piracicaba<\/h2>\n<p>O vereador Gustavo Pompeo (Avante) fez um an\u00fancio significativo durante a 6\u00aa reuni\u00e3o ordin\u00e1ria que ocorreu na \u00faltima quinta-feira (5). Ele destacou a obten\u00e7\u00e3o de recursos que facilitar\u00e3o a constru\u00e7\u00e3o de 578 unidades habitacionais em Piracicaba, parte do projeto Casa Paulista, uma iniciativa do Governo do Estado de S\u00e3o Paulo voltada para a habita\u00e7\u00e3o popular. Esse conjunto habitacional \u00e9 essencial para atender a demanda por moradia digna na cidade.<\/p>\n<h2>Vereador Gustavo Pompeo em a\u00e7\u00e3o<\/h2>\n<p>Gustavo Pompeo, utilizando a tribuna da C\u00e2mara, expressou sua satisfa\u00e7\u00e3o com a conquista dos recursos e apresentou um v\u00eddeo informativo com R\u00f4mulo Rippa, representante da Secretaria Estadual de Desenvolvimento Urbano e Habita\u00e7\u00e3o. O v\u00eddeo discute as a\u00e7\u00f5es do governo estadual voltadas para a moradia e contou com a presen\u00e7a do prefeito Helinho Zanatta (PSD), que tamb\u00e9m compartilhou suas perspectivas e planos, mediando as a\u00e7\u00f5es entre o Estado e a cidade.<\/p>\n<h2>Detalhes do projeto Casa Paulista<\/h2>\n<p>O projeto Casa Paulista visa proporcionar habita\u00e7\u00e3o acess\u00edvel e de qualidade, refletindo um compromisso do Governo do Estado em lidar com a crise habitacional. Com essa iniciativa, espera-se a constru\u00e7\u00e3o de diversas casas em condi\u00e7\u00f5es que atendam as necessidades das fam\u00edlias de baixa renda, expandindo assim o acesso \u00e0 moradia. A obra \u00e9 uma resposta a um problema que aflige muitos cidad\u00e3os e representa uma mudan\u00e7a positiva no cen\u00e1rio habitacional da regi\u00e3o.<\/p>\n<p><img decoding=\"async\" src=\"https:\/\/www.encontrapiracicaba.com.br\/sobre\/wp-content\/uploads\/vereador-destaca-conquista-de-recursos-para-habitacao-popular-em-piracicaba.webp\" alt=\"recursos para habita\u00e7\u00e3o popular\" loading=\"lazy\" \/><\/p>\n<h2>Import\u00e2ncia de recursos para habita\u00e7\u00e3o<\/h2>\n<p>A aloca\u00e7\u00e3o de recursos para a habita\u00e7\u00e3o popular \u00e9 fundamental, pois promove n\u00e3o somente o acolhimento das fam\u00edlias, mas tamb\u00e9m a revitaliza\u00e7\u00e3o de \u00e1reas. Com a constru\u00e7\u00e3o dessas novas moradias, espera-se que haja uma melhora na qualidade de vida dos residentes, al\u00e9m de impactos positivos na economia local, com a gera\u00e7\u00e3o de empregos e o fomento ao com\u00e9rcio nas regi\u00f5es onde as constru\u00e7\u00f5es ocorrer\u00e3o.<\/p>\n<h2>Foco na pol\u00edtica p\u00fablica de moradia<\/h2>\n<p>O vereador enfatizou a import\u00e2ncia de uma pol\u00edtica p\u00fablica de moradia coesa e efetiva. Ele ressaltou que, para que as pessoas se afastem de \u00e1reas de risco, como as proximidades do Linh\u00e3o em Frederico, \u00e9 necess\u00e1rio que solu\u00e7\u00f5es habitacionais sejam oferecidas. A mudan\u00e7a n\u00e3o acontecer\u00e1 pela mera vontade, mas por meio de uma estrutura\u00e7\u00e3o adequada que possibilite a realoca\u00e7\u00e3o das fam\u00edlias em situa\u00e7\u00e3o de vulnerabilidade.<\/p>\n<h2>V\u00eddeo com R\u00f4mulo Rippa<\/h2>\n<p>No v\u00eddeo apresentado, R\u00f4mulo Rippa compartilha informa\u00e7\u00f5es sobre a atua\u00e7\u00e3o do governo em rela\u00e7\u00e3o \u00e0 habita\u00e7\u00e3o. Ele aborda n\u00e3o apenas a proto-coloca\u00e7\u00e3o dos recursos, mas tamb\u00e9m os desdobramentos que essa conquista trar\u00e1 para a comunidade. A participa\u00e7\u00e3o dele refor\u00e7a a transpar\u00eancia e a seriedade das iniciativas em andamento, mostrando que o governo est\u00e1 atento \u00e0s demandas habitacionais da popula\u00e7\u00e3o.<\/p>\n<h2>Melhorias no bairro Paulista<\/h2>\n<p>Al\u00e9m do projeto Casa Paulista, o vereador tamb\u00e9m anunciou um valor adicional de R$ 600 mil, destinado a melhorias na infraestrutura do bairro Paulista. Essas melhorias s\u00e3o vitais para garantir melhores condi\u00e7\u00f5es de vida, promovendo um ambiente mais seguro e confort\u00e1vel para as fam\u00edlias que residem na \u00e1rea. A aloca\u00e7\u00e3o desse recurso refor\u00e7a o esfor\u00e7o cont\u00ednuo de transformar a realidade das comunidades locais.<\/p>\n<h2>Intermedia\u00e7\u00f5es com o prefeito<\/h2>\n<p>A parceria entre o vereador e o prefeito \u00e9 um exemplo de como a coopera\u00e7\u00e3o pode levar a resultados positivos para a cidade. Gustavo Pompeo trabalha em conjunto com Helinho Zanatta, estabelecendo um di\u00e1logo constante para suprir as necessidades habitacionais e de infraestrutura de Piracicaba. Esse tipo de intermedia\u00e7\u00e3o \u00e9 pertinente para garantir que os esfor\u00e7os sejam direcionados para as \u00e1reas que realmente precisam de aten\u00e7\u00e3o.<\/p>\n<h2>Impacto na comunidade local<\/h2>\n<p>As a\u00e7\u00f5es anunciadas t\u00eam um potencial enorme para transformar a vida das pessoas que atualmente enfrentam dificuldades para acessar uma moradia digna. Os projetos de habita\u00e7\u00e3o s\u00e3o mais do que meras constru\u00e7\u00f5es; eles s\u00e3o o embri\u00e3o de comunidades sustent\u00e1veis e humanas. A expectativa \u00e9 de que ao longo do tempo, as novas resid\u00eancias resultar\u00e3o em um impacto positivo na qualidade de vida dos cidad\u00e3os, al\u00e9m de fortalecer a coes\u00e3o social.<\/p>\n<h2>Pr\u00f3ximos passos para a habita\u00e7\u00e3o<\/h2>\n<p>A partir desse marco importante, o vereador Gustavo Pompeo planeja continuar o trabalho em prol da habita\u00e7\u00e3o popular em Piracicaba. O foco vem sendo buscar mais recursos e facilitar a execu\u00e7\u00e3o das pol\u00edticas habitacionais, sempre visando o bem-estar da popula\u00e7\u00e3o. Estar atento \u00e0s demandas e atuar de forma contundente s\u00e3o passos essenciais para garantir que as realiza\u00e7\u00f5es se tornem uma realidade palp\u00e1vel para aqueles que mais necessitam.<\/p>\n\n<div style=\"font-size: 0px; height: 0px; line-height: 0px; margin: 0; padding: 0; clear: both;\"><\/div>","protected":false},"excerpt":{"rendered":"<p>Recursos para habita\u00e7\u00e3o popular em Piracicaba s\u00e3o anunciados por vereador.<\/p>\n","protected":false},"author":1,"featured_media":4261,"comment_status":"closed","ping_status":"closed","sticky":false,"template":"","format":"standard","meta":{"footnotes":""},"categories":[6],"tags":[],"class_list":["post-4262","post","type-post","status-publish","format-standard","has-post-thumbnail","hentry","category-noticias-em-piracicaba","has_thumb"],"aioseo_notices":[],"aioseo_head":"\n\t\t<!-- All in One SEO 5.0.0.1 - aioseo.com -->\n\t<meta name=\"robots\" content=\"max-image-preview:large\" \/>\n\t<meta name=\"author\" content=\"Encontra Piracicaba\"\/>\n\t<link rel=\"canonical\" href=\"https:\/\/www.encontrapiracicaba.com.br\/sobre\/vereador-destaca-conquista-de-recursos-para-habitacao-popular-em-piracicaba\/\" \/>\n\t<meta name=\"generator\" content=\"All in One SEO (AIOSEO) 5.0.0.1\" \/>\n\t\t<meta property=\"og:locale\" content=\"pt_BR\" \/>\n\t\t<meta property=\"og:site_name\" content=\"Encontra Piracicaba | Not\u00edcias, eventos, informa\u00e7\u00f5es e dicas na cidade de Piracicaba e regi\u00e3o\" \/>\n\t\t<meta property=\"og:type\" content=\"article\" \/>\n\t\t<meta property=\"og:title\" content=\"Vereador destaca conquista de recursos para habita\u00e7\u00e3o popular em Piracicaba | Encontra Piracicaba\" \/>\n\t\t<meta property=\"og:url\" content=\"https:\/\/www.encontrapiracicaba.com.br\/sobre\/vereador-destaca-conquista-de-recursos-para-habitacao-popular-em-piracicaba\/\" \/>\n\t\t<meta property=\"article:published_time\" content=\"2026-03-06T14:42:23+00:00\" \/>\n\t\t<meta property=\"article:modified_time\" content=\"2026-03-06T14:42:23+00:00\" \/>\n\t\t<meta name=\"twitter:card\" content=\"summary\" \/>\n\t\t<meta name=\"twitter:title\" content=\"Vereador destaca conquista de recursos para habita\u00e7\u00e3o popular em Piracicaba | Encontra Piracicaba\" \/>\n\t\t<script type=\"application\/ld+json\" class=\"aioseo-schema\">\n\t\t\t{\"@context\":\"https:\\\/\\\/schema.org\",\"@graph\":[{\"@type\":\"Article\",\"@id\":\"https:\\\/\\\/www.encontrapiracicaba.com.br\\\/sobre\\\/vereador-destaca-conquista-de-recursos-para-habitacao-popular-em-piracicaba\\\/#article\",\"name\":\"Vereador destaca conquista de recursos para habita\\u00e7\\u00e3o popular em Piracicaba | Encontra Piracicaba\",\"headline\":\"Vereador destaca conquista de recursos para habita\\u00e7\\u00e3o popular em Piracicaba\",\"author\":{\"@id\":\"https:\\\/\\\/www.encontrapiracicaba.com.br\\\/sobre\\\/author\\\/epiracicaba\\\/#author\"},\"publisher\":{\"@id\":\"https:\\\/\\\/www.encontrapiracicaba.com.br\\\/sobre\\\/#organization\"},\"image\":{\"@type\":\"ImageObject\",\"url\":\"https:\\\/\\\/www.encontrapiracicaba.com.br\\\/sobre\\\/wp-content\\\/uploads\\\/vereador-destaca-conquista-de-recursos-para-habitacao-popular-em-piracicaba.webp\",\"width\":280,\"height\":280,\"caption\":\"recursos para habita\\u00e7\\u00e3o popular\"},\"datePublished\":\"2026-03-06T11:42:23-03:00\",\"dateModified\":\"2026-03-06T11:42:23-03:00\",\"inLanguage\":\"pt-BR\",\"mainEntityOfPage\":{\"@id\":\"https:\\\/\\\/www.encontrapiracicaba.com.br\\\/sobre\\\/vereador-destaca-conquista-de-recursos-para-habitacao-popular-em-piracicaba\\\/#webpage\"},\"isPartOf\":{\"@id\":\"https:\\\/\\\/www.encontrapiracicaba.com.br\\\/sobre\\\/vereador-destaca-conquista-de-recursos-para-habitacao-popular-em-piracicaba\\\/#webpage\"},\"articleSection\":\"Not\\u00edcias Piracicaba\"},{\"@type\":\"BreadcrumbList\",\"@id\":\"https:\\\/\\\/www.encontrapiracicaba.com.br\\\/sobre\\\/vereador-destaca-conquista-de-recursos-para-habitacao-popular-em-piracicaba\\\/#breadcrumblist\",\"itemListElement\":[{\"@type\":\"ListItem\",\"@id\":\"https:\\\/\\\/www.encontrapiracicaba.com.br\\\/sobre#listItem\",\"position\":1,\"name\":\"In\\u00edcio\",\"item\":\"https:\\\/\\\/www.encontrapiracicaba.com.br\\\/sobre\",\"nextItem\":{\"@type\":\"ListItem\",\"@id\":\"https:\\\/\\\/www.encontrapiracicaba.com.br\\\/sobre\\\/noticias-em-piracicaba\\\/#listItem\",\"name\":\"Not\\u00edcias Piracicaba\"}},{\"@type\":\"ListItem\",\"@id\":\"https:\\\/\\\/www.encontrapiracicaba.com.br\\\/sobre\\\/noticias-em-piracicaba\\\/#listItem\",\"position\":2,\"name\":\"Not\\u00edcias Piracicaba\",\"item\":\"https:\\\/\\\/www.encontrapiracicaba.com.br\\\/sobre\\\/noticias-em-piracicaba\\\/\",\"nextItem\":{\"@type\":\"ListItem\",\"@id\":\"https:\\\/\\\/www.encontrapiracicaba.com.br\\\/sobre\\\/vereador-destaca-conquista-de-recursos-para-habitacao-popular-em-piracicaba\\\/#listItem\",\"name\":\"Vereador destaca conquista de recursos para habita\\u00e7\\u00e3o popular em Piracicaba\"},\"previousItem\":{\"@type\":\"ListItem\",\"@id\":\"https:\\\/\\\/www.encontrapiracicaba.com.br\\\/sobre#listItem\",\"name\":\"In\\u00edcio\"}},{\"@type\":\"ListItem\",\"@id\":\"https:\\\/\\\/www.encontrapiracicaba.com.br\\\/sobre\\\/vereador-destaca-conquista-de-recursos-para-habitacao-popular-em-piracicaba\\\/#listItem\",\"position\":3,\"name\":\"Vereador destaca conquista de recursos para habita\\u00e7\\u00e3o popular em Piracicaba\",\"previousItem\":{\"@type\":\"ListItem\",\"@id\":\"https:\\\/\\\/www.encontrapiracicaba.com.br\\\/sobre\\\/noticias-em-piracicaba\\\/#listItem\",\"name\":\"Not\\u00edcias Piracicaba\"}}]},{\"@type\":\"Organization\",\"@id\":\"https:\\\/\\\/www.encontrapiracicaba.com.br\\\/sobre\\\/#organization\",\"name\":\"Encontra Piracicaba\",\"description\":\"Not\\u00edcias, eventos, informa\\u00e7\\u00f5es e dicas na cidade de Piracicaba e regi\\u00e3o\",\"url\":\"https:\\\/\\\/www.encontrapiracicaba.com.br\\\/sobre\\\/\"},{\"@type\":\"Person\",\"@id\":\"https:\\\/\\\/www.encontrapiracicaba.com.br\\\/sobre\\\/author\\\/epiracicaba\\\/#author\",\"url\":\"https:\\\/\\\/www.encontrapiracicaba.com.br\\\/sobre\\\/author\\\/epiracicaba\\\/\",\"name\":\"Encontra Piracicaba\",\"image\":{\"@type\":\"ImageObject\",\"@id\":\"https:\\\/\\\/www.encontrapiracicaba.com.br\\\/sobre\\\/vereador-destaca-conquista-de-recursos-para-habitacao-popular-em-piracicaba\\\/#authorImage\",\"url\":\"https:\\\/\\\/secure.gravatar.com\\\/avatar\\\/507340682b8270222e1f208e23198b6ae7e2c6a1033ae84e99bc6bce4f82a387?s=96&d=mm&r=g\",\"width\":96,\"height\":96,\"caption\":\"Encontra Piracicaba\"}},{\"@type\":\"WebPage\",\"@id\":\"https:\\\/\\\/www.encontrapiracicaba.com.br\\\/sobre\\\/vereador-destaca-conquista-de-recursos-para-habitacao-popular-em-piracicaba\\\/#webpage\",\"url\":\"https:\\\/\\\/www.encontrapiracicaba.com.br\\\/sobre\\\/vereador-destaca-conquista-de-recursos-para-habitacao-popular-em-piracicaba\\\/\",\"name\":\"Vereador destaca conquista de recursos para habita\\u00e7\\u00e3o popular em Piracicaba | Encontra Piracicaba\",\"inLanguage\":\"pt-BR\",\"isPartOf\":{\"@id\":\"https:\\\/\\\/www.encontrapiracicaba.com.br\\\/sobre\\\/#website\"},\"breadcrumb\":{\"@id\":\"https:\\\/\\\/www.encontrapiracicaba.com.br\\\/sobre\\\/vereador-destaca-conquista-de-recursos-para-habitacao-popular-em-piracicaba\\\/#breadcrumblist\"},\"author\":{\"@id\":\"https:\\\/\\\/www.encontrapiracicaba.com.br\\\/sobre\\\/author\\\/epiracicaba\\\/#author\"},\"creator\":{\"@id\":\"https:\\\/\\\/www.encontrapiracicaba.com.br\\\/sobre\\\/author\\\/epiracicaba\\\/#author\"},\"image\":{\"@type\":\"ImageObject\",\"url\":\"https:\\\/\\\/www.encontrapiracicaba.com.br\\\/sobre\\\/wp-content\\\/uploads\\\/vereador-destaca-conquista-de-recursos-para-habitacao-popular-em-piracicaba.webp\",\"@id\":\"https:\\\/\\\/www.encontrapiracicaba.com.br\\\/sobre\\\/vereador-destaca-conquista-de-recursos-para-habitacao-popular-em-piracicaba\\\/#mainImage\",\"width\":280,\"height\":280,\"caption\":\"recursos para habita\\u00e7\\u00e3o popular\"},\"primaryImageOfPage\":{\"@id\":\"https:\\\/\\\/www.encontrapiracicaba.com.br\\\/sobre\\\/vereador-destaca-conquista-de-recursos-para-habitacao-popular-em-piracicaba\\\/#mainImage\"},\"datePublished\":\"2026-03-06T11:42:23-03:00\",\"dateModified\":\"2026-03-06T11:42:23-03:00\"},{\"@type\":\"WebSite\",\"@id\":\"https:\\\/\\\/www.encontrapiracicaba.com.br\\\/sobre\\\/#website\",\"url\":\"https:\\\/\\\/www.encontrapiracicaba.com.br\\\/sobre\\\/\",\"name\":\"Encontra Piracicaba\",\"description\":\"Not\\u00edcias, eventos, informa\\u00e7\\u00f5es e dicas na cidade de Piracicaba e regi\\u00e3o\",\"inLanguage\":\"pt-BR\",\"publisher\":{\"@id\":\"https:\\\/\\\/www.encontrapiracicaba.com.br\\\/sobre\\\/#organization\"}}]}\n\t\t<\/script>\n\t\t<!-- All in One SEO -->\n\n","aioseo_head_json":{"title":"Vereador destaca conquista de recursos para habita\u00e7\u00e3o popular em Piracicaba | Encontra Piracicaba","description":"","canonical_url":"https:\/\/www.encontrapiracicaba.com.br\/sobre\/vereador-destaca-conquista-de-recursos-para-habitacao-popular-em-piracicaba\/","robots":"max-image-preview:large","keywords":"","webmasterTools":{"miscellaneous":""},"schema":{"@context":"https:\/\/schema.org","@graph":[{"@type":"Article","@id":"https:\/\/www.encontrapiracicaba.com.br\/sobre\/vereador-destaca-conquista-de-recursos-para-habitacao-popular-em-piracicaba\/#article","name":"Vereador destaca conquista de recursos para habita\u00e7\u00e3o popular em Piracicaba | Encontra Piracicaba","headline":"Vereador destaca conquista de recursos para habita\u00e7\u00e3o popular em Piracicaba","author":{"@id":"https:\/\/www.encontrapiracicaba.com.br\/sobre\/author\/epiracicaba\/#author"},"publisher":{"@id":"https:\/\/www.encontrapiracicaba.com.br\/sobre\/#organization"},"image":{"@type":"ImageObject","url":"https:\/\/www.encontrapiracicaba.com.br\/sobre\/wp-content\/uploads\/vereador-destaca-conquista-de-recursos-para-habitacao-popular-em-piracicaba.webp","width":280,"height":280,"caption":"recursos para habita\u00e7\u00e3o popular"},"datePublished":"2026-03-06T11:42:23-03:00","dateModified":"2026-03-06T11:42:23-03:00","inLanguage":"pt-BR","mainEntityOfPage":{"@id":"https:\/\/www.encontrapiracicaba.com.br\/sobre\/vereador-destaca-conquista-de-recursos-para-habitacao-popular-em-piracicaba\/#webpage"},"isPartOf":{"@id":"https:\/\/www.encontrapiracicaba.com.br\/sobre\/vereador-destaca-conquista-de-recursos-para-habitacao-popular-em-piracicaba\/#webpage"},"articleSection":"Not\u00edcias Piracicaba"},{"@type":"BreadcrumbList","@id":"https:\/\/www.encontrapiracicaba.com.br\/sobre\/vereador-destaca-conquista-de-recursos-para-habitacao-popular-em-piracicaba\/#breadcrumblist","itemListElement":[{"@type":"ListItem","@id":"https:\/\/www.encontrapiracicaba.com.br\/sobre#listItem","position":1,"name":"In\u00edcio","item":"https:\/\/www.encontrapiracicaba.com.br\/sobre","nextItem":{"@type":"ListItem","@id":"https:\/\/www.encontrapiracicaba.com.br\/sobre\/noticias-em-piracicaba\/#listItem","name":"Not\u00edcias Piracicaba"}},{"@type":"ListItem","@id":"https:\/\/www.encontrapiracicaba.com.br\/sobre\/noticias-em-piracicaba\/#listItem","position":2,"name":"Not\u00edcias Piracicaba","item":"https:\/\/www.encontrapiracicaba.com.br\/sobre\/noticias-em-piracicaba\/","nextItem":{"@type":"ListItem","@id":"https:\/\/www.encontrapiracicaba.com.br\/sobre\/vereador-destaca-conquista-de-recursos-para-habitacao-popular-em-piracicaba\/#listItem","name":"Vereador destaca conquista de recursos para habita\u00e7\u00e3o popular em Piracicaba"},"previousItem":{"@type":"ListItem","@id":"https:\/\/www.encontrapiracicaba.com.br\/sobre#listItem","name":"In\u00edcio"}},{"@type":"ListItem","@id":"https:\/\/www.encontrapiracicaba.com.br\/sobre\/vereador-destaca-conquista-de-recursos-para-habitacao-popular-em-piracicaba\/#listItem","position":3,"name":"Vereador destaca conquista de recursos para habita\u00e7\u00e3o popular em Piracicaba","previousItem":{"@type":"ListItem","@id":"https:\/\/www.encontrapiracicaba.com.br\/sobre\/noticias-em-piracicaba\/#listItem","name":"Not\u00edcias Piracicaba"}}]},{"@type":"Organization","@id":"https:\/\/www.encontrapiracicaba.com.br\/sobre\/#organization","name":"Encontra Piracicaba","description":"Not\u00edcias, eventos, informa\u00e7\u00f5es e dicas na cidade de Piracicaba e regi\u00e3o","url":"https:\/\/www.encontrapiracicaba.com.br\/sobre\/"},{"@type":"Person","@id":"https:\/\/www.encontrapiracicaba.com.br\/sobre\/author\/epiracicaba\/#author","url":"https:\/\/www.encontrapiracicaba.com.br\/sobre\/author\/epiracicaba\/","name":"Encontra Piracicaba","image":{"@type":"ImageObject","@id":"https:\/\/www.encontrapiracicaba.com.br\/sobre\/vereador-destaca-conquista-de-recursos-para-habitacao-popular-em-piracicaba\/#authorImage","url":"https:\/\/secure.gravatar.com\/avatar\/507340682b8270222e1f208e23198b6ae7e2c6a1033ae84e99bc6bce4f82a387?s=96&d=mm&r=g","width":96,"height":96,"caption":"Encontra Piracicaba"}},{"@type":"WebPage","@id":"https:\/\/www.encontrapiracicaba.com.br\/sobre\/vereador-destaca-conquista-de-recursos-para-habitacao-popular-em-piracicaba\/#webpage","url":"https:\/\/www.encontrapiracicaba.com.br\/sobre\/vereador-destaca-conquista-de-recursos-para-habitacao-popular-em-piracicaba\/","name":"Vereador destaca conquista de recursos para habita\u00e7\u00e3o popular em Piracicaba | Encontra Piracicaba","inLanguage":"pt-BR","isPartOf":{"@id":"https:\/\/www.encontrapiracicaba.com.br\/sobre\/#website"},"breadcrumb":{"@id":"https:\/\/www.encontrapiracicaba.com.br\/sobre\/vereador-destaca-conquista-de-recursos-para-habitacao-popular-em-piracicaba\/#breadcrumblist"},"author":{"@id":"https:\/\/www.encontrapiracicaba.com.br\/sobre\/author\/epiracicaba\/#author"},"creator":{"@id":"https:\/\/www.encontrapiracicaba.com.br\/sobre\/author\/epiracicaba\/#author"},"image":{"@type":"ImageObject","url":"https:\/\/www.encontrapiracicaba.com.br\/sobre\/wp-content\/uploads\/vereador-destaca-conquista-de-recursos-para-habitacao-popular-em-piracicaba.webp","@id":"https:\/\/www.encontrapiracicaba.com.br\/sobre\/vereador-destaca-conquista-de-recursos-para-habitacao-popular-em-piracicaba\/#mainImage","width":280,"height":280,"caption":"recursos para habita\u00e7\u00e3o popular"},"primaryImageOfPage":{"@id":"https:\/\/www.encontrapiracicaba.com.br\/sobre\/vereador-destaca-conquista-de-recursos-para-habitacao-popular-em-piracicaba\/#mainImage"},"datePublished":"2026-03-06T11:42:23-03:00","dateModified":"2026-03-06T11:42:23-03:00"},{"@type":"WebSite","@id":"https:\/\/www.encontrapiracicaba.com.br\/sobre\/#website","url":"https:\/\/www.encontrapiracicaba.com.br\/sobre\/","name":"Encontra Piracicaba","description":"Not\u00edcias, eventos, informa\u00e7\u00f5es e dicas na cidade de Piracicaba e regi\u00e3o","inLanguage":"pt-BR","publisher":{"@id":"https:\/\/www.encontrapiracicaba.com.br\/sobre\/#organization"}}]},"og:locale":"pt_BR","og:site_name":"Encontra Piracicaba | Not\u00edcias, eventos, informa\u00e7\u00f5es e dicas na cidade de Piracicaba e regi\u00e3o","og:type":"article","og:title":"Vereador destaca conquista de recursos para habita\u00e7\u00e3o popular em Piracicaba | Encontra Piracicaba","og:url":"https:\/\/www.encontrapiracicaba.com.br\/sobre\/vereador-destaca-conquista-de-recursos-para-habitacao-popular-em-piracicaba\/","article:published_time":"2026-03-06T14:42:23+00:00","article:modified_time":"2026-03-06T14:42:23+00:00","twitter:card":"summary","twitter:title":"Vereador destaca conquista de recursos para habita\u00e7\u00e3o popular em Piracicaba | Encontra Piracicaba"},"aioseo_meta_data":{"post_id":"4262","title":null,"description":null,"keywords":null,"keyphrases":null,"primary_term":null,"canonical_url":null,"og_title":null,"og_description":null,"og_object_type":"default","og_image_type":"default","og_image_url":null,"og_image_width":null,"og_image_height":null,"og_image_custom_url":null,"og_image_custom_fields":null,"og_video":null,"og_custom_url":null,"og_article_section":null,"og_article_tags":null,"twitter_use_og":false,"twitter_card":"default","twitter_image_type":"default","twitter_image_url":null,"twitter_image_custom_url":null,"twitter_image_custom_fields":null,"twitter_title":null,"twitter_description":null,"schema":{"blockGraphs":[],"customGraphs":[],"default":{"data":{"Article":[],"Course":[],"Dataset":[],"FAQPage":[],"Movie":[],"Person":[],"Product":[],"ProductReview":[],"Car":[],"Recipe":[],"Service":[],"SoftwareApplication":[],"WebPage":[]},"graphName":"Article","isEnabled":true},"graphs":[]},"schema_type":"default","schema_type_options":null,"pillar_content":false,"robots_default":true,"robots_noindex":false,"robots_noarchive":false,"robots_nosnippet":false,"robots_nofollow":false,"robots_noimageindex":false,"robots_noodp":false,"robots_notranslate":false,"robots_max_snippet":null,"robots_max_videopreview":null,"robots_max_imagepreview":"large","priority":null,"frequency":null,"local_seo":null,"breadcrumb_settings":null,"limit_modified_date":false,"ai":null,"created":"2026-03-06 14:42:28","updated":"2026-03-06 14:57:06","focus_keyword":null,"additional_keywords":null,"truseo_locale":null,"seo_analyzer_scan_date":null},"aioseo_breadcrumb":"<div class=\"aioseo-breadcrumbs\"><span class=\"aioseo-breadcrumb\">\n\t\t\t<a href=\"https:\/\/www.encontrapiracicaba.com.br\/sobre\" title=\"In\u00edcio\">In\u00edcio<\/a>\n\t\t<\/span><span class=\"aioseo-breadcrumb-separator\">&raquo;<\/span><span class=\"aioseo-breadcrumb\">\n\t\t\t<a href=\"https:\/\/www.encontrapiracicaba.com.br\/sobre\/noticias-em-piracicaba\/\" title=\"Not\u00edcias Piracicaba\">Not\u00edcias Piracicaba<\/a>\n\t\t<\/span><span class=\"aioseo-breadcrumb-separator\">&raquo;<\/span><span class=\"aioseo-breadcrumb\">\n\t\t\tVereador destaca conquista de recursos para habita\u00e7\u00e3o popular em Piracicaba\n\t\t<\/span><\/div>","aioseo_breadcrumb_json":[{"label":"In\u00edcio","link":"https:\/\/www.encontrapiracicaba.com.br\/sobre"},{"label":"Not\u00edcias Piracicaba","link":"https:\/\/www.encontrapiracicaba.com.br\/sobre\/noticias-em-piracicaba\/"},{"label":"Vereador destaca conquista de recursos para habita\u00e7\u00e3o popular em Piracicaba","link":"https:\/\/www.encontrapiracicaba.com.br\/sobre\/vereador-destaca-conquista-de-recursos-para-habitacao-popular-em-piracicaba\/"}],"_links":{"self":[{"href":"https:\/\/www.encontrapiracicaba.com.br\/sobre\/wp-json\/wp\/v2\/posts\/4262","targetHints":{"allow":["GET"]}}],"collection":[{"href":"https:\/\/www.encontrapiracicaba.com.br\/sobre\/wp-json\/wp\/v2\/posts"}],"about":[{"href":"https:\/\/www.encontrapiracicaba.com.br\/sobre\/wp-json\/wp\/v2\/types\/post"}],"author":[{"embeddable":true,"href":"https:\/\/www.encontrapiracicaba.com.br\/sobre\/wp-json\/wp\/v2\/users\/1"}],"replies":[{"embeddable":true,"href":"https:\/\/www.encontrapiracicaba.com.br\/sobre\/wp-json\/wp\/v2\/comments?post=4262"}],"version-history":[{"count":0,"href":"https:\/\/www.encontrapiracicaba.com.br\/sobre\/wp-json\/wp\/v2\/posts\/4262\/revisions"}],"wp:featuredmedia":[{"embeddable":true,"href":"https:\/\/www.encontrapiracicaba.com.br\/sobre\/wp-json\/wp\/v2\/media\/4261"}],"wp:attachment":[{"href":"https:\/\/www.encontrapiracicaba.com.br\/sobre\/wp-json\/wp\/v2\/media?parent=4262"}],"wp:term":[{"taxonomy":"category","embeddable":true,"href":"https:\/\/www.encontrapiracicaba.com.br\/sobre\/wp-json\/wp\/v2\/categories?post=4262"},{"taxonomy":"post_tag","embeddable":true,"href":"https:\/\/www.encontrapiracicaba.com.br\/sobre\/wp-json\/wp\/v2\/tags?post=4262"}],"curies":[{"name":"wp","href":"https:\/\/api.w.org\/{rel}","templated":true}]}}