{"id":4265,"date":"2026-03-07T11:54:14","date_gmt":"2026-03-07T14:54:14","guid":{"rendered":"https:\/\/www.encontrapiracicaba.com.br\/sobre\/projeto-inclui-festa-do-godinhos-no-calendario-oficial-de-eventos-de-piracicaba\/"},"modified":"2026-03-07T11:54:14","modified_gmt":"2026-03-07T14:54:14","slug":"projeto-inclui-festa-do-godinhos-no-calendario-oficial-de-eventos-de-piracicaba","status":"publish","type":"post","link":"https:\/\/www.encontrapiracicaba.com.br\/sobre\/projeto-inclui-festa-do-godinhos-no-calendario-oficial-de-eventos-de-piracicaba\/","title":{"rendered":"Projeto inclui Festa do Godinhos no Calend\u00e1rio Oficial de Eventos de Piracicaba"},"content":{"rendered":"<div class=\"85df007ed5c0c4d4b453fd13a37855e8\" data-index=\"1\" style=\"float: none; margin:0px;\">\n<!-- Anuncio display - global -->\r\n<ins class=\"adsbygoogle\"\r\n     style=\"display:block\"\r\n     data-ad-client=\"ca-pub-8585364105181520\"\r\n     data-ad-slot=\"8789329856\"\r\n     data-ad-format=\"auto\"\r\n     data-full-width-responsive=\"true\"><\/ins>\r\n<script>\r\n     (adsbygoogle = window.adsbygoogle || []).push({});\r\n<\/script>\n<\/div>\n<h2>Origem da Festa do Godinhos<\/h2>\n<p>A Festa do Godinhos \u00e9 um evento que reflete a rica heran\u00e7a cultural e hist\u00f3rica do bairro Godinhos em Piracicaba. Este evento est\u00e1 intimamente ligado \u00e0 Capela S\u00e3o Jos\u00e9, que faz parte da Par\u00f3quia Sant\u2019Ana, e possui mais de um s\u00e9culo de hist\u00f3ria, com exatos 111 anos de funcionamento. Ao longo dos anos, a capela tornou-se um espa\u00e7o essencial para a comunidade, servindo como palco para festividades religiosas e culturais que promovem a uni\u00e3o entre os moradores.<\/p>\n<p>O evento, que anteriormente foi interrompido devido \u00e0 diminui\u00e7\u00e3o da participa\u00e7\u00e3o da comunidade, foi revitalizado em 2023, trazendo de volta as tradi\u00e7\u00f5es que foram perdidas ao longo do tempo. Desde ent\u00e3o, a Festa do Godinhos se tornou um s\u00edmbolo de resist\u00eancia cultural e um momento de celebra\u00e7\u00e3o das ra\u00edzes locais.<\/p>\n<h2>Aprova\u00e7\u00e3o do Projeto de Lei<\/h2>\n<p>No dia 5 de mar\u00e7o de 2026, a C\u00e2mara Municipal de Piracicaba aprovou o Projeto de Lei 10\/2026, que oficializa a Festa do Godinhos como parte do Calend\u00e1rio Oficial de Eventos da cidade. A proposta, iniciativa do vereador Pedro Kawai (PSDB), foi apoiada tamb\u00e9m por outros vereadores, incluindo Gustavo Pompeo (Avante) e Marco Bicheiro (PSDB). Essa aprova\u00e7\u00e3o solidifica a import\u00e2ncia do evento na agenda cultural e social do munic\u00edpio.<\/p>\n<p>A inclus\u00e3o da Festa no calend\u00e1rio oficial assegura que o evento receba o apoio necess\u00e1rio, revitalizando as tradi\u00e7\u00f5es locais e fortalecendo os v\u00ednculos entre os moradores ao longo dos anos.<\/p>\n<h2>Import\u00e2ncia Cultural da Festividade<\/h2>\n<p>A Festa do Godinhos n\u00e3o \u00e9 apenas uma celebra\u00e7\u00e3o, mas um acontecimento que simboliza a cultura e as tradi\u00e7\u00f5es do bairro Godinhos. A rela\u00e7\u00e3o com a Capela S\u00e3o Jos\u00e9 destaca a relev\u00e2ncia de manter vivas as pr\u00e1ticas religiosas e festivas que h\u00e1 muito conectam a comunidade.<\/p>\n<p>Essa festividade tamb\u00e9m promove a solidariedade e a coletividade, uma vez que envolve a participa\u00e7\u00e3o ativa dos moradores, que se re\u00fanem para preparar e celebrar juntos as tradi\u00e7\u00f5es, criando um forte sentido de pertencimento e identidade cultural.<\/p>\n<h2>Atividades da Festa do Godinhos<\/h2>\n<p>A programa\u00e7\u00e3o da Festa do Godinhos \u00e9 robusta e diversificada, promovendo atividades que atendem a todos os perfis e idades. Ela se estende ao longo de tr\u00eas dias, come\u00e7ando na sexta-feira e culminando no domingo. As atividades incluem:<\/p>\n<ul>\n<li><strong>Prepara\u00e7\u00e3o e Decora\u00e7\u00e3o:<\/strong> As festividades come\u00e7am com a prepara\u00e7\u00e3o do espa\u00e7o, incluindo a adornos indicativos da tradi\u00e7\u00e3o local.<\/li>\n<li><strong>Missa Sertaneja:<\/strong> Uma missa especial \u00e9 realizada no s\u00e1bado \u00e0 noite, atraindo n\u00e3o apenas os moradores, mas tamb\u00e9m visitantes de \u00e1reas vizinhas.<\/li>\n<li><strong>Cavalgada:<\/strong> A cavalgada, um dos pontos altos da festividade, ocorre no domingo, reunindo cavaleiros e amazonas em uma demonstra\u00e7\u00e3o de f\u00e9 e tradi\u00e7\u00e3o.<\/li>\n<li><strong>Gastronomia:<\/strong> Durante os tr\u00eas dias \u00e9 servido um card\u00e1pio de comidas t\u00edpicas, como leitoa e frangos assados em forno de barro, que s\u00e3o uma verdadeira tradi\u00e7\u00e3o local.<\/li>\n<li><strong>Apresenta\u00e7\u00f5es Culturais:<\/strong> O evento conta com apresenta\u00e7\u00f5es musicais e culturais, valorizando a arte e a cultura local.<\/li>\n<\/ul>\n<h2>Participa\u00e7\u00e3o da Comunidade<\/h2>\n<p>A participa\u00e7\u00e3o da comunidade \u00e9 uma das ess\u00eancias da Festa do Godinhos. A cada ano, mais moradores se envolvem na organiza\u00e7\u00e3o e na realiza\u00e7\u00e3o do evento. Este aumento na participa\u00e7\u00e3o \u00e9 um reflexo do forte esp\u00edrito comunit\u00e1rio que permeia a regi\u00e3o. Diferentes gera\u00e7\u00f5es se juntam para vivenciar e celebrar as tradi\u00e7\u00f5es locais, reunindo amigos e familiares em torno de uma causa comum.<\/p>\n<p>Com o crescimento observ\u00e1vel na participa\u00e7\u00e3o, a festa vem atraindo n\u00e3o s\u00f3 residentes do bairro Godinhos, mas tamb\u00e9m pessoas de outras partes da cidade. Em 2023, cerca de 400 participantes estiveram presentes; este n\u00famero cresceu para cerca de 900 em 2025.<\/p>\n<h2>Cavalgada Tradicional<\/h2>\n<p>A cavalgada \u00e9 uma tradi\u00e7\u00e3o que remete \u00e0s celebra\u00e7\u00f5es religiosas do bairro e se destaca como um dos momentos mais esperados da festa. No m\u00eas de janeiro, os cavaleiros e amazonas come\u00e7am seu trajeto do Varej\u00e3o da Vila F\u00e1tima em dire\u00e7\u00e3o \u00e0 Capela S\u00e3o Jos\u00e9. Este percurso \u00e9 considerado uma homenagem a S\u00e3o Sebasti\u00e3o, padroeiro dos cavaleiros, e tamb\u00e9m ao S\u00e3o Jos\u00e9, o protetor das fam\u00edlias.<\/p>\n<p>A cavalgada atrai uma grande quantidade de participantes e espectadores, o que a torna um elemento essencial da festividade, simbolizando n\u00e3o apenas a cultura local, mas tamb\u00e9m a f\u00e9 e a devo\u00e7\u00e3o dos moradores.<\/p>\n<h2>Culin\u00e1ria T\u00edpica do Evento<\/h2>\n<p>A gastronomia desempenha um papel vital nas festividades, com um card\u00e1pio que apresenta as del\u00edcias regionais. Os pratos mais tradicionais incluem:<\/p>\n<ul>\n<li><strong>Leitoa Assada:<\/strong> Prato muito apreciado, \u00e9 um grande atrativo durante a festividade.<\/li>\n<li><strong>Frango Assado em Forno de Barro:<\/strong> Uma iguaria que \u00e9 cuidadosamente preparada, mantendo os sabores aut\u00eanticos da culin\u00e1ria local.<\/li>\n<li><strong>Doces T\u00edpicos:<\/strong> Todos esses pratos s\u00e3o acompanhados de doces locais que garantem um toque especial \u00e0 experi\u00eancia gastron\u00f4mica.<\/li>\n<\/ul>\n<p>Essas iguarias n\u00e3o apenas satisfez as necessidades alimentares, mas tamb\u00e9m revitaliza a cultura gastron\u00f4mica do bairro. As tradi\u00e7\u00f5es culin\u00e1rias se entrela\u00e7am com a hist\u00f3ria local, proporcionando um senso de continuidade e pertencimento.<\/p>\n<h2>Tradi\u00e7\u00f5es Religiosas Revisitadas<\/h2>\n<p>A Festa do Godinhos \u00e9 uma reinterpreta\u00e7\u00e3o das tradi\u00e7\u00f5es religiosas locais. Com a retomada do evento, as pr\u00e1ticas que foram deixadas de lado est\u00e3o sendo resgatadas. A missa sertaneja e a b\u00ean\u00e7\u00e3o dos cavaleiros s\u00e3o apenas dois exemplos de como a religiosidade da comunidade foi reanimada durante a festividade.<\/p>\n<p>Essas tradi\u00e7\u00f5es religiosas n\u00e3o apenas fortalecem os la\u00e7os entre a comunidade, mas tamb\u00e9m criam um espa\u00e7o onde a f\u00e9 pode ser expressa abertamente, servindo como um testemunho da f\u00e9 que anima muitos dos moradores da regi\u00e3o.<\/p>\n<h2>Crescimento da Participa\u00e7\u00e3o<\/h2>\n<p>A Festa do Godinhos apresenta um crescimento significativo em termos de participa\u00e7\u00e3o ao longo dos anos. A evolu\u00e7\u00e3o dos n\u00fameros \u00e9 not\u00e1vel:<\/p>\n<ul>\n<li>2023: Cerca de 400 participantes.<\/li>\n<li>2024: Aproximadamente 700 participantes.<\/li>\n<li>2025: Aproximadamente 900 participantes, incluindo homens, mulheres e crian\u00e7as em trajes t\u00edpicos.<\/li>\n<\/ul>\n<p>Esse crescimento reflete n\u00e3o apenas a popularidade crescente do evento, mas tamb\u00e9m a efic\u00e1cia das iniciativas que envolvem a comunidade na sua organiza\u00e7\u00e3o e celebra\u00e7\u00e3o. As pessoas est\u00e3o cada vez mais dispostas a se engajar e a participar das atividades, promovendo uma sensa\u00e7\u00e3o de unicidade e tradi\u00e7\u00e3o.<\/p>\n<h2>Perspectivas Futuras da Festa<\/h2>\n<p>O futuro da Festa do Godinhos parece promissor, com perspectivas de expans\u00e3o e maior participa\u00e7\u00e3o da comunidade. Conforme a festividade continua a se firmar no calend\u00e1rio oficial de eventos de Piracicaba, h\u00e1 planos para diversificar ainda mais as atividades e aprimorar a experi\u00eancia dos participantes.<\/p>\n<p>Al\u00e9m disso, esfor\u00e7os est\u00e3o sendo feitos para promover a festividade para al\u00e9m das fronteiras do bairro, atraindo visitantes de outras regi\u00f5es para que possam conhecer e participar da rica cultura e tradi\u00e7\u00f5es do Godinhos. A esperan\u00e7a \u00e9 que a festa n\u00e3o apenas continue a revitalizar as tradi\u00e7\u00f5es locais, mas tamb\u00e9m se torne um marco emblem\u00e1tico nas celebra\u00e7\u00f5es do calend\u00e1rio municipal.<\/p>\n\n<div style=\"font-size: 0px; height: 0px; line-height: 0px; margin: 0; padding: 0; clear: both;\"><\/div>","protected":false},"excerpt":{"rendered":"<p>Festa do Godinhos \u00e9 agora parte do calend\u00e1rio oficial da cidade!<\/p>\n","protected":false},"author":1,"featured_media":0,"comment_status":"closed","ping_status":"closed","sticky":false,"template":"","format":"standard","meta":{"footnotes":""},"categories":[29],"tags":[],"class_list":["post-4265","post","type-post","status-publish","format-standard","hentry","category-cultura-em-piracicaba"],"aioseo_notices":[],"_links":{"self":[{"href":"https:\/\/www.encontrapiracicaba.com.br\/sobre\/wp-json\/wp\/v2\/posts\/4265","targetHints":{"allow":["GET"]}}],"collection":[{"href":"https:\/\/www.encontrapiracicaba.com.br\/sobre\/wp-json\/wp\/v2\/posts"}],"about":[{"href":"https:\/\/www.encontrapiracicaba.com.br\/sobre\/wp-json\/wp\/v2\/types\/post"}],"author":[{"embeddable":true,"href":"https:\/\/www.encontrapiracicaba.com.br\/sobre\/wp-json\/wp\/v2\/users\/1"}],"replies":[{"embeddable":true,"href":"https:\/\/www.encontrapiracicaba.com.br\/sobre\/wp-json\/wp\/v2\/comments?post=4265"}],"version-history":[{"count":0,"href":"https:\/\/www.encontrapiracicaba.com.br\/sobre\/wp-json\/wp\/v2\/posts\/4265\/revisions"}],"wp:attachment":[{"href":"https:\/\/www.encontrapiracicaba.com.br\/sobre\/wp-json\/wp\/v2\/media?parent=4265"}],"wp:term":[{"taxonomy":"category","embeddable":true,"href":"https:\/\/www.encontrapiracicaba.com.br\/sobre\/wp-json\/wp\/v2\/categories?post=4265"},{"taxonomy":"post_tag","embeddable":true,"href":"https:\/\/www.encontrapiracicaba.com.br\/sobre\/wp-json\/wp\/v2\/tags?post=4265"}],"curies":[{"name":"wp","href":"https:\/\/api.w.org\/{rel}","templated":true}]}}