{"id":4274,"date":"2026-03-09T11:43:16","date_gmt":"2026-03-09T14:43:16","guid":{"rendered":"https:\/\/www.encontrapiracicaba.com.br\/sobre\/vereador-se-reune-com-prefeito-para-discutir-demandas-do-municipio\/"},"modified":"2026-03-09T11:43:16","modified_gmt":"2026-03-09T14:43:16","slug":"vereador-se-reune-com-prefeito-para-discutir-demandas-do-municipio","status":"publish","type":"post","link":"https:\/\/www.encontrapiracicaba.com.br\/sobre\/vereador-se-reune-com-prefeito-para-discutir-demandas-do-municipio\/","title":{"rendered":"Vereador se re\u00fane com prefeito para discutir demandas do munic\u00edpio"},"content":{"rendered":"<div class=\"85df007ed5c0c4d4b453fd13a37855e8\" data-index=\"1\" style=\"float: none; margin:0px;\">\n<!-- Anuncio display - global -->\r\n<ins class=\"adsbygoogle\"\r\n     style=\"display:block\"\r\n     data-ad-client=\"ca-pub-8585364105181520\"\r\n     data-ad-slot=\"8789329856\"\r\n     data-ad-format=\"auto\"\r\n     data-full-width-responsive=\"true\"><\/ins>\r\n<script>\r\n     (adsbygoogle = window.adsbygoogle || []).push({});\r\n<\/script>\n<\/div>\n<h2>A Reuni\u00e3o Importante entre o Vereador e o Prefeito<\/h2>\n<p>No dia 11 de fevereiro, o vereador <strong>Fabr\u00edcio Polezi<\/strong> (PL) se reuniu com o prefeito <strong>Helinho Zanatta<\/strong> e o Chefe de Gabinete Executivo <strong>Francisco Duarte<\/strong> na Prefeitura Municipal. O principal objetivo desse encontro foi discutir uma s\u00e9rie de demandas que foram apresentadas pela popula\u00e7\u00e3o ao longo do m\u00eas. A reuni\u00e3o foi marcada pela colabora\u00e7\u00e3o e a busca por solu\u00e7\u00f5es efetivas para os desafios enfrentados pelos cidad\u00e3os de Piracicaba.<\/p>\n<h2>Demandas da Popula\u00e7\u00e3o: O Que Foi Discutido?<\/h2>\n<p>Durante a reuni\u00e3o, o vereador Polezi enfatizou as solicita\u00e7\u00f5es mais urgentes feitas pela comunidade. Dentre os pontos abordados, destacou-se a necessidade de melhorar a infraestrutura urbana, especialmente em \u00e1reas que requerem aten\u00e7\u00e3o imediata. <strong>A participa\u00e7\u00e3o ativa dos cidad\u00e3os<\/strong> nas pautas discutidas foi um diferencial, permitindo que demandas reais e urgentes fossem apresentadas diretamente ao executivo municipal.<\/p>\n<h2>Busca por Solu\u00e7\u00f5es para o Time Cane Cutters<\/h2>\n<p>Um dos destaques da discuss\u00e3o foi a solicita\u00e7\u00e3o do time de futebol americano, <strong>Cane Cutters<\/strong>, que requer uma \u00e1rea apropriada para seus treinamentos. O time, que foi homenageado recentemente pela C\u00e2mara Municipal devido ao seu t\u00edtulo na categoria sub-16, busca um espa\u00e7o que atenda suas necessidades espec\u00edficas. O prefeito Zanatta assegurou que ir\u00e1 trabalhar para atender essa demanda, demonstrando compromisso com o esporte local e apoio ao desenvolvimento das atividades atl\u00e9ticas.<\/p>\n<p><img decoding=\"async\" src=\"https:\/\/www.encontrapiracicaba.com.br\/sobre\/wp-content\/uploads\/vereador-se-reune-com-prefeito-para-discutir-demandas-do-municipio.webp\" alt=\"demandas do munic\u00edpio\" loading=\"lazy\" \/><\/p>\n<h2>Melhorias na Infraestrutura: Asfalto e Saneamento<\/h2>\n<p>Al\u00e9m das quest\u00f5es esportivas, Polezi apontou a necessidade de pavimenta\u00e7\u00e3o na <strong>Rua dos Pinheiros<\/strong>, localizada no bairro Bosques do Lenheiro. Essa solicita\u00e7\u00e3o \u00e9 parte de um conjunto de melhorias que o vereador busca promover na regi\u00e3o, com o intuito de garantir uma infraestrutura vi\u00e1vel e segura para os moradores. O prefeito tamb\u00e9m se mostrou disposto a colaborar com o pedido de asfaltamento em cortes espec\u00edficos, como uma travessa da mesma rua, evidenciando sua disposi\u00e7\u00e3o para melhorar as condi\u00e7\u00f5es de tr\u00e1fego e acessibilidade no munic\u00edpio.<\/p>\n<h2>Apoio ao Setor Metal\u00fargico de Piracicaba<\/h2>\n<p>Outra quest\u00e3o levantada pelo vereador foi a situa\u00e7\u00e3o da <strong>Rua Ign\u00eas Formaggio<\/strong>, no bairro Altafin, que carece de melhorias no sistema de \u00e1gua e esgoto. Essa demanda representa uma preocupa\u00e7\u00e3o antiga dos moradores daquela \u00e1rea, e o compromisso do prefeito foi prontamente manifestado, mostrando sua disposi\u00e7\u00e3o para buscar solu\u00e7\u00f5es adequadas e eficazes para atender os anseios da popula\u00e7\u00e3o.<\/p>\n<h2>Compromisso com o Desenvolvimento Urbano<\/h2>\n<p>O encontro n\u00e3o se limitou a demandas espec\u00edficas; Polezi tamb\u00e9m compartilhou ideias voltadas para o fortalecimento da classe metal\u00fargica, uma das bases produtivas mais importantes para o desenvolvimento econ\u00f4mico da cidade. Ele enfatizou a import\u00e2ncia de ouvir as necessidades de sua base e provou que est\u00e1 disposto a lutar por melhorias e inova\u00e7\u00f5es que beneficiar\u00e3o a comunidade como um todo.<\/p>\n<h2>Engajamento da Comunidade nas Demandas<\/h2>\n<p>O di\u00e1logo aberto entre o executivo e o legislativo, evidenciado na reuni\u00e3o, ressalta a import\u00e2ncia da colabora\u00e7\u00e3o m\u00fatua. Polezi expressou seu agradecimento ao prefeito e ao Chefe de Gabinete pela disposi\u00e7\u00e3o em ouvir as demandas que surgem diretamente de seus constituintes. Esse tipo de intera\u00e7\u00e3o \u00e9 crucial para engajar a comunidade nas solu\u00e7\u00f5es que tornam a cidade de Piracicaba um lugar melhor para todos.<\/p>\n<h2>Import\u00e2ncia da Parceria entre o Executivo e o Legislativo<\/h2>\n<p>A uni\u00e3o de esfor\u00e7os entre o vereador e o prefeito foi um ponto alto da reuni\u00e3o, demonstrando que, juntos, \u00e9 poss\u00edvel fomentar pr\u00e1ticas que visem o bem-estar da popula\u00e7\u00e3o. A vontade de ambas as partes em trabalhar em conjunto para resolver as problem\u00e1ticas da cidade estabelece um exemplo de governan\u00e7a participativa e comprometida.<\/p>\n<h2>Conte\u00fado do Encontro: Propostas e Ideias<\/h2>\n<p>Durante a conversa, o vereador trouxe uma variedade de propostas que visam n\u00e3o apenas resolver situa\u00e7\u00f5es emergenciais, mas tamb\u00e9m fomentar um crescimento sustent\u00e1vel para a cidade. O comprometimento em desenvolver e melhorar a infraestrutura local foi uma constante nas falas do vereador e do prefeito, que juntos alinharam objetivos comuns a serem trabalhados nos pr\u00f3ximos meses.<\/p>\n<h2>Impacto das Decis\u00f5es na Vida da Popula\u00e7\u00e3o<\/h2>\n<p>As medidas discutidas poder\u00e3o ter um impacto significativo sobre a qualidade de vida dos piracicabanos. Assim, a\u00e7\u00f5es proativas, como a busca pelo asfaltamento de ruas e a melhoria no fornecimento de \u00e1gua e esgoto, s\u00e3o essenciais para garantir que todos os cidad\u00e3os tenham acesso a servi\u00e7os b\u00e1sicos que s\u00e3o fundamentais para o dia a dia. O engajamento do vereador Fabr\u00edcio Polezi e sua intera\u00e7\u00e3o com a popula\u00e7\u00e3o v\u00e3o al\u00e9m dos discursos, refletindo uma pr\u00e1tica real de atendimento \u00e0s necessidades da comunidade.<\/p>\n<p>&#8220;Agrade\u00e7o muito ao prefeito H\u00e9lio Zanatta e ao Chefe de Gabinete Executivo Francisco Duarte por me receberem aqui na Prefeitura e ouvirem as demandas da popula\u00e7\u00e3o. Me coloco \u00e0 disposi\u00e7\u00e3o para trabalhar junto pelo munic\u00edpio e buscarmos as melhores solu\u00e7\u00f5es para essas e outras demandas que venham a aparecer&#8221;. Essas palavras de Fabr\u00edcio Polezi encapsulam o esp\u00edrito de compromisso e colabora\u00e7\u00e3o presente na reuni\u00e3o, proporcionando esperan\u00e7a e otimismo para as futuras a\u00e7\u00f5es administrativas.<\/p>\n<p>Texto: Assessoria parlamentar<\/p>\n<p>Supervis\u00e3o: Rodrigo Alves &#8211; MTB 42.583<\/p>\n<p>* A\u00e7\u00f5es dos Mandatos | Fabricio Polezi<\/p>\n\n<div style=\"font-size: 0px; height: 0px; line-height: 0px; margin: 0; padding: 0; clear: both;\"><\/div>","protected":false},"excerpt":{"rendered":"<p>Vereador e prefeito se re\u00fanem para discutir demandas essenciais pela popula\u00e7\u00e3o de Piracicaba.<\/p>\n","protected":false},"author":1,"featured_media":4273,"comment_status":"closed","ping_status":"closed","sticky":false,"template":"","format":"standard","meta":{"footnotes":""},"categories":[6],"tags":[],"class_list":["post-4274","post","type-post","status-publish","format-standard","has-post-thumbnail","hentry","category-noticias-em-piracicaba","has_thumb"],"aioseo_notices":[],"aioseo_head":"\n\t\t<!-- All in One SEO 5.0.0.1 - aioseo.com -->\n\t<meta name=\"robots\" content=\"max-image-preview:large\" \/>\n\t<meta name=\"author\" content=\"Encontra Piracicaba\"\/>\n\t<link rel=\"canonical\" href=\"https:\/\/www.encontrapiracicaba.com.br\/sobre\/vereador-se-reune-com-prefeito-para-discutir-demandas-do-municipio\/\" \/>\n\t<meta name=\"generator\" content=\"All in One SEO (AIOSEO) 5.0.0.1\" \/>\n\t\t<meta property=\"og:locale\" content=\"pt_BR\" \/>\n\t\t<meta property=\"og:site_name\" content=\"Encontra Piracicaba | Not\u00edcias, eventos, informa\u00e7\u00f5es e dicas na cidade de Piracicaba e regi\u00e3o\" \/>\n\t\t<meta property=\"og:type\" content=\"article\" \/>\n\t\t<meta property=\"og:title\" content=\"Vereador se re\u00fane com prefeito para discutir demandas do munic\u00edpio | Encontra Piracicaba\" \/>\n\t\t<meta property=\"og:url\" content=\"https:\/\/www.encontrapiracicaba.com.br\/sobre\/vereador-se-reune-com-prefeito-para-discutir-demandas-do-municipio\/\" \/>\n\t\t<meta property=\"article:published_time\" content=\"2026-03-09T14:43:16+00:00\" \/>\n\t\t<meta property=\"article:modified_time\" content=\"2026-03-09T14:43:16+00:00\" \/>\n\t\t<meta name=\"twitter:card\" content=\"summary\" \/>\n\t\t<meta name=\"twitter:title\" content=\"Vereador se re\u00fane com prefeito para discutir demandas do munic\u00edpio | Encontra Piracicaba\" \/>\n\t\t<script type=\"application\/ld+json\" class=\"aioseo-schema\">\n\t\t\t{\"@context\":\"https:\\\/\\\/schema.org\",\"@graph\":[{\"@type\":\"Article\",\"@id\":\"https:\\\/\\\/www.encontrapiracicaba.com.br\\\/sobre\\\/vereador-se-reune-com-prefeito-para-discutir-demandas-do-municipio\\\/#article\",\"name\":\"Vereador se re\\u00fane com prefeito para discutir demandas do munic\\u00edpio | Encontra Piracicaba\",\"headline\":\"Vereador se re\\u00fane com prefeito para discutir demandas do munic\\u00edpio\",\"author\":{\"@id\":\"https:\\\/\\\/www.encontrapiracicaba.com.br\\\/sobre\\\/author\\\/epiracicaba\\\/#author\"},\"publisher\":{\"@id\":\"https:\\\/\\\/www.encontrapiracicaba.com.br\\\/sobre\\\/#organization\"},\"image\":{\"@type\":\"ImageObject\",\"url\":\"https:\\\/\\\/www.encontrapiracicaba.com.br\\\/sobre\\\/wp-content\\\/uploads\\\/vereador-se-reune-com-prefeito-para-discutir-demandas-do-municipio.webp\",\"width\":280,\"height\":280,\"caption\":\"demandas do munic\\u00edpio\"},\"datePublished\":\"2026-03-09T11:43:16-03:00\",\"dateModified\":\"2026-03-09T11:43:16-03:00\",\"inLanguage\":\"pt-BR\",\"mainEntityOfPage\":{\"@id\":\"https:\\\/\\\/www.encontrapiracicaba.com.br\\\/sobre\\\/vereador-se-reune-com-prefeito-para-discutir-demandas-do-municipio\\\/#webpage\"},\"isPartOf\":{\"@id\":\"https:\\\/\\\/www.encontrapiracicaba.com.br\\\/sobre\\\/vereador-se-reune-com-prefeito-para-discutir-demandas-do-municipio\\\/#webpage\"},\"articleSection\":\"Not\\u00edcias Piracicaba\"},{\"@type\":\"BreadcrumbList\",\"@id\":\"https:\\\/\\\/www.encontrapiracicaba.com.br\\\/sobre\\\/vereador-se-reune-com-prefeito-para-discutir-demandas-do-municipio\\\/#breadcrumblist\",\"itemListElement\":[{\"@type\":\"ListItem\",\"@id\":\"https:\\\/\\\/www.encontrapiracicaba.com.br\\\/sobre#listItem\",\"position\":1,\"name\":\"In\\u00edcio\",\"item\":\"https:\\\/\\\/www.encontrapiracicaba.com.br\\\/sobre\",\"nextItem\":{\"@type\":\"ListItem\",\"@id\":\"https:\\\/\\\/www.encontrapiracicaba.com.br\\\/sobre\\\/noticias-em-piracicaba\\\/#listItem\",\"name\":\"Not\\u00edcias Piracicaba\"}},{\"@type\":\"ListItem\",\"@id\":\"https:\\\/\\\/www.encontrapiracicaba.com.br\\\/sobre\\\/noticias-em-piracicaba\\\/#listItem\",\"position\":2,\"name\":\"Not\\u00edcias Piracicaba\",\"item\":\"https:\\\/\\\/www.encontrapiracicaba.com.br\\\/sobre\\\/noticias-em-piracicaba\\\/\",\"nextItem\":{\"@type\":\"ListItem\",\"@id\":\"https:\\\/\\\/www.encontrapiracicaba.com.br\\\/sobre\\\/vereador-se-reune-com-prefeito-para-discutir-demandas-do-municipio\\\/#listItem\",\"name\":\"Vereador se re\\u00fane com prefeito para discutir demandas do munic\\u00edpio\"},\"previousItem\":{\"@type\":\"ListItem\",\"@id\":\"https:\\\/\\\/www.encontrapiracicaba.com.br\\\/sobre#listItem\",\"name\":\"In\\u00edcio\"}},{\"@type\":\"ListItem\",\"@id\":\"https:\\\/\\\/www.encontrapiracicaba.com.br\\\/sobre\\\/vereador-se-reune-com-prefeito-para-discutir-demandas-do-municipio\\\/#listItem\",\"position\":3,\"name\":\"Vereador se re\\u00fane com prefeito para discutir demandas do munic\\u00edpio\",\"previousItem\":{\"@type\":\"ListItem\",\"@id\":\"https:\\\/\\\/www.encontrapiracicaba.com.br\\\/sobre\\\/noticias-em-piracicaba\\\/#listItem\",\"name\":\"Not\\u00edcias Piracicaba\"}}]},{\"@type\":\"Organization\",\"@id\":\"https:\\\/\\\/www.encontrapiracicaba.com.br\\\/sobre\\\/#organization\",\"name\":\"Encontra Piracicaba\",\"description\":\"Not\\u00edcias, eventos, informa\\u00e7\\u00f5es e dicas na cidade de Piracicaba e regi\\u00e3o\",\"url\":\"https:\\\/\\\/www.encontrapiracicaba.com.br\\\/sobre\\\/\"},{\"@type\":\"Person\",\"@id\":\"https:\\\/\\\/www.encontrapiracicaba.com.br\\\/sobre\\\/author\\\/epiracicaba\\\/#author\",\"url\":\"https:\\\/\\\/www.encontrapiracicaba.com.br\\\/sobre\\\/author\\\/epiracicaba\\\/\",\"name\":\"Encontra Piracicaba\",\"image\":{\"@type\":\"ImageObject\",\"@id\":\"https:\\\/\\\/www.encontrapiracicaba.com.br\\\/sobre\\\/vereador-se-reune-com-prefeito-para-discutir-demandas-do-municipio\\\/#authorImage\",\"url\":\"https:\\\/\\\/secure.gravatar.com\\\/avatar\\\/507340682b8270222e1f208e23198b6ae7e2c6a1033ae84e99bc6bce4f82a387?s=96&d=mm&r=g\",\"width\":96,\"height\":96,\"caption\":\"Encontra Piracicaba\"}},{\"@type\":\"WebPage\",\"@id\":\"https:\\\/\\\/www.encontrapiracicaba.com.br\\\/sobre\\\/vereador-se-reune-com-prefeito-para-discutir-demandas-do-municipio\\\/#webpage\",\"url\":\"https:\\\/\\\/www.encontrapiracicaba.com.br\\\/sobre\\\/vereador-se-reune-com-prefeito-para-discutir-demandas-do-municipio\\\/\",\"name\":\"Vereador se re\\u00fane com prefeito para discutir demandas do munic\\u00edpio | Encontra Piracicaba\",\"inLanguage\":\"pt-BR\",\"isPartOf\":{\"@id\":\"https:\\\/\\\/www.encontrapiracicaba.com.br\\\/sobre\\\/#website\"},\"breadcrumb\":{\"@id\":\"https:\\\/\\\/www.encontrapiracicaba.com.br\\\/sobre\\\/vereador-se-reune-com-prefeito-para-discutir-demandas-do-municipio\\\/#breadcrumblist\"},\"author\":{\"@id\":\"https:\\\/\\\/www.encontrapiracicaba.com.br\\\/sobre\\\/author\\\/epiracicaba\\\/#author\"},\"creator\":{\"@id\":\"https:\\\/\\\/www.encontrapiracicaba.com.br\\\/sobre\\\/author\\\/epiracicaba\\\/#author\"},\"image\":{\"@type\":\"ImageObject\",\"url\":\"https:\\\/\\\/www.encontrapiracicaba.com.br\\\/sobre\\\/wp-content\\\/uploads\\\/vereador-se-reune-com-prefeito-para-discutir-demandas-do-municipio.webp\",\"@id\":\"https:\\\/\\\/www.encontrapiracicaba.com.br\\\/sobre\\\/vereador-se-reune-com-prefeito-para-discutir-demandas-do-municipio\\\/#mainImage\",\"width\":280,\"height\":280,\"caption\":\"demandas do munic\\u00edpio\"},\"primaryImageOfPage\":{\"@id\":\"https:\\\/\\\/www.encontrapiracicaba.com.br\\\/sobre\\\/vereador-se-reune-com-prefeito-para-discutir-demandas-do-municipio\\\/#mainImage\"},\"datePublished\":\"2026-03-09T11:43:16-03:00\",\"dateModified\":\"2026-03-09T11:43:16-03:00\"},{\"@type\":\"WebSite\",\"@id\":\"https:\\\/\\\/www.encontrapiracicaba.com.br\\\/sobre\\\/#website\",\"url\":\"https:\\\/\\\/www.encontrapiracicaba.com.br\\\/sobre\\\/\",\"name\":\"Encontra Piracicaba\",\"description\":\"Not\\u00edcias, eventos, informa\\u00e7\\u00f5es e dicas na cidade de Piracicaba e regi\\u00e3o\",\"inLanguage\":\"pt-BR\",\"publisher\":{\"@id\":\"https:\\\/\\\/www.encontrapiracicaba.com.br\\\/sobre\\\/#organization\"}}]}\n\t\t<\/script>\n\t\t<!-- All in One SEO -->\n\n","aioseo_head_json":{"title":"Vereador se re\u00fane com prefeito para discutir demandas do munic\u00edpio | Encontra Piracicaba","description":"","canonical_url":"https:\/\/www.encontrapiracicaba.com.br\/sobre\/vereador-se-reune-com-prefeito-para-discutir-demandas-do-municipio\/","robots":"max-image-preview:large","keywords":"","webmasterTools":{"miscellaneous":""},"schema":{"@context":"https:\/\/schema.org","@graph":[{"@type":"Article","@id":"https:\/\/www.encontrapiracicaba.com.br\/sobre\/vereador-se-reune-com-prefeito-para-discutir-demandas-do-municipio\/#article","name":"Vereador se re\u00fane com prefeito para discutir demandas do munic\u00edpio | Encontra Piracicaba","headline":"Vereador se re\u00fane com prefeito para discutir demandas do munic\u00edpio","author":{"@id":"https:\/\/www.encontrapiracicaba.com.br\/sobre\/author\/epiracicaba\/#author"},"publisher":{"@id":"https:\/\/www.encontrapiracicaba.com.br\/sobre\/#organization"},"image":{"@type":"ImageObject","url":"https:\/\/www.encontrapiracicaba.com.br\/sobre\/wp-content\/uploads\/vereador-se-reune-com-prefeito-para-discutir-demandas-do-municipio.webp","width":280,"height":280,"caption":"demandas do munic\u00edpio"},"datePublished":"2026-03-09T11:43:16-03:00","dateModified":"2026-03-09T11:43:16-03:00","inLanguage":"pt-BR","mainEntityOfPage":{"@id":"https:\/\/www.encontrapiracicaba.com.br\/sobre\/vereador-se-reune-com-prefeito-para-discutir-demandas-do-municipio\/#webpage"},"isPartOf":{"@id":"https:\/\/www.encontrapiracicaba.com.br\/sobre\/vereador-se-reune-com-prefeito-para-discutir-demandas-do-municipio\/#webpage"},"articleSection":"Not\u00edcias Piracicaba"},{"@type":"BreadcrumbList","@id":"https:\/\/www.encontrapiracicaba.com.br\/sobre\/vereador-se-reune-com-prefeito-para-discutir-demandas-do-municipio\/#breadcrumblist","itemListElement":[{"@type":"ListItem","@id":"https:\/\/www.encontrapiracicaba.com.br\/sobre#listItem","position":1,"name":"In\u00edcio","item":"https:\/\/www.encontrapiracicaba.com.br\/sobre","nextItem":{"@type":"ListItem","@id":"https:\/\/www.encontrapiracicaba.com.br\/sobre\/noticias-em-piracicaba\/#listItem","name":"Not\u00edcias Piracicaba"}},{"@type":"ListItem","@id":"https:\/\/www.encontrapiracicaba.com.br\/sobre\/noticias-em-piracicaba\/#listItem","position":2,"name":"Not\u00edcias Piracicaba","item":"https:\/\/www.encontrapiracicaba.com.br\/sobre\/noticias-em-piracicaba\/","nextItem":{"@type":"ListItem","@id":"https:\/\/www.encontrapiracicaba.com.br\/sobre\/vereador-se-reune-com-prefeito-para-discutir-demandas-do-municipio\/#listItem","name":"Vereador se re\u00fane com prefeito para discutir demandas do munic\u00edpio"},"previousItem":{"@type":"ListItem","@id":"https:\/\/www.encontrapiracicaba.com.br\/sobre#listItem","name":"In\u00edcio"}},{"@type":"ListItem","@id":"https:\/\/www.encontrapiracicaba.com.br\/sobre\/vereador-se-reune-com-prefeito-para-discutir-demandas-do-municipio\/#listItem","position":3,"name":"Vereador se re\u00fane com prefeito para discutir demandas do munic\u00edpio","previousItem":{"@type":"ListItem","@id":"https:\/\/www.encontrapiracicaba.com.br\/sobre\/noticias-em-piracicaba\/#listItem","name":"Not\u00edcias Piracicaba"}}]},{"@type":"Organization","@id":"https:\/\/www.encontrapiracicaba.com.br\/sobre\/#organization","name":"Encontra Piracicaba","description":"Not\u00edcias, eventos, informa\u00e7\u00f5es e dicas na cidade de Piracicaba e regi\u00e3o","url":"https:\/\/www.encontrapiracicaba.com.br\/sobre\/"},{"@type":"Person","@id":"https:\/\/www.encontrapiracicaba.com.br\/sobre\/author\/epiracicaba\/#author","url":"https:\/\/www.encontrapiracicaba.com.br\/sobre\/author\/epiracicaba\/","name":"Encontra Piracicaba","image":{"@type":"ImageObject","@id":"https:\/\/www.encontrapiracicaba.com.br\/sobre\/vereador-se-reune-com-prefeito-para-discutir-demandas-do-municipio\/#authorImage","url":"https:\/\/secure.gravatar.com\/avatar\/507340682b8270222e1f208e23198b6ae7e2c6a1033ae84e99bc6bce4f82a387?s=96&d=mm&r=g","width":96,"height":96,"caption":"Encontra Piracicaba"}},{"@type":"WebPage","@id":"https:\/\/www.encontrapiracicaba.com.br\/sobre\/vereador-se-reune-com-prefeito-para-discutir-demandas-do-municipio\/#webpage","url":"https:\/\/www.encontrapiracicaba.com.br\/sobre\/vereador-se-reune-com-prefeito-para-discutir-demandas-do-municipio\/","name":"Vereador se re\u00fane com prefeito para discutir demandas do munic\u00edpio | Encontra Piracicaba","inLanguage":"pt-BR","isPartOf":{"@id":"https:\/\/www.encontrapiracicaba.com.br\/sobre\/#website"},"breadcrumb":{"@id":"https:\/\/www.encontrapiracicaba.com.br\/sobre\/vereador-se-reune-com-prefeito-para-discutir-demandas-do-municipio\/#breadcrumblist"},"author":{"@id":"https:\/\/www.encontrapiracicaba.com.br\/sobre\/author\/epiracicaba\/#author"},"creator":{"@id":"https:\/\/www.encontrapiracicaba.com.br\/sobre\/author\/epiracicaba\/#author"},"image":{"@type":"ImageObject","url":"https:\/\/www.encontrapiracicaba.com.br\/sobre\/wp-content\/uploads\/vereador-se-reune-com-prefeito-para-discutir-demandas-do-municipio.webp","@id":"https:\/\/www.encontrapiracicaba.com.br\/sobre\/vereador-se-reune-com-prefeito-para-discutir-demandas-do-municipio\/#mainImage","width":280,"height":280,"caption":"demandas do munic\u00edpio"},"primaryImageOfPage":{"@id":"https:\/\/www.encontrapiracicaba.com.br\/sobre\/vereador-se-reune-com-prefeito-para-discutir-demandas-do-municipio\/#mainImage"},"datePublished":"2026-03-09T11:43:16-03:00","dateModified":"2026-03-09T11:43:16-03:00"},{"@type":"WebSite","@id":"https:\/\/www.encontrapiracicaba.com.br\/sobre\/#website","url":"https:\/\/www.encontrapiracicaba.com.br\/sobre\/","name":"Encontra Piracicaba","description":"Not\u00edcias, eventos, informa\u00e7\u00f5es e dicas na cidade de Piracicaba e regi\u00e3o","inLanguage":"pt-BR","publisher":{"@id":"https:\/\/www.encontrapiracicaba.com.br\/sobre\/#organization"}}]},"og:locale":"pt_BR","og:site_name":"Encontra Piracicaba | Not\u00edcias, eventos, informa\u00e7\u00f5es e dicas na cidade de Piracicaba e regi\u00e3o","og:type":"article","og:title":"Vereador se re\u00fane com prefeito para discutir demandas do munic\u00edpio | Encontra Piracicaba","og:url":"https:\/\/www.encontrapiracicaba.com.br\/sobre\/vereador-se-reune-com-prefeito-para-discutir-demandas-do-municipio\/","article:published_time":"2026-03-09T14:43:16+00:00","article:modified_time":"2026-03-09T14:43:16+00:00","twitter:card":"summary","twitter:title":"Vereador se re\u00fane com prefeito para discutir demandas do munic\u00edpio | Encontra Piracicaba"},"aioseo_meta_data":{"post_id":"4274","title":null,"description":null,"keywords":null,"keyphrases":null,"primary_term":null,"canonical_url":null,"og_title":null,"og_description":null,"og_object_type":"default","og_image_type":"default","og_image_url":null,"og_image_width":null,"og_image_height":null,"og_image_custom_url":null,"og_image_custom_fields":null,"og_video":null,"og_custom_url":null,"og_article_section":null,"og_article_tags":null,"twitter_use_og":false,"twitter_card":"default","twitter_image_type":"default","twitter_image_url":null,"twitter_image_custom_url":null,"twitter_image_custom_fields":null,"twitter_title":null,"twitter_description":null,"schema":{"blockGraphs":[],"customGraphs":[],"default":{"data":{"Article":[],"Course":[],"Dataset":[],"FAQPage":[],"Movie":[],"Person":[],"Product":[],"ProductReview":[],"Car":[],"Recipe":[],"Service":[],"SoftwareApplication":[],"WebPage":[]},"graphName":"Article","isEnabled":true},"graphs":[]},"schema_type":"default","schema_type_options":null,"pillar_content":false,"robots_default":true,"robots_noindex":false,"robots_noarchive":false,"robots_nosnippet":false,"robots_nofollow":false,"robots_noimageindex":false,"robots_noodp":false,"robots_notranslate":false,"robots_max_snippet":null,"robots_max_videopreview":null,"robots_max_imagepreview":"large","priority":null,"frequency":null,"local_seo":null,"breadcrumb_settings":null,"limit_modified_date":false,"ai":null,"created":"2026-03-09 14:43:21","updated":"2026-03-09 14:45:51","focus_keyword":null,"additional_keywords":null,"truseo_locale":null,"seo_analyzer_scan_date":null},"aioseo_breadcrumb":"<div class=\"aioseo-breadcrumbs\"><span class=\"aioseo-breadcrumb\">\n\t\t\t<a href=\"https:\/\/www.encontrapiracicaba.com.br\/sobre\" title=\"In\u00edcio\">In\u00edcio<\/a>\n\t\t<\/span><span class=\"aioseo-breadcrumb-separator\">&raquo;<\/span><span class=\"aioseo-breadcrumb\">\n\t\t\t<a href=\"https:\/\/www.encontrapiracicaba.com.br\/sobre\/noticias-em-piracicaba\/\" title=\"Not\u00edcias Piracicaba\">Not\u00edcias Piracicaba<\/a>\n\t\t<\/span><span class=\"aioseo-breadcrumb-separator\">&raquo;<\/span><span class=\"aioseo-breadcrumb\">\n\t\t\tVereador se re\u00fane com prefeito para discutir demandas do munic\u00edpio\n\t\t<\/span><\/div>","aioseo_breadcrumb_json":[{"label":"In\u00edcio","link":"https:\/\/www.encontrapiracicaba.com.br\/sobre"},{"label":"Not\u00edcias Piracicaba","link":"https:\/\/www.encontrapiracicaba.com.br\/sobre\/noticias-em-piracicaba\/"},{"label":"Vereador se re\u00fane com prefeito para discutir demandas do munic\u00edpio","link":"https:\/\/www.encontrapiracicaba.com.br\/sobre\/vereador-se-reune-com-prefeito-para-discutir-demandas-do-municipio\/"}],"_links":{"self":[{"href":"https:\/\/www.encontrapiracicaba.com.br\/sobre\/wp-json\/wp\/v2\/posts\/4274","targetHints":{"allow":["GET"]}}],"collection":[{"href":"https:\/\/www.encontrapiracicaba.com.br\/sobre\/wp-json\/wp\/v2\/posts"}],"about":[{"href":"https:\/\/www.encontrapiracicaba.com.br\/sobre\/wp-json\/wp\/v2\/types\/post"}],"author":[{"embeddable":true,"href":"https:\/\/www.encontrapiracicaba.com.br\/sobre\/wp-json\/wp\/v2\/users\/1"}],"replies":[{"embeddable":true,"href":"https:\/\/www.encontrapiracicaba.com.br\/sobre\/wp-json\/wp\/v2\/comments?post=4274"}],"version-history":[{"count":0,"href":"https:\/\/www.encontrapiracicaba.com.br\/sobre\/wp-json\/wp\/v2\/posts\/4274\/revisions"}],"wp:featuredmedia":[{"embeddable":true,"href":"https:\/\/www.encontrapiracicaba.com.br\/sobre\/wp-json\/wp\/v2\/media\/4273"}],"wp:attachment":[{"href":"https:\/\/www.encontrapiracicaba.com.br\/sobre\/wp-json\/wp\/v2\/media?parent=4274"}],"wp:term":[{"taxonomy":"category","embeddable":true,"href":"https:\/\/www.encontrapiracicaba.com.br\/sobre\/wp-json\/wp\/v2\/categories?post=4274"},{"taxonomy":"post_tag","embeddable":true,"href":"https:\/\/www.encontrapiracicaba.com.br\/sobre\/wp-json\/wp\/v2\/tags?post=4274"}],"curies":[{"name":"wp","href":"https:\/\/api.w.org\/{rel}","templated":true}]}}