{"id":4278,"date":"2026-03-10T11:31:18","date_gmt":"2026-03-10T14:31:18","guid":{"rendered":"https:\/\/www.encontrapiracicaba.com.br\/sobre\/vereador-destaca-acao-do-centro-de-reabilitacao-pelo-dia-internacional-da-mulher\/"},"modified":"2026-03-10T11:31:18","modified_gmt":"2026-03-10T14:31:18","slug":"vereador-destaca-acao-do-centro-de-reabilitacao-pelo-dia-internacional-da-mulher","status":"publish","type":"post","link":"https:\/\/www.encontrapiracicaba.com.br\/sobre\/vereador-destaca-acao-do-centro-de-reabilitacao-pelo-dia-internacional-da-mulher\/","title":{"rendered":"Vereador destaca a\u00e7\u00e3o do Centro de Reabilita\u00e7\u00e3o pelo Dia Internacional da Mulher"},"content":{"rendered":"<div class=\"85df007ed5c0c4d4b453fd13a37855e8\" data-index=\"1\" style=\"float: none; margin:0px;\">\n<!-- Anuncio display - global -->\r\n<ins class=\"adsbygoogle\"\r\n     style=\"display:block\"\r\n     data-ad-client=\"ca-pub-8585364105181520\"\r\n     data-ad-slot=\"8789329856\"\r\n     data-ad-format=\"auto\"\r\n     data-full-width-responsive=\"true\"><\/ins>\r\n<script>\r\n     (adsbygoogle = window.adsbygoogle || []).push({});\r\n<\/script>\n<\/div>\n<h2>A\u00e7\u00e3o do Centro de Reabilita\u00e7\u00e3o<\/h2>\n<p>No dia 6 de mar\u00e7o, em celebra\u00e7\u00e3o ao Dia Internacional da Mulher, o Centro de Reabilita\u00e7\u00e3o de Piracicaba (CRP) organizou um evento especial que reuniu profissionais e volunt\u00e1rios para oferecer suporte \u00e0s m\u00e3es e familiares beneficiados pela institui\u00e7\u00e3o. Essa a\u00e7\u00e3o buscou proporcionar um dia de acolhimento e valoriza\u00e7\u00e3o, reconhecendo o papel fundamental das mulheres na sociedade e suas importantes contribui\u00e7\u00f5es no cuidado com suas fam\u00edlias.<\/p>\n<h2>Servi\u00e7os Oferecidos \u00e0 Comunidade<\/h2>\n<p>Durante a a\u00e7\u00e3o, uma variedade de servi\u00e7os gratuitos foi disponibilizada, visando o bem-estar e a autoestima das participantes. Entre os servi\u00e7os oferecidos, destacaram-se:<\/p>\n<ul>\n<li><strong>Corte de Cabelo:<\/strong> Os participantes puderam obter cortes de cabelo modernos e cuidados est\u00e9ticos.<\/li>\n<li><strong>Manicure e Maquiagem:<\/strong> Profissionais ali presentes realizaram servi\u00e7os de manicure e maquiagem, proporcionando um momento de beleza para as mulheres.<\/li>\n<li><strong>Trancistas:<\/strong> Para aquelas interessadas em penteados, trancistas foram disponibilizadas para criar estilos \u00fanicos.<\/li>\n<li><strong>Massagens:<\/strong> Sess\u00f5es de massagem ajudaram a aliviar o estresse do dia a dia.<\/li>\n<li><strong>Aferi\u00e7\u00e3o de Temperatura:<\/strong> Em um cuidado com a sa\u00fade, foi feita a aferi\u00e7\u00e3o da temperatura dos participantes.<\/li>\n<\/ul>\n<h2>Volunt\u00e1rios Envolvidos no Evento<\/h2>\n<p>A participa\u00e7\u00e3o de volunt\u00e1rios foi fundamental para o sucesso do evento. Profissionais de diversas \u00e1reas uniram-se para oferecer esse suporte especial, incluindo cabeleireiros, esteticistas, nutricionistas e advogados. Esse engajamento comunit\u00e1rio n\u00e3o apenas proporcionou servi\u00e7os, mas tamb\u00e9m criou um ambiente acolhedor e de empatia, possibilitando um dia de troca e aprendizado.<\/p>\n<p><img decoding=\"async\" src=\"https:\/\/www.encontrapiracicaba.com.br\/sobre\/wp-content\/uploads\/vereador-destaca-acao-do-centro-de-reabilitacao-pelo-dia-internacional-da-mulher.webp\" alt=\"Centro de Reabilita\u00e7\u00e3o\" loading=\"lazy\" \/><\/p>\n<h2>Import\u00e2ncia do Dia Internacional da Mulher<\/h2>\n<p>O Dia Internacional da Mulher tem como objetivo celebrar as conquistas das mulheres, conscientizar sobre a luta pela igualdade de g\u00eanero e promover a\u00e7\u00f5es que valorizem a vida e a sa\u00fade das mulheres. A a\u00e7\u00e3o no CRP atuou como uma plataforma para destacar essa import\u00e2ncia, oferecendo um espa\u00e7o para que m\u00e3es at\u00edpicas recebessem cuidados e suporte especializado.<\/p>\n<h2>Corte de Cabelo e Est\u00e9tica<\/h2>\n<p>O corte de cabelo foi um dos servi\u00e7os mais procurados durante a a\u00e7\u00e3o. Muitas mulheres aproveitaram a oportunidade para renovar o visual, o que contribuiu para elevar a autoestima das participantes. Essa aten\u00e7\u00e3o ao cuidado pessoal \u00e9 essencial, especialmente para aquelas que muitas vezes se dedicam integralmente ao cuidado de filhos e familiares, esquecendo-se de si mesmas.<\/p>\n<h2>Orienta\u00e7\u00e3o Jur\u00eddica para M\u00e3es<\/h2>\n<p>A atua\u00e7\u00e3o de advogadas volunt\u00e1rias foi um diferencial importante da a\u00e7\u00e3o. Elas prepararam um espa\u00e7o para oferecer orienta\u00e7\u00e3o jur\u00eddica acerca de direitos e poss\u00edveis benef\u00edcios que podem ser acessados por m\u00e3es at\u00edpicas. Esta orienta\u00e7\u00e3o foi determinada com o objetivo de empoderar as mulheres, fornecendo informa\u00e7\u00f5es necess\u00e1rias para que se sintam seguras e possam reivindicar seus direitos.<\/p>\n<h2>Aula de Culin\u00e1ria como Gera\u00e7\u00e3o de Renda<\/h2>\n<p>Uma das atra\u00e7\u00f5es do evento foi a aula de culin\u00e1ria ministrada por um chef que ensinou receitas pr\u00e1ticas e saborosas. Al\u00e9m de elevar as habilidades culin\u00e1rias das mulheres presentes, as receitas apresentadas serviram como op\u00e7\u00f5es vi\u00e1veis para gera\u00e7\u00e3o de renda extra. Essa abordagem foi fundamental, pois traz \u00e0 tona a quest\u00e3o da autonomia financeira, importante na vida das m\u00e3es.<\/p>\n<h2>Palestra sobre Autocuidado<\/h2>\n<p>A psic\u00f3loga Rosana Figueiredo conduziu uma palestra sobre a necessidade do autocuidado, especialmente voltada para m\u00e3es at\u00edpicas. Ela enfatizou que, muitas vezes, essas mulheres se esquecem de cuidar de si mesmas em meio \u00e0s responsabilidades di\u00e1rias. A palestra trouxe reflex\u00f5es sobre a import\u00e2ncia de reservar momentos para cuidar da sa\u00fade emocional e do bem-estar.<\/p>\n<h2>Testemunhos de Participantes<\/h2>\n<p>V\u00e1rias participantes compartilharam suas experi\u00eancias sobre o evento, destacando o impacto positivo que essas a\u00e7\u00f5es tiveram em suas vidas. Muitas relataram ter sa\u00eddo do evento se sentindo renovadas, com energia renovada e mais confiantes. O feedback das participantes \u00e9 um testemunho vital da import\u00e2ncia de iniciativas que promovam o bem-estar e o suporte emocional.<\/p>\n<h2>A Relev\u00e2ncia do Atendimento Humanizado<\/h2>\n<p>O Centro de Reabilita\u00e7\u00e3o de Piracicaba se destaca por seu trabalho humanizado que busca proporcionar atendimento de qualidade para fam\u00edlias que necessitam de suporte. O vereador Andr\u00e9 Bandeira ressaltou a import\u00e2ncia desse tipo de iniciativa, reafirmando o compromisso com o cuidado e a valoriza\u00e7\u00e3o das m\u00e3es que enfrentam desafios di\u00e1rios. O trabalho realizado no CRP \u00e9 fundamental para apoiar aqueles que mais precisam, mostrando que a empatia e o acolhimento s\u00e3o essenciais na constru\u00e7\u00e3o de uma sociedade mais justa.<\/p>\n\n<div style=\"font-size: 0px; height: 0px; line-height: 0px; margin: 0; padding: 0; clear: both;\"><\/div>","protected":false},"excerpt":{"rendered":"<p>Centro de Reabilita\u00e7\u00e3o promove cuidados especiais no Dia Internacional da Mulher.<\/p>\n","protected":false},"author":1,"featured_media":4277,"comment_status":"closed","ping_status":"closed","sticky":false,"template":"","format":"standard","meta":{"footnotes":""},"categories":[6],"tags":[],"class_list":["post-4278","post","type-post","status-publish","format-standard","has-post-thumbnail","hentry","category-noticias-em-piracicaba","has_thumb"],"aioseo_notices":[],"aioseo_head":"\n\t\t<!-- All in One SEO 5.0.0.1 - aioseo.com -->\n\t<meta name=\"robots\" content=\"max-image-preview:large\" \/>\n\t<meta name=\"author\" content=\"Encontra Piracicaba\"\/>\n\t<link rel=\"canonical\" href=\"https:\/\/www.encontrapiracicaba.com.br\/sobre\/vereador-destaca-acao-do-centro-de-reabilitacao-pelo-dia-internacional-da-mulher\/\" \/>\n\t<meta name=\"generator\" content=\"All in One SEO (AIOSEO) 5.0.0.1\" \/>\n\t\t<meta property=\"og:locale\" content=\"pt_BR\" \/>\n\t\t<meta property=\"og:site_name\" content=\"Encontra Piracicaba | Not\u00edcias, eventos, informa\u00e7\u00f5es e dicas na cidade de Piracicaba e regi\u00e3o\" \/>\n\t\t<meta property=\"og:type\" content=\"article\" \/>\n\t\t<meta property=\"og:title\" content=\"Vereador destaca a\u00e7\u00e3o do Centro de Reabilita\u00e7\u00e3o pelo Dia Internacional da Mulher | Encontra Piracicaba\" \/>\n\t\t<meta property=\"og:url\" content=\"https:\/\/www.encontrapiracicaba.com.br\/sobre\/vereador-destaca-acao-do-centro-de-reabilitacao-pelo-dia-internacional-da-mulher\/\" \/>\n\t\t<meta property=\"article:published_time\" content=\"2026-03-10T14:31:18+00:00\" \/>\n\t\t<meta property=\"article:modified_time\" content=\"2026-03-10T14:31:18+00:00\" \/>\n\t\t<meta name=\"twitter:card\" content=\"summary\" \/>\n\t\t<meta name=\"twitter:title\" content=\"Vereador destaca a\u00e7\u00e3o do Centro de Reabilita\u00e7\u00e3o pelo Dia Internacional da Mulher | Encontra Piracicaba\" \/>\n\t\t<script type=\"application\/ld+json\" class=\"aioseo-schema\">\n\t\t\t{\"@context\":\"https:\\\/\\\/schema.org\",\"@graph\":[{\"@type\":\"Article\",\"@id\":\"https:\\\/\\\/www.encontrapiracicaba.com.br\\\/sobre\\\/vereador-destaca-acao-do-centro-de-reabilitacao-pelo-dia-internacional-da-mulher\\\/#article\",\"name\":\"Vereador destaca a\\u00e7\\u00e3o do Centro de Reabilita\\u00e7\\u00e3o pelo Dia Internacional da Mulher | Encontra Piracicaba\",\"headline\":\"Vereador destaca a\\u00e7\\u00e3o do Centro de Reabilita\\u00e7\\u00e3o pelo Dia Internacional da Mulher\",\"author\":{\"@id\":\"https:\\\/\\\/www.encontrapiracicaba.com.br\\\/sobre\\\/author\\\/epiracicaba\\\/#author\"},\"publisher\":{\"@id\":\"https:\\\/\\\/www.encontrapiracicaba.com.br\\\/sobre\\\/#organization\"},\"image\":{\"@type\":\"ImageObject\",\"url\":\"https:\\\/\\\/www.encontrapiracicaba.com.br\\\/sobre\\\/wp-content\\\/uploads\\\/vereador-destaca-acao-do-centro-de-reabilitacao-pelo-dia-internacional-da-mulher.webp\",\"width\":280,\"height\":280,\"caption\":\"Centro de Reabilita\\u00e7\\u00e3o\"},\"datePublished\":\"2026-03-10T11:31:18-03:00\",\"dateModified\":\"2026-03-10T11:31:18-03:00\",\"inLanguage\":\"pt-BR\",\"mainEntityOfPage\":{\"@id\":\"https:\\\/\\\/www.encontrapiracicaba.com.br\\\/sobre\\\/vereador-destaca-acao-do-centro-de-reabilitacao-pelo-dia-internacional-da-mulher\\\/#webpage\"},\"isPartOf\":{\"@id\":\"https:\\\/\\\/www.encontrapiracicaba.com.br\\\/sobre\\\/vereador-destaca-acao-do-centro-de-reabilitacao-pelo-dia-internacional-da-mulher\\\/#webpage\"},\"articleSection\":\"Not\\u00edcias Piracicaba\"},{\"@type\":\"BreadcrumbList\",\"@id\":\"https:\\\/\\\/www.encontrapiracicaba.com.br\\\/sobre\\\/vereador-destaca-acao-do-centro-de-reabilitacao-pelo-dia-internacional-da-mulher\\\/#breadcrumblist\",\"itemListElement\":[{\"@type\":\"ListItem\",\"@id\":\"https:\\\/\\\/www.encontrapiracicaba.com.br\\\/sobre#listItem\",\"position\":1,\"name\":\"In\\u00edcio\",\"item\":\"https:\\\/\\\/www.encontrapiracicaba.com.br\\\/sobre\",\"nextItem\":{\"@type\":\"ListItem\",\"@id\":\"https:\\\/\\\/www.encontrapiracicaba.com.br\\\/sobre\\\/noticias-em-piracicaba\\\/#listItem\",\"name\":\"Not\\u00edcias Piracicaba\"}},{\"@type\":\"ListItem\",\"@id\":\"https:\\\/\\\/www.encontrapiracicaba.com.br\\\/sobre\\\/noticias-em-piracicaba\\\/#listItem\",\"position\":2,\"name\":\"Not\\u00edcias Piracicaba\",\"item\":\"https:\\\/\\\/www.encontrapiracicaba.com.br\\\/sobre\\\/noticias-em-piracicaba\\\/\",\"nextItem\":{\"@type\":\"ListItem\",\"@id\":\"https:\\\/\\\/www.encontrapiracicaba.com.br\\\/sobre\\\/vereador-destaca-acao-do-centro-de-reabilitacao-pelo-dia-internacional-da-mulher\\\/#listItem\",\"name\":\"Vereador destaca a\\u00e7\\u00e3o do Centro de Reabilita\\u00e7\\u00e3o pelo Dia Internacional da Mulher\"},\"previousItem\":{\"@type\":\"ListItem\",\"@id\":\"https:\\\/\\\/www.encontrapiracicaba.com.br\\\/sobre#listItem\",\"name\":\"In\\u00edcio\"}},{\"@type\":\"ListItem\",\"@id\":\"https:\\\/\\\/www.encontrapiracicaba.com.br\\\/sobre\\\/vereador-destaca-acao-do-centro-de-reabilitacao-pelo-dia-internacional-da-mulher\\\/#listItem\",\"position\":3,\"name\":\"Vereador destaca a\\u00e7\\u00e3o do Centro de Reabilita\\u00e7\\u00e3o pelo Dia Internacional da Mulher\",\"previousItem\":{\"@type\":\"ListItem\",\"@id\":\"https:\\\/\\\/www.encontrapiracicaba.com.br\\\/sobre\\\/noticias-em-piracicaba\\\/#listItem\",\"name\":\"Not\\u00edcias Piracicaba\"}}]},{\"@type\":\"Organization\",\"@id\":\"https:\\\/\\\/www.encontrapiracicaba.com.br\\\/sobre\\\/#organization\",\"name\":\"Encontra Piracicaba\",\"description\":\"Not\\u00edcias, eventos, informa\\u00e7\\u00f5es e dicas na cidade de Piracicaba e regi\\u00e3o\",\"url\":\"https:\\\/\\\/www.encontrapiracicaba.com.br\\\/sobre\\\/\"},{\"@type\":\"Person\",\"@id\":\"https:\\\/\\\/www.encontrapiracicaba.com.br\\\/sobre\\\/author\\\/epiracicaba\\\/#author\",\"url\":\"https:\\\/\\\/www.encontrapiracicaba.com.br\\\/sobre\\\/author\\\/epiracicaba\\\/\",\"name\":\"Encontra Piracicaba\",\"image\":{\"@type\":\"ImageObject\",\"@id\":\"https:\\\/\\\/www.encontrapiracicaba.com.br\\\/sobre\\\/vereador-destaca-acao-do-centro-de-reabilitacao-pelo-dia-internacional-da-mulher\\\/#authorImage\",\"url\":\"https:\\\/\\\/secure.gravatar.com\\\/avatar\\\/507340682b8270222e1f208e23198b6ae7e2c6a1033ae84e99bc6bce4f82a387?s=96&d=mm&r=g\",\"width\":96,\"height\":96,\"caption\":\"Encontra Piracicaba\"}},{\"@type\":\"WebPage\",\"@id\":\"https:\\\/\\\/www.encontrapiracicaba.com.br\\\/sobre\\\/vereador-destaca-acao-do-centro-de-reabilitacao-pelo-dia-internacional-da-mulher\\\/#webpage\",\"url\":\"https:\\\/\\\/www.encontrapiracicaba.com.br\\\/sobre\\\/vereador-destaca-acao-do-centro-de-reabilitacao-pelo-dia-internacional-da-mulher\\\/\",\"name\":\"Vereador destaca a\\u00e7\\u00e3o do Centro de Reabilita\\u00e7\\u00e3o pelo Dia Internacional da Mulher | Encontra Piracicaba\",\"inLanguage\":\"pt-BR\",\"isPartOf\":{\"@id\":\"https:\\\/\\\/www.encontrapiracicaba.com.br\\\/sobre\\\/#website\"},\"breadcrumb\":{\"@id\":\"https:\\\/\\\/www.encontrapiracicaba.com.br\\\/sobre\\\/vereador-destaca-acao-do-centro-de-reabilitacao-pelo-dia-internacional-da-mulher\\\/#breadcrumblist\"},\"author\":{\"@id\":\"https:\\\/\\\/www.encontrapiracicaba.com.br\\\/sobre\\\/author\\\/epiracicaba\\\/#author\"},\"creator\":{\"@id\":\"https:\\\/\\\/www.encontrapiracicaba.com.br\\\/sobre\\\/author\\\/epiracicaba\\\/#author\"},\"image\":{\"@type\":\"ImageObject\",\"url\":\"https:\\\/\\\/www.encontrapiracicaba.com.br\\\/sobre\\\/wp-content\\\/uploads\\\/vereador-destaca-acao-do-centro-de-reabilitacao-pelo-dia-internacional-da-mulher.webp\",\"@id\":\"https:\\\/\\\/www.encontrapiracicaba.com.br\\\/sobre\\\/vereador-destaca-acao-do-centro-de-reabilitacao-pelo-dia-internacional-da-mulher\\\/#mainImage\",\"width\":280,\"height\":280,\"caption\":\"Centro de Reabilita\\u00e7\\u00e3o\"},\"primaryImageOfPage\":{\"@id\":\"https:\\\/\\\/www.encontrapiracicaba.com.br\\\/sobre\\\/vereador-destaca-acao-do-centro-de-reabilitacao-pelo-dia-internacional-da-mulher\\\/#mainImage\"},\"datePublished\":\"2026-03-10T11:31:18-03:00\",\"dateModified\":\"2026-03-10T11:31:18-03:00\"},{\"@type\":\"WebSite\",\"@id\":\"https:\\\/\\\/www.encontrapiracicaba.com.br\\\/sobre\\\/#website\",\"url\":\"https:\\\/\\\/www.encontrapiracicaba.com.br\\\/sobre\\\/\",\"name\":\"Encontra Piracicaba\",\"description\":\"Not\\u00edcias, eventos, informa\\u00e7\\u00f5es e dicas na cidade de Piracicaba e regi\\u00e3o\",\"inLanguage\":\"pt-BR\",\"publisher\":{\"@id\":\"https:\\\/\\\/www.encontrapiracicaba.com.br\\\/sobre\\\/#organization\"}}]}\n\t\t<\/script>\n\t\t<!-- All in One SEO -->\n\n","aioseo_head_json":{"title":"Vereador destaca a\u00e7\u00e3o do Centro de Reabilita\u00e7\u00e3o pelo Dia Internacional da Mulher | Encontra Piracicaba","description":"","canonical_url":"https:\/\/www.encontrapiracicaba.com.br\/sobre\/vereador-destaca-acao-do-centro-de-reabilitacao-pelo-dia-internacional-da-mulher\/","robots":"max-image-preview:large","keywords":"","webmasterTools":{"miscellaneous":""},"schema":{"@context":"https:\/\/schema.org","@graph":[{"@type":"Article","@id":"https:\/\/www.encontrapiracicaba.com.br\/sobre\/vereador-destaca-acao-do-centro-de-reabilitacao-pelo-dia-internacional-da-mulher\/#article","name":"Vereador destaca a\u00e7\u00e3o do Centro de Reabilita\u00e7\u00e3o pelo Dia Internacional da Mulher | Encontra Piracicaba","headline":"Vereador destaca a\u00e7\u00e3o do Centro de Reabilita\u00e7\u00e3o pelo Dia Internacional da Mulher","author":{"@id":"https:\/\/www.encontrapiracicaba.com.br\/sobre\/author\/epiracicaba\/#author"},"publisher":{"@id":"https:\/\/www.encontrapiracicaba.com.br\/sobre\/#organization"},"image":{"@type":"ImageObject","url":"https:\/\/www.encontrapiracicaba.com.br\/sobre\/wp-content\/uploads\/vereador-destaca-acao-do-centro-de-reabilitacao-pelo-dia-internacional-da-mulher.webp","width":280,"height":280,"caption":"Centro de Reabilita\u00e7\u00e3o"},"datePublished":"2026-03-10T11:31:18-03:00","dateModified":"2026-03-10T11:31:18-03:00","inLanguage":"pt-BR","mainEntityOfPage":{"@id":"https:\/\/www.encontrapiracicaba.com.br\/sobre\/vereador-destaca-acao-do-centro-de-reabilitacao-pelo-dia-internacional-da-mulher\/#webpage"},"isPartOf":{"@id":"https:\/\/www.encontrapiracicaba.com.br\/sobre\/vereador-destaca-acao-do-centro-de-reabilitacao-pelo-dia-internacional-da-mulher\/#webpage"},"articleSection":"Not\u00edcias Piracicaba"},{"@type":"BreadcrumbList","@id":"https:\/\/www.encontrapiracicaba.com.br\/sobre\/vereador-destaca-acao-do-centro-de-reabilitacao-pelo-dia-internacional-da-mulher\/#breadcrumblist","itemListElement":[{"@type":"ListItem","@id":"https:\/\/www.encontrapiracicaba.com.br\/sobre#listItem","position":1,"name":"In\u00edcio","item":"https:\/\/www.encontrapiracicaba.com.br\/sobre","nextItem":{"@type":"ListItem","@id":"https:\/\/www.encontrapiracicaba.com.br\/sobre\/noticias-em-piracicaba\/#listItem","name":"Not\u00edcias Piracicaba"}},{"@type":"ListItem","@id":"https:\/\/www.encontrapiracicaba.com.br\/sobre\/noticias-em-piracicaba\/#listItem","position":2,"name":"Not\u00edcias Piracicaba","item":"https:\/\/www.encontrapiracicaba.com.br\/sobre\/noticias-em-piracicaba\/","nextItem":{"@type":"ListItem","@id":"https:\/\/www.encontrapiracicaba.com.br\/sobre\/vereador-destaca-acao-do-centro-de-reabilitacao-pelo-dia-internacional-da-mulher\/#listItem","name":"Vereador destaca a\u00e7\u00e3o do Centro de Reabilita\u00e7\u00e3o pelo Dia Internacional da Mulher"},"previousItem":{"@type":"ListItem","@id":"https:\/\/www.encontrapiracicaba.com.br\/sobre#listItem","name":"In\u00edcio"}},{"@type":"ListItem","@id":"https:\/\/www.encontrapiracicaba.com.br\/sobre\/vereador-destaca-acao-do-centro-de-reabilitacao-pelo-dia-internacional-da-mulher\/#listItem","position":3,"name":"Vereador destaca a\u00e7\u00e3o do Centro de Reabilita\u00e7\u00e3o pelo Dia Internacional da Mulher","previousItem":{"@type":"ListItem","@id":"https:\/\/www.encontrapiracicaba.com.br\/sobre\/noticias-em-piracicaba\/#listItem","name":"Not\u00edcias Piracicaba"}}]},{"@type":"Organization","@id":"https:\/\/www.encontrapiracicaba.com.br\/sobre\/#organization","name":"Encontra Piracicaba","description":"Not\u00edcias, eventos, informa\u00e7\u00f5es e dicas na cidade de Piracicaba e regi\u00e3o","url":"https:\/\/www.encontrapiracicaba.com.br\/sobre\/"},{"@type":"Person","@id":"https:\/\/www.encontrapiracicaba.com.br\/sobre\/author\/epiracicaba\/#author","url":"https:\/\/www.encontrapiracicaba.com.br\/sobre\/author\/epiracicaba\/","name":"Encontra Piracicaba","image":{"@type":"ImageObject","@id":"https:\/\/www.encontrapiracicaba.com.br\/sobre\/vereador-destaca-acao-do-centro-de-reabilitacao-pelo-dia-internacional-da-mulher\/#authorImage","url":"https:\/\/secure.gravatar.com\/avatar\/507340682b8270222e1f208e23198b6ae7e2c6a1033ae84e99bc6bce4f82a387?s=96&d=mm&r=g","width":96,"height":96,"caption":"Encontra Piracicaba"}},{"@type":"WebPage","@id":"https:\/\/www.encontrapiracicaba.com.br\/sobre\/vereador-destaca-acao-do-centro-de-reabilitacao-pelo-dia-internacional-da-mulher\/#webpage","url":"https:\/\/www.encontrapiracicaba.com.br\/sobre\/vereador-destaca-acao-do-centro-de-reabilitacao-pelo-dia-internacional-da-mulher\/","name":"Vereador destaca a\u00e7\u00e3o do Centro de Reabilita\u00e7\u00e3o pelo Dia Internacional da Mulher | Encontra Piracicaba","inLanguage":"pt-BR","isPartOf":{"@id":"https:\/\/www.encontrapiracicaba.com.br\/sobre\/#website"},"breadcrumb":{"@id":"https:\/\/www.encontrapiracicaba.com.br\/sobre\/vereador-destaca-acao-do-centro-de-reabilitacao-pelo-dia-internacional-da-mulher\/#breadcrumblist"},"author":{"@id":"https:\/\/www.encontrapiracicaba.com.br\/sobre\/author\/epiracicaba\/#author"},"creator":{"@id":"https:\/\/www.encontrapiracicaba.com.br\/sobre\/author\/epiracicaba\/#author"},"image":{"@type":"ImageObject","url":"https:\/\/www.encontrapiracicaba.com.br\/sobre\/wp-content\/uploads\/vereador-destaca-acao-do-centro-de-reabilitacao-pelo-dia-internacional-da-mulher.webp","@id":"https:\/\/www.encontrapiracicaba.com.br\/sobre\/vereador-destaca-acao-do-centro-de-reabilitacao-pelo-dia-internacional-da-mulher\/#mainImage","width":280,"height":280,"caption":"Centro de Reabilita\u00e7\u00e3o"},"primaryImageOfPage":{"@id":"https:\/\/www.encontrapiracicaba.com.br\/sobre\/vereador-destaca-acao-do-centro-de-reabilitacao-pelo-dia-internacional-da-mulher\/#mainImage"},"datePublished":"2026-03-10T11:31:18-03:00","dateModified":"2026-03-10T11:31:18-03:00"},{"@type":"WebSite","@id":"https:\/\/www.encontrapiracicaba.com.br\/sobre\/#website","url":"https:\/\/www.encontrapiracicaba.com.br\/sobre\/","name":"Encontra Piracicaba","description":"Not\u00edcias, eventos, informa\u00e7\u00f5es e dicas na cidade de Piracicaba e regi\u00e3o","inLanguage":"pt-BR","publisher":{"@id":"https:\/\/www.encontrapiracicaba.com.br\/sobre\/#organization"}}]},"og:locale":"pt_BR","og:site_name":"Encontra Piracicaba | Not\u00edcias, eventos, informa\u00e7\u00f5es e dicas na cidade de Piracicaba e regi\u00e3o","og:type":"article","og:title":"Vereador destaca a\u00e7\u00e3o do Centro de Reabilita\u00e7\u00e3o pelo Dia Internacional da Mulher | Encontra Piracicaba","og:url":"https:\/\/www.encontrapiracicaba.com.br\/sobre\/vereador-destaca-acao-do-centro-de-reabilitacao-pelo-dia-internacional-da-mulher\/","article:published_time":"2026-03-10T14:31:18+00:00","article:modified_time":"2026-03-10T14:31:18+00:00","twitter:card":"summary","twitter:title":"Vereador destaca a\u00e7\u00e3o do Centro de Reabilita\u00e7\u00e3o pelo Dia Internacional da Mulher | Encontra Piracicaba"},"aioseo_meta_data":{"post_id":"4278","title":null,"description":null,"keywords":null,"keyphrases":null,"primary_term":null,"canonical_url":null,"og_title":null,"og_description":null,"og_object_type":"default","og_image_type":"default","og_image_url":null,"og_image_width":null,"og_image_height":null,"og_image_custom_url":null,"og_image_custom_fields":null,"og_video":null,"og_custom_url":null,"og_article_section":null,"og_article_tags":null,"twitter_use_og":false,"twitter_card":"default","twitter_image_type":"default","twitter_image_url":null,"twitter_image_custom_url":null,"twitter_image_custom_fields":null,"twitter_title":null,"twitter_description":null,"schema":{"blockGraphs":[],"customGraphs":[],"default":{"data":{"Article":[],"Course":[],"Dataset":[],"FAQPage":[],"Movie":[],"Person":[],"Product":[],"ProductReview":[],"Car":[],"Recipe":[],"Service":[],"SoftwareApplication":[],"WebPage":[]},"graphName":"Article","isEnabled":true},"graphs":[]},"schema_type":"default","schema_type_options":null,"pillar_content":false,"robots_default":true,"robots_noindex":false,"robots_noarchive":false,"robots_nosnippet":false,"robots_nofollow":false,"robots_noimageindex":false,"robots_noodp":false,"robots_notranslate":false,"robots_max_snippet":null,"robots_max_videopreview":null,"robots_max_imagepreview":"large","priority":null,"frequency":null,"local_seo":null,"breadcrumb_settings":null,"limit_modified_date":false,"ai":null,"created":"2026-03-10 14:31:23","updated":"2026-03-10 14:44:50","focus_keyword":null,"additional_keywords":null,"truseo_locale":null,"seo_analyzer_scan_date":null},"aioseo_breadcrumb":"<div class=\"aioseo-breadcrumbs\"><span class=\"aioseo-breadcrumb\">\n\t\t\t<a href=\"https:\/\/www.encontrapiracicaba.com.br\/sobre\" title=\"In\u00edcio\">In\u00edcio<\/a>\n\t\t<\/span><span class=\"aioseo-breadcrumb-separator\">&raquo;<\/span><span class=\"aioseo-breadcrumb\">\n\t\t\t<a href=\"https:\/\/www.encontrapiracicaba.com.br\/sobre\/noticias-em-piracicaba\/\" title=\"Not\u00edcias Piracicaba\">Not\u00edcias Piracicaba<\/a>\n\t\t<\/span><span class=\"aioseo-breadcrumb-separator\">&raquo;<\/span><span class=\"aioseo-breadcrumb\">\n\t\t\tVereador destaca a\u00e7\u00e3o do Centro de Reabilita\u00e7\u00e3o pelo Dia Internacional da Mulher\n\t\t<\/span><\/div>","aioseo_breadcrumb_json":[{"label":"In\u00edcio","link":"https:\/\/www.encontrapiracicaba.com.br\/sobre"},{"label":"Not\u00edcias Piracicaba","link":"https:\/\/www.encontrapiracicaba.com.br\/sobre\/noticias-em-piracicaba\/"},{"label":"Vereador destaca a\u00e7\u00e3o do Centro de Reabilita\u00e7\u00e3o pelo Dia Internacional da Mulher","link":"https:\/\/www.encontrapiracicaba.com.br\/sobre\/vereador-destaca-acao-do-centro-de-reabilitacao-pelo-dia-internacional-da-mulher\/"}],"_links":{"self":[{"href":"https:\/\/www.encontrapiracicaba.com.br\/sobre\/wp-json\/wp\/v2\/posts\/4278","targetHints":{"allow":["GET"]}}],"collection":[{"href":"https:\/\/www.encontrapiracicaba.com.br\/sobre\/wp-json\/wp\/v2\/posts"}],"about":[{"href":"https:\/\/www.encontrapiracicaba.com.br\/sobre\/wp-json\/wp\/v2\/types\/post"}],"author":[{"embeddable":true,"href":"https:\/\/www.encontrapiracicaba.com.br\/sobre\/wp-json\/wp\/v2\/users\/1"}],"replies":[{"embeddable":true,"href":"https:\/\/www.encontrapiracicaba.com.br\/sobre\/wp-json\/wp\/v2\/comments?post=4278"}],"version-history":[{"count":0,"href":"https:\/\/www.encontrapiracicaba.com.br\/sobre\/wp-json\/wp\/v2\/posts\/4278\/revisions"}],"wp:featuredmedia":[{"embeddable":true,"href":"https:\/\/www.encontrapiracicaba.com.br\/sobre\/wp-json\/wp\/v2\/media\/4277"}],"wp:attachment":[{"href":"https:\/\/www.encontrapiracicaba.com.br\/sobre\/wp-json\/wp\/v2\/media?parent=4278"}],"wp:term":[{"taxonomy":"category","embeddable":true,"href":"https:\/\/www.encontrapiracicaba.com.br\/sobre\/wp-json\/wp\/v2\/categories?post=4278"},{"taxonomy":"post_tag","embeddable":true,"href":"https:\/\/www.encontrapiracicaba.com.br\/sobre\/wp-json\/wp\/v2\/tags?post=4278"}],"curies":[{"name":"wp","href":"https:\/\/api.w.org\/{rel}","templated":true}]}}