{"id":4280,"date":"2026-03-10T11:32:57","date_gmt":"2026-03-10T14:32:57","guid":{"rendered":"https:\/\/www.encontrapiracicaba.com.br\/sobre\/cineasta-piracicabana-de-15-anos-sera-homenageada-por-direcao-de-curta\/"},"modified":"2026-03-10T11:32:57","modified_gmt":"2026-03-10T14:32:57","slug":"cineasta-piracicabana-de-15-anos-sera-homenageada-por-direcao-de-curta","status":"publish","type":"post","link":"https:\/\/www.encontrapiracicaba.com.br\/sobre\/cineasta-piracicabana-de-15-anos-sera-homenageada-por-direcao-de-curta\/","title":{"rendered":"Cineasta piracicabana de 15 anos ser\u00e1 homenageada por dire\u00e7\u00e3o de curta"},"content":{"rendered":"<div class=\"85df007ed5c0c4d4b453fd13a37855e8\" data-index=\"1\" style=\"float: none; margin:0px;\">\n<!-- Anuncio display - global -->\r\n<ins class=\"adsbygoogle\"\r\n     style=\"display:block\"\r\n     data-ad-client=\"ca-pub-8585364105181520\"\r\n     data-ad-slot=\"8789329856\"\r\n     data-ad-format=\"auto\"\r\n     data-full-width-responsive=\"true\"><\/ins>\r\n<script>\r\n     (adsbygoogle = window.adsbygoogle || []).push({});\r\n<\/script>\n<\/div>\n<h2>Quem \u00e9 Aurora Montrazi?<\/h2>\n<p>Aurora Montrazi, uma talentosa cineasta de apenas 15 anos, tem se destacado no cen\u00e1rio audiovisual, especialmente em sua cidade natal, Piracicaba. Com uma paix\u00e3o ardente por cinema desde a inf\u00e2ncia, Aurora tem mostrado um talento not\u00e1vel em suas produ\u00e7\u00f5es. Atualmente, ela est\u00e1 recebendo reconhecimento por seu trabalho como diretora do curta-metragem intitulado &#8220;Manuela, Miss\u00e3o Cumprida&#8221;, uma obra que reflete sua vis\u00e3o \u00fanica e criatividade em uma idade t\u00e3o jovem.<\/p>\n<h2>A Import\u00e2ncia da Homenagem<\/h2>\n<p>A homenagem que Aurora est\u00e1 prestes a receber na C\u00e2mara Municipal de Piracicaba \u00e9 uma prova do impacto que sua obra j\u00e1 causou na comunidade local. A mo\u00e7\u00e3o de aplausos, apresentada pela vereadora Rai de Almeida, n\u00e3o apenas celebra o talento de Aurora, mas tamb\u00e9m serve como um incentivo para outros jovens cineastas que aspiram a seguir caminhos semelhantes. Esse tipo de reconhecimento \u00e9 fundamental para fomentar a cultura e as artes, proporcionando uma plataforma para novas vozes emergirem.<\/p>\n<h2>Detalhes do Curta-Metragem<\/h2>\n<p>&#8220;Manuela, Miss\u00e3o Cumprida&#8221; \u00e9 uma narrativa que aborda a jornada da protagonista Manuela, algu\u00e9m que enfrenta desafios que refletem tanto a leveza da juventude quanto a seriedade de um &#8216;compromisso&#8217; a ser cumprido. O curta-metragem, filmado em 2024, \u00e9 uma produ\u00e7\u00e3o independente que combina a vis\u00e3o criativa de Aurora com uma narrativa envolvente. O filme foi realizado com o apoio de um curso de cinema que Aurora frequentou, o que demonstra sua determina\u00e7\u00e3o e compromisso com a arte.<\/p>\n<p><img decoding=\"async\" src=\"https:\/\/www.encontrapiracicaba.com.br\/sobre\/wp-content\/uploads\/cineasta-piracicabana-de-15-anos-sera-homenageada-por-direcao-de-curta.webp\" alt=\"cineasta piracicabana\" loading=\"lazy\" \/><\/p>\n<h2>O Papel da C\u00e2mara Municipal<\/h2>\n<p>A C\u00e2mara Municipal de Piracicaba tem um papel ativo em promover e reconhecer talentos locais, como Aurora. A aprova\u00e7\u00e3o da mo\u00e7\u00e3o de aplausos \u00e9 um exemplo de como as institui\u00e7\u00f5es podem apoiar a cultura e as artes. Atrav\u00e9s desse reconhecimento, a C\u00e2mara n\u00e3o apenas celebra carros-chefes da comunidade, mas tamb\u00e9m encoraja a juventude a se engajar em atividades criativas.<\/p>\n<h2>Recep\u00e7\u00e3o da Mo\u00e7\u00e3o de Aplausos<\/h2>\n<p>O apoio da C\u00e2mara Municipal foi manifestado durante a 7\u00aa Reuni\u00e3o Ordin\u00e1ria, onde o reconhecimento a Aurora foi recebido com entusiasmo. A mo\u00e7\u00e3o de aplausos \u00e9 um marco importante na carreira da jovem cineasta, simbolizando a valida\u00e7\u00e3o de seu trabalho por l\u00edderes comunit\u00e1rios. Espera-se que essa honraria inspire outros jovens a perseguirem seus sonhos art\u00edsticos, assim como Aurora fez.<\/p>\n<h2>Vis\u00e3o da Vereadora Rai de Almeida<\/h2>\n<p>A vereadora Rai de Almeida, respons\u00e1vel pela propositura da mo\u00e7\u00e3o, destacou em seu discurso a relev\u00e2ncia do trabalho de Aurora, enfatizando a import\u00e2ncia de ver a juventude sob a \u00f3tica de quem realmente a vive. Rai mencionou que a dire\u00e7\u00e3o de Aurora n\u00e3o tenta replicar a vis\u00e3o de cineastas mais velhos, mas, ao contr\u00e1rio, traz uma abordagem aut\u00eantica e fresca, caracter\u00edstica de sua faixa et\u00e1ria.<\/p>\n<h2>Como Aurora Iniciou sua Carreira<\/h2>\n<p>A jornada de Aurora na cinematografia come\u00e7ou de forma embrion\u00e1ria, quando aos 15 anos ela passou a participar de um curso chamado &#8220;Tudo Sobre Cinema&#8221;, ministrado pelo cineasta e professor Paolo Gregori. Este curso foi fundamental para que ela pudesse explorar sua criatividade e ganhar habilidades necess\u00e1rias para dar vida a suas hist\u00f3rias. O apoio recebido por Paolo foi crucial na forma\u00e7\u00e3o de uma nova gera\u00e7\u00e3o de cineastas, e Aurora \u00e9 um exemplo de sucesso desse incentivo.<\/p>\n<h2>O Que \u00e9 &#8220;Manuela, Miss\u00e3o Cumprida&#8221;?<\/h2>\n<p>O curta-metragem &#8220;Manuela, Miss\u00e3o Cumprida&#8221; \u00e9 uma obra que encapsula a ess\u00eancia da experi\u00eancia juvenil, abordando temas universais, como os desafios que confrontamos na juventude. A narrativa mescla momentos de leveza com a profundidade de confrontar responsabilidades, representando a vida de forma honesta e cativante. A produ\u00e7\u00e3o, apesar de sua pouca dura\u00e7\u00e3o, possui uma estrutura narrativa s\u00f3lida, revelando seu potencial como cineasta.<\/p>\n<h2>Expectativas para o Futuro de Aurora<\/h2>\n<p>Com o sucesso de seu primeiro projeto, as expectativas para o futuro de Aurora s\u00e3o otimistas. Ao longo de sua trajet\u00f3ria, ela j\u00e1 foi indicada a outros cursos e workshops, como o Lab Sesc Audiovisual de Piracicaba, onde teve a chance de produzir uma segunda obra, &#8220;Antes que seja Tarde&#8221;. Seu crescimento no setor audiovisual \u00e9 promissor e muitos j\u00e1 a veem como uma for\u00e7a emergente no cinema brasileiro.<\/p>\n<h2>Impacto de Jovens Cineastas na Ind\u00fastria<\/h2>\n<p>O trabalho de Aurora representa um movimento mais amplo no cinema, onde jovens cineastas est\u00e3o come\u00e7ando a intervir de maneira significativa na ind\u00fastria. As novas perspectivas que essas vozes trazem s\u00e3o essenciais para o enriquecimento do mercado audiovisual. A capacidade dos jovens cineastas de contar hist\u00f3rias aut\u00eanticas e variadas \u00e9 tida como um catalisador para a produ\u00e7\u00e3o de pe\u00e7as mais inclusivas e que abordem quest\u00f5es que ressoam com as gera\u00e7\u00f5es atuais.<\/p>\n\n<div style=\"font-size: 0px; height: 0px; line-height: 0px; margin: 0; padding: 0; clear: both;\"><\/div>","protected":false},"excerpt":{"rendered":"<p>Cineasta piracicabana de 15 anos, Aurora Montrazi, receber\u00e1 mo\u00e7\u00e3o de aplausos.<\/p>\n","protected":false},"author":1,"featured_media":4279,"comment_status":"closed","ping_status":"closed","sticky":false,"template":"","format":"standard","meta":{"footnotes":""},"categories":[6],"tags":[],"class_list":["post-4280","post","type-post","status-publish","format-standard","has-post-thumbnail","hentry","category-noticias-em-piracicaba","has_thumb"],"aioseo_notices":[],"aioseo_head":"\n\t\t<!-- All in One SEO 5.0.0.1 - aioseo.com -->\n\t<meta name=\"robots\" content=\"max-image-preview:large\" \/>\n\t<meta name=\"author\" content=\"Encontra Piracicaba\"\/>\n\t<link rel=\"canonical\" href=\"https:\/\/www.encontrapiracicaba.com.br\/sobre\/cineasta-piracicabana-de-15-anos-sera-homenageada-por-direcao-de-curta\/\" \/>\n\t<meta name=\"generator\" content=\"All in One SEO (AIOSEO) 5.0.0.1\" \/>\n\t\t<meta property=\"og:locale\" content=\"pt_BR\" \/>\n\t\t<meta property=\"og:site_name\" content=\"Encontra Piracicaba | Not\u00edcias, eventos, informa\u00e7\u00f5es e dicas na cidade de Piracicaba e regi\u00e3o\" \/>\n\t\t<meta property=\"og:type\" content=\"article\" \/>\n\t\t<meta property=\"og:title\" content=\"Cineasta piracicabana de 15 anos ser\u00e1 homenageada por dire\u00e7\u00e3o de curta | Encontra Piracicaba\" \/>\n\t\t<meta property=\"og:url\" content=\"https:\/\/www.encontrapiracicaba.com.br\/sobre\/cineasta-piracicabana-de-15-anos-sera-homenageada-por-direcao-de-curta\/\" \/>\n\t\t<meta property=\"article:published_time\" content=\"2026-03-10T14:32:57+00:00\" \/>\n\t\t<meta property=\"article:modified_time\" content=\"2026-03-10T14:32:57+00:00\" \/>\n\t\t<meta name=\"twitter:card\" content=\"summary\" \/>\n\t\t<meta name=\"twitter:title\" content=\"Cineasta piracicabana de 15 anos ser\u00e1 homenageada por dire\u00e7\u00e3o de curta | Encontra Piracicaba\" \/>\n\t\t<script type=\"application\/ld+json\" class=\"aioseo-schema\">\n\t\t\t{\"@context\":\"https:\\\/\\\/schema.org\",\"@graph\":[{\"@type\":\"Article\",\"@id\":\"https:\\\/\\\/www.encontrapiracicaba.com.br\\\/sobre\\\/cineasta-piracicabana-de-15-anos-sera-homenageada-por-direcao-de-curta\\\/#article\",\"name\":\"Cineasta piracicabana de 15 anos ser\\u00e1 homenageada por dire\\u00e7\\u00e3o de curta | Encontra Piracicaba\",\"headline\":\"Cineasta piracicabana de 15 anos ser\\u00e1 homenageada por dire\\u00e7\\u00e3o de curta\",\"author\":{\"@id\":\"https:\\\/\\\/www.encontrapiracicaba.com.br\\\/sobre\\\/author\\\/epiracicaba\\\/#author\"},\"publisher\":{\"@id\":\"https:\\\/\\\/www.encontrapiracicaba.com.br\\\/sobre\\\/#organization\"},\"image\":{\"@type\":\"ImageObject\",\"url\":\"https:\\\/\\\/www.encontrapiracicaba.com.br\\\/sobre\\\/wp-content\\\/uploads\\\/cineasta-piracicabana-de-15-anos-sera-homenageada-por-direcao-de-curta.webp\",\"width\":280,\"height\":280,\"caption\":\"cineasta piracicabana\"},\"datePublished\":\"2026-03-10T11:32:57-03:00\",\"dateModified\":\"2026-03-10T11:32:57-03:00\",\"inLanguage\":\"pt-BR\",\"mainEntityOfPage\":{\"@id\":\"https:\\\/\\\/www.encontrapiracicaba.com.br\\\/sobre\\\/cineasta-piracicabana-de-15-anos-sera-homenageada-por-direcao-de-curta\\\/#webpage\"},\"isPartOf\":{\"@id\":\"https:\\\/\\\/www.encontrapiracicaba.com.br\\\/sobre\\\/cineasta-piracicabana-de-15-anos-sera-homenageada-por-direcao-de-curta\\\/#webpage\"},\"articleSection\":\"Not\\u00edcias Piracicaba\"},{\"@type\":\"BreadcrumbList\",\"@id\":\"https:\\\/\\\/www.encontrapiracicaba.com.br\\\/sobre\\\/cineasta-piracicabana-de-15-anos-sera-homenageada-por-direcao-de-curta\\\/#breadcrumblist\",\"itemListElement\":[{\"@type\":\"ListItem\",\"@id\":\"https:\\\/\\\/www.encontrapiracicaba.com.br\\\/sobre#listItem\",\"position\":1,\"name\":\"In\\u00edcio\",\"item\":\"https:\\\/\\\/www.encontrapiracicaba.com.br\\\/sobre\",\"nextItem\":{\"@type\":\"ListItem\",\"@id\":\"https:\\\/\\\/www.encontrapiracicaba.com.br\\\/sobre\\\/noticias-em-piracicaba\\\/#listItem\",\"name\":\"Not\\u00edcias Piracicaba\"}},{\"@type\":\"ListItem\",\"@id\":\"https:\\\/\\\/www.encontrapiracicaba.com.br\\\/sobre\\\/noticias-em-piracicaba\\\/#listItem\",\"position\":2,\"name\":\"Not\\u00edcias Piracicaba\",\"item\":\"https:\\\/\\\/www.encontrapiracicaba.com.br\\\/sobre\\\/noticias-em-piracicaba\\\/\",\"nextItem\":{\"@type\":\"ListItem\",\"@id\":\"https:\\\/\\\/www.encontrapiracicaba.com.br\\\/sobre\\\/cineasta-piracicabana-de-15-anos-sera-homenageada-por-direcao-de-curta\\\/#listItem\",\"name\":\"Cineasta piracicabana de 15 anos ser\\u00e1 homenageada por dire\\u00e7\\u00e3o de curta\"},\"previousItem\":{\"@type\":\"ListItem\",\"@id\":\"https:\\\/\\\/www.encontrapiracicaba.com.br\\\/sobre#listItem\",\"name\":\"In\\u00edcio\"}},{\"@type\":\"ListItem\",\"@id\":\"https:\\\/\\\/www.encontrapiracicaba.com.br\\\/sobre\\\/cineasta-piracicabana-de-15-anos-sera-homenageada-por-direcao-de-curta\\\/#listItem\",\"position\":3,\"name\":\"Cineasta piracicabana de 15 anos ser\\u00e1 homenageada por dire\\u00e7\\u00e3o de curta\",\"previousItem\":{\"@type\":\"ListItem\",\"@id\":\"https:\\\/\\\/www.encontrapiracicaba.com.br\\\/sobre\\\/noticias-em-piracicaba\\\/#listItem\",\"name\":\"Not\\u00edcias Piracicaba\"}}]},{\"@type\":\"Organization\",\"@id\":\"https:\\\/\\\/www.encontrapiracicaba.com.br\\\/sobre\\\/#organization\",\"name\":\"Encontra Piracicaba\",\"description\":\"Not\\u00edcias, eventos, informa\\u00e7\\u00f5es e dicas na cidade de Piracicaba e regi\\u00e3o\",\"url\":\"https:\\\/\\\/www.encontrapiracicaba.com.br\\\/sobre\\\/\"},{\"@type\":\"Person\",\"@id\":\"https:\\\/\\\/www.encontrapiracicaba.com.br\\\/sobre\\\/author\\\/epiracicaba\\\/#author\",\"url\":\"https:\\\/\\\/www.encontrapiracicaba.com.br\\\/sobre\\\/author\\\/epiracicaba\\\/\",\"name\":\"Encontra Piracicaba\",\"image\":{\"@type\":\"ImageObject\",\"@id\":\"https:\\\/\\\/www.encontrapiracicaba.com.br\\\/sobre\\\/cineasta-piracicabana-de-15-anos-sera-homenageada-por-direcao-de-curta\\\/#authorImage\",\"url\":\"https:\\\/\\\/secure.gravatar.com\\\/avatar\\\/507340682b8270222e1f208e23198b6ae7e2c6a1033ae84e99bc6bce4f82a387?s=96&d=mm&r=g\",\"width\":96,\"height\":96,\"caption\":\"Encontra Piracicaba\"}},{\"@type\":\"WebPage\",\"@id\":\"https:\\\/\\\/www.encontrapiracicaba.com.br\\\/sobre\\\/cineasta-piracicabana-de-15-anos-sera-homenageada-por-direcao-de-curta\\\/#webpage\",\"url\":\"https:\\\/\\\/www.encontrapiracicaba.com.br\\\/sobre\\\/cineasta-piracicabana-de-15-anos-sera-homenageada-por-direcao-de-curta\\\/\",\"name\":\"Cineasta piracicabana de 15 anos ser\\u00e1 homenageada por dire\\u00e7\\u00e3o de curta | Encontra Piracicaba\",\"inLanguage\":\"pt-BR\",\"isPartOf\":{\"@id\":\"https:\\\/\\\/www.encontrapiracicaba.com.br\\\/sobre\\\/#website\"},\"breadcrumb\":{\"@id\":\"https:\\\/\\\/www.encontrapiracicaba.com.br\\\/sobre\\\/cineasta-piracicabana-de-15-anos-sera-homenageada-por-direcao-de-curta\\\/#breadcrumblist\"},\"author\":{\"@id\":\"https:\\\/\\\/www.encontrapiracicaba.com.br\\\/sobre\\\/author\\\/epiracicaba\\\/#author\"},\"creator\":{\"@id\":\"https:\\\/\\\/www.encontrapiracicaba.com.br\\\/sobre\\\/author\\\/epiracicaba\\\/#author\"},\"image\":{\"@type\":\"ImageObject\",\"url\":\"https:\\\/\\\/www.encontrapiracicaba.com.br\\\/sobre\\\/wp-content\\\/uploads\\\/cineasta-piracicabana-de-15-anos-sera-homenageada-por-direcao-de-curta.webp\",\"@id\":\"https:\\\/\\\/www.encontrapiracicaba.com.br\\\/sobre\\\/cineasta-piracicabana-de-15-anos-sera-homenageada-por-direcao-de-curta\\\/#mainImage\",\"width\":280,\"height\":280,\"caption\":\"cineasta piracicabana\"},\"primaryImageOfPage\":{\"@id\":\"https:\\\/\\\/www.encontrapiracicaba.com.br\\\/sobre\\\/cineasta-piracicabana-de-15-anos-sera-homenageada-por-direcao-de-curta\\\/#mainImage\"},\"datePublished\":\"2026-03-10T11:32:57-03:00\",\"dateModified\":\"2026-03-10T11:32:57-03:00\"},{\"@type\":\"WebSite\",\"@id\":\"https:\\\/\\\/www.encontrapiracicaba.com.br\\\/sobre\\\/#website\",\"url\":\"https:\\\/\\\/www.encontrapiracicaba.com.br\\\/sobre\\\/\",\"name\":\"Encontra Piracicaba\",\"description\":\"Not\\u00edcias, eventos, informa\\u00e7\\u00f5es e dicas na cidade de Piracicaba e regi\\u00e3o\",\"inLanguage\":\"pt-BR\",\"publisher\":{\"@id\":\"https:\\\/\\\/www.encontrapiracicaba.com.br\\\/sobre\\\/#organization\"}}]}\n\t\t<\/script>\n\t\t<!-- All in One SEO -->\n\n","aioseo_head_json":{"title":"Cineasta piracicabana de 15 anos ser\u00e1 homenageada por dire\u00e7\u00e3o de curta | Encontra Piracicaba","description":"","canonical_url":"https:\/\/www.encontrapiracicaba.com.br\/sobre\/cineasta-piracicabana-de-15-anos-sera-homenageada-por-direcao-de-curta\/","robots":"max-image-preview:large","keywords":"","webmasterTools":{"miscellaneous":""},"schema":{"@context":"https:\/\/schema.org","@graph":[{"@type":"Article","@id":"https:\/\/www.encontrapiracicaba.com.br\/sobre\/cineasta-piracicabana-de-15-anos-sera-homenageada-por-direcao-de-curta\/#article","name":"Cineasta piracicabana de 15 anos ser\u00e1 homenageada por dire\u00e7\u00e3o de curta | Encontra Piracicaba","headline":"Cineasta piracicabana de 15 anos ser\u00e1 homenageada por dire\u00e7\u00e3o de curta","author":{"@id":"https:\/\/www.encontrapiracicaba.com.br\/sobre\/author\/epiracicaba\/#author"},"publisher":{"@id":"https:\/\/www.encontrapiracicaba.com.br\/sobre\/#organization"},"image":{"@type":"ImageObject","url":"https:\/\/www.encontrapiracicaba.com.br\/sobre\/wp-content\/uploads\/cineasta-piracicabana-de-15-anos-sera-homenageada-por-direcao-de-curta.webp","width":280,"height":280,"caption":"cineasta piracicabana"},"datePublished":"2026-03-10T11:32:57-03:00","dateModified":"2026-03-10T11:32:57-03:00","inLanguage":"pt-BR","mainEntityOfPage":{"@id":"https:\/\/www.encontrapiracicaba.com.br\/sobre\/cineasta-piracicabana-de-15-anos-sera-homenageada-por-direcao-de-curta\/#webpage"},"isPartOf":{"@id":"https:\/\/www.encontrapiracicaba.com.br\/sobre\/cineasta-piracicabana-de-15-anos-sera-homenageada-por-direcao-de-curta\/#webpage"},"articleSection":"Not\u00edcias Piracicaba"},{"@type":"BreadcrumbList","@id":"https:\/\/www.encontrapiracicaba.com.br\/sobre\/cineasta-piracicabana-de-15-anos-sera-homenageada-por-direcao-de-curta\/#breadcrumblist","itemListElement":[{"@type":"ListItem","@id":"https:\/\/www.encontrapiracicaba.com.br\/sobre#listItem","position":1,"name":"In\u00edcio","item":"https:\/\/www.encontrapiracicaba.com.br\/sobre","nextItem":{"@type":"ListItem","@id":"https:\/\/www.encontrapiracicaba.com.br\/sobre\/noticias-em-piracicaba\/#listItem","name":"Not\u00edcias Piracicaba"}},{"@type":"ListItem","@id":"https:\/\/www.encontrapiracicaba.com.br\/sobre\/noticias-em-piracicaba\/#listItem","position":2,"name":"Not\u00edcias Piracicaba","item":"https:\/\/www.encontrapiracicaba.com.br\/sobre\/noticias-em-piracicaba\/","nextItem":{"@type":"ListItem","@id":"https:\/\/www.encontrapiracicaba.com.br\/sobre\/cineasta-piracicabana-de-15-anos-sera-homenageada-por-direcao-de-curta\/#listItem","name":"Cineasta piracicabana de 15 anos ser\u00e1 homenageada por dire\u00e7\u00e3o de curta"},"previousItem":{"@type":"ListItem","@id":"https:\/\/www.encontrapiracicaba.com.br\/sobre#listItem","name":"In\u00edcio"}},{"@type":"ListItem","@id":"https:\/\/www.encontrapiracicaba.com.br\/sobre\/cineasta-piracicabana-de-15-anos-sera-homenageada-por-direcao-de-curta\/#listItem","position":3,"name":"Cineasta piracicabana de 15 anos ser\u00e1 homenageada por dire\u00e7\u00e3o de curta","previousItem":{"@type":"ListItem","@id":"https:\/\/www.encontrapiracicaba.com.br\/sobre\/noticias-em-piracicaba\/#listItem","name":"Not\u00edcias Piracicaba"}}]},{"@type":"Organization","@id":"https:\/\/www.encontrapiracicaba.com.br\/sobre\/#organization","name":"Encontra Piracicaba","description":"Not\u00edcias, eventos, informa\u00e7\u00f5es e dicas na cidade de Piracicaba e regi\u00e3o","url":"https:\/\/www.encontrapiracicaba.com.br\/sobre\/"},{"@type":"Person","@id":"https:\/\/www.encontrapiracicaba.com.br\/sobre\/author\/epiracicaba\/#author","url":"https:\/\/www.encontrapiracicaba.com.br\/sobre\/author\/epiracicaba\/","name":"Encontra Piracicaba","image":{"@type":"ImageObject","@id":"https:\/\/www.encontrapiracicaba.com.br\/sobre\/cineasta-piracicabana-de-15-anos-sera-homenageada-por-direcao-de-curta\/#authorImage","url":"https:\/\/secure.gravatar.com\/avatar\/507340682b8270222e1f208e23198b6ae7e2c6a1033ae84e99bc6bce4f82a387?s=96&d=mm&r=g","width":96,"height":96,"caption":"Encontra Piracicaba"}},{"@type":"WebPage","@id":"https:\/\/www.encontrapiracicaba.com.br\/sobre\/cineasta-piracicabana-de-15-anos-sera-homenageada-por-direcao-de-curta\/#webpage","url":"https:\/\/www.encontrapiracicaba.com.br\/sobre\/cineasta-piracicabana-de-15-anos-sera-homenageada-por-direcao-de-curta\/","name":"Cineasta piracicabana de 15 anos ser\u00e1 homenageada por dire\u00e7\u00e3o de curta | Encontra Piracicaba","inLanguage":"pt-BR","isPartOf":{"@id":"https:\/\/www.encontrapiracicaba.com.br\/sobre\/#website"},"breadcrumb":{"@id":"https:\/\/www.encontrapiracicaba.com.br\/sobre\/cineasta-piracicabana-de-15-anos-sera-homenageada-por-direcao-de-curta\/#breadcrumblist"},"author":{"@id":"https:\/\/www.encontrapiracicaba.com.br\/sobre\/author\/epiracicaba\/#author"},"creator":{"@id":"https:\/\/www.encontrapiracicaba.com.br\/sobre\/author\/epiracicaba\/#author"},"image":{"@type":"ImageObject","url":"https:\/\/www.encontrapiracicaba.com.br\/sobre\/wp-content\/uploads\/cineasta-piracicabana-de-15-anos-sera-homenageada-por-direcao-de-curta.webp","@id":"https:\/\/www.encontrapiracicaba.com.br\/sobre\/cineasta-piracicabana-de-15-anos-sera-homenageada-por-direcao-de-curta\/#mainImage","width":280,"height":280,"caption":"cineasta piracicabana"},"primaryImageOfPage":{"@id":"https:\/\/www.encontrapiracicaba.com.br\/sobre\/cineasta-piracicabana-de-15-anos-sera-homenageada-por-direcao-de-curta\/#mainImage"},"datePublished":"2026-03-10T11:32:57-03:00","dateModified":"2026-03-10T11:32:57-03:00"},{"@type":"WebSite","@id":"https:\/\/www.encontrapiracicaba.com.br\/sobre\/#website","url":"https:\/\/www.encontrapiracicaba.com.br\/sobre\/","name":"Encontra Piracicaba","description":"Not\u00edcias, eventos, informa\u00e7\u00f5es e dicas na cidade de Piracicaba e regi\u00e3o","inLanguage":"pt-BR","publisher":{"@id":"https:\/\/www.encontrapiracicaba.com.br\/sobre\/#organization"}}]},"og:locale":"pt_BR","og:site_name":"Encontra Piracicaba | Not\u00edcias, eventos, informa\u00e7\u00f5es e dicas na cidade de Piracicaba e regi\u00e3o","og:type":"article","og:title":"Cineasta piracicabana de 15 anos ser\u00e1 homenageada por dire\u00e7\u00e3o de curta | Encontra Piracicaba","og:url":"https:\/\/www.encontrapiracicaba.com.br\/sobre\/cineasta-piracicabana-de-15-anos-sera-homenageada-por-direcao-de-curta\/","article:published_time":"2026-03-10T14:32:57+00:00","article:modified_time":"2026-03-10T14:32:57+00:00","twitter:card":"summary","twitter:title":"Cineasta piracicabana de 15 anos ser\u00e1 homenageada por dire\u00e7\u00e3o de curta | Encontra Piracicaba"},"aioseo_meta_data":{"post_id":"4280","title":null,"description":null,"keywords":null,"keyphrases":null,"primary_term":null,"canonical_url":null,"og_title":null,"og_description":null,"og_object_type":"default","og_image_type":"default","og_image_url":null,"og_image_width":null,"og_image_height":null,"og_image_custom_url":null,"og_image_custom_fields":null,"og_video":null,"og_custom_url":null,"og_article_section":null,"og_article_tags":null,"twitter_use_og":false,"twitter_card":"default","twitter_image_type":"default","twitter_image_url":null,"twitter_image_custom_url":null,"twitter_image_custom_fields":null,"twitter_title":null,"twitter_description":null,"schema":{"blockGraphs":[],"customGraphs":[],"default":{"data":{"Article":[],"Course":[],"Dataset":[],"FAQPage":[],"Movie":[],"Person":[],"Product":[],"ProductReview":[],"Car":[],"Recipe":[],"Service":[],"SoftwareApplication":[],"WebPage":[]},"graphName":"Article","isEnabled":true},"graphs":[]},"schema_type":"default","schema_type_options":null,"pillar_content":false,"robots_default":true,"robots_noindex":false,"robots_noarchive":false,"robots_nosnippet":false,"robots_nofollow":false,"robots_noimageindex":false,"robots_noodp":false,"robots_notranslate":false,"robots_max_snippet":null,"robots_max_videopreview":null,"robots_max_imagepreview":"large","priority":null,"frequency":null,"local_seo":null,"breadcrumb_settings":null,"limit_modified_date":false,"ai":null,"created":"2026-03-10 14:33:03","updated":"2026-03-10 14:44:50","focus_keyword":null,"additional_keywords":null,"truseo_locale":null,"seo_analyzer_scan_date":null},"aioseo_breadcrumb":"<div class=\"aioseo-breadcrumbs\"><span class=\"aioseo-breadcrumb\">\n\t\t\t<a href=\"https:\/\/www.encontrapiracicaba.com.br\/sobre\" title=\"In\u00edcio\">In\u00edcio<\/a>\n\t\t<\/span><span class=\"aioseo-breadcrumb-separator\">&raquo;<\/span><span class=\"aioseo-breadcrumb\">\n\t\t\t<a href=\"https:\/\/www.encontrapiracicaba.com.br\/sobre\/noticias-em-piracicaba\/\" title=\"Not\u00edcias Piracicaba\">Not\u00edcias Piracicaba<\/a>\n\t\t<\/span><span class=\"aioseo-breadcrumb-separator\">&raquo;<\/span><span class=\"aioseo-breadcrumb\">\n\t\t\tCineasta piracicabana de 15 anos ser\u00e1 homenageada por dire\u00e7\u00e3o de curta\n\t\t<\/span><\/div>","aioseo_breadcrumb_json":[{"label":"In\u00edcio","link":"https:\/\/www.encontrapiracicaba.com.br\/sobre"},{"label":"Not\u00edcias Piracicaba","link":"https:\/\/www.encontrapiracicaba.com.br\/sobre\/noticias-em-piracicaba\/"},{"label":"Cineasta piracicabana de 15 anos ser\u00e1 homenageada por dire\u00e7\u00e3o de curta","link":"https:\/\/www.encontrapiracicaba.com.br\/sobre\/cineasta-piracicabana-de-15-anos-sera-homenageada-por-direcao-de-curta\/"}],"_links":{"self":[{"href":"https:\/\/www.encontrapiracicaba.com.br\/sobre\/wp-json\/wp\/v2\/posts\/4280","targetHints":{"allow":["GET"]}}],"collection":[{"href":"https:\/\/www.encontrapiracicaba.com.br\/sobre\/wp-json\/wp\/v2\/posts"}],"about":[{"href":"https:\/\/www.encontrapiracicaba.com.br\/sobre\/wp-json\/wp\/v2\/types\/post"}],"author":[{"embeddable":true,"href":"https:\/\/www.encontrapiracicaba.com.br\/sobre\/wp-json\/wp\/v2\/users\/1"}],"replies":[{"embeddable":true,"href":"https:\/\/www.encontrapiracicaba.com.br\/sobre\/wp-json\/wp\/v2\/comments?post=4280"}],"version-history":[{"count":0,"href":"https:\/\/www.encontrapiracicaba.com.br\/sobre\/wp-json\/wp\/v2\/posts\/4280\/revisions"}],"wp:featuredmedia":[{"embeddable":true,"href":"https:\/\/www.encontrapiracicaba.com.br\/sobre\/wp-json\/wp\/v2\/media\/4279"}],"wp:attachment":[{"href":"https:\/\/www.encontrapiracicaba.com.br\/sobre\/wp-json\/wp\/v2\/media?parent=4280"}],"wp:term":[{"taxonomy":"category","embeddable":true,"href":"https:\/\/www.encontrapiracicaba.com.br\/sobre\/wp-json\/wp\/v2\/categories?post=4280"},{"taxonomy":"post_tag","embeddable":true,"href":"https:\/\/www.encontrapiracicaba.com.br\/sobre\/wp-json\/wp\/v2\/tags?post=4280"}],"curies":[{"name":"wp","href":"https:\/\/api.w.org\/{rel}","templated":true}]}}