{"id":4288,"date":"2026-03-13T11:43:47","date_gmt":"2026-03-13T14:43:47","guid":{"rendered":"https:\/\/www.encontrapiracicaba.com.br\/sobre\/dia-das-contadoras-e-dos-contadores-de-historias-sera-celebrado-em-20-de-marco\/"},"modified":"2026-03-13T11:43:47","modified_gmt":"2026-03-13T14:43:47","slug":"dia-das-contadoras-e-dos-contadores-de-historias-sera-celebrado-em-20-de-marco","status":"publish","type":"post","link":"https:\/\/www.encontrapiracicaba.com.br\/sobre\/dia-das-contadoras-e-dos-contadores-de-historias-sera-celebrado-em-20-de-marco\/","title":{"rendered":"Dia das Contadoras e dos Contadores de Hist\u00f3rias ser\u00e1 celebrado em 20 de mar\u00e7o"},"content":{"rendered":"<div class=\"85df007ed5c0c4d4b453fd13a37855e8\" data-index=\"1\" style=\"float: none; margin:0px;\">\n<!-- Anuncio display - global -->\r\n<ins class=\"adsbygoogle\"\r\n     style=\"display:block\"\r\n     data-ad-client=\"ca-pub-8585364105181520\"\r\n     data-ad-slot=\"8789329856\"\r\n     data-ad-format=\"auto\"\r\n     data-full-width-responsive=\"true\"><\/ins>\r\n<script>\r\n     (adsbygoogle = window.adsbygoogle || []).push({});\r\n<\/script>\n<\/div>\n<h2>Hist\u00f3ria da Conta\u00e7\u00e3o de Hist\u00f3rias em Piracicaba<\/h2>\n<p>A tradi\u00e7\u00e3o da conta\u00e7\u00e3o de hist\u00f3rias em Piracicaba \u00e9 rica e multifacetada. Desde os tempos antigos, as hist\u00f3rias desempenham um papel crucial na express\u00e3o cultural da cidade. Narrativas sobre suas lendas pr\u00f3prias, relatos sobre o cotidiano dos ribeirinhos e fabula\u00e7\u00f5es transmitidas de gera\u00e7\u00e3o para gera\u00e7\u00e3o fazem parte da ess\u00eancia piracicabana. Cada conto cont\u00e9m um fragmento da mem\u00f3ria coletiva, refletindo a identidade local e a viv\u00eancia de seus habitantes.<\/p>\n<p>Essas hist\u00f3rias n\u00e3o s\u00e3o somente simples contos; elas s\u00e3o transmitidas em momentos de confraterniza\u00e7\u00e3o, muitas vezes nos lares e espa\u00e7os p\u00fablicos, criando uma liga\u00e7\u00e3o entre os cidad\u00e3os e sua cultura. Al\u00e9m disso, a conta\u00e7\u00e3o de hist\u00f3rias tem sido uma ferramenta educativa, estimulando a imagina\u00e7\u00e3o e o pensamento cr\u00edtico de crian\u00e7as e adultos.<\/p>\n<h2>Import\u00e2ncia da Narrativa na Educa\u00e7\u00e3o<\/h2>\n<p>Narrativas t\u00eam uma fun\u00e7\u00e3o pedag\u00f3gica significativa, especialmente na educa\u00e7\u00e3o infantil. Elas ajudam a desenvolver a linguagem, a empatia e a criatividade. Quando as crian\u00e7as ouvem uma hist\u00f3ria, elas n\u00e3o apenas se divertem, mas tamb\u00e9m entram em contato com diversos cen\u00e1rios e personagens, aprendendo valores e moralidades de maneira envolvente.<\/p>\n<p>Contar hist\u00f3rias na sala de aula enriquece a experi\u00eancia did\u00e1tica. Por meio de narrativas, os educadores conseguem abordar temas complexos de forma mais acess\u00edvel, criando um ambiente de aprendizado mais estimulante e interativo. Esse m\u00e9todo permite que os alunos se reconhe\u00e7am nas hist\u00f3rias, gerando um sentimento de pertencimento e identidade.<\/p>\n<h2>O Papel da C\u00e2mara Municipal<\/h2>\n<p>A C\u00e2mara Municipal de Piracicaba reconhece a import\u00e2ncia da conta\u00e7\u00e3o de hist\u00f3rias na forma\u00e7\u00e3o cultural e educacional da cidade. Em uma iniciativa proposta pela vereadora S\u00edlvia Morales (PV), o Dia Municipal das Contadoras e dos Contadores de Hist\u00f3rias foi institu\u00eddo no calend\u00e1rio oficial. Esta data, comemorada em 20 de mar\u00e7o, coincide com o Dia Internacional do Contador de Hist\u00f3rias, celebrando a arte de narrar e os profissionais que preservam essa tradi\u00e7\u00e3o.<\/p>\n<p>Por meio dessa resolu\u00e7\u00e3o, a C\u00e2mara visa valorizar e promover a pr\u00e1tica da conta\u00e7\u00e3o de hist\u00f3rias como uma forma de preservar a cultura local e fortalecer os la\u00e7os comunit\u00e1rios. A proposta \u00e9 estimular eventos, oficinas e apresenta\u00e7\u00f5es que envolvem a popula\u00e7\u00e3o, permitindo que mais pessoas tenham acesso a essa rica tradi\u00e7\u00e3o.<\/p>\n<h2>Como a Conta\u00e7\u00e3o de Hist\u00f3rias Constr\u00f3i Comunidades<\/h2>\n<p>A conta\u00e7\u00e3o de hist\u00f3rias tem um papel social essencial, pois ajuda a construir e fortalecer comunidades. Quando as pessoas se re\u00fanem para ouvir ou contar hist\u00f3rias, elas compartilham experi\u00eancias, vis\u00f5es de mundo e conex\u00f5es emocionais. Esses encontros promovem a coes\u00e3o entre os indiv\u00edduos e a valoriza\u00e7\u00e3o das culturas locais.<\/p>\n<p>Hist\u00f3rias contadas nas pra\u00e7as, escolas ou em eventos comunit\u00e1rios criam um espa\u00e7o de di\u00e1logo onde as vozes de diferentes gera\u00e7\u00f5es e classes sociais podem ser ouvidas. Assim, a conta\u00e7\u00e3o se torna uma ferramenta de inclus\u00e3o e express\u00e3o, fazendo com que cada participante sinta que tem seu lugar e sua hist\u00f3ria a ser contada.<\/p>\n<h2>Contadores de Hist\u00f3rias: Vozes da Cidade<\/h2>\n<p>Os contadores de hist\u00f3rias s\u00e3o verdadeiros guardi\u00e3es da cultura local. Eles t\u00eam o talento de transformar experi\u00eancias pessoais e coletivas em narrativas acess\u00edveis e emocionantes. Nas m\u00e3os desses profissionais, hist\u00f3rias antigas e novas ganham vida, tocando o cora\u00e7\u00e3o e a mente daqueles que escutam.<\/p>\n<p>Piracicaba conta com um n\u00famero crescente de contadores de hist\u00f3rias, que atuam em escolas, bibliotecas e eventos culturais. Estes artistas n\u00e3o apenas entret\u00eam, mas tamb\u00e9m educam, inspirando um novo olhar sobre a vida e a cultura. Por meio de suas narrativas, eles ajudam a preservar a mem\u00f3ria da cidade e a conectar as diferentes culturas que a comp\u00f5em.<\/p>\n<h2>Projetos Culturais Relacionados<\/h2>\n<pDiversos projetos culturais em Piracicaba t\u00eam como foco a promo\u00e7\u00e3o da conta\u00e7\u00e3o de hist\u00f3rias e a valoriza\u00e7\u00e3o da oralidade. Entre eles, bibliotecas comunit\u00e1rias e centros culturais promovem oficinas e eventos que incentivam a pr\u00e1tica da narra\u00e7\u00e3o. Atrav\u00e9s de parcerias entre a C\u00e2mara Municipal, escolas e coletivos art\u00edsticos, iniciativas como a \"Noite de Conta\u00e7\u00e3o\" e a \"Festa da Hist\u00f3ria\" re\u00fanem a popula\u00e7\u00e3o em torno da rica tradi\u00e7\u00e3o da conta\u00e7\u00e3o.\n \n<br \/>\n<h2>A Outra Face da Cultura Piracicabana<\/h2>\n<p>A cultura piracicabana se destaca n\u00e3o apenas pela diversidade gastron\u00f4mica e festivais, mas tamb\u00e9m pela for\u00e7a da oralidade e da conta\u00e7\u00e3o. Este aspecto da cultura local \u00e9 essencial para a preserva\u00e7\u00e3o da identidade e da mem\u00f3ria da comunidade. diversas formas de express\u00e3o art\u00edstica, como o teatro e a m\u00fasica, tamb\u00e9m se entrela\u00e7am com hist\u00f3rias contadas, criando uma rica tape\u00e7aria cultural.<\/p>\n<p>Al\u00e9m disso, a interatividade com as hist\u00f3rias permite que a cultura local se renove. A moderna conta\u00e7\u00e3o de hist\u00f3rias se adapta \u00e0s novas tecnologias e ao mundo digital, atraindo jovens e novos p\u00fablicos. A combina\u00e7\u00e3o de m\u00eddias e formas de contar transforma a experi\u00eancia, tornando-a mais acess\u00edvel e diversa.<\/p>\n<h2>A Festa do Dia das Contadoras e dos Contadores<\/h2>\n<p>A comemora\u00e7\u00e3o do Dia Municipal das Contadoras e dos Contadores de Hist\u00f3rias envolve uma variedade de atividades e eventos. Durante essa festividade, a cidade se enche de apresenta\u00e7\u00f5es, oficinas e espa\u00e7os para troca de experi\u00eancias. A uni\u00e3o entre contadores profissionais e iniciantes enriquece as atividades, permitindo que todos compartilhem e aprendam uns com os outros.<\/p>\n<p>Eventos t\u00eam sido organizados em pra\u00e7as, escolas e bibliotecas, onde as pessoas podem se reunir e celebrar. Por meio da troca de hist\u00f3rias e experi\u00eancias, os participantes criam um verdadeiro festival da mem\u00f3ria e da cultura, refor\u00e7ando os la\u00e7os comunit\u00e1rios e a import\u00e2ncia do storytelling na vida cotidiana.<\/p>\n<h2>Depoimentos de Contadores em Piracicaba<\/h2>\n<p>Contadores de hist\u00f3rias em Piracicaba relatam a profunda conex\u00e3o que conseguem criar com o p\u00fablico atrav\u00e9s de suas narrativas. Para eles, cada apresenta\u00e7\u00e3o \u00e9 uma oportunidade de tocar e inspirar vidas. Os contadores ressaltam que trabalhar com hist\u00f3rias \u00e9 mais do que uma profiss\u00e3o; \u00e9 uma verdadeira paix\u00e3o.<\/p>\n<p>Alguns falam sobre o impacto que suas hist\u00f3rias t\u00eam nas crian\u00e7as e como elas ajudam a desenvolver imagina\u00e7\u00f5es criativas. Os relatos di\u00e1rios das experi\u00eancias emocionantes e as respostas calorosas do p\u00fablico s\u00e3o algumas das recompensas mais importantes encontradas por esses artistas.<\/p>\n<h2>Como Participar da Celebra\u00e7\u00e3o<\/h2>\n<p>Para aqueles que desejam participar das festividades do Dia das Contadoras e dos Contadores de Hist\u00f3rias, existem v\u00e1rias maneiras de se envolver. As escolas frequentemente promovem eventos de conta\u00e7\u00e3o, onde alunos e professores podem se conectar com a tradi\u00e7\u00e3o.<\/p>\n<p>Muitos coletivos art\u00edsticos tamb\u00e9m organizam oficinas e cursos para quem deseja aprimorar suas habilidades de conta\u00e7\u00e3o. Fique atento \u00e0s redes sociais e plataformas de eventos locais para saber sobre as programa\u00e7\u00f5es e participar ativamente nessa efervescente arte de contar hist\u00f3rias. <\/p>\n\n<div style=\"font-size: 0px; height: 0px; line-height: 0px; margin: 0; padding: 0; clear: both;\"><\/div>","protected":false},"excerpt":{"rendered":"<p>Dia das Contadoras e dos Contadores celebra a narrativa em Piracicaba.<\/p>\n","protected":false},"author":1,"featured_media":0,"comment_status":"closed","ping_status":"closed","sticky":false,"template":"","format":"standard","meta":{"footnotes":""},"categories":[29],"tags":[],"class_list":["post-4288","post","type-post","status-publish","format-standard","hentry","category-cultura-em-piracicaba"],"aioseo_notices":[],"_links":{"self":[{"href":"https:\/\/www.encontrapiracicaba.com.br\/sobre\/wp-json\/wp\/v2\/posts\/4288","targetHints":{"allow":["GET"]}}],"collection":[{"href":"https:\/\/www.encontrapiracicaba.com.br\/sobre\/wp-json\/wp\/v2\/posts"}],"about":[{"href":"https:\/\/www.encontrapiracicaba.com.br\/sobre\/wp-json\/wp\/v2\/types\/post"}],"author":[{"embeddable":true,"href":"https:\/\/www.encontrapiracicaba.com.br\/sobre\/wp-json\/wp\/v2\/users\/1"}],"replies":[{"embeddable":true,"href":"https:\/\/www.encontrapiracicaba.com.br\/sobre\/wp-json\/wp\/v2\/comments?post=4288"}],"version-history":[{"count":0,"href":"https:\/\/www.encontrapiracicaba.com.br\/sobre\/wp-json\/wp\/v2\/posts\/4288\/revisions"}],"wp:attachment":[{"href":"https:\/\/www.encontrapiracicaba.com.br\/sobre\/wp-json\/wp\/v2\/media?parent=4288"}],"wp:term":[{"taxonomy":"category","embeddable":true,"href":"https:\/\/www.encontrapiracicaba.com.br\/sobre\/wp-json\/wp\/v2\/categories?post=4288"},{"taxonomy":"post_tag","embeddable":true,"href":"https:\/\/www.encontrapiracicaba.com.br\/sobre\/wp-json\/wp\/v2\/tags?post=4288"}],"curies":[{"name":"wp","href":"https:\/\/api.w.org\/{rel}","templated":true}]}}