{"id":4289,"date":"2026-03-13T11:45:15","date_gmt":"2026-03-13T14:45:15","guid":{"rendered":"https:\/\/www.encontrapiracicaba.com.br\/sobre\/alunos-da-creche-sao-vicente-de-paula-participam-do-conheca-o-legislativo\/"},"modified":"2026-03-13T11:45:15","modified_gmt":"2026-03-13T14:45:15","slug":"alunos-da-creche-sao-vicente-de-paula-participam-do-conheca-o-legislativo","status":"publish","type":"post","link":"https:\/\/www.encontrapiracicaba.com.br\/sobre\/alunos-da-creche-sao-vicente-de-paula-participam-do-conheca-o-legislativo\/","title":{"rendered":"Alunos da Creche S\u00e3o Vicente de Paula participam do Conhe\u00e7a o Legislativo"},"content":{"rendered":"<div class=\"85df007ed5c0c4d4b453fd13a37855e8\" data-index=\"1\" style=\"float: none; margin:0px;\">\n<!-- Anuncio display - global -->\r\n<ins class=\"adsbygoogle\"\r\n     style=\"display:block\"\r\n     data-ad-client=\"ca-pub-8585364105181520\"\r\n     data-ad-slot=\"8789329856\"\r\n     data-ad-format=\"auto\"\r\n     data-full-width-responsive=\"true\"><\/ins>\r\n<script>\r\n     (adsbygoogle = window.adsbygoogle || []).push({});\r\n<\/script>\n<\/div>\n<h2>O Que \u00c9 o Projeto Conhe\u00e7a o Legislativo?<\/h2>\n<p>O projeto <strong>Conhe\u00e7a o Legislativo<\/strong> \u00e9 uma abordagem educativa promovida pela C\u00e2mara Municipal de Piracicaba com o intuito de integrar jovens e crian\u00e7as ao entendimento sobre as opera\u00e7\u00f5es do Legislativo Municipal. Esta iniciativa visa facilitar o acesso \u00e0s informa\u00e7\u00f5es sobre como as leis s\u00e3o elaboradas e quais s\u00e3o os pap\u00e9is dos vereadores dentro da estrutura governamental. O programa se baseia na <a href=\"https:\/\/www.legislacaodigital.com.br\/Piracicaba-SP\/Resolucoes\/4-2019\">resolu\u00e7\u00e3o 4\/2019<\/a>, que estabelece diretrizes para visitas educativas \u00e0 Casa de Leis.<\/p>\n<h2>Como a Visita Foi Organizada<\/h2>\n<p>A visita dos alunos da Creche S\u00e3o Vicente de Paulo ao Legislativo foi organizada a partir de um convite extendido pela vereadora <strong>Rai de Almeida<\/strong> (PT). A estrutura do projeto inclui uma s\u00e9rie de atividades que permitem que os estudantes conhe\u00e7am a hist\u00f3ria de Piracicaba, assim como conceitos fundamentais da pol\u00edtica local. A aproxima\u00e7\u00e3o com os representantes do povo visa cultivar um sentimento de pertencimento e responsabilidade cidad\u00e3 nas novas gera\u00e7\u00f5es.<\/p>\n<h2>Import\u00e2ncia da Educa\u00e7\u00e3o Pol\u00edtica para Crian\u00e7as<\/h2>\n<p>A educa\u00e7\u00e3o pol\u00edtica desde a inf\u00e2ncia \u00e9 essencial para formar cidad\u00e3os conscientes e ativos. Projetos como o <strong>Conhe\u00e7a o Legislativo<\/strong> desempenham um papel crucial pois:<\/p>\n<ul>\n<li><strong>Fomentam a Cidadania:<\/strong> Ao entender como funciona o processo legislativo, as crian\u00e7as aprendem a import\u00e2ncia de participar ativamente da sociedade.<\/li>\n<li><strong>Despertam o Interesse Pol\u00edtico:<\/strong> A exposi\u00e7\u00e3o a discuss\u00f5es sobre leis e pol\u00edticas incentiva os jovens a debater temas relevantes que impactam suas vidas e suas comunidades.<\/li>\n<li><strong>Promovem o Pensamento Cr\u00edtico:<\/strong> Os alunos s\u00e3o estimulados a questionar e buscar solu\u00e7\u00f5es para as demandas sociais e pol\u00edticas que afetam seu cotidiano.<\/li>\n<\/ul>\n<h2>Atividades Realizadas Durante a Visita<\/h2>\n<p>Durante a visita, os alunos participaram de v\u00e1rias atividades interativas. Algumas das principais atividades inclu\u00edram:<\/p>\n<ul>\n<li><strong>Apresenta\u00e7\u00f5es Hist\u00f3ricas:<\/strong> Os alunos aprenderam sobre a hist\u00f3ria de Piracicaba e da pr\u00f3pria C\u00e2mara Municipal, compreendendo como esses elementos impactam a vida da comunidade.<\/li>\n<li><strong>Simula\u00e7\u00e3o de Sess\u00e3o Camar\u00e1ria:<\/strong> As crian\u00e7as tiveram a oportunidade de participar de uma atividade simulando uma sess\u00e3o de vota\u00e7\u00e3o, o que lhes permitiu vivenciar o processo legislativo em a\u00e7\u00e3o.<\/li>\n<li><strong>Discuss\u00f5es sobre os Tr\u00eas Poderes:<\/strong> Os jovens aprenderam sobre a divis\u00e3o entre Executivo, Legislativo e Judici\u00e1rio, e como cada um desses poderes opera.<\/li>\n<\/ul>\n<h2>Elucida\u00e7\u00e3o de Fun\u00e7\u00f5es Legislativas<\/h2>\n<p>Os alunos tamb\u00e9m puderam ouvir diretamente dos representantes sobre as fun\u00e7\u00f5es e responsabilidades dos vereadores. Este contato pr\u00f3ximo facilitou a compreens\u00e3o de como os vereadores trabalham em prol de suas comunidades. Entre as fun\u00e7\u00f5es discutidas, destacam-se:<\/p>\n<ul>\n<li><strong>Elabora\u00e7\u00e3o de Leis:<\/strong> Os alunos aprenderam que o trabalho dos vereadores inclui a cria\u00e7\u00e3o de leis que atendem \u00e0s necessidades da popula\u00e7\u00e3o.<\/li>\n<li><strong>Fiscaliza\u00e7\u00e3o do Executivo:<\/strong> Os estudantes entenderam que um dos pap\u00e9is dos vereadores \u00e9 acompanhar e fiscalizar as a\u00e7\u00f5es do governo municipal.<\/li>\n<li><strong>Representa\u00e7\u00e3o da Comunidade:<\/strong> Os vereadores s\u00e3o a voz da popula\u00e7\u00e3o e suas preocupa\u00e7\u00f5es devem ser levadas em conta nas decis\u00f5es pol\u00edticas.<\/li>\n<\/ul>\n<h2>A Rela\u00e7\u00e3o Entre Poderes no Brasil<\/h2>\n<p>Uma parte fundamental da visita foi a explica\u00e7\u00e3o sobre a rela\u00e7\u00e3o entre os poderes no Brasil. Os alunos aprenderam que:<\/p>\n<ul>\n<li><strong>Interdepend\u00eancia:<\/strong> Apesar de os poderes serem distintos, eles s\u00e3o interdependentes e atuam juntos em benef\u00edcio da popula\u00e7\u00e3o.<\/li>\n<li><strong>Equil\u00edbrio:<\/strong> O sistema de freios e contrapesos assegura que nenhum poder se torne excessivamente dominante na governan\u00e7a do pa\u00eds.<\/li>\n<li><strong>Import\u00e2ncia do Di\u00e1logo:<\/strong> O di\u00e1logo entre os diversos n\u00edveis de governo \u00e9 essencial para a constru\u00e7\u00e3o de pol\u00edticas p\u00fablicas eficazes.<\/li>\n<\/ul>\n<h2>Envolvimento dos Alunos nas Atividades<\/h2>\n<p>O envolvimento dos alunos nas atividades foi um ponto alto da visita. A intera\u00e7\u00e3o e a participa\u00e7\u00e3o ativa foram incentivadas atrav\u00e9s de discuss\u00f5es guiadas e perguntas abertas ao longo de toda a experi\u00eancia. Os alunos expressaram suas pr\u00f3prias opini\u00f5es e propostas, demonstrando n\u00e3o s\u00f3 interesse, mas tamb\u00e9m um desejo de contribuir para a sociedade onde vivem.<\/p>\n<h2>Depoimentos de Educadores e Parlamentares<\/h2>\n<p>Educadores e parlamentares presentes na visita compartilharam suas impress\u00f5es sobre a import\u00e2ncia desse tipo de iniciativa. Para os educadores, o projeto proporciona:<\/p>\n<ul>\n<li><strong>Amplia\u00e7\u00e3o do Conhecimento:<\/strong> As crian\u00e7as saem com uma compreens\u00e3o enriquecida sobre o funcionamento do sistema pol\u00edtico local.<\/li>\n<li><strong>Fortalecimento da Rela\u00e7\u00e3o Escola-Comunidade:<\/strong> Os alunos veem a C\u00e2mara Municipal como um espa\u00e7o acess\u00edvel e relevante para suas vidas.<\/li>\n<\/ul>\n<h2>Como Participar do Programa Conhe\u00e7a o Legislativo<\/h2>\n<p>As escolas que desejam participar do programa <strong>Conhe\u00e7a o Legislativo<\/strong> podem fazer isso de forma simples. \u00c9 ideal que a institui\u00e7\u00e3o entre em contato diretamente com a C\u00e2mara Municipal e preencha o formul\u00e1rio de interesse. Mais detalhes e informa\u00e7\u00f5es podem ser acessados no site da <a href=\"https:\/\/escola.camarapiracicaba.sp.gov.br\/conheca\">Escola do Legislativo<\/a>.<\/p>\n<h2>Pr\u00f3ximas Etapas para Escolas Interessadas<\/h2>\n<p>Para escolas que se interessaram em participar do programa, alguns passos s\u00e3o recomendados:<\/p>\n<ul>\n<li><strong>Contato Inicial:<\/strong> Realizar um contato com a C\u00e2mara Municipal para obter informa\u00e7\u00f5es sobre o programa.<\/li>\n<li><strong>Agendamento:<\/strong> Uma vez que o interesse for manifestado, ser\u00e1 necess\u00e1rio agendar datas dispon\u00edveis para a visita.<\/li>\n<li><strong>Prepara\u00e7\u00e3o dos Alunos:<\/strong> Os educadores devem preparar os alunos, discutindo o que eles esperam aprender e como se comportar em um ambiente legislativo.<\/li>\n<\/ul>\n\n<div style=\"font-size: 0px; height: 0px; line-height: 0px; margin: 0; padding: 0; clear: both;\"><\/div>","protected":false},"excerpt":{"rendered":"<p>Alunos da Creche S\u00e3o Vicente de Paulo conhecem o funcionamento do Legislativo Municipal em visita educativa.<\/p>\n","protected":false},"author":1,"featured_media":0,"comment_status":"closed","ping_status":"closed","sticky":false,"template":"","format":"standard","meta":{"footnotes":""},"categories":[30],"tags":[],"class_list":["post-4289","post","type-post","status-publish","format-standard","hentry","category-educacao-em-piracicaba"],"aioseo_notices":[],"_links":{"self":[{"href":"https:\/\/www.encontrapiracicaba.com.br\/sobre\/wp-json\/wp\/v2\/posts\/4289","targetHints":{"allow":["GET"]}}],"collection":[{"href":"https:\/\/www.encontrapiracicaba.com.br\/sobre\/wp-json\/wp\/v2\/posts"}],"about":[{"href":"https:\/\/www.encontrapiracicaba.com.br\/sobre\/wp-json\/wp\/v2\/types\/post"}],"author":[{"embeddable":true,"href":"https:\/\/www.encontrapiracicaba.com.br\/sobre\/wp-json\/wp\/v2\/users\/1"}],"replies":[{"embeddable":true,"href":"https:\/\/www.encontrapiracicaba.com.br\/sobre\/wp-json\/wp\/v2\/comments?post=4289"}],"version-history":[{"count":0,"href":"https:\/\/www.encontrapiracicaba.com.br\/sobre\/wp-json\/wp\/v2\/posts\/4289\/revisions"}],"wp:attachment":[{"href":"https:\/\/www.encontrapiracicaba.com.br\/sobre\/wp-json\/wp\/v2\/media?parent=4289"}],"wp:term":[{"taxonomy":"category","embeddable":true,"href":"https:\/\/www.encontrapiracicaba.com.br\/sobre\/wp-json\/wp\/v2\/categories?post=4289"},{"taxonomy":"post_tag","embeddable":true,"href":"https:\/\/www.encontrapiracicaba.com.br\/sobre\/wp-json\/wp\/v2\/tags?post=4289"}],"curies":[{"name":"wp","href":"https:\/\/api.w.org\/{rel}","templated":true}]}}