{"id":4291,"date":"2026-03-14T11:43:03","date_gmt":"2026-03-14T14:43:03","guid":{"rendered":"https:\/\/www.encontrapiracicaba.com.br\/sobre\/camara-cria-o-forum-permanente-de-economia-criativa\/"},"modified":"2026-03-14T11:43:03","modified_gmt":"2026-03-14T14:43:03","slug":"camara-cria-o-forum-permanente-de-economia-criativa","status":"publish","type":"post","link":"https:\/\/www.encontrapiracicaba.com.br\/sobre\/camara-cria-o-forum-permanente-de-economia-criativa\/","title":{"rendered":"C\u00e2mara cria o F\u00f3rum Permanente de Economia Criativa"},"content":{"rendered":"<div class=\"85df007ed5c0c4d4b453fd13a37855e8\" data-index=\"1\" style=\"float: none; margin:0px;\">\n<!-- Anuncio display - global -->\r\n<ins class=\"adsbygoogle\"\r\n     style=\"display:block\"\r\n     data-ad-client=\"ca-pub-8585364105181520\"\r\n     data-ad-slot=\"8789329856\"\r\n     data-ad-format=\"auto\"\r\n     data-full-width-responsive=\"true\"><\/ins>\r\n<script>\r\n     (adsbygoogle = window.adsbygoogle || []).push({});\r\n<\/script>\n<\/div>\n<h2>O que \u00e9 o F\u00f3rum Permanente de Economia Criativa?<\/h2>\n<p>O <strong>F\u00f3rum Permanente de Economia Criativa<\/strong> \u00e9 uma iniciativa lan\u00e7ada pela <strong>C\u00e2mara Municipal de Piracicaba<\/strong> com o intuito de promover e acompanhar o fortalecimento das atividades relacionadas \u00e0 economia criativa na cidade. O projeto, idealizado pela vereadora <strong>S\u00edlvia Morales<\/strong>, foi aprovado durante a d\u00e9cima reuni\u00e3o ordin\u00e1ria em mar\u00e7o de 2026 e visa criar um espa\u00e7o institucional que favore\u00e7a a discuss\u00e3o e o desenvolvimento de propostas legislativas espec\u00edficas nessa \u00e1rea.<\/p>\n<h2>Objetivos do F\u00f3rum e sua Import\u00e2ncia<\/h2>\n<p>O principal objetivo do F\u00f3rum \u00e9 reunir stakeholders de diferentes setores para:<\/p>\n<ul>\n<li><strong>Promover a discuss\u00e3o:<\/strong> Estimular um ambiente de di\u00e1logo entre trabalhadores da economia criativa e o poder p\u00fablico, visando a troca de experi\u00eancias e ideias.<\/li>\n<li><strong>Acompanhar propostas:<\/strong> Monitorar e sugerir melhorias nas legisla\u00e7\u00f5es existentes que impactam a economia criativa.<\/li>\n<li><strong>Realizar pesquisas:<\/strong> Coletar e organizar dados relevantes sobre as atividades econ\u00f4micas criativas, contribuindo para decis\u00f5es baseadas em evid\u00eancias.<\/li>\n<li><strong>Fortalecer iniciativas:<\/strong> Desenvolver e implantar mecanismos que estimulem a pr\u00e1tica da economia criativa no munic\u00edpio.<\/li>\n<\/ul>\n<p>Como salientado pela vereadora S\u00edlvia Morales, o F\u00f3rum busca proporcionar um espa\u00e7o onde os protagonistas da economia criativa possam se expressar e trabalhar em conjunto com o governo local para abordar e potencializar iniciativas que contribuem para o bem-estar econ\u00f4mico da comunidade.<\/p>\n<h2>Quem pode Participar do F\u00f3rum?<\/h2>\n<p>O F\u00f3rum ser\u00e1 composto por uma diversidade de participantes, incluindo:<\/p>\n<ul>\n<li><strong>Secret\u00e1rios municipai:<\/strong> Representantes das v\u00e1rias secretarias da municipalidade em \u00e1reas relacionadas.<\/li>\n<li><strong>Membros de Conselhos Municipais:<\/strong> Integrantes de conselhos que atuam em setores relevantes para a economia local.<\/li>\n<li><strong>Representantes do setor empresarial:<\/strong> Empres\u00e1rios e profissionais envolvidos com a economia criativa.<\/li>\n<li><strong>Institui\u00e7\u00f5es de ensino e pesquisa:<\/strong> Acad\u00eamicos e pesquisadores que possam contribuir com conhecimento t\u00e9cnico e pr\u00e1tico.<\/li>\n<li><strong>Comunidade geral:<\/strong> Qualquer cidad\u00e3o interessado nos objetivos do F\u00f3rum poder\u00e1 participar das reuni\u00f5es abertas ao p\u00fablico.<\/li>\n<\/ul>\n<h2>Impactos Esperados na Economia Local<\/h2>\n<p>Os impactos esperados com a implementa\u00e7\u00e3o do F\u00f3rum incluem:<\/p>\n<ul>\n<li><strong>Gera\u00e7\u00e3o de empregos:<\/strong> Est\u00edmulo ao surgimento de novas empresas e ao fortalecimento das existentes, resultando em mais oportunidades de trabalho.<\/li>\n<li><strong>Desenvolvimento cultural:<\/strong> Apoio a iniciativas art\u00edsticas que n\u00e3o s\u00f3 embelezam a cidade, mas tamb\u00e9m promovem um ambiente cultural vibrante.<\/li>\n<li><strong>Inova\u00e7\u00e3o:<\/strong> Cria\u00e7\u00e3o de um ambiente propenso \u00e0 inova\u00e7\u00e3o nas pr\u00e1ticas empresariais e no crescimento da economia criativa.<\/li>\n<li><strong>Promo\u00e7\u00e3o da comunidade:<\/strong> Envolvimento de comunidades locais nas atividades culturais, impulsionando a intera\u00e7\u00e3o social e o sentimento de pertencimento.<\/li>\n<\/ul>\n<h2>Como Funcionar\u00e1 o F\u00f3rum e suas Reuni\u00f5es<\/h2>\n<p>O funcionamento do F\u00f3rum ser\u00e1 pautado por reuni\u00f5es regulares, que abordar\u00e3o os t\u00f3picos ligados ao desenvolvimento da economia criativa. Essas reuni\u00f5es incluir\u00e3o:<\/p>\n<ul>\n<li><strong>Discuss\u00f5es tem\u00e1ticas:<\/strong> Foco em assuntos espec\u00edficos que precisam de aten\u00e7\u00e3o, como legisla\u00e7\u00e3o, pr\u00e1ticas de mercado e novas oportunidades.<\/li>\n<li><strong>Apresenta\u00e7\u00e3o de estudos:<\/strong> Condu\u00e7\u00e3o de pesquisas e discuss\u00e3o dos dados coletados para identificar tend\u00eancias e necessidades do setor.<\/li>\n<li><strong>Eventos de integra\u00e7\u00e3o:<\/strong> Promo\u00e7\u00e3o de eventos abertos ao p\u00fablico, permitindo a troca de experi\u00eancias e a forma\u00e7\u00e3o de redes.<\/li>\n<\/ul>\n<p>Os encontros tamb\u00e9m promover\u00e3o a participa\u00e7\u00e3o ativa da sociedade civil, destacando a import\u00e2ncia do envolvimento dos cidad\u00e3os no processo de desenvolvimento econ\u00f4mico e cultural.<\/p>\n<h2>Projetos e Iniciativas do F\u00f3rum<\/h2>\n<p>Entre os projetos que poder\u00e3o surgir a partir do F\u00f3rum, est\u00e3o:<\/p>\n<ul>\n<li><strong>Semana Municipal da Criatividade e Inova\u00e7\u00e3o:<\/strong> A continuidade das atividades relacionadas \u00e0 Semana da Criatividade, que incluir\u00e1 palestras, exposi\u00e7\u00f5es e homenagens a figuras importantes da economia criativa.<\/li>\n<li><strong>Cria\u00e7\u00e3o de um banco de dados:<\/strong> Estabelecimento de um reposit\u00f3rio de informa\u00e7\u00f5es e estat\u00edsticas que permita facilmente acessar dados relevantes para a \u00e1rea.<\/li>\n<li><strong>Incentivos fiscais:<\/strong> Propostas para poss\u00edveis incentivos que possam ser oferecidos para estimular o setor criativo.<\/li>\n<\/ul>\n<h2>Legisla\u00e7\u00e3o Municipal e Economia Criativa<\/h2>\n<p>Um dos pap\u00e9is fundamentais do F\u00f3rum ser\u00e1 a an\u00e1lise e atualiza\u00e7\u00e3o da legisla\u00e7\u00e3o municipal pertinente \u00e0 economia criativa. Isso inclui:<\/p>\n<ul>\n<li><strong>Avalia\u00e7\u00e3o das leis existentes:<\/strong> Revis\u00e3o das normas que afetam a economia criativa para identificar lacunas e oportunidades de moderniza\u00e7\u00e3o.<\/li>\n<li><strong>Propostas de novas legisla\u00e7\u00f5es:<\/strong> Cria\u00e7\u00e3o de novos projetos de lei que possam facilitar e fomentar o crescimento do setor criativo em Piracicaba.<\/li>\n<\/ul>\n<p>As iniciativas legislativas visam criar um ambiente que favore\u00e7a tanto os trabalhadores quanto os empreendedores da economia criativa.<\/p>\n<h2>O Papel das Institui\u00e7\u00f5es de Ensino no F\u00f3rum<\/h2>\n<p>As institui\u00e7\u00f5es de ensino desempenhar\u00e3o um papel crucial no F\u00f3rum, colaborando atrav\u00e9s de:<\/p>\n<ul>\n<li><strong>Pesquisa e desenvolvimento:<\/strong> Auxiliando com estudos que podem ajudar na formula\u00e7\u00e3o de pol\u00edticas e na identifica\u00e7\u00e3o de tend\u00eancias na economia criativa.<\/li>\n<li><strong>Capacita\u00e7\u00e3o e forma\u00e7\u00e3o:<\/strong> Ofertando cursos e treinamentos que atendam \u00e0s necessidades dos profissionais do setor.<\/li>\n<li><strong>Inova\u00e7\u00e3o:<\/strong> Promovendo projetos em parceria com o F\u00f3rum que integram alunos e acad\u00eamicos na pr\u00e1tica da economia criativa.<\/li>\n<\/ul>\n<h2>A Economia Criativa em N\u00fameros<\/h2>\n<p>Diversos estudos e pesquisas indicam que a economia criativa tem um potencial significativo de crescimento. Em n\u00fameros, podemos destacar:<\/p>\n<ul>\n<li><strong>Contribui\u00e7\u00e3o ao PIB:<\/strong> A economia criativa \u00e9 considerada uma das \u00e1reas que mais crescem no Brasil, com um impacto not\u00e1vel no Produto Interno Bruto (PIB).<\/li>\n<li><strong>Gera\u00e7\u00e3o de empregos:<\/strong> A economia criativa gera milh\u00f5es de empregos diretos e indiretos, evidenciando sua import\u00e2ncia no cen\u00e1rio econ\u00f4mico.<\/li>\n<li><strong>Inova\u00e7\u00e3o constante:<\/strong> O setor \u00e9 um catalisador de inova\u00e7\u00f5es, alavancando outras \u00e1reas como tecnologia, marketing e artes.<\/li>\n<\/ul>\n<h2>Eventos e Atividades Planejadas para o F\u00f3rum<\/h2>\n<p>Al\u00e9m da Semana Municipal da Criatividade, o F\u00f3rum programar\u00e1 diversas atividades ao longo do ano, como:<\/p>\n<ul>\n<li><strong>Palestras e workshops:<\/strong> Convidar especialistas para compartilhar suas experi\u00eancias e conhecimentos com os participantes.<\/li>\n<li><strong>Feiras e exposi\u00e7\u00f5es:<\/strong> Criar eventos nos quais produtores e artistas locais possam expor seu trabalho, permitindo uma maior visibilidade e incentivo \u00e0s suas pr\u00e1ticas.<\/li>\n<li><strong>Projetos colaborativos:<\/strong> Incentivar parcerias entre diferentes setores da economia criativa e com o poder p\u00fablico, visando \u00e0 implementa\u00e7\u00e3o de ideias inovadoras.<\/li>\n<\/ul>\n\n<div style=\"font-size: 0px; height: 0px; line-height: 0px; margin: 0; padding: 0; clear: both;\"><\/div>","protected":false},"excerpt":{"rendered":"<p>F\u00f3rum Permanente de Economia Criativa traz novas oportunidades para Piracicaba.<\/p>\n","protected":false},"author":1,"featured_media":0,"comment_status":"closed","ping_status":"closed","sticky":false,"template":"","format":"standard","meta":{"footnotes":""},"categories":[29],"tags":[],"class_list":["post-4291","post","type-post","status-publish","format-standard","hentry","category-cultura-em-piracicaba"],"aioseo_notices":[],"_links":{"self":[{"href":"https:\/\/www.encontrapiracicaba.com.br\/sobre\/wp-json\/wp\/v2\/posts\/4291","targetHints":{"allow":["GET"]}}],"collection":[{"href":"https:\/\/www.encontrapiracicaba.com.br\/sobre\/wp-json\/wp\/v2\/posts"}],"about":[{"href":"https:\/\/www.encontrapiracicaba.com.br\/sobre\/wp-json\/wp\/v2\/types\/post"}],"author":[{"embeddable":true,"href":"https:\/\/www.encontrapiracicaba.com.br\/sobre\/wp-json\/wp\/v2\/users\/1"}],"replies":[{"embeddable":true,"href":"https:\/\/www.encontrapiracicaba.com.br\/sobre\/wp-json\/wp\/v2\/comments?post=4291"}],"version-history":[{"count":0,"href":"https:\/\/www.encontrapiracicaba.com.br\/sobre\/wp-json\/wp\/v2\/posts\/4291\/revisions"}],"wp:attachment":[{"href":"https:\/\/www.encontrapiracicaba.com.br\/sobre\/wp-json\/wp\/v2\/media?parent=4291"}],"wp:term":[{"taxonomy":"category","embeddable":true,"href":"https:\/\/www.encontrapiracicaba.com.br\/sobre\/wp-json\/wp\/v2\/categories?post=4291"},{"taxonomy":"post_tag","embeddable":true,"href":"https:\/\/www.encontrapiracicaba.com.br\/sobre\/wp-json\/wp\/v2\/tags?post=4291"}],"curies":[{"name":"wp","href":"https:\/\/api.w.org\/{rel}","templated":true}]}}