{"id":4294,"date":"2026-03-15T11:44:03","date_gmt":"2026-03-15T14:44:03","guid":{"rendered":"https:\/\/www.encontrapiracicaba.com.br\/sobre\/reuniao-solene-da-camara-celebra-o-dia-internacional-e-semana-especial-da-mulher\/"},"modified":"2026-03-15T11:44:03","modified_gmt":"2026-03-15T14:44:03","slug":"reuniao-solene-da-camara-celebra-o-dia-internacional-e-semana-especial-da-mulher","status":"publish","type":"post","link":"https:\/\/www.encontrapiracicaba.com.br\/sobre\/reuniao-solene-da-camara-celebra-o-dia-internacional-e-semana-especial-da-mulher\/","title":{"rendered":"Reuni\u00e3o solene da C\u00e2mara celebra o Dia Internacional e Semana Especial da Mulher"},"content":{"rendered":"<div class=\"85df007ed5c0c4d4b453fd13a37855e8\" data-index=\"1\" style=\"float: none; margin:0px;\">\n<!-- Anuncio display - global -->\r\n<ins class=\"adsbygoogle\"\r\n     style=\"display:block\"\r\n     data-ad-client=\"ca-pub-8585364105181520\"\r\n     data-ad-slot=\"8789329856\"\r\n     data-ad-format=\"auto\"\r\n     data-full-width-responsive=\"true\"><\/ins>\r\n<script>\r\n     (adsbygoogle = window.adsbygoogle || []).push({});\r\n<\/script>\n<\/div>\n<h2>A import\u00e2ncia do Dia Internacional da Mulher<\/h2>\n<p>O Dia Internacional da Mulher, celebrado anualmente em 8 de mar\u00e7o, \u00e9 uma data que simboliza a luta hist\u00f3rica por igualdade de g\u00eanero e direitos sociais. Esta comemora\u00e7\u00e3o n\u00e3o deve ser vista apenas como uma celebra\u00e7\u00e3o, mas como um momento de reflex\u00e3o sobre as conquistas alcan\u00e7adas e os desafios que ainda persistem.<\/p>\n<p>Centro das discuss\u00f5es sobre o papel das mulheres na sociedade, essa data explora a busca por igualdade no trabalho, direitos reprodutivos, e o combate \u00e0 viol\u00eancia de g\u00eanero. Globalmente, o Dia Internacional da Mulher \u00e9 uma oportunidade para fortalecer a voz das mulheres e garantir que suas lutas sejam ouvidas e respeitadas.<\/p>\n<h2>Hist\u00f3ria e significado por tr\u00e1s da data<\/h2>\n<p>A origem do Dia Internacional da Mulher \u00e9 marcada por uma s\u00e9rie de eventos que ocorreram no final do s\u00e9culo XIX e in\u00edcio do s\u00e9culo XX, com estreita liga\u00e7\u00e3o \u00e0s lutas trabalhistas. O reconhecimento oficial da data ocorreu em 1910, durante a II Confer\u00eancia Internacional de Mulheres Socialistas, realizada em Copenhague.<\/p>\n<p>As manifesta\u00e7\u00f5es de mulheres em busca de direitos, como melhores condi\u00e7\u00f5es de trabalho e sal\u00e1rio justo, eram frequentes. O epis\u00f3dio mais emblem\u00e1tico remonta a 8 de mar\u00e7o de 1857, quando mulheres trabalhadoras de uma f\u00e1brica de tecidos em Nova York organizaram uma greve, reivindicando a redu\u00e7\u00e3o da jornada de trabalho e melhores condi\u00e7\u00f5es. Essa revolta resultou em uma repress\u00e3o brutal, sendo a data lembrada como um s\u00edmbolo de resist\u00eancia.<\/p>\n<h2>Homenagens a mulheres que fazem a diferen\u00e7a<\/h2>\n<p>No contexto das comemora\u00e7\u00f5es do Dia Internacional da Mulher, s\u00e3o realizadas diversas homenagens a mulheres que se destacam em sua comunidade e que podem servir de inspira\u00e7\u00e3o. Essas cerim\u00f4nias s\u00e3o importantes n\u00e3o apenas para reconhecer suas contribui\u00e7\u00f5es, mas tamb\u00e9m para motivar outras mulheres a ocuparem espa\u00e7os de poder e influ\u00eancia.<\/p>\n<p>As homenagens podem incluir destaque a pol\u00edticas, ativistas, profissionais de diversas \u00e1reas, e at\u00e9 mesmo relatos de hist\u00f3rias de mulheres an\u00f4nimas que fazem a diferen\u00e7a em suas comunidades. Exemplos de mulheres que se destacam, como cientistas, educadoras e l\u00edderes comunit\u00e1rias, s\u00e3o compartilhados como forma de inspirar futuras gera\u00e7\u00f5es.<\/p>\n<h2>Reflex\u00f5es sobre a viol\u00eancia contra a mulher<\/h2>\n<p>O Dia Internacional da Mulher tamb\u00e9m traz \u00e0 tona a discuss\u00e3o urgente sobre a viol\u00eancia de g\u00eanero. Dados alarmantes mostram que mulheres em diversas partes do mundo ainda enfrentam altos \u00edndices de viol\u00eancia f\u00edsica, sexual e emocional. As homenagens e eventos deste dia, portanto, devem englobar tamb\u00e9m a denuncia e a promo\u00e7\u00e3o de a\u00e7\u00f5es efetivas contra a viol\u00eancia.<\/p>\n<p>As reflex\u00f5es sobre este tema s\u00e3o fundamentais para conscientizar a sociedade sobre a necessidade de transforma\u00e7\u00e3o cultural, que permita que as mulheres vivam sem medo e em um ambiente seguro. \u00c9 vital trabalhar em conjunto com as institui\u00e7\u00f5es para implementar pol\u00edticas que previnam e combatam esses atos de viol\u00eancia.<\/p>\n<h2>O papel da C\u00e2mara Municipal nas causas femininas<\/h2>\n<p>As C\u00e2maras Municipais desempenham um papel crucial na promo\u00e7\u00e3o dos direitos das mulheres em n\u00edvel local. Elas podem criar e implementar pol\u00edticas p\u00fablicas que garantam igualdade de g\u00eanero e apoiem a\u00e7\u00f5es para combater a viol\u00eancia contra mulheres. Iniciativas como a cria\u00e7\u00e3o de comiss\u00f5es especiais, grupos de trabalho e a promo\u00e7\u00e3o de campanhas de arrecada\u00e7\u00e3o para acolher v\u00edtimas de viol\u00eancia s\u00e3o apenas algumas das a\u00e7\u00f5es que esses \u00f3rg\u00e3os podem tomar.<\/p>\n<p>A participa\u00e7\u00e3o de mulheres nas C\u00e2maras \u00e9 vital para garantir que suas necessidades estejam representadas nas discuss\u00f5es e decis\u00f5es pol\u00edticas. Com isso, \u00e9 poss\u00edvel criar um ambiente mais inclusivo e com mais sensibilidade \u00e0s quest\u00f5es femininas.<\/p>\n<h2>Manifesta\u00e7\u00e3o e vozes das vereadoras<\/h2>\n<p>As vozes das vereadoras e de outras mulheres que ocupam posi\u00e7\u00f5es de lideran\u00e7a s\u00e3o fundamentais nas discuss\u00f5es sobre a igualdade de g\u00eanero. Elas t\u00eam a capacidade de influenciar pol\u00edticas p\u00fablicas, implementar mudan\u00e7as significativas e atuar como defensoras dos direitos das mulheres.<\/p>\n<p>No Dia Internacional da Mulher, manifesta\u00e7\u00f5es e discursos realizados por essas lideran\u00e7as s\u00e3o essenciais, pois inspiram outras mulheres a se engajar na luta e fazer ouvir suas vozes. A troca de experi\u00eancias e a revela\u00e7\u00e3o das dificuldades enfrentadas por mulheres de diferentes contextos s\u00e3o temas comuns nessas interven\u00e7\u00f5es.<\/p>\n<h2>Envolvimento da comunidade em celebra\u00e7\u00f5es<\/h2>\n<p>O envolvimento da comunidade nas celebra\u00e7\u00f5es do Dia Internacional da Mulher \u00e9 essencial para criar um senso de coletividade e apoio. Eventos como palestras, apresenta\u00e7\u00f5es culturais e workshops proporcionam um espa\u00e7o para que as mulheres compartilhem suas hist\u00f3rias e aprendam sobre os direitos e oportunidades dispon\u00edveis.<\/p>\n<p>Essas atividades tamb\u00e9m promovem di\u00e1logos e debates que podem levar a uma maior conscientiza\u00e7\u00e3o sobre as desigualdades de g\u00eanero, ajudando a sensibilizar a sociedade para a import\u00e2ncia de garantir os direitos das mulheres em todos os n\u00edveis.<\/p>\n<h2>Homenagens a personalidades femininas<\/h2>\n<p>Uma parte importante das comemora\u00e7\u00f5es \u00e9 a homenagem a personalidades femininas que fizeram contribui\u00e7\u00f5es significativas em diversos campos, como ci\u00eancia, arte, pol\u00edtica e direitos humanos. Reconhecer suas trajet\u00f3rias e conquistas \u00e9 uma forma de celebrar a for\u00e7a e a determina\u00e7\u00e3o das mulheres em criar mudan\u00e7as sociais, al\u00e9m de encorajar as novas gera\u00e7\u00f5es a seguir seus passos.<\/p>\n<p>As homenagens tornam-se sofisticadas quando se contam suas hist\u00f3rias de vida, suas lutas e vit\u00f3rias, o que motiva mais pessoas a refletir sobre o papel que podem desempenhar na sociedade para promover mudan\u00e7as positivas.<\/p>\n<h2>O que podemos fazer para promover igualdade<\/h2>\n<p>Promover a igualdade de g\u00eanero envolve uma s\u00e9rie de a\u00e7\u00f5es que podem ser realizadas em diferentes n\u00edveis, tanto pessoal quanto comunit\u00e1rio. A educa\u00e7\u00e3o \u00e9 uma das ferramentas mais poderosas para isso. Promover a igualdade come\u00e7a com a conscientiza\u00e7\u00e3o sobre a import\u00e2ncia do respeito m\u00fatuo e a desconstru\u00e7\u00e3o de preconceitos e estere\u00f3tipos que ainda persistem.<\/p>\n<p>As campanhas de conscientiza\u00e7\u00e3o podem ser utilizadas para informar a popula\u00e7\u00e3o sobre a import\u00e2ncia da igualdade de g\u00eanero e o combate \u00e0 viol\u00eancia contra a mulher. Envolver-se com a comunidade local, participar de debates e promover espa\u00e7os seguros para discuss\u00e3o tamb\u00e9m s\u00e3o passos relevantes.<\/p>\n<h2>Construindo um futuro melhor para as mulheres<\/h2>\n<p>O futuro da luta feminina requer a uni\u00e3o de for\u00e7as entre homens e mulheres, onde both devem se comprometer a trabalhar pela igualdade e pela justi\u00e7a social. A conscientiza\u00e7\u00e3o, educa\u00e7\u00e3o, e a\u00e7\u00f5es de suporte \u00e0s quest\u00f5es femininas e de g\u00eanero s\u00e3o cruciais para garantir que os direitos das mulheres sejam respeitados e protegidos.<\/p>\n<p>Os homens, como aliados nesta luta, t\u00eam um papel fundamental na promo\u00e7\u00e3o da igualdade de g\u00eanero. \u00c9 importante que eles usem suas vozes para apoiar as mulheres e atuar contra a viola\u00e7\u00e3o de direitos. Juntos, podemos construir um futuro onde todas as mulheres se sintam empoderadas e capazes de idealizar e realizar seus projetos de vida. Em suma, a celebra\u00e7\u00e3o do Dia Internacional da Mulher se transforma em um poderoso motor de justi\u00e7a e mudan\u00e7a social.<\/p>\n\n<div style=\"font-size: 0px; height: 0px; line-height: 0px; margin: 0; padding: 0; clear: both;\"><\/div>","protected":false},"excerpt":{"rendered":"<p>Dia Internacional da Mulher: uma data que merece ser celebrada e refletida com seriedade.<\/p>\n","protected":false},"author":1,"featured_media":0,"comment_status":"closed","ping_status":"closed","sticky":false,"template":"","format":"standard","meta":{"footnotes":""},"categories":[29],"tags":[],"class_list":["post-4294","post","type-post","status-publish","format-standard","hentry","category-cultura-em-piracicaba"],"aioseo_notices":[],"_links":{"self":[{"href":"https:\/\/www.encontrapiracicaba.com.br\/sobre\/wp-json\/wp\/v2\/posts\/4294","targetHints":{"allow":["GET"]}}],"collection":[{"href":"https:\/\/www.encontrapiracicaba.com.br\/sobre\/wp-json\/wp\/v2\/posts"}],"about":[{"href":"https:\/\/www.encontrapiracicaba.com.br\/sobre\/wp-json\/wp\/v2\/types\/post"}],"author":[{"embeddable":true,"href":"https:\/\/www.encontrapiracicaba.com.br\/sobre\/wp-json\/wp\/v2\/users\/1"}],"replies":[{"embeddable":true,"href":"https:\/\/www.encontrapiracicaba.com.br\/sobre\/wp-json\/wp\/v2\/comments?post=4294"}],"version-history":[{"count":0,"href":"https:\/\/www.encontrapiracicaba.com.br\/sobre\/wp-json\/wp\/v2\/posts\/4294\/revisions"}],"wp:attachment":[{"href":"https:\/\/www.encontrapiracicaba.com.br\/sobre\/wp-json\/wp\/v2\/media?parent=4294"}],"wp:term":[{"taxonomy":"category","embeddable":true,"href":"https:\/\/www.encontrapiracicaba.com.br\/sobre\/wp-json\/wp\/v2\/categories?post=4294"},{"taxonomy":"post_tag","embeddable":true,"href":"https:\/\/www.encontrapiracicaba.com.br\/sobre\/wp-json\/wp\/v2\/tags?post=4294"}],"curies":[{"name":"wp","href":"https:\/\/api.w.org\/{rel}","templated":true}]}}