{"id":4297,"date":"2026-03-16T11:41:28","date_gmt":"2026-03-16T14:41:28","guid":{"rendered":"https:\/\/www.encontrapiracicaba.com.br\/sobre\/inscricoes-para-9o-salao-de-aquarelas-terminam-domingo-15-03\/"},"modified":"2026-03-16T11:41:28","modified_gmt":"2026-03-16T14:41:28","slug":"inscricoes-para-9o-salao-de-aquarelas-terminam-domingo-15-03","status":"publish","type":"post","link":"https:\/\/www.encontrapiracicaba.com.br\/sobre\/inscricoes-para-9o-salao-de-aquarelas-terminam-domingo-15-03\/","title":{"rendered":"Inscri\u00e7\u00f5es para 9\u00ba Sal\u00e3o de Aquarelas terminam domingo, 15\/03"},"content":{"rendered":"<div class=\"85df007ed5c0c4d4b453fd13a37855e8\" data-index=\"1\" style=\"float: none; margin:0px;\">\n<!-- Anuncio display - global -->\r\n<ins class=\"adsbygoogle\"\r\n     style=\"display:block\"\r\n     data-ad-client=\"ca-pub-8585364105181520\"\r\n     data-ad-slot=\"8789329856\"\r\n     data-ad-format=\"auto\"\r\n     data-full-width-responsive=\"true\"><\/ins>\r\n<script>\r\n     (adsbygoogle = window.adsbygoogle || []).push({});\r\n<\/script>\n<\/div>\n<h2>Objetivo do 9\u00ba Sal\u00e3o de Aquarelas<\/h2>\n<p>O 9\u00ba Sal\u00e3o de Aquarelas, promovido pela Prefeitura de Piracicaba por meio da Secretaria Municipal de Cultura e da Pinacoteca Municipal Miguel Dutra, tem como finalidade incentivar a express\u00e3o art\u00edstica atrav\u00e9s da t\u00e9cnica de aquarela. Este evento proporciona uma plataforma para que artistas possam expor suas obras, promovendo a acessibilidade \u00e0 arte e a valoriza\u00e7\u00e3o da criatividade regional e nacional.<\/p>\n<h2>Quem Pode Participar?<\/h2>\n<p>A participa\u00e7\u00e3o no Sal\u00e3o \u00e9 destinada a artistas maiores de 18 anos que residam em qualquer parte do Brasil, permitindo tanto inscri\u00e7\u00f5es individuais quanto coletivas. \u00c9 importante destacar que, para grupos, um representante deve realizar a inscri\u00e7\u00e3o, fornecendo os dados de todos os integrantes al\u00e9m do nome art\u00edstico do coletivo. O evento aceita obras exclusivamente desenvolvidas na t\u00e9cnica de aquarela.<\/p>\n<h2>Como Realizar a Inscri\u00e7\u00e3o<\/h2>\n<p>Para se inscrever, os interessados devem utilizar um formul\u00e1rio dispon\u00edvel online. Cada artista pode inscrever de tr\u00eas a cinco obras in\u00e9ditas, as quais n\u00e3o podem ter sido exibidas anteriormente em qualquer espa\u00e7o p\u00fablico, exceto em plataformas digitais. As obras devem ser criadas a partir de 2024 e serem de autoria dos pr\u00f3prios artistas, garantindo a originalidade das produ\u00e7\u00f5es apresentadas.<\/p>\n<p><img decoding=\"async\" src=\"https:\/\/www.encontrapiracicaba.com.br\/sobre\/wp-content\/uploads\/inscricoes-para-9-salao-de-aquarelas-terminam-domingo-15-03.webp\" alt=\"9\u00ba Sal\u00e3o de Aquarelas\" loading=\"lazy\" \/><\/p>\n<h2>Regulamento do Concurso<\/h2>\n<p>O regulamento estipula que as imagens das obras devem ser enviadas em alta resolu\u00e7\u00e3o, organizadas em um \u00fanico arquivo PDF. Este arquivo deve conter informa\u00e7\u00f5es essenciais, como:<br \/>\u2022 Nome do artista<br \/>\u2022 T\u00edtulo da obra<br \/>\u2022 Ano de cria\u00e7\u00e3o<br \/>\u2022 T\u00e9cnica utilizada<br \/>\u2022 Dimens\u00f5es das obras<br \/>Qualquer inscri\u00e7\u00e3o que n\u00e3o seguir as normativas estabelecidas pelo regulamento ser\u00e1 automaticamente desclassificada. Detalhes adicionais e o edital completo encontram-se no site da Pinacoteca de Piracicaba.<\/p>\n<h2>Crit\u00e9rios de Avalia\u00e7\u00e3o<\/h2>\n<p>A sele\u00e7\u00e3o das obras ser\u00e1 realizada por uma Comiss\u00e3o de Sele\u00e7\u00e3o e Premia\u00e7\u00e3o composta por tr\u00eas especialistas de renome no cen\u00e1rio art\u00edstico nacional. Eles ser\u00e3o respons\u00e1veis por avaliar as obras enviadas em duas etapas distintas:<\/p>\n<ul>\n<li>Na primeira fase, os jurados ir\u00e3o analisar as imagens das obras apresentadas na inscri\u00e7\u00e3o.<\/li>\n<li>Na segunda etapa, as obras finalistas selecionadas passar\u00e3o por uma avalia\u00e7\u00e3o presencial.<\/li>\n<\/ul>\n<h2>Comiss\u00e3o de Sele\u00e7\u00e3o e Premia\u00e7\u00e3o<\/h2>\n<p>A Comiss\u00e3o ter\u00e1 a responsabilidade de definir n\u00e3o apenas as obras que ser\u00e3o apresentadas na exposi\u00e7\u00e3o oficial do Sal\u00e3o, mas tamb\u00e9m os premiados. A forma\u00e7\u00e3o dessa comiss\u00e3o inclui profissionais experientes da \u00e1rea art\u00edstica, conforme designa\u00e7\u00e3o estabelecida em decreto municipal.<\/p>\n<h2>Pr\u00eamios em Jogo<\/h2>\n<p>Os artistas que tiverem suas obras escolhidas para a exposi\u00e7\u00e3o oficial concorrer\u00e3o ao Pr\u00eamio Aquisitivo da Prefeitura Municipal, que possui um valor de R$ 8 mil. Al\u00e9m deste pr\u00eamio principal, haver\u00e1 Men\u00e7\u00f5es Honrosas e o Pr\u00eamio Capa para a melhor obra, que garantir\u00e1 destaque no cat\u00e1logo e nos materiais de comunica\u00e7\u00e3o do evento.<\/p>\n<h2>Datas Importantes do Evento<\/h2>\n<p>As inscri\u00e7\u00f5es para o 9\u00ba Sal\u00e3o de Aquarelas estar\u00e3o abertas at\u00e9 o dia 15 de mar\u00e7o de 2026, \u00e0s 23h59, hor\u00e1rio de Bras\u00edlia. Artistas que desejam participar devem ficar atentos a essa data limite e acompanhar a divulga\u00e7\u00e3o dos resultados ap\u00f3s a finaliza\u00e7\u00e3o da fase de sele\u00e7\u00e3o.<\/p>\n<h2>Dicas para Inscri\u00e7\u00f5es Bem-Sucedidas<\/h2>\n<p>Para maximizar as chances de ser selecionado, \u00e9 recomend\u00e1vel que os artistas:<\/p>\n<ul>\n<li>Leiam atentamente todo o regulamento do concurso e sigam todas as orienta\u00e7\u00f5es.<\/li>\n<li>Preparem suas obras de forma cuidadosa, garantindo qualidade nas imagens enviadas.<\/li>\n<li>Certifiquem-se de que suas obras s\u00e3o realmente in\u00e9ditas e atendem aos requisitos definidos.<\/li>\n<li>Fa\u00e7am uma boa descri\u00e7\u00e3o de cada obra no formul\u00e1rio, destacando sua proposta e t\u00e9cnica utilizada.<\/li>\n<\/ul>\n<h2>Onde Encontrar Mais Informa\u00e7\u00f5es<\/h2>\n<p>Informa\u00e7\u00f5es detalhadas sobre o 9\u00ba Sal\u00e3o de Aquarelas, incluindo o edital completo e as diretrizes para participa\u00e7\u00e3o, est\u00e3o dispon\u00edveis no site da Pinacoteca de Piracicaba. Os interessados em participar devem consultar este recurso frequentemente para atualiza\u00e7\u00f5es sobre o evento e dicas adicionais para a participa\u00e7\u00e3o. Al\u00e9m disso, \u00e9 poss\u00edvel encontrar orienta\u00e7\u00f5es \u00fateis e outros detalhes relevantes na p\u00e1gina da Prefeitura de Piracicaba.<\/p>\n\n<div style=\"font-size: 0px; height: 0px; line-height: 0px; margin: 0; padding: 0; clear: both;\"><\/div>","protected":false},"excerpt":{"rendered":"<p>Inscri\u00e7\u00f5es para o 9\u00ba Sal\u00e3o de Aquarelas encerram em breve; n\u00e3o perca sua chance!<\/p>\n","protected":false},"author":1,"featured_media":4296,"comment_status":"closed","ping_status":"closed","sticky":false,"template":"","format":"standard","meta":{"footnotes":""},"categories":[6],"tags":[],"class_list":["post-4297","post","type-post","status-publish","format-standard","has-post-thumbnail","hentry","category-noticias-em-piracicaba","has_thumb"],"aioseo_notices":[],"aioseo_head":"\n\t\t<!-- All in One SEO 5.0.0.1 - aioseo.com -->\n\t<meta name=\"robots\" content=\"max-image-preview:large\" \/>\n\t<meta name=\"author\" content=\"Encontra Piracicaba\"\/>\n\t<link rel=\"canonical\" href=\"https:\/\/www.encontrapiracicaba.com.br\/sobre\/inscricoes-para-9o-salao-de-aquarelas-terminam-domingo-15-03\/\" \/>\n\t<meta name=\"generator\" content=\"All in One SEO (AIOSEO) 5.0.0.1\" \/>\n\t\t<meta property=\"og:locale\" content=\"pt_BR\" \/>\n\t\t<meta property=\"og:site_name\" content=\"Encontra Piracicaba | Not\u00edcias, eventos, informa\u00e7\u00f5es e dicas na cidade de Piracicaba e regi\u00e3o\" \/>\n\t\t<meta property=\"og:type\" content=\"article\" \/>\n\t\t<meta property=\"og:title\" content=\"Inscri\u00e7\u00f5es para 9\u00ba Sal\u00e3o de Aquarelas terminam domingo, 15\/03 | Encontra Piracicaba\" \/>\n\t\t<meta property=\"og:url\" content=\"https:\/\/www.encontrapiracicaba.com.br\/sobre\/inscricoes-para-9o-salao-de-aquarelas-terminam-domingo-15-03\/\" \/>\n\t\t<meta property=\"article:published_time\" content=\"2026-03-16T14:41:28+00:00\" \/>\n\t\t<meta property=\"article:modified_time\" content=\"2026-03-16T14:41:28+00:00\" \/>\n\t\t<meta name=\"twitter:card\" content=\"summary\" \/>\n\t\t<meta name=\"twitter:title\" content=\"Inscri\u00e7\u00f5es para 9\u00ba Sal\u00e3o de Aquarelas terminam domingo, 15\/03 | Encontra Piracicaba\" \/>\n\t\t<script type=\"application\/ld+json\" class=\"aioseo-schema\">\n\t\t\t{\"@context\":\"https:\\\/\\\/schema.org\",\"@graph\":[{\"@type\":\"Article\",\"@id\":\"https:\\\/\\\/www.encontrapiracicaba.com.br\\\/sobre\\\/inscricoes-para-9o-salao-de-aquarelas-terminam-domingo-15-03\\\/#article\",\"name\":\"Inscri\\u00e7\\u00f5es para 9\\u00ba Sal\\u00e3o de Aquarelas terminam domingo, 15\\\/03 | Encontra Piracicaba\",\"headline\":\"Inscri\\u00e7\\u00f5es para 9\\u00ba Sal\\u00e3o de Aquarelas terminam domingo, 15\\\/03\",\"author\":{\"@id\":\"https:\\\/\\\/www.encontrapiracicaba.com.br\\\/sobre\\\/author\\\/epiracicaba\\\/#author\"},\"publisher\":{\"@id\":\"https:\\\/\\\/www.encontrapiracicaba.com.br\\\/sobre\\\/#organization\"},\"image\":{\"@type\":\"ImageObject\",\"url\":\"https:\\\/\\\/www.encontrapiracicaba.com.br\\\/sobre\\\/wp-content\\\/uploads\\\/inscricoes-para-9-salao-de-aquarelas-terminam-domingo-15-03.webp\",\"width\":280,\"height\":280,\"caption\":\"9\\u00ba Sal\\u00e3o de Aquarelas\"},\"datePublished\":\"2026-03-16T11:41:28-03:00\",\"dateModified\":\"2026-03-16T11:41:28-03:00\",\"inLanguage\":\"pt-BR\",\"mainEntityOfPage\":{\"@id\":\"https:\\\/\\\/www.encontrapiracicaba.com.br\\\/sobre\\\/inscricoes-para-9o-salao-de-aquarelas-terminam-domingo-15-03\\\/#webpage\"},\"isPartOf\":{\"@id\":\"https:\\\/\\\/www.encontrapiracicaba.com.br\\\/sobre\\\/inscricoes-para-9o-salao-de-aquarelas-terminam-domingo-15-03\\\/#webpage\"},\"articleSection\":\"Not\\u00edcias Piracicaba\"},{\"@type\":\"BreadcrumbList\",\"@id\":\"https:\\\/\\\/www.encontrapiracicaba.com.br\\\/sobre\\\/inscricoes-para-9o-salao-de-aquarelas-terminam-domingo-15-03\\\/#breadcrumblist\",\"itemListElement\":[{\"@type\":\"ListItem\",\"@id\":\"https:\\\/\\\/www.encontrapiracicaba.com.br\\\/sobre#listItem\",\"position\":1,\"name\":\"In\\u00edcio\",\"item\":\"https:\\\/\\\/www.encontrapiracicaba.com.br\\\/sobre\",\"nextItem\":{\"@type\":\"ListItem\",\"@id\":\"https:\\\/\\\/www.encontrapiracicaba.com.br\\\/sobre\\\/noticias-em-piracicaba\\\/#listItem\",\"name\":\"Not\\u00edcias Piracicaba\"}},{\"@type\":\"ListItem\",\"@id\":\"https:\\\/\\\/www.encontrapiracicaba.com.br\\\/sobre\\\/noticias-em-piracicaba\\\/#listItem\",\"position\":2,\"name\":\"Not\\u00edcias Piracicaba\",\"item\":\"https:\\\/\\\/www.encontrapiracicaba.com.br\\\/sobre\\\/noticias-em-piracicaba\\\/\",\"nextItem\":{\"@type\":\"ListItem\",\"@id\":\"https:\\\/\\\/www.encontrapiracicaba.com.br\\\/sobre\\\/inscricoes-para-9o-salao-de-aquarelas-terminam-domingo-15-03\\\/#listItem\",\"name\":\"Inscri\\u00e7\\u00f5es para 9\\u00ba Sal\\u00e3o de Aquarelas terminam domingo, 15\\\/03\"},\"previousItem\":{\"@type\":\"ListItem\",\"@id\":\"https:\\\/\\\/www.encontrapiracicaba.com.br\\\/sobre#listItem\",\"name\":\"In\\u00edcio\"}},{\"@type\":\"ListItem\",\"@id\":\"https:\\\/\\\/www.encontrapiracicaba.com.br\\\/sobre\\\/inscricoes-para-9o-salao-de-aquarelas-terminam-domingo-15-03\\\/#listItem\",\"position\":3,\"name\":\"Inscri\\u00e7\\u00f5es para 9\\u00ba Sal\\u00e3o de Aquarelas terminam domingo, 15\\\/03\",\"previousItem\":{\"@type\":\"ListItem\",\"@id\":\"https:\\\/\\\/www.encontrapiracicaba.com.br\\\/sobre\\\/noticias-em-piracicaba\\\/#listItem\",\"name\":\"Not\\u00edcias Piracicaba\"}}]},{\"@type\":\"Organization\",\"@id\":\"https:\\\/\\\/www.encontrapiracicaba.com.br\\\/sobre\\\/#organization\",\"name\":\"Encontra Piracicaba\",\"description\":\"Not\\u00edcias, eventos, informa\\u00e7\\u00f5es e dicas na cidade de Piracicaba e regi\\u00e3o\",\"url\":\"https:\\\/\\\/www.encontrapiracicaba.com.br\\\/sobre\\\/\"},{\"@type\":\"Person\",\"@id\":\"https:\\\/\\\/www.encontrapiracicaba.com.br\\\/sobre\\\/author\\\/epiracicaba\\\/#author\",\"url\":\"https:\\\/\\\/www.encontrapiracicaba.com.br\\\/sobre\\\/author\\\/epiracicaba\\\/\",\"name\":\"Encontra Piracicaba\",\"image\":{\"@type\":\"ImageObject\",\"@id\":\"https:\\\/\\\/www.encontrapiracicaba.com.br\\\/sobre\\\/inscricoes-para-9o-salao-de-aquarelas-terminam-domingo-15-03\\\/#authorImage\",\"url\":\"https:\\\/\\\/secure.gravatar.com\\\/avatar\\\/507340682b8270222e1f208e23198b6ae7e2c6a1033ae84e99bc6bce4f82a387?s=96&d=mm&r=g\",\"width\":96,\"height\":96,\"caption\":\"Encontra Piracicaba\"}},{\"@type\":\"WebPage\",\"@id\":\"https:\\\/\\\/www.encontrapiracicaba.com.br\\\/sobre\\\/inscricoes-para-9o-salao-de-aquarelas-terminam-domingo-15-03\\\/#webpage\",\"url\":\"https:\\\/\\\/www.encontrapiracicaba.com.br\\\/sobre\\\/inscricoes-para-9o-salao-de-aquarelas-terminam-domingo-15-03\\\/\",\"name\":\"Inscri\\u00e7\\u00f5es para 9\\u00ba Sal\\u00e3o de Aquarelas terminam domingo, 15\\\/03 | Encontra Piracicaba\",\"inLanguage\":\"pt-BR\",\"isPartOf\":{\"@id\":\"https:\\\/\\\/www.encontrapiracicaba.com.br\\\/sobre\\\/#website\"},\"breadcrumb\":{\"@id\":\"https:\\\/\\\/www.encontrapiracicaba.com.br\\\/sobre\\\/inscricoes-para-9o-salao-de-aquarelas-terminam-domingo-15-03\\\/#breadcrumblist\"},\"author\":{\"@id\":\"https:\\\/\\\/www.encontrapiracicaba.com.br\\\/sobre\\\/author\\\/epiracicaba\\\/#author\"},\"creator\":{\"@id\":\"https:\\\/\\\/www.encontrapiracicaba.com.br\\\/sobre\\\/author\\\/epiracicaba\\\/#author\"},\"image\":{\"@type\":\"ImageObject\",\"url\":\"https:\\\/\\\/www.encontrapiracicaba.com.br\\\/sobre\\\/wp-content\\\/uploads\\\/inscricoes-para-9-salao-de-aquarelas-terminam-domingo-15-03.webp\",\"@id\":\"https:\\\/\\\/www.encontrapiracicaba.com.br\\\/sobre\\\/inscricoes-para-9o-salao-de-aquarelas-terminam-domingo-15-03\\\/#mainImage\",\"width\":280,\"height\":280,\"caption\":\"9\\u00ba Sal\\u00e3o de Aquarelas\"},\"primaryImageOfPage\":{\"@id\":\"https:\\\/\\\/www.encontrapiracicaba.com.br\\\/sobre\\\/inscricoes-para-9o-salao-de-aquarelas-terminam-domingo-15-03\\\/#mainImage\"},\"datePublished\":\"2026-03-16T11:41:28-03:00\",\"dateModified\":\"2026-03-16T11:41:28-03:00\"},{\"@type\":\"WebSite\",\"@id\":\"https:\\\/\\\/www.encontrapiracicaba.com.br\\\/sobre\\\/#website\",\"url\":\"https:\\\/\\\/www.encontrapiracicaba.com.br\\\/sobre\\\/\",\"name\":\"Encontra Piracicaba\",\"description\":\"Not\\u00edcias, eventos, informa\\u00e7\\u00f5es e dicas na cidade de Piracicaba e regi\\u00e3o\",\"inLanguage\":\"pt-BR\",\"publisher\":{\"@id\":\"https:\\\/\\\/www.encontrapiracicaba.com.br\\\/sobre\\\/#organization\"}}]}\n\t\t<\/script>\n\t\t<!-- All in One SEO -->\n\n","aioseo_head_json":{"title":"Inscri\u00e7\u00f5es para 9\u00ba Sal\u00e3o de Aquarelas terminam domingo, 15\/03 | Encontra Piracicaba","description":"","canonical_url":"https:\/\/www.encontrapiracicaba.com.br\/sobre\/inscricoes-para-9o-salao-de-aquarelas-terminam-domingo-15-03\/","robots":"max-image-preview:large","keywords":"","webmasterTools":{"miscellaneous":""},"schema":{"@context":"https:\/\/schema.org","@graph":[{"@type":"Article","@id":"https:\/\/www.encontrapiracicaba.com.br\/sobre\/inscricoes-para-9o-salao-de-aquarelas-terminam-domingo-15-03\/#article","name":"Inscri\u00e7\u00f5es para 9\u00ba Sal\u00e3o de Aquarelas terminam domingo, 15\/03 | Encontra Piracicaba","headline":"Inscri\u00e7\u00f5es para 9\u00ba Sal\u00e3o de Aquarelas terminam domingo, 15\/03","author":{"@id":"https:\/\/www.encontrapiracicaba.com.br\/sobre\/author\/epiracicaba\/#author"},"publisher":{"@id":"https:\/\/www.encontrapiracicaba.com.br\/sobre\/#organization"},"image":{"@type":"ImageObject","url":"https:\/\/www.encontrapiracicaba.com.br\/sobre\/wp-content\/uploads\/inscricoes-para-9-salao-de-aquarelas-terminam-domingo-15-03.webp","width":280,"height":280,"caption":"9\u00ba Sal\u00e3o de Aquarelas"},"datePublished":"2026-03-16T11:41:28-03:00","dateModified":"2026-03-16T11:41:28-03:00","inLanguage":"pt-BR","mainEntityOfPage":{"@id":"https:\/\/www.encontrapiracicaba.com.br\/sobre\/inscricoes-para-9o-salao-de-aquarelas-terminam-domingo-15-03\/#webpage"},"isPartOf":{"@id":"https:\/\/www.encontrapiracicaba.com.br\/sobre\/inscricoes-para-9o-salao-de-aquarelas-terminam-domingo-15-03\/#webpage"},"articleSection":"Not\u00edcias Piracicaba"},{"@type":"BreadcrumbList","@id":"https:\/\/www.encontrapiracicaba.com.br\/sobre\/inscricoes-para-9o-salao-de-aquarelas-terminam-domingo-15-03\/#breadcrumblist","itemListElement":[{"@type":"ListItem","@id":"https:\/\/www.encontrapiracicaba.com.br\/sobre#listItem","position":1,"name":"In\u00edcio","item":"https:\/\/www.encontrapiracicaba.com.br\/sobre","nextItem":{"@type":"ListItem","@id":"https:\/\/www.encontrapiracicaba.com.br\/sobre\/noticias-em-piracicaba\/#listItem","name":"Not\u00edcias Piracicaba"}},{"@type":"ListItem","@id":"https:\/\/www.encontrapiracicaba.com.br\/sobre\/noticias-em-piracicaba\/#listItem","position":2,"name":"Not\u00edcias Piracicaba","item":"https:\/\/www.encontrapiracicaba.com.br\/sobre\/noticias-em-piracicaba\/","nextItem":{"@type":"ListItem","@id":"https:\/\/www.encontrapiracicaba.com.br\/sobre\/inscricoes-para-9o-salao-de-aquarelas-terminam-domingo-15-03\/#listItem","name":"Inscri\u00e7\u00f5es para 9\u00ba Sal\u00e3o de Aquarelas terminam domingo, 15\/03"},"previousItem":{"@type":"ListItem","@id":"https:\/\/www.encontrapiracicaba.com.br\/sobre#listItem","name":"In\u00edcio"}},{"@type":"ListItem","@id":"https:\/\/www.encontrapiracicaba.com.br\/sobre\/inscricoes-para-9o-salao-de-aquarelas-terminam-domingo-15-03\/#listItem","position":3,"name":"Inscri\u00e7\u00f5es para 9\u00ba Sal\u00e3o de Aquarelas terminam domingo, 15\/03","previousItem":{"@type":"ListItem","@id":"https:\/\/www.encontrapiracicaba.com.br\/sobre\/noticias-em-piracicaba\/#listItem","name":"Not\u00edcias Piracicaba"}}]},{"@type":"Organization","@id":"https:\/\/www.encontrapiracicaba.com.br\/sobre\/#organization","name":"Encontra Piracicaba","description":"Not\u00edcias, eventos, informa\u00e7\u00f5es e dicas na cidade de Piracicaba e regi\u00e3o","url":"https:\/\/www.encontrapiracicaba.com.br\/sobre\/"},{"@type":"Person","@id":"https:\/\/www.encontrapiracicaba.com.br\/sobre\/author\/epiracicaba\/#author","url":"https:\/\/www.encontrapiracicaba.com.br\/sobre\/author\/epiracicaba\/","name":"Encontra Piracicaba","image":{"@type":"ImageObject","@id":"https:\/\/www.encontrapiracicaba.com.br\/sobre\/inscricoes-para-9o-salao-de-aquarelas-terminam-domingo-15-03\/#authorImage","url":"https:\/\/secure.gravatar.com\/avatar\/507340682b8270222e1f208e23198b6ae7e2c6a1033ae84e99bc6bce4f82a387?s=96&d=mm&r=g","width":96,"height":96,"caption":"Encontra Piracicaba"}},{"@type":"WebPage","@id":"https:\/\/www.encontrapiracicaba.com.br\/sobre\/inscricoes-para-9o-salao-de-aquarelas-terminam-domingo-15-03\/#webpage","url":"https:\/\/www.encontrapiracicaba.com.br\/sobre\/inscricoes-para-9o-salao-de-aquarelas-terminam-domingo-15-03\/","name":"Inscri\u00e7\u00f5es para 9\u00ba Sal\u00e3o de Aquarelas terminam domingo, 15\/03 | Encontra Piracicaba","inLanguage":"pt-BR","isPartOf":{"@id":"https:\/\/www.encontrapiracicaba.com.br\/sobre\/#website"},"breadcrumb":{"@id":"https:\/\/www.encontrapiracicaba.com.br\/sobre\/inscricoes-para-9o-salao-de-aquarelas-terminam-domingo-15-03\/#breadcrumblist"},"author":{"@id":"https:\/\/www.encontrapiracicaba.com.br\/sobre\/author\/epiracicaba\/#author"},"creator":{"@id":"https:\/\/www.encontrapiracicaba.com.br\/sobre\/author\/epiracicaba\/#author"},"image":{"@type":"ImageObject","url":"https:\/\/www.encontrapiracicaba.com.br\/sobre\/wp-content\/uploads\/inscricoes-para-9-salao-de-aquarelas-terminam-domingo-15-03.webp","@id":"https:\/\/www.encontrapiracicaba.com.br\/sobre\/inscricoes-para-9o-salao-de-aquarelas-terminam-domingo-15-03\/#mainImage","width":280,"height":280,"caption":"9\u00ba Sal\u00e3o de Aquarelas"},"primaryImageOfPage":{"@id":"https:\/\/www.encontrapiracicaba.com.br\/sobre\/inscricoes-para-9o-salao-de-aquarelas-terminam-domingo-15-03\/#mainImage"},"datePublished":"2026-03-16T11:41:28-03:00","dateModified":"2026-03-16T11:41:28-03:00"},{"@type":"WebSite","@id":"https:\/\/www.encontrapiracicaba.com.br\/sobre\/#website","url":"https:\/\/www.encontrapiracicaba.com.br\/sobre\/","name":"Encontra Piracicaba","description":"Not\u00edcias, eventos, informa\u00e7\u00f5es e dicas na cidade de Piracicaba e regi\u00e3o","inLanguage":"pt-BR","publisher":{"@id":"https:\/\/www.encontrapiracicaba.com.br\/sobre\/#organization"}}]},"og:locale":"pt_BR","og:site_name":"Encontra Piracicaba | Not\u00edcias, eventos, informa\u00e7\u00f5es e dicas na cidade de Piracicaba e regi\u00e3o","og:type":"article","og:title":"Inscri\u00e7\u00f5es para 9\u00ba Sal\u00e3o de Aquarelas terminam domingo, 15\/03 | Encontra Piracicaba","og:url":"https:\/\/www.encontrapiracicaba.com.br\/sobre\/inscricoes-para-9o-salao-de-aquarelas-terminam-domingo-15-03\/","article:published_time":"2026-03-16T14:41:28+00:00","article:modified_time":"2026-03-16T14:41:28+00:00","twitter:card":"summary","twitter:title":"Inscri\u00e7\u00f5es para 9\u00ba Sal\u00e3o de Aquarelas terminam domingo, 15\/03 | Encontra Piracicaba"},"aioseo_meta_data":{"post_id":"4297","title":null,"description":null,"keywords":null,"keyphrases":null,"primary_term":null,"canonical_url":null,"og_title":null,"og_description":null,"og_object_type":"default","og_image_type":"default","og_image_url":null,"og_image_width":null,"og_image_height":null,"og_image_custom_url":null,"og_image_custom_fields":null,"og_video":null,"og_custom_url":null,"og_article_section":null,"og_article_tags":null,"twitter_use_og":false,"twitter_card":"default","twitter_image_type":"default","twitter_image_url":null,"twitter_image_custom_url":null,"twitter_image_custom_fields":null,"twitter_title":null,"twitter_description":null,"schema":{"blockGraphs":[],"customGraphs":[],"default":{"data":{"Article":[],"Course":[],"Dataset":[],"FAQPage":[],"Movie":[],"Person":[],"Product":[],"ProductReview":[],"Car":[],"Recipe":[],"Service":[],"SoftwareApplication":[],"WebPage":[]},"graphName":"Article","isEnabled":true},"graphs":[]},"schema_type":"default","schema_type_options":null,"pillar_content":false,"robots_default":true,"robots_noindex":false,"robots_noarchive":false,"robots_nosnippet":false,"robots_nofollow":false,"robots_noimageindex":false,"robots_noodp":false,"robots_notranslate":false,"robots_max_snippet":null,"robots_max_videopreview":null,"robots_max_imagepreview":"large","priority":null,"frequency":null,"local_seo":null,"breadcrumb_settings":null,"limit_modified_date":false,"ai":null,"created":"2026-03-16 14:41:35","updated":"2026-03-16 14:54:08","focus_keyword":null,"additional_keywords":null,"truseo_locale":null,"seo_analyzer_scan_date":null},"aioseo_breadcrumb":"<div class=\"aioseo-breadcrumbs\"><span class=\"aioseo-breadcrumb\">\n\t\t\t<a href=\"https:\/\/www.encontrapiracicaba.com.br\/sobre\" title=\"In\u00edcio\">In\u00edcio<\/a>\n\t\t<\/span><span class=\"aioseo-breadcrumb-separator\">&raquo;<\/span><span class=\"aioseo-breadcrumb\">\n\t\t\t<a href=\"https:\/\/www.encontrapiracicaba.com.br\/sobre\/noticias-em-piracicaba\/\" title=\"Not\u00edcias Piracicaba\">Not\u00edcias Piracicaba<\/a>\n\t\t<\/span><span class=\"aioseo-breadcrumb-separator\">&raquo;<\/span><span class=\"aioseo-breadcrumb\">\n\t\t\tInscri\u00e7\u00f5es para 9\u00ba Sal\u00e3o de Aquarelas terminam domingo, 15\/03\n\t\t<\/span><\/div>","aioseo_breadcrumb_json":[{"label":"In\u00edcio","link":"https:\/\/www.encontrapiracicaba.com.br\/sobre"},{"label":"Not\u00edcias Piracicaba","link":"https:\/\/www.encontrapiracicaba.com.br\/sobre\/noticias-em-piracicaba\/"},{"label":"Inscri\u00e7\u00f5es para 9\u00ba Sal\u00e3o de Aquarelas terminam domingo, 15\/03","link":"https:\/\/www.encontrapiracicaba.com.br\/sobre\/inscricoes-para-9o-salao-de-aquarelas-terminam-domingo-15-03\/"}],"_links":{"self":[{"href":"https:\/\/www.encontrapiracicaba.com.br\/sobre\/wp-json\/wp\/v2\/posts\/4297","targetHints":{"allow":["GET"]}}],"collection":[{"href":"https:\/\/www.encontrapiracicaba.com.br\/sobre\/wp-json\/wp\/v2\/posts"}],"about":[{"href":"https:\/\/www.encontrapiracicaba.com.br\/sobre\/wp-json\/wp\/v2\/types\/post"}],"author":[{"embeddable":true,"href":"https:\/\/www.encontrapiracicaba.com.br\/sobre\/wp-json\/wp\/v2\/users\/1"}],"replies":[{"embeddable":true,"href":"https:\/\/www.encontrapiracicaba.com.br\/sobre\/wp-json\/wp\/v2\/comments?post=4297"}],"version-history":[{"count":0,"href":"https:\/\/www.encontrapiracicaba.com.br\/sobre\/wp-json\/wp\/v2\/posts\/4297\/revisions"}],"wp:featuredmedia":[{"embeddable":true,"href":"https:\/\/www.encontrapiracicaba.com.br\/sobre\/wp-json\/wp\/v2\/media\/4296"}],"wp:attachment":[{"href":"https:\/\/www.encontrapiracicaba.com.br\/sobre\/wp-json\/wp\/v2\/media?parent=4297"}],"wp:term":[{"taxonomy":"category","embeddable":true,"href":"https:\/\/www.encontrapiracicaba.com.br\/sobre\/wp-json\/wp\/v2\/categories?post=4297"},{"taxonomy":"post_tag","embeddable":true,"href":"https:\/\/www.encontrapiracicaba.com.br\/sobre\/wp-json\/wp\/v2\/tags?post=4297"}],"curies":[{"name":"wp","href":"https:\/\/api.w.org\/{rel}","templated":true}]}}