{"id":4331,"date":"2026-03-26T11:42:35","date_gmt":"2026-03-26T14:42:35","guid":{"rendered":"https:\/\/www.encontrapiracicaba.com.br\/sobre\/emprego-vagas-para-cuidador-de-crianca-com-deficiencia-oferecem-jornada-de-meio-periodo\/"},"modified":"2026-03-26T11:42:35","modified_gmt":"2026-03-26T14:42:35","slug":"emprego-vagas-para-cuidador-de-crianca-com-deficiencia-oferecem-jornada-de-meio-periodo","status":"publish","type":"post","link":"https:\/\/www.encontrapiracicaba.com.br\/sobre\/emprego-vagas-para-cuidador-de-crianca-com-deficiencia-oferecem-jornada-de-meio-periodo\/","title":{"rendered":"Emprego: vagas para cuidador de crian\u00e7a com defici\u00eancia oferecem jornada de meio per\u00edodo"},"content":{"rendered":"<div class=\"85df007ed5c0c4d4b453fd13a37855e8\" data-index=\"1\" style=\"float: none; margin:0px;\">\n<!-- Anuncio display - global -->\r\n<ins class=\"adsbygoogle\"\r\n     style=\"display:block\"\r\n     data-ad-client=\"ca-pub-8585364105181520\"\r\n     data-ad-slot=\"8789329856\"\r\n     data-ad-format=\"auto\"\r\n     data-full-width-responsive=\"true\"><\/ins>\r\n<script>\r\n     (adsbygoogle = window.adsbygoogle || []).push({});\r\n<\/script>\n<\/div>\n<h2>Oportunidade de Trabalho: Cuidador de Crian\u00e7a com Defici\u00eancia<\/h2>\n<p>O munic\u00edpio de Piracicaba abre um total de 100 oportunidades para a posi\u00e7\u00e3o de cuidador de crian\u00e7as com defici\u00eancia. Essas vagas s\u00e3o destinadas ao trabalho nas escolas de educa\u00e7\u00e3o infantil e nas institui\u00e7\u00f5es de ensino fundamental I da cidade. \u00c9 uma excelente chance para quem possui o ensino m\u00e9dio completo e experi\u00eancia m\u00ednima de seis meses na \u00e1rea relacionada. A faixa salarial ser\u00e1 discutida durante as entrevistas.<\/p>\n<h2>Quantidade de Vagas Dispon\u00edveis<\/h2>\n<p>Atualmente, existem 100 vagas dispon\u00edveis para cuidadores, com o intuito de fornecer atendimento especializado a crian\u00e7as com necessidades especiais. Este n\u00famero pode ser alterado com base na demanda e no preenchimento das vagas.<\/p>\n<h2>Requisitos Necess\u00e1rios<\/h2>\n<p>Para se candidatar, \u00e9 imprescind\u00edvel:<\/p>\n<p><img decoding=\"async\" src=\"https:\/\/www.encontrapiracicaba.com.br\/sobre\/wp-content\/uploads\/emprego-vagas-para-cuidador-de-crianca-com-deficiencia-oferecem-jornada-de-meio-periodo.webp\" alt=\"vagas para cuidador de crian\u00e7a com defici\u00eancia\" loading=\"lazy\" \/><\/p>\n<ul>\n<li>Ter completado o ensino m\u00e9dio;<\/li>\n<li>Possuir pelo menos seis meses de experi\u00eancia comprovada em cuidados com crian\u00e7as, especialmente com defici\u00eancia;<\/li>\n<li>Ser residente em Piracicaba.<\/li>\n<\/ul>\n<h2>Como o Trabalho Contribui para Inclus\u00e3o<\/h2>\n<p>A fun\u00e7\u00e3o de cuidador desempenha um papel fundamental na inclus\u00e3o de crian\u00e7as com defici\u00eancia no ambiente escolar. Esses profissionais s\u00e3o respons\u00e1veis por oferecer suporte individualizado, promovendo n\u00e3o apenas o bem-estar f\u00edsico das crian\u00e7as, mas tamb\u00e9m garantindo que elas participem ativamente das atividades pedag\u00f3gicas. O cuidador atua em parceria com a equipe pedag\u00f3gica, ajudando a adaptar as classes \u00e0s necessidades espec\u00edficas de cada aluno e criando um espa\u00e7o de aprendizado mais acolhedor e inclusivo.<\/p>\n<h2>Detalhes sobre a Jornada de Trabalho<\/h2>\n<p>A jornada de trabalho \u00e9 de seis horas por dia, e os hor\u00e1rios dispon\u00edveis s\u00e3o:<\/p>\n<ul>\n<li>Das 7h \u00e0s 13h;<\/li>\n<li>Das 11h30 \u00e0s 17h30.<\/li>\n<\/ul>\n<p>O trabalho \u00e9 realizado de segunda a sexta-feira, permitindo a organiza\u00e7\u00e3o da rotina dos profissionais com hor\u00e1rios fixos.<\/p>\n<h2>Como se Candidatar \u00e0s Vagas<\/h2>\n<p>Os interessados devem acessar o &#8220;Painel de Vagas&#8221; dispon\u00edvel no site da Prefeitura de Piracicaba, onde poder\u00e3o realizar suas candidaturas. \u00c9 essencial que os candidatos mantenham seus dados atualizados e leiam atentamente todos os requisitos antes de se inscreverem.<\/p>\n<p>O &#8220;Painel de Vagas&#8221; pode ser acessado atrav\u00e9s do link: <a href=\"http:\/\/piracicaba.sp.gov.br\/servicos\/painel-de-vagas\/\">piracicaba.sp.gov.br\/servicos\/painel-de-vagas\/<\/a>.<\/p>\n<h2>Informa\u00e7\u00f5es sobre o Sal\u00e1rio<\/h2>\n<p>O sal\u00e1rio para as vagas de cuidador de crian\u00e7as com defici\u00eancia ser\u00e1 informado aos candidatos durante o processo seletivo. Ele estar\u00e1 em conson\u00e2ncia com as normas e pol\u00edticas estabelecidas pela Prefeitura, garantindo uma remunera\u00e7\u00e3o justa pelo trabalho realizado.<\/p>\n<h2>Benef\u00edcios de Trabalhar com Crian\u00e7as<\/h2>\n<p>Trabalhar com crian\u00e7as, especialmente aquelas com defici\u00eancia, traz diversas recompensas pessoais e profissionais. Entre os benef\u00edcios destacam-se:<\/p>\n<ul>\n<li>Desenvolvimento de habilidades interpessoais e emocionais;<\/li>\n<li>Contribui\u00e7\u00e3o significativa para o crescimento e desenvolvimento das crian\u00e7as;<\/li>\n<li>Experi\u00eancia enriquecedora que promove empatia e compreens\u00e3o das dificuldades enfrentadas por outros;<\/li>\n<li>Possibilidade de atuar em um ambiente din\u00e2mico e repleto de aprendizado.<\/li>\n<\/ul>\n<h2>Import\u00e2ncia do Cuidador na Educa\u00e7\u00e3o<\/h2>\n<p>O cuidador \u00e9 uma figura vital no sistema educacional, especialmente no ensino de crian\u00e7as com defici\u00eancia. Este profissional n\u00e3o apenas auxilia na administra\u00e7\u00e3o das atividades di\u00e1rias, mas tamb\u00e9m facilita a integra\u00e7\u00e3o social dos alunos, encorajando a forma\u00e7\u00e3o de v\u00ednculos e rela\u00e7\u00f5es de amizade entre todos. Al\u00e9m disso, ao trabalhar ao lado de educadores, o cuidador ajuda a garantir que cada aluno receba as adapta\u00e7\u00f5es necess\u00e1rias para um aprendizado mais eficaz e satisfat\u00f3rio.<\/p>\n<h2>Dicas para o Processo Seletivo<\/h2>\n<p>Para se destacar na sele\u00e7\u00e3o para a vaga de cuidador de crian\u00e7as com defici\u00eancia, considere as seguintes dicas:<\/p>\n<ul>\n<li>Prepare um curr\u00edculo claro e objetivo, destacando sua experi\u00eancia pr\u00e9via;<\/li>\n<li>Pesquise sobre a institui\u00e7\u00e3o e a miss\u00e3o da escola para a qual voc\u00ea est\u00e1 se candidatando;<\/li>\n<li>Esteja preparado para discutir suas motiva\u00e7\u00f5es e como voc\u00ea pode contribuir para a inclus\u00e3o;<\/li>\n<li>Mostre empatia e haja com sinceridade em suas intera\u00e7\u00f5es;<\/li>\n<li>Considere preparar-se para perguntas relacionadas a situa\u00e7\u00f5es que voc\u00ea pode enfrentar no dia a dia como cuidador.<\/li>\n<\/ul>\n<h2>Pr\u00f3ximos Passos Ap\u00f3s a Candidatura<\/h2>\n<p>Ap\u00f3s se candidatar, os candidatos devem estar atentos \u00e0 comunica\u00e7\u00e3o da Prefeitura e \u00e0s atualiza\u00e7\u00f5es sobre o andamento do processo seletivo. \u00c9 recomendado acompanhar suas e-mails e outras formas de contato que voc\u00ea tenha disponibilizado. Al\u00e9m disso, tenha sempre sua documenta\u00e7\u00e3o em m\u00e3os, pronta para apresenta\u00e7\u00e3o caso seja convocado para entrevistas.<\/p>\n<p>O atendimento na Secretaria de Trabalho, Emprego e Renda ocorre em seu endere\u00e7o no T\u00e9rreo 1 do Centro C\u00edvico, situado na rua Ant\u00f4nio Corr\u00eaa Barbosa, 2.233, e o telefone para contato \u00e9 (19) 3437-2222.<\/p>\n\n<div style=\"font-size: 0px; height: 0px; line-height: 0px; margin: 0; padding: 0; clear: both;\"><\/div>","protected":false},"excerpt":{"rendered":"<p>Emprego para cuidador de crian\u00e7a com defici\u00eancia: oportunidades na educa\u00e7\u00e3o infantil de Piracicaba!<\/p>\n","protected":false},"author":1,"featured_media":4330,"comment_status":"closed","ping_status":"closed","sticky":false,"template":"","format":"standard","meta":{"footnotes":""},"categories":[6],"tags":[],"class_list":["post-4331","post","type-post","status-publish","format-standard","has-post-thumbnail","hentry","category-noticias-em-piracicaba","has_thumb"],"aioseo_notices":[],"aioseo_head":"\n\t\t<!-- All in One SEO 5.0.0.1 - aioseo.com -->\n\t<meta name=\"robots\" content=\"max-image-preview:large\" \/>\n\t<meta name=\"author\" content=\"Encontra Piracicaba\"\/>\n\t<link rel=\"canonical\" href=\"https:\/\/www.encontrapiracicaba.com.br\/sobre\/emprego-vagas-para-cuidador-de-crianca-com-deficiencia-oferecem-jornada-de-meio-periodo\/\" \/>\n\t<meta name=\"generator\" content=\"All in One SEO (AIOSEO) 5.0.0.1\" \/>\n\t\t<meta property=\"og:locale\" content=\"pt_BR\" \/>\n\t\t<meta property=\"og:site_name\" content=\"Encontra Piracicaba | Not\u00edcias, eventos, informa\u00e7\u00f5es e dicas na cidade de Piracicaba e regi\u00e3o\" \/>\n\t\t<meta property=\"og:type\" content=\"article\" \/>\n\t\t<meta property=\"og:title\" content=\"Emprego: vagas para cuidador de crian\u00e7a com defici\u00eancia oferecem jornada de meio per\u00edodo | Encontra Piracicaba\" \/>\n\t\t<meta property=\"og:url\" content=\"https:\/\/www.encontrapiracicaba.com.br\/sobre\/emprego-vagas-para-cuidador-de-crianca-com-deficiencia-oferecem-jornada-de-meio-periodo\/\" \/>\n\t\t<meta property=\"article:published_time\" content=\"2026-03-26T14:42:35+00:00\" \/>\n\t\t<meta property=\"article:modified_time\" content=\"2026-03-26T14:42:35+00:00\" \/>\n\t\t<meta name=\"twitter:card\" content=\"summary\" \/>\n\t\t<meta name=\"twitter:title\" content=\"Emprego: vagas para cuidador de crian\u00e7a com defici\u00eancia oferecem jornada de meio per\u00edodo | Encontra Piracicaba\" \/>\n\t\t<script type=\"application\/ld+json\" class=\"aioseo-schema\">\n\t\t\t{\"@context\":\"https:\\\/\\\/schema.org\",\"@graph\":[{\"@type\":\"Article\",\"@id\":\"https:\\\/\\\/www.encontrapiracicaba.com.br\\\/sobre\\\/emprego-vagas-para-cuidador-de-crianca-com-deficiencia-oferecem-jornada-de-meio-periodo\\\/#article\",\"name\":\"Emprego: vagas para cuidador de crian\\u00e7a com defici\\u00eancia oferecem jornada de meio per\\u00edodo | Encontra Piracicaba\",\"headline\":\"Emprego: vagas para cuidador de crian\\u00e7a com defici\\u00eancia oferecem jornada de meio per\\u00edodo\",\"author\":{\"@id\":\"https:\\\/\\\/www.encontrapiracicaba.com.br\\\/sobre\\\/author\\\/epiracicaba\\\/#author\"},\"publisher\":{\"@id\":\"https:\\\/\\\/www.encontrapiracicaba.com.br\\\/sobre\\\/#organization\"},\"image\":{\"@type\":\"ImageObject\",\"url\":\"https:\\\/\\\/www.encontrapiracicaba.com.br\\\/sobre\\\/wp-content\\\/uploads\\\/emprego-vagas-para-cuidador-de-crianca-com-deficiencia-oferecem-jornada-de-meio-periodo.webp\",\"width\":280,\"height\":280,\"caption\":\"vagas para cuidador de crian\\u00e7a com defici\\u00eancia\"},\"datePublished\":\"2026-03-26T11:42:35-03:00\",\"dateModified\":\"2026-03-26T11:42:35-03:00\",\"inLanguage\":\"pt-BR\",\"mainEntityOfPage\":{\"@id\":\"https:\\\/\\\/www.encontrapiracicaba.com.br\\\/sobre\\\/emprego-vagas-para-cuidador-de-crianca-com-deficiencia-oferecem-jornada-de-meio-periodo\\\/#webpage\"},\"isPartOf\":{\"@id\":\"https:\\\/\\\/www.encontrapiracicaba.com.br\\\/sobre\\\/emprego-vagas-para-cuidador-de-crianca-com-deficiencia-oferecem-jornada-de-meio-periodo\\\/#webpage\"},\"articleSection\":\"Not\\u00edcias Piracicaba\"},{\"@type\":\"BreadcrumbList\",\"@id\":\"https:\\\/\\\/www.encontrapiracicaba.com.br\\\/sobre\\\/emprego-vagas-para-cuidador-de-crianca-com-deficiencia-oferecem-jornada-de-meio-periodo\\\/#breadcrumblist\",\"itemListElement\":[{\"@type\":\"ListItem\",\"@id\":\"https:\\\/\\\/www.encontrapiracicaba.com.br\\\/sobre#listItem\",\"position\":1,\"name\":\"In\\u00edcio\",\"item\":\"https:\\\/\\\/www.encontrapiracicaba.com.br\\\/sobre\",\"nextItem\":{\"@type\":\"ListItem\",\"@id\":\"https:\\\/\\\/www.encontrapiracicaba.com.br\\\/sobre\\\/noticias-em-piracicaba\\\/#listItem\",\"name\":\"Not\\u00edcias Piracicaba\"}},{\"@type\":\"ListItem\",\"@id\":\"https:\\\/\\\/www.encontrapiracicaba.com.br\\\/sobre\\\/noticias-em-piracicaba\\\/#listItem\",\"position\":2,\"name\":\"Not\\u00edcias Piracicaba\",\"item\":\"https:\\\/\\\/www.encontrapiracicaba.com.br\\\/sobre\\\/noticias-em-piracicaba\\\/\",\"nextItem\":{\"@type\":\"ListItem\",\"@id\":\"https:\\\/\\\/www.encontrapiracicaba.com.br\\\/sobre\\\/emprego-vagas-para-cuidador-de-crianca-com-deficiencia-oferecem-jornada-de-meio-periodo\\\/#listItem\",\"name\":\"Emprego: vagas para cuidador de crian\\u00e7a com defici\\u00eancia oferecem jornada de meio per\\u00edodo\"},\"previousItem\":{\"@type\":\"ListItem\",\"@id\":\"https:\\\/\\\/www.encontrapiracicaba.com.br\\\/sobre#listItem\",\"name\":\"In\\u00edcio\"}},{\"@type\":\"ListItem\",\"@id\":\"https:\\\/\\\/www.encontrapiracicaba.com.br\\\/sobre\\\/emprego-vagas-para-cuidador-de-crianca-com-deficiencia-oferecem-jornada-de-meio-periodo\\\/#listItem\",\"position\":3,\"name\":\"Emprego: vagas para cuidador de crian\\u00e7a com defici\\u00eancia oferecem jornada de meio per\\u00edodo\",\"previousItem\":{\"@type\":\"ListItem\",\"@id\":\"https:\\\/\\\/www.encontrapiracicaba.com.br\\\/sobre\\\/noticias-em-piracicaba\\\/#listItem\",\"name\":\"Not\\u00edcias Piracicaba\"}}]},{\"@type\":\"Organization\",\"@id\":\"https:\\\/\\\/www.encontrapiracicaba.com.br\\\/sobre\\\/#organization\",\"name\":\"Encontra Piracicaba\",\"description\":\"Not\\u00edcias, eventos, informa\\u00e7\\u00f5es e dicas na cidade de Piracicaba e regi\\u00e3o\",\"url\":\"https:\\\/\\\/www.encontrapiracicaba.com.br\\\/sobre\\\/\"},{\"@type\":\"Person\",\"@id\":\"https:\\\/\\\/www.encontrapiracicaba.com.br\\\/sobre\\\/author\\\/epiracicaba\\\/#author\",\"url\":\"https:\\\/\\\/www.encontrapiracicaba.com.br\\\/sobre\\\/author\\\/epiracicaba\\\/\",\"name\":\"Encontra Piracicaba\",\"image\":{\"@type\":\"ImageObject\",\"@id\":\"https:\\\/\\\/www.encontrapiracicaba.com.br\\\/sobre\\\/emprego-vagas-para-cuidador-de-crianca-com-deficiencia-oferecem-jornada-de-meio-periodo\\\/#authorImage\",\"url\":\"https:\\\/\\\/secure.gravatar.com\\\/avatar\\\/507340682b8270222e1f208e23198b6ae7e2c6a1033ae84e99bc6bce4f82a387?s=96&d=mm&r=g\",\"width\":96,\"height\":96,\"caption\":\"Encontra Piracicaba\"}},{\"@type\":\"WebPage\",\"@id\":\"https:\\\/\\\/www.encontrapiracicaba.com.br\\\/sobre\\\/emprego-vagas-para-cuidador-de-crianca-com-deficiencia-oferecem-jornada-de-meio-periodo\\\/#webpage\",\"url\":\"https:\\\/\\\/www.encontrapiracicaba.com.br\\\/sobre\\\/emprego-vagas-para-cuidador-de-crianca-com-deficiencia-oferecem-jornada-de-meio-periodo\\\/\",\"name\":\"Emprego: vagas para cuidador de crian\\u00e7a com defici\\u00eancia oferecem jornada de meio per\\u00edodo | Encontra Piracicaba\",\"inLanguage\":\"pt-BR\",\"isPartOf\":{\"@id\":\"https:\\\/\\\/www.encontrapiracicaba.com.br\\\/sobre\\\/#website\"},\"breadcrumb\":{\"@id\":\"https:\\\/\\\/www.encontrapiracicaba.com.br\\\/sobre\\\/emprego-vagas-para-cuidador-de-crianca-com-deficiencia-oferecem-jornada-de-meio-periodo\\\/#breadcrumblist\"},\"author\":{\"@id\":\"https:\\\/\\\/www.encontrapiracicaba.com.br\\\/sobre\\\/author\\\/epiracicaba\\\/#author\"},\"creator\":{\"@id\":\"https:\\\/\\\/www.encontrapiracicaba.com.br\\\/sobre\\\/author\\\/epiracicaba\\\/#author\"},\"image\":{\"@type\":\"ImageObject\",\"url\":\"https:\\\/\\\/www.encontrapiracicaba.com.br\\\/sobre\\\/wp-content\\\/uploads\\\/emprego-vagas-para-cuidador-de-crianca-com-deficiencia-oferecem-jornada-de-meio-periodo.webp\",\"@id\":\"https:\\\/\\\/www.encontrapiracicaba.com.br\\\/sobre\\\/emprego-vagas-para-cuidador-de-crianca-com-deficiencia-oferecem-jornada-de-meio-periodo\\\/#mainImage\",\"width\":280,\"height\":280,\"caption\":\"vagas para cuidador de crian\\u00e7a com defici\\u00eancia\"},\"primaryImageOfPage\":{\"@id\":\"https:\\\/\\\/www.encontrapiracicaba.com.br\\\/sobre\\\/emprego-vagas-para-cuidador-de-crianca-com-deficiencia-oferecem-jornada-de-meio-periodo\\\/#mainImage\"},\"datePublished\":\"2026-03-26T11:42:35-03:00\",\"dateModified\":\"2026-03-26T11:42:35-03:00\"},{\"@type\":\"WebSite\",\"@id\":\"https:\\\/\\\/www.encontrapiracicaba.com.br\\\/sobre\\\/#website\",\"url\":\"https:\\\/\\\/www.encontrapiracicaba.com.br\\\/sobre\\\/\",\"name\":\"Encontra Piracicaba\",\"description\":\"Not\\u00edcias, eventos, informa\\u00e7\\u00f5es e dicas na cidade de Piracicaba e regi\\u00e3o\",\"inLanguage\":\"pt-BR\",\"publisher\":{\"@id\":\"https:\\\/\\\/www.encontrapiracicaba.com.br\\\/sobre\\\/#organization\"}}]}\n\t\t<\/script>\n\t\t<!-- All in One SEO -->\n\n","aioseo_head_json":{"title":"Emprego: vagas para cuidador de crian\u00e7a com defici\u00eancia oferecem jornada de meio per\u00edodo | Encontra Piracicaba","description":"","canonical_url":"https:\/\/www.encontrapiracicaba.com.br\/sobre\/emprego-vagas-para-cuidador-de-crianca-com-deficiencia-oferecem-jornada-de-meio-periodo\/","robots":"max-image-preview:large","keywords":"","webmasterTools":{"miscellaneous":""},"schema":{"@context":"https:\/\/schema.org","@graph":[{"@type":"Article","@id":"https:\/\/www.encontrapiracicaba.com.br\/sobre\/emprego-vagas-para-cuidador-de-crianca-com-deficiencia-oferecem-jornada-de-meio-periodo\/#article","name":"Emprego: vagas para cuidador de crian\u00e7a com defici\u00eancia oferecem jornada de meio per\u00edodo | Encontra Piracicaba","headline":"Emprego: vagas para cuidador de crian\u00e7a com defici\u00eancia oferecem jornada de meio per\u00edodo","author":{"@id":"https:\/\/www.encontrapiracicaba.com.br\/sobre\/author\/epiracicaba\/#author"},"publisher":{"@id":"https:\/\/www.encontrapiracicaba.com.br\/sobre\/#organization"},"image":{"@type":"ImageObject","url":"https:\/\/www.encontrapiracicaba.com.br\/sobre\/wp-content\/uploads\/emprego-vagas-para-cuidador-de-crianca-com-deficiencia-oferecem-jornada-de-meio-periodo.webp","width":280,"height":280,"caption":"vagas para cuidador de crian\u00e7a com defici\u00eancia"},"datePublished":"2026-03-26T11:42:35-03:00","dateModified":"2026-03-26T11:42:35-03:00","inLanguage":"pt-BR","mainEntityOfPage":{"@id":"https:\/\/www.encontrapiracicaba.com.br\/sobre\/emprego-vagas-para-cuidador-de-crianca-com-deficiencia-oferecem-jornada-de-meio-periodo\/#webpage"},"isPartOf":{"@id":"https:\/\/www.encontrapiracicaba.com.br\/sobre\/emprego-vagas-para-cuidador-de-crianca-com-deficiencia-oferecem-jornada-de-meio-periodo\/#webpage"},"articleSection":"Not\u00edcias Piracicaba"},{"@type":"BreadcrumbList","@id":"https:\/\/www.encontrapiracicaba.com.br\/sobre\/emprego-vagas-para-cuidador-de-crianca-com-deficiencia-oferecem-jornada-de-meio-periodo\/#breadcrumblist","itemListElement":[{"@type":"ListItem","@id":"https:\/\/www.encontrapiracicaba.com.br\/sobre#listItem","position":1,"name":"In\u00edcio","item":"https:\/\/www.encontrapiracicaba.com.br\/sobre","nextItem":{"@type":"ListItem","@id":"https:\/\/www.encontrapiracicaba.com.br\/sobre\/noticias-em-piracicaba\/#listItem","name":"Not\u00edcias Piracicaba"}},{"@type":"ListItem","@id":"https:\/\/www.encontrapiracicaba.com.br\/sobre\/noticias-em-piracicaba\/#listItem","position":2,"name":"Not\u00edcias Piracicaba","item":"https:\/\/www.encontrapiracicaba.com.br\/sobre\/noticias-em-piracicaba\/","nextItem":{"@type":"ListItem","@id":"https:\/\/www.encontrapiracicaba.com.br\/sobre\/emprego-vagas-para-cuidador-de-crianca-com-deficiencia-oferecem-jornada-de-meio-periodo\/#listItem","name":"Emprego: vagas para cuidador de crian\u00e7a com defici\u00eancia oferecem jornada de meio per\u00edodo"},"previousItem":{"@type":"ListItem","@id":"https:\/\/www.encontrapiracicaba.com.br\/sobre#listItem","name":"In\u00edcio"}},{"@type":"ListItem","@id":"https:\/\/www.encontrapiracicaba.com.br\/sobre\/emprego-vagas-para-cuidador-de-crianca-com-deficiencia-oferecem-jornada-de-meio-periodo\/#listItem","position":3,"name":"Emprego: vagas para cuidador de crian\u00e7a com defici\u00eancia oferecem jornada de meio per\u00edodo","previousItem":{"@type":"ListItem","@id":"https:\/\/www.encontrapiracicaba.com.br\/sobre\/noticias-em-piracicaba\/#listItem","name":"Not\u00edcias Piracicaba"}}]},{"@type":"Organization","@id":"https:\/\/www.encontrapiracicaba.com.br\/sobre\/#organization","name":"Encontra Piracicaba","description":"Not\u00edcias, eventos, informa\u00e7\u00f5es e dicas na cidade de Piracicaba e regi\u00e3o","url":"https:\/\/www.encontrapiracicaba.com.br\/sobre\/"},{"@type":"Person","@id":"https:\/\/www.encontrapiracicaba.com.br\/sobre\/author\/epiracicaba\/#author","url":"https:\/\/www.encontrapiracicaba.com.br\/sobre\/author\/epiracicaba\/","name":"Encontra Piracicaba","image":{"@type":"ImageObject","@id":"https:\/\/www.encontrapiracicaba.com.br\/sobre\/emprego-vagas-para-cuidador-de-crianca-com-deficiencia-oferecem-jornada-de-meio-periodo\/#authorImage","url":"https:\/\/secure.gravatar.com\/avatar\/507340682b8270222e1f208e23198b6ae7e2c6a1033ae84e99bc6bce4f82a387?s=96&d=mm&r=g","width":96,"height":96,"caption":"Encontra Piracicaba"}},{"@type":"WebPage","@id":"https:\/\/www.encontrapiracicaba.com.br\/sobre\/emprego-vagas-para-cuidador-de-crianca-com-deficiencia-oferecem-jornada-de-meio-periodo\/#webpage","url":"https:\/\/www.encontrapiracicaba.com.br\/sobre\/emprego-vagas-para-cuidador-de-crianca-com-deficiencia-oferecem-jornada-de-meio-periodo\/","name":"Emprego: vagas para cuidador de crian\u00e7a com defici\u00eancia oferecem jornada de meio per\u00edodo | Encontra Piracicaba","inLanguage":"pt-BR","isPartOf":{"@id":"https:\/\/www.encontrapiracicaba.com.br\/sobre\/#website"},"breadcrumb":{"@id":"https:\/\/www.encontrapiracicaba.com.br\/sobre\/emprego-vagas-para-cuidador-de-crianca-com-deficiencia-oferecem-jornada-de-meio-periodo\/#breadcrumblist"},"author":{"@id":"https:\/\/www.encontrapiracicaba.com.br\/sobre\/author\/epiracicaba\/#author"},"creator":{"@id":"https:\/\/www.encontrapiracicaba.com.br\/sobre\/author\/epiracicaba\/#author"},"image":{"@type":"ImageObject","url":"https:\/\/www.encontrapiracicaba.com.br\/sobre\/wp-content\/uploads\/emprego-vagas-para-cuidador-de-crianca-com-deficiencia-oferecem-jornada-de-meio-periodo.webp","@id":"https:\/\/www.encontrapiracicaba.com.br\/sobre\/emprego-vagas-para-cuidador-de-crianca-com-deficiencia-oferecem-jornada-de-meio-periodo\/#mainImage","width":280,"height":280,"caption":"vagas para cuidador de crian\u00e7a com defici\u00eancia"},"primaryImageOfPage":{"@id":"https:\/\/www.encontrapiracicaba.com.br\/sobre\/emprego-vagas-para-cuidador-de-crianca-com-deficiencia-oferecem-jornada-de-meio-periodo\/#mainImage"},"datePublished":"2026-03-26T11:42:35-03:00","dateModified":"2026-03-26T11:42:35-03:00"},{"@type":"WebSite","@id":"https:\/\/www.encontrapiracicaba.com.br\/sobre\/#website","url":"https:\/\/www.encontrapiracicaba.com.br\/sobre\/","name":"Encontra Piracicaba","description":"Not\u00edcias, eventos, informa\u00e7\u00f5es e dicas na cidade de Piracicaba e regi\u00e3o","inLanguage":"pt-BR","publisher":{"@id":"https:\/\/www.encontrapiracicaba.com.br\/sobre\/#organization"}}]},"og:locale":"pt_BR","og:site_name":"Encontra Piracicaba | Not\u00edcias, eventos, informa\u00e7\u00f5es e dicas na cidade de Piracicaba e regi\u00e3o","og:type":"article","og:title":"Emprego: vagas para cuidador de crian\u00e7a com defici\u00eancia oferecem jornada de meio per\u00edodo | Encontra Piracicaba","og:url":"https:\/\/www.encontrapiracicaba.com.br\/sobre\/emprego-vagas-para-cuidador-de-crianca-com-deficiencia-oferecem-jornada-de-meio-periodo\/","article:published_time":"2026-03-26T14:42:35+00:00","article:modified_time":"2026-03-26T14:42:35+00:00","twitter:card":"summary","twitter:title":"Emprego: vagas para cuidador de crian\u00e7a com defici\u00eancia oferecem jornada de meio per\u00edodo | Encontra Piracicaba"},"aioseo_meta_data":{"post_id":"4331","title":null,"description":null,"keywords":null,"keyphrases":null,"primary_term":null,"canonical_url":null,"og_title":null,"og_description":null,"og_object_type":"default","og_image_type":"default","og_image_url":null,"og_image_width":null,"og_image_height":null,"og_image_custom_url":null,"og_image_custom_fields":null,"og_video":null,"og_custom_url":null,"og_article_section":null,"og_article_tags":null,"twitter_use_og":false,"twitter_card":"default","twitter_image_type":"default","twitter_image_url":null,"twitter_image_custom_url":null,"twitter_image_custom_fields":null,"twitter_title":null,"twitter_description":null,"schema":{"blockGraphs":[],"customGraphs":[],"default":{"data":{"Article":[],"Course":[],"Dataset":[],"FAQPage":[],"Movie":[],"Person":[],"Product":[],"ProductReview":[],"Car":[],"Recipe":[],"Service":[],"SoftwareApplication":[],"WebPage":[]},"graphName":"Article","isEnabled":true},"graphs":[]},"schema_type":"default","schema_type_options":null,"pillar_content":false,"robots_default":true,"robots_noindex":false,"robots_noarchive":false,"robots_nosnippet":false,"robots_nofollow":false,"robots_noimageindex":false,"robots_noodp":false,"robots_notranslate":false,"robots_max_snippet":null,"robots_max_videopreview":null,"robots_max_imagepreview":"large","priority":null,"frequency":null,"local_seo":null,"breadcrumb_settings":null,"limit_modified_date":false,"ai":null,"created":"2026-03-26 14:42:40","updated":"2026-03-26 14:50:40","focus_keyword":null,"additional_keywords":null,"truseo_locale":null,"seo_analyzer_scan_date":null},"aioseo_breadcrumb":"<div class=\"aioseo-breadcrumbs\"><span class=\"aioseo-breadcrumb\">\n\t\t\t<a href=\"https:\/\/www.encontrapiracicaba.com.br\/sobre\" title=\"In\u00edcio\">In\u00edcio<\/a>\n\t\t<\/span><span class=\"aioseo-breadcrumb-separator\">&raquo;<\/span><span class=\"aioseo-breadcrumb\">\n\t\t\t<a href=\"https:\/\/www.encontrapiracicaba.com.br\/sobre\/noticias-em-piracicaba\/\" title=\"Not\u00edcias Piracicaba\">Not\u00edcias Piracicaba<\/a>\n\t\t<\/span><span class=\"aioseo-breadcrumb-separator\">&raquo;<\/span><span class=\"aioseo-breadcrumb\">\n\t\t\tEmprego: vagas para cuidador de crian\u00e7a com defici\u00eancia oferecem jornada de meio per\u00edodo\n\t\t<\/span><\/div>","aioseo_breadcrumb_json":[{"label":"In\u00edcio","link":"https:\/\/www.encontrapiracicaba.com.br\/sobre"},{"label":"Not\u00edcias Piracicaba","link":"https:\/\/www.encontrapiracicaba.com.br\/sobre\/noticias-em-piracicaba\/"},{"label":"Emprego: vagas para cuidador de crian\u00e7a com defici\u00eancia oferecem jornada de meio per\u00edodo","link":"https:\/\/www.encontrapiracicaba.com.br\/sobre\/emprego-vagas-para-cuidador-de-crianca-com-deficiencia-oferecem-jornada-de-meio-periodo\/"}],"_links":{"self":[{"href":"https:\/\/www.encontrapiracicaba.com.br\/sobre\/wp-json\/wp\/v2\/posts\/4331","targetHints":{"allow":["GET"]}}],"collection":[{"href":"https:\/\/www.encontrapiracicaba.com.br\/sobre\/wp-json\/wp\/v2\/posts"}],"about":[{"href":"https:\/\/www.encontrapiracicaba.com.br\/sobre\/wp-json\/wp\/v2\/types\/post"}],"author":[{"embeddable":true,"href":"https:\/\/www.encontrapiracicaba.com.br\/sobre\/wp-json\/wp\/v2\/users\/1"}],"replies":[{"embeddable":true,"href":"https:\/\/www.encontrapiracicaba.com.br\/sobre\/wp-json\/wp\/v2\/comments?post=4331"}],"version-history":[{"count":0,"href":"https:\/\/www.encontrapiracicaba.com.br\/sobre\/wp-json\/wp\/v2\/posts\/4331\/revisions"}],"wp:featuredmedia":[{"embeddable":true,"href":"https:\/\/www.encontrapiracicaba.com.br\/sobre\/wp-json\/wp\/v2\/media\/4330"}],"wp:attachment":[{"href":"https:\/\/www.encontrapiracicaba.com.br\/sobre\/wp-json\/wp\/v2\/media?parent=4331"}],"wp:term":[{"taxonomy":"category","embeddable":true,"href":"https:\/\/www.encontrapiracicaba.com.br\/sobre\/wp-json\/wp\/v2\/categories?post=4331"},{"taxonomy":"post_tag","embeddable":true,"href":"https:\/\/www.encontrapiracicaba.com.br\/sobre\/wp-json\/wp\/v2\/tags?post=4331"}],"curies":[{"name":"wp","href":"https:\/\/api.w.org\/{rel}","templated":true}]}}