{"id":4383,"date":"2026-04-05T11:55:43","date_gmt":"2026-04-05T14:55:43","guid":{"rendered":"https:\/\/www.encontrapiracicaba.com.br\/sobre\/semana-fria-e-chuvosa-regiao-de-piracicaba-pode-ter-volumes-de-100-milimetros-termometros-em-22oc-e-ventos-veja-previsao\/"},"modified":"2026-04-05T11:55:43","modified_gmt":"2026-04-05T14:55:43","slug":"semana-fria-e-chuvosa-regiao-de-piracicaba-pode-ter-volumes-de-100-milimetros-termometros-em-22oc-e-ventos-veja-previsao","status":"publish","type":"post","link":"https:\/\/www.encontrapiracicaba.com.br\/sobre\/semana-fria-e-chuvosa-regiao-de-piracicaba-pode-ter-volumes-de-100-milimetros-termometros-em-22oc-e-ventos-veja-previsao\/","title":{"rendered":"Semana fria e chuvosa? Regi\u00e3o de Piracicaba pode ter volumes de 100 mil\u00edmetros, term\u00f4metros em 22\u00baC e ventos; veja previs\u00e3o"},"content":{"rendered":"<div class=\"85df007ed5c0c4d4b453fd13a37855e8\" data-index=\"1\" style=\"float: none; margin:0px;\">\n<!-- Anuncio display - global -->\r\n<ins class=\"adsbygoogle\"\r\n     style=\"display:block\"\r\n     data-ad-client=\"ca-pub-8585364105181520\"\r\n     data-ad-slot=\"8789329856\"\r\n     data-ad-format=\"auto\"\r\n     data-full-width-responsive=\"true\"><\/ins>\r\n<script>\r\n     (adsbygoogle = window.adsbygoogle || []).push({});\r\n<\/script>\n<\/div>\n<h2>Alerta Meteorol\u00f3gico: O que Esperar<\/h2>\n<p>A regi\u00e3o de Piracicaba enfrenta um per\u00edodo de clima inst\u00e1vel, com a previs\u00e3o de chuvas intensas nos pr\u00f3ximos dias. O Instituto Nacional de Meteorologia (Inmet) j\u00e1 emitiu um alerta laranja, indicando a possibilidade de precipita\u00e7\u00f5es que podem variar entre 50 e 100 mil\u00edmetros por dia. Esse fen\u00f4meno \u00e9 esperado para afetar a regi\u00e3o, resultando em um aumento significativo no volume de chuvas e temperaturas que n\u00e3o devem ultrapassar os 25\u00b0C.<\/p>\n<h2>Temperaturas em Queda: M\u00ednimas e M\u00e1ximas Previstos<\/h2>\n<p>Nos dias 10 e 11 de mar\u00e7o, as temperaturas em Piracicaba devem oscilar entre 19\u00b0C e 25\u00b0C, com expectativa de queda nas m\u00e1ximas chegando a 22\u00b0C a partir do dia 11. Em outros munic\u00edpios pr\u00f3ximos, como Limeira, a varia\u00e7\u00e3o de temperatura ser\u00e1 entre 19\u00b0C e 22\u00b0C. Os moradores devem se preparar para um clima consideravelmente mais ameno e \u00famido nos pr\u00f3ximos dias.<\/p>\n<h2>Impactos das Chuvas na Regi\u00e3o<\/h2>\n<p>As fortes chuvas podem acarretar diversos impactos, incluindo: alagamentos e transbordamentos de rios, al\u00e9m de deslizamentos de terra. Especialistas alertam que chuvas acumuladas superiores a 10 mm por dia j\u00e1 s\u00e3o consideradas intensas, e a previs\u00e3o aponta para acumulados que podem facilmente atingir a casa dos 100 mm em algumas \u00e1reas. Por isso, a popula\u00e7\u00e3o deve estar atenta e preparada.<\/p>\n<p><img decoding=\"async\" src=\"https:\/\/www.encontrapiracicaba.com.br\/sobre\/wp-content\/uploads\/semana-fria-e-chuvosa-regiao-de-piracicaba-pode-ter-volumes-de-100-milimetros-termometros-em-22-c-e-.webp\" alt=\"previs\u00e3o do tempo em Piracicaba\" loading=\"lazy\" \/><\/p>\n<h2>Cuidados a Ter Durante a Chuva Intensa<\/h2>\n<p>Durante as chuvas intensas, \u00e9 fundamental que os moradores tomem precau\u00e7\u00f5es para evitar situa\u00e7\u00f5es de risco. Algumas recomenda\u00e7\u00f5es incluem:<\/p>\n<ul>\n<li>N\u00e3o transitar por \u00e1reas alagadas;<\/li>\n<li>Evitar estacionar ve\u00edculos pr\u00f3ximos a \u00e1rvores ou estruturas que possam cair;<\/li>\n<li>Desligar aparelhos el\u00e9tricos para evitar quedas de energia;<\/li>\n<li>Ficar alerta \u00e0s avisos da Defesa Civil e do Corpo de Bombeiros.<\/li>\n<\/ul>\n<h2>Fen\u00f4menos Meteorol\u00f3gicos em Piracicaba<\/h2>\n<p>Um dos fatores que contribuem para esse clima inst\u00e1vel \u00e9 a presen\u00e7a de um &#8220;cavado&#8221;, um fen\u00f4meno atmosf\u00e9rico de baixa press\u00e3o que pode influenciar a ocorr\u00eancia de chuvas e ventos fortes. Esse sistema \u00e9 conhecido por provocar mudan\u00e7as abruptas no tempo, levando \u00e0 forma\u00e7\u00e3o de chuvas em grande volume em um curto per\u00edodo.<\/p>\n<h2>Como se Preparar para o Frio e a Chuva<\/h2>\n<p>Al\u00e9m de se preparar para as chuvas intensas, a popula\u00e7\u00e3o deve tamb\u00e9m se atentar \u00e0s baixas temperaturas que acompanhar\u00e3o esse mau tempo. Algumas medidas que podem ser adotadas incluem:<\/p>\n<ul>\n<li>Usar roupas adequadas para o frio, evitando expor o corpo ao clima gelado;<\/li>\n<li>Manter aquecedores prontos e em funcionamento nas resid\u00eancias;<\/li>\n<li>Garantir que as casas tenham boa veda\u00e7\u00e3o para evitar a entrada de ar frio;<\/li>\n<li>Verificar a condi\u00e7\u00e3o de telhados e calhas para evitar infiltra\u00e7\u00f5es e alagamentos.<\/li>\n<\/ul>\n<h2>Mudan\u00e7as Clim\u00e1ticas: O Que Est\u00e1 Acontecendo?<\/h2>\n<p>A mudan\u00e7a clim\u00e1tica global est\u00e1 ocasionando padr\u00f5es clim\u00e1ticos mais extremos em v\u00e1rios locais, incluindo Piracicaba. As altera\u00e7\u00f5es nos padr\u00f5es de temperatura e precipita\u00e7\u00e3o s\u00e3o influenciadas por atividades humanas, resultando em eventos clim\u00e1ticos mais severos. Esta \u00e9 uma realidade crescente que deve ser observada, especialmente em rela\u00e7\u00e3o \u00e0 frequ\u00eancia e intensidade das chuvas na regi\u00e3o.<\/p>\n<h2>A Import\u00e2ncia de Ativar Alertas de Emerg\u00eancia<\/h2>\n<p>Receber alertas constantes sobre as condi\u00e7\u00f5es clim\u00e1ticas \u00e9 crucial. A popula\u00e7\u00e3o pode utilizar servi\u00e7os dispon\u00edveis, como enviar um SMS com o CEP para 40199, a fim de receber notifica\u00e7\u00f5es de emerg\u00eancias e alertas meteorol\u00f3gicos. Estar bem informado pode fazer a diferen\u00e7a em saber como agir rapidamente em situa\u00e7\u00f5es de risco.<\/p>\n<h2>Recomenda\u00e7\u00f5es da Defesa Civil<\/h2>\n<p>A Defesa Civil recomenda aten\u00e7\u00e3o \u00e0s informa\u00e7\u00f5es meteorol\u00f3gicas dispon\u00edveis e seguir as orienta\u00e7\u00f5es que visam a seguran\u00e7a da popula\u00e7\u00e3o. Caso ocorra um evento de alagamento ou outros desastres naturais, os n\u00fameros da Defesa Civil (199) e Corpo de Bombeiros (193) devem ser contatados imediatamente.<\/p>\n<h2>O Que os Meteorologistas Est\u00e3o Dizendo?<\/h2>\n<p>Os meteorologistas est\u00e3o monitorando continuamente a situa\u00e7\u00e3o clim\u00e1tica da regi\u00e3o e alertam que a popula\u00e7\u00e3o deve se preparar para um per\u00edodo prolongado de chuvas intensas. O acompanhamento feito por \u00f3rg\u00e3os oficiais, como o Inmet, \u00e9 essencial para fornecer informa\u00e7\u00f5es atualizadas e relevantes sobre mudan\u00e7as nas condi\u00e7\u00f5es do tempo.<\/p>\n\n<div style=\"font-size: 0px; height: 0px; line-height: 0px; margin: 0; padding: 0; clear: both;\"><\/div>","protected":false},"excerpt":{"rendered":"<p>Previs\u00e3o do tempo em Piracicaba indica chuvas intensas e queda de temperatura nos pr\u00f3ximos dias.<\/p>\n","protected":false},"author":1,"featured_media":4382,"comment_status":"closed","ping_status":"closed","sticky":false,"template":"","format":"standard","meta":{"footnotes":""},"categories":[6],"tags":[],"class_list":["post-4383","post","type-post","status-publish","format-standard","has-post-thumbnail","hentry","category-noticias-em-piracicaba","has_thumb"],"aioseo_notices":[],"aioseo_head":"\n\t\t<!-- All in One SEO 5.0.0.1 - aioseo.com -->\n\t<meta name=\"robots\" content=\"max-image-preview:large\" \/>\n\t<meta name=\"author\" content=\"Encontra Piracicaba\"\/>\n\t<link rel=\"canonical\" href=\"https:\/\/www.encontrapiracicaba.com.br\/sobre\/semana-fria-e-chuvosa-regiao-de-piracicaba-pode-ter-volumes-de-100-milimetros-termometros-em-22oc-e-ventos-veja-previsao\/\" \/>\n\t<meta name=\"generator\" content=\"All in One SEO (AIOSEO) 5.0.0.1\" \/>\n\t\t<meta property=\"og:locale\" content=\"pt_BR\" \/>\n\t\t<meta property=\"og:site_name\" content=\"Encontra Piracicaba | Not\u00edcias, eventos, informa\u00e7\u00f5es e dicas na cidade de Piracicaba e regi\u00e3o\" \/>\n\t\t<meta property=\"og:type\" content=\"article\" \/>\n\t\t<meta property=\"og:title\" content=\"Semana fria e chuvosa? Regi\u00e3o de Piracicaba pode ter volumes de 100 mil\u00edmetros, term\u00f4metros em 22\u00baC e ventos; veja previs\u00e3o | Encontra Piracicaba\" \/>\n\t\t<meta property=\"og:url\" content=\"https:\/\/www.encontrapiracicaba.com.br\/sobre\/semana-fria-e-chuvosa-regiao-de-piracicaba-pode-ter-volumes-de-100-milimetros-termometros-em-22oc-e-ventos-veja-previsao\/\" \/>\n\t\t<meta property=\"article:published_time\" content=\"2026-04-05T14:55:43+00:00\" \/>\n\t\t<meta property=\"article:modified_time\" content=\"2026-04-05T14:55:43+00:00\" \/>\n\t\t<meta name=\"twitter:card\" content=\"summary\" \/>\n\t\t<meta name=\"twitter:title\" content=\"Semana fria e chuvosa? Regi\u00e3o de Piracicaba pode ter volumes de 100 mil\u00edmetros, term\u00f4metros em 22\u00baC e ventos; veja previs\u00e3o | Encontra Piracicaba\" \/>\n\t\t<script type=\"application\/ld+json\" class=\"aioseo-schema\">\n\t\t\t{\"@context\":\"https:\\\/\\\/schema.org\",\"@graph\":[{\"@type\":\"Article\",\"@id\":\"https:\\\/\\\/www.encontrapiracicaba.com.br\\\/sobre\\\/semana-fria-e-chuvosa-regiao-de-piracicaba-pode-ter-volumes-de-100-milimetros-termometros-em-22oc-e-ventos-veja-previsao\\\/#article\",\"name\":\"Semana fria e chuvosa? Regi\\u00e3o de Piracicaba pode ter volumes de 100 mil\\u00edmetros, term\\u00f4metros em 22\\u00baC e ventos; veja previs\\u00e3o | Encontra Piracicaba\",\"headline\":\"Semana fria e chuvosa? Regi\\u00e3o de Piracicaba pode ter volumes de 100 mil\\u00edmetros, term\\u00f4metros em 22\\u00baC e ventos; veja previs\\u00e3o\",\"author\":{\"@id\":\"https:\\\/\\\/www.encontrapiracicaba.com.br\\\/sobre\\\/author\\\/epiracicaba\\\/#author\"},\"publisher\":{\"@id\":\"https:\\\/\\\/www.encontrapiracicaba.com.br\\\/sobre\\\/#organization\"},\"image\":{\"@type\":\"ImageObject\",\"url\":\"https:\\\/\\\/www.encontrapiracicaba.com.br\\\/sobre\\\/wp-content\\\/uploads\\\/semana-fria-e-chuvosa-regiao-de-piracicaba-pode-ter-volumes-de-100-milimetros-termometros-em-22-c-e-.webp\",\"width\":280,\"height\":280,\"caption\":\"previs\\u00e3o do tempo em Piracicaba\"},\"datePublished\":\"2026-04-05T11:55:43-03:00\",\"dateModified\":\"2026-04-05T11:55:43-03:00\",\"inLanguage\":\"pt-BR\",\"mainEntityOfPage\":{\"@id\":\"https:\\\/\\\/www.encontrapiracicaba.com.br\\\/sobre\\\/semana-fria-e-chuvosa-regiao-de-piracicaba-pode-ter-volumes-de-100-milimetros-termometros-em-22oc-e-ventos-veja-previsao\\\/#webpage\"},\"isPartOf\":{\"@id\":\"https:\\\/\\\/www.encontrapiracicaba.com.br\\\/sobre\\\/semana-fria-e-chuvosa-regiao-de-piracicaba-pode-ter-volumes-de-100-milimetros-termometros-em-22oc-e-ventos-veja-previsao\\\/#webpage\"},\"articleSection\":\"Not\\u00edcias Piracicaba\"},{\"@type\":\"BreadcrumbList\",\"@id\":\"https:\\\/\\\/www.encontrapiracicaba.com.br\\\/sobre\\\/semana-fria-e-chuvosa-regiao-de-piracicaba-pode-ter-volumes-de-100-milimetros-termometros-em-22oc-e-ventos-veja-previsao\\\/#breadcrumblist\",\"itemListElement\":[{\"@type\":\"ListItem\",\"@id\":\"https:\\\/\\\/www.encontrapiracicaba.com.br\\\/sobre#listItem\",\"position\":1,\"name\":\"In\\u00edcio\",\"item\":\"https:\\\/\\\/www.encontrapiracicaba.com.br\\\/sobre\",\"nextItem\":{\"@type\":\"ListItem\",\"@id\":\"https:\\\/\\\/www.encontrapiracicaba.com.br\\\/sobre\\\/noticias-em-piracicaba\\\/#listItem\",\"name\":\"Not\\u00edcias Piracicaba\"}},{\"@type\":\"ListItem\",\"@id\":\"https:\\\/\\\/www.encontrapiracicaba.com.br\\\/sobre\\\/noticias-em-piracicaba\\\/#listItem\",\"position\":2,\"name\":\"Not\\u00edcias Piracicaba\",\"item\":\"https:\\\/\\\/www.encontrapiracicaba.com.br\\\/sobre\\\/noticias-em-piracicaba\\\/\",\"nextItem\":{\"@type\":\"ListItem\",\"@id\":\"https:\\\/\\\/www.encontrapiracicaba.com.br\\\/sobre\\\/semana-fria-e-chuvosa-regiao-de-piracicaba-pode-ter-volumes-de-100-milimetros-termometros-em-22oc-e-ventos-veja-previsao\\\/#listItem\",\"name\":\"Semana fria e chuvosa? Regi\\u00e3o de Piracicaba pode ter volumes de 100 mil\\u00edmetros, term\\u00f4metros em 22\\u00baC e ventos; veja previs\\u00e3o\"},\"previousItem\":{\"@type\":\"ListItem\",\"@id\":\"https:\\\/\\\/www.encontrapiracicaba.com.br\\\/sobre#listItem\",\"name\":\"In\\u00edcio\"}},{\"@type\":\"ListItem\",\"@id\":\"https:\\\/\\\/www.encontrapiracicaba.com.br\\\/sobre\\\/semana-fria-e-chuvosa-regiao-de-piracicaba-pode-ter-volumes-de-100-milimetros-termometros-em-22oc-e-ventos-veja-previsao\\\/#listItem\",\"position\":3,\"name\":\"Semana fria e chuvosa? Regi\\u00e3o de Piracicaba pode ter volumes de 100 mil\\u00edmetros, term\\u00f4metros em 22\\u00baC e ventos; veja previs\\u00e3o\",\"previousItem\":{\"@type\":\"ListItem\",\"@id\":\"https:\\\/\\\/www.encontrapiracicaba.com.br\\\/sobre\\\/noticias-em-piracicaba\\\/#listItem\",\"name\":\"Not\\u00edcias Piracicaba\"}}]},{\"@type\":\"Organization\",\"@id\":\"https:\\\/\\\/www.encontrapiracicaba.com.br\\\/sobre\\\/#organization\",\"name\":\"Encontra Piracicaba\",\"description\":\"Not\\u00edcias, eventos, informa\\u00e7\\u00f5es e dicas na cidade de Piracicaba e regi\\u00e3o\",\"url\":\"https:\\\/\\\/www.encontrapiracicaba.com.br\\\/sobre\\\/\"},{\"@type\":\"Person\",\"@id\":\"https:\\\/\\\/www.encontrapiracicaba.com.br\\\/sobre\\\/author\\\/epiracicaba\\\/#author\",\"url\":\"https:\\\/\\\/www.encontrapiracicaba.com.br\\\/sobre\\\/author\\\/epiracicaba\\\/\",\"name\":\"Encontra Piracicaba\",\"image\":{\"@type\":\"ImageObject\",\"@id\":\"https:\\\/\\\/www.encontrapiracicaba.com.br\\\/sobre\\\/semana-fria-e-chuvosa-regiao-de-piracicaba-pode-ter-volumes-de-100-milimetros-termometros-em-22oc-e-ventos-veja-previsao\\\/#authorImage\",\"url\":\"https:\\\/\\\/secure.gravatar.com\\\/avatar\\\/507340682b8270222e1f208e23198b6ae7e2c6a1033ae84e99bc6bce4f82a387?s=96&d=mm&r=g\",\"width\":96,\"height\":96,\"caption\":\"Encontra Piracicaba\"}},{\"@type\":\"WebPage\",\"@id\":\"https:\\\/\\\/www.encontrapiracicaba.com.br\\\/sobre\\\/semana-fria-e-chuvosa-regiao-de-piracicaba-pode-ter-volumes-de-100-milimetros-termometros-em-22oc-e-ventos-veja-previsao\\\/#webpage\",\"url\":\"https:\\\/\\\/www.encontrapiracicaba.com.br\\\/sobre\\\/semana-fria-e-chuvosa-regiao-de-piracicaba-pode-ter-volumes-de-100-milimetros-termometros-em-22oc-e-ventos-veja-previsao\\\/\",\"name\":\"Semana fria e chuvosa? Regi\\u00e3o de Piracicaba pode ter volumes de 100 mil\\u00edmetros, term\\u00f4metros em 22\\u00baC e ventos; veja previs\\u00e3o | Encontra Piracicaba\",\"inLanguage\":\"pt-BR\",\"isPartOf\":{\"@id\":\"https:\\\/\\\/www.encontrapiracicaba.com.br\\\/sobre\\\/#website\"},\"breadcrumb\":{\"@id\":\"https:\\\/\\\/www.encontrapiracicaba.com.br\\\/sobre\\\/semana-fria-e-chuvosa-regiao-de-piracicaba-pode-ter-volumes-de-100-milimetros-termometros-em-22oc-e-ventos-veja-previsao\\\/#breadcrumblist\"},\"author\":{\"@id\":\"https:\\\/\\\/www.encontrapiracicaba.com.br\\\/sobre\\\/author\\\/epiracicaba\\\/#author\"},\"creator\":{\"@id\":\"https:\\\/\\\/www.encontrapiracicaba.com.br\\\/sobre\\\/author\\\/epiracicaba\\\/#author\"},\"image\":{\"@type\":\"ImageObject\",\"url\":\"https:\\\/\\\/www.encontrapiracicaba.com.br\\\/sobre\\\/wp-content\\\/uploads\\\/semana-fria-e-chuvosa-regiao-de-piracicaba-pode-ter-volumes-de-100-milimetros-termometros-em-22-c-e-.webp\",\"@id\":\"https:\\\/\\\/www.encontrapiracicaba.com.br\\\/sobre\\\/semana-fria-e-chuvosa-regiao-de-piracicaba-pode-ter-volumes-de-100-milimetros-termometros-em-22oc-e-ventos-veja-previsao\\\/#mainImage\",\"width\":280,\"height\":280,\"caption\":\"previs\\u00e3o do tempo em Piracicaba\"},\"primaryImageOfPage\":{\"@id\":\"https:\\\/\\\/www.encontrapiracicaba.com.br\\\/sobre\\\/semana-fria-e-chuvosa-regiao-de-piracicaba-pode-ter-volumes-de-100-milimetros-termometros-em-22oc-e-ventos-veja-previsao\\\/#mainImage\"},\"datePublished\":\"2026-04-05T11:55:43-03:00\",\"dateModified\":\"2026-04-05T11:55:43-03:00\"},{\"@type\":\"WebSite\",\"@id\":\"https:\\\/\\\/www.encontrapiracicaba.com.br\\\/sobre\\\/#website\",\"url\":\"https:\\\/\\\/www.encontrapiracicaba.com.br\\\/sobre\\\/\",\"name\":\"Encontra Piracicaba\",\"description\":\"Not\\u00edcias, eventos, informa\\u00e7\\u00f5es e dicas na cidade de Piracicaba e regi\\u00e3o\",\"inLanguage\":\"pt-BR\",\"publisher\":{\"@id\":\"https:\\\/\\\/www.encontrapiracicaba.com.br\\\/sobre\\\/#organization\"}}]}\n\t\t<\/script>\n\t\t<!-- All in One SEO -->\n\n","aioseo_head_json":{"title":"Semana fria e chuvosa? Regi\u00e3o de Piracicaba pode ter volumes de 100 mil\u00edmetros, term\u00f4metros em 22\u00baC e ventos; veja previs\u00e3o | Encontra Piracicaba","description":"","canonical_url":"https:\/\/www.encontrapiracicaba.com.br\/sobre\/semana-fria-e-chuvosa-regiao-de-piracicaba-pode-ter-volumes-de-100-milimetros-termometros-em-22oc-e-ventos-veja-previsao\/","robots":"max-image-preview:large","keywords":"","webmasterTools":{"miscellaneous":""},"schema":{"@context":"https:\/\/schema.org","@graph":[{"@type":"Article","@id":"https:\/\/www.encontrapiracicaba.com.br\/sobre\/semana-fria-e-chuvosa-regiao-de-piracicaba-pode-ter-volumes-de-100-milimetros-termometros-em-22oc-e-ventos-veja-previsao\/#article","name":"Semana fria e chuvosa? Regi\u00e3o de Piracicaba pode ter volumes de 100 mil\u00edmetros, term\u00f4metros em 22\u00baC e ventos; veja previs\u00e3o | Encontra Piracicaba","headline":"Semana fria e chuvosa? Regi\u00e3o de Piracicaba pode ter volumes de 100 mil\u00edmetros, term\u00f4metros em 22\u00baC e ventos; veja previs\u00e3o","author":{"@id":"https:\/\/www.encontrapiracicaba.com.br\/sobre\/author\/epiracicaba\/#author"},"publisher":{"@id":"https:\/\/www.encontrapiracicaba.com.br\/sobre\/#organization"},"image":{"@type":"ImageObject","url":"https:\/\/www.encontrapiracicaba.com.br\/sobre\/wp-content\/uploads\/semana-fria-e-chuvosa-regiao-de-piracicaba-pode-ter-volumes-de-100-milimetros-termometros-em-22-c-e-.webp","width":280,"height":280,"caption":"previs\u00e3o do tempo em Piracicaba"},"datePublished":"2026-04-05T11:55:43-03:00","dateModified":"2026-04-05T11:55:43-03:00","inLanguage":"pt-BR","mainEntityOfPage":{"@id":"https:\/\/www.encontrapiracicaba.com.br\/sobre\/semana-fria-e-chuvosa-regiao-de-piracicaba-pode-ter-volumes-de-100-milimetros-termometros-em-22oc-e-ventos-veja-previsao\/#webpage"},"isPartOf":{"@id":"https:\/\/www.encontrapiracicaba.com.br\/sobre\/semana-fria-e-chuvosa-regiao-de-piracicaba-pode-ter-volumes-de-100-milimetros-termometros-em-22oc-e-ventos-veja-previsao\/#webpage"},"articleSection":"Not\u00edcias Piracicaba"},{"@type":"BreadcrumbList","@id":"https:\/\/www.encontrapiracicaba.com.br\/sobre\/semana-fria-e-chuvosa-regiao-de-piracicaba-pode-ter-volumes-de-100-milimetros-termometros-em-22oc-e-ventos-veja-previsao\/#breadcrumblist","itemListElement":[{"@type":"ListItem","@id":"https:\/\/www.encontrapiracicaba.com.br\/sobre#listItem","position":1,"name":"In\u00edcio","item":"https:\/\/www.encontrapiracicaba.com.br\/sobre","nextItem":{"@type":"ListItem","@id":"https:\/\/www.encontrapiracicaba.com.br\/sobre\/noticias-em-piracicaba\/#listItem","name":"Not\u00edcias Piracicaba"}},{"@type":"ListItem","@id":"https:\/\/www.encontrapiracicaba.com.br\/sobre\/noticias-em-piracicaba\/#listItem","position":2,"name":"Not\u00edcias Piracicaba","item":"https:\/\/www.encontrapiracicaba.com.br\/sobre\/noticias-em-piracicaba\/","nextItem":{"@type":"ListItem","@id":"https:\/\/www.encontrapiracicaba.com.br\/sobre\/semana-fria-e-chuvosa-regiao-de-piracicaba-pode-ter-volumes-de-100-milimetros-termometros-em-22oc-e-ventos-veja-previsao\/#listItem","name":"Semana fria e chuvosa? Regi\u00e3o de Piracicaba pode ter volumes de 100 mil\u00edmetros, term\u00f4metros em 22\u00baC e ventos; veja previs\u00e3o"},"previousItem":{"@type":"ListItem","@id":"https:\/\/www.encontrapiracicaba.com.br\/sobre#listItem","name":"In\u00edcio"}},{"@type":"ListItem","@id":"https:\/\/www.encontrapiracicaba.com.br\/sobre\/semana-fria-e-chuvosa-regiao-de-piracicaba-pode-ter-volumes-de-100-milimetros-termometros-em-22oc-e-ventos-veja-previsao\/#listItem","position":3,"name":"Semana fria e chuvosa? Regi\u00e3o de Piracicaba pode ter volumes de 100 mil\u00edmetros, term\u00f4metros em 22\u00baC e ventos; veja previs\u00e3o","previousItem":{"@type":"ListItem","@id":"https:\/\/www.encontrapiracicaba.com.br\/sobre\/noticias-em-piracicaba\/#listItem","name":"Not\u00edcias Piracicaba"}}]},{"@type":"Organization","@id":"https:\/\/www.encontrapiracicaba.com.br\/sobre\/#organization","name":"Encontra Piracicaba","description":"Not\u00edcias, eventos, informa\u00e7\u00f5es e dicas na cidade de Piracicaba e regi\u00e3o","url":"https:\/\/www.encontrapiracicaba.com.br\/sobre\/"},{"@type":"Person","@id":"https:\/\/www.encontrapiracicaba.com.br\/sobre\/author\/epiracicaba\/#author","url":"https:\/\/www.encontrapiracicaba.com.br\/sobre\/author\/epiracicaba\/","name":"Encontra Piracicaba","image":{"@type":"ImageObject","@id":"https:\/\/www.encontrapiracicaba.com.br\/sobre\/semana-fria-e-chuvosa-regiao-de-piracicaba-pode-ter-volumes-de-100-milimetros-termometros-em-22oc-e-ventos-veja-previsao\/#authorImage","url":"https:\/\/secure.gravatar.com\/avatar\/507340682b8270222e1f208e23198b6ae7e2c6a1033ae84e99bc6bce4f82a387?s=96&d=mm&r=g","width":96,"height":96,"caption":"Encontra Piracicaba"}},{"@type":"WebPage","@id":"https:\/\/www.encontrapiracicaba.com.br\/sobre\/semana-fria-e-chuvosa-regiao-de-piracicaba-pode-ter-volumes-de-100-milimetros-termometros-em-22oc-e-ventos-veja-previsao\/#webpage","url":"https:\/\/www.encontrapiracicaba.com.br\/sobre\/semana-fria-e-chuvosa-regiao-de-piracicaba-pode-ter-volumes-de-100-milimetros-termometros-em-22oc-e-ventos-veja-previsao\/","name":"Semana fria e chuvosa? Regi\u00e3o de Piracicaba pode ter volumes de 100 mil\u00edmetros, term\u00f4metros em 22\u00baC e ventos; veja previs\u00e3o | Encontra Piracicaba","inLanguage":"pt-BR","isPartOf":{"@id":"https:\/\/www.encontrapiracicaba.com.br\/sobre\/#website"},"breadcrumb":{"@id":"https:\/\/www.encontrapiracicaba.com.br\/sobre\/semana-fria-e-chuvosa-regiao-de-piracicaba-pode-ter-volumes-de-100-milimetros-termometros-em-22oc-e-ventos-veja-previsao\/#breadcrumblist"},"author":{"@id":"https:\/\/www.encontrapiracicaba.com.br\/sobre\/author\/epiracicaba\/#author"},"creator":{"@id":"https:\/\/www.encontrapiracicaba.com.br\/sobre\/author\/epiracicaba\/#author"},"image":{"@type":"ImageObject","url":"https:\/\/www.encontrapiracicaba.com.br\/sobre\/wp-content\/uploads\/semana-fria-e-chuvosa-regiao-de-piracicaba-pode-ter-volumes-de-100-milimetros-termometros-em-22-c-e-.webp","@id":"https:\/\/www.encontrapiracicaba.com.br\/sobre\/semana-fria-e-chuvosa-regiao-de-piracicaba-pode-ter-volumes-de-100-milimetros-termometros-em-22oc-e-ventos-veja-previsao\/#mainImage","width":280,"height":280,"caption":"previs\u00e3o do tempo em Piracicaba"},"primaryImageOfPage":{"@id":"https:\/\/www.encontrapiracicaba.com.br\/sobre\/semana-fria-e-chuvosa-regiao-de-piracicaba-pode-ter-volumes-de-100-milimetros-termometros-em-22oc-e-ventos-veja-previsao\/#mainImage"},"datePublished":"2026-04-05T11:55:43-03:00","dateModified":"2026-04-05T11:55:43-03:00"},{"@type":"WebSite","@id":"https:\/\/www.encontrapiracicaba.com.br\/sobre\/#website","url":"https:\/\/www.encontrapiracicaba.com.br\/sobre\/","name":"Encontra Piracicaba","description":"Not\u00edcias, eventos, informa\u00e7\u00f5es e dicas na cidade de Piracicaba e regi\u00e3o","inLanguage":"pt-BR","publisher":{"@id":"https:\/\/www.encontrapiracicaba.com.br\/sobre\/#organization"}}]},"og:locale":"pt_BR","og:site_name":"Encontra Piracicaba | Not\u00edcias, eventos, informa\u00e7\u00f5es e dicas na cidade de Piracicaba e regi\u00e3o","og:type":"article","og:title":"Semana fria e chuvosa? Regi\u00e3o de Piracicaba pode ter volumes de 100 mil\u00edmetros, term\u00f4metros em 22\u00baC e ventos; veja previs\u00e3o | Encontra Piracicaba","og:url":"https:\/\/www.encontrapiracicaba.com.br\/sobre\/semana-fria-e-chuvosa-regiao-de-piracicaba-pode-ter-volumes-de-100-milimetros-termometros-em-22oc-e-ventos-veja-previsao\/","article:published_time":"2026-04-05T14:55:43+00:00","article:modified_time":"2026-04-05T14:55:43+00:00","twitter:card":"summary","twitter:title":"Semana fria e chuvosa? Regi\u00e3o de Piracicaba pode ter volumes de 100 mil\u00edmetros, term\u00f4metros em 22\u00baC e ventos; veja previs\u00e3o | Encontra Piracicaba"},"aioseo_meta_data":{"post_id":"4383","title":null,"description":null,"keywords":null,"keyphrases":null,"primary_term":null,"canonical_url":null,"og_title":null,"og_description":null,"og_object_type":"default","og_image_type":"default","og_image_url":null,"og_image_width":null,"og_image_height":null,"og_image_custom_url":null,"og_image_custom_fields":null,"og_video":null,"og_custom_url":null,"og_article_section":null,"og_article_tags":null,"twitter_use_og":false,"twitter_card":"default","twitter_image_type":"default","twitter_image_url":null,"twitter_image_custom_url":null,"twitter_image_custom_fields":null,"twitter_title":null,"twitter_description":null,"schema":{"blockGraphs":[],"customGraphs":[],"default":{"data":{"Article":[],"Course":[],"Dataset":[],"FAQPage":[],"Movie":[],"Person":[],"Product":[],"ProductReview":[],"Car":[],"Recipe":[],"Service":[],"SoftwareApplication":[],"WebPage":[]},"graphName":"Article","isEnabled":true},"graphs":[]},"schema_type":"default","schema_type_options":null,"pillar_content":false,"robots_default":true,"robots_noindex":false,"robots_noarchive":false,"robots_nosnippet":false,"robots_nofollow":false,"robots_noimageindex":false,"robots_noodp":false,"robots_notranslate":false,"robots_max_snippet":null,"robots_max_videopreview":null,"robots_max_imagepreview":"large","priority":null,"frequency":null,"local_seo":null,"breadcrumb_settings":null,"limit_modified_date":false,"ai":null,"created":"2026-04-05 14:55:47","updated":"2026-04-05 14:58:39","focus_keyword":null,"additional_keywords":null,"truseo_locale":null,"seo_analyzer_scan_date":null},"aioseo_breadcrumb":"<div class=\"aioseo-breadcrumbs\"><span class=\"aioseo-breadcrumb\">\n\t\t\t<a href=\"https:\/\/www.encontrapiracicaba.com.br\/sobre\" title=\"In\u00edcio\">In\u00edcio<\/a>\n\t\t<\/span><span class=\"aioseo-breadcrumb-separator\">&raquo;<\/span><span class=\"aioseo-breadcrumb\">\n\t\t\t<a href=\"https:\/\/www.encontrapiracicaba.com.br\/sobre\/noticias-em-piracicaba\/\" title=\"Not\u00edcias Piracicaba\">Not\u00edcias Piracicaba<\/a>\n\t\t<\/span><span class=\"aioseo-breadcrumb-separator\">&raquo;<\/span><span class=\"aioseo-breadcrumb\">\n\t\t\tSemana fria e chuvosa? Regi\u00e3o de Piracicaba pode ter volumes de 100 mil\u00edmetros, term\u00f4metros em 22\u00baC e ventos; veja previs\u00e3o\n\t\t<\/span><\/div>","aioseo_breadcrumb_json":[{"label":"In\u00edcio","link":"https:\/\/www.encontrapiracicaba.com.br\/sobre"},{"label":"Not\u00edcias Piracicaba","link":"https:\/\/www.encontrapiracicaba.com.br\/sobre\/noticias-em-piracicaba\/"},{"label":"Semana fria e chuvosa? Regi\u00e3o de Piracicaba pode ter volumes de 100 mil\u00edmetros, term\u00f4metros em 22\u00baC e ventos; veja previs\u00e3o","link":"https:\/\/www.encontrapiracicaba.com.br\/sobre\/semana-fria-e-chuvosa-regiao-de-piracicaba-pode-ter-volumes-de-100-milimetros-termometros-em-22oc-e-ventos-veja-previsao\/"}],"_links":{"self":[{"href":"https:\/\/www.encontrapiracicaba.com.br\/sobre\/wp-json\/wp\/v2\/posts\/4383","targetHints":{"allow":["GET"]}}],"collection":[{"href":"https:\/\/www.encontrapiracicaba.com.br\/sobre\/wp-json\/wp\/v2\/posts"}],"about":[{"href":"https:\/\/www.encontrapiracicaba.com.br\/sobre\/wp-json\/wp\/v2\/types\/post"}],"author":[{"embeddable":true,"href":"https:\/\/www.encontrapiracicaba.com.br\/sobre\/wp-json\/wp\/v2\/users\/1"}],"replies":[{"embeddable":true,"href":"https:\/\/www.encontrapiracicaba.com.br\/sobre\/wp-json\/wp\/v2\/comments?post=4383"}],"version-history":[{"count":0,"href":"https:\/\/www.encontrapiracicaba.com.br\/sobre\/wp-json\/wp\/v2\/posts\/4383\/revisions"}],"wp:featuredmedia":[{"embeddable":true,"href":"https:\/\/www.encontrapiracicaba.com.br\/sobre\/wp-json\/wp\/v2\/media\/4382"}],"wp:attachment":[{"href":"https:\/\/www.encontrapiracicaba.com.br\/sobre\/wp-json\/wp\/v2\/media?parent=4383"}],"wp:term":[{"taxonomy":"category","embeddable":true,"href":"https:\/\/www.encontrapiracicaba.com.br\/sobre\/wp-json\/wp\/v2\/categories?post=4383"},{"taxonomy":"post_tag","embeddable":true,"href":"https:\/\/www.encontrapiracicaba.com.br\/sobre\/wp-json\/wp\/v2\/tags?post=4383"}],"curies":[{"name":"wp","href":"https:\/\/api.w.org\/{rel}","templated":true}]}}