{"id":4393,"date":"2026-04-07T11:43:05","date_gmt":"2026-04-07T14:43:05","guid":{"rendered":"https:\/\/www.encontrapiracicaba.com.br\/sobre\/varejao-especial-de-pescados-atrai-publico-e-movimenta-a-semana-santa-em-piracicaba\/"},"modified":"2026-04-07T11:43:05","modified_gmt":"2026-04-07T14:43:05","slug":"varejao-especial-de-pescados-atrai-publico-e-movimenta-a-semana-santa-em-piracicaba","status":"publish","type":"post","link":"https:\/\/www.encontrapiracicaba.com.br\/sobre\/varejao-especial-de-pescados-atrai-publico-e-movimenta-a-semana-santa-em-piracicaba\/","title":{"rendered":"Varej\u00e3o Especial de Pescados atrai p\u00fablico e movimenta a Semana Santa em Piracicaba"},"content":{"rendered":"<div class=\"85df007ed5c0c4d4b453fd13a37855e8\" data-index=\"1\" style=\"float: none; margin:0px;\">\n<!-- Anuncio display - global -->\r\n<ins class=\"adsbygoogle\"\r\n     style=\"display:block\"\r\n     data-ad-client=\"ca-pub-8585364105181520\"\r\n     data-ad-slot=\"8789329856\"\r\n     data-ad-format=\"auto\"\r\n     data-full-width-responsive=\"true\"><\/ins>\r\n<script>\r\n     (adsbygoogle = window.adsbygoogle || []).push({});\r\n<\/script>\n<\/div>\n<h2>O que \u00e9 o Varej\u00e3o Especial de Pescados?<\/h2>\n<p>O Varej\u00e3o Especial de Pescados \u00e9 um evento tradicional que celebra a Semana Santa na cidade de Piracicaba. Com 30 anos de exist\u00eancia, o evento se tornou um marco no calend\u00e1rio local, oferecendo uma vasta gama de pescados frescos e congelados. O objetivo \u00e9 proporcionar \u00e0 popula\u00e7\u00e3o uma oportunidade de adquirir produtos de alta qualidade durante um per\u00edodo em que a demanda por pescados aumenta significativamente.<\/p>\n<h2>Hor\u00e1rios e datas de funcionamento<\/h2>\n<p>O Varej\u00e3o Especial de Pescados ocorre de 1\u00ba a 3 de abril de 2026. Os hor\u00e1rios de funcionamento s\u00e3o os seguintes:<\/p>\n<ul>\n<li>1\u00ba de abril (hoje): das 14h \u00e0s 19h<\/li>\n<li>2 de abril: das 14h \u00e0s 19h<\/li>\n<li>3 de abril (Sexta-Feira Santa): das 7h \u00e0s 12h<\/li>\n<\/ul>\n<p>Al\u00e9m disso, ap\u00f3s o feriado, o Varej\u00e3o retoma seu funcionamento habitual aos s\u00e1bados, das 5h \u00e0s 12h.<\/p>\n<p><img decoding=\"async\" src=\"https:\/\/www.encontrapiracicaba.com.br\/sobre\/wp-content\/uploads\/varejao-especial-de-pescados-atrai-publico-e-movimenta-a-semana-santa-em-piracicaba.webp\" alt=\"Varej\u00e3o Especial de Pescados\" loading=\"lazy\" \/><\/p>\n<h2>Variedade de pescados dispon\u00edveis<\/h2>\n<p>O Varej\u00e3o n\u00e3o se limita a apenas alguns tipos de peixes; s\u00e3o oferecidos produtos variados que agradam a todos os gostos. Entre os pescados dispon\u00edveis, destacam-se:<\/p>\n<ul>\n<li>Cascudo<\/li>\n<li>Curimbat\u00e1<\/li>\n<li>Corvina<\/li>\n<li>Pacu<\/li>\n<li>Til\u00e1pia<\/li>\n<li>Pintado<\/li>\n<li>Filhote<\/li>\n<li>Bacalhau fresco<\/li>\n<\/ul>\n<p>Esses pescados s\u00e3o provenientes de \u00e1guas doces e salgadas, oferecendo aos consumidores uma grande variedade de op\u00e7\u00f5es a pre\u00e7os acess\u00edveis.<\/p>\n<h2>O impacto econ\u00f4mico do evento<\/h2>\n<p>De acordo com informa\u00e7\u00f5es da Secretaria de Agricultura, Abastecimento e Meio Ambiente, espera-se que o evento resulte em um aumento nas vendas entre 3% e 5% em compara\u00e7\u00e3o com o ano anterior. Em 2025, cerca de oito toneladas de pescados foram comercializadas. O evento ajuda a movimentar a economia local e cria um importante espa\u00e7o para que os permission\u00e1rios possam expandir suas vendas e conquistar novos clientes.<\/p>\n<h2>Depoimentos de frequentadores<\/h2>\n<p>Os visitantes do Varej\u00e3o sempre destacam a qualidade dos produtos. Janaina Stenico, t\u00e9cnica em nutri\u00e7\u00e3o, \u00e9 frequentadora do Varej\u00e3o Especial de Pescados h\u00e1 15 anos. Ela enfatiza que o atendimento \u00e9 excelente e a variedade \u00e9 um dos principais atrativos. Para ela, o Varej\u00e3o \u00e9 um local que proporciona aconchego e a sensa\u00e7\u00e3o de estar em fam\u00edlia.<\/p>\n<p>Outro testemunho interessante \u00e9 o de Geraldo Rone Prates, um permission\u00e1rio que participa do evento pela primeira vez. Ele afirmou que obteve um movimento positivo logo no seu primeiro dia, elogiando a iniciativa da Prefeitura e o suporte recebido.<\/p>\n<h2>A import\u00e2ncia da tradi\u00e7\u00e3o na Semana Santa<\/h2>\n<p>O Varej\u00e3o Especial de Pescados n\u00e3o \u00e9 apenas um local para compras; \u00e9 uma tradi\u00e7\u00e3o que resgata e valoriza os costumes locais durante a Semana Santa. Para muitos cidad\u00e3os, \u00e9 uma oportunidade de manter pr\u00e1ticas culturais e de se reunir em fam\u00edlia, celebrando o feriado de forma significativa.<\/p>\n<h2>Atividades e atra\u00e7\u00f5es paralelas<\/h2>\n<p>Al\u00e9m da venda de pescados, o Varej\u00e3o Especial oferece uma vasta gama de outros produtos, incluindo frutas, legumes, temperos, latic\u00ednios, aves e uma deliciosa pra\u00e7a de alimenta\u00e7\u00e3o. Essa variedade torna a visita ainda mais agrad\u00e1vel, permitindo que os frequentadores fa\u00e7am todas as suas compras em um \u00fanico lugar. Entre as op\u00e7\u00f5es de alimenta\u00e7\u00e3o, est\u00e3o o tradicional pastel, milho verde e caldo de cana, que atraem um grande p\u00fablico.<\/p>\n<h2>Como chegar ao Varej\u00e3o Municipal Central<\/h2>\n<p>O Varej\u00e3o Municipal Central est\u00e1 localizado na Rua Santa Cruz, 1.260, ao lado do Terminal Central de Integra\u00e7\u00e3o (TCI). A localiza\u00e7\u00e3o \u00e9 de f\u00e1cil acesso e permite que tanto moradores quanto visitantes possam chegar sem dificuldades. O f\u00e1cil acesso ao transporte p\u00fablico \u00e9 uma vantagem que facilita a participa\u00e7\u00e3o no evento.<\/p>\n<h2>Dicas para aproveitar ao m\u00e1ximo a experi\u00eancia<\/h2>\n<p>Para que voc\u00ea tenha a melhor experi\u00eancia durante sua visita ao Varej\u00e3o, considere as seguintes dicas:<\/p>\n<ul>\n<li>Chegue cedo para evitar filas;<\/li>\n<li>Traga sacolas reutiliz\u00e1veis para suas compras;<\/li>\n<li>Aproveite para experimentar a comida das barraquinhas;<\/li>\n<li>Explore todos os estandes para encontrar as melhores ofertas;<\/li>\n<li>Conecte-se com os produtores e fa\u00e7a perguntas sobre os produtos dispon\u00edveis.<\/li>\n<\/ul>\n<h2>O que esperar para os pr\u00f3ximos anos<\/h2>\n<p>O Varej\u00e3o Especial de Pescados est\u00e1 se consolidando como um evento que, a cada ano, se torna mais relevante na comunidade de Piracicaba. Com a ades\u00e3o do p\u00fablico e o aumento na variedade de produtos, espera-se que o evento cres\u00e7a, trazendo novas atra\u00e7\u00f5es e oportunidades para todos os envolvidos. A organiza\u00e7\u00e3o promete continuar investindo na qualidade e na experi\u00eancia dos frequentes, solidificando o Varej\u00e3o como uma tradi\u00e7\u00e3o que ser\u00e1 mantida por muitos anos.<\/p>\n\n<div style=\"font-size: 0px; height: 0px; line-height: 0px; margin: 0; padding: 0; clear: both;\"><\/div>","protected":false},"excerpt":{"rendered":"<p>Varej\u00e3o Especial de Pescados atrai visitantes e anima Piracicaba na Semana Santa.<\/p>\n","protected":false},"author":1,"featured_media":4392,"comment_status":"closed","ping_status":"closed","sticky":false,"template":"","format":"standard","meta":{"footnotes":""},"categories":[6],"tags":[],"class_list":["post-4393","post","type-post","status-publish","format-standard","has-post-thumbnail","hentry","category-noticias-em-piracicaba","has_thumb"],"aioseo_notices":[],"aioseo_head":"\n\t\t<!-- All in One SEO 5.0.0.1 - aioseo.com -->\n\t<meta name=\"robots\" content=\"max-image-preview:large\" \/>\n\t<meta name=\"author\" content=\"Encontra Piracicaba\"\/>\n\t<link rel=\"canonical\" href=\"https:\/\/www.encontrapiracicaba.com.br\/sobre\/varejao-especial-de-pescados-atrai-publico-e-movimenta-a-semana-santa-em-piracicaba\/\" \/>\n\t<meta name=\"generator\" content=\"All in One SEO (AIOSEO) 5.0.0.1\" \/>\n\t\t<meta property=\"og:locale\" content=\"pt_BR\" \/>\n\t\t<meta property=\"og:site_name\" content=\"Encontra Piracicaba | Not\u00edcias, eventos, informa\u00e7\u00f5es e dicas na cidade de Piracicaba e regi\u00e3o\" \/>\n\t\t<meta property=\"og:type\" content=\"article\" \/>\n\t\t<meta property=\"og:title\" content=\"Varej\u00e3o Especial de Pescados atrai p\u00fablico e movimenta a Semana Santa em Piracicaba | Encontra Piracicaba\" \/>\n\t\t<meta property=\"og:url\" content=\"https:\/\/www.encontrapiracicaba.com.br\/sobre\/varejao-especial-de-pescados-atrai-publico-e-movimenta-a-semana-santa-em-piracicaba\/\" \/>\n\t\t<meta property=\"article:published_time\" content=\"2026-04-07T14:43:05+00:00\" \/>\n\t\t<meta property=\"article:modified_time\" content=\"2026-04-07T14:43:05+00:00\" \/>\n\t\t<meta name=\"twitter:card\" content=\"summary\" \/>\n\t\t<meta name=\"twitter:title\" content=\"Varej\u00e3o Especial de Pescados atrai p\u00fablico e movimenta a Semana Santa em Piracicaba | Encontra Piracicaba\" \/>\n\t\t<script type=\"application\/ld+json\" class=\"aioseo-schema\">\n\t\t\t{\"@context\":\"https:\\\/\\\/schema.org\",\"@graph\":[{\"@type\":\"Article\",\"@id\":\"https:\\\/\\\/www.encontrapiracicaba.com.br\\\/sobre\\\/varejao-especial-de-pescados-atrai-publico-e-movimenta-a-semana-santa-em-piracicaba\\\/#article\",\"name\":\"Varej\\u00e3o Especial de Pescados atrai p\\u00fablico e movimenta a Semana Santa em Piracicaba | Encontra Piracicaba\",\"headline\":\"Varej\\u00e3o Especial de Pescados atrai p\\u00fablico e movimenta a Semana Santa em Piracicaba\",\"author\":{\"@id\":\"https:\\\/\\\/www.encontrapiracicaba.com.br\\\/sobre\\\/author\\\/epiracicaba\\\/#author\"},\"publisher\":{\"@id\":\"https:\\\/\\\/www.encontrapiracicaba.com.br\\\/sobre\\\/#organization\"},\"image\":{\"@type\":\"ImageObject\",\"url\":\"https:\\\/\\\/www.encontrapiracicaba.com.br\\\/sobre\\\/wp-content\\\/uploads\\\/varejao-especial-de-pescados-atrai-publico-e-movimenta-a-semana-santa-em-piracicaba.webp\",\"width\":280,\"height\":280,\"caption\":\"Varej\\u00e3o Especial de Pescados\"},\"datePublished\":\"2026-04-07T11:43:05-03:00\",\"dateModified\":\"2026-04-07T11:43:05-03:00\",\"inLanguage\":\"pt-BR\",\"mainEntityOfPage\":{\"@id\":\"https:\\\/\\\/www.encontrapiracicaba.com.br\\\/sobre\\\/varejao-especial-de-pescados-atrai-publico-e-movimenta-a-semana-santa-em-piracicaba\\\/#webpage\"},\"isPartOf\":{\"@id\":\"https:\\\/\\\/www.encontrapiracicaba.com.br\\\/sobre\\\/varejao-especial-de-pescados-atrai-publico-e-movimenta-a-semana-santa-em-piracicaba\\\/#webpage\"},\"articleSection\":\"Not\\u00edcias Piracicaba\"},{\"@type\":\"BreadcrumbList\",\"@id\":\"https:\\\/\\\/www.encontrapiracicaba.com.br\\\/sobre\\\/varejao-especial-de-pescados-atrai-publico-e-movimenta-a-semana-santa-em-piracicaba\\\/#breadcrumblist\",\"itemListElement\":[{\"@type\":\"ListItem\",\"@id\":\"https:\\\/\\\/www.encontrapiracicaba.com.br\\\/sobre#listItem\",\"position\":1,\"name\":\"In\\u00edcio\",\"item\":\"https:\\\/\\\/www.encontrapiracicaba.com.br\\\/sobre\",\"nextItem\":{\"@type\":\"ListItem\",\"@id\":\"https:\\\/\\\/www.encontrapiracicaba.com.br\\\/sobre\\\/noticias-em-piracicaba\\\/#listItem\",\"name\":\"Not\\u00edcias Piracicaba\"}},{\"@type\":\"ListItem\",\"@id\":\"https:\\\/\\\/www.encontrapiracicaba.com.br\\\/sobre\\\/noticias-em-piracicaba\\\/#listItem\",\"position\":2,\"name\":\"Not\\u00edcias Piracicaba\",\"item\":\"https:\\\/\\\/www.encontrapiracicaba.com.br\\\/sobre\\\/noticias-em-piracicaba\\\/\",\"nextItem\":{\"@type\":\"ListItem\",\"@id\":\"https:\\\/\\\/www.encontrapiracicaba.com.br\\\/sobre\\\/varejao-especial-de-pescados-atrai-publico-e-movimenta-a-semana-santa-em-piracicaba\\\/#listItem\",\"name\":\"Varej\\u00e3o Especial de Pescados atrai p\\u00fablico e movimenta a Semana Santa em Piracicaba\"},\"previousItem\":{\"@type\":\"ListItem\",\"@id\":\"https:\\\/\\\/www.encontrapiracicaba.com.br\\\/sobre#listItem\",\"name\":\"In\\u00edcio\"}},{\"@type\":\"ListItem\",\"@id\":\"https:\\\/\\\/www.encontrapiracicaba.com.br\\\/sobre\\\/varejao-especial-de-pescados-atrai-publico-e-movimenta-a-semana-santa-em-piracicaba\\\/#listItem\",\"position\":3,\"name\":\"Varej\\u00e3o Especial de Pescados atrai p\\u00fablico e movimenta a Semana Santa em Piracicaba\",\"previousItem\":{\"@type\":\"ListItem\",\"@id\":\"https:\\\/\\\/www.encontrapiracicaba.com.br\\\/sobre\\\/noticias-em-piracicaba\\\/#listItem\",\"name\":\"Not\\u00edcias Piracicaba\"}}]},{\"@type\":\"Organization\",\"@id\":\"https:\\\/\\\/www.encontrapiracicaba.com.br\\\/sobre\\\/#organization\",\"name\":\"Encontra Piracicaba\",\"description\":\"Not\\u00edcias, eventos, informa\\u00e7\\u00f5es e dicas na cidade de Piracicaba e regi\\u00e3o\",\"url\":\"https:\\\/\\\/www.encontrapiracicaba.com.br\\\/sobre\\\/\"},{\"@type\":\"Person\",\"@id\":\"https:\\\/\\\/www.encontrapiracicaba.com.br\\\/sobre\\\/author\\\/epiracicaba\\\/#author\",\"url\":\"https:\\\/\\\/www.encontrapiracicaba.com.br\\\/sobre\\\/author\\\/epiracicaba\\\/\",\"name\":\"Encontra Piracicaba\",\"image\":{\"@type\":\"ImageObject\",\"@id\":\"https:\\\/\\\/www.encontrapiracicaba.com.br\\\/sobre\\\/varejao-especial-de-pescados-atrai-publico-e-movimenta-a-semana-santa-em-piracicaba\\\/#authorImage\",\"url\":\"https:\\\/\\\/secure.gravatar.com\\\/avatar\\\/507340682b8270222e1f208e23198b6ae7e2c6a1033ae84e99bc6bce4f82a387?s=96&d=mm&r=g\",\"width\":96,\"height\":96,\"caption\":\"Encontra Piracicaba\"}},{\"@type\":\"WebPage\",\"@id\":\"https:\\\/\\\/www.encontrapiracicaba.com.br\\\/sobre\\\/varejao-especial-de-pescados-atrai-publico-e-movimenta-a-semana-santa-em-piracicaba\\\/#webpage\",\"url\":\"https:\\\/\\\/www.encontrapiracicaba.com.br\\\/sobre\\\/varejao-especial-de-pescados-atrai-publico-e-movimenta-a-semana-santa-em-piracicaba\\\/\",\"name\":\"Varej\\u00e3o Especial de Pescados atrai p\\u00fablico e movimenta a Semana Santa em Piracicaba | Encontra Piracicaba\",\"inLanguage\":\"pt-BR\",\"isPartOf\":{\"@id\":\"https:\\\/\\\/www.encontrapiracicaba.com.br\\\/sobre\\\/#website\"},\"breadcrumb\":{\"@id\":\"https:\\\/\\\/www.encontrapiracicaba.com.br\\\/sobre\\\/varejao-especial-de-pescados-atrai-publico-e-movimenta-a-semana-santa-em-piracicaba\\\/#breadcrumblist\"},\"author\":{\"@id\":\"https:\\\/\\\/www.encontrapiracicaba.com.br\\\/sobre\\\/author\\\/epiracicaba\\\/#author\"},\"creator\":{\"@id\":\"https:\\\/\\\/www.encontrapiracicaba.com.br\\\/sobre\\\/author\\\/epiracicaba\\\/#author\"},\"image\":{\"@type\":\"ImageObject\",\"url\":\"https:\\\/\\\/www.encontrapiracicaba.com.br\\\/sobre\\\/wp-content\\\/uploads\\\/varejao-especial-de-pescados-atrai-publico-e-movimenta-a-semana-santa-em-piracicaba.webp\",\"@id\":\"https:\\\/\\\/www.encontrapiracicaba.com.br\\\/sobre\\\/varejao-especial-de-pescados-atrai-publico-e-movimenta-a-semana-santa-em-piracicaba\\\/#mainImage\",\"width\":280,\"height\":280,\"caption\":\"Varej\\u00e3o Especial de Pescados\"},\"primaryImageOfPage\":{\"@id\":\"https:\\\/\\\/www.encontrapiracicaba.com.br\\\/sobre\\\/varejao-especial-de-pescados-atrai-publico-e-movimenta-a-semana-santa-em-piracicaba\\\/#mainImage\"},\"datePublished\":\"2026-04-07T11:43:05-03:00\",\"dateModified\":\"2026-04-07T11:43:05-03:00\"},{\"@type\":\"WebSite\",\"@id\":\"https:\\\/\\\/www.encontrapiracicaba.com.br\\\/sobre\\\/#website\",\"url\":\"https:\\\/\\\/www.encontrapiracicaba.com.br\\\/sobre\\\/\",\"name\":\"Encontra Piracicaba\",\"description\":\"Not\\u00edcias, eventos, informa\\u00e7\\u00f5es e dicas na cidade de Piracicaba e regi\\u00e3o\",\"inLanguage\":\"pt-BR\",\"publisher\":{\"@id\":\"https:\\\/\\\/www.encontrapiracicaba.com.br\\\/sobre\\\/#organization\"}}]}\n\t\t<\/script>\n\t\t<!-- All in One SEO -->\n\n","aioseo_head_json":{"title":"Varej\u00e3o Especial de Pescados atrai p\u00fablico e movimenta a Semana Santa em Piracicaba | Encontra Piracicaba","description":"","canonical_url":"https:\/\/www.encontrapiracicaba.com.br\/sobre\/varejao-especial-de-pescados-atrai-publico-e-movimenta-a-semana-santa-em-piracicaba\/","robots":"max-image-preview:large","keywords":"","webmasterTools":{"miscellaneous":""},"schema":{"@context":"https:\/\/schema.org","@graph":[{"@type":"Article","@id":"https:\/\/www.encontrapiracicaba.com.br\/sobre\/varejao-especial-de-pescados-atrai-publico-e-movimenta-a-semana-santa-em-piracicaba\/#article","name":"Varej\u00e3o Especial de Pescados atrai p\u00fablico e movimenta a Semana Santa em Piracicaba | Encontra Piracicaba","headline":"Varej\u00e3o Especial de Pescados atrai p\u00fablico e movimenta a Semana Santa em Piracicaba","author":{"@id":"https:\/\/www.encontrapiracicaba.com.br\/sobre\/author\/epiracicaba\/#author"},"publisher":{"@id":"https:\/\/www.encontrapiracicaba.com.br\/sobre\/#organization"},"image":{"@type":"ImageObject","url":"https:\/\/www.encontrapiracicaba.com.br\/sobre\/wp-content\/uploads\/varejao-especial-de-pescados-atrai-publico-e-movimenta-a-semana-santa-em-piracicaba.webp","width":280,"height":280,"caption":"Varej\u00e3o Especial de Pescados"},"datePublished":"2026-04-07T11:43:05-03:00","dateModified":"2026-04-07T11:43:05-03:00","inLanguage":"pt-BR","mainEntityOfPage":{"@id":"https:\/\/www.encontrapiracicaba.com.br\/sobre\/varejao-especial-de-pescados-atrai-publico-e-movimenta-a-semana-santa-em-piracicaba\/#webpage"},"isPartOf":{"@id":"https:\/\/www.encontrapiracicaba.com.br\/sobre\/varejao-especial-de-pescados-atrai-publico-e-movimenta-a-semana-santa-em-piracicaba\/#webpage"},"articleSection":"Not\u00edcias Piracicaba"},{"@type":"BreadcrumbList","@id":"https:\/\/www.encontrapiracicaba.com.br\/sobre\/varejao-especial-de-pescados-atrai-publico-e-movimenta-a-semana-santa-em-piracicaba\/#breadcrumblist","itemListElement":[{"@type":"ListItem","@id":"https:\/\/www.encontrapiracicaba.com.br\/sobre#listItem","position":1,"name":"In\u00edcio","item":"https:\/\/www.encontrapiracicaba.com.br\/sobre","nextItem":{"@type":"ListItem","@id":"https:\/\/www.encontrapiracicaba.com.br\/sobre\/noticias-em-piracicaba\/#listItem","name":"Not\u00edcias Piracicaba"}},{"@type":"ListItem","@id":"https:\/\/www.encontrapiracicaba.com.br\/sobre\/noticias-em-piracicaba\/#listItem","position":2,"name":"Not\u00edcias Piracicaba","item":"https:\/\/www.encontrapiracicaba.com.br\/sobre\/noticias-em-piracicaba\/","nextItem":{"@type":"ListItem","@id":"https:\/\/www.encontrapiracicaba.com.br\/sobre\/varejao-especial-de-pescados-atrai-publico-e-movimenta-a-semana-santa-em-piracicaba\/#listItem","name":"Varej\u00e3o Especial de Pescados atrai p\u00fablico e movimenta a Semana Santa em Piracicaba"},"previousItem":{"@type":"ListItem","@id":"https:\/\/www.encontrapiracicaba.com.br\/sobre#listItem","name":"In\u00edcio"}},{"@type":"ListItem","@id":"https:\/\/www.encontrapiracicaba.com.br\/sobre\/varejao-especial-de-pescados-atrai-publico-e-movimenta-a-semana-santa-em-piracicaba\/#listItem","position":3,"name":"Varej\u00e3o Especial de Pescados atrai p\u00fablico e movimenta a Semana Santa em Piracicaba","previousItem":{"@type":"ListItem","@id":"https:\/\/www.encontrapiracicaba.com.br\/sobre\/noticias-em-piracicaba\/#listItem","name":"Not\u00edcias Piracicaba"}}]},{"@type":"Organization","@id":"https:\/\/www.encontrapiracicaba.com.br\/sobre\/#organization","name":"Encontra Piracicaba","description":"Not\u00edcias, eventos, informa\u00e7\u00f5es e dicas na cidade de Piracicaba e regi\u00e3o","url":"https:\/\/www.encontrapiracicaba.com.br\/sobre\/"},{"@type":"Person","@id":"https:\/\/www.encontrapiracicaba.com.br\/sobre\/author\/epiracicaba\/#author","url":"https:\/\/www.encontrapiracicaba.com.br\/sobre\/author\/epiracicaba\/","name":"Encontra Piracicaba","image":{"@type":"ImageObject","@id":"https:\/\/www.encontrapiracicaba.com.br\/sobre\/varejao-especial-de-pescados-atrai-publico-e-movimenta-a-semana-santa-em-piracicaba\/#authorImage","url":"https:\/\/secure.gravatar.com\/avatar\/507340682b8270222e1f208e23198b6ae7e2c6a1033ae84e99bc6bce4f82a387?s=96&d=mm&r=g","width":96,"height":96,"caption":"Encontra Piracicaba"}},{"@type":"WebPage","@id":"https:\/\/www.encontrapiracicaba.com.br\/sobre\/varejao-especial-de-pescados-atrai-publico-e-movimenta-a-semana-santa-em-piracicaba\/#webpage","url":"https:\/\/www.encontrapiracicaba.com.br\/sobre\/varejao-especial-de-pescados-atrai-publico-e-movimenta-a-semana-santa-em-piracicaba\/","name":"Varej\u00e3o Especial de Pescados atrai p\u00fablico e movimenta a Semana Santa em Piracicaba | Encontra Piracicaba","inLanguage":"pt-BR","isPartOf":{"@id":"https:\/\/www.encontrapiracicaba.com.br\/sobre\/#website"},"breadcrumb":{"@id":"https:\/\/www.encontrapiracicaba.com.br\/sobre\/varejao-especial-de-pescados-atrai-publico-e-movimenta-a-semana-santa-em-piracicaba\/#breadcrumblist"},"author":{"@id":"https:\/\/www.encontrapiracicaba.com.br\/sobre\/author\/epiracicaba\/#author"},"creator":{"@id":"https:\/\/www.encontrapiracicaba.com.br\/sobre\/author\/epiracicaba\/#author"},"image":{"@type":"ImageObject","url":"https:\/\/www.encontrapiracicaba.com.br\/sobre\/wp-content\/uploads\/varejao-especial-de-pescados-atrai-publico-e-movimenta-a-semana-santa-em-piracicaba.webp","@id":"https:\/\/www.encontrapiracicaba.com.br\/sobre\/varejao-especial-de-pescados-atrai-publico-e-movimenta-a-semana-santa-em-piracicaba\/#mainImage","width":280,"height":280,"caption":"Varej\u00e3o Especial de Pescados"},"primaryImageOfPage":{"@id":"https:\/\/www.encontrapiracicaba.com.br\/sobre\/varejao-especial-de-pescados-atrai-publico-e-movimenta-a-semana-santa-em-piracicaba\/#mainImage"},"datePublished":"2026-04-07T11:43:05-03:00","dateModified":"2026-04-07T11:43:05-03:00"},{"@type":"WebSite","@id":"https:\/\/www.encontrapiracicaba.com.br\/sobre\/#website","url":"https:\/\/www.encontrapiracicaba.com.br\/sobre\/","name":"Encontra Piracicaba","description":"Not\u00edcias, eventos, informa\u00e7\u00f5es e dicas na cidade de Piracicaba e regi\u00e3o","inLanguage":"pt-BR","publisher":{"@id":"https:\/\/www.encontrapiracicaba.com.br\/sobre\/#organization"}}]},"og:locale":"pt_BR","og:site_name":"Encontra Piracicaba | Not\u00edcias, eventos, informa\u00e7\u00f5es e dicas na cidade de Piracicaba e regi\u00e3o","og:type":"article","og:title":"Varej\u00e3o Especial de Pescados atrai p\u00fablico e movimenta a Semana Santa em Piracicaba | Encontra Piracicaba","og:url":"https:\/\/www.encontrapiracicaba.com.br\/sobre\/varejao-especial-de-pescados-atrai-publico-e-movimenta-a-semana-santa-em-piracicaba\/","article:published_time":"2026-04-07T14:43:05+00:00","article:modified_time":"2026-04-07T14:43:05+00:00","twitter:card":"summary","twitter:title":"Varej\u00e3o Especial de Pescados atrai p\u00fablico e movimenta a Semana Santa em Piracicaba | Encontra Piracicaba"},"aioseo_meta_data":{"post_id":"4393","title":null,"description":null,"keywords":null,"keyphrases":null,"primary_term":null,"canonical_url":null,"og_title":null,"og_description":null,"og_object_type":"default","og_image_type":"default","og_image_url":null,"og_image_width":null,"og_image_height":null,"og_image_custom_url":null,"og_image_custom_fields":null,"og_video":null,"og_custom_url":null,"og_article_section":null,"og_article_tags":null,"twitter_use_og":false,"twitter_card":"default","twitter_image_type":"default","twitter_image_url":null,"twitter_image_custom_url":null,"twitter_image_custom_fields":null,"twitter_title":null,"twitter_description":null,"schema":{"blockGraphs":[],"customGraphs":[],"default":{"data":{"Article":[],"Course":[],"Dataset":[],"FAQPage":[],"Movie":[],"Person":[],"Product":[],"ProductReview":[],"Car":[],"Recipe":[],"Service":[],"SoftwareApplication":[],"WebPage":[]},"graphName":"Article","isEnabled":true},"graphs":[]},"schema_type":"default","schema_type_options":null,"pillar_content":false,"robots_default":true,"robots_noindex":false,"robots_noarchive":false,"robots_nosnippet":false,"robots_nofollow":false,"robots_noimageindex":false,"robots_noodp":false,"robots_notranslate":false,"robots_max_snippet":null,"robots_max_videopreview":null,"robots_max_imagepreview":"large","priority":null,"frequency":null,"local_seo":null,"breadcrumb_settings":null,"limit_modified_date":false,"ai":null,"created":"2026-04-07 14:43:09","updated":"2026-04-07 14:54:42","focus_keyword":null,"additional_keywords":null,"truseo_locale":null,"seo_analyzer_scan_date":null},"aioseo_breadcrumb":"<div class=\"aioseo-breadcrumbs\"><span class=\"aioseo-breadcrumb\">\n\t\t\t<a href=\"https:\/\/www.encontrapiracicaba.com.br\/sobre\" title=\"In\u00edcio\">In\u00edcio<\/a>\n\t\t<\/span><span class=\"aioseo-breadcrumb-separator\">&raquo;<\/span><span class=\"aioseo-breadcrumb\">\n\t\t\t<a href=\"https:\/\/www.encontrapiracicaba.com.br\/sobre\/noticias-em-piracicaba\/\" title=\"Not\u00edcias Piracicaba\">Not\u00edcias Piracicaba<\/a>\n\t\t<\/span><span class=\"aioseo-breadcrumb-separator\">&raquo;<\/span><span class=\"aioseo-breadcrumb\">\n\t\t\tVarej\u00e3o Especial de Pescados atrai p\u00fablico e movimenta a Semana Santa em Piracicaba\n\t\t<\/span><\/div>","aioseo_breadcrumb_json":[{"label":"In\u00edcio","link":"https:\/\/www.encontrapiracicaba.com.br\/sobre"},{"label":"Not\u00edcias Piracicaba","link":"https:\/\/www.encontrapiracicaba.com.br\/sobre\/noticias-em-piracicaba\/"},{"label":"Varej\u00e3o Especial de Pescados atrai p\u00fablico e movimenta a Semana Santa em Piracicaba","link":"https:\/\/www.encontrapiracicaba.com.br\/sobre\/varejao-especial-de-pescados-atrai-publico-e-movimenta-a-semana-santa-em-piracicaba\/"}],"_links":{"self":[{"href":"https:\/\/www.encontrapiracicaba.com.br\/sobre\/wp-json\/wp\/v2\/posts\/4393","targetHints":{"allow":["GET"]}}],"collection":[{"href":"https:\/\/www.encontrapiracicaba.com.br\/sobre\/wp-json\/wp\/v2\/posts"}],"about":[{"href":"https:\/\/www.encontrapiracicaba.com.br\/sobre\/wp-json\/wp\/v2\/types\/post"}],"author":[{"embeddable":true,"href":"https:\/\/www.encontrapiracicaba.com.br\/sobre\/wp-json\/wp\/v2\/users\/1"}],"replies":[{"embeddable":true,"href":"https:\/\/www.encontrapiracicaba.com.br\/sobre\/wp-json\/wp\/v2\/comments?post=4393"}],"version-history":[{"count":0,"href":"https:\/\/www.encontrapiracicaba.com.br\/sobre\/wp-json\/wp\/v2\/posts\/4393\/revisions"}],"wp:featuredmedia":[{"embeddable":true,"href":"https:\/\/www.encontrapiracicaba.com.br\/sobre\/wp-json\/wp\/v2\/media\/4392"}],"wp:attachment":[{"href":"https:\/\/www.encontrapiracicaba.com.br\/sobre\/wp-json\/wp\/v2\/media?parent=4393"}],"wp:term":[{"taxonomy":"category","embeddable":true,"href":"https:\/\/www.encontrapiracicaba.com.br\/sobre\/wp-json\/wp\/v2\/categories?post=4393"},{"taxonomy":"post_tag","embeddable":true,"href":"https:\/\/www.encontrapiracicaba.com.br\/sobre\/wp-json\/wp\/v2\/tags?post=4393"}],"curies":[{"name":"wp","href":"https:\/\/api.w.org\/{rel}","templated":true}]}}