{"id":4397,"date":"2026-04-08T11:29:22","date_gmt":"2026-04-08T14:29:22","guid":{"rendered":"https:\/\/www.encontrapiracicaba.com.br\/sobre\/camara-apela-ao-prefeito-para-que-atenda-reivindicacao-de-servidores-por-salario\/"},"modified":"2026-04-08T11:29:22","modified_gmt":"2026-04-08T14:29:22","slug":"camara-apela-ao-prefeito-para-que-atenda-reivindicacao-de-servidores-por-salario","status":"publish","type":"post","link":"https:\/\/www.encontrapiracicaba.com.br\/sobre\/camara-apela-ao-prefeito-para-que-atenda-reivindicacao-de-servidores-por-salario\/","title":{"rendered":"C\u00e2mara apela ao prefeito para que atenda reivindica\u00e7\u00e3o de servidores por sal\u00e1rio"},"content":{"rendered":"<div class=\"85df007ed5c0c4d4b453fd13a37855e8\" data-index=\"1\" style=\"float: none; margin:0px;\">\n<!-- Anuncio display - global -->\r\n<ins class=\"adsbygoogle\"\r\n     style=\"display:block\"\r\n     data-ad-client=\"ca-pub-8585364105181520\"\r\n     data-ad-slot=\"8789329856\"\r\n     data-ad-format=\"auto\"\r\n     data-full-width-responsive=\"true\"><\/ins>\r\n<script>\r\n     (adsbygoogle = window.adsbygoogle || []).push({});\r\n<\/script>\n<\/div>\n<h2>Contexto da Reivindica\u00e7\u00e3o Salarial<\/h2>\n<p>O cen\u00e1rio atual dos servidores p\u00fablicos em Piracicaba exige uma aten\u00e7\u00e3o especial, especialmente no que diz respeito \u00e0s suas condi\u00e7\u00f5es salariais. Dentro desse contexto, a C\u00e2mara Municipal tomou uma posi\u00e7\u00e3o clara, ao aprovar uma mo\u00e7\u00e3o de apelo direcionada ao prefeito Helinho Zanatta. Esta a\u00e7\u00e3o foi fundamental, uma vez que a categoria de servidores j\u00e1 havia realizado diversas assembleias e demonstrado uma insatisfa\u00e7\u00e3o crescente com rela\u00e7\u00e3o \u00e0 contraproposta salarial apresentada pela administra\u00e7\u00e3o municipal.<\/p>\n<h2>O Papel da C\u00e2mara na Discuss\u00e3o<\/h2>\n<p>A C\u00e2mara Municipal desempenha um papel crucial na media\u00e7\u00e3o entre os servidores p\u00fablicos e a gest\u00e3o municipal. Com a aprova\u00e7\u00e3o da mo\u00e7\u00e3o de apelo, a C\u00e2mara n\u00e3o apenas assegura que as vozes dos servidores sejam ouvidas, mas tamb\u00e9m atua como um canal de comunica\u00e7\u00e3o entre os trabalhadores do servi\u00e7o p\u00fablico e a administra\u00e7\u00e3o municipal. Os vereadores t\u00eam a responsabilidade de representar os interesses o p\u00fablico, e essa mo\u00e7\u00e3o foi uma resposta direta \u00e0s demandas por melhores condi\u00e7\u00f5es de trabalho e de sal\u00e1rio.<\/p>\n<h2>Entendendo a Mo\u00e7\u00e3o de Apelo<\/h2>\n<p>A mo\u00e7\u00e3o de apelo, apresentada pelo vereador Andr\u00e9 Bandeira, foi aprovada em regime de urg\u00eancia durante a 16\u00aa Reuni\u00e3o Ordin\u00e1ria. O documento destaca a urg\u00eancia da situa\u00e7\u00e3o e a necessidade de o prefeito considerar as reivindica\u00e7\u00f5es dos servidores. A proposta sugere que a administra\u00e7\u00e3o deve abrir um di\u00e1logo eficaz com a categoria, a fim de buscar solu\u00e7\u00f5es que atendam \u00e0s expectativas e necessidades dos servidores p\u00fablicos municipais.<\/p>\n<p><img decoding=\"async\" src=\"https:\/\/www.encontrapiracicaba.com.br\/sobre\/wp-content\/uploads\/camara-apela-ao-prefeito-para-que-atenda-reivindicacao-de-servidores-por-salario.webp\" alt=\"C\u00e2mara apela ao prefeito para que atenda reivindica\u00e7\u00e3o de servidores por sal\u00e1rio\" loading=\"lazy\" \/><\/p>\n<h2>Participa\u00e7\u00e3o dos Servidores na Assembleia<\/h2>\n<p>As assembleias realizadas pelos servidores resultaram em uma forte mobiliza\u00e7\u00e3o. No \u00faltimo encontro, realizado no dia 31, decidiu-se entrar em estado de greve, enfatizando a seriedade da situa\u00e7\u00e3o. Essa decis\u00e3o n\u00e3o apenas sinaliza um descontentamento com as ofertas atuais, mas tamb\u00e9m revela a urg\u00eancia de a\u00e7\u00f5es concretas por parte da administra\u00e7\u00e3o para evitar a paralisa\u00e7\u00e3o das atividades. A participa\u00e7\u00e3o ativa dos servidores nas assembleias demonstra a coes\u00e3o e a determina\u00e7\u00e3o da categoria em buscar melhorias.<\/p>\n<h2>Reajuste Salarial Proposto<\/h2>\n<p>Os servidores demandam um reajuste salarial de 12,62%, um valor que contrasta fortemente com a proposta oferecida pela Prefeitura, que se limita a 3,81%. Essa discrep\u00e2ncia ilustra a insatisfa\u00e7\u00e3o entre os servidores e a administra\u00e7\u00e3o municipal. O percentual solicitado \u00e9 visto como uma maneira de garantir a valoriza\u00e7\u00e3o do trabalho prestado pelos funcion\u00e1rios, que s\u00e3o essenciais para o funcionamento dos servi\u00e7os p\u00fablicos da cidade.<\/p>\n<h2>Compara\u00e7\u00e3o com a Proposta da Prefeitura<\/h2>\n<p>Al\u00e9m do reajuste salarial, os servidores tamb\u00e9m buscam aumentar os valores do vale-alimenta\u00e7\u00e3o e do vale-caf\u00e9 da manh\u00e3, propor valores de R$ 500 e R$ 100 mensais, respectivamente. Estas solicita\u00e7\u00f5es se distanciam significativamente da contraproposta da prefeitura, que \u00e9 de R$ 340 para o vale-alimenta\u00e7\u00e3o e R$ 60 para o vale-caf\u00e9. Essa diferen\u00e7a financeira tem um impacto direto na qualidade de vida dos servidores e, consequentemente, pode influenciar na qualidade do atendimento prestado \u00e0 popula\u00e7\u00e3o.<\/p>\n<h2>Impacto das Decis\u00f5es para Servidores<\/h2>\n<p>O futuro das negocia\u00e7\u00f5es salariais e a implementa\u00e7\u00e3o de um novo acordo t\u00eam implica\u00e7\u00f5es diretas para todos os servidores. A insatisfa\u00e7\u00e3o com as propostas atuais pode levar a uma s\u00e9rie de transtornos, incluindo a possibilidade de greve, que afetaria n\u00e3o apenas os servidores, mas tamb\u00e9m a popula\u00e7\u00e3o que depende dos servi\u00e7os p\u00fablicos. \u00c9 essencial que as decis\u00f5es tomadas durante esse per\u00edodo considerem as necessidades e direitos dos funcion\u00e1rios, garantindo que eles n\u00e3o sejam negligenciados.<\/p>\n<h2>Poss\u00edvel Greve e Suas Consequ\u00eancias<\/h2>\n<p>A declara\u00e7\u00e3o de estado de greve \u00e9 um alerta para a administra\u00e7\u00e3o municipal sobre a gravidade das reivindica\u00e7\u00f5es. Caso n\u00e3o haja um progressivo di\u00e1logo e uma proposta favor\u00e1vel, a possibilidade de uma paralisa\u00e7\u00e3o pode se concretizar. Isso traria s\u00e9rias consequ\u00eancias para os servi\u00e7os p\u00fablicos da cidade, pois muitos setores dependem da continuidade das atividades dos servidores para funcionamento adequado.<\/p>\n<h2>Rea\u00e7\u00f5es dos Vereadores Durante a Discuss\u00e3o<\/h2>\n<p>Dentre os vereadores, as rea\u00e7\u00f5es \u00e0 situa\u00e7\u00e3o foram variadas, refletindo a preocupa\u00e7\u00e3o com a quest\u00e3o salarial dos servidores. Marco Bicheiro, vereador e m\u00e9dico da rede municipal, expressou sua indigna\u00e7\u00e3o em rela\u00e7\u00e3o \u00e0 proposta atual, considerando-a inadequada e insuficiente. J\u00e1 Rai de Almeida lembrou que as promessas de valoriza\u00e7\u00e3o feitas durante o per\u00edodo eleitoral devem ser honradas. A postura dos vereadores sugere uma vontade coletiva de buscar solu\u00e7\u00f5es que satisfa\u00e7am tanto os servidores quanto a administra\u00e7\u00e3o.<\/p>\n<h2>Pr\u00f3ximos Passos para os Servidores<\/h2>\n<p>Nos pr\u00f3ximos dias, uma nova assembleia ser\u00e1 convocada, onde os servidores ir\u00e3o discutir as pr\u00f3ximas etapas de suas a\u00e7\u00f5es. A expectativa \u00e9 que, ao longo desses encontros, os profissionais reavaliem suas estrat\u00e9gias na busca de um di\u00e1logo mais produtivo com a administra\u00e7\u00e3o. A mobiliza\u00e7\u00e3o constante e a uni\u00e3o da categoria s\u00e3o essenciais para garantir que suas reivindica\u00e7\u00f5es sejam devidamente consideradas e que a valoriza\u00e7\u00e3o do servidor p\u00fablico n\u00e3o fique apenas na promessa.<\/p>\n\n<div style=\"font-size: 0px; height: 0px; line-height: 0px; margin: 0; padding: 0; clear: both;\"><\/div>","protected":false},"excerpt":{"rendered":"<p>C\u00e2mara apela ao prefeito para atender reivindica\u00e7\u00e3o de servidores por sal\u00e1rio em reuni\u00e3o decisiva.<\/p>\n","protected":false},"author":1,"featured_media":4396,"comment_status":"closed","ping_status":"closed","sticky":false,"template":"","format":"standard","meta":{"footnotes":""},"categories":[6],"tags":[],"class_list":["post-4397","post","type-post","status-publish","format-standard","has-post-thumbnail","hentry","category-noticias-em-piracicaba","has_thumb"],"aioseo_notices":[],"aioseo_head":"\n\t\t<!-- All in One SEO 5.0.0.1 - aioseo.com -->\n\t<meta name=\"robots\" content=\"max-image-preview:large\" \/>\n\t<meta name=\"author\" content=\"Encontra Piracicaba\"\/>\n\t<link rel=\"canonical\" href=\"https:\/\/www.encontrapiracicaba.com.br\/sobre\/camara-apela-ao-prefeito-para-que-atenda-reivindicacao-de-servidores-por-salario\/\" \/>\n\t<meta name=\"generator\" content=\"All in One SEO (AIOSEO) 5.0.0.1\" \/>\n\t\t<meta property=\"og:locale\" content=\"pt_BR\" \/>\n\t\t<meta property=\"og:site_name\" content=\"Encontra Piracicaba | Not\u00edcias, eventos, informa\u00e7\u00f5es e dicas na cidade de Piracicaba e regi\u00e3o\" \/>\n\t\t<meta property=\"og:type\" content=\"article\" \/>\n\t\t<meta property=\"og:title\" content=\"C\u00e2mara apela ao prefeito para que atenda reivindica\u00e7\u00e3o de servidores por sal\u00e1rio | Encontra Piracicaba\" \/>\n\t\t<meta property=\"og:url\" content=\"https:\/\/www.encontrapiracicaba.com.br\/sobre\/camara-apela-ao-prefeito-para-que-atenda-reivindicacao-de-servidores-por-salario\/\" \/>\n\t\t<meta property=\"article:published_time\" content=\"2026-04-08T14:29:22+00:00\" \/>\n\t\t<meta property=\"article:modified_time\" content=\"2026-04-08T14:29:22+00:00\" \/>\n\t\t<meta name=\"twitter:card\" content=\"summary\" \/>\n\t\t<meta name=\"twitter:title\" content=\"C\u00e2mara apela ao prefeito para que atenda reivindica\u00e7\u00e3o de servidores por sal\u00e1rio | Encontra Piracicaba\" \/>\n\t\t<script type=\"application\/ld+json\" class=\"aioseo-schema\">\n\t\t\t{\"@context\":\"https:\\\/\\\/schema.org\",\"@graph\":[{\"@type\":\"Article\",\"@id\":\"https:\\\/\\\/www.encontrapiracicaba.com.br\\\/sobre\\\/camara-apela-ao-prefeito-para-que-atenda-reivindicacao-de-servidores-por-salario\\\/#article\",\"name\":\"C\\u00e2mara apela ao prefeito para que atenda reivindica\\u00e7\\u00e3o de servidores por sal\\u00e1rio | Encontra Piracicaba\",\"headline\":\"C\\u00e2mara apela ao prefeito para que atenda reivindica\\u00e7\\u00e3o de servidores por sal\\u00e1rio\",\"author\":{\"@id\":\"https:\\\/\\\/www.encontrapiracicaba.com.br\\\/sobre\\\/author\\\/epiracicaba\\\/#author\"},\"publisher\":{\"@id\":\"https:\\\/\\\/www.encontrapiracicaba.com.br\\\/sobre\\\/#organization\"},\"image\":{\"@type\":\"ImageObject\",\"url\":\"https:\\\/\\\/www.encontrapiracicaba.com.br\\\/sobre\\\/wp-content\\\/uploads\\\/camara-apela-ao-prefeito-para-que-atenda-reivindicacao-de-servidores-por-salario.webp\",\"width\":280,\"height\":280,\"caption\":\"C\\u00e2mara apela ao prefeito para que atenda reivindica\\u00e7\\u00e3o de servidores por sal\\u00e1rio\"},\"datePublished\":\"2026-04-08T11:29:22-03:00\",\"dateModified\":\"2026-04-08T11:29:22-03:00\",\"inLanguage\":\"pt-BR\",\"mainEntityOfPage\":{\"@id\":\"https:\\\/\\\/www.encontrapiracicaba.com.br\\\/sobre\\\/camara-apela-ao-prefeito-para-que-atenda-reivindicacao-de-servidores-por-salario\\\/#webpage\"},\"isPartOf\":{\"@id\":\"https:\\\/\\\/www.encontrapiracicaba.com.br\\\/sobre\\\/camara-apela-ao-prefeito-para-que-atenda-reivindicacao-de-servidores-por-salario\\\/#webpage\"},\"articleSection\":\"Not\\u00edcias Piracicaba\"},{\"@type\":\"BreadcrumbList\",\"@id\":\"https:\\\/\\\/www.encontrapiracicaba.com.br\\\/sobre\\\/camara-apela-ao-prefeito-para-que-atenda-reivindicacao-de-servidores-por-salario\\\/#breadcrumblist\",\"itemListElement\":[{\"@type\":\"ListItem\",\"@id\":\"https:\\\/\\\/www.encontrapiracicaba.com.br\\\/sobre#listItem\",\"position\":1,\"name\":\"In\\u00edcio\",\"item\":\"https:\\\/\\\/www.encontrapiracicaba.com.br\\\/sobre\",\"nextItem\":{\"@type\":\"ListItem\",\"@id\":\"https:\\\/\\\/www.encontrapiracicaba.com.br\\\/sobre\\\/noticias-em-piracicaba\\\/#listItem\",\"name\":\"Not\\u00edcias Piracicaba\"}},{\"@type\":\"ListItem\",\"@id\":\"https:\\\/\\\/www.encontrapiracicaba.com.br\\\/sobre\\\/noticias-em-piracicaba\\\/#listItem\",\"position\":2,\"name\":\"Not\\u00edcias Piracicaba\",\"item\":\"https:\\\/\\\/www.encontrapiracicaba.com.br\\\/sobre\\\/noticias-em-piracicaba\\\/\",\"nextItem\":{\"@type\":\"ListItem\",\"@id\":\"https:\\\/\\\/www.encontrapiracicaba.com.br\\\/sobre\\\/camara-apela-ao-prefeito-para-que-atenda-reivindicacao-de-servidores-por-salario\\\/#listItem\",\"name\":\"C\\u00e2mara apela ao prefeito para que atenda reivindica\\u00e7\\u00e3o de servidores por sal\\u00e1rio\"},\"previousItem\":{\"@type\":\"ListItem\",\"@id\":\"https:\\\/\\\/www.encontrapiracicaba.com.br\\\/sobre#listItem\",\"name\":\"In\\u00edcio\"}},{\"@type\":\"ListItem\",\"@id\":\"https:\\\/\\\/www.encontrapiracicaba.com.br\\\/sobre\\\/camara-apela-ao-prefeito-para-que-atenda-reivindicacao-de-servidores-por-salario\\\/#listItem\",\"position\":3,\"name\":\"C\\u00e2mara apela ao prefeito para que atenda reivindica\\u00e7\\u00e3o de servidores por sal\\u00e1rio\",\"previousItem\":{\"@type\":\"ListItem\",\"@id\":\"https:\\\/\\\/www.encontrapiracicaba.com.br\\\/sobre\\\/noticias-em-piracicaba\\\/#listItem\",\"name\":\"Not\\u00edcias Piracicaba\"}}]},{\"@type\":\"Organization\",\"@id\":\"https:\\\/\\\/www.encontrapiracicaba.com.br\\\/sobre\\\/#organization\",\"name\":\"Encontra Piracicaba\",\"description\":\"Not\\u00edcias, eventos, informa\\u00e7\\u00f5es e dicas na cidade de Piracicaba e regi\\u00e3o\",\"url\":\"https:\\\/\\\/www.encontrapiracicaba.com.br\\\/sobre\\\/\"},{\"@type\":\"Person\",\"@id\":\"https:\\\/\\\/www.encontrapiracicaba.com.br\\\/sobre\\\/author\\\/epiracicaba\\\/#author\",\"url\":\"https:\\\/\\\/www.encontrapiracicaba.com.br\\\/sobre\\\/author\\\/epiracicaba\\\/\",\"name\":\"Encontra Piracicaba\",\"image\":{\"@type\":\"ImageObject\",\"@id\":\"https:\\\/\\\/www.encontrapiracicaba.com.br\\\/sobre\\\/camara-apela-ao-prefeito-para-que-atenda-reivindicacao-de-servidores-por-salario\\\/#authorImage\",\"url\":\"https:\\\/\\\/secure.gravatar.com\\\/avatar\\\/507340682b8270222e1f208e23198b6ae7e2c6a1033ae84e99bc6bce4f82a387?s=96&d=mm&r=g\",\"width\":96,\"height\":96,\"caption\":\"Encontra Piracicaba\"}},{\"@type\":\"WebPage\",\"@id\":\"https:\\\/\\\/www.encontrapiracicaba.com.br\\\/sobre\\\/camara-apela-ao-prefeito-para-que-atenda-reivindicacao-de-servidores-por-salario\\\/#webpage\",\"url\":\"https:\\\/\\\/www.encontrapiracicaba.com.br\\\/sobre\\\/camara-apela-ao-prefeito-para-que-atenda-reivindicacao-de-servidores-por-salario\\\/\",\"name\":\"C\\u00e2mara apela ao prefeito para que atenda reivindica\\u00e7\\u00e3o de servidores por sal\\u00e1rio | Encontra Piracicaba\",\"inLanguage\":\"pt-BR\",\"isPartOf\":{\"@id\":\"https:\\\/\\\/www.encontrapiracicaba.com.br\\\/sobre\\\/#website\"},\"breadcrumb\":{\"@id\":\"https:\\\/\\\/www.encontrapiracicaba.com.br\\\/sobre\\\/camara-apela-ao-prefeito-para-que-atenda-reivindicacao-de-servidores-por-salario\\\/#breadcrumblist\"},\"author\":{\"@id\":\"https:\\\/\\\/www.encontrapiracicaba.com.br\\\/sobre\\\/author\\\/epiracicaba\\\/#author\"},\"creator\":{\"@id\":\"https:\\\/\\\/www.encontrapiracicaba.com.br\\\/sobre\\\/author\\\/epiracicaba\\\/#author\"},\"image\":{\"@type\":\"ImageObject\",\"url\":\"https:\\\/\\\/www.encontrapiracicaba.com.br\\\/sobre\\\/wp-content\\\/uploads\\\/camara-apela-ao-prefeito-para-que-atenda-reivindicacao-de-servidores-por-salario.webp\",\"@id\":\"https:\\\/\\\/www.encontrapiracicaba.com.br\\\/sobre\\\/camara-apela-ao-prefeito-para-que-atenda-reivindicacao-de-servidores-por-salario\\\/#mainImage\",\"width\":280,\"height\":280,\"caption\":\"C\\u00e2mara apela ao prefeito para que atenda reivindica\\u00e7\\u00e3o de servidores por sal\\u00e1rio\"},\"primaryImageOfPage\":{\"@id\":\"https:\\\/\\\/www.encontrapiracicaba.com.br\\\/sobre\\\/camara-apela-ao-prefeito-para-que-atenda-reivindicacao-de-servidores-por-salario\\\/#mainImage\"},\"datePublished\":\"2026-04-08T11:29:22-03:00\",\"dateModified\":\"2026-04-08T11:29:22-03:00\"},{\"@type\":\"WebSite\",\"@id\":\"https:\\\/\\\/www.encontrapiracicaba.com.br\\\/sobre\\\/#website\",\"url\":\"https:\\\/\\\/www.encontrapiracicaba.com.br\\\/sobre\\\/\",\"name\":\"Encontra Piracicaba\",\"description\":\"Not\\u00edcias, eventos, informa\\u00e7\\u00f5es e dicas na cidade de Piracicaba e regi\\u00e3o\",\"inLanguage\":\"pt-BR\",\"publisher\":{\"@id\":\"https:\\\/\\\/www.encontrapiracicaba.com.br\\\/sobre\\\/#organization\"}}]}\n\t\t<\/script>\n\t\t<!-- All in One SEO -->\n\n","aioseo_head_json":{"title":"C\u00e2mara apela ao prefeito para que atenda reivindica\u00e7\u00e3o de servidores por sal\u00e1rio | Encontra Piracicaba","description":"","canonical_url":"https:\/\/www.encontrapiracicaba.com.br\/sobre\/camara-apela-ao-prefeito-para-que-atenda-reivindicacao-de-servidores-por-salario\/","robots":"max-image-preview:large","keywords":"","webmasterTools":{"miscellaneous":""},"schema":{"@context":"https:\/\/schema.org","@graph":[{"@type":"Article","@id":"https:\/\/www.encontrapiracicaba.com.br\/sobre\/camara-apela-ao-prefeito-para-que-atenda-reivindicacao-de-servidores-por-salario\/#article","name":"C\u00e2mara apela ao prefeito para que atenda reivindica\u00e7\u00e3o de servidores por sal\u00e1rio | Encontra Piracicaba","headline":"C\u00e2mara apela ao prefeito para que atenda reivindica\u00e7\u00e3o de servidores por sal\u00e1rio","author":{"@id":"https:\/\/www.encontrapiracicaba.com.br\/sobre\/author\/epiracicaba\/#author"},"publisher":{"@id":"https:\/\/www.encontrapiracicaba.com.br\/sobre\/#organization"},"image":{"@type":"ImageObject","url":"https:\/\/www.encontrapiracicaba.com.br\/sobre\/wp-content\/uploads\/camara-apela-ao-prefeito-para-que-atenda-reivindicacao-de-servidores-por-salario.webp","width":280,"height":280,"caption":"C\u00e2mara apela ao prefeito para que atenda reivindica\u00e7\u00e3o de servidores por sal\u00e1rio"},"datePublished":"2026-04-08T11:29:22-03:00","dateModified":"2026-04-08T11:29:22-03:00","inLanguage":"pt-BR","mainEntityOfPage":{"@id":"https:\/\/www.encontrapiracicaba.com.br\/sobre\/camara-apela-ao-prefeito-para-que-atenda-reivindicacao-de-servidores-por-salario\/#webpage"},"isPartOf":{"@id":"https:\/\/www.encontrapiracicaba.com.br\/sobre\/camara-apela-ao-prefeito-para-que-atenda-reivindicacao-de-servidores-por-salario\/#webpage"},"articleSection":"Not\u00edcias Piracicaba"},{"@type":"BreadcrumbList","@id":"https:\/\/www.encontrapiracicaba.com.br\/sobre\/camara-apela-ao-prefeito-para-que-atenda-reivindicacao-de-servidores-por-salario\/#breadcrumblist","itemListElement":[{"@type":"ListItem","@id":"https:\/\/www.encontrapiracicaba.com.br\/sobre#listItem","position":1,"name":"In\u00edcio","item":"https:\/\/www.encontrapiracicaba.com.br\/sobre","nextItem":{"@type":"ListItem","@id":"https:\/\/www.encontrapiracicaba.com.br\/sobre\/noticias-em-piracicaba\/#listItem","name":"Not\u00edcias Piracicaba"}},{"@type":"ListItem","@id":"https:\/\/www.encontrapiracicaba.com.br\/sobre\/noticias-em-piracicaba\/#listItem","position":2,"name":"Not\u00edcias Piracicaba","item":"https:\/\/www.encontrapiracicaba.com.br\/sobre\/noticias-em-piracicaba\/","nextItem":{"@type":"ListItem","@id":"https:\/\/www.encontrapiracicaba.com.br\/sobre\/camara-apela-ao-prefeito-para-que-atenda-reivindicacao-de-servidores-por-salario\/#listItem","name":"C\u00e2mara apela ao prefeito para que atenda reivindica\u00e7\u00e3o de servidores por sal\u00e1rio"},"previousItem":{"@type":"ListItem","@id":"https:\/\/www.encontrapiracicaba.com.br\/sobre#listItem","name":"In\u00edcio"}},{"@type":"ListItem","@id":"https:\/\/www.encontrapiracicaba.com.br\/sobre\/camara-apela-ao-prefeito-para-que-atenda-reivindicacao-de-servidores-por-salario\/#listItem","position":3,"name":"C\u00e2mara apela ao prefeito para que atenda reivindica\u00e7\u00e3o de servidores por sal\u00e1rio","previousItem":{"@type":"ListItem","@id":"https:\/\/www.encontrapiracicaba.com.br\/sobre\/noticias-em-piracicaba\/#listItem","name":"Not\u00edcias Piracicaba"}}]},{"@type":"Organization","@id":"https:\/\/www.encontrapiracicaba.com.br\/sobre\/#organization","name":"Encontra Piracicaba","description":"Not\u00edcias, eventos, informa\u00e7\u00f5es e dicas na cidade de Piracicaba e regi\u00e3o","url":"https:\/\/www.encontrapiracicaba.com.br\/sobre\/"},{"@type":"Person","@id":"https:\/\/www.encontrapiracicaba.com.br\/sobre\/author\/epiracicaba\/#author","url":"https:\/\/www.encontrapiracicaba.com.br\/sobre\/author\/epiracicaba\/","name":"Encontra Piracicaba","image":{"@type":"ImageObject","@id":"https:\/\/www.encontrapiracicaba.com.br\/sobre\/camara-apela-ao-prefeito-para-que-atenda-reivindicacao-de-servidores-por-salario\/#authorImage","url":"https:\/\/secure.gravatar.com\/avatar\/507340682b8270222e1f208e23198b6ae7e2c6a1033ae84e99bc6bce4f82a387?s=96&d=mm&r=g","width":96,"height":96,"caption":"Encontra Piracicaba"}},{"@type":"WebPage","@id":"https:\/\/www.encontrapiracicaba.com.br\/sobre\/camara-apela-ao-prefeito-para-que-atenda-reivindicacao-de-servidores-por-salario\/#webpage","url":"https:\/\/www.encontrapiracicaba.com.br\/sobre\/camara-apela-ao-prefeito-para-que-atenda-reivindicacao-de-servidores-por-salario\/","name":"C\u00e2mara apela ao prefeito para que atenda reivindica\u00e7\u00e3o de servidores por sal\u00e1rio | Encontra Piracicaba","inLanguage":"pt-BR","isPartOf":{"@id":"https:\/\/www.encontrapiracicaba.com.br\/sobre\/#website"},"breadcrumb":{"@id":"https:\/\/www.encontrapiracicaba.com.br\/sobre\/camara-apela-ao-prefeito-para-que-atenda-reivindicacao-de-servidores-por-salario\/#breadcrumblist"},"author":{"@id":"https:\/\/www.encontrapiracicaba.com.br\/sobre\/author\/epiracicaba\/#author"},"creator":{"@id":"https:\/\/www.encontrapiracicaba.com.br\/sobre\/author\/epiracicaba\/#author"},"image":{"@type":"ImageObject","url":"https:\/\/www.encontrapiracicaba.com.br\/sobre\/wp-content\/uploads\/camara-apela-ao-prefeito-para-que-atenda-reivindicacao-de-servidores-por-salario.webp","@id":"https:\/\/www.encontrapiracicaba.com.br\/sobre\/camara-apela-ao-prefeito-para-que-atenda-reivindicacao-de-servidores-por-salario\/#mainImage","width":280,"height":280,"caption":"C\u00e2mara apela ao prefeito para que atenda reivindica\u00e7\u00e3o de servidores por sal\u00e1rio"},"primaryImageOfPage":{"@id":"https:\/\/www.encontrapiracicaba.com.br\/sobre\/camara-apela-ao-prefeito-para-que-atenda-reivindicacao-de-servidores-por-salario\/#mainImage"},"datePublished":"2026-04-08T11:29:22-03:00","dateModified":"2026-04-08T11:29:22-03:00"},{"@type":"WebSite","@id":"https:\/\/www.encontrapiracicaba.com.br\/sobre\/#website","url":"https:\/\/www.encontrapiracicaba.com.br\/sobre\/","name":"Encontra Piracicaba","description":"Not\u00edcias, eventos, informa\u00e7\u00f5es e dicas na cidade de Piracicaba e regi\u00e3o","inLanguage":"pt-BR","publisher":{"@id":"https:\/\/www.encontrapiracicaba.com.br\/sobre\/#organization"}}]},"og:locale":"pt_BR","og:site_name":"Encontra Piracicaba | Not\u00edcias, eventos, informa\u00e7\u00f5es e dicas na cidade de Piracicaba e regi\u00e3o","og:type":"article","og:title":"C\u00e2mara apela ao prefeito para que atenda reivindica\u00e7\u00e3o de servidores por sal\u00e1rio | Encontra Piracicaba","og:url":"https:\/\/www.encontrapiracicaba.com.br\/sobre\/camara-apela-ao-prefeito-para-que-atenda-reivindicacao-de-servidores-por-salario\/","article:published_time":"2026-04-08T14:29:22+00:00","article:modified_time":"2026-04-08T14:29:22+00:00","twitter:card":"summary","twitter:title":"C\u00e2mara apela ao prefeito para que atenda reivindica\u00e7\u00e3o de servidores por sal\u00e1rio | Encontra Piracicaba"},"aioseo_meta_data":{"post_id":"4397","title":null,"description":null,"keywords":null,"keyphrases":null,"primary_term":null,"canonical_url":null,"og_title":null,"og_description":null,"og_object_type":"default","og_image_type":"default","og_image_url":null,"og_image_width":null,"og_image_height":null,"og_image_custom_url":null,"og_image_custom_fields":null,"og_video":null,"og_custom_url":null,"og_article_section":null,"og_article_tags":null,"twitter_use_og":false,"twitter_card":"default","twitter_image_type":"default","twitter_image_url":null,"twitter_image_custom_url":null,"twitter_image_custom_fields":null,"twitter_title":null,"twitter_description":null,"schema":{"blockGraphs":[],"customGraphs":[],"default":{"data":{"Article":[],"Course":[],"Dataset":[],"FAQPage":[],"Movie":[],"Person":[],"Product":[],"ProductReview":[],"Car":[],"Recipe":[],"Service":[],"SoftwareApplication":[],"WebPage":[]},"graphName":"Article","isEnabled":true},"graphs":[]},"schema_type":"default","schema_type_options":null,"pillar_content":false,"robots_default":true,"robots_noindex":false,"robots_noarchive":false,"robots_nosnippet":false,"robots_nofollow":false,"robots_noimageindex":false,"robots_noodp":false,"robots_notranslate":false,"robots_max_snippet":null,"robots_max_videopreview":null,"robots_max_imagepreview":"large","priority":null,"frequency":null,"local_seo":null,"breadcrumb_settings":null,"limit_modified_date":false,"ai":null,"created":"2026-04-08 14:29:27","updated":"2026-04-08 14:39:16","focus_keyword":null,"additional_keywords":null,"truseo_locale":null,"seo_analyzer_scan_date":null},"aioseo_breadcrumb":"<div class=\"aioseo-breadcrumbs\"><span class=\"aioseo-breadcrumb\">\n\t\t\t<a href=\"https:\/\/www.encontrapiracicaba.com.br\/sobre\" title=\"In\u00edcio\">In\u00edcio<\/a>\n\t\t<\/span><span class=\"aioseo-breadcrumb-separator\">&raquo;<\/span><span class=\"aioseo-breadcrumb\">\n\t\t\t<a href=\"https:\/\/www.encontrapiracicaba.com.br\/sobre\/noticias-em-piracicaba\/\" title=\"Not\u00edcias Piracicaba\">Not\u00edcias Piracicaba<\/a>\n\t\t<\/span><span class=\"aioseo-breadcrumb-separator\">&raquo;<\/span><span class=\"aioseo-breadcrumb\">\n\t\t\tC\u00e2mara apela ao prefeito para que atenda reivindica\u00e7\u00e3o de servidores por sal\u00e1rio\n\t\t<\/span><\/div>","aioseo_breadcrumb_json":[{"label":"In\u00edcio","link":"https:\/\/www.encontrapiracicaba.com.br\/sobre"},{"label":"Not\u00edcias Piracicaba","link":"https:\/\/www.encontrapiracicaba.com.br\/sobre\/noticias-em-piracicaba\/"},{"label":"C\u00e2mara apela ao prefeito para que atenda reivindica\u00e7\u00e3o de servidores por sal\u00e1rio","link":"https:\/\/www.encontrapiracicaba.com.br\/sobre\/camara-apela-ao-prefeito-para-que-atenda-reivindicacao-de-servidores-por-salario\/"}],"_links":{"self":[{"href":"https:\/\/www.encontrapiracicaba.com.br\/sobre\/wp-json\/wp\/v2\/posts\/4397","targetHints":{"allow":["GET"]}}],"collection":[{"href":"https:\/\/www.encontrapiracicaba.com.br\/sobre\/wp-json\/wp\/v2\/posts"}],"about":[{"href":"https:\/\/www.encontrapiracicaba.com.br\/sobre\/wp-json\/wp\/v2\/types\/post"}],"author":[{"embeddable":true,"href":"https:\/\/www.encontrapiracicaba.com.br\/sobre\/wp-json\/wp\/v2\/users\/1"}],"replies":[{"embeddable":true,"href":"https:\/\/www.encontrapiracicaba.com.br\/sobre\/wp-json\/wp\/v2\/comments?post=4397"}],"version-history":[{"count":0,"href":"https:\/\/www.encontrapiracicaba.com.br\/sobre\/wp-json\/wp\/v2\/posts\/4397\/revisions"}],"wp:featuredmedia":[{"embeddable":true,"href":"https:\/\/www.encontrapiracicaba.com.br\/sobre\/wp-json\/wp\/v2\/media\/4396"}],"wp:attachment":[{"href":"https:\/\/www.encontrapiracicaba.com.br\/sobre\/wp-json\/wp\/v2\/media?parent=4397"}],"wp:term":[{"taxonomy":"category","embeddable":true,"href":"https:\/\/www.encontrapiracicaba.com.br\/sobre\/wp-json\/wp\/v2\/categories?post=4397"},{"taxonomy":"post_tag","embeddable":true,"href":"https:\/\/www.encontrapiracicaba.com.br\/sobre\/wp-json\/wp\/v2\/tags?post=4397"}],"curies":[{"name":"wp","href":"https:\/\/api.w.org\/{rel}","templated":true}]}}