{"id":4399,"date":"2026-04-08T11:30:37","date_gmt":"2026-04-08T14:30:37","guid":{"rendered":"https:\/\/www.encontrapiracicaba.com.br\/sobre\/lideranca-politica-recebe-titulo-de-cidadao-piracicabano-nos-eua\/"},"modified":"2026-04-08T11:30:37","modified_gmt":"2026-04-08T14:30:37","slug":"lideranca-politica-recebe-titulo-de-cidadao-piracicabano-nos-eua","status":"publish","type":"post","link":"https:\/\/www.encontrapiracicaba.com.br\/sobre\/lideranca-politica-recebe-titulo-de-cidadao-piracicabano-nos-eua\/","title":{"rendered":"Lideran\u00e7a pol\u00edtica recebe T\u00edtulo de Cidad\u00e3o Piracicabano nos EUA"},"content":{"rendered":"<div class=\"85df007ed5c0c4d4b453fd13a37855e8\" data-index=\"1\" style=\"float: none; margin:0px;\">\n<!-- Anuncio display - global -->\r\n<ins class=\"adsbygoogle\"\r\n     style=\"display:block\"\r\n     data-ad-client=\"ca-pub-8585364105181520\"\r\n     data-ad-slot=\"8789329856\"\r\n     data-ad-format=\"auto\"\r\n     data-full-width-responsive=\"true\"><\/ins>\r\n<script>\r\n     (adsbygoogle = window.adsbygoogle || []).push({});\r\n<\/script>\n<\/div>\n<h2>A Cerim\u00f4nia de Entrega do T\u00edtulo<\/h2>\n<p>Em um evento significativo ocorrido em Dallas, Texas, o vereador Renan Paes (PL) teve a honra de conceder o <strong>T\u00edtulo de Cidad\u00e3o Piracicabano<\/strong> a Eduardo Bolsonaro. Este reconhecimento foi formalmente aprovado pela C\u00e2mara Municipal de Piracicaba em 2023, gra\u00e7as \u00e0 iniciativa do vereador Fabr\u00edcio Polezi (PL). A cerim\u00f4nia \u00e9 um reflexo da inten\u00e7\u00e3o de estreitar la\u00e7os entre as lideran\u00e7as pol\u00edticas brasileiras e a cidade de Piracicaba, enfatizando a import\u00e2ncia do interc\u00e2mbio e da colabora\u00e7\u00e3o entre diferentes esferas governamentais.<\/p>\n<h2>Quem \u00e9 Eduardo Bolsonaro?<\/h2>\n<p>Eduardo Bolsonaro, filho do ex-presidente Jair Bolsonaro, \u00e9 uma figura proeminente no cen\u00e1rio pol\u00edtico brasileiro. Ele \u00e9 conhecido por sua atua\u00e7\u00e3o como deputado federal, onde representa o estado de S\u00e3o Paulo. Eduardo tem se envolvido em diversas quest\u00f5es legislativas, especialmente voltadas para a sa\u00fade e seguran\u00e7a p\u00fablica. Sua reputa\u00e7\u00e3o tem sido marcada por uma forte conex\u00e3o com seus eleitores, que o reconhecem como um defensor dos valores conservadores e da agenda pol\u00edtica da fam\u00edlia Bolsonaro.<\/p>\n<h2>O Papel de Renan Paes na Homenagem<\/h2>\n<p>O vereador Renan Paes foi crucial na entrega do t\u00edtulo a Eduardo Bolsonaro, simbolizando o fortalecimento das rela\u00e7\u00f5es entre o munic\u00edpio de Piracicaba e figuras influentes da pol\u00edtica nacional. Ele expressou sua satisfa\u00e7\u00e3o em reconhecer a trajet\u00f3ria de Eduardo, ressaltando a import\u00e2ncia deste gesto n\u00e3o apenas como uma honraria pessoal, mas como um s\u00edmbolo de aproxima\u00e7\u00e3o e apoio m\u00fatuo. Renan acredita que a intera\u00e7\u00e3o entre as autoridades ajudar\u00e1 a potencializar recursos e investimentos para a cidade.<\/p>\n<p><img decoding=\"async\" src=\"https:\/\/www.encontrapiracicaba.com.br\/sobre\/wp-content\/uploads\/lideranca-politica-recebe-titulo-de-cidadao-piracicabano-nos-eua.webp\" alt=\"T\u00edtulo de Cidad\u00e3o Piracicabano\" loading=\"lazy\" \/><\/p>\n<h2>A Import\u00e2ncia do T\u00edtulo para a Comunidade<\/h2>\n<p>O <strong>T\u00edtulo de Cidad\u00e3o Piracicabano<\/strong> n\u00e3o \u00e9 apenas um reconhecimento simb\u00f3lico, mas representa um elo significativo entre Piracicaba e o resto do Brasil. Este gesto pode fomentar di\u00e1logos importantes sobre pol\u00edticas p\u00fablicas e desenvolvimento local. Para a popula\u00e7\u00e3o piracicabana, receber uma personalidade pol\u00edtica de destaque \u00e9 uma oportunidade de alavancar projetos que trar\u00e3o benef\u00edcios diretos \u00e0 sa\u00fade, educa\u00e7\u00e3o e infraestrutura do munic\u00edpio. Al\u00e9m disso, a utiliza\u00e7\u00e3o dessa honraria em eventos futuros pode atrair mais aten\u00e7\u00e3o para as necessidades e potencialidades da cidade.<\/p>\n<h2>Repercuss\u00f5es na Pol\u00edtica Piracicabana<\/h2>\n<p>A entrega do t\u00edtulo a Eduardo Bolsonaro tem suscitado um debate nas esferas pol\u00edticas locais. Os vereadores e l\u00edderes comunit\u00e1rios analisam as poss\u00edveis consequ\u00eancias dessa honra. Algumas pessoas veem isso como uma oportunidade de estreitar rela\u00e7\u00f5es e trazer investimentos, enquanto outros expressam preocupa\u00e7\u00f5es sobre a polariza\u00e7\u00e3o pol\u00edtica. A discuss\u00e3o sobre como eventos desse tipo podem impactar a pol\u00edtica local continua a ser um tema relevante em Piracicaba.<\/p>\n<h2>Eduardo Bolsonaro e a Rela\u00e7\u00e3o com Piracicaba<\/h2>\n<p>Eduardo Bolsonaro sempre expressou apre\u00e7o pela cidade de Piracicaba, mencionando sua vontade de visitar a regi\u00e3o em 2027. Esse compromisso pode abrir portas para um interc\u00e2mbio maior entre sua esfera pol\u00edtica e as necessidades locais. Durante sua fala na cerim\u00f4nia, ele enfatizou a import\u00e2ncia dos la\u00e7os que unem Bras\u00edlia a cidades como Piracicaba, destacando seu interesse em contribuir, principalmente na \u00e1rea da sa\u00fade, por meio de emendas parlamentares que podem beneficiar diretamente a popula\u00e7\u00e3o local.<\/p>\n<h2>Visitas Futuras ao Munic\u00edpio<\/h2>\n<p>Eduardo Bolsonaro manifestou o desejo de viajar a Piracicaba em um futuro pr\u00f3ximo para participar de um evento oficial e receber a honraria em uma cerim\u00f4nia local. Essa visita n\u00e3o apenas refor\u00e7aria sua conex\u00e3o com a cidade, mas tamb\u00e9m serviria como uma oportunidade para dialogar com a popula\u00e7\u00e3o e entender suas demandas. Os moradores de Piracicaba esperam que esse encontro gere visibilidade para suas necessidades e fortale\u00e7a a colabora\u00e7\u00e3o entre a administra\u00e7\u00e3o p\u00fablica e as esferas legislativas.<\/p>\n<h2>O Significado da Honraria Internacional<\/h2>\n<p>A entrega do t\u00edtulo de <strong>Cidad\u00e3o Piracicabano<\/strong> a Eduardo Bolsonaro simboliza uma honra que transcende as fronteiras locais e nacionais. \u00c9 uma representa\u00e7\u00e3o do reconhecimento das contribui\u00e7\u00f5es pol\u00edticas e sociais de uma figura p\u00fablica em rela\u00e7\u00e3o \u00e0 comunidade. Tais honrarias podem atuar como catalisadores para parcerias internacionais, onde a cidade pode se beneficiar de experi\u00eancias e solu\u00e7\u00f5es adotadas em outros locais. Al\u00e9m disso, reconhecimentos desse tipo podem atrair a aten\u00e7\u00e3o da m\u00eddia, contribuindo para a visibilidade de Piracicaba em um contexto global.<\/p>\n<h2>Discuss\u00f5es Pol\u00edticas em Dallas<\/h2>\n<p>O evento tamb\u00e9m fez parte de uma s\u00e9rie de discuss\u00f5es pol\u00edticas que envolvem parlamentares brasileiros e lideran\u00e7as de diferentes setores. A troca de ideias ocorreu em um ambiente que buscou entender melhor as din\u00e2micas pol\u00edticas nacionais e internacionais. Tais reuni\u00f5es s\u00e3o de extrema import\u00e2ncia, pois promovem um entendimento aprofundado sobre a realidade brasileira e o papel das cidades, como Piracicaba, nesse contexto mais amplo. Esta intera\u00e7\u00e3o demonstra que a pol\u00edtica est\u00e1 em constante evolu\u00e7\u00e3o e que o di\u00e1logo \u00e9 fundamental para o progresso.<\/p>\n<h2>A Influ\u00eancia das Emendas Parlamentares<\/h2>\n<p>Eduardo Bolsonaro destacou a destina\u00e7\u00e3o de emendas parlamentares para a sa\u00fade em sua conversa durante a cerim\u00f4nia. Essas emendas s\u00e3o uma ferramenta crucial para garantir financiamentos que atendam as necessidades locais. A aloca\u00e7\u00e3o de recursos financeiros pode proporcionar melhorias significativas nos servi\u00e7os de sa\u00fade, educa\u00e7\u00e3o e infraestrutura, que s\u00e3o \u00e1reas essenciais para o desenvolvimento de Piracicaba. Os l\u00edderes locais devem trabalhar em conjunto para assegurar que essas emendas sejam bem direcionadas e atendam realmente \u00e0s demandas da popula\u00e7\u00e3o.<\/p>\n\n<div style=\"font-size: 0px; height: 0px; line-height: 0px; margin: 0; padding: 0; clear: both;\"><\/div>","protected":false},"excerpt":{"rendered":"<p>T\u00edtulo de Cidad\u00e3o Piracicabano \u00e9 concedido a Eduardo Bolsonaro nos EUA.<\/p>\n","protected":false},"author":1,"featured_media":4398,"comment_status":"closed","ping_status":"closed","sticky":false,"template":"","format":"standard","meta":{"footnotes":""},"categories":[6],"tags":[],"class_list":["post-4399","post","type-post","status-publish","format-standard","has-post-thumbnail","hentry","category-noticias-em-piracicaba","has_thumb"],"aioseo_notices":[],"aioseo_head":"\n\t\t<!-- All in One SEO 5.0.0.1 - aioseo.com -->\n\t<meta name=\"robots\" content=\"max-image-preview:large\" \/>\n\t<meta name=\"author\" content=\"Encontra Piracicaba\"\/>\n\t<link rel=\"canonical\" href=\"https:\/\/www.encontrapiracicaba.com.br\/sobre\/lideranca-politica-recebe-titulo-de-cidadao-piracicabano-nos-eua\/\" \/>\n\t<meta name=\"generator\" content=\"All in One SEO (AIOSEO) 5.0.0.1\" \/>\n\t\t<meta property=\"og:locale\" content=\"pt_BR\" \/>\n\t\t<meta property=\"og:site_name\" content=\"Encontra Piracicaba | Not\u00edcias, eventos, informa\u00e7\u00f5es e dicas na cidade de Piracicaba e regi\u00e3o\" \/>\n\t\t<meta property=\"og:type\" content=\"article\" \/>\n\t\t<meta property=\"og:title\" content=\"Lideran\u00e7a pol\u00edtica recebe T\u00edtulo de Cidad\u00e3o Piracicabano nos EUA | Encontra Piracicaba\" \/>\n\t\t<meta property=\"og:url\" content=\"https:\/\/www.encontrapiracicaba.com.br\/sobre\/lideranca-politica-recebe-titulo-de-cidadao-piracicabano-nos-eua\/\" \/>\n\t\t<meta property=\"article:published_time\" content=\"2026-04-08T14:30:37+00:00\" \/>\n\t\t<meta property=\"article:modified_time\" content=\"2026-04-08T14:30:37+00:00\" \/>\n\t\t<meta name=\"twitter:card\" content=\"summary\" \/>\n\t\t<meta name=\"twitter:title\" content=\"Lideran\u00e7a pol\u00edtica recebe T\u00edtulo de Cidad\u00e3o Piracicabano nos EUA | Encontra Piracicaba\" \/>\n\t\t<script type=\"application\/ld+json\" class=\"aioseo-schema\">\n\t\t\t{\"@context\":\"https:\\\/\\\/schema.org\",\"@graph\":[{\"@type\":\"Article\",\"@id\":\"https:\\\/\\\/www.encontrapiracicaba.com.br\\\/sobre\\\/lideranca-politica-recebe-titulo-de-cidadao-piracicabano-nos-eua\\\/#article\",\"name\":\"Lideran\\u00e7a pol\\u00edtica recebe T\\u00edtulo de Cidad\\u00e3o Piracicabano nos EUA | Encontra Piracicaba\",\"headline\":\"Lideran\\u00e7a pol\\u00edtica recebe T\\u00edtulo de Cidad\\u00e3o Piracicabano nos EUA\",\"author\":{\"@id\":\"https:\\\/\\\/www.encontrapiracicaba.com.br\\\/sobre\\\/author\\\/epiracicaba\\\/#author\"},\"publisher\":{\"@id\":\"https:\\\/\\\/www.encontrapiracicaba.com.br\\\/sobre\\\/#organization\"},\"image\":{\"@type\":\"ImageObject\",\"url\":\"https:\\\/\\\/www.encontrapiracicaba.com.br\\\/sobre\\\/wp-content\\\/uploads\\\/lideranca-politica-recebe-titulo-de-cidadao-piracicabano-nos-eua.webp\",\"width\":280,\"height\":280,\"caption\":\"T\\u00edtulo de Cidad\\u00e3o Piracicabano\"},\"datePublished\":\"2026-04-08T11:30:37-03:00\",\"dateModified\":\"2026-04-08T11:30:37-03:00\",\"inLanguage\":\"pt-BR\",\"mainEntityOfPage\":{\"@id\":\"https:\\\/\\\/www.encontrapiracicaba.com.br\\\/sobre\\\/lideranca-politica-recebe-titulo-de-cidadao-piracicabano-nos-eua\\\/#webpage\"},\"isPartOf\":{\"@id\":\"https:\\\/\\\/www.encontrapiracicaba.com.br\\\/sobre\\\/lideranca-politica-recebe-titulo-de-cidadao-piracicabano-nos-eua\\\/#webpage\"},\"articleSection\":\"Not\\u00edcias Piracicaba\"},{\"@type\":\"BreadcrumbList\",\"@id\":\"https:\\\/\\\/www.encontrapiracicaba.com.br\\\/sobre\\\/lideranca-politica-recebe-titulo-de-cidadao-piracicabano-nos-eua\\\/#breadcrumblist\",\"itemListElement\":[{\"@type\":\"ListItem\",\"@id\":\"https:\\\/\\\/www.encontrapiracicaba.com.br\\\/sobre#listItem\",\"position\":1,\"name\":\"In\\u00edcio\",\"item\":\"https:\\\/\\\/www.encontrapiracicaba.com.br\\\/sobre\",\"nextItem\":{\"@type\":\"ListItem\",\"@id\":\"https:\\\/\\\/www.encontrapiracicaba.com.br\\\/sobre\\\/noticias-em-piracicaba\\\/#listItem\",\"name\":\"Not\\u00edcias Piracicaba\"}},{\"@type\":\"ListItem\",\"@id\":\"https:\\\/\\\/www.encontrapiracicaba.com.br\\\/sobre\\\/noticias-em-piracicaba\\\/#listItem\",\"position\":2,\"name\":\"Not\\u00edcias Piracicaba\",\"item\":\"https:\\\/\\\/www.encontrapiracicaba.com.br\\\/sobre\\\/noticias-em-piracicaba\\\/\",\"nextItem\":{\"@type\":\"ListItem\",\"@id\":\"https:\\\/\\\/www.encontrapiracicaba.com.br\\\/sobre\\\/lideranca-politica-recebe-titulo-de-cidadao-piracicabano-nos-eua\\\/#listItem\",\"name\":\"Lideran\\u00e7a pol\\u00edtica recebe T\\u00edtulo de Cidad\\u00e3o Piracicabano nos EUA\"},\"previousItem\":{\"@type\":\"ListItem\",\"@id\":\"https:\\\/\\\/www.encontrapiracicaba.com.br\\\/sobre#listItem\",\"name\":\"In\\u00edcio\"}},{\"@type\":\"ListItem\",\"@id\":\"https:\\\/\\\/www.encontrapiracicaba.com.br\\\/sobre\\\/lideranca-politica-recebe-titulo-de-cidadao-piracicabano-nos-eua\\\/#listItem\",\"position\":3,\"name\":\"Lideran\\u00e7a pol\\u00edtica recebe T\\u00edtulo de Cidad\\u00e3o Piracicabano nos EUA\",\"previousItem\":{\"@type\":\"ListItem\",\"@id\":\"https:\\\/\\\/www.encontrapiracicaba.com.br\\\/sobre\\\/noticias-em-piracicaba\\\/#listItem\",\"name\":\"Not\\u00edcias Piracicaba\"}}]},{\"@type\":\"Organization\",\"@id\":\"https:\\\/\\\/www.encontrapiracicaba.com.br\\\/sobre\\\/#organization\",\"name\":\"Encontra Piracicaba\",\"description\":\"Not\\u00edcias, eventos, informa\\u00e7\\u00f5es e dicas na cidade de Piracicaba e regi\\u00e3o\",\"url\":\"https:\\\/\\\/www.encontrapiracicaba.com.br\\\/sobre\\\/\"},{\"@type\":\"Person\",\"@id\":\"https:\\\/\\\/www.encontrapiracicaba.com.br\\\/sobre\\\/author\\\/epiracicaba\\\/#author\",\"url\":\"https:\\\/\\\/www.encontrapiracicaba.com.br\\\/sobre\\\/author\\\/epiracicaba\\\/\",\"name\":\"Encontra Piracicaba\",\"image\":{\"@type\":\"ImageObject\",\"@id\":\"https:\\\/\\\/www.encontrapiracicaba.com.br\\\/sobre\\\/lideranca-politica-recebe-titulo-de-cidadao-piracicabano-nos-eua\\\/#authorImage\",\"url\":\"https:\\\/\\\/secure.gravatar.com\\\/avatar\\\/507340682b8270222e1f208e23198b6ae7e2c6a1033ae84e99bc6bce4f82a387?s=96&d=mm&r=g\",\"width\":96,\"height\":96,\"caption\":\"Encontra Piracicaba\"}},{\"@type\":\"WebPage\",\"@id\":\"https:\\\/\\\/www.encontrapiracicaba.com.br\\\/sobre\\\/lideranca-politica-recebe-titulo-de-cidadao-piracicabano-nos-eua\\\/#webpage\",\"url\":\"https:\\\/\\\/www.encontrapiracicaba.com.br\\\/sobre\\\/lideranca-politica-recebe-titulo-de-cidadao-piracicabano-nos-eua\\\/\",\"name\":\"Lideran\\u00e7a pol\\u00edtica recebe T\\u00edtulo de Cidad\\u00e3o Piracicabano nos EUA | Encontra Piracicaba\",\"inLanguage\":\"pt-BR\",\"isPartOf\":{\"@id\":\"https:\\\/\\\/www.encontrapiracicaba.com.br\\\/sobre\\\/#website\"},\"breadcrumb\":{\"@id\":\"https:\\\/\\\/www.encontrapiracicaba.com.br\\\/sobre\\\/lideranca-politica-recebe-titulo-de-cidadao-piracicabano-nos-eua\\\/#breadcrumblist\"},\"author\":{\"@id\":\"https:\\\/\\\/www.encontrapiracicaba.com.br\\\/sobre\\\/author\\\/epiracicaba\\\/#author\"},\"creator\":{\"@id\":\"https:\\\/\\\/www.encontrapiracicaba.com.br\\\/sobre\\\/author\\\/epiracicaba\\\/#author\"},\"image\":{\"@type\":\"ImageObject\",\"url\":\"https:\\\/\\\/www.encontrapiracicaba.com.br\\\/sobre\\\/wp-content\\\/uploads\\\/lideranca-politica-recebe-titulo-de-cidadao-piracicabano-nos-eua.webp\",\"@id\":\"https:\\\/\\\/www.encontrapiracicaba.com.br\\\/sobre\\\/lideranca-politica-recebe-titulo-de-cidadao-piracicabano-nos-eua\\\/#mainImage\",\"width\":280,\"height\":280,\"caption\":\"T\\u00edtulo de Cidad\\u00e3o Piracicabano\"},\"primaryImageOfPage\":{\"@id\":\"https:\\\/\\\/www.encontrapiracicaba.com.br\\\/sobre\\\/lideranca-politica-recebe-titulo-de-cidadao-piracicabano-nos-eua\\\/#mainImage\"},\"datePublished\":\"2026-04-08T11:30:37-03:00\",\"dateModified\":\"2026-04-08T11:30:37-03:00\"},{\"@type\":\"WebSite\",\"@id\":\"https:\\\/\\\/www.encontrapiracicaba.com.br\\\/sobre\\\/#website\",\"url\":\"https:\\\/\\\/www.encontrapiracicaba.com.br\\\/sobre\\\/\",\"name\":\"Encontra Piracicaba\",\"description\":\"Not\\u00edcias, eventos, informa\\u00e7\\u00f5es e dicas na cidade de Piracicaba e regi\\u00e3o\",\"inLanguage\":\"pt-BR\",\"publisher\":{\"@id\":\"https:\\\/\\\/www.encontrapiracicaba.com.br\\\/sobre\\\/#organization\"}}]}\n\t\t<\/script>\n\t\t<!-- All in One SEO -->\n\n","aioseo_head_json":{"title":"Lideran\u00e7a pol\u00edtica recebe T\u00edtulo de Cidad\u00e3o Piracicabano nos EUA | Encontra Piracicaba","description":"","canonical_url":"https:\/\/www.encontrapiracicaba.com.br\/sobre\/lideranca-politica-recebe-titulo-de-cidadao-piracicabano-nos-eua\/","robots":"max-image-preview:large","keywords":"","webmasterTools":{"miscellaneous":""},"schema":{"@context":"https:\/\/schema.org","@graph":[{"@type":"Article","@id":"https:\/\/www.encontrapiracicaba.com.br\/sobre\/lideranca-politica-recebe-titulo-de-cidadao-piracicabano-nos-eua\/#article","name":"Lideran\u00e7a pol\u00edtica recebe T\u00edtulo de Cidad\u00e3o Piracicabano nos EUA | Encontra Piracicaba","headline":"Lideran\u00e7a pol\u00edtica recebe T\u00edtulo de Cidad\u00e3o Piracicabano nos EUA","author":{"@id":"https:\/\/www.encontrapiracicaba.com.br\/sobre\/author\/epiracicaba\/#author"},"publisher":{"@id":"https:\/\/www.encontrapiracicaba.com.br\/sobre\/#organization"},"image":{"@type":"ImageObject","url":"https:\/\/www.encontrapiracicaba.com.br\/sobre\/wp-content\/uploads\/lideranca-politica-recebe-titulo-de-cidadao-piracicabano-nos-eua.webp","width":280,"height":280,"caption":"T\u00edtulo de Cidad\u00e3o Piracicabano"},"datePublished":"2026-04-08T11:30:37-03:00","dateModified":"2026-04-08T11:30:37-03:00","inLanguage":"pt-BR","mainEntityOfPage":{"@id":"https:\/\/www.encontrapiracicaba.com.br\/sobre\/lideranca-politica-recebe-titulo-de-cidadao-piracicabano-nos-eua\/#webpage"},"isPartOf":{"@id":"https:\/\/www.encontrapiracicaba.com.br\/sobre\/lideranca-politica-recebe-titulo-de-cidadao-piracicabano-nos-eua\/#webpage"},"articleSection":"Not\u00edcias Piracicaba"},{"@type":"BreadcrumbList","@id":"https:\/\/www.encontrapiracicaba.com.br\/sobre\/lideranca-politica-recebe-titulo-de-cidadao-piracicabano-nos-eua\/#breadcrumblist","itemListElement":[{"@type":"ListItem","@id":"https:\/\/www.encontrapiracicaba.com.br\/sobre#listItem","position":1,"name":"In\u00edcio","item":"https:\/\/www.encontrapiracicaba.com.br\/sobre","nextItem":{"@type":"ListItem","@id":"https:\/\/www.encontrapiracicaba.com.br\/sobre\/noticias-em-piracicaba\/#listItem","name":"Not\u00edcias Piracicaba"}},{"@type":"ListItem","@id":"https:\/\/www.encontrapiracicaba.com.br\/sobre\/noticias-em-piracicaba\/#listItem","position":2,"name":"Not\u00edcias Piracicaba","item":"https:\/\/www.encontrapiracicaba.com.br\/sobre\/noticias-em-piracicaba\/","nextItem":{"@type":"ListItem","@id":"https:\/\/www.encontrapiracicaba.com.br\/sobre\/lideranca-politica-recebe-titulo-de-cidadao-piracicabano-nos-eua\/#listItem","name":"Lideran\u00e7a pol\u00edtica recebe T\u00edtulo de Cidad\u00e3o Piracicabano nos EUA"},"previousItem":{"@type":"ListItem","@id":"https:\/\/www.encontrapiracicaba.com.br\/sobre#listItem","name":"In\u00edcio"}},{"@type":"ListItem","@id":"https:\/\/www.encontrapiracicaba.com.br\/sobre\/lideranca-politica-recebe-titulo-de-cidadao-piracicabano-nos-eua\/#listItem","position":3,"name":"Lideran\u00e7a pol\u00edtica recebe T\u00edtulo de Cidad\u00e3o Piracicabano nos EUA","previousItem":{"@type":"ListItem","@id":"https:\/\/www.encontrapiracicaba.com.br\/sobre\/noticias-em-piracicaba\/#listItem","name":"Not\u00edcias Piracicaba"}}]},{"@type":"Organization","@id":"https:\/\/www.encontrapiracicaba.com.br\/sobre\/#organization","name":"Encontra Piracicaba","description":"Not\u00edcias, eventos, informa\u00e7\u00f5es e dicas na cidade de Piracicaba e regi\u00e3o","url":"https:\/\/www.encontrapiracicaba.com.br\/sobre\/"},{"@type":"Person","@id":"https:\/\/www.encontrapiracicaba.com.br\/sobre\/author\/epiracicaba\/#author","url":"https:\/\/www.encontrapiracicaba.com.br\/sobre\/author\/epiracicaba\/","name":"Encontra Piracicaba","image":{"@type":"ImageObject","@id":"https:\/\/www.encontrapiracicaba.com.br\/sobre\/lideranca-politica-recebe-titulo-de-cidadao-piracicabano-nos-eua\/#authorImage","url":"https:\/\/secure.gravatar.com\/avatar\/507340682b8270222e1f208e23198b6ae7e2c6a1033ae84e99bc6bce4f82a387?s=96&d=mm&r=g","width":96,"height":96,"caption":"Encontra Piracicaba"}},{"@type":"WebPage","@id":"https:\/\/www.encontrapiracicaba.com.br\/sobre\/lideranca-politica-recebe-titulo-de-cidadao-piracicabano-nos-eua\/#webpage","url":"https:\/\/www.encontrapiracicaba.com.br\/sobre\/lideranca-politica-recebe-titulo-de-cidadao-piracicabano-nos-eua\/","name":"Lideran\u00e7a pol\u00edtica recebe T\u00edtulo de Cidad\u00e3o Piracicabano nos EUA | Encontra Piracicaba","inLanguage":"pt-BR","isPartOf":{"@id":"https:\/\/www.encontrapiracicaba.com.br\/sobre\/#website"},"breadcrumb":{"@id":"https:\/\/www.encontrapiracicaba.com.br\/sobre\/lideranca-politica-recebe-titulo-de-cidadao-piracicabano-nos-eua\/#breadcrumblist"},"author":{"@id":"https:\/\/www.encontrapiracicaba.com.br\/sobre\/author\/epiracicaba\/#author"},"creator":{"@id":"https:\/\/www.encontrapiracicaba.com.br\/sobre\/author\/epiracicaba\/#author"},"image":{"@type":"ImageObject","url":"https:\/\/www.encontrapiracicaba.com.br\/sobre\/wp-content\/uploads\/lideranca-politica-recebe-titulo-de-cidadao-piracicabano-nos-eua.webp","@id":"https:\/\/www.encontrapiracicaba.com.br\/sobre\/lideranca-politica-recebe-titulo-de-cidadao-piracicabano-nos-eua\/#mainImage","width":280,"height":280,"caption":"T\u00edtulo de Cidad\u00e3o Piracicabano"},"primaryImageOfPage":{"@id":"https:\/\/www.encontrapiracicaba.com.br\/sobre\/lideranca-politica-recebe-titulo-de-cidadao-piracicabano-nos-eua\/#mainImage"},"datePublished":"2026-04-08T11:30:37-03:00","dateModified":"2026-04-08T11:30:37-03:00"},{"@type":"WebSite","@id":"https:\/\/www.encontrapiracicaba.com.br\/sobre\/#website","url":"https:\/\/www.encontrapiracicaba.com.br\/sobre\/","name":"Encontra Piracicaba","description":"Not\u00edcias, eventos, informa\u00e7\u00f5es e dicas na cidade de Piracicaba e regi\u00e3o","inLanguage":"pt-BR","publisher":{"@id":"https:\/\/www.encontrapiracicaba.com.br\/sobre\/#organization"}}]},"og:locale":"pt_BR","og:site_name":"Encontra Piracicaba | Not\u00edcias, eventos, informa\u00e7\u00f5es e dicas na cidade de Piracicaba e regi\u00e3o","og:type":"article","og:title":"Lideran\u00e7a pol\u00edtica recebe T\u00edtulo de Cidad\u00e3o Piracicabano nos EUA | Encontra Piracicaba","og:url":"https:\/\/www.encontrapiracicaba.com.br\/sobre\/lideranca-politica-recebe-titulo-de-cidadao-piracicabano-nos-eua\/","article:published_time":"2026-04-08T14:30:37+00:00","article:modified_time":"2026-04-08T14:30:37+00:00","twitter:card":"summary","twitter:title":"Lideran\u00e7a pol\u00edtica recebe T\u00edtulo de Cidad\u00e3o Piracicabano nos EUA | Encontra Piracicaba"},"aioseo_meta_data":{"post_id":"4399","title":null,"description":null,"keywords":null,"keyphrases":null,"primary_term":null,"canonical_url":null,"og_title":null,"og_description":null,"og_object_type":"default","og_image_type":"default","og_image_url":null,"og_image_width":null,"og_image_height":null,"og_image_custom_url":null,"og_image_custom_fields":null,"og_video":null,"og_custom_url":null,"og_article_section":null,"og_article_tags":null,"twitter_use_og":false,"twitter_card":"default","twitter_image_type":"default","twitter_image_url":null,"twitter_image_custom_url":null,"twitter_image_custom_fields":null,"twitter_title":null,"twitter_description":null,"schema":{"blockGraphs":[],"customGraphs":[],"default":{"data":{"Article":[],"Course":[],"Dataset":[],"FAQPage":[],"Movie":[],"Person":[],"Product":[],"ProductReview":[],"Car":[],"Recipe":[],"Service":[],"SoftwareApplication":[],"WebPage":[]},"graphName":"Article","isEnabled":true},"graphs":[]},"schema_type":"default","schema_type_options":null,"pillar_content":false,"robots_default":true,"robots_noindex":false,"robots_noarchive":false,"robots_nosnippet":false,"robots_nofollow":false,"robots_noimageindex":false,"robots_noodp":false,"robots_notranslate":false,"robots_max_snippet":null,"robots_max_videopreview":null,"robots_max_imagepreview":"large","priority":null,"frequency":null,"local_seo":null,"breadcrumb_settings":null,"limit_modified_date":false,"ai":null,"created":"2026-04-08 14:30:42","updated":"2026-04-08 14:39:16","focus_keyword":null,"additional_keywords":null,"truseo_locale":null,"seo_analyzer_scan_date":null},"aioseo_breadcrumb":"<div class=\"aioseo-breadcrumbs\"><span class=\"aioseo-breadcrumb\">\n\t\t\t<a href=\"https:\/\/www.encontrapiracicaba.com.br\/sobre\" title=\"In\u00edcio\">In\u00edcio<\/a>\n\t\t<\/span><span class=\"aioseo-breadcrumb-separator\">&raquo;<\/span><span class=\"aioseo-breadcrumb\">\n\t\t\t<a href=\"https:\/\/www.encontrapiracicaba.com.br\/sobre\/noticias-em-piracicaba\/\" title=\"Not\u00edcias Piracicaba\">Not\u00edcias Piracicaba<\/a>\n\t\t<\/span><span class=\"aioseo-breadcrumb-separator\">&raquo;<\/span><span class=\"aioseo-breadcrumb\">\n\t\t\tLideran\u00e7a pol\u00edtica recebe T\u00edtulo de Cidad\u00e3o Piracicabano nos EUA\n\t\t<\/span><\/div>","aioseo_breadcrumb_json":[{"label":"In\u00edcio","link":"https:\/\/www.encontrapiracicaba.com.br\/sobre"},{"label":"Not\u00edcias Piracicaba","link":"https:\/\/www.encontrapiracicaba.com.br\/sobre\/noticias-em-piracicaba\/"},{"label":"Lideran\u00e7a pol\u00edtica recebe T\u00edtulo de Cidad\u00e3o Piracicabano nos EUA","link":"https:\/\/www.encontrapiracicaba.com.br\/sobre\/lideranca-politica-recebe-titulo-de-cidadao-piracicabano-nos-eua\/"}],"_links":{"self":[{"href":"https:\/\/www.encontrapiracicaba.com.br\/sobre\/wp-json\/wp\/v2\/posts\/4399","targetHints":{"allow":["GET"]}}],"collection":[{"href":"https:\/\/www.encontrapiracicaba.com.br\/sobre\/wp-json\/wp\/v2\/posts"}],"about":[{"href":"https:\/\/www.encontrapiracicaba.com.br\/sobre\/wp-json\/wp\/v2\/types\/post"}],"author":[{"embeddable":true,"href":"https:\/\/www.encontrapiracicaba.com.br\/sobre\/wp-json\/wp\/v2\/users\/1"}],"replies":[{"embeddable":true,"href":"https:\/\/www.encontrapiracicaba.com.br\/sobre\/wp-json\/wp\/v2\/comments?post=4399"}],"version-history":[{"count":0,"href":"https:\/\/www.encontrapiracicaba.com.br\/sobre\/wp-json\/wp\/v2\/posts\/4399\/revisions"}],"wp:featuredmedia":[{"embeddable":true,"href":"https:\/\/www.encontrapiracicaba.com.br\/sobre\/wp-json\/wp\/v2\/media\/4398"}],"wp:attachment":[{"href":"https:\/\/www.encontrapiracicaba.com.br\/sobre\/wp-json\/wp\/v2\/media?parent=4399"}],"wp:term":[{"taxonomy":"category","embeddable":true,"href":"https:\/\/www.encontrapiracicaba.com.br\/sobre\/wp-json\/wp\/v2\/categories?post=4399"},{"taxonomy":"post_tag","embeddable":true,"href":"https:\/\/www.encontrapiracicaba.com.br\/sobre\/wp-json\/wp\/v2\/tags?post=4399"}],"curies":[{"name":"wp","href":"https:\/\/api.w.org\/{rel}","templated":true}]}}