{"id":4403,"date":"2026-04-09T11:43:03","date_gmt":"2026-04-09T14:43:03","guid":{"rendered":"https:\/\/www.encontrapiracicaba.com.br\/sobre\/prefeitura-de-piracicaba-anuncia-troca-no-comando-da-secretaria-de-saude-veja-quem-e-novo-titular\/"},"modified":"2026-04-09T11:43:03","modified_gmt":"2026-04-09T14:43:03","slug":"prefeitura-de-piracicaba-anuncia-troca-no-comando-da-secretaria-de-saude-veja-quem-e-novo-titular","status":"publish","type":"post","link":"https:\/\/www.encontrapiracicaba.com.br\/sobre\/prefeitura-de-piracicaba-anuncia-troca-no-comando-da-secretaria-de-saude-veja-quem-e-novo-titular\/","title":{"rendered":"Prefeitura de Piracicaba anuncia troca no comando da Secretaria de Sa\u00fade; veja quem \u00e9 novo titular"},"content":{"rendered":"<div class=\"85df007ed5c0c4d4b453fd13a37855e8\" data-index=\"1\" style=\"float: none; margin:0px;\">\n<!-- Anuncio display - global -->\r\n<ins class=\"adsbygoogle\"\r\n     style=\"display:block\"\r\n     data-ad-client=\"ca-pub-8585364105181520\"\r\n     data-ad-slot=\"8789329856\"\r\n     data-ad-format=\"auto\"\r\n     data-full-width-responsive=\"true\"><\/ins>\r\n<script>\r\n     (adsbygoogle = window.adsbygoogle || []).push({});\r\n<\/script>\n<\/div>\n<h2>A Chegada de Gustavo Aguiar \u00e0 Secretaria de Sa\u00fade<\/h2>\n<p>Na \u00faltima quinta-feira, dia 2 de abril de 2026, a Prefeitura de Piracicaba fez um an\u00fancio importante sobre a mudan\u00e7a na lideran\u00e7a da Secretaria de Sa\u00fade. Gustavo Aguiar, um servidor p\u00fablico de carreira com uma longa trajet\u00f3ria na pasta, foi escolhido para assumir a posi\u00e7\u00e3o de titular da Secretaria. Ele substitui o Dr. Sergio Pacheco J\u00fanior, que at\u00e9 ent\u00e3o ocupava o cargo de vice-prefeito e m\u00e9dico. A decis\u00e3o foi uma estrat\u00e9gia da administra\u00e7\u00e3o municipal, que busca dar continuidade aos projetos e a\u00e7\u00f5es j\u00e1 estabelecidos, al\u00e9m de preparar a Secretaria para novos desafios.<\/p>\n<h2>Quem \u00e9 Gustavo Aguiar e sua Trajet\u00f3ria Profissional<\/h2>\n<p>Gustavo Aguiar \u00e9 um conhecido profissional na \u00e1rea da sa\u00fade p\u00fablica em Piracicaba. Com quase 20 anos de experi\u00eancia na Secretaria de Sa\u00fade, Aguiar come\u00e7ou sua jornada em 2007 e trabalhou em diversas fun\u00e7\u00f5es antes de se tornar secret\u00e1rio-executivo. Nesse papel, ele acompanhou de perto a implementa\u00e7\u00e3o de importantes pol\u00edticas de sa\u00fade, mostrando sua capacidade de lideran\u00e7a e comprometimento com a comunidade.<\/p>\n<p>O seu longo hist\u00f3rico na administra\u00e7\u00e3o p\u00fablica refor\u00e7a sua aptid\u00e3o para enfrentar os desafios da posi\u00e7\u00e3o de secret\u00e1rio de sa\u00fade. Aguiar expressou seu agradecimento pela confian\u00e7a depositada pelo prefeito Helinho e afirmou seu compromisso em dar continuidade \u00e0s a\u00e7\u00f5es voltadas para a melhoria da sa\u00fade da popula\u00e7\u00e3o de Piracicaba.<\/p>\n<p><img decoding=\"async\" src=\"https:\/\/www.encontrapiracicaba.com.br\/sobre\/wp-content\/uploads\/prefeitura-de-piracicaba-anuncia-troca-no-comando-da-secretaria-de-saude-veja-quem-e-novo-titular.webp\" alt=\"Gustavo Aguiar Secretaria de Sa\u00fade Piracicaba\" loading=\"lazy\" \/><\/p>\n<h2>A Import\u00e2ncia da Substitui\u00e7\u00e3o na Gest\u00e3o da Sa\u00fade<\/h2>\n<p>A troca no comando da Secretaria de Sa\u00fade \u00e9 um acontecimento significativo para a cidade, pois denota uma continuidade nas a\u00e7\u00f5es e um desejo de avan\u00e7ar em \u00e1reas cr\u00edticas para a sa\u00fade p\u00fablica. A lideran\u00e7a de Gustavo Aguiar \u00e9 vista como uma oportunidade para fortalecer os projetos existentes e implementar novas estrat\u00e9gias, visando melhorar ainda mais os servi\u00e7os de sa\u00fade ofertados \u00e0 popula\u00e7\u00e3o.<\/p>\n<p>As transi\u00e7\u00f5es de lideran\u00e7a em secretarias de sa\u00fade s\u00e3o sempre momentos delicados e importantes, pois envolvem a adapta\u00e7\u00e3o a novos l\u00edderes e a necessidade de manter a equipe motivada e focada. A experi\u00eancia de Aguiar \u00e9 um ativo valioso neste momento de mudan\u00e7a.<\/p>\n<h2>Desafios Enfrentados pela Secretaria de Sa\u00fade<\/h2>\n<p>Com a nova gest\u00e3o, a Secretaria de Sa\u00fade de Piracicaba enfrentar\u00e1 uma s\u00e9rie de desafios. Entre os principais est\u00e3o a necessidade de melhorar a infraestrutura de sa\u00fade, garantir a continuidade dos servi\u00e7os durante per\u00edodos de transi\u00e7\u00e3o pol\u00edtica e administrar a equipe de profissionais de sa\u00fade. O aumento de demanda por servi\u00e7os de sa\u00fade \u00e0 medida que a popula\u00e7\u00e3o cresce tamb\u00e9m representa uma press\u00e3o significativa.<\/p>\n<p>A sa\u00fade mental, principalmente neste per\u00edodo p\u00f3s-pandemia, e a necessidade de atualiza\u00e7\u00e3o dos servi\u00e7os oferecidos, diante das novas demandas da sociedade, configuram-se como algumas das prioridades da nova gest\u00e3o. Gustavo Aguiar ter\u00e1 que navegar por essas quest\u00f5es com prud\u00eancia e agilidade, buscando sempre o melhor para a popula\u00e7\u00e3o.<\/p>\n<h2>Projetos em Andamento e Expectativas para o Futuro<\/h2>\n<p>A Secretaria de Sa\u00fade de Piracicaba j\u00e1 conta com diversos projetos em andamento que visam melhorar a qualidade do atendimento \u00e0 popula\u00e7\u00e3o. Um dos principais focos \u00e9 a amplia\u00e7\u00e3o das unidades de sa\u00fade e a melhoria no fluxo de atendimento nas emerg\u00eancia. A continuidade dessas iniciativas ser\u00e1 uma prioridade para Gustavo Aguiar.<\/p>\n<p>Al\u00e9m disso, ele dever\u00e1 se empenhar na implementa\u00e7\u00e3o de novas pol\u00edticas p\u00fablicas voltadas \u00e0 sa\u00fade, como programas de preven\u00e7\u00e3o de doen\u00e7as e de promo\u00e7\u00e3o da sa\u00fade, que s\u00e3o essenciais para garantir um atendimento mais eficaz.<\/p>\n<h2>A Rea\u00e7\u00e3o da Comunidade \u00e0 Mudan\u00e7a na Lideran\u00e7a<\/h2>\n<p>A comunidade piracicabana tem acompanhado atentamente a transi\u00e7\u00e3o de lideran\u00e7a na Secretaria de Sa\u00fade. Durante os \u00faltimos anos, o Dr. Sergio Pacheco foi um rosto conhecido e respeitado, e muitos se mostram ansiosos para saber como ser\u00e3o as mudan\u00e7as que Gustavo Aguiar trar\u00e1.<\/p>\n<p>A expectativa \u00e9 de que ele mantenha a transpar\u00eancia nas a\u00e7\u00f5es da Secretaria e trabalhe em conjunto com a comunidade, ouvindo as demandas e cr\u00edticas, a fim de fazer os ajustes necess\u00e1rios nos servi\u00e7os de sa\u00fade.<\/p>\n<h2>Impacto nas Pol\u00edticas de Sa\u00fade P\u00fablica em Piracicaba<\/h2>\n<p>A nova gest\u00e3o promete impactar positivamente as pol\u00edticas de sa\u00fade p\u00fablica na cidade. O entendimento de Gustavo Aguiar sobre os desafios enfrentados e sua experi\u00eancia no setor p\u00fablico o posicionam como um candidato ideal para liderar a Secretaria neste novo ciclo.<\/p>\n<p>As expectativas s\u00e3o altas e a transpar\u00eancia nas decis\u00f5es, junto a um forte envolvimento comunit\u00e1rio, ser\u00e3o essenciais para o sucesso dessa nova gest\u00e3o.<\/p>\n<h2>O Papel do Dr. Sergio Pacheco na Transi\u00e7\u00e3o<\/h2>\n<p>O Dr. Sergio Pacheco J\u00fanior, que ocupou a posi\u00e7\u00e3o de vice-prefeito e secret\u00e1rio de sa\u00fade, desempenhou um papel fundamental na transi\u00e7\u00e3o. Ele deixou a secretaria para se concentrar em objetivos pol\u00edticos pessoais, mas sua gest\u00e3o anterior deixou um legado significativo.<\/p>\n<p>As diretrizes e programas que foram desenvolvidos durante seu tempo na lideran\u00e7a ser\u00e3o repassados a Gustavo Aguiar, permitindo uma continuidade que \u00e9 vital em situa\u00e7\u00f5es de mudan\u00e7a administrativa.<\/p>\n<h2>Expectativas para as Pr\u00f3ximas Elei\u00e7\u00f5es<\/h2>\n<p>As pr\u00f3ximas elei\u00e7\u00f5es municipais trazem um cen\u00e1rio din\u00e2mico para Piracicaba, e a sa\u00edda do Dr. Pacheco da Secretaria de Sa\u00fade indica uma prov\u00e1vel candidatura. O posicionamento estrat\u00e9gico sobre o futuro da sa\u00fade p\u00fablica na cidade poder\u00e1 ser um ponto chave nas discuss\u00f5es eleitorais.<\/p>\n<h2>Como Acompanhar as Inova\u00e7\u00f5es na Sa\u00fade da Cidade<\/h2>\n<p>Com as novas mudan\u00e7as, torna-se essencial para os cidad\u00e3os acompanhar as inova\u00e7\u00f5es e projetos da Secretaria de Sa\u00fade. A divulga\u00e7\u00e3o de informa\u00e7\u00f5es atrav\u00e9s de canais oficiais da Prefeitura e a participa\u00e7\u00e3o em audi\u00eancias p\u00fablicas podem ser m\u00e9todos eficazes para os cidad\u00e3os se manterem informados e envolvidos.<\/p>\n<p>A gest\u00e3o de Gustavo Aguiar ser\u00e1 avaliada pela efici\u00eancia dos servi\u00e7os prestados e capacidade de adapta\u00e7\u00e3o \u00e0s necessidades da popula\u00e7\u00e3o. Portanto, o engajamento da comunidade em busca de melhorias na sa\u00fade p\u00fablica ser\u00e1 fundamental para o sucesso das novas iniciativas.<\/p>\n\n<div style=\"font-size: 0px; height: 0px; line-height: 0px; margin: 0; padding: 0; clear: both;\"><\/div>","protected":false},"excerpt":{"rendered":"<p>Gustavo Aguiar se torna o novo respons\u00e1vel pela Sa\u00fade em Piracicaba.<\/p>\n","protected":false},"author":1,"featured_media":4402,"comment_status":"closed","ping_status":"closed","sticky":false,"template":"","format":"standard","meta":{"footnotes":""},"categories":[6],"tags":[],"class_list":["post-4403","post","type-post","status-publish","format-standard","has-post-thumbnail","hentry","category-noticias-em-piracicaba","has_thumb"],"aioseo_notices":[],"aioseo_head":"\n\t\t<!-- All in One SEO 5.0.0.1 - aioseo.com -->\n\t<meta name=\"robots\" content=\"max-image-preview:large\" \/>\n\t<meta name=\"author\" content=\"Encontra Piracicaba\"\/>\n\t<link rel=\"canonical\" href=\"https:\/\/www.encontrapiracicaba.com.br\/sobre\/prefeitura-de-piracicaba-anuncia-troca-no-comando-da-secretaria-de-saude-veja-quem-e-novo-titular\/\" \/>\n\t<meta name=\"generator\" content=\"All in One SEO (AIOSEO) 5.0.0.1\" \/>\n\t\t<meta property=\"og:locale\" content=\"pt_BR\" \/>\n\t\t<meta property=\"og:site_name\" content=\"Encontra Piracicaba | Not\u00edcias, eventos, informa\u00e7\u00f5es e dicas na cidade de Piracicaba e regi\u00e3o\" \/>\n\t\t<meta property=\"og:type\" content=\"article\" \/>\n\t\t<meta property=\"og:title\" content=\"Prefeitura de Piracicaba anuncia troca no comando da Secretaria de Sa\u00fade; veja quem \u00e9 novo titular | Encontra Piracicaba\" \/>\n\t\t<meta property=\"og:url\" content=\"https:\/\/www.encontrapiracicaba.com.br\/sobre\/prefeitura-de-piracicaba-anuncia-troca-no-comando-da-secretaria-de-saude-veja-quem-e-novo-titular\/\" \/>\n\t\t<meta property=\"article:published_time\" content=\"2026-04-09T14:43:03+00:00\" \/>\n\t\t<meta property=\"article:modified_time\" content=\"2026-04-09T14:43:03+00:00\" \/>\n\t\t<meta name=\"twitter:card\" content=\"summary\" \/>\n\t\t<meta name=\"twitter:title\" content=\"Prefeitura de Piracicaba anuncia troca no comando da Secretaria de Sa\u00fade; veja quem \u00e9 novo titular | Encontra Piracicaba\" \/>\n\t\t<script type=\"application\/ld+json\" class=\"aioseo-schema\">\n\t\t\t{\"@context\":\"https:\\\/\\\/schema.org\",\"@graph\":[{\"@type\":\"Article\",\"@id\":\"https:\\\/\\\/www.encontrapiracicaba.com.br\\\/sobre\\\/prefeitura-de-piracicaba-anuncia-troca-no-comando-da-secretaria-de-saude-veja-quem-e-novo-titular\\\/#article\",\"name\":\"Prefeitura de Piracicaba anuncia troca no comando da Secretaria de Sa\\u00fade; veja quem \\u00e9 novo titular | Encontra Piracicaba\",\"headline\":\"Prefeitura de Piracicaba anuncia troca no comando da Secretaria de Sa\\u00fade; veja quem \\u00e9 novo titular\",\"author\":{\"@id\":\"https:\\\/\\\/www.encontrapiracicaba.com.br\\\/sobre\\\/author\\\/epiracicaba\\\/#author\"},\"publisher\":{\"@id\":\"https:\\\/\\\/www.encontrapiracicaba.com.br\\\/sobre\\\/#organization\"},\"image\":{\"@type\":\"ImageObject\",\"url\":\"https:\\\/\\\/www.encontrapiracicaba.com.br\\\/sobre\\\/wp-content\\\/uploads\\\/prefeitura-de-piracicaba-anuncia-troca-no-comando-da-secretaria-de-saude-veja-quem-e-novo-titular.webp\",\"width\":280,\"height\":280,\"caption\":\"Gustavo Aguiar Secretaria de Sa\\u00fade Piracicaba\"},\"datePublished\":\"2026-04-09T11:43:03-03:00\",\"dateModified\":\"2026-04-09T11:43:03-03:00\",\"inLanguage\":\"pt-BR\",\"mainEntityOfPage\":{\"@id\":\"https:\\\/\\\/www.encontrapiracicaba.com.br\\\/sobre\\\/prefeitura-de-piracicaba-anuncia-troca-no-comando-da-secretaria-de-saude-veja-quem-e-novo-titular\\\/#webpage\"},\"isPartOf\":{\"@id\":\"https:\\\/\\\/www.encontrapiracicaba.com.br\\\/sobre\\\/prefeitura-de-piracicaba-anuncia-troca-no-comando-da-secretaria-de-saude-veja-quem-e-novo-titular\\\/#webpage\"},\"articleSection\":\"Not\\u00edcias Piracicaba\"},{\"@type\":\"BreadcrumbList\",\"@id\":\"https:\\\/\\\/www.encontrapiracicaba.com.br\\\/sobre\\\/prefeitura-de-piracicaba-anuncia-troca-no-comando-da-secretaria-de-saude-veja-quem-e-novo-titular\\\/#breadcrumblist\",\"itemListElement\":[{\"@type\":\"ListItem\",\"@id\":\"https:\\\/\\\/www.encontrapiracicaba.com.br\\\/sobre#listItem\",\"position\":1,\"name\":\"In\\u00edcio\",\"item\":\"https:\\\/\\\/www.encontrapiracicaba.com.br\\\/sobre\",\"nextItem\":{\"@type\":\"ListItem\",\"@id\":\"https:\\\/\\\/www.encontrapiracicaba.com.br\\\/sobre\\\/noticias-em-piracicaba\\\/#listItem\",\"name\":\"Not\\u00edcias Piracicaba\"}},{\"@type\":\"ListItem\",\"@id\":\"https:\\\/\\\/www.encontrapiracicaba.com.br\\\/sobre\\\/noticias-em-piracicaba\\\/#listItem\",\"position\":2,\"name\":\"Not\\u00edcias Piracicaba\",\"item\":\"https:\\\/\\\/www.encontrapiracicaba.com.br\\\/sobre\\\/noticias-em-piracicaba\\\/\",\"nextItem\":{\"@type\":\"ListItem\",\"@id\":\"https:\\\/\\\/www.encontrapiracicaba.com.br\\\/sobre\\\/prefeitura-de-piracicaba-anuncia-troca-no-comando-da-secretaria-de-saude-veja-quem-e-novo-titular\\\/#listItem\",\"name\":\"Prefeitura de Piracicaba anuncia troca no comando da Secretaria de Sa\\u00fade; veja quem \\u00e9 novo titular\"},\"previousItem\":{\"@type\":\"ListItem\",\"@id\":\"https:\\\/\\\/www.encontrapiracicaba.com.br\\\/sobre#listItem\",\"name\":\"In\\u00edcio\"}},{\"@type\":\"ListItem\",\"@id\":\"https:\\\/\\\/www.encontrapiracicaba.com.br\\\/sobre\\\/prefeitura-de-piracicaba-anuncia-troca-no-comando-da-secretaria-de-saude-veja-quem-e-novo-titular\\\/#listItem\",\"position\":3,\"name\":\"Prefeitura de Piracicaba anuncia troca no comando da Secretaria de Sa\\u00fade; veja quem \\u00e9 novo titular\",\"previousItem\":{\"@type\":\"ListItem\",\"@id\":\"https:\\\/\\\/www.encontrapiracicaba.com.br\\\/sobre\\\/noticias-em-piracicaba\\\/#listItem\",\"name\":\"Not\\u00edcias Piracicaba\"}}]},{\"@type\":\"Organization\",\"@id\":\"https:\\\/\\\/www.encontrapiracicaba.com.br\\\/sobre\\\/#organization\",\"name\":\"Encontra Piracicaba\",\"description\":\"Not\\u00edcias, eventos, informa\\u00e7\\u00f5es e dicas na cidade de Piracicaba e regi\\u00e3o\",\"url\":\"https:\\\/\\\/www.encontrapiracicaba.com.br\\\/sobre\\\/\"},{\"@type\":\"Person\",\"@id\":\"https:\\\/\\\/www.encontrapiracicaba.com.br\\\/sobre\\\/author\\\/epiracicaba\\\/#author\",\"url\":\"https:\\\/\\\/www.encontrapiracicaba.com.br\\\/sobre\\\/author\\\/epiracicaba\\\/\",\"name\":\"Encontra Piracicaba\",\"image\":{\"@type\":\"ImageObject\",\"@id\":\"https:\\\/\\\/www.encontrapiracicaba.com.br\\\/sobre\\\/prefeitura-de-piracicaba-anuncia-troca-no-comando-da-secretaria-de-saude-veja-quem-e-novo-titular\\\/#authorImage\",\"url\":\"https:\\\/\\\/secure.gravatar.com\\\/avatar\\\/507340682b8270222e1f208e23198b6ae7e2c6a1033ae84e99bc6bce4f82a387?s=96&d=mm&r=g\",\"width\":96,\"height\":96,\"caption\":\"Encontra Piracicaba\"}},{\"@type\":\"WebPage\",\"@id\":\"https:\\\/\\\/www.encontrapiracicaba.com.br\\\/sobre\\\/prefeitura-de-piracicaba-anuncia-troca-no-comando-da-secretaria-de-saude-veja-quem-e-novo-titular\\\/#webpage\",\"url\":\"https:\\\/\\\/www.encontrapiracicaba.com.br\\\/sobre\\\/prefeitura-de-piracicaba-anuncia-troca-no-comando-da-secretaria-de-saude-veja-quem-e-novo-titular\\\/\",\"name\":\"Prefeitura de Piracicaba anuncia troca no comando da Secretaria de Sa\\u00fade; veja quem \\u00e9 novo titular | Encontra Piracicaba\",\"inLanguage\":\"pt-BR\",\"isPartOf\":{\"@id\":\"https:\\\/\\\/www.encontrapiracicaba.com.br\\\/sobre\\\/#website\"},\"breadcrumb\":{\"@id\":\"https:\\\/\\\/www.encontrapiracicaba.com.br\\\/sobre\\\/prefeitura-de-piracicaba-anuncia-troca-no-comando-da-secretaria-de-saude-veja-quem-e-novo-titular\\\/#breadcrumblist\"},\"author\":{\"@id\":\"https:\\\/\\\/www.encontrapiracicaba.com.br\\\/sobre\\\/author\\\/epiracicaba\\\/#author\"},\"creator\":{\"@id\":\"https:\\\/\\\/www.encontrapiracicaba.com.br\\\/sobre\\\/author\\\/epiracicaba\\\/#author\"},\"image\":{\"@type\":\"ImageObject\",\"url\":\"https:\\\/\\\/www.encontrapiracicaba.com.br\\\/sobre\\\/wp-content\\\/uploads\\\/prefeitura-de-piracicaba-anuncia-troca-no-comando-da-secretaria-de-saude-veja-quem-e-novo-titular.webp\",\"@id\":\"https:\\\/\\\/www.encontrapiracicaba.com.br\\\/sobre\\\/prefeitura-de-piracicaba-anuncia-troca-no-comando-da-secretaria-de-saude-veja-quem-e-novo-titular\\\/#mainImage\",\"width\":280,\"height\":280,\"caption\":\"Gustavo Aguiar Secretaria de Sa\\u00fade Piracicaba\"},\"primaryImageOfPage\":{\"@id\":\"https:\\\/\\\/www.encontrapiracicaba.com.br\\\/sobre\\\/prefeitura-de-piracicaba-anuncia-troca-no-comando-da-secretaria-de-saude-veja-quem-e-novo-titular\\\/#mainImage\"},\"datePublished\":\"2026-04-09T11:43:03-03:00\",\"dateModified\":\"2026-04-09T11:43:03-03:00\"},{\"@type\":\"WebSite\",\"@id\":\"https:\\\/\\\/www.encontrapiracicaba.com.br\\\/sobre\\\/#website\",\"url\":\"https:\\\/\\\/www.encontrapiracicaba.com.br\\\/sobre\\\/\",\"name\":\"Encontra Piracicaba\",\"description\":\"Not\\u00edcias, eventos, informa\\u00e7\\u00f5es e dicas na cidade de Piracicaba e regi\\u00e3o\",\"inLanguage\":\"pt-BR\",\"publisher\":{\"@id\":\"https:\\\/\\\/www.encontrapiracicaba.com.br\\\/sobre\\\/#organization\"}}]}\n\t\t<\/script>\n\t\t<!-- All in One SEO -->\n\n","aioseo_head_json":{"title":"Prefeitura de Piracicaba anuncia troca no comando da Secretaria de Sa\u00fade; veja quem \u00e9 novo titular | Encontra Piracicaba","description":"","canonical_url":"https:\/\/www.encontrapiracicaba.com.br\/sobre\/prefeitura-de-piracicaba-anuncia-troca-no-comando-da-secretaria-de-saude-veja-quem-e-novo-titular\/","robots":"max-image-preview:large","keywords":"","webmasterTools":{"miscellaneous":""},"schema":{"@context":"https:\/\/schema.org","@graph":[{"@type":"Article","@id":"https:\/\/www.encontrapiracicaba.com.br\/sobre\/prefeitura-de-piracicaba-anuncia-troca-no-comando-da-secretaria-de-saude-veja-quem-e-novo-titular\/#article","name":"Prefeitura de Piracicaba anuncia troca no comando da Secretaria de Sa\u00fade; veja quem \u00e9 novo titular | Encontra Piracicaba","headline":"Prefeitura de Piracicaba anuncia troca no comando da Secretaria de Sa\u00fade; veja quem \u00e9 novo titular","author":{"@id":"https:\/\/www.encontrapiracicaba.com.br\/sobre\/author\/epiracicaba\/#author"},"publisher":{"@id":"https:\/\/www.encontrapiracicaba.com.br\/sobre\/#organization"},"image":{"@type":"ImageObject","url":"https:\/\/www.encontrapiracicaba.com.br\/sobre\/wp-content\/uploads\/prefeitura-de-piracicaba-anuncia-troca-no-comando-da-secretaria-de-saude-veja-quem-e-novo-titular.webp","width":280,"height":280,"caption":"Gustavo Aguiar Secretaria de Sa\u00fade Piracicaba"},"datePublished":"2026-04-09T11:43:03-03:00","dateModified":"2026-04-09T11:43:03-03:00","inLanguage":"pt-BR","mainEntityOfPage":{"@id":"https:\/\/www.encontrapiracicaba.com.br\/sobre\/prefeitura-de-piracicaba-anuncia-troca-no-comando-da-secretaria-de-saude-veja-quem-e-novo-titular\/#webpage"},"isPartOf":{"@id":"https:\/\/www.encontrapiracicaba.com.br\/sobre\/prefeitura-de-piracicaba-anuncia-troca-no-comando-da-secretaria-de-saude-veja-quem-e-novo-titular\/#webpage"},"articleSection":"Not\u00edcias Piracicaba"},{"@type":"BreadcrumbList","@id":"https:\/\/www.encontrapiracicaba.com.br\/sobre\/prefeitura-de-piracicaba-anuncia-troca-no-comando-da-secretaria-de-saude-veja-quem-e-novo-titular\/#breadcrumblist","itemListElement":[{"@type":"ListItem","@id":"https:\/\/www.encontrapiracicaba.com.br\/sobre#listItem","position":1,"name":"In\u00edcio","item":"https:\/\/www.encontrapiracicaba.com.br\/sobre","nextItem":{"@type":"ListItem","@id":"https:\/\/www.encontrapiracicaba.com.br\/sobre\/noticias-em-piracicaba\/#listItem","name":"Not\u00edcias Piracicaba"}},{"@type":"ListItem","@id":"https:\/\/www.encontrapiracicaba.com.br\/sobre\/noticias-em-piracicaba\/#listItem","position":2,"name":"Not\u00edcias Piracicaba","item":"https:\/\/www.encontrapiracicaba.com.br\/sobre\/noticias-em-piracicaba\/","nextItem":{"@type":"ListItem","@id":"https:\/\/www.encontrapiracicaba.com.br\/sobre\/prefeitura-de-piracicaba-anuncia-troca-no-comando-da-secretaria-de-saude-veja-quem-e-novo-titular\/#listItem","name":"Prefeitura de Piracicaba anuncia troca no comando da Secretaria de Sa\u00fade; veja quem \u00e9 novo titular"},"previousItem":{"@type":"ListItem","@id":"https:\/\/www.encontrapiracicaba.com.br\/sobre#listItem","name":"In\u00edcio"}},{"@type":"ListItem","@id":"https:\/\/www.encontrapiracicaba.com.br\/sobre\/prefeitura-de-piracicaba-anuncia-troca-no-comando-da-secretaria-de-saude-veja-quem-e-novo-titular\/#listItem","position":3,"name":"Prefeitura de Piracicaba anuncia troca no comando da Secretaria de Sa\u00fade; veja quem \u00e9 novo titular","previousItem":{"@type":"ListItem","@id":"https:\/\/www.encontrapiracicaba.com.br\/sobre\/noticias-em-piracicaba\/#listItem","name":"Not\u00edcias Piracicaba"}}]},{"@type":"Organization","@id":"https:\/\/www.encontrapiracicaba.com.br\/sobre\/#organization","name":"Encontra Piracicaba","description":"Not\u00edcias, eventos, informa\u00e7\u00f5es e dicas na cidade de Piracicaba e regi\u00e3o","url":"https:\/\/www.encontrapiracicaba.com.br\/sobre\/"},{"@type":"Person","@id":"https:\/\/www.encontrapiracicaba.com.br\/sobre\/author\/epiracicaba\/#author","url":"https:\/\/www.encontrapiracicaba.com.br\/sobre\/author\/epiracicaba\/","name":"Encontra Piracicaba","image":{"@type":"ImageObject","@id":"https:\/\/www.encontrapiracicaba.com.br\/sobre\/prefeitura-de-piracicaba-anuncia-troca-no-comando-da-secretaria-de-saude-veja-quem-e-novo-titular\/#authorImage","url":"https:\/\/secure.gravatar.com\/avatar\/507340682b8270222e1f208e23198b6ae7e2c6a1033ae84e99bc6bce4f82a387?s=96&d=mm&r=g","width":96,"height":96,"caption":"Encontra Piracicaba"}},{"@type":"WebPage","@id":"https:\/\/www.encontrapiracicaba.com.br\/sobre\/prefeitura-de-piracicaba-anuncia-troca-no-comando-da-secretaria-de-saude-veja-quem-e-novo-titular\/#webpage","url":"https:\/\/www.encontrapiracicaba.com.br\/sobre\/prefeitura-de-piracicaba-anuncia-troca-no-comando-da-secretaria-de-saude-veja-quem-e-novo-titular\/","name":"Prefeitura de Piracicaba anuncia troca no comando da Secretaria de Sa\u00fade; veja quem \u00e9 novo titular | Encontra Piracicaba","inLanguage":"pt-BR","isPartOf":{"@id":"https:\/\/www.encontrapiracicaba.com.br\/sobre\/#website"},"breadcrumb":{"@id":"https:\/\/www.encontrapiracicaba.com.br\/sobre\/prefeitura-de-piracicaba-anuncia-troca-no-comando-da-secretaria-de-saude-veja-quem-e-novo-titular\/#breadcrumblist"},"author":{"@id":"https:\/\/www.encontrapiracicaba.com.br\/sobre\/author\/epiracicaba\/#author"},"creator":{"@id":"https:\/\/www.encontrapiracicaba.com.br\/sobre\/author\/epiracicaba\/#author"},"image":{"@type":"ImageObject","url":"https:\/\/www.encontrapiracicaba.com.br\/sobre\/wp-content\/uploads\/prefeitura-de-piracicaba-anuncia-troca-no-comando-da-secretaria-de-saude-veja-quem-e-novo-titular.webp","@id":"https:\/\/www.encontrapiracicaba.com.br\/sobre\/prefeitura-de-piracicaba-anuncia-troca-no-comando-da-secretaria-de-saude-veja-quem-e-novo-titular\/#mainImage","width":280,"height":280,"caption":"Gustavo Aguiar Secretaria de Sa\u00fade Piracicaba"},"primaryImageOfPage":{"@id":"https:\/\/www.encontrapiracicaba.com.br\/sobre\/prefeitura-de-piracicaba-anuncia-troca-no-comando-da-secretaria-de-saude-veja-quem-e-novo-titular\/#mainImage"},"datePublished":"2026-04-09T11:43:03-03:00","dateModified":"2026-04-09T11:43:03-03:00"},{"@type":"WebSite","@id":"https:\/\/www.encontrapiracicaba.com.br\/sobre\/#website","url":"https:\/\/www.encontrapiracicaba.com.br\/sobre\/","name":"Encontra Piracicaba","description":"Not\u00edcias, eventos, informa\u00e7\u00f5es e dicas na cidade de Piracicaba e regi\u00e3o","inLanguage":"pt-BR","publisher":{"@id":"https:\/\/www.encontrapiracicaba.com.br\/sobre\/#organization"}}]},"og:locale":"pt_BR","og:site_name":"Encontra Piracicaba | Not\u00edcias, eventos, informa\u00e7\u00f5es e dicas na cidade de Piracicaba e regi\u00e3o","og:type":"article","og:title":"Prefeitura de Piracicaba anuncia troca no comando da Secretaria de Sa\u00fade; veja quem \u00e9 novo titular | Encontra Piracicaba","og:url":"https:\/\/www.encontrapiracicaba.com.br\/sobre\/prefeitura-de-piracicaba-anuncia-troca-no-comando-da-secretaria-de-saude-veja-quem-e-novo-titular\/","article:published_time":"2026-04-09T14:43:03+00:00","article:modified_time":"2026-04-09T14:43:03+00:00","twitter:card":"summary","twitter:title":"Prefeitura de Piracicaba anuncia troca no comando da Secretaria de Sa\u00fade; veja quem \u00e9 novo titular | Encontra Piracicaba"},"aioseo_meta_data":{"post_id":"4403","title":null,"description":null,"keywords":null,"keyphrases":null,"primary_term":null,"canonical_url":null,"og_title":null,"og_description":null,"og_object_type":"default","og_image_type":"default","og_image_url":null,"og_image_width":null,"og_image_height":null,"og_image_custom_url":null,"og_image_custom_fields":null,"og_video":null,"og_custom_url":null,"og_article_section":null,"og_article_tags":null,"twitter_use_og":false,"twitter_card":"default","twitter_image_type":"default","twitter_image_url":null,"twitter_image_custom_url":null,"twitter_image_custom_fields":null,"twitter_title":null,"twitter_description":null,"schema":{"blockGraphs":[],"customGraphs":[],"default":{"data":{"Article":[],"Course":[],"Dataset":[],"FAQPage":[],"Movie":[],"Person":[],"Product":[],"ProductReview":[],"Car":[],"Recipe":[],"Service":[],"SoftwareApplication":[],"WebPage":[]},"graphName":"Article","isEnabled":true},"graphs":[]},"schema_type":"default","schema_type_options":null,"pillar_content":false,"robots_default":true,"robots_noindex":false,"robots_noarchive":false,"robots_nosnippet":false,"robots_nofollow":false,"robots_noimageindex":false,"robots_noodp":false,"robots_notranslate":false,"robots_max_snippet":null,"robots_max_videopreview":null,"robots_max_imagepreview":"large","priority":null,"frequency":null,"local_seo":null,"breadcrumb_settings":null,"limit_modified_date":false,"ai":null,"created":"2026-04-09 14:43:07","updated":"2026-04-09 14:43:27","focus_keyword":null,"additional_keywords":null,"truseo_locale":null,"seo_analyzer_scan_date":null},"aioseo_breadcrumb":"<div class=\"aioseo-breadcrumbs\"><span class=\"aioseo-breadcrumb\">\n\t\t\t<a href=\"https:\/\/www.encontrapiracicaba.com.br\/sobre\" title=\"In\u00edcio\">In\u00edcio<\/a>\n\t\t<\/span><span class=\"aioseo-breadcrumb-separator\">&raquo;<\/span><span class=\"aioseo-breadcrumb\">\n\t\t\t<a href=\"https:\/\/www.encontrapiracicaba.com.br\/sobre\/noticias-em-piracicaba\/\" title=\"Not\u00edcias Piracicaba\">Not\u00edcias Piracicaba<\/a>\n\t\t<\/span><span class=\"aioseo-breadcrumb-separator\">&raquo;<\/span><span class=\"aioseo-breadcrumb\">\n\t\t\tPrefeitura de Piracicaba anuncia troca no comando da Secretaria de Sa\u00fade; veja quem \u00e9 novo titular\n\t\t<\/span><\/div>","aioseo_breadcrumb_json":[{"label":"In\u00edcio","link":"https:\/\/www.encontrapiracicaba.com.br\/sobre"},{"label":"Not\u00edcias Piracicaba","link":"https:\/\/www.encontrapiracicaba.com.br\/sobre\/noticias-em-piracicaba\/"},{"label":"Prefeitura de Piracicaba anuncia troca no comando da Secretaria de Sa\u00fade; veja quem \u00e9 novo titular","link":"https:\/\/www.encontrapiracicaba.com.br\/sobre\/prefeitura-de-piracicaba-anuncia-troca-no-comando-da-secretaria-de-saude-veja-quem-e-novo-titular\/"}],"_links":{"self":[{"href":"https:\/\/www.encontrapiracicaba.com.br\/sobre\/wp-json\/wp\/v2\/posts\/4403","targetHints":{"allow":["GET"]}}],"collection":[{"href":"https:\/\/www.encontrapiracicaba.com.br\/sobre\/wp-json\/wp\/v2\/posts"}],"about":[{"href":"https:\/\/www.encontrapiracicaba.com.br\/sobre\/wp-json\/wp\/v2\/types\/post"}],"author":[{"embeddable":true,"href":"https:\/\/www.encontrapiracicaba.com.br\/sobre\/wp-json\/wp\/v2\/users\/1"}],"replies":[{"embeddable":true,"href":"https:\/\/www.encontrapiracicaba.com.br\/sobre\/wp-json\/wp\/v2\/comments?post=4403"}],"version-history":[{"count":0,"href":"https:\/\/www.encontrapiracicaba.com.br\/sobre\/wp-json\/wp\/v2\/posts\/4403\/revisions"}],"wp:featuredmedia":[{"embeddable":true,"href":"https:\/\/www.encontrapiracicaba.com.br\/sobre\/wp-json\/wp\/v2\/media\/4402"}],"wp:attachment":[{"href":"https:\/\/www.encontrapiracicaba.com.br\/sobre\/wp-json\/wp\/v2\/media?parent=4403"}],"wp:term":[{"taxonomy":"category","embeddable":true,"href":"https:\/\/www.encontrapiracicaba.com.br\/sobre\/wp-json\/wp\/v2\/categories?post=4403"},{"taxonomy":"post_tag","embeddable":true,"href":"https:\/\/www.encontrapiracicaba.com.br\/sobre\/wp-json\/wp\/v2\/tags?post=4403"}],"curies":[{"name":"wp","href":"https:\/\/api.w.org\/{rel}","templated":true}]}}