{"id":4409,"date":"2026-04-10T11:43:28","date_gmt":"2026-04-10T14:43:28","guid":{"rendered":"https:\/\/www.encontrapiracicaba.com.br\/sobre\/fenapi-anuncia-grupos-selecionados-e-programacao-do-palco-principal-da-41a-festa-das-nacoes\/"},"modified":"2026-04-10T11:43:28","modified_gmt":"2026-04-10T14:43:28","slug":"fenapi-anuncia-grupos-selecionados-e-programacao-do-palco-principal-da-41a-festa-das-nacoes","status":"publish","type":"post","link":"https:\/\/www.encontrapiracicaba.com.br\/sobre\/fenapi-anuncia-grupos-selecionados-e-programacao-do-palco-principal-da-41a-festa-das-nacoes\/","title":{"rendered":"Fenapi anuncia grupos selecionados e programa\u00e7\u00e3o do palco principal da 41\u00aa Festa das Na\u00e7\u00f5es"},"content":{"rendered":"<div class=\"85df007ed5c0c4d4b453fd13a37855e8\" data-index=\"1\" style=\"float: none; margin:0px;\">\n<!-- Anuncio display - global -->\r\n<ins class=\"adsbygoogle\"\r\n     style=\"display:block\"\r\n     data-ad-client=\"ca-pub-8585364105181520\"\r\n     data-ad-slot=\"8789329856\"\r\n     data-ad-format=\"auto\"\r\n     data-full-width-responsive=\"true\"><\/ins>\r\n<script>\r\n     (adsbygoogle = window.adsbygoogle || []).push({});\r\n<\/script>\n<\/div>\n<h2>Programa\u00e7\u00e3o Completa da Festa<\/h2>\n<p>A 41\u00aa Festa das Na\u00e7\u00f5es de Piracicaba ocorrer\u00e1 entre os dias 13 e 17 de maio de 2026, no Engenho Central. O evento traz uma programa\u00e7\u00e3o repleta de apresenta\u00e7\u00f5es culturais, com atra\u00e7\u00f5es que refletem a diversidade das na\u00e7\u00f5es representadas. Os visitantes poder\u00e3o aproveitar a variedade de express\u00f5es art\u00edsticas que incluem dan\u00e7as, m\u00fasicas e performances folcl\u00f3ricas.<\/p>\n<h2>Grupos Art\u00edsticos Confirmados<\/h2>\n<p>Ap\u00f3s um processo seletivo que ocorreu em mar\u00e7o, a Fenapi, em parceria com a Prefeitura de Piracicaba, divulgou os grupos que se apresentar\u00e3o no palco principal. A sele\u00e7\u00e3o priorizou a harmonia entre as atra\u00e7\u00f5es e as culturas que est\u00e3o sendo celebradas no festival. Entre os artistas selecionados, destacam-se:<\/p>\n<ul>\n<li>Orquestra Sinf\u00f4nica de Piracicaba<\/li>\n<li>Orquestra Educacional de Piracicaba<\/li>\n<li>Orquestra Paulistana de Viola Caipira<\/li>\n<li>\u00c1gua de Vint\u00e9m<\/li>\n<li>Trioz\u00e3o<\/li>\n<\/ul>\n<h2>Import\u00e2ncia Cultural do Evento<\/h2>\n<p>A Festa das Na\u00e7\u00f5es tem um papel fundamental na promo\u00e7\u00e3o da diversidade cultural na cidade de Piracicaba. Este evento re\u00fane comunidades de diferentes nacionalidades, proporcionando um espa\u00e7o de integra\u00e7\u00e3o e troca de experi\u00eancias culturais. \u00c9 uma oportunidade de conhecer tradi\u00e7\u00f5es, dan\u00e7as e m\u00fasicas de diferentes pa\u00edses, al\u00e9m de valorizar os artistas locais.<\/p>\n<p><img decoding=\"async\" src=\"https:\/\/www.encontrapiracicaba.com.br\/sobre\/wp-content\/uploads\/fenapi-anuncia-grupos-selecionados-e-programacao-do-palco-principal-da-41-festa-das-nacoes.webp\" alt=\"Festa das Na\u00e7\u00f5es 2026\" loading=\"lazy\" \/><\/p>\n<h2>Entrevista com a Presidente da Fenapi<\/h2>\n<p>Carolina Angelelli, presidente da Fenapi, ressaltou a relev\u00e2ncia do festival ao dizer: &#8220;A Festa das Na\u00e7\u00f5es \u00e9 um verdadeiro encontro de culturas. O palco principal \u00e9 uma representa\u00e7\u00e3o viva das tradi\u00e7\u00f5es que trazemos, ao mesmo tempo em que damos espa\u00e7o para as express\u00f5es art\u00edsticas da nossa regi\u00e3o.&#8221; A presidente enfatiza que o evento \u00e9 uma grande vitrine para a cultura local e regional.<\/p>\n<h2>Expectativas para a 41\u00aa Edi\u00e7\u00e3o<\/h2>\n<p>Al\u00e9m da expectativa de um grande p\u00fablico, a Fenapi espera que essa edi\u00e7\u00e3o encante com suas luzes e ritmos. O tema para 2026 \u00e9 &#8220;O Ano das Luzes&#8221;, prometendo apresenta\u00e7\u00f5es que ir\u00e3o iluminar a noite e provocar emo\u00e7\u00f5es. A programa\u00e7\u00e3o foi pensada para atrair tanto os amantes da m\u00fasica quanto aqueles que apreciam dan\u00e7a e folclore.<\/p>\n<h2>Atra\u00e7\u00f5es Musicais Imperd\u00edveis<\/h2>\n<p>Os amantes da m\u00fasica poder\u00e3o desfrutar de apresenta\u00e7\u00f5es de grupos renomados, como a Orquestra Sinf\u00f4nica de Piracicaba e outras orquestras educacionais. A variedade de estilos, desde a m\u00fasica cl\u00e1ssica at\u00e9 ritmos tradicionais brasileiros, promete agradar a todos os gostos.<\/p>\n<h2>Dan\u00e7a: Artistas e Estilos<\/h2>\n<p>A dan\u00e7a \u00e9 um dos pontos altos da programa\u00e7\u00e3o. O evento contar\u00e1 com grupos como a Companhia Emanuelle e o N\u00facleo Corpoesia, que apresentar\u00e3o coreografias que misturam t\u00e9cnicas contempor\u00e2neas e folcl\u00f3ricas. A diversidade \u00e9 um tra\u00e7o marcante, com apresenta\u00e7\u00f5es que incluem dan\u00e7as folcl\u00f3ricas tradicionais da Col\u00f4mbia, Su\u00ed\u00e7a e Coreia.<\/p>\n<h2>Hist\u00f3ria da Festa das Na\u00e7\u00f5es<\/h2>\n<p>A Festa das Na\u00e7\u00f5es \u00e9 um evento que se consolidou como um marco cultural de Piracicaba. Criada com o objetivo de promover o interc\u00e2mbio cultural, a festa tem evolu\u00eddo ao longo dos anos, sempre buscando incluir novas culturas e tradi\u00e7\u00f5es, tornando-se um espa\u00e7o para a express\u00e3o art\u00edstica e a uni\u00e3o de v\u00e1rias etnias.<\/p>\n<h2>Como Participar e Aproveitar ao M\u00e1ximo<\/h2>\n<p>Os visitantes podem aproveitar ao m\u00e1ximo a Festa das Na\u00e7\u00f5es ao planejar sua visita. \u00c9 recomend\u00e1vel verificar a programa\u00e7\u00e3o com anteced\u00eancia, escolher as atra\u00e7\u00f5es de interesse e participar das diversas atividades interativas que ocorrer\u00e3o ao longo do evento, como oficinas de dan\u00e7a e culin\u00e1ria.<\/p>\n<h2>Impacto na Comunidade Local<\/h2>\n<p>A Festa das Na\u00e7\u00f5es n\u00e3o apenas celebra culturas, mas tamb\u00e9m traz benef\u00edcios \u00e0 economia local. O evento atrai milhares de visitantes, ajudando a movimentar o com\u00e9rcio e proporcionando visibilidade para os artistas regionais. A presen\u00e7a de barracas de comida t\u00edpica tamb\u00e9m promove a culin\u00e1ria local e de outros pa\u00edses, enriquecendo a experi\u00eancia dos participantes.<\/p>\n\n<div style=\"font-size: 0px; height: 0px; line-height: 0px; margin: 0; padding: 0; clear: both;\"><\/div>","protected":false},"excerpt":{"rendered":"<p>Festa das Na\u00e7\u00f5es 2026 traz grupos art\u00edsticos incr\u00edveis e programa\u00e7\u00e3o diversificada.<\/p>\n","protected":false},"author":1,"featured_media":4408,"comment_status":"closed","ping_status":"closed","sticky":false,"template":"","format":"standard","meta":{"footnotes":""},"categories":[6],"tags":[],"class_list":["post-4409","post","type-post","status-publish","format-standard","has-post-thumbnail","hentry","category-noticias-em-piracicaba","has_thumb"],"aioseo_notices":[],"aioseo_head":"\n\t\t<!-- All in One SEO 5.0.0.1 - aioseo.com -->\n\t<meta name=\"robots\" content=\"max-image-preview:large\" \/>\n\t<meta name=\"author\" content=\"Encontra Piracicaba\"\/>\n\t<link rel=\"canonical\" href=\"https:\/\/www.encontrapiracicaba.com.br\/sobre\/fenapi-anuncia-grupos-selecionados-e-programacao-do-palco-principal-da-41a-festa-das-nacoes\/\" \/>\n\t<meta name=\"generator\" content=\"All in One SEO (AIOSEO) 5.0.0.1\" \/>\n\t\t<meta property=\"og:locale\" content=\"pt_BR\" \/>\n\t\t<meta property=\"og:site_name\" content=\"Encontra Piracicaba | Not\u00edcias, eventos, informa\u00e7\u00f5es e dicas na cidade de Piracicaba e regi\u00e3o\" \/>\n\t\t<meta property=\"og:type\" content=\"article\" \/>\n\t\t<meta property=\"og:title\" content=\"Fenapi anuncia grupos selecionados e programa\u00e7\u00e3o do palco principal da 41\u00aa Festa das Na\u00e7\u00f5es | Encontra Piracicaba\" \/>\n\t\t<meta property=\"og:url\" content=\"https:\/\/www.encontrapiracicaba.com.br\/sobre\/fenapi-anuncia-grupos-selecionados-e-programacao-do-palco-principal-da-41a-festa-das-nacoes\/\" \/>\n\t\t<meta property=\"article:published_time\" content=\"2026-04-10T14:43:28+00:00\" \/>\n\t\t<meta property=\"article:modified_time\" content=\"2026-04-10T14:43:28+00:00\" \/>\n\t\t<meta name=\"twitter:card\" content=\"summary\" \/>\n\t\t<meta name=\"twitter:title\" content=\"Fenapi anuncia grupos selecionados e programa\u00e7\u00e3o do palco principal da 41\u00aa Festa das Na\u00e7\u00f5es | Encontra Piracicaba\" \/>\n\t\t<script type=\"application\/ld+json\" class=\"aioseo-schema\">\n\t\t\t{\"@context\":\"https:\\\/\\\/schema.org\",\"@graph\":[{\"@type\":\"Article\",\"@id\":\"https:\\\/\\\/www.encontrapiracicaba.com.br\\\/sobre\\\/fenapi-anuncia-grupos-selecionados-e-programacao-do-palco-principal-da-41a-festa-das-nacoes\\\/#article\",\"name\":\"Fenapi anuncia grupos selecionados e programa\\u00e7\\u00e3o do palco principal da 41\\u00aa Festa das Na\\u00e7\\u00f5es | Encontra Piracicaba\",\"headline\":\"Fenapi anuncia grupos selecionados e programa\\u00e7\\u00e3o do palco principal da 41\\u00aa Festa das Na\\u00e7\\u00f5es\",\"author\":{\"@id\":\"https:\\\/\\\/www.encontrapiracicaba.com.br\\\/sobre\\\/author\\\/epiracicaba\\\/#author\"},\"publisher\":{\"@id\":\"https:\\\/\\\/www.encontrapiracicaba.com.br\\\/sobre\\\/#organization\"},\"image\":{\"@type\":\"ImageObject\",\"url\":\"https:\\\/\\\/www.encontrapiracicaba.com.br\\\/sobre\\\/wp-content\\\/uploads\\\/fenapi-anuncia-grupos-selecionados-e-programacao-do-palco-principal-da-41-festa-das-nacoes.webp\",\"width\":280,\"height\":280,\"caption\":\"Festa das Na\\u00e7\\u00f5es 2026\"},\"datePublished\":\"2026-04-10T11:43:28-03:00\",\"dateModified\":\"2026-04-10T11:43:28-03:00\",\"inLanguage\":\"pt-BR\",\"mainEntityOfPage\":{\"@id\":\"https:\\\/\\\/www.encontrapiracicaba.com.br\\\/sobre\\\/fenapi-anuncia-grupos-selecionados-e-programacao-do-palco-principal-da-41a-festa-das-nacoes\\\/#webpage\"},\"isPartOf\":{\"@id\":\"https:\\\/\\\/www.encontrapiracicaba.com.br\\\/sobre\\\/fenapi-anuncia-grupos-selecionados-e-programacao-do-palco-principal-da-41a-festa-das-nacoes\\\/#webpage\"},\"articleSection\":\"Not\\u00edcias Piracicaba\"},{\"@type\":\"BreadcrumbList\",\"@id\":\"https:\\\/\\\/www.encontrapiracicaba.com.br\\\/sobre\\\/fenapi-anuncia-grupos-selecionados-e-programacao-do-palco-principal-da-41a-festa-das-nacoes\\\/#breadcrumblist\",\"itemListElement\":[{\"@type\":\"ListItem\",\"@id\":\"https:\\\/\\\/www.encontrapiracicaba.com.br\\\/sobre#listItem\",\"position\":1,\"name\":\"In\\u00edcio\",\"item\":\"https:\\\/\\\/www.encontrapiracicaba.com.br\\\/sobre\",\"nextItem\":{\"@type\":\"ListItem\",\"@id\":\"https:\\\/\\\/www.encontrapiracicaba.com.br\\\/sobre\\\/noticias-em-piracicaba\\\/#listItem\",\"name\":\"Not\\u00edcias Piracicaba\"}},{\"@type\":\"ListItem\",\"@id\":\"https:\\\/\\\/www.encontrapiracicaba.com.br\\\/sobre\\\/noticias-em-piracicaba\\\/#listItem\",\"position\":2,\"name\":\"Not\\u00edcias Piracicaba\",\"item\":\"https:\\\/\\\/www.encontrapiracicaba.com.br\\\/sobre\\\/noticias-em-piracicaba\\\/\",\"nextItem\":{\"@type\":\"ListItem\",\"@id\":\"https:\\\/\\\/www.encontrapiracicaba.com.br\\\/sobre\\\/fenapi-anuncia-grupos-selecionados-e-programacao-do-palco-principal-da-41a-festa-das-nacoes\\\/#listItem\",\"name\":\"Fenapi anuncia grupos selecionados e programa\\u00e7\\u00e3o do palco principal da 41\\u00aa Festa das Na\\u00e7\\u00f5es\"},\"previousItem\":{\"@type\":\"ListItem\",\"@id\":\"https:\\\/\\\/www.encontrapiracicaba.com.br\\\/sobre#listItem\",\"name\":\"In\\u00edcio\"}},{\"@type\":\"ListItem\",\"@id\":\"https:\\\/\\\/www.encontrapiracicaba.com.br\\\/sobre\\\/fenapi-anuncia-grupos-selecionados-e-programacao-do-palco-principal-da-41a-festa-das-nacoes\\\/#listItem\",\"position\":3,\"name\":\"Fenapi anuncia grupos selecionados e programa\\u00e7\\u00e3o do palco principal da 41\\u00aa Festa das Na\\u00e7\\u00f5es\",\"previousItem\":{\"@type\":\"ListItem\",\"@id\":\"https:\\\/\\\/www.encontrapiracicaba.com.br\\\/sobre\\\/noticias-em-piracicaba\\\/#listItem\",\"name\":\"Not\\u00edcias Piracicaba\"}}]},{\"@type\":\"Organization\",\"@id\":\"https:\\\/\\\/www.encontrapiracicaba.com.br\\\/sobre\\\/#organization\",\"name\":\"Encontra Piracicaba\",\"description\":\"Not\\u00edcias, eventos, informa\\u00e7\\u00f5es e dicas na cidade de Piracicaba e regi\\u00e3o\",\"url\":\"https:\\\/\\\/www.encontrapiracicaba.com.br\\\/sobre\\\/\"},{\"@type\":\"Person\",\"@id\":\"https:\\\/\\\/www.encontrapiracicaba.com.br\\\/sobre\\\/author\\\/epiracicaba\\\/#author\",\"url\":\"https:\\\/\\\/www.encontrapiracicaba.com.br\\\/sobre\\\/author\\\/epiracicaba\\\/\",\"name\":\"Encontra Piracicaba\",\"image\":{\"@type\":\"ImageObject\",\"@id\":\"https:\\\/\\\/www.encontrapiracicaba.com.br\\\/sobre\\\/fenapi-anuncia-grupos-selecionados-e-programacao-do-palco-principal-da-41a-festa-das-nacoes\\\/#authorImage\",\"url\":\"https:\\\/\\\/secure.gravatar.com\\\/avatar\\\/507340682b8270222e1f208e23198b6ae7e2c6a1033ae84e99bc6bce4f82a387?s=96&d=mm&r=g\",\"width\":96,\"height\":96,\"caption\":\"Encontra Piracicaba\"}},{\"@type\":\"WebPage\",\"@id\":\"https:\\\/\\\/www.encontrapiracicaba.com.br\\\/sobre\\\/fenapi-anuncia-grupos-selecionados-e-programacao-do-palco-principal-da-41a-festa-das-nacoes\\\/#webpage\",\"url\":\"https:\\\/\\\/www.encontrapiracicaba.com.br\\\/sobre\\\/fenapi-anuncia-grupos-selecionados-e-programacao-do-palco-principal-da-41a-festa-das-nacoes\\\/\",\"name\":\"Fenapi anuncia grupos selecionados e programa\\u00e7\\u00e3o do palco principal da 41\\u00aa Festa das Na\\u00e7\\u00f5es | Encontra Piracicaba\",\"inLanguage\":\"pt-BR\",\"isPartOf\":{\"@id\":\"https:\\\/\\\/www.encontrapiracicaba.com.br\\\/sobre\\\/#website\"},\"breadcrumb\":{\"@id\":\"https:\\\/\\\/www.encontrapiracicaba.com.br\\\/sobre\\\/fenapi-anuncia-grupos-selecionados-e-programacao-do-palco-principal-da-41a-festa-das-nacoes\\\/#breadcrumblist\"},\"author\":{\"@id\":\"https:\\\/\\\/www.encontrapiracicaba.com.br\\\/sobre\\\/author\\\/epiracicaba\\\/#author\"},\"creator\":{\"@id\":\"https:\\\/\\\/www.encontrapiracicaba.com.br\\\/sobre\\\/author\\\/epiracicaba\\\/#author\"},\"image\":{\"@type\":\"ImageObject\",\"url\":\"https:\\\/\\\/www.encontrapiracicaba.com.br\\\/sobre\\\/wp-content\\\/uploads\\\/fenapi-anuncia-grupos-selecionados-e-programacao-do-palco-principal-da-41-festa-das-nacoes.webp\",\"@id\":\"https:\\\/\\\/www.encontrapiracicaba.com.br\\\/sobre\\\/fenapi-anuncia-grupos-selecionados-e-programacao-do-palco-principal-da-41a-festa-das-nacoes\\\/#mainImage\",\"width\":280,\"height\":280,\"caption\":\"Festa das Na\\u00e7\\u00f5es 2026\"},\"primaryImageOfPage\":{\"@id\":\"https:\\\/\\\/www.encontrapiracicaba.com.br\\\/sobre\\\/fenapi-anuncia-grupos-selecionados-e-programacao-do-palco-principal-da-41a-festa-das-nacoes\\\/#mainImage\"},\"datePublished\":\"2026-04-10T11:43:28-03:00\",\"dateModified\":\"2026-04-10T11:43:28-03:00\"},{\"@type\":\"WebSite\",\"@id\":\"https:\\\/\\\/www.encontrapiracicaba.com.br\\\/sobre\\\/#website\",\"url\":\"https:\\\/\\\/www.encontrapiracicaba.com.br\\\/sobre\\\/\",\"name\":\"Encontra Piracicaba\",\"description\":\"Not\\u00edcias, eventos, informa\\u00e7\\u00f5es e dicas na cidade de Piracicaba e regi\\u00e3o\",\"inLanguage\":\"pt-BR\",\"publisher\":{\"@id\":\"https:\\\/\\\/www.encontrapiracicaba.com.br\\\/sobre\\\/#organization\"}}]}\n\t\t<\/script>\n\t\t<!-- All in One SEO -->\n\n","aioseo_head_json":{"title":"Fenapi anuncia grupos selecionados e programa\u00e7\u00e3o do palco principal da 41\u00aa Festa das Na\u00e7\u00f5es | Encontra Piracicaba","description":"","canonical_url":"https:\/\/www.encontrapiracicaba.com.br\/sobre\/fenapi-anuncia-grupos-selecionados-e-programacao-do-palco-principal-da-41a-festa-das-nacoes\/","robots":"max-image-preview:large","keywords":"","webmasterTools":{"miscellaneous":""},"schema":{"@context":"https:\/\/schema.org","@graph":[{"@type":"Article","@id":"https:\/\/www.encontrapiracicaba.com.br\/sobre\/fenapi-anuncia-grupos-selecionados-e-programacao-do-palco-principal-da-41a-festa-das-nacoes\/#article","name":"Fenapi anuncia grupos selecionados e programa\u00e7\u00e3o do palco principal da 41\u00aa Festa das Na\u00e7\u00f5es | Encontra Piracicaba","headline":"Fenapi anuncia grupos selecionados e programa\u00e7\u00e3o do palco principal da 41\u00aa Festa das Na\u00e7\u00f5es","author":{"@id":"https:\/\/www.encontrapiracicaba.com.br\/sobre\/author\/epiracicaba\/#author"},"publisher":{"@id":"https:\/\/www.encontrapiracicaba.com.br\/sobre\/#organization"},"image":{"@type":"ImageObject","url":"https:\/\/www.encontrapiracicaba.com.br\/sobre\/wp-content\/uploads\/fenapi-anuncia-grupos-selecionados-e-programacao-do-palco-principal-da-41-festa-das-nacoes.webp","width":280,"height":280,"caption":"Festa das Na\u00e7\u00f5es 2026"},"datePublished":"2026-04-10T11:43:28-03:00","dateModified":"2026-04-10T11:43:28-03:00","inLanguage":"pt-BR","mainEntityOfPage":{"@id":"https:\/\/www.encontrapiracicaba.com.br\/sobre\/fenapi-anuncia-grupos-selecionados-e-programacao-do-palco-principal-da-41a-festa-das-nacoes\/#webpage"},"isPartOf":{"@id":"https:\/\/www.encontrapiracicaba.com.br\/sobre\/fenapi-anuncia-grupos-selecionados-e-programacao-do-palco-principal-da-41a-festa-das-nacoes\/#webpage"},"articleSection":"Not\u00edcias Piracicaba"},{"@type":"BreadcrumbList","@id":"https:\/\/www.encontrapiracicaba.com.br\/sobre\/fenapi-anuncia-grupos-selecionados-e-programacao-do-palco-principal-da-41a-festa-das-nacoes\/#breadcrumblist","itemListElement":[{"@type":"ListItem","@id":"https:\/\/www.encontrapiracicaba.com.br\/sobre#listItem","position":1,"name":"In\u00edcio","item":"https:\/\/www.encontrapiracicaba.com.br\/sobre","nextItem":{"@type":"ListItem","@id":"https:\/\/www.encontrapiracicaba.com.br\/sobre\/noticias-em-piracicaba\/#listItem","name":"Not\u00edcias Piracicaba"}},{"@type":"ListItem","@id":"https:\/\/www.encontrapiracicaba.com.br\/sobre\/noticias-em-piracicaba\/#listItem","position":2,"name":"Not\u00edcias Piracicaba","item":"https:\/\/www.encontrapiracicaba.com.br\/sobre\/noticias-em-piracicaba\/","nextItem":{"@type":"ListItem","@id":"https:\/\/www.encontrapiracicaba.com.br\/sobre\/fenapi-anuncia-grupos-selecionados-e-programacao-do-palco-principal-da-41a-festa-das-nacoes\/#listItem","name":"Fenapi anuncia grupos selecionados e programa\u00e7\u00e3o do palco principal da 41\u00aa Festa das Na\u00e7\u00f5es"},"previousItem":{"@type":"ListItem","@id":"https:\/\/www.encontrapiracicaba.com.br\/sobre#listItem","name":"In\u00edcio"}},{"@type":"ListItem","@id":"https:\/\/www.encontrapiracicaba.com.br\/sobre\/fenapi-anuncia-grupos-selecionados-e-programacao-do-palco-principal-da-41a-festa-das-nacoes\/#listItem","position":3,"name":"Fenapi anuncia grupos selecionados e programa\u00e7\u00e3o do palco principal da 41\u00aa Festa das Na\u00e7\u00f5es","previousItem":{"@type":"ListItem","@id":"https:\/\/www.encontrapiracicaba.com.br\/sobre\/noticias-em-piracicaba\/#listItem","name":"Not\u00edcias Piracicaba"}}]},{"@type":"Organization","@id":"https:\/\/www.encontrapiracicaba.com.br\/sobre\/#organization","name":"Encontra Piracicaba","description":"Not\u00edcias, eventos, informa\u00e7\u00f5es e dicas na cidade de Piracicaba e regi\u00e3o","url":"https:\/\/www.encontrapiracicaba.com.br\/sobre\/"},{"@type":"Person","@id":"https:\/\/www.encontrapiracicaba.com.br\/sobre\/author\/epiracicaba\/#author","url":"https:\/\/www.encontrapiracicaba.com.br\/sobre\/author\/epiracicaba\/","name":"Encontra Piracicaba","image":{"@type":"ImageObject","@id":"https:\/\/www.encontrapiracicaba.com.br\/sobre\/fenapi-anuncia-grupos-selecionados-e-programacao-do-palco-principal-da-41a-festa-das-nacoes\/#authorImage","url":"https:\/\/secure.gravatar.com\/avatar\/507340682b8270222e1f208e23198b6ae7e2c6a1033ae84e99bc6bce4f82a387?s=96&d=mm&r=g","width":96,"height":96,"caption":"Encontra Piracicaba"}},{"@type":"WebPage","@id":"https:\/\/www.encontrapiracicaba.com.br\/sobre\/fenapi-anuncia-grupos-selecionados-e-programacao-do-palco-principal-da-41a-festa-das-nacoes\/#webpage","url":"https:\/\/www.encontrapiracicaba.com.br\/sobre\/fenapi-anuncia-grupos-selecionados-e-programacao-do-palco-principal-da-41a-festa-das-nacoes\/","name":"Fenapi anuncia grupos selecionados e programa\u00e7\u00e3o do palco principal da 41\u00aa Festa das Na\u00e7\u00f5es | Encontra Piracicaba","inLanguage":"pt-BR","isPartOf":{"@id":"https:\/\/www.encontrapiracicaba.com.br\/sobre\/#website"},"breadcrumb":{"@id":"https:\/\/www.encontrapiracicaba.com.br\/sobre\/fenapi-anuncia-grupos-selecionados-e-programacao-do-palco-principal-da-41a-festa-das-nacoes\/#breadcrumblist"},"author":{"@id":"https:\/\/www.encontrapiracicaba.com.br\/sobre\/author\/epiracicaba\/#author"},"creator":{"@id":"https:\/\/www.encontrapiracicaba.com.br\/sobre\/author\/epiracicaba\/#author"},"image":{"@type":"ImageObject","url":"https:\/\/www.encontrapiracicaba.com.br\/sobre\/wp-content\/uploads\/fenapi-anuncia-grupos-selecionados-e-programacao-do-palco-principal-da-41-festa-das-nacoes.webp","@id":"https:\/\/www.encontrapiracicaba.com.br\/sobre\/fenapi-anuncia-grupos-selecionados-e-programacao-do-palco-principal-da-41a-festa-das-nacoes\/#mainImage","width":280,"height":280,"caption":"Festa das Na\u00e7\u00f5es 2026"},"primaryImageOfPage":{"@id":"https:\/\/www.encontrapiracicaba.com.br\/sobre\/fenapi-anuncia-grupos-selecionados-e-programacao-do-palco-principal-da-41a-festa-das-nacoes\/#mainImage"},"datePublished":"2026-04-10T11:43:28-03:00","dateModified":"2026-04-10T11:43:28-03:00"},{"@type":"WebSite","@id":"https:\/\/www.encontrapiracicaba.com.br\/sobre\/#website","url":"https:\/\/www.encontrapiracicaba.com.br\/sobre\/","name":"Encontra Piracicaba","description":"Not\u00edcias, eventos, informa\u00e7\u00f5es e dicas na cidade de Piracicaba e regi\u00e3o","inLanguage":"pt-BR","publisher":{"@id":"https:\/\/www.encontrapiracicaba.com.br\/sobre\/#organization"}}]},"og:locale":"pt_BR","og:site_name":"Encontra Piracicaba | Not\u00edcias, eventos, informa\u00e7\u00f5es e dicas na cidade de Piracicaba e regi\u00e3o","og:type":"article","og:title":"Fenapi anuncia grupos selecionados e programa\u00e7\u00e3o do palco principal da 41\u00aa Festa das Na\u00e7\u00f5es | Encontra Piracicaba","og:url":"https:\/\/www.encontrapiracicaba.com.br\/sobre\/fenapi-anuncia-grupos-selecionados-e-programacao-do-palco-principal-da-41a-festa-das-nacoes\/","article:published_time":"2026-04-10T14:43:28+00:00","article:modified_time":"2026-04-10T14:43:28+00:00","twitter:card":"summary","twitter:title":"Fenapi anuncia grupos selecionados e programa\u00e7\u00e3o do palco principal da 41\u00aa Festa das Na\u00e7\u00f5es | Encontra Piracicaba"},"aioseo_meta_data":{"post_id":"4409","title":null,"description":null,"keywords":null,"keyphrases":null,"primary_term":null,"canonical_url":null,"og_title":null,"og_description":null,"og_object_type":"default","og_image_type":"default","og_image_url":null,"og_image_width":null,"og_image_height":null,"og_image_custom_url":null,"og_image_custom_fields":null,"og_video":null,"og_custom_url":null,"og_article_section":null,"og_article_tags":null,"twitter_use_og":false,"twitter_card":"default","twitter_image_type":"default","twitter_image_url":null,"twitter_image_custom_url":null,"twitter_image_custom_fields":null,"twitter_title":null,"twitter_description":null,"schema":{"blockGraphs":[],"customGraphs":[],"default":{"data":{"Article":[],"Course":[],"Dataset":[],"FAQPage":[],"Movie":[],"Person":[],"Product":[],"ProductReview":[],"Car":[],"Recipe":[],"Service":[],"SoftwareApplication":[],"WebPage":[]},"graphName":"Article","isEnabled":true},"graphs":[]},"schema_type":"default","schema_type_options":null,"pillar_content":false,"robots_default":true,"robots_noindex":false,"robots_noarchive":false,"robots_nosnippet":false,"robots_nofollow":false,"robots_noimageindex":false,"robots_noodp":false,"robots_notranslate":false,"robots_max_snippet":null,"robots_max_videopreview":null,"robots_max_imagepreview":"large","priority":null,"frequency":null,"local_seo":null,"breadcrumb_settings":null,"limit_modified_date":false,"ai":null,"created":"2026-04-10 14:43:32","updated":"2026-04-10 14:49:48","focus_keyword":null,"additional_keywords":null,"truseo_locale":null,"seo_analyzer_scan_date":null},"aioseo_breadcrumb":"<div class=\"aioseo-breadcrumbs\"><span class=\"aioseo-breadcrumb\">\n\t\t\t<a href=\"https:\/\/www.encontrapiracicaba.com.br\/sobre\" title=\"In\u00edcio\">In\u00edcio<\/a>\n\t\t<\/span><span class=\"aioseo-breadcrumb-separator\">&raquo;<\/span><span class=\"aioseo-breadcrumb\">\n\t\t\t<a href=\"https:\/\/www.encontrapiracicaba.com.br\/sobre\/noticias-em-piracicaba\/\" title=\"Not\u00edcias Piracicaba\">Not\u00edcias Piracicaba<\/a>\n\t\t<\/span><span class=\"aioseo-breadcrumb-separator\">&raquo;<\/span><span class=\"aioseo-breadcrumb\">\n\t\t\tFenapi anuncia grupos selecionados e programa\u00e7\u00e3o do palco principal da 41\u00aa Festa das Na\u00e7\u00f5es\n\t\t<\/span><\/div>","aioseo_breadcrumb_json":[{"label":"In\u00edcio","link":"https:\/\/www.encontrapiracicaba.com.br\/sobre"},{"label":"Not\u00edcias Piracicaba","link":"https:\/\/www.encontrapiracicaba.com.br\/sobre\/noticias-em-piracicaba\/"},{"label":"Fenapi anuncia grupos selecionados e programa\u00e7\u00e3o do palco principal da 41\u00aa Festa das Na\u00e7\u00f5es","link":"https:\/\/www.encontrapiracicaba.com.br\/sobre\/fenapi-anuncia-grupos-selecionados-e-programacao-do-palco-principal-da-41a-festa-das-nacoes\/"}],"_links":{"self":[{"href":"https:\/\/www.encontrapiracicaba.com.br\/sobre\/wp-json\/wp\/v2\/posts\/4409","targetHints":{"allow":["GET"]}}],"collection":[{"href":"https:\/\/www.encontrapiracicaba.com.br\/sobre\/wp-json\/wp\/v2\/posts"}],"about":[{"href":"https:\/\/www.encontrapiracicaba.com.br\/sobre\/wp-json\/wp\/v2\/types\/post"}],"author":[{"embeddable":true,"href":"https:\/\/www.encontrapiracicaba.com.br\/sobre\/wp-json\/wp\/v2\/users\/1"}],"replies":[{"embeddable":true,"href":"https:\/\/www.encontrapiracicaba.com.br\/sobre\/wp-json\/wp\/v2\/comments?post=4409"}],"version-history":[{"count":0,"href":"https:\/\/www.encontrapiracicaba.com.br\/sobre\/wp-json\/wp\/v2\/posts\/4409\/revisions"}],"wp:featuredmedia":[{"embeddable":true,"href":"https:\/\/www.encontrapiracicaba.com.br\/sobre\/wp-json\/wp\/v2\/media\/4408"}],"wp:attachment":[{"href":"https:\/\/www.encontrapiracicaba.com.br\/sobre\/wp-json\/wp\/v2\/media?parent=4409"}],"wp:term":[{"taxonomy":"category","embeddable":true,"href":"https:\/\/www.encontrapiracicaba.com.br\/sobre\/wp-json\/wp\/v2\/categories?post=4409"},{"taxonomy":"post_tag","embeddable":true,"href":"https:\/\/www.encontrapiracicaba.com.br\/sobre\/wp-json\/wp\/v2\/tags?post=4409"}],"curies":[{"name":"wp","href":"https:\/\/api.w.org\/{rel}","templated":true}]}}