{"id":4419,"date":"2026-04-14T11:15:33","date_gmt":"2026-04-14T14:15:33","guid":{"rendered":"https:\/\/www.encontrapiracicaba.com.br\/sobre\/vacinacao-contra-a-gripe-cidades-da-regiao-de-piracicaba-preparam-novos-dias-d-para-aumentar-adesao\/"},"modified":"2026-04-14T11:15:33","modified_gmt":"2026-04-14T14:15:33","slug":"vacinacao-contra-a-gripe-cidades-da-regiao-de-piracicaba-preparam-novos-dias-d-para-aumentar-adesao","status":"publish","type":"post","link":"https:\/\/www.encontrapiracicaba.com.br\/sobre\/vacinacao-contra-a-gripe-cidades-da-regiao-de-piracicaba-preparam-novos-dias-d-para-aumentar-adesao\/","title":{"rendered":"Vacina\u00e7\u00e3o contra a gripe: cidades da regi\u00e3o de Piracicaba preparam novos &#8216;dias D\u2019 para aumentar ades\u00e3o"},"content":{"rendered":"<div class=\"85df007ed5c0c4d4b453fd13a37855e8\" data-index=\"1\" style=\"float: none; margin:0px;\">\n<!-- Anuncio display - global -->\r\n<ins class=\"adsbygoogle\"\r\n     style=\"display:block\"\r\n     data-ad-client=\"ca-pub-8585364105181520\"\r\n     data-ad-slot=\"8789329856\"\r\n     data-ad-format=\"auto\"\r\n     data-full-width-responsive=\"true\"><\/ins>\r\n<script>\r\n     (adsbygoogle = window.adsbygoogle || []).push({});\r\n<\/script>\n<\/div>\n<h2>Import\u00e2ncia da vacina\u00e7\u00e3o contra a gripe<\/h2>\n<p>A vacina\u00e7\u00e3o contra a gripe \u00e9 uma medida de sa\u00fade p\u00fablica vital. Ela protege n\u00e3o apenas o indiv\u00edduo que se vacina, mas tamb\u00e9m a comunidade em geral. Ao ser imunizado, a pessoa reduz a probabilidade de transmitir o v\u00edrus da gripe a outros, especialmente aos grupos vulner\u00e1veis, como crian\u00e7as, idosos e pessoas com condi\u00e7\u00f5es de sa\u00fade preexistentes.<\/p>\n<h2>Quem pode se vacinar?<\/h2>\n<p>Atualmente, a vacina\u00e7\u00e3o est\u00e1 dispon\u00edvel para categorias espec\u00edficas da popula\u00e7\u00e3o que s\u00e3o consideradas priorit\u00e1rias. Esses grupos incluem:<\/p>\n<ul>\n<li>Crian\u00e7as com idades de 6 meses a menos de 6 anos.<\/li>\n<li>Idosos com 60 anos ou mais.<\/li>\n<li>Profissionais da sa\u00fade.<\/li>\n<li>Gestantes e pu\u00e9rperas.<\/li>\n<li>Professores das redes de ensino b\u00e1sico e superior.<\/li>\n<li>Povos ind\u00edgenas e quilombolas.<\/li>\n<li>Trabalhadores da sa\u00fade, dos Correios, portu\u00e1rios e de transporte coletivo.<\/li>\n<li>Pessoas com doen\u00e7as cr\u00f4nicas e defici\u00eancia permanente.<\/li>\n<\/ul>\n<h2>Novos &#8216;dias D&#8217; na regi\u00e3o<\/h2>\n<p>No intuito de aumentar a ades\u00e3o \u00e0 vacina, diversas cidades ao redor da regi\u00e3o de Piracicaba programaram novos &#8216;dias D&#8217; de vacina\u00e7\u00e3o. Al\u00e9m do Dia D nacional, realizado em 28 de mar\u00e7o, haver\u00e1 a\u00e7\u00f5es complementares nos seguintes dias:<\/p>\n<ul>\n<li><strong>Piracicaba, Limeira, Iracem\u00e1polis e Elias Fausto:<\/strong> s\u00e1bado, 11 de abril.<\/li>\n<li><strong>Charqueada:<\/strong> 25 de abril.<\/li>\n<li><strong>Rio das Pedras:<\/strong> 9 de maio.<\/li>\n<\/ul>\n<h2>Postos de vacina\u00e7\u00e3o em Piracicaba<\/h2>\n<p>Em Piracicaba, os postos de vacina\u00e7\u00e3o abrir\u00e3o das 8h \u00e0s 16h neste s\u00e1bado. Os locais incluem:<\/p>\n<h3>Unidades de Sa\u00fade<\/h3>\n<ul>\n<li><strong>UBS Parque Piracicaba:<\/strong> Rua Palmital, s\/n\u00ba<\/li>\n<li><strong>UBS Caxambu:<\/strong> Rua Engenheiro Romano Coury, 513<\/li>\n<li><strong>UBS Centro:<\/strong> Avenida Fran\u00e7a, 227, Jardim Europa<\/li>\n<li><strong>UBS Piracicamirim:<\/strong> Rua Gon\u00e7alves Dias, 1070<\/li>\n<li><strong>UBS Vila Cristina:<\/strong> Avenida Raposo Tavares, 1851<\/li>\n<li><strong>UBS Vila Rezende:<\/strong> Rua Santo Estev\u00e3o, 394<\/li>\n<\/ul>\n<h3>Postos Volantes<\/h3>\n<ul>\n<li><strong>COOP:<\/strong> Avenida Professor Alberto Vollet Sachs, 2030<\/li>\n<li><strong>De Casa Supermercados:<\/strong> Rua Corcovado, 70<\/li>\n<li><strong>P\u00e3o de A\u00e7\u00facar \u2013 Cidade Alta:<\/strong> Rua Visconde do Rio Branco, 583<\/li>\n<li><strong>Assa\u00ed Nova Am\u00e9rica:<\/strong> Avenida Ant\u00f4nio Fazanaro, s\/n\u00ba<\/li>\n<li><strong>Ja\u00fa Serve \u2013 S\u00e3o Dimas:<\/strong> Rua Capit\u00e3o Em\u00eddio, 537<\/li>\n<li><strong>Supermercado Pague Menos \u2013 Vila Rezende:<\/strong> Avenida Dona Francisca, 333<\/li>\n<\/ul>\n<h2>Cobertura vacinal: n\u00fameros e metas<\/h2>\n<p>At\u00e9 a data mais recente registrada, 12.475 cidad\u00e3os foram vacinados em Piracicaba. A meta estipulada pela Secretaria Municipal de Sa\u00fade \u00e9 imunizar pelo menos 90% da popula\u00e7\u00e3o-alvo, que corresponde a 97.545 moradores. Isso significa que \u00e9 essencial aumentar a taxa de ades\u00e3o.<\/p>\n<h2>Como a vacina ajuda na preven\u00e7\u00e3o<\/h2>\n<p>A vacina contra a gripe \u00e9 a principal e mais eficaz forma de preven\u00e7\u00e3o contra a doen\u00e7a. Ela n\u00e3o s\u00f3 diminui a incid\u00eancia da gripe, mas tamb\u00e9m reduz as complica\u00e7\u00f5es, interna\u00e7\u00f5es e mortes associadas, especialmente em grupos de risco. Ao estimular o sistema imunol\u00f3gico, a vacina prepara o corpo para combater o v\u00edrus caso ocorra a exposi\u00e7\u00e3o.<\/p>\n<h2>Onipresen\u00e7a do v\u00edrus influenza<\/h2>\n<p>O v\u00edrus da gripe, tanto em suas variantes A quanto B, continua circulando anualmente. O fen\u00f4meno de coinfec\u00e7\u00e3o, onde um paciente pode contrair tanto a gripe quanto a Covid-19, \u00e9 uma preocupa\u00e7\u00e3o significativa, especialmente em popula\u00e7\u00f5es mais velhas e com comorbidades. A vacina\u00e7\u00e3o se torna uma medida crucial para minimizar essas ocorr\u00eancias e proteger os mais vulner\u00e1veis.<\/p>\n<h2>P\u00fablico-alvo da vacina\u00e7\u00e3o na regi\u00e3o<\/h2>\n<p>Os grupos que devem estar atentos \u00e0 vacina\u00e7\u00e3o est\u00e3o bem definidos e incluem n\u00e3o apenas aquelas pessoas com maior risco de contrair a infec\u00e7\u00e3o, mas tamb\u00e9m os profissionais que atuam em sa\u00fade e educa\u00e7\u00e3o. Tais medidas garantem um controle mais eficiente da dissemina\u00e7\u00e3o do v\u00edrus e prote\u00e7\u00e3o para todos.<\/p>\n<h2>Esclarecimentos sobre a coleta de dados<\/h2>\n<p>A coleta de dados sobre as taxas de vacina\u00e7\u00e3o e a ades\u00e3o da popula\u00e7\u00e3o \u00e9 essencial. Ela permite que as autoridades de sa\u00fade ajustem estrat\u00e9gias de vacina\u00e7\u00e3o e educa\u00e7\u00e3o. \u00c9 fundamental que os dados sejam atualizados e acess\u00edveis, facilitando a identifica\u00e7\u00e3o de \u00e1reas que necessitam de mais aten\u00e7\u00e3o.<\/p>\n<h2>Profissionais envolvidos na imuniza\u00e7\u00e3o<\/h2>\n<p>A equipe envolvida na campanha de vacina\u00e7\u00e3o contra a gripe inclui m\u00e9dicos, enfermeiros e agentes comunit\u00e1rios de sa\u00fade, que trabalham em conjunto para garantir que a vacina chegue a todos os que precisam. O suporte da equipe de sa\u00fade \u00e9 vital, tanto para a administra\u00e7\u00e3o da vacina quanto para abordar quaisquer d\u00favidas ou preocupa\u00e7\u00f5es que a popula\u00e7\u00e3o possa ter.<\/p>\n\n<div style=\"font-size: 0px; height: 0px; line-height: 0px; margin: 0; padding: 0; clear: both;\"><\/div>","protected":false},"excerpt":{"rendered":"<p>Vacina\u00e7\u00e3o contra a gripe \u00e9 essencial para todos em Piracicaba e regi\u00e3o.<\/p>\n","protected":false},"author":1,"featured_media":0,"comment_status":"closed","ping_status":"closed","sticky":false,"template":"","format":"standard","meta":{"footnotes":""},"categories":[6],"tags":[],"class_list":["post-4419","post","type-post","status-publish","format-standard","hentry","category-noticias-em-piracicaba"],"aioseo_notices":[],"aioseo_head":"\n\t\t<!-- All in One SEO 5.0.0.1 - aioseo.com -->\n\t<meta name=\"robots\" content=\"max-image-preview:large\" \/>\n\t<meta name=\"author\" content=\"Encontra Piracicaba\"\/>\n\t<link rel=\"canonical\" href=\"https:\/\/www.encontrapiracicaba.com.br\/sobre\/vacinacao-contra-a-gripe-cidades-da-regiao-de-piracicaba-preparam-novos-dias-d-para-aumentar-adesao\/\" \/>\n\t<meta name=\"generator\" content=\"All in One SEO (AIOSEO) 5.0.0.1\" \/>\n\t\t<meta property=\"og:locale\" content=\"pt_BR\" \/>\n\t\t<meta property=\"og:site_name\" content=\"Encontra Piracicaba | Not\u00edcias, eventos, informa\u00e7\u00f5es e dicas na cidade de Piracicaba e regi\u00e3o\" \/>\n\t\t<meta property=\"og:type\" content=\"article\" \/>\n\t\t<meta property=\"og:title\" content=\"Vacina\u00e7\u00e3o contra a gripe: cidades da regi\u00e3o de Piracicaba preparam novos \u2018dias D\u2019 para aumentar ades\u00e3o | Encontra Piracicaba\" \/>\n\t\t<meta property=\"og:url\" content=\"https:\/\/www.encontrapiracicaba.com.br\/sobre\/vacinacao-contra-a-gripe-cidades-da-regiao-de-piracicaba-preparam-novos-dias-d-para-aumentar-adesao\/\" \/>\n\t\t<meta property=\"article:published_time\" content=\"2026-04-14T14:15:33+00:00\" \/>\n\t\t<meta property=\"article:modified_time\" content=\"2026-04-14T14:15:33+00:00\" \/>\n\t\t<meta name=\"twitter:card\" content=\"summary\" \/>\n\t\t<meta name=\"twitter:title\" content=\"Vacina\u00e7\u00e3o contra a gripe: cidades da regi\u00e3o de Piracicaba preparam novos \u2018dias D\u2019 para aumentar ades\u00e3o | Encontra Piracicaba\" \/>\n\t\t<script type=\"application\/ld+json\" class=\"aioseo-schema\">\n\t\t\t{\"@context\":\"https:\\\/\\\/schema.org\",\"@graph\":[{\"@type\":\"Article\",\"@id\":\"https:\\\/\\\/www.encontrapiracicaba.com.br\\\/sobre\\\/vacinacao-contra-a-gripe-cidades-da-regiao-de-piracicaba-preparam-novos-dias-d-para-aumentar-adesao\\\/#article\",\"name\":\"Vacina\\u00e7\\u00e3o contra a gripe: cidades da regi\\u00e3o de Piracicaba preparam novos \\u2018dias D\\u2019 para aumentar ades\\u00e3o | Encontra Piracicaba\",\"headline\":\"Vacina\\u00e7\\u00e3o contra a gripe: cidades da regi\\u00e3o de Piracicaba preparam novos &#8216;dias D\\u2019 para aumentar ades\\u00e3o\",\"author\":{\"@id\":\"https:\\\/\\\/www.encontrapiracicaba.com.br\\\/sobre\\\/author\\\/epiracicaba\\\/#author\"},\"publisher\":{\"@id\":\"https:\\\/\\\/www.encontrapiracicaba.com.br\\\/sobre\\\/#organization\"},\"datePublished\":\"2026-04-14T11:15:33-03:00\",\"dateModified\":\"2026-04-14T11:15:33-03:00\",\"inLanguage\":\"pt-BR\",\"mainEntityOfPage\":{\"@id\":\"https:\\\/\\\/www.encontrapiracicaba.com.br\\\/sobre\\\/vacinacao-contra-a-gripe-cidades-da-regiao-de-piracicaba-preparam-novos-dias-d-para-aumentar-adesao\\\/#webpage\"},\"isPartOf\":{\"@id\":\"https:\\\/\\\/www.encontrapiracicaba.com.br\\\/sobre\\\/vacinacao-contra-a-gripe-cidades-da-regiao-de-piracicaba-preparam-novos-dias-d-para-aumentar-adesao\\\/#webpage\"},\"articleSection\":\"Not\\u00edcias Piracicaba\"},{\"@type\":\"BreadcrumbList\",\"@id\":\"https:\\\/\\\/www.encontrapiracicaba.com.br\\\/sobre\\\/vacinacao-contra-a-gripe-cidades-da-regiao-de-piracicaba-preparam-novos-dias-d-para-aumentar-adesao\\\/#breadcrumblist\",\"itemListElement\":[{\"@type\":\"ListItem\",\"@id\":\"https:\\\/\\\/www.encontrapiracicaba.com.br\\\/sobre#listItem\",\"position\":1,\"name\":\"In\\u00edcio\",\"item\":\"https:\\\/\\\/www.encontrapiracicaba.com.br\\\/sobre\",\"nextItem\":{\"@type\":\"ListItem\",\"@id\":\"https:\\\/\\\/www.encontrapiracicaba.com.br\\\/sobre\\\/noticias-em-piracicaba\\\/#listItem\",\"name\":\"Not\\u00edcias Piracicaba\"}},{\"@type\":\"ListItem\",\"@id\":\"https:\\\/\\\/www.encontrapiracicaba.com.br\\\/sobre\\\/noticias-em-piracicaba\\\/#listItem\",\"position\":2,\"name\":\"Not\\u00edcias Piracicaba\",\"item\":\"https:\\\/\\\/www.encontrapiracicaba.com.br\\\/sobre\\\/noticias-em-piracicaba\\\/\",\"nextItem\":{\"@type\":\"ListItem\",\"@id\":\"https:\\\/\\\/www.encontrapiracicaba.com.br\\\/sobre\\\/vacinacao-contra-a-gripe-cidades-da-regiao-de-piracicaba-preparam-novos-dias-d-para-aumentar-adesao\\\/#listItem\",\"name\":\"Vacina\\u00e7\\u00e3o contra a gripe: cidades da regi\\u00e3o de Piracicaba preparam novos &#8216;dias D\\u2019 para aumentar ades\\u00e3o\"},\"previousItem\":{\"@type\":\"ListItem\",\"@id\":\"https:\\\/\\\/www.encontrapiracicaba.com.br\\\/sobre#listItem\",\"name\":\"In\\u00edcio\"}},{\"@type\":\"ListItem\",\"@id\":\"https:\\\/\\\/www.encontrapiracicaba.com.br\\\/sobre\\\/vacinacao-contra-a-gripe-cidades-da-regiao-de-piracicaba-preparam-novos-dias-d-para-aumentar-adesao\\\/#listItem\",\"position\":3,\"name\":\"Vacina\\u00e7\\u00e3o contra a gripe: cidades da regi\\u00e3o de Piracicaba preparam novos &#8216;dias D\\u2019 para aumentar ades\\u00e3o\",\"previousItem\":{\"@type\":\"ListItem\",\"@id\":\"https:\\\/\\\/www.encontrapiracicaba.com.br\\\/sobre\\\/noticias-em-piracicaba\\\/#listItem\",\"name\":\"Not\\u00edcias Piracicaba\"}}]},{\"@type\":\"Organization\",\"@id\":\"https:\\\/\\\/www.encontrapiracicaba.com.br\\\/sobre\\\/#organization\",\"name\":\"Encontra Piracicaba\",\"description\":\"Not\\u00edcias, eventos, informa\\u00e7\\u00f5es e dicas na cidade de Piracicaba e regi\\u00e3o\",\"url\":\"https:\\\/\\\/www.encontrapiracicaba.com.br\\\/sobre\\\/\"},{\"@type\":\"Person\",\"@id\":\"https:\\\/\\\/www.encontrapiracicaba.com.br\\\/sobre\\\/author\\\/epiracicaba\\\/#author\",\"url\":\"https:\\\/\\\/www.encontrapiracicaba.com.br\\\/sobre\\\/author\\\/epiracicaba\\\/\",\"name\":\"Encontra Piracicaba\",\"image\":{\"@type\":\"ImageObject\",\"@id\":\"https:\\\/\\\/www.encontrapiracicaba.com.br\\\/sobre\\\/vacinacao-contra-a-gripe-cidades-da-regiao-de-piracicaba-preparam-novos-dias-d-para-aumentar-adesao\\\/#authorImage\",\"url\":\"https:\\\/\\\/secure.gravatar.com\\\/avatar\\\/507340682b8270222e1f208e23198b6ae7e2c6a1033ae84e99bc6bce4f82a387?s=96&d=mm&r=g\",\"width\":96,\"height\":96,\"caption\":\"Encontra Piracicaba\"}},{\"@type\":\"WebPage\",\"@id\":\"https:\\\/\\\/www.encontrapiracicaba.com.br\\\/sobre\\\/vacinacao-contra-a-gripe-cidades-da-regiao-de-piracicaba-preparam-novos-dias-d-para-aumentar-adesao\\\/#webpage\",\"url\":\"https:\\\/\\\/www.encontrapiracicaba.com.br\\\/sobre\\\/vacinacao-contra-a-gripe-cidades-da-regiao-de-piracicaba-preparam-novos-dias-d-para-aumentar-adesao\\\/\",\"name\":\"Vacina\\u00e7\\u00e3o contra a gripe: cidades da regi\\u00e3o de Piracicaba preparam novos \\u2018dias D\\u2019 para aumentar ades\\u00e3o | Encontra Piracicaba\",\"inLanguage\":\"pt-BR\",\"isPartOf\":{\"@id\":\"https:\\\/\\\/www.encontrapiracicaba.com.br\\\/sobre\\\/#website\"},\"breadcrumb\":{\"@id\":\"https:\\\/\\\/www.encontrapiracicaba.com.br\\\/sobre\\\/vacinacao-contra-a-gripe-cidades-da-regiao-de-piracicaba-preparam-novos-dias-d-para-aumentar-adesao\\\/#breadcrumblist\"},\"author\":{\"@id\":\"https:\\\/\\\/www.encontrapiracicaba.com.br\\\/sobre\\\/author\\\/epiracicaba\\\/#author\"},\"creator\":{\"@id\":\"https:\\\/\\\/www.encontrapiracicaba.com.br\\\/sobre\\\/author\\\/epiracicaba\\\/#author\"},\"datePublished\":\"2026-04-14T11:15:33-03:00\",\"dateModified\":\"2026-04-14T11:15:33-03:00\"},{\"@type\":\"WebSite\",\"@id\":\"https:\\\/\\\/www.encontrapiracicaba.com.br\\\/sobre\\\/#website\",\"url\":\"https:\\\/\\\/www.encontrapiracicaba.com.br\\\/sobre\\\/\",\"name\":\"Encontra Piracicaba\",\"description\":\"Not\\u00edcias, eventos, informa\\u00e7\\u00f5es e dicas na cidade de Piracicaba e regi\\u00e3o\",\"inLanguage\":\"pt-BR\",\"publisher\":{\"@id\":\"https:\\\/\\\/www.encontrapiracicaba.com.br\\\/sobre\\\/#organization\"}}]}\n\t\t<\/script>\n\t\t<!-- All in One SEO -->\n\n","aioseo_head_json":{"title":"Vacina\u00e7\u00e3o contra a gripe: cidades da regi\u00e3o de Piracicaba preparam novos \u2018dias D\u2019 para aumentar ades\u00e3o | Encontra Piracicaba","description":"","canonical_url":"https:\/\/www.encontrapiracicaba.com.br\/sobre\/vacinacao-contra-a-gripe-cidades-da-regiao-de-piracicaba-preparam-novos-dias-d-para-aumentar-adesao\/","robots":"max-image-preview:large","keywords":"","webmasterTools":{"miscellaneous":""},"schema":{"@context":"https:\/\/schema.org","@graph":[{"@type":"Article","@id":"https:\/\/www.encontrapiracicaba.com.br\/sobre\/vacinacao-contra-a-gripe-cidades-da-regiao-de-piracicaba-preparam-novos-dias-d-para-aumentar-adesao\/#article","name":"Vacina\u00e7\u00e3o contra a gripe: cidades da regi\u00e3o de Piracicaba preparam novos \u2018dias D\u2019 para aumentar ades\u00e3o | Encontra Piracicaba","headline":"Vacina\u00e7\u00e3o contra a gripe: cidades da regi\u00e3o de Piracicaba preparam novos &#8216;dias D\u2019 para aumentar ades\u00e3o","author":{"@id":"https:\/\/www.encontrapiracicaba.com.br\/sobre\/author\/epiracicaba\/#author"},"publisher":{"@id":"https:\/\/www.encontrapiracicaba.com.br\/sobre\/#organization"},"datePublished":"2026-04-14T11:15:33-03:00","dateModified":"2026-04-14T11:15:33-03:00","inLanguage":"pt-BR","mainEntityOfPage":{"@id":"https:\/\/www.encontrapiracicaba.com.br\/sobre\/vacinacao-contra-a-gripe-cidades-da-regiao-de-piracicaba-preparam-novos-dias-d-para-aumentar-adesao\/#webpage"},"isPartOf":{"@id":"https:\/\/www.encontrapiracicaba.com.br\/sobre\/vacinacao-contra-a-gripe-cidades-da-regiao-de-piracicaba-preparam-novos-dias-d-para-aumentar-adesao\/#webpage"},"articleSection":"Not\u00edcias Piracicaba"},{"@type":"BreadcrumbList","@id":"https:\/\/www.encontrapiracicaba.com.br\/sobre\/vacinacao-contra-a-gripe-cidades-da-regiao-de-piracicaba-preparam-novos-dias-d-para-aumentar-adesao\/#breadcrumblist","itemListElement":[{"@type":"ListItem","@id":"https:\/\/www.encontrapiracicaba.com.br\/sobre#listItem","position":1,"name":"In\u00edcio","item":"https:\/\/www.encontrapiracicaba.com.br\/sobre","nextItem":{"@type":"ListItem","@id":"https:\/\/www.encontrapiracicaba.com.br\/sobre\/noticias-em-piracicaba\/#listItem","name":"Not\u00edcias Piracicaba"}},{"@type":"ListItem","@id":"https:\/\/www.encontrapiracicaba.com.br\/sobre\/noticias-em-piracicaba\/#listItem","position":2,"name":"Not\u00edcias Piracicaba","item":"https:\/\/www.encontrapiracicaba.com.br\/sobre\/noticias-em-piracicaba\/","nextItem":{"@type":"ListItem","@id":"https:\/\/www.encontrapiracicaba.com.br\/sobre\/vacinacao-contra-a-gripe-cidades-da-regiao-de-piracicaba-preparam-novos-dias-d-para-aumentar-adesao\/#listItem","name":"Vacina\u00e7\u00e3o contra a gripe: cidades da regi\u00e3o de Piracicaba preparam novos &#8216;dias D\u2019 para aumentar ades\u00e3o"},"previousItem":{"@type":"ListItem","@id":"https:\/\/www.encontrapiracicaba.com.br\/sobre#listItem","name":"In\u00edcio"}},{"@type":"ListItem","@id":"https:\/\/www.encontrapiracicaba.com.br\/sobre\/vacinacao-contra-a-gripe-cidades-da-regiao-de-piracicaba-preparam-novos-dias-d-para-aumentar-adesao\/#listItem","position":3,"name":"Vacina\u00e7\u00e3o contra a gripe: cidades da regi\u00e3o de Piracicaba preparam novos &#8216;dias D\u2019 para aumentar ades\u00e3o","previousItem":{"@type":"ListItem","@id":"https:\/\/www.encontrapiracicaba.com.br\/sobre\/noticias-em-piracicaba\/#listItem","name":"Not\u00edcias Piracicaba"}}]},{"@type":"Organization","@id":"https:\/\/www.encontrapiracicaba.com.br\/sobre\/#organization","name":"Encontra Piracicaba","description":"Not\u00edcias, eventos, informa\u00e7\u00f5es e dicas na cidade de Piracicaba e regi\u00e3o","url":"https:\/\/www.encontrapiracicaba.com.br\/sobre\/"},{"@type":"Person","@id":"https:\/\/www.encontrapiracicaba.com.br\/sobre\/author\/epiracicaba\/#author","url":"https:\/\/www.encontrapiracicaba.com.br\/sobre\/author\/epiracicaba\/","name":"Encontra Piracicaba","image":{"@type":"ImageObject","@id":"https:\/\/www.encontrapiracicaba.com.br\/sobre\/vacinacao-contra-a-gripe-cidades-da-regiao-de-piracicaba-preparam-novos-dias-d-para-aumentar-adesao\/#authorImage","url":"https:\/\/secure.gravatar.com\/avatar\/507340682b8270222e1f208e23198b6ae7e2c6a1033ae84e99bc6bce4f82a387?s=96&d=mm&r=g","width":96,"height":96,"caption":"Encontra Piracicaba"}},{"@type":"WebPage","@id":"https:\/\/www.encontrapiracicaba.com.br\/sobre\/vacinacao-contra-a-gripe-cidades-da-regiao-de-piracicaba-preparam-novos-dias-d-para-aumentar-adesao\/#webpage","url":"https:\/\/www.encontrapiracicaba.com.br\/sobre\/vacinacao-contra-a-gripe-cidades-da-regiao-de-piracicaba-preparam-novos-dias-d-para-aumentar-adesao\/","name":"Vacina\u00e7\u00e3o contra a gripe: cidades da regi\u00e3o de Piracicaba preparam novos \u2018dias D\u2019 para aumentar ades\u00e3o | Encontra Piracicaba","inLanguage":"pt-BR","isPartOf":{"@id":"https:\/\/www.encontrapiracicaba.com.br\/sobre\/#website"},"breadcrumb":{"@id":"https:\/\/www.encontrapiracicaba.com.br\/sobre\/vacinacao-contra-a-gripe-cidades-da-regiao-de-piracicaba-preparam-novos-dias-d-para-aumentar-adesao\/#breadcrumblist"},"author":{"@id":"https:\/\/www.encontrapiracicaba.com.br\/sobre\/author\/epiracicaba\/#author"},"creator":{"@id":"https:\/\/www.encontrapiracicaba.com.br\/sobre\/author\/epiracicaba\/#author"},"datePublished":"2026-04-14T11:15:33-03:00","dateModified":"2026-04-14T11:15:33-03:00"},{"@type":"WebSite","@id":"https:\/\/www.encontrapiracicaba.com.br\/sobre\/#website","url":"https:\/\/www.encontrapiracicaba.com.br\/sobre\/","name":"Encontra Piracicaba","description":"Not\u00edcias, eventos, informa\u00e7\u00f5es e dicas na cidade de Piracicaba e regi\u00e3o","inLanguage":"pt-BR","publisher":{"@id":"https:\/\/www.encontrapiracicaba.com.br\/sobre\/#organization"}}]},"og:locale":"pt_BR","og:site_name":"Encontra Piracicaba | Not\u00edcias, eventos, informa\u00e7\u00f5es e dicas na cidade de Piracicaba e regi\u00e3o","og:type":"article","og:title":"Vacina\u00e7\u00e3o contra a gripe: cidades da regi\u00e3o de Piracicaba preparam novos \u2018dias D\u2019 para aumentar ades\u00e3o | Encontra Piracicaba","og:url":"https:\/\/www.encontrapiracicaba.com.br\/sobre\/vacinacao-contra-a-gripe-cidades-da-regiao-de-piracicaba-preparam-novos-dias-d-para-aumentar-adesao\/","article:published_time":"2026-04-14T14:15:33+00:00","article:modified_time":"2026-04-14T14:15:33+00:00","twitter:card":"summary","twitter:title":"Vacina\u00e7\u00e3o contra a gripe: cidades da regi\u00e3o de Piracicaba preparam novos \u2018dias D\u2019 para aumentar ades\u00e3o | Encontra Piracicaba"},"aioseo_meta_data":{"post_id":"4419","title":null,"description":null,"keywords":null,"keyphrases":null,"primary_term":null,"canonical_url":null,"og_title":null,"og_description":null,"og_object_type":"default","og_image_type":"default","og_image_url":null,"og_image_width":null,"og_image_height":null,"og_image_custom_url":null,"og_image_custom_fields":null,"og_video":null,"og_custom_url":null,"og_article_section":null,"og_article_tags":null,"twitter_use_og":false,"twitter_card":"default","twitter_image_type":"default","twitter_image_url":null,"twitter_image_custom_url":null,"twitter_image_custom_fields":null,"twitter_title":null,"twitter_description":null,"schema":{"blockGraphs":[],"customGraphs":[],"default":{"data":{"Article":[],"Course":[],"Dataset":[],"FAQPage":[],"Movie":[],"Person":[],"Product":[],"ProductReview":[],"Car":[],"Recipe":[],"Service":[],"SoftwareApplication":[],"WebPage":[]},"graphName":"Article","isEnabled":true},"graphs":[]},"schema_type":"default","schema_type_options":null,"pillar_content":false,"robots_default":true,"robots_noindex":false,"robots_noarchive":false,"robots_nosnippet":false,"robots_nofollow":false,"robots_noimageindex":false,"robots_noodp":false,"robots_notranslate":false,"robots_max_snippet":null,"robots_max_videopreview":null,"robots_max_imagepreview":"large","priority":null,"frequency":null,"local_seo":null,"breadcrumb_settings":null,"limit_modified_date":false,"ai":null,"created":"2026-04-14 14:15:38","updated":"2026-04-14 14:19:54","focus_keyword":null,"additional_keywords":null,"truseo_locale":null,"seo_analyzer_scan_date":null},"aioseo_breadcrumb":"<div class=\"aioseo-breadcrumbs\"><span class=\"aioseo-breadcrumb\">\n\t\t\t<a href=\"https:\/\/www.encontrapiracicaba.com.br\/sobre\" title=\"In\u00edcio\">In\u00edcio<\/a>\n\t\t<\/span><span class=\"aioseo-breadcrumb-separator\">&raquo;<\/span><span class=\"aioseo-breadcrumb\">\n\t\t\t<a href=\"https:\/\/www.encontrapiracicaba.com.br\/sobre\/noticias-em-piracicaba\/\" title=\"Not\u00edcias Piracicaba\">Not\u00edcias Piracicaba<\/a>\n\t\t<\/span><span class=\"aioseo-breadcrumb-separator\">&raquo;<\/span><span class=\"aioseo-breadcrumb\">\n\t\t\tVacina\u00e7\u00e3o contra a gripe: cidades da regi\u00e3o de Piracicaba preparam novos \u2018dias D\u2019 para aumentar ades\u00e3o\n\t\t<\/span><\/div>","aioseo_breadcrumb_json":[{"label":"In\u00edcio","link":"https:\/\/www.encontrapiracicaba.com.br\/sobre"},{"label":"Not\u00edcias Piracicaba","link":"https:\/\/www.encontrapiracicaba.com.br\/sobre\/noticias-em-piracicaba\/"},{"label":"Vacina\u00e7\u00e3o contra a gripe: cidades da regi\u00e3o de Piracicaba preparam novos &#8216;dias D\u2019 para aumentar ades\u00e3o","link":"https:\/\/www.encontrapiracicaba.com.br\/sobre\/vacinacao-contra-a-gripe-cidades-da-regiao-de-piracicaba-preparam-novos-dias-d-para-aumentar-adesao\/"}],"_links":{"self":[{"href":"https:\/\/www.encontrapiracicaba.com.br\/sobre\/wp-json\/wp\/v2\/posts\/4419","targetHints":{"allow":["GET"]}}],"collection":[{"href":"https:\/\/www.encontrapiracicaba.com.br\/sobre\/wp-json\/wp\/v2\/posts"}],"about":[{"href":"https:\/\/www.encontrapiracicaba.com.br\/sobre\/wp-json\/wp\/v2\/types\/post"}],"author":[{"embeddable":true,"href":"https:\/\/www.encontrapiracicaba.com.br\/sobre\/wp-json\/wp\/v2\/users\/1"}],"replies":[{"embeddable":true,"href":"https:\/\/www.encontrapiracicaba.com.br\/sobre\/wp-json\/wp\/v2\/comments?post=4419"}],"version-history":[{"count":0,"href":"https:\/\/www.encontrapiracicaba.com.br\/sobre\/wp-json\/wp\/v2\/posts\/4419\/revisions"}],"wp:attachment":[{"href":"https:\/\/www.encontrapiracicaba.com.br\/sobre\/wp-json\/wp\/v2\/media?parent=4419"}],"wp:term":[{"taxonomy":"category","embeddable":true,"href":"https:\/\/www.encontrapiracicaba.com.br\/sobre\/wp-json\/wp\/v2\/categories?post=4419"},{"taxonomy":"post_tag","embeddable":true,"href":"https:\/\/www.encontrapiracicaba.com.br\/sobre\/wp-json\/wp\/v2\/tags?post=4419"}],"curies":[{"name":"wp","href":"https:\/\/api.w.org\/{rel}","templated":true}]}}