{"id":4433,"date":"2026-04-17T11:17:17","date_gmt":"2026-04-17T14:17:17","guid":{"rendered":"https:\/\/www.encontrapiracicaba.com.br\/sobre\/tradicao-da-semana-santa-varejao-especial-de-pescados-comeca-amanha-1o-04\/"},"modified":"2026-04-17T11:17:17","modified_gmt":"2026-04-17T14:17:17","slug":"tradicao-da-semana-santa-varejao-especial-de-pescados-comeca-amanha-1o-04","status":"publish","type":"post","link":"https:\/\/www.encontrapiracicaba.com.br\/sobre\/tradicao-da-semana-santa-varejao-especial-de-pescados-comeca-amanha-1o-04\/","title":{"rendered":"Tradi\u00e7\u00e3o da Semana Santa, Varej\u00e3o Especial de Pescados come\u00e7a amanh\u00e3, 1\u00ba\/04"},"content":{"rendered":"<div class=\"85df007ed5c0c4d4b453fd13a37855e8\" data-index=\"1\" style=\"float: none; margin:0px;\">\n<!-- Anuncio display - global -->\r\n<ins class=\"adsbygoogle\"\r\n     style=\"display:block\"\r\n     data-ad-client=\"ca-pub-8585364105181520\"\r\n     data-ad-slot=\"8789329856\"\r\n     data-ad-format=\"auto\"\r\n     data-full-width-responsive=\"true\"><\/ins>\r\n<script>\r\n     (adsbygoogle = window.adsbygoogle || []).push({});\r\n<\/script>\n<\/div>\n<h2>O que \u00e9 o Varej\u00e3o Especial de Pescados?<\/h2>\n<p>O <strong>Varej\u00e3o Especial de Pescados<\/strong> \u00e9 um evento que se tornou uma tradi\u00e7\u00e3o em Piracicaba, particularmente durante a \u00e9poca da <strong>Semana Santa<\/strong>. Celebrando sua trig\u00e9sima edi\u00e7\u00e3o em 2026, este evento \u00e9 uma oportunidade para a popula\u00e7\u00e3o adquirir uma variedade de peixes e frutos do mar, adequando-se \u00e0 cultura de n\u00e3o consumo de carne vermelha nesse per\u00edodo espec\u00edfico. O varej\u00e3o n\u00e3o \u00e9 apenas uma feira de vendas; \u00e9 um ponto de encontro para a comunidade que valoriza a frescura dos produtos dispon\u00edveis.<\/p>\n<h2>Hor\u00e1rios de Funcionamento do Varej\u00e3o<\/h2>\n<p>O Varej\u00e3o Especial deste ano funcionar\u00e1 em hor\u00e1rios alternativos para melhor atender ao p\u00fablico:<\/p>\n<ul>\n<li><strong>1\u00ba de abril:<\/strong> das 14h \u00e0s 19h<\/li>\n<li><strong>2 de abril:<\/strong> das 14h \u00e0s 19h<\/li>\n<li><strong>3 de abril (Sexta-Feira Santa):<\/strong> das 7h \u00e0s 12h<\/li>\n<li><strong>A partir do dia 4 de abril:<\/strong> retornar\u00e1 ao hor\u00e1rio habitual, das 5h \u00e0s 12h.<\/li>\n<\/ul>\n<p>Na abertura do evento, o p\u00fablico poder\u00e1 desfrutar de uma apresenta\u00e7\u00e3o ao vivo do artista Gabriel Allan e sua dupla, trazendo um toque de entretenimento ao ambiente festivo.<\/p>\n<p><img decoding=\"async\" src=\"https:\/\/www.encontrapiracicaba.com.br\/sobre\/wp-content\/uploads\/tradicao-da-semana-santa-varejao-especial-de-pescados-comeca-amanha-1-04.webp\" alt=\"Varej\u00e3o Especial de Pescados\" loading=\"lazy\" \/><\/p>\n<h2>Variedade de Pescados Dispon\u00edveis<\/h2>\n<p>O Varej\u00e3o Especial de Pescados oferece uma ampla gama de op\u00e7\u00f5es, incluindo:<\/p>\n<ul>\n<li><strong>Pescados comuns:<\/strong> Cascudo, Curimbat\u00e1, Corvina, Pacu e Til\u00e1pia<\/li>\n<li><strong>Pescados mais nobres:<\/strong> Pintado, Filhote e Bacalhau fresco<\/li>\n<\/ul>\n<p>Com aproximadamente oito toneladas de produtos estimadas para venda, h\u00e1 uma expectativa de diversifica\u00e7\u00e3o que atende a diferentes paladares e receitas, garantindo que todos possam encontrar o que procuram para suas ceias e refei\u00e7\u00f5es durante a Semana Santa.<\/p>\n<h2>Expectativa de Vendas para 2026<\/h2>\n<p>A Secretaria de Agricultura, Abastecimento e Meio Ambiente da Prefeitura est\u00e1 otimista em rela\u00e7\u00e3o aos n\u00fameros de vendas deste ano. A expectativa \u00e9 que as vendas aumentem entre 3% a 5% em compara\u00e7\u00e3o a 2025. No ano passado, o varej\u00e3o comercializou cerca de oito toneladas de pescados, incluindo op\u00e7\u00f5es congeladas e frescas. Este aumento nas vendas \u00e9 um reflexo da confian\u00e7a da popula\u00e7\u00e3o na qualidade dos produtos oferecidos.<\/p>\n<h2>Hist\u00f3ria do Varej\u00e3o Especial<\/h2>\n<p>O Varej\u00e3o Especial de Pescados foi criado h\u00e1 30 anos, com o objetivo de promover o consumo de pescados durante a Semana Santa. Desde ent\u00e3o, tornou-se um evento esperado tanto para os moradores de Piracicaba quanto para visitantes. A iniciativa n\u00e3o s\u00f3 valoriza os produtos locais como tamb\u00e9m proporciona um espa\u00e7o onde os pescadores podem comercializar diretamente suas mercadorias, fortalecendo a economia regional e incentivando a compra de alimentos frescos e de qualidade.<\/p>\n<h2>Atra\u00e7\u00f5es do Varej\u00e3o Especial<\/h2>\n<p>Al\u00e9m da oferta de pescados, o Varej\u00e3o Especial conta com v\u00e1rias atra\u00e7\u00f5es que tornam a experi\u00eancia ainda mais agrad\u00e1vel para os visitantes:<\/p>\n<ul>\n<li><strong>Pra\u00e7a de Alimenta\u00e7\u00e3o:<\/strong> Diversos pratos, como pastel, milho verde e caldo de cana, estar\u00e3o dispon\u00edveis para os visitantes, permitindo que desfrutem de um lanche enquanto fazem suas compras.<\/li>\n<li><strong>Entretenimento:<\/strong> A apresenta\u00e7\u00e3o musical na abertura \u00e9 apenas uma das atividades que ilustram o aspecto festivo do evento, tornando-o um momento de celebra\u00e7\u00e3o e confraterniza\u00e7\u00e3o.<\/li>\n<\/ul>\n<h2>Como Chegar ao Varej\u00e3o Municipal Central<\/h2>\n<p>Para visitar o Varej\u00e3o Especial de Pescados, dirija-se ao <strong>Varej\u00e3o Municipal Central<\/strong>, localizado na Rua Santa Cruz, n\u00ba 1.260. Este local est\u00e1 convenientemente situado ao lado do <strong>Terminal Central de Integra\u00e7\u00e3o<\/strong>, facilitando o acesso de transporte p\u00fablico e particular. Para quem optar por transporte p\u00fablico, o terminal oferece v\u00e1rias linhas que atendem \u00e0 regi\u00e3o.<\/p>\n<h2>Dicas para Aproveitar o Varej\u00e3o<\/h2>\n<p>Aproveitar ao m\u00e1ximo sua visita ao Varej\u00e3o Especial de Pescados pode ser mais f\u00e1cil com algumas dicas pr\u00e1ticas:<\/p>\n<ul>\n<li><strong>Planeje sua visita:<\/strong> Visite o evento em hor\u00e1rios menos movimentados para uma experi\u00eancia mais tranquila.<\/li>\n<li><strong>Leve sacolas reutiliz\u00e1veis:<\/strong> Facilite o transporte de seus pescados e outros produtos adquiridos.<\/li>\n<li><strong>Considere as compras antecipadas:<\/strong> Muitas vezes, os melhores pescados podem desaparecer rapidamente, ent\u00e3o chegue cedo para garantir sua escolha.<\/li>\n<\/ul>\n<h2>Informa\u00e7\u00f5es sobre a Pra\u00e7a de Alimenta\u00e7\u00e3o<\/h2>\n<p>A Pra\u00e7a de Alimenta\u00e7\u00e3o do Varej\u00e3o Especial \u00e9 um espa\u00e7o dedicado \u00e0 gastronomia, oferecendo uma variedade diversificada de comidas que complementam a experi\u00eancia do visitante. As op\u00e7\u00f5es s\u00e3o pensadas para agradar a todos os paladares e proporcionar um momento de pausa e prazer durante as compras. Saboreie especialidades como:<\/p>\n<ul>\n<li><strong>Past\u00e9is:<\/strong> Famosos por suas massas crocantes e recheios variados.<\/li>\n<li><strong>Milho Verde:<\/strong> Um cl\u00e1ssico que agrada a todos, servido quentinho.<\/li>\n<li><strong>Caldo de Cana:<\/strong> Refrescante e doce, ideal para o clima quente.<\/li>\n<\/ul>\n<h2>Import\u00e2ncia do Varej\u00e3o para a Comunidade<\/h2>\n<p>O Varej\u00e3o Especial de Pescados desempenha um papel fundamental na comunidade de Piracicaba por v\u00e1rias raz\u00f5es:<\/p>\n<ul>\n<li><strong>Valoriza a economia local:<\/strong> Ao permitir que pescadores e vendedores locais comercializem seus produtos, o varej\u00e3o fortalece a economia e promove a sustentabilidade.<\/li>\n<li><strong>Fomenta h\u00e1bitos saud\u00e1veis:<\/strong> Incentiva o consumo de pescados frescos, que s\u00e3o uma fonte de prote\u00edna saud\u00e1vel e nutritiva.<\/li>\n<li><strong>Criatividade culin\u00e1ria:<\/strong> O evento oferece uma diversidade de pescados que inspiram novas receitas e modalidades de preparo nas ceias de Semana Santa.<\/li>\n<\/ul>\n\n<div style=\"font-size: 0px; height: 0px; line-height: 0px; margin: 0; padding: 0; clear: both;\"><\/div>","protected":false},"excerpt":{"rendered":"<p>Semana Santa traz o Varej\u00e3o Especial de Pescados para Piracicaba!<\/p>\n","protected":false},"author":1,"featured_media":4432,"comment_status":"closed","ping_status":"closed","sticky":false,"template":"","format":"standard","meta":{"footnotes":""},"categories":[6],"tags":[],"class_list":["post-4433","post","type-post","status-publish","format-standard","has-post-thumbnail","hentry","category-noticias-em-piracicaba","has_thumb"],"aioseo_notices":[],"aioseo_head":"\n\t\t<!-- All in One SEO 5.0.0.1 - aioseo.com -->\n\t<meta name=\"robots\" content=\"max-image-preview:large\" \/>\n\t<meta name=\"author\" content=\"Encontra Piracicaba\"\/>\n\t<link rel=\"canonical\" href=\"https:\/\/www.encontrapiracicaba.com.br\/sobre\/tradicao-da-semana-santa-varejao-especial-de-pescados-comeca-amanha-1o-04\/\" \/>\n\t<meta name=\"generator\" content=\"All in One SEO (AIOSEO) 5.0.0.1\" \/>\n\t\t<meta property=\"og:locale\" content=\"pt_BR\" \/>\n\t\t<meta property=\"og:site_name\" content=\"Encontra Piracicaba | Not\u00edcias, eventos, informa\u00e7\u00f5es e dicas na cidade de Piracicaba e regi\u00e3o\" \/>\n\t\t<meta property=\"og:type\" content=\"article\" \/>\n\t\t<meta property=\"og:title\" content=\"Tradi\u00e7\u00e3o da Semana Santa, Varej\u00e3o Especial de Pescados come\u00e7a amanh\u00e3, 1\u00ba\/04 | Encontra Piracicaba\" \/>\n\t\t<meta property=\"og:url\" content=\"https:\/\/www.encontrapiracicaba.com.br\/sobre\/tradicao-da-semana-santa-varejao-especial-de-pescados-comeca-amanha-1o-04\/\" \/>\n\t\t<meta property=\"article:published_time\" content=\"2026-04-17T14:17:17+00:00\" \/>\n\t\t<meta property=\"article:modified_time\" content=\"2026-04-17T14:17:17+00:00\" \/>\n\t\t<meta name=\"twitter:card\" content=\"summary\" \/>\n\t\t<meta name=\"twitter:title\" content=\"Tradi\u00e7\u00e3o da Semana Santa, Varej\u00e3o Especial de Pescados come\u00e7a amanh\u00e3, 1\u00ba\/04 | Encontra Piracicaba\" \/>\n\t\t<script type=\"application\/ld+json\" class=\"aioseo-schema\">\n\t\t\t{\"@context\":\"https:\\\/\\\/schema.org\",\"@graph\":[{\"@type\":\"Article\",\"@id\":\"https:\\\/\\\/www.encontrapiracicaba.com.br\\\/sobre\\\/tradicao-da-semana-santa-varejao-especial-de-pescados-comeca-amanha-1o-04\\\/#article\",\"name\":\"Tradi\\u00e7\\u00e3o da Semana Santa, Varej\\u00e3o Especial de Pescados come\\u00e7a amanh\\u00e3, 1\\u00ba\\\/04 | Encontra Piracicaba\",\"headline\":\"Tradi\\u00e7\\u00e3o da Semana Santa, Varej\\u00e3o Especial de Pescados come\\u00e7a amanh\\u00e3, 1\\u00ba\\\/04\",\"author\":{\"@id\":\"https:\\\/\\\/www.encontrapiracicaba.com.br\\\/sobre\\\/author\\\/epiracicaba\\\/#author\"},\"publisher\":{\"@id\":\"https:\\\/\\\/www.encontrapiracicaba.com.br\\\/sobre\\\/#organization\"},\"image\":{\"@type\":\"ImageObject\",\"url\":\"https:\\\/\\\/www.encontrapiracicaba.com.br\\\/sobre\\\/wp-content\\\/uploads\\\/tradicao-da-semana-santa-varejao-especial-de-pescados-comeca-amanha-1-04.webp\",\"width\":280,\"height\":280,\"caption\":\"Varej\\u00e3o Especial de Pescados\"},\"datePublished\":\"2026-04-17T11:17:17-03:00\",\"dateModified\":\"2026-04-17T11:17:17-03:00\",\"inLanguage\":\"pt-BR\",\"mainEntityOfPage\":{\"@id\":\"https:\\\/\\\/www.encontrapiracicaba.com.br\\\/sobre\\\/tradicao-da-semana-santa-varejao-especial-de-pescados-comeca-amanha-1o-04\\\/#webpage\"},\"isPartOf\":{\"@id\":\"https:\\\/\\\/www.encontrapiracicaba.com.br\\\/sobre\\\/tradicao-da-semana-santa-varejao-especial-de-pescados-comeca-amanha-1o-04\\\/#webpage\"},\"articleSection\":\"Not\\u00edcias Piracicaba\"},{\"@type\":\"BreadcrumbList\",\"@id\":\"https:\\\/\\\/www.encontrapiracicaba.com.br\\\/sobre\\\/tradicao-da-semana-santa-varejao-especial-de-pescados-comeca-amanha-1o-04\\\/#breadcrumblist\",\"itemListElement\":[{\"@type\":\"ListItem\",\"@id\":\"https:\\\/\\\/www.encontrapiracicaba.com.br\\\/sobre#listItem\",\"position\":1,\"name\":\"In\\u00edcio\",\"item\":\"https:\\\/\\\/www.encontrapiracicaba.com.br\\\/sobre\",\"nextItem\":{\"@type\":\"ListItem\",\"@id\":\"https:\\\/\\\/www.encontrapiracicaba.com.br\\\/sobre\\\/noticias-em-piracicaba\\\/#listItem\",\"name\":\"Not\\u00edcias Piracicaba\"}},{\"@type\":\"ListItem\",\"@id\":\"https:\\\/\\\/www.encontrapiracicaba.com.br\\\/sobre\\\/noticias-em-piracicaba\\\/#listItem\",\"position\":2,\"name\":\"Not\\u00edcias Piracicaba\",\"item\":\"https:\\\/\\\/www.encontrapiracicaba.com.br\\\/sobre\\\/noticias-em-piracicaba\\\/\",\"nextItem\":{\"@type\":\"ListItem\",\"@id\":\"https:\\\/\\\/www.encontrapiracicaba.com.br\\\/sobre\\\/tradicao-da-semana-santa-varejao-especial-de-pescados-comeca-amanha-1o-04\\\/#listItem\",\"name\":\"Tradi\\u00e7\\u00e3o da Semana Santa, Varej\\u00e3o Especial de Pescados come\\u00e7a amanh\\u00e3, 1\\u00ba\\\/04\"},\"previousItem\":{\"@type\":\"ListItem\",\"@id\":\"https:\\\/\\\/www.encontrapiracicaba.com.br\\\/sobre#listItem\",\"name\":\"In\\u00edcio\"}},{\"@type\":\"ListItem\",\"@id\":\"https:\\\/\\\/www.encontrapiracicaba.com.br\\\/sobre\\\/tradicao-da-semana-santa-varejao-especial-de-pescados-comeca-amanha-1o-04\\\/#listItem\",\"position\":3,\"name\":\"Tradi\\u00e7\\u00e3o da Semana Santa, Varej\\u00e3o Especial de Pescados come\\u00e7a amanh\\u00e3, 1\\u00ba\\\/04\",\"previousItem\":{\"@type\":\"ListItem\",\"@id\":\"https:\\\/\\\/www.encontrapiracicaba.com.br\\\/sobre\\\/noticias-em-piracicaba\\\/#listItem\",\"name\":\"Not\\u00edcias Piracicaba\"}}]},{\"@type\":\"Organization\",\"@id\":\"https:\\\/\\\/www.encontrapiracicaba.com.br\\\/sobre\\\/#organization\",\"name\":\"Encontra Piracicaba\",\"description\":\"Not\\u00edcias, eventos, informa\\u00e7\\u00f5es e dicas na cidade de Piracicaba e regi\\u00e3o\",\"url\":\"https:\\\/\\\/www.encontrapiracicaba.com.br\\\/sobre\\\/\"},{\"@type\":\"Person\",\"@id\":\"https:\\\/\\\/www.encontrapiracicaba.com.br\\\/sobre\\\/author\\\/epiracicaba\\\/#author\",\"url\":\"https:\\\/\\\/www.encontrapiracicaba.com.br\\\/sobre\\\/author\\\/epiracicaba\\\/\",\"name\":\"Encontra Piracicaba\",\"image\":{\"@type\":\"ImageObject\",\"@id\":\"https:\\\/\\\/www.encontrapiracicaba.com.br\\\/sobre\\\/tradicao-da-semana-santa-varejao-especial-de-pescados-comeca-amanha-1o-04\\\/#authorImage\",\"url\":\"https:\\\/\\\/secure.gravatar.com\\\/avatar\\\/507340682b8270222e1f208e23198b6ae7e2c6a1033ae84e99bc6bce4f82a387?s=96&d=mm&r=g\",\"width\":96,\"height\":96,\"caption\":\"Encontra Piracicaba\"}},{\"@type\":\"WebPage\",\"@id\":\"https:\\\/\\\/www.encontrapiracicaba.com.br\\\/sobre\\\/tradicao-da-semana-santa-varejao-especial-de-pescados-comeca-amanha-1o-04\\\/#webpage\",\"url\":\"https:\\\/\\\/www.encontrapiracicaba.com.br\\\/sobre\\\/tradicao-da-semana-santa-varejao-especial-de-pescados-comeca-amanha-1o-04\\\/\",\"name\":\"Tradi\\u00e7\\u00e3o da Semana Santa, Varej\\u00e3o Especial de Pescados come\\u00e7a amanh\\u00e3, 1\\u00ba\\\/04 | Encontra Piracicaba\",\"inLanguage\":\"pt-BR\",\"isPartOf\":{\"@id\":\"https:\\\/\\\/www.encontrapiracicaba.com.br\\\/sobre\\\/#website\"},\"breadcrumb\":{\"@id\":\"https:\\\/\\\/www.encontrapiracicaba.com.br\\\/sobre\\\/tradicao-da-semana-santa-varejao-especial-de-pescados-comeca-amanha-1o-04\\\/#breadcrumblist\"},\"author\":{\"@id\":\"https:\\\/\\\/www.encontrapiracicaba.com.br\\\/sobre\\\/author\\\/epiracicaba\\\/#author\"},\"creator\":{\"@id\":\"https:\\\/\\\/www.encontrapiracicaba.com.br\\\/sobre\\\/author\\\/epiracicaba\\\/#author\"},\"image\":{\"@type\":\"ImageObject\",\"url\":\"https:\\\/\\\/www.encontrapiracicaba.com.br\\\/sobre\\\/wp-content\\\/uploads\\\/tradicao-da-semana-santa-varejao-especial-de-pescados-comeca-amanha-1-04.webp\",\"@id\":\"https:\\\/\\\/www.encontrapiracicaba.com.br\\\/sobre\\\/tradicao-da-semana-santa-varejao-especial-de-pescados-comeca-amanha-1o-04\\\/#mainImage\",\"width\":280,\"height\":280,\"caption\":\"Varej\\u00e3o Especial de Pescados\"},\"primaryImageOfPage\":{\"@id\":\"https:\\\/\\\/www.encontrapiracicaba.com.br\\\/sobre\\\/tradicao-da-semana-santa-varejao-especial-de-pescados-comeca-amanha-1o-04\\\/#mainImage\"},\"datePublished\":\"2026-04-17T11:17:17-03:00\",\"dateModified\":\"2026-04-17T11:17:17-03:00\"},{\"@type\":\"WebSite\",\"@id\":\"https:\\\/\\\/www.encontrapiracicaba.com.br\\\/sobre\\\/#website\",\"url\":\"https:\\\/\\\/www.encontrapiracicaba.com.br\\\/sobre\\\/\",\"name\":\"Encontra Piracicaba\",\"description\":\"Not\\u00edcias, eventos, informa\\u00e7\\u00f5es e dicas na cidade de Piracicaba e regi\\u00e3o\",\"inLanguage\":\"pt-BR\",\"publisher\":{\"@id\":\"https:\\\/\\\/www.encontrapiracicaba.com.br\\\/sobre\\\/#organization\"}}]}\n\t\t<\/script>\n\t\t<!-- All in One SEO -->\n\n","aioseo_head_json":{"title":"Tradi\u00e7\u00e3o da Semana Santa, Varej\u00e3o Especial de Pescados come\u00e7a amanh\u00e3, 1\u00ba\/04 | Encontra Piracicaba","description":"","canonical_url":"https:\/\/www.encontrapiracicaba.com.br\/sobre\/tradicao-da-semana-santa-varejao-especial-de-pescados-comeca-amanha-1o-04\/","robots":"max-image-preview:large","keywords":"","webmasterTools":{"miscellaneous":""},"schema":{"@context":"https:\/\/schema.org","@graph":[{"@type":"Article","@id":"https:\/\/www.encontrapiracicaba.com.br\/sobre\/tradicao-da-semana-santa-varejao-especial-de-pescados-comeca-amanha-1o-04\/#article","name":"Tradi\u00e7\u00e3o da Semana Santa, Varej\u00e3o Especial de Pescados come\u00e7a amanh\u00e3, 1\u00ba\/04 | Encontra Piracicaba","headline":"Tradi\u00e7\u00e3o da Semana Santa, Varej\u00e3o Especial de Pescados come\u00e7a amanh\u00e3, 1\u00ba\/04","author":{"@id":"https:\/\/www.encontrapiracicaba.com.br\/sobre\/author\/epiracicaba\/#author"},"publisher":{"@id":"https:\/\/www.encontrapiracicaba.com.br\/sobre\/#organization"},"image":{"@type":"ImageObject","url":"https:\/\/www.encontrapiracicaba.com.br\/sobre\/wp-content\/uploads\/tradicao-da-semana-santa-varejao-especial-de-pescados-comeca-amanha-1-04.webp","width":280,"height":280,"caption":"Varej\u00e3o Especial de Pescados"},"datePublished":"2026-04-17T11:17:17-03:00","dateModified":"2026-04-17T11:17:17-03:00","inLanguage":"pt-BR","mainEntityOfPage":{"@id":"https:\/\/www.encontrapiracicaba.com.br\/sobre\/tradicao-da-semana-santa-varejao-especial-de-pescados-comeca-amanha-1o-04\/#webpage"},"isPartOf":{"@id":"https:\/\/www.encontrapiracicaba.com.br\/sobre\/tradicao-da-semana-santa-varejao-especial-de-pescados-comeca-amanha-1o-04\/#webpage"},"articleSection":"Not\u00edcias Piracicaba"},{"@type":"BreadcrumbList","@id":"https:\/\/www.encontrapiracicaba.com.br\/sobre\/tradicao-da-semana-santa-varejao-especial-de-pescados-comeca-amanha-1o-04\/#breadcrumblist","itemListElement":[{"@type":"ListItem","@id":"https:\/\/www.encontrapiracicaba.com.br\/sobre#listItem","position":1,"name":"In\u00edcio","item":"https:\/\/www.encontrapiracicaba.com.br\/sobre","nextItem":{"@type":"ListItem","@id":"https:\/\/www.encontrapiracicaba.com.br\/sobre\/noticias-em-piracicaba\/#listItem","name":"Not\u00edcias Piracicaba"}},{"@type":"ListItem","@id":"https:\/\/www.encontrapiracicaba.com.br\/sobre\/noticias-em-piracicaba\/#listItem","position":2,"name":"Not\u00edcias Piracicaba","item":"https:\/\/www.encontrapiracicaba.com.br\/sobre\/noticias-em-piracicaba\/","nextItem":{"@type":"ListItem","@id":"https:\/\/www.encontrapiracicaba.com.br\/sobre\/tradicao-da-semana-santa-varejao-especial-de-pescados-comeca-amanha-1o-04\/#listItem","name":"Tradi\u00e7\u00e3o da Semana Santa, Varej\u00e3o Especial de Pescados come\u00e7a amanh\u00e3, 1\u00ba\/04"},"previousItem":{"@type":"ListItem","@id":"https:\/\/www.encontrapiracicaba.com.br\/sobre#listItem","name":"In\u00edcio"}},{"@type":"ListItem","@id":"https:\/\/www.encontrapiracicaba.com.br\/sobre\/tradicao-da-semana-santa-varejao-especial-de-pescados-comeca-amanha-1o-04\/#listItem","position":3,"name":"Tradi\u00e7\u00e3o da Semana Santa, Varej\u00e3o Especial de Pescados come\u00e7a amanh\u00e3, 1\u00ba\/04","previousItem":{"@type":"ListItem","@id":"https:\/\/www.encontrapiracicaba.com.br\/sobre\/noticias-em-piracicaba\/#listItem","name":"Not\u00edcias Piracicaba"}}]},{"@type":"Organization","@id":"https:\/\/www.encontrapiracicaba.com.br\/sobre\/#organization","name":"Encontra Piracicaba","description":"Not\u00edcias, eventos, informa\u00e7\u00f5es e dicas na cidade de Piracicaba e regi\u00e3o","url":"https:\/\/www.encontrapiracicaba.com.br\/sobre\/"},{"@type":"Person","@id":"https:\/\/www.encontrapiracicaba.com.br\/sobre\/author\/epiracicaba\/#author","url":"https:\/\/www.encontrapiracicaba.com.br\/sobre\/author\/epiracicaba\/","name":"Encontra Piracicaba","image":{"@type":"ImageObject","@id":"https:\/\/www.encontrapiracicaba.com.br\/sobre\/tradicao-da-semana-santa-varejao-especial-de-pescados-comeca-amanha-1o-04\/#authorImage","url":"https:\/\/secure.gravatar.com\/avatar\/507340682b8270222e1f208e23198b6ae7e2c6a1033ae84e99bc6bce4f82a387?s=96&d=mm&r=g","width":96,"height":96,"caption":"Encontra Piracicaba"}},{"@type":"WebPage","@id":"https:\/\/www.encontrapiracicaba.com.br\/sobre\/tradicao-da-semana-santa-varejao-especial-de-pescados-comeca-amanha-1o-04\/#webpage","url":"https:\/\/www.encontrapiracicaba.com.br\/sobre\/tradicao-da-semana-santa-varejao-especial-de-pescados-comeca-amanha-1o-04\/","name":"Tradi\u00e7\u00e3o da Semana Santa, Varej\u00e3o Especial de Pescados come\u00e7a amanh\u00e3, 1\u00ba\/04 | Encontra Piracicaba","inLanguage":"pt-BR","isPartOf":{"@id":"https:\/\/www.encontrapiracicaba.com.br\/sobre\/#website"},"breadcrumb":{"@id":"https:\/\/www.encontrapiracicaba.com.br\/sobre\/tradicao-da-semana-santa-varejao-especial-de-pescados-comeca-amanha-1o-04\/#breadcrumblist"},"author":{"@id":"https:\/\/www.encontrapiracicaba.com.br\/sobre\/author\/epiracicaba\/#author"},"creator":{"@id":"https:\/\/www.encontrapiracicaba.com.br\/sobre\/author\/epiracicaba\/#author"},"image":{"@type":"ImageObject","url":"https:\/\/www.encontrapiracicaba.com.br\/sobre\/wp-content\/uploads\/tradicao-da-semana-santa-varejao-especial-de-pescados-comeca-amanha-1-04.webp","@id":"https:\/\/www.encontrapiracicaba.com.br\/sobre\/tradicao-da-semana-santa-varejao-especial-de-pescados-comeca-amanha-1o-04\/#mainImage","width":280,"height":280,"caption":"Varej\u00e3o Especial de Pescados"},"primaryImageOfPage":{"@id":"https:\/\/www.encontrapiracicaba.com.br\/sobre\/tradicao-da-semana-santa-varejao-especial-de-pescados-comeca-amanha-1o-04\/#mainImage"},"datePublished":"2026-04-17T11:17:17-03:00","dateModified":"2026-04-17T11:17:17-03:00"},{"@type":"WebSite","@id":"https:\/\/www.encontrapiracicaba.com.br\/sobre\/#website","url":"https:\/\/www.encontrapiracicaba.com.br\/sobre\/","name":"Encontra Piracicaba","description":"Not\u00edcias, eventos, informa\u00e7\u00f5es e dicas na cidade de Piracicaba e regi\u00e3o","inLanguage":"pt-BR","publisher":{"@id":"https:\/\/www.encontrapiracicaba.com.br\/sobre\/#organization"}}]},"og:locale":"pt_BR","og:site_name":"Encontra Piracicaba | Not\u00edcias, eventos, informa\u00e7\u00f5es e dicas na cidade de Piracicaba e regi\u00e3o","og:type":"article","og:title":"Tradi\u00e7\u00e3o da Semana Santa, Varej\u00e3o Especial de Pescados come\u00e7a amanh\u00e3, 1\u00ba\/04 | Encontra Piracicaba","og:url":"https:\/\/www.encontrapiracicaba.com.br\/sobre\/tradicao-da-semana-santa-varejao-especial-de-pescados-comeca-amanha-1o-04\/","article:published_time":"2026-04-17T14:17:17+00:00","article:modified_time":"2026-04-17T14:17:17+00:00","twitter:card":"summary","twitter:title":"Tradi\u00e7\u00e3o da Semana Santa, Varej\u00e3o Especial de Pescados come\u00e7a amanh\u00e3, 1\u00ba\/04 | Encontra Piracicaba"},"aioseo_meta_data":{"post_id":"4433","title":null,"description":null,"keywords":null,"keyphrases":null,"primary_term":null,"canonical_url":null,"og_title":null,"og_description":null,"og_object_type":"default","og_image_type":"default","og_image_url":null,"og_image_width":null,"og_image_height":null,"og_image_custom_url":null,"og_image_custom_fields":null,"og_video":null,"og_custom_url":null,"og_article_section":null,"og_article_tags":null,"twitter_use_og":false,"twitter_card":"default","twitter_image_type":"default","twitter_image_url":null,"twitter_image_custom_url":null,"twitter_image_custom_fields":null,"twitter_title":null,"twitter_description":null,"schema":{"blockGraphs":[],"customGraphs":[],"default":{"data":{"Article":[],"Course":[],"Dataset":[],"FAQPage":[],"Movie":[],"Person":[],"Product":[],"ProductReview":[],"Car":[],"Recipe":[],"Service":[],"SoftwareApplication":[],"WebPage":[]},"graphName":"Article","isEnabled":true},"graphs":[]},"schema_type":"default","schema_type_options":null,"pillar_content":false,"robots_default":true,"robots_noindex":false,"robots_noarchive":false,"robots_nosnippet":false,"robots_nofollow":false,"robots_noimageindex":false,"robots_noodp":false,"robots_notranslate":false,"robots_max_snippet":null,"robots_max_videopreview":null,"robots_max_imagepreview":"large","priority":null,"frequency":null,"local_seo":null,"breadcrumb_settings":null,"limit_modified_date":false,"ai":null,"created":"2026-04-17 14:17:23","updated":"2026-04-17 14:58:18","focus_keyword":null,"additional_keywords":null,"truseo_locale":null,"seo_analyzer_scan_date":null},"aioseo_breadcrumb":"<div class=\"aioseo-breadcrumbs\"><span class=\"aioseo-breadcrumb\">\n\t\t\t<a href=\"https:\/\/www.encontrapiracicaba.com.br\/sobre\" title=\"In\u00edcio\">In\u00edcio<\/a>\n\t\t<\/span><span class=\"aioseo-breadcrumb-separator\">&raquo;<\/span><span class=\"aioseo-breadcrumb\">\n\t\t\t<a href=\"https:\/\/www.encontrapiracicaba.com.br\/sobre\/noticias-em-piracicaba\/\" title=\"Not\u00edcias Piracicaba\">Not\u00edcias Piracicaba<\/a>\n\t\t<\/span><span class=\"aioseo-breadcrumb-separator\">&raquo;<\/span><span class=\"aioseo-breadcrumb\">\n\t\t\tTradi\u00e7\u00e3o da Semana Santa, Varej\u00e3o Especial de Pescados come\u00e7a amanh\u00e3, 1\u00ba\/04\n\t\t<\/span><\/div>","aioseo_breadcrumb_json":[{"label":"In\u00edcio","link":"https:\/\/www.encontrapiracicaba.com.br\/sobre"},{"label":"Not\u00edcias Piracicaba","link":"https:\/\/www.encontrapiracicaba.com.br\/sobre\/noticias-em-piracicaba\/"},{"label":"Tradi\u00e7\u00e3o da Semana Santa, Varej\u00e3o Especial de Pescados come\u00e7a amanh\u00e3, 1\u00ba\/04","link":"https:\/\/www.encontrapiracicaba.com.br\/sobre\/tradicao-da-semana-santa-varejao-especial-de-pescados-comeca-amanha-1o-04\/"}],"_links":{"self":[{"href":"https:\/\/www.encontrapiracicaba.com.br\/sobre\/wp-json\/wp\/v2\/posts\/4433","targetHints":{"allow":["GET"]}}],"collection":[{"href":"https:\/\/www.encontrapiracicaba.com.br\/sobre\/wp-json\/wp\/v2\/posts"}],"about":[{"href":"https:\/\/www.encontrapiracicaba.com.br\/sobre\/wp-json\/wp\/v2\/types\/post"}],"author":[{"embeddable":true,"href":"https:\/\/www.encontrapiracicaba.com.br\/sobre\/wp-json\/wp\/v2\/users\/1"}],"replies":[{"embeddable":true,"href":"https:\/\/www.encontrapiracicaba.com.br\/sobre\/wp-json\/wp\/v2\/comments?post=4433"}],"version-history":[{"count":0,"href":"https:\/\/www.encontrapiracicaba.com.br\/sobre\/wp-json\/wp\/v2\/posts\/4433\/revisions"}],"wp:featuredmedia":[{"embeddable":true,"href":"https:\/\/www.encontrapiracicaba.com.br\/sobre\/wp-json\/wp\/v2\/media\/4432"}],"wp:attachment":[{"href":"https:\/\/www.encontrapiracicaba.com.br\/sobre\/wp-json\/wp\/v2\/media?parent=4433"}],"wp:term":[{"taxonomy":"category","embeddable":true,"href":"https:\/\/www.encontrapiracicaba.com.br\/sobre\/wp-json\/wp\/v2\/categories?post=4433"},{"taxonomy":"post_tag","embeddable":true,"href":"https:\/\/www.encontrapiracicaba.com.br\/sobre\/wp-json\/wp\/v2\/tags?post=4433"}],"curies":[{"name":"wp","href":"https:\/\/api.w.org\/{rel}","templated":true}]}}