{"id":4443,"date":"2026-04-19T11:27:41","date_gmt":"2026-04-19T14:27:41","guid":{"rendered":"https:\/\/www.encontrapiracicaba.com.br\/sobre\/camara-realizara-a-2a-edicao-da-semana-municipal-da-criatividade-e-inovacao\/"},"modified":"2026-04-19T11:27:41","modified_gmt":"2026-04-19T14:27:41","slug":"camara-realizara-a-2a-edicao-da-semana-municipal-da-criatividade-e-inovacao","status":"publish","type":"post","link":"https:\/\/www.encontrapiracicaba.com.br\/sobre\/camara-realizara-a-2a-edicao-da-semana-municipal-da-criatividade-e-inovacao\/","title":{"rendered":"C\u00e2mara realizar\u00e1 a 2\u00aa edi\u00e7\u00e3o da Semana Municipal da Criatividade e Inova\u00e7\u00e3o"},"content":{"rendered":"<div class=\"85df007ed5c0c4d4b453fd13a37855e8\" data-index=\"1\" style=\"float: none; margin:0px;\">\n<!-- Anuncio display - global -->\r\n<ins class=\"adsbygoogle\"\r\n     style=\"display:block\"\r\n     data-ad-client=\"ca-pub-8585364105181520\"\r\n     data-ad-slot=\"8789329856\"\r\n     data-ad-format=\"auto\"\r\n     data-full-width-responsive=\"true\"><\/ins>\r\n<script>\r\n     (adsbygoogle = window.adsbygoogle || []).push({});\r\n<\/script>\n<\/div>\n<h2>O Que Esperar da Semana Municipal da Criatividade e Inova\u00e7\u00e3o<\/h2>\n<p>A &#8220;Semana Municipal da Criatividade e Inova\u00e7\u00e3o de Piracicaba&#8221;, que acontecer\u00e1 nos dias 22 e 24 de abril, \u00e9 um evento elaborado para destacar iniciativas criativas e inovadoras na cidade. Este evento \u00e9 promovido pela C\u00e2mara Municipal de Piracicaba e busca reunir a comunidade para discutir solu\u00e7\u00f5es e projetos que possam impactar positivamente a economia local e o desenvolvimento sustent\u00e1vel.<\/p>\n<h2>Palestras e Debates que Fomentam a Criatividade<\/h2>\n<p>Durante a semana, o p\u00fablico ter\u00e1 a oportunidade de participar de palestras enriquecedoras e debates envolventes, que visam n\u00e3o s\u00f3 compartilhar conhecimentos, mas tamb\u00e9m incentivar a troca de ideias entre os participantes. Essas atividades t\u00eam como objetivo estimular a criatividade e a inova\u00e7\u00e3o entre empreendedores, estudantes e cidad\u00e3os interessados em contribuir com novos projetos.<\/p>\n<h2>A Import\u00e2ncia da Economia Criativa em Piracicaba<\/h2>\n<p>A economia criativa \u00e9 um aspecto vital para o desenvolvimento sustent\u00e1vel de Piracicaba. Com foco em \u00e1reas como design, arte, m\u00fasica e tecnologia, essa economia pode trazer novas oportunidades para empreendedores locais. No evento, especialistas discutir\u00e3o modelos de neg\u00f3cios criativos e como estes podem contribuir para o crescimento econ\u00f4mico da cidade.<\/p>\n<p><img decoding=\"async\" src=\"https:\/\/www.encontrapiracicaba.com.br\/sobre\/wp-content\/uploads\/camara-realizara-a-2-edicao-da-semana-municipal-da-criatividade-e-inovacao.webp\" alt=\"Semana Municipal da Criatividade e Inova\u00e7\u00e3o\" loading=\"lazy\" \/><\/p>\n<h2>Roda de Conversa: Economia Solid\u00e1ria em Foco<\/h2>\n<p>Outra parte importante da programa\u00e7\u00e3o ser\u00e1 a roda de conversa sobre economia solid\u00e1ria. Esse espa\u00e7o contar\u00e1 com a presen\u00e7a de representantes de movimentos e coletivos que atuam na \u00e1rea, como a Rede Paulista de Bancos Comunit\u00e1rios e o Coletivo Engrenagem. As discuss\u00f5es abordar\u00e3o temas como desafios e oportunidades na economia solid\u00e1ria, proporcionando uma vis\u00e3o ampla sobre as iniciativas j\u00e1 existentes e o potencial para novas a\u00e7\u00f5es.<\/p>\n<h2>Inova\u00e7\u00f5es no Setor P\u00fablico: O Que Teremos?<\/h2>\n<p>No segundo dia da programa\u00e7\u00e3o, o foco ser\u00e1 nas inova\u00e7\u00f5es no setor p\u00fablico, essenciais para garantir que as cidades se tornem mais eficientes e responsivas \u00e0s necessidades dos cidad\u00e3os. Palestras abordando a Agenda de Desenvolvimento Sustent\u00e1vel e como tecnologias p\u00fablicas podem melhorar a qualidade de vida ser\u00e3o destaques dessa discuss\u00e3o.<\/p>\n<h2>Destaques do Programa de Atividades<\/h2>\n<p>O evento contar\u00e1 com din\u00e2micas que v\u00e3o desde palestras com especialistas, at\u00e9 workshops interativos. A troca de experi\u00eancias ser\u00e1 promovida atrav\u00e9s de mesas redondas e debates, que permitir\u00e3o a participa\u00e7\u00e3o ativa dos cidad\u00e3os nas discuss\u00f5es e compartilhamento de ideias inovadoras.<\/p>\n<h2>Homenagens e Reconhecimentos a Coletivos Locais<\/h2>\n<p>Como parte da programa\u00e7\u00e3o, haver\u00e1 momentos de homenagens a institui\u00e7\u00f5es e coletivos que t\u00eam feito a diferen\u00e7a na promo\u00e7\u00e3o da criatividade e inova\u00e7\u00e3o em Piracicaba. Essas distin\u00e7\u00f5es s\u00e3o uma forma de reconhecer e valorizar o trabalho de quem se dedica a construir uma cidade mais justa, criativa e inclusiva.<\/p>\n<h2>Como Participar da Semana Municipal de Inova\u00e7\u00e3o<\/h2>\n<p>Para participar da Semana Municipal da Criatividade e Inova\u00e7\u00e3o, os interessados devem se inscrever previamente. As inscri\u00e7\u00f5es estar\u00e3o dispon\u00edveis no site oficial da C\u00e2mara Municipal e nas redes sociais do evento. \u00c9 uma \u00f3tima oportunidade para quem deseja se envolver com o que h\u00e1 de novo em criatividade e inova\u00e7\u00e3o na cidade.<\/p>\n<h2>A Transmiss\u00e3o Ao Vivo do Evento<\/h2>\n<p>Os dois dias de atividades ser\u00e3o transmitidos ao vivo pela TV C\u00e2mara, proporcionando acesso a todos que n\u00e3o puderem comparecer fisicamente. A transmiss\u00e3o ser\u00e1 realizada pelo canal 11.3 no sinal aberto digital, al\u00e9m de estar dispon\u00edvel nas plataformas de redes sociais como Facebook e YouTube.<\/p>\n<h2>O Papel da C\u00e2mara na Promo\u00e7\u00e3o da Criatividade<\/h2>\n<p>A C\u00e2mara Municipal de Piracicaba tem um papel fundamental na promo\u00e7\u00e3o de eventos como a Semana da Criatividade e Inova\u00e7\u00e3o. Atrav\u00e9s de a\u00e7\u00f5es como essa, o Legislativo busca fomentar a participa\u00e7\u00e3o ativa da sociedade na cria\u00e7\u00e3o de solu\u00e7\u00f5es para desafios locais, promovendo um ambiente onde a criatividade possa florescer e gerar resultados tang\u00edveis para a comunidade.<\/p>\n\n<div style=\"font-size: 0px; height: 0px; line-height: 0px; margin: 0; padding: 0; clear: both;\"><\/div>","protected":false},"excerpt":{"rendered":"<p>A 2\u00aa edi\u00e7\u00e3o da Semana Municipal da Criatividade e Inova\u00e7\u00e3o ocorrer\u00e1 em abril.<\/p>\n","protected":false},"author":1,"featured_media":4442,"comment_status":"closed","ping_status":"closed","sticky":false,"template":"","format":"standard","meta":{"footnotes":""},"categories":[6],"tags":[],"class_list":["post-4443","post","type-post","status-publish","format-standard","has-post-thumbnail","hentry","category-noticias-em-piracicaba","has_thumb"],"aioseo_notices":[],"aioseo_head":"\n\t\t<!-- All in One SEO 5.0.0.1 - aioseo.com -->\n\t<meta name=\"robots\" content=\"max-image-preview:large\" \/>\n\t<meta name=\"author\" content=\"Encontra Piracicaba\"\/>\n\t<link rel=\"canonical\" href=\"https:\/\/www.encontrapiracicaba.com.br\/sobre\/camara-realizara-a-2a-edicao-da-semana-municipal-da-criatividade-e-inovacao\/\" \/>\n\t<meta name=\"generator\" content=\"All in One SEO (AIOSEO) 5.0.0.1\" \/>\n\t\t<meta property=\"og:locale\" content=\"pt_BR\" \/>\n\t\t<meta property=\"og:site_name\" content=\"Encontra Piracicaba | Not\u00edcias, eventos, informa\u00e7\u00f5es e dicas na cidade de Piracicaba e regi\u00e3o\" \/>\n\t\t<meta property=\"og:type\" content=\"article\" \/>\n\t\t<meta property=\"og:title\" content=\"C\u00e2mara realizar\u00e1 a 2\u00aa edi\u00e7\u00e3o da Semana Municipal da Criatividade e Inova\u00e7\u00e3o | Encontra Piracicaba\" \/>\n\t\t<meta property=\"og:url\" content=\"https:\/\/www.encontrapiracicaba.com.br\/sobre\/camara-realizara-a-2a-edicao-da-semana-municipal-da-criatividade-e-inovacao\/\" \/>\n\t\t<meta property=\"article:published_time\" content=\"2026-04-19T14:27:41+00:00\" \/>\n\t\t<meta property=\"article:modified_time\" content=\"2026-04-19T14:27:41+00:00\" \/>\n\t\t<meta name=\"twitter:card\" content=\"summary\" \/>\n\t\t<meta name=\"twitter:title\" content=\"C\u00e2mara realizar\u00e1 a 2\u00aa edi\u00e7\u00e3o da Semana Municipal da Criatividade e Inova\u00e7\u00e3o | Encontra Piracicaba\" \/>\n\t\t<script type=\"application\/ld+json\" class=\"aioseo-schema\">\n\t\t\t{\"@context\":\"https:\\\/\\\/schema.org\",\"@graph\":[{\"@type\":\"Article\",\"@id\":\"https:\\\/\\\/www.encontrapiracicaba.com.br\\\/sobre\\\/camara-realizara-a-2a-edicao-da-semana-municipal-da-criatividade-e-inovacao\\\/#article\",\"name\":\"C\\u00e2mara realizar\\u00e1 a 2\\u00aa edi\\u00e7\\u00e3o da Semana Municipal da Criatividade e Inova\\u00e7\\u00e3o | Encontra Piracicaba\",\"headline\":\"C\\u00e2mara realizar\\u00e1 a 2\\u00aa edi\\u00e7\\u00e3o da Semana Municipal da Criatividade e Inova\\u00e7\\u00e3o\",\"author\":{\"@id\":\"https:\\\/\\\/www.encontrapiracicaba.com.br\\\/sobre\\\/author\\\/epiracicaba\\\/#author\"},\"publisher\":{\"@id\":\"https:\\\/\\\/www.encontrapiracicaba.com.br\\\/sobre\\\/#organization\"},\"image\":{\"@type\":\"ImageObject\",\"url\":\"https:\\\/\\\/www.encontrapiracicaba.com.br\\\/sobre\\\/wp-content\\\/uploads\\\/camara-realizara-a-2-edicao-da-semana-municipal-da-criatividade-e-inovacao.webp\",\"width\":280,\"height\":280,\"caption\":\"Semana Municipal da Criatividade e Inova\\u00e7\\u00e3o\"},\"datePublished\":\"2026-04-19T11:27:41-03:00\",\"dateModified\":\"2026-04-19T11:27:41-03:00\",\"inLanguage\":\"pt-BR\",\"mainEntityOfPage\":{\"@id\":\"https:\\\/\\\/www.encontrapiracicaba.com.br\\\/sobre\\\/camara-realizara-a-2a-edicao-da-semana-municipal-da-criatividade-e-inovacao\\\/#webpage\"},\"isPartOf\":{\"@id\":\"https:\\\/\\\/www.encontrapiracicaba.com.br\\\/sobre\\\/camara-realizara-a-2a-edicao-da-semana-municipal-da-criatividade-e-inovacao\\\/#webpage\"},\"articleSection\":\"Not\\u00edcias Piracicaba\"},{\"@type\":\"BreadcrumbList\",\"@id\":\"https:\\\/\\\/www.encontrapiracicaba.com.br\\\/sobre\\\/camara-realizara-a-2a-edicao-da-semana-municipal-da-criatividade-e-inovacao\\\/#breadcrumblist\",\"itemListElement\":[{\"@type\":\"ListItem\",\"@id\":\"https:\\\/\\\/www.encontrapiracicaba.com.br\\\/sobre#listItem\",\"position\":1,\"name\":\"In\\u00edcio\",\"item\":\"https:\\\/\\\/www.encontrapiracicaba.com.br\\\/sobre\",\"nextItem\":{\"@type\":\"ListItem\",\"@id\":\"https:\\\/\\\/www.encontrapiracicaba.com.br\\\/sobre\\\/noticias-em-piracicaba\\\/#listItem\",\"name\":\"Not\\u00edcias Piracicaba\"}},{\"@type\":\"ListItem\",\"@id\":\"https:\\\/\\\/www.encontrapiracicaba.com.br\\\/sobre\\\/noticias-em-piracicaba\\\/#listItem\",\"position\":2,\"name\":\"Not\\u00edcias Piracicaba\",\"item\":\"https:\\\/\\\/www.encontrapiracicaba.com.br\\\/sobre\\\/noticias-em-piracicaba\\\/\",\"nextItem\":{\"@type\":\"ListItem\",\"@id\":\"https:\\\/\\\/www.encontrapiracicaba.com.br\\\/sobre\\\/camara-realizara-a-2a-edicao-da-semana-municipal-da-criatividade-e-inovacao\\\/#listItem\",\"name\":\"C\\u00e2mara realizar\\u00e1 a 2\\u00aa edi\\u00e7\\u00e3o da Semana Municipal da Criatividade e Inova\\u00e7\\u00e3o\"},\"previousItem\":{\"@type\":\"ListItem\",\"@id\":\"https:\\\/\\\/www.encontrapiracicaba.com.br\\\/sobre#listItem\",\"name\":\"In\\u00edcio\"}},{\"@type\":\"ListItem\",\"@id\":\"https:\\\/\\\/www.encontrapiracicaba.com.br\\\/sobre\\\/camara-realizara-a-2a-edicao-da-semana-municipal-da-criatividade-e-inovacao\\\/#listItem\",\"position\":3,\"name\":\"C\\u00e2mara realizar\\u00e1 a 2\\u00aa edi\\u00e7\\u00e3o da Semana Municipal da Criatividade e Inova\\u00e7\\u00e3o\",\"previousItem\":{\"@type\":\"ListItem\",\"@id\":\"https:\\\/\\\/www.encontrapiracicaba.com.br\\\/sobre\\\/noticias-em-piracicaba\\\/#listItem\",\"name\":\"Not\\u00edcias Piracicaba\"}}]},{\"@type\":\"Organization\",\"@id\":\"https:\\\/\\\/www.encontrapiracicaba.com.br\\\/sobre\\\/#organization\",\"name\":\"Encontra Piracicaba\",\"description\":\"Not\\u00edcias, eventos, informa\\u00e7\\u00f5es e dicas na cidade de Piracicaba e regi\\u00e3o\",\"url\":\"https:\\\/\\\/www.encontrapiracicaba.com.br\\\/sobre\\\/\"},{\"@type\":\"Person\",\"@id\":\"https:\\\/\\\/www.encontrapiracicaba.com.br\\\/sobre\\\/author\\\/epiracicaba\\\/#author\",\"url\":\"https:\\\/\\\/www.encontrapiracicaba.com.br\\\/sobre\\\/author\\\/epiracicaba\\\/\",\"name\":\"Encontra Piracicaba\",\"image\":{\"@type\":\"ImageObject\",\"@id\":\"https:\\\/\\\/www.encontrapiracicaba.com.br\\\/sobre\\\/camara-realizara-a-2a-edicao-da-semana-municipal-da-criatividade-e-inovacao\\\/#authorImage\",\"url\":\"https:\\\/\\\/secure.gravatar.com\\\/avatar\\\/507340682b8270222e1f208e23198b6ae7e2c6a1033ae84e99bc6bce4f82a387?s=96&d=mm&r=g\",\"width\":96,\"height\":96,\"caption\":\"Encontra Piracicaba\"}},{\"@type\":\"WebPage\",\"@id\":\"https:\\\/\\\/www.encontrapiracicaba.com.br\\\/sobre\\\/camara-realizara-a-2a-edicao-da-semana-municipal-da-criatividade-e-inovacao\\\/#webpage\",\"url\":\"https:\\\/\\\/www.encontrapiracicaba.com.br\\\/sobre\\\/camara-realizara-a-2a-edicao-da-semana-municipal-da-criatividade-e-inovacao\\\/\",\"name\":\"C\\u00e2mara realizar\\u00e1 a 2\\u00aa edi\\u00e7\\u00e3o da Semana Municipal da Criatividade e Inova\\u00e7\\u00e3o | Encontra Piracicaba\",\"inLanguage\":\"pt-BR\",\"isPartOf\":{\"@id\":\"https:\\\/\\\/www.encontrapiracicaba.com.br\\\/sobre\\\/#website\"},\"breadcrumb\":{\"@id\":\"https:\\\/\\\/www.encontrapiracicaba.com.br\\\/sobre\\\/camara-realizara-a-2a-edicao-da-semana-municipal-da-criatividade-e-inovacao\\\/#breadcrumblist\"},\"author\":{\"@id\":\"https:\\\/\\\/www.encontrapiracicaba.com.br\\\/sobre\\\/author\\\/epiracicaba\\\/#author\"},\"creator\":{\"@id\":\"https:\\\/\\\/www.encontrapiracicaba.com.br\\\/sobre\\\/author\\\/epiracicaba\\\/#author\"},\"image\":{\"@type\":\"ImageObject\",\"url\":\"https:\\\/\\\/www.encontrapiracicaba.com.br\\\/sobre\\\/wp-content\\\/uploads\\\/camara-realizara-a-2-edicao-da-semana-municipal-da-criatividade-e-inovacao.webp\",\"@id\":\"https:\\\/\\\/www.encontrapiracicaba.com.br\\\/sobre\\\/camara-realizara-a-2a-edicao-da-semana-municipal-da-criatividade-e-inovacao\\\/#mainImage\",\"width\":280,\"height\":280,\"caption\":\"Semana Municipal da Criatividade e Inova\\u00e7\\u00e3o\"},\"primaryImageOfPage\":{\"@id\":\"https:\\\/\\\/www.encontrapiracicaba.com.br\\\/sobre\\\/camara-realizara-a-2a-edicao-da-semana-municipal-da-criatividade-e-inovacao\\\/#mainImage\"},\"datePublished\":\"2026-04-19T11:27:41-03:00\",\"dateModified\":\"2026-04-19T11:27:41-03:00\"},{\"@type\":\"WebSite\",\"@id\":\"https:\\\/\\\/www.encontrapiracicaba.com.br\\\/sobre\\\/#website\",\"url\":\"https:\\\/\\\/www.encontrapiracicaba.com.br\\\/sobre\\\/\",\"name\":\"Encontra Piracicaba\",\"description\":\"Not\\u00edcias, eventos, informa\\u00e7\\u00f5es e dicas na cidade de Piracicaba e regi\\u00e3o\",\"inLanguage\":\"pt-BR\",\"publisher\":{\"@id\":\"https:\\\/\\\/www.encontrapiracicaba.com.br\\\/sobre\\\/#organization\"}}]}\n\t\t<\/script>\n\t\t<!-- All in One SEO -->\n\n","aioseo_head_json":{"title":"C\u00e2mara realizar\u00e1 a 2\u00aa edi\u00e7\u00e3o da Semana Municipal da Criatividade e Inova\u00e7\u00e3o | Encontra Piracicaba","description":"","canonical_url":"https:\/\/www.encontrapiracicaba.com.br\/sobre\/camara-realizara-a-2a-edicao-da-semana-municipal-da-criatividade-e-inovacao\/","robots":"max-image-preview:large","keywords":"","webmasterTools":{"miscellaneous":""},"schema":{"@context":"https:\/\/schema.org","@graph":[{"@type":"Article","@id":"https:\/\/www.encontrapiracicaba.com.br\/sobre\/camara-realizara-a-2a-edicao-da-semana-municipal-da-criatividade-e-inovacao\/#article","name":"C\u00e2mara realizar\u00e1 a 2\u00aa edi\u00e7\u00e3o da Semana Municipal da Criatividade e Inova\u00e7\u00e3o | Encontra Piracicaba","headline":"C\u00e2mara realizar\u00e1 a 2\u00aa edi\u00e7\u00e3o da Semana Municipal da Criatividade e Inova\u00e7\u00e3o","author":{"@id":"https:\/\/www.encontrapiracicaba.com.br\/sobre\/author\/epiracicaba\/#author"},"publisher":{"@id":"https:\/\/www.encontrapiracicaba.com.br\/sobre\/#organization"},"image":{"@type":"ImageObject","url":"https:\/\/www.encontrapiracicaba.com.br\/sobre\/wp-content\/uploads\/camara-realizara-a-2-edicao-da-semana-municipal-da-criatividade-e-inovacao.webp","width":280,"height":280,"caption":"Semana Municipal da Criatividade e Inova\u00e7\u00e3o"},"datePublished":"2026-04-19T11:27:41-03:00","dateModified":"2026-04-19T11:27:41-03:00","inLanguage":"pt-BR","mainEntityOfPage":{"@id":"https:\/\/www.encontrapiracicaba.com.br\/sobre\/camara-realizara-a-2a-edicao-da-semana-municipal-da-criatividade-e-inovacao\/#webpage"},"isPartOf":{"@id":"https:\/\/www.encontrapiracicaba.com.br\/sobre\/camara-realizara-a-2a-edicao-da-semana-municipal-da-criatividade-e-inovacao\/#webpage"},"articleSection":"Not\u00edcias Piracicaba"},{"@type":"BreadcrumbList","@id":"https:\/\/www.encontrapiracicaba.com.br\/sobre\/camara-realizara-a-2a-edicao-da-semana-municipal-da-criatividade-e-inovacao\/#breadcrumblist","itemListElement":[{"@type":"ListItem","@id":"https:\/\/www.encontrapiracicaba.com.br\/sobre#listItem","position":1,"name":"In\u00edcio","item":"https:\/\/www.encontrapiracicaba.com.br\/sobre","nextItem":{"@type":"ListItem","@id":"https:\/\/www.encontrapiracicaba.com.br\/sobre\/noticias-em-piracicaba\/#listItem","name":"Not\u00edcias Piracicaba"}},{"@type":"ListItem","@id":"https:\/\/www.encontrapiracicaba.com.br\/sobre\/noticias-em-piracicaba\/#listItem","position":2,"name":"Not\u00edcias Piracicaba","item":"https:\/\/www.encontrapiracicaba.com.br\/sobre\/noticias-em-piracicaba\/","nextItem":{"@type":"ListItem","@id":"https:\/\/www.encontrapiracicaba.com.br\/sobre\/camara-realizara-a-2a-edicao-da-semana-municipal-da-criatividade-e-inovacao\/#listItem","name":"C\u00e2mara realizar\u00e1 a 2\u00aa edi\u00e7\u00e3o da Semana Municipal da Criatividade e Inova\u00e7\u00e3o"},"previousItem":{"@type":"ListItem","@id":"https:\/\/www.encontrapiracicaba.com.br\/sobre#listItem","name":"In\u00edcio"}},{"@type":"ListItem","@id":"https:\/\/www.encontrapiracicaba.com.br\/sobre\/camara-realizara-a-2a-edicao-da-semana-municipal-da-criatividade-e-inovacao\/#listItem","position":3,"name":"C\u00e2mara realizar\u00e1 a 2\u00aa edi\u00e7\u00e3o da Semana Municipal da Criatividade e Inova\u00e7\u00e3o","previousItem":{"@type":"ListItem","@id":"https:\/\/www.encontrapiracicaba.com.br\/sobre\/noticias-em-piracicaba\/#listItem","name":"Not\u00edcias Piracicaba"}}]},{"@type":"Organization","@id":"https:\/\/www.encontrapiracicaba.com.br\/sobre\/#organization","name":"Encontra Piracicaba","description":"Not\u00edcias, eventos, informa\u00e7\u00f5es e dicas na cidade de Piracicaba e regi\u00e3o","url":"https:\/\/www.encontrapiracicaba.com.br\/sobre\/"},{"@type":"Person","@id":"https:\/\/www.encontrapiracicaba.com.br\/sobre\/author\/epiracicaba\/#author","url":"https:\/\/www.encontrapiracicaba.com.br\/sobre\/author\/epiracicaba\/","name":"Encontra Piracicaba","image":{"@type":"ImageObject","@id":"https:\/\/www.encontrapiracicaba.com.br\/sobre\/camara-realizara-a-2a-edicao-da-semana-municipal-da-criatividade-e-inovacao\/#authorImage","url":"https:\/\/secure.gravatar.com\/avatar\/507340682b8270222e1f208e23198b6ae7e2c6a1033ae84e99bc6bce4f82a387?s=96&d=mm&r=g","width":96,"height":96,"caption":"Encontra Piracicaba"}},{"@type":"WebPage","@id":"https:\/\/www.encontrapiracicaba.com.br\/sobre\/camara-realizara-a-2a-edicao-da-semana-municipal-da-criatividade-e-inovacao\/#webpage","url":"https:\/\/www.encontrapiracicaba.com.br\/sobre\/camara-realizara-a-2a-edicao-da-semana-municipal-da-criatividade-e-inovacao\/","name":"C\u00e2mara realizar\u00e1 a 2\u00aa edi\u00e7\u00e3o da Semana Municipal da Criatividade e Inova\u00e7\u00e3o | Encontra Piracicaba","inLanguage":"pt-BR","isPartOf":{"@id":"https:\/\/www.encontrapiracicaba.com.br\/sobre\/#website"},"breadcrumb":{"@id":"https:\/\/www.encontrapiracicaba.com.br\/sobre\/camara-realizara-a-2a-edicao-da-semana-municipal-da-criatividade-e-inovacao\/#breadcrumblist"},"author":{"@id":"https:\/\/www.encontrapiracicaba.com.br\/sobre\/author\/epiracicaba\/#author"},"creator":{"@id":"https:\/\/www.encontrapiracicaba.com.br\/sobre\/author\/epiracicaba\/#author"},"image":{"@type":"ImageObject","url":"https:\/\/www.encontrapiracicaba.com.br\/sobre\/wp-content\/uploads\/camara-realizara-a-2-edicao-da-semana-municipal-da-criatividade-e-inovacao.webp","@id":"https:\/\/www.encontrapiracicaba.com.br\/sobre\/camara-realizara-a-2a-edicao-da-semana-municipal-da-criatividade-e-inovacao\/#mainImage","width":280,"height":280,"caption":"Semana Municipal da Criatividade e Inova\u00e7\u00e3o"},"primaryImageOfPage":{"@id":"https:\/\/www.encontrapiracicaba.com.br\/sobre\/camara-realizara-a-2a-edicao-da-semana-municipal-da-criatividade-e-inovacao\/#mainImage"},"datePublished":"2026-04-19T11:27:41-03:00","dateModified":"2026-04-19T11:27:41-03:00"},{"@type":"WebSite","@id":"https:\/\/www.encontrapiracicaba.com.br\/sobre\/#website","url":"https:\/\/www.encontrapiracicaba.com.br\/sobre\/","name":"Encontra Piracicaba","description":"Not\u00edcias, eventos, informa\u00e7\u00f5es e dicas na cidade de Piracicaba e regi\u00e3o","inLanguage":"pt-BR","publisher":{"@id":"https:\/\/www.encontrapiracicaba.com.br\/sobre\/#organization"}}]},"og:locale":"pt_BR","og:site_name":"Encontra Piracicaba | Not\u00edcias, eventos, informa\u00e7\u00f5es e dicas na cidade de Piracicaba e regi\u00e3o","og:type":"article","og:title":"C\u00e2mara realizar\u00e1 a 2\u00aa edi\u00e7\u00e3o da Semana Municipal da Criatividade e Inova\u00e7\u00e3o | Encontra Piracicaba","og:url":"https:\/\/www.encontrapiracicaba.com.br\/sobre\/camara-realizara-a-2a-edicao-da-semana-municipal-da-criatividade-e-inovacao\/","article:published_time":"2026-04-19T14:27:41+00:00","article:modified_time":"2026-04-19T14:27:41+00:00","twitter:card":"summary","twitter:title":"C\u00e2mara realizar\u00e1 a 2\u00aa edi\u00e7\u00e3o da Semana Municipal da Criatividade e Inova\u00e7\u00e3o | Encontra Piracicaba"},"aioseo_meta_data":{"post_id":"4443","title":null,"description":null,"keywords":null,"keyphrases":null,"primary_term":null,"canonical_url":null,"og_title":null,"og_description":null,"og_object_type":"default","og_image_type":"default","og_image_url":null,"og_image_width":null,"og_image_height":null,"og_image_custom_url":null,"og_image_custom_fields":null,"og_video":null,"og_custom_url":null,"og_article_section":null,"og_article_tags":null,"twitter_use_og":false,"twitter_card":"default","twitter_image_type":"default","twitter_image_url":null,"twitter_image_custom_url":null,"twitter_image_custom_fields":null,"twitter_title":null,"twitter_description":null,"schema":{"blockGraphs":[],"customGraphs":[],"default":{"data":{"Article":[],"Course":[],"Dataset":[],"FAQPage":[],"Movie":[],"Person":[],"Product":[],"ProductReview":[],"Car":[],"Recipe":[],"Service":[],"SoftwareApplication":[],"WebPage":[]},"graphName":"Article","isEnabled":true},"graphs":[]},"schema_type":"default","schema_type_options":null,"pillar_content":false,"robots_default":true,"robots_noindex":false,"robots_noarchive":false,"robots_nosnippet":false,"robots_nofollow":false,"robots_noimageindex":false,"robots_noodp":false,"robots_notranslate":false,"robots_max_snippet":null,"robots_max_videopreview":null,"robots_max_imagepreview":"large","priority":null,"frequency":null,"local_seo":null,"breadcrumb_settings":null,"limit_modified_date":false,"ai":null,"created":"2026-04-19 14:27:47","updated":"2026-04-19 14:37:02","focus_keyword":null,"additional_keywords":null,"truseo_locale":null,"seo_analyzer_scan_date":null},"aioseo_breadcrumb":"<div class=\"aioseo-breadcrumbs\"><span class=\"aioseo-breadcrumb\">\n\t\t\t<a href=\"https:\/\/www.encontrapiracicaba.com.br\/sobre\" title=\"In\u00edcio\">In\u00edcio<\/a>\n\t\t<\/span><span class=\"aioseo-breadcrumb-separator\">&raquo;<\/span><span class=\"aioseo-breadcrumb\">\n\t\t\t<a href=\"https:\/\/www.encontrapiracicaba.com.br\/sobre\/noticias-em-piracicaba\/\" title=\"Not\u00edcias Piracicaba\">Not\u00edcias Piracicaba<\/a>\n\t\t<\/span><span class=\"aioseo-breadcrumb-separator\">&raquo;<\/span><span class=\"aioseo-breadcrumb\">\n\t\t\tC\u00e2mara realizar\u00e1 a 2\u00aa edi\u00e7\u00e3o da Semana Municipal da Criatividade e Inova\u00e7\u00e3o\n\t\t<\/span><\/div>","aioseo_breadcrumb_json":[{"label":"In\u00edcio","link":"https:\/\/www.encontrapiracicaba.com.br\/sobre"},{"label":"Not\u00edcias Piracicaba","link":"https:\/\/www.encontrapiracicaba.com.br\/sobre\/noticias-em-piracicaba\/"},{"label":"C\u00e2mara realizar\u00e1 a 2\u00aa edi\u00e7\u00e3o da Semana Municipal da Criatividade e Inova\u00e7\u00e3o","link":"https:\/\/www.encontrapiracicaba.com.br\/sobre\/camara-realizara-a-2a-edicao-da-semana-municipal-da-criatividade-e-inovacao\/"}],"_links":{"self":[{"href":"https:\/\/www.encontrapiracicaba.com.br\/sobre\/wp-json\/wp\/v2\/posts\/4443","targetHints":{"allow":["GET"]}}],"collection":[{"href":"https:\/\/www.encontrapiracicaba.com.br\/sobre\/wp-json\/wp\/v2\/posts"}],"about":[{"href":"https:\/\/www.encontrapiracicaba.com.br\/sobre\/wp-json\/wp\/v2\/types\/post"}],"author":[{"embeddable":true,"href":"https:\/\/www.encontrapiracicaba.com.br\/sobre\/wp-json\/wp\/v2\/users\/1"}],"replies":[{"embeddable":true,"href":"https:\/\/www.encontrapiracicaba.com.br\/sobre\/wp-json\/wp\/v2\/comments?post=4443"}],"version-history":[{"count":0,"href":"https:\/\/www.encontrapiracicaba.com.br\/sobre\/wp-json\/wp\/v2\/posts\/4443\/revisions"}],"wp:featuredmedia":[{"embeddable":true,"href":"https:\/\/www.encontrapiracicaba.com.br\/sobre\/wp-json\/wp\/v2\/media\/4442"}],"wp:attachment":[{"href":"https:\/\/www.encontrapiracicaba.com.br\/sobre\/wp-json\/wp\/v2\/media?parent=4443"}],"wp:term":[{"taxonomy":"category","embeddable":true,"href":"https:\/\/www.encontrapiracicaba.com.br\/sobre\/wp-json\/wp\/v2\/categories?post=4443"},{"taxonomy":"post_tag","embeddable":true,"href":"https:\/\/www.encontrapiracicaba.com.br\/sobre\/wp-json\/wp\/v2\/tags?post=4443"}],"curies":[{"name":"wp","href":"https:\/\/api.w.org\/{rel}","templated":true}]}}