{"id":4447,"date":"2026-04-19T11:30:12","date_gmt":"2026-04-19T14:30:12","guid":{"rendered":"https:\/\/www.encontrapiracicaba.com.br\/sobre\/empresario-do-setor-automotivo-recebe-o-titulo-de-cidadao-piracicabano\/"},"modified":"2026-04-19T11:30:12","modified_gmt":"2026-04-19T14:30:12","slug":"empresario-do-setor-automotivo-recebe-o-titulo-de-cidadao-piracicabano","status":"publish","type":"post","link":"https:\/\/www.encontrapiracicaba.com.br\/sobre\/empresario-do-setor-automotivo-recebe-o-titulo-de-cidadao-piracicabano\/","title":{"rendered":"Empres\u00e1rio do setor automotivo recebe o T\u00edtulo de Cidad\u00e3o Piracicabano"},"content":{"rendered":"<div class=\"85df007ed5c0c4d4b453fd13a37855e8\" data-index=\"1\" style=\"float: none; margin:0px;\">\n<!-- Anuncio display - global -->\r\n<ins class=\"adsbygoogle\"\r\n     style=\"display:block\"\r\n     data-ad-client=\"ca-pub-8585364105181520\"\r\n     data-ad-slot=\"8789329856\"\r\n     data-ad-format=\"auto\"\r\n     data-full-width-responsive=\"true\"><\/ins>\r\n<script>\r\n     (adsbygoogle = window.adsbygoogle || []).push({});\r\n<\/script>\n<\/div>\n<h2>Reconhecimento e Homenagens na C\u00e2mara Municipal<\/h2>\n<p>A C\u00e2mara Municipal de Piracicaba, por meio do vereador Pedro Kawai (PSDB), promoveu na \u00faltima sexta-feira (10) uma cerim\u00f4nia solene destinada \u00e0 entrega do <strong>T\u00edtulo de Cidad\u00e3o Piracicabano<\/strong> ao engenheiro Fernando Petrolino. O evento ocorreu nas depend\u00eancias do Simespi, um importante sindicato patronal das ind\u00fastrias metal\u00fargicas da regi\u00e3o, ressaltando a relev\u00e2ncia da contribui\u00e7\u00e3o de Petrolino para o desenvolvimento do setor automotivo e da cidade.<\/p>\n<h2>A Trajet\u00f3ria de Fernando Petrolino<\/h2>\n<p>Fernando Petrolino, nascido em S\u00e3o Paulo, destacava-se na sua \u00e1rea com uma rica forma\u00e7\u00e3o t\u00e9cnica e acad\u00eamica. Desde 2014, ele desempenha o papel de Diretor Geral da <strong>ElringKlinger<\/strong>, uma multinacional alem\u00e3 voltada para a produ\u00e7\u00e3o de autope\u00e7as, incluindo componentes como juntas de cabe\u00e7ote e m\u00f3dulos pl\u00e1sticos. Sob sua lideran\u00e7a, a empresa consolidou sua presen\u00e7a no mercado automotivo brasileiro, evidenciando sua efici\u00eancia e comprometimento com a qualidade.<\/p>\n<h2>A Import\u00e2ncia do Setor Automotivo em Piracicaba<\/h2>\n<p>O setor automotivo desempenha um papel vital na economia de Piracicaba, contribuindo n\u00e3o apenas para o emprego e a gera\u00e7\u00e3o de receita, mas tamb\u00e9m para o avan\u00e7o tecnol\u00f3gico da regi\u00e3o. A presen\u00e7a de multinacionais como a ElringKlinger eleva o padr\u00e3o do mercado local, integrando a cidade a cadeias produtivas globais e promovendo inova\u00e7\u00f5es.<\/p>\n<p><img decoding=\"async\" src=\"https:\/\/www.encontrapiracicaba.com.br\/sobre\/wp-content\/uploads\/empresario-do-setor-automotivo-recebe-o-titulo-de-cidadao-piracicabano.webp\" alt=\"T\u00edtulo de Cidad\u00e3o Piracicabano\" loading=\"lazy\" \/><\/p>\n<h2>O Papel da ElringKlinger na Economia Regional<\/h2>\n<p>Estabelecida em Piracicaba desde 1997, a <strong>ElringKlinger do Brasil<\/strong> tem se destacado pela sua atua\u00e7\u00e3o significativa no setor automotivo. Com 44 f\u00e1bricas ao redor do mundo, a unidade piracicabana se tornou a \u00fanica de sua abrang\u00eancia no Brasil. Este aspecto n\u00e3o s\u00f3 refor\u00e7a a posi\u00e7\u00e3o da empresa no mercado internacional, mas tamb\u00e9m traz benef\u00edcios diretos \u00e0 economia local atrav\u00e9s da gera\u00e7\u00e3o de empregos e expertise.<\/p>\n<h2>Iniciativas de Desenvolvimento Promovidas por Pedro Kawai<\/h2>\n<p>O vereador Pedro Kawai tem mostrado um compromisso not\u00e1vel com o fomento ao setor industrial de Piracicaba. Suas iniciativas buscam fortalecer a infraestrutura e o ambiente de neg\u00f3cios na cidade, com foco em a\u00e7\u00f5es que visam a atra\u00e7\u00e3o de novos investimentos e suporte a empresas j\u00e1 estabelecidas, como a ElringKlinger.<\/p>\n<h2>Impacto da Ind\u00fastria Automotiva no Mercado de Trabalho<\/h2>\n<p>A ind\u00fastria automotiva em Piracicaba tem gerado milhares de empregos diretos e indiretos, criando oportunidades para diversas \u00e1reas profissionais e impulsionando o empreendedorismo local. Este cen\u00e1rio tem atra\u00eddo jovens talentos, que veem na ind\u00fastria automotiva uma chance de desenvolvimento e progress\u00e3o na carreira.<\/p>\n<h2>Contribui\u00e7\u00f5es Sociais e Comunit\u00e1rias de Fernando Petrolino<\/h2>\n<p>Al\u00e9m de sua atua\u00e7\u00e3o empresarial, Fernando Petrolino tem se envolvido em diversas iniciativas sociais e comunit\u00e1rias. Seu trabalho junto ao Simespi e outras entidades refletem um compromisso em promover a responsabilidade social dentro da ind\u00fastria, al\u00e9m de fomentar a integra\u00e7\u00e3o e o desenvolvimento da comunidade local.<\/p>\n<h2>O significado do T\u00edtulo de Cidad\u00e3o Piracicabano<\/h2>\n<p>O <strong>T\u00edtulo de Cidad\u00e3o Piracicabano<\/strong> \u00e9 uma honraria que simboliza o reconhecimento das contribui\u00e7\u00f5es de indiv\u00edduos para a sociedade piracicabana. Na entrega a Fernando Petrolino, a C\u00e2mara Municipal sublinha n\u00e3o apenas suas realiza\u00e7\u00f5es profissionais, mas tamb\u00e9m sua dedica\u00e7\u00e3o ao desenvolvimento econ\u00f4mico e social da cidade.<\/p>\n<h2>Desafios Enfrentados pelo Setor Automotivo<\/h2>\n<p>O setor automotivo, apesar de seu crescimento, enfrenta diversos desafios. Elementos como inova\u00e7\u00e3o constante, adapta\u00e7\u00e3o \u00e0s novas normas ambientais e a necessidade de investimentos em tecnologia s\u00e3o alguns dos obst\u00e1culos que empresas no setor precisam superar para se manterem competitivas no mercado global.<\/p>\n<h2>Futuro da Ind\u00fastria Automotiva em Piracicaba<\/h2>\n<p>O futuro da ind\u00fastria automotiva em Piracicaba parece promissor, dado o compromisso de empresas como a ElringKlinger e a vis\u00e3o proativa de l\u00edderes como Pedro Kawai. As perspectivas de novas tecnologias, especialmente a eletrifica\u00e7\u00e3o e a automa\u00e7\u00e3o, podem trazer ainda mais oportunidades para a regi\u00e3o, consolidando-a como um polo industrial.<\/p>\n<p>A entrega do T\u00edtulo de Cidad\u00e3o Piracicabano a Fernando Petrolino \u00e9 um momento de celebra\u00e7\u00e3o que refor\u00e7a a import\u00e2ncia do compromisso pessoal e profissional de indiv\u00edduos na constru\u00e7\u00e3o de um futuro melhor para Piracicaba. Este reconhecimento \u00e9 uma inspira\u00e7\u00e3o para outros l\u00edderes e empres\u00e1rios que desejam contribuir para o avan\u00e7o da comunidade e do setor industrial local.<\/p>\n\n<div style=\"font-size: 0px; height: 0px; line-height: 0px; margin: 0; padding: 0; clear: both;\"><\/div>","protected":false},"excerpt":{"rendered":"<p>Cidad\u00e3o Piracicabano \u00e9 um t\u00edtulo que destaca contribui\u00e7\u00f5es importantes ao desenvolvimento regional.<\/p>\n","protected":false},"author":1,"featured_media":4446,"comment_status":"closed","ping_status":"closed","sticky":false,"template":"","format":"standard","meta":{"footnotes":""},"categories":[6],"tags":[],"class_list":["post-4447","post","type-post","status-publish","format-standard","has-post-thumbnail","hentry","category-noticias-em-piracicaba","has_thumb"],"aioseo_notices":[],"aioseo_head":"\n\t\t<!-- All in One SEO 5.0.0.1 - aioseo.com -->\n\t<meta name=\"robots\" content=\"max-image-preview:large\" \/>\n\t<meta name=\"author\" content=\"Encontra Piracicaba\"\/>\n\t<link rel=\"canonical\" href=\"https:\/\/www.encontrapiracicaba.com.br\/sobre\/empresario-do-setor-automotivo-recebe-o-titulo-de-cidadao-piracicabano\/\" \/>\n\t<meta name=\"generator\" content=\"All in One SEO (AIOSEO) 5.0.0.1\" \/>\n\t\t<meta property=\"og:locale\" content=\"pt_BR\" \/>\n\t\t<meta property=\"og:site_name\" content=\"Encontra Piracicaba | Not\u00edcias, eventos, informa\u00e7\u00f5es e dicas na cidade de Piracicaba e regi\u00e3o\" \/>\n\t\t<meta property=\"og:type\" content=\"article\" \/>\n\t\t<meta property=\"og:title\" content=\"Empres\u00e1rio do setor automotivo recebe o T\u00edtulo de Cidad\u00e3o Piracicabano | Encontra Piracicaba\" \/>\n\t\t<meta property=\"og:url\" content=\"https:\/\/www.encontrapiracicaba.com.br\/sobre\/empresario-do-setor-automotivo-recebe-o-titulo-de-cidadao-piracicabano\/\" \/>\n\t\t<meta property=\"article:published_time\" content=\"2026-04-19T14:30:12+00:00\" \/>\n\t\t<meta property=\"article:modified_time\" content=\"2026-04-19T14:30:12+00:00\" \/>\n\t\t<meta name=\"twitter:card\" content=\"summary\" \/>\n\t\t<meta name=\"twitter:title\" content=\"Empres\u00e1rio do setor automotivo recebe o T\u00edtulo de Cidad\u00e3o Piracicabano | Encontra Piracicaba\" \/>\n\t\t<script type=\"application\/ld+json\" class=\"aioseo-schema\">\n\t\t\t{\"@context\":\"https:\\\/\\\/schema.org\",\"@graph\":[{\"@type\":\"Article\",\"@id\":\"https:\\\/\\\/www.encontrapiracicaba.com.br\\\/sobre\\\/empresario-do-setor-automotivo-recebe-o-titulo-de-cidadao-piracicabano\\\/#article\",\"name\":\"Empres\\u00e1rio do setor automotivo recebe o T\\u00edtulo de Cidad\\u00e3o Piracicabano | Encontra Piracicaba\",\"headline\":\"Empres\\u00e1rio do setor automotivo recebe o T\\u00edtulo de Cidad\\u00e3o Piracicabano\",\"author\":{\"@id\":\"https:\\\/\\\/www.encontrapiracicaba.com.br\\\/sobre\\\/author\\\/epiracicaba\\\/#author\"},\"publisher\":{\"@id\":\"https:\\\/\\\/www.encontrapiracicaba.com.br\\\/sobre\\\/#organization\"},\"image\":{\"@type\":\"ImageObject\",\"url\":\"https:\\\/\\\/www.encontrapiracicaba.com.br\\\/sobre\\\/wp-content\\\/uploads\\\/empresario-do-setor-automotivo-recebe-o-titulo-de-cidadao-piracicabano.webp\",\"width\":280,\"height\":280,\"caption\":\"T\\u00edtulo de Cidad\\u00e3o Piracicabano\"},\"datePublished\":\"2026-04-19T11:30:12-03:00\",\"dateModified\":\"2026-04-19T11:30:12-03:00\",\"inLanguage\":\"pt-BR\",\"mainEntityOfPage\":{\"@id\":\"https:\\\/\\\/www.encontrapiracicaba.com.br\\\/sobre\\\/empresario-do-setor-automotivo-recebe-o-titulo-de-cidadao-piracicabano\\\/#webpage\"},\"isPartOf\":{\"@id\":\"https:\\\/\\\/www.encontrapiracicaba.com.br\\\/sobre\\\/empresario-do-setor-automotivo-recebe-o-titulo-de-cidadao-piracicabano\\\/#webpage\"},\"articleSection\":\"Not\\u00edcias Piracicaba\"},{\"@type\":\"BreadcrumbList\",\"@id\":\"https:\\\/\\\/www.encontrapiracicaba.com.br\\\/sobre\\\/empresario-do-setor-automotivo-recebe-o-titulo-de-cidadao-piracicabano\\\/#breadcrumblist\",\"itemListElement\":[{\"@type\":\"ListItem\",\"@id\":\"https:\\\/\\\/www.encontrapiracicaba.com.br\\\/sobre#listItem\",\"position\":1,\"name\":\"In\\u00edcio\",\"item\":\"https:\\\/\\\/www.encontrapiracicaba.com.br\\\/sobre\",\"nextItem\":{\"@type\":\"ListItem\",\"@id\":\"https:\\\/\\\/www.encontrapiracicaba.com.br\\\/sobre\\\/noticias-em-piracicaba\\\/#listItem\",\"name\":\"Not\\u00edcias Piracicaba\"}},{\"@type\":\"ListItem\",\"@id\":\"https:\\\/\\\/www.encontrapiracicaba.com.br\\\/sobre\\\/noticias-em-piracicaba\\\/#listItem\",\"position\":2,\"name\":\"Not\\u00edcias Piracicaba\",\"item\":\"https:\\\/\\\/www.encontrapiracicaba.com.br\\\/sobre\\\/noticias-em-piracicaba\\\/\",\"nextItem\":{\"@type\":\"ListItem\",\"@id\":\"https:\\\/\\\/www.encontrapiracicaba.com.br\\\/sobre\\\/empresario-do-setor-automotivo-recebe-o-titulo-de-cidadao-piracicabano\\\/#listItem\",\"name\":\"Empres\\u00e1rio do setor automotivo recebe o T\\u00edtulo de Cidad\\u00e3o Piracicabano\"},\"previousItem\":{\"@type\":\"ListItem\",\"@id\":\"https:\\\/\\\/www.encontrapiracicaba.com.br\\\/sobre#listItem\",\"name\":\"In\\u00edcio\"}},{\"@type\":\"ListItem\",\"@id\":\"https:\\\/\\\/www.encontrapiracicaba.com.br\\\/sobre\\\/empresario-do-setor-automotivo-recebe-o-titulo-de-cidadao-piracicabano\\\/#listItem\",\"position\":3,\"name\":\"Empres\\u00e1rio do setor automotivo recebe o T\\u00edtulo de Cidad\\u00e3o Piracicabano\",\"previousItem\":{\"@type\":\"ListItem\",\"@id\":\"https:\\\/\\\/www.encontrapiracicaba.com.br\\\/sobre\\\/noticias-em-piracicaba\\\/#listItem\",\"name\":\"Not\\u00edcias Piracicaba\"}}]},{\"@type\":\"Organization\",\"@id\":\"https:\\\/\\\/www.encontrapiracicaba.com.br\\\/sobre\\\/#organization\",\"name\":\"Encontra Piracicaba\",\"description\":\"Not\\u00edcias, eventos, informa\\u00e7\\u00f5es e dicas na cidade de Piracicaba e regi\\u00e3o\",\"url\":\"https:\\\/\\\/www.encontrapiracicaba.com.br\\\/sobre\\\/\"},{\"@type\":\"Person\",\"@id\":\"https:\\\/\\\/www.encontrapiracicaba.com.br\\\/sobre\\\/author\\\/epiracicaba\\\/#author\",\"url\":\"https:\\\/\\\/www.encontrapiracicaba.com.br\\\/sobre\\\/author\\\/epiracicaba\\\/\",\"name\":\"Encontra Piracicaba\",\"image\":{\"@type\":\"ImageObject\",\"@id\":\"https:\\\/\\\/www.encontrapiracicaba.com.br\\\/sobre\\\/empresario-do-setor-automotivo-recebe-o-titulo-de-cidadao-piracicabano\\\/#authorImage\",\"url\":\"https:\\\/\\\/secure.gravatar.com\\\/avatar\\\/507340682b8270222e1f208e23198b6ae7e2c6a1033ae84e99bc6bce4f82a387?s=96&d=mm&r=g\",\"width\":96,\"height\":96,\"caption\":\"Encontra Piracicaba\"}},{\"@type\":\"WebPage\",\"@id\":\"https:\\\/\\\/www.encontrapiracicaba.com.br\\\/sobre\\\/empresario-do-setor-automotivo-recebe-o-titulo-de-cidadao-piracicabano\\\/#webpage\",\"url\":\"https:\\\/\\\/www.encontrapiracicaba.com.br\\\/sobre\\\/empresario-do-setor-automotivo-recebe-o-titulo-de-cidadao-piracicabano\\\/\",\"name\":\"Empres\\u00e1rio do setor automotivo recebe o T\\u00edtulo de Cidad\\u00e3o Piracicabano | Encontra Piracicaba\",\"inLanguage\":\"pt-BR\",\"isPartOf\":{\"@id\":\"https:\\\/\\\/www.encontrapiracicaba.com.br\\\/sobre\\\/#website\"},\"breadcrumb\":{\"@id\":\"https:\\\/\\\/www.encontrapiracicaba.com.br\\\/sobre\\\/empresario-do-setor-automotivo-recebe-o-titulo-de-cidadao-piracicabano\\\/#breadcrumblist\"},\"author\":{\"@id\":\"https:\\\/\\\/www.encontrapiracicaba.com.br\\\/sobre\\\/author\\\/epiracicaba\\\/#author\"},\"creator\":{\"@id\":\"https:\\\/\\\/www.encontrapiracicaba.com.br\\\/sobre\\\/author\\\/epiracicaba\\\/#author\"},\"image\":{\"@type\":\"ImageObject\",\"url\":\"https:\\\/\\\/www.encontrapiracicaba.com.br\\\/sobre\\\/wp-content\\\/uploads\\\/empresario-do-setor-automotivo-recebe-o-titulo-de-cidadao-piracicabano.webp\",\"@id\":\"https:\\\/\\\/www.encontrapiracicaba.com.br\\\/sobre\\\/empresario-do-setor-automotivo-recebe-o-titulo-de-cidadao-piracicabano\\\/#mainImage\",\"width\":280,\"height\":280,\"caption\":\"T\\u00edtulo de Cidad\\u00e3o Piracicabano\"},\"primaryImageOfPage\":{\"@id\":\"https:\\\/\\\/www.encontrapiracicaba.com.br\\\/sobre\\\/empresario-do-setor-automotivo-recebe-o-titulo-de-cidadao-piracicabano\\\/#mainImage\"},\"datePublished\":\"2026-04-19T11:30:12-03:00\",\"dateModified\":\"2026-04-19T11:30:12-03:00\"},{\"@type\":\"WebSite\",\"@id\":\"https:\\\/\\\/www.encontrapiracicaba.com.br\\\/sobre\\\/#website\",\"url\":\"https:\\\/\\\/www.encontrapiracicaba.com.br\\\/sobre\\\/\",\"name\":\"Encontra Piracicaba\",\"description\":\"Not\\u00edcias, eventos, informa\\u00e7\\u00f5es e dicas na cidade de Piracicaba e regi\\u00e3o\",\"inLanguage\":\"pt-BR\",\"publisher\":{\"@id\":\"https:\\\/\\\/www.encontrapiracicaba.com.br\\\/sobre\\\/#organization\"}}]}\n\t\t<\/script>\n\t\t<!-- All in One SEO -->\n\n","aioseo_head_json":{"title":"Empres\u00e1rio do setor automotivo recebe o T\u00edtulo de Cidad\u00e3o Piracicabano | Encontra Piracicaba","description":"","canonical_url":"https:\/\/www.encontrapiracicaba.com.br\/sobre\/empresario-do-setor-automotivo-recebe-o-titulo-de-cidadao-piracicabano\/","robots":"max-image-preview:large","keywords":"","webmasterTools":{"miscellaneous":""},"schema":{"@context":"https:\/\/schema.org","@graph":[{"@type":"Article","@id":"https:\/\/www.encontrapiracicaba.com.br\/sobre\/empresario-do-setor-automotivo-recebe-o-titulo-de-cidadao-piracicabano\/#article","name":"Empres\u00e1rio do setor automotivo recebe o T\u00edtulo de Cidad\u00e3o Piracicabano | Encontra Piracicaba","headline":"Empres\u00e1rio do setor automotivo recebe o T\u00edtulo de Cidad\u00e3o Piracicabano","author":{"@id":"https:\/\/www.encontrapiracicaba.com.br\/sobre\/author\/epiracicaba\/#author"},"publisher":{"@id":"https:\/\/www.encontrapiracicaba.com.br\/sobre\/#organization"},"image":{"@type":"ImageObject","url":"https:\/\/www.encontrapiracicaba.com.br\/sobre\/wp-content\/uploads\/empresario-do-setor-automotivo-recebe-o-titulo-de-cidadao-piracicabano.webp","width":280,"height":280,"caption":"T\u00edtulo de Cidad\u00e3o Piracicabano"},"datePublished":"2026-04-19T11:30:12-03:00","dateModified":"2026-04-19T11:30:12-03:00","inLanguage":"pt-BR","mainEntityOfPage":{"@id":"https:\/\/www.encontrapiracicaba.com.br\/sobre\/empresario-do-setor-automotivo-recebe-o-titulo-de-cidadao-piracicabano\/#webpage"},"isPartOf":{"@id":"https:\/\/www.encontrapiracicaba.com.br\/sobre\/empresario-do-setor-automotivo-recebe-o-titulo-de-cidadao-piracicabano\/#webpage"},"articleSection":"Not\u00edcias Piracicaba"},{"@type":"BreadcrumbList","@id":"https:\/\/www.encontrapiracicaba.com.br\/sobre\/empresario-do-setor-automotivo-recebe-o-titulo-de-cidadao-piracicabano\/#breadcrumblist","itemListElement":[{"@type":"ListItem","@id":"https:\/\/www.encontrapiracicaba.com.br\/sobre#listItem","position":1,"name":"In\u00edcio","item":"https:\/\/www.encontrapiracicaba.com.br\/sobre","nextItem":{"@type":"ListItem","@id":"https:\/\/www.encontrapiracicaba.com.br\/sobre\/noticias-em-piracicaba\/#listItem","name":"Not\u00edcias Piracicaba"}},{"@type":"ListItem","@id":"https:\/\/www.encontrapiracicaba.com.br\/sobre\/noticias-em-piracicaba\/#listItem","position":2,"name":"Not\u00edcias Piracicaba","item":"https:\/\/www.encontrapiracicaba.com.br\/sobre\/noticias-em-piracicaba\/","nextItem":{"@type":"ListItem","@id":"https:\/\/www.encontrapiracicaba.com.br\/sobre\/empresario-do-setor-automotivo-recebe-o-titulo-de-cidadao-piracicabano\/#listItem","name":"Empres\u00e1rio do setor automotivo recebe o T\u00edtulo de Cidad\u00e3o Piracicabano"},"previousItem":{"@type":"ListItem","@id":"https:\/\/www.encontrapiracicaba.com.br\/sobre#listItem","name":"In\u00edcio"}},{"@type":"ListItem","@id":"https:\/\/www.encontrapiracicaba.com.br\/sobre\/empresario-do-setor-automotivo-recebe-o-titulo-de-cidadao-piracicabano\/#listItem","position":3,"name":"Empres\u00e1rio do setor automotivo recebe o T\u00edtulo de Cidad\u00e3o Piracicabano","previousItem":{"@type":"ListItem","@id":"https:\/\/www.encontrapiracicaba.com.br\/sobre\/noticias-em-piracicaba\/#listItem","name":"Not\u00edcias Piracicaba"}}]},{"@type":"Organization","@id":"https:\/\/www.encontrapiracicaba.com.br\/sobre\/#organization","name":"Encontra Piracicaba","description":"Not\u00edcias, eventos, informa\u00e7\u00f5es e dicas na cidade de Piracicaba e regi\u00e3o","url":"https:\/\/www.encontrapiracicaba.com.br\/sobre\/"},{"@type":"Person","@id":"https:\/\/www.encontrapiracicaba.com.br\/sobre\/author\/epiracicaba\/#author","url":"https:\/\/www.encontrapiracicaba.com.br\/sobre\/author\/epiracicaba\/","name":"Encontra Piracicaba","image":{"@type":"ImageObject","@id":"https:\/\/www.encontrapiracicaba.com.br\/sobre\/empresario-do-setor-automotivo-recebe-o-titulo-de-cidadao-piracicabano\/#authorImage","url":"https:\/\/secure.gravatar.com\/avatar\/507340682b8270222e1f208e23198b6ae7e2c6a1033ae84e99bc6bce4f82a387?s=96&d=mm&r=g","width":96,"height":96,"caption":"Encontra Piracicaba"}},{"@type":"WebPage","@id":"https:\/\/www.encontrapiracicaba.com.br\/sobre\/empresario-do-setor-automotivo-recebe-o-titulo-de-cidadao-piracicabano\/#webpage","url":"https:\/\/www.encontrapiracicaba.com.br\/sobre\/empresario-do-setor-automotivo-recebe-o-titulo-de-cidadao-piracicabano\/","name":"Empres\u00e1rio do setor automotivo recebe o T\u00edtulo de Cidad\u00e3o Piracicabano | Encontra Piracicaba","inLanguage":"pt-BR","isPartOf":{"@id":"https:\/\/www.encontrapiracicaba.com.br\/sobre\/#website"},"breadcrumb":{"@id":"https:\/\/www.encontrapiracicaba.com.br\/sobre\/empresario-do-setor-automotivo-recebe-o-titulo-de-cidadao-piracicabano\/#breadcrumblist"},"author":{"@id":"https:\/\/www.encontrapiracicaba.com.br\/sobre\/author\/epiracicaba\/#author"},"creator":{"@id":"https:\/\/www.encontrapiracicaba.com.br\/sobre\/author\/epiracicaba\/#author"},"image":{"@type":"ImageObject","url":"https:\/\/www.encontrapiracicaba.com.br\/sobre\/wp-content\/uploads\/empresario-do-setor-automotivo-recebe-o-titulo-de-cidadao-piracicabano.webp","@id":"https:\/\/www.encontrapiracicaba.com.br\/sobre\/empresario-do-setor-automotivo-recebe-o-titulo-de-cidadao-piracicabano\/#mainImage","width":280,"height":280,"caption":"T\u00edtulo de Cidad\u00e3o Piracicabano"},"primaryImageOfPage":{"@id":"https:\/\/www.encontrapiracicaba.com.br\/sobre\/empresario-do-setor-automotivo-recebe-o-titulo-de-cidadao-piracicabano\/#mainImage"},"datePublished":"2026-04-19T11:30:12-03:00","dateModified":"2026-04-19T11:30:12-03:00"},{"@type":"WebSite","@id":"https:\/\/www.encontrapiracicaba.com.br\/sobre\/#website","url":"https:\/\/www.encontrapiracicaba.com.br\/sobre\/","name":"Encontra Piracicaba","description":"Not\u00edcias, eventos, informa\u00e7\u00f5es e dicas na cidade de Piracicaba e regi\u00e3o","inLanguage":"pt-BR","publisher":{"@id":"https:\/\/www.encontrapiracicaba.com.br\/sobre\/#organization"}}]},"og:locale":"pt_BR","og:site_name":"Encontra Piracicaba | Not\u00edcias, eventos, informa\u00e7\u00f5es e dicas na cidade de Piracicaba e regi\u00e3o","og:type":"article","og:title":"Empres\u00e1rio do setor automotivo recebe o T\u00edtulo de Cidad\u00e3o Piracicabano | Encontra Piracicaba","og:url":"https:\/\/www.encontrapiracicaba.com.br\/sobre\/empresario-do-setor-automotivo-recebe-o-titulo-de-cidadao-piracicabano\/","article:published_time":"2026-04-19T14:30:12+00:00","article:modified_time":"2026-04-19T14:30:12+00:00","twitter:card":"summary","twitter:title":"Empres\u00e1rio do setor automotivo recebe o T\u00edtulo de Cidad\u00e3o Piracicabano | Encontra Piracicaba"},"aioseo_meta_data":{"post_id":"4447","title":null,"description":null,"keywords":null,"keyphrases":null,"primary_term":null,"canonical_url":null,"og_title":null,"og_description":null,"og_object_type":"default","og_image_type":"default","og_image_url":null,"og_image_width":null,"og_image_height":null,"og_image_custom_url":null,"og_image_custom_fields":null,"og_video":null,"og_custom_url":null,"og_article_section":null,"og_article_tags":null,"twitter_use_og":false,"twitter_card":"default","twitter_image_type":"default","twitter_image_url":null,"twitter_image_custom_url":null,"twitter_image_custom_fields":null,"twitter_title":null,"twitter_description":null,"schema":{"blockGraphs":[],"customGraphs":[],"default":{"data":{"Article":[],"Course":[],"Dataset":[],"FAQPage":[],"Movie":[],"Person":[],"Product":[],"ProductReview":[],"Car":[],"Recipe":[],"Service":[],"SoftwareApplication":[],"WebPage":[]},"graphName":"Article","isEnabled":true},"graphs":[]},"schema_type":"default","schema_type_options":null,"pillar_content":false,"robots_default":true,"robots_noindex":false,"robots_noarchive":false,"robots_nosnippet":false,"robots_nofollow":false,"robots_noimageindex":false,"robots_noodp":false,"robots_notranslate":false,"robots_max_snippet":null,"robots_max_videopreview":null,"robots_max_imagepreview":"large","priority":null,"frequency":null,"local_seo":null,"breadcrumb_settings":null,"limit_modified_date":false,"ai":null,"created":"2026-04-19 14:30:17","updated":"2026-04-19 14:37:02","focus_keyword":null,"additional_keywords":null,"truseo_locale":null,"seo_analyzer_scan_date":null},"aioseo_breadcrumb":"<div class=\"aioseo-breadcrumbs\"><span class=\"aioseo-breadcrumb\">\n\t\t\t<a href=\"https:\/\/www.encontrapiracicaba.com.br\/sobre\" title=\"In\u00edcio\">In\u00edcio<\/a>\n\t\t<\/span><span class=\"aioseo-breadcrumb-separator\">&raquo;<\/span><span class=\"aioseo-breadcrumb\">\n\t\t\t<a href=\"https:\/\/www.encontrapiracicaba.com.br\/sobre\/noticias-em-piracicaba\/\" title=\"Not\u00edcias Piracicaba\">Not\u00edcias Piracicaba<\/a>\n\t\t<\/span><span class=\"aioseo-breadcrumb-separator\">&raquo;<\/span><span class=\"aioseo-breadcrumb\">\n\t\t\tEmpres\u00e1rio do setor automotivo recebe o T\u00edtulo de Cidad\u00e3o Piracicabano\n\t\t<\/span><\/div>","aioseo_breadcrumb_json":[{"label":"In\u00edcio","link":"https:\/\/www.encontrapiracicaba.com.br\/sobre"},{"label":"Not\u00edcias Piracicaba","link":"https:\/\/www.encontrapiracicaba.com.br\/sobre\/noticias-em-piracicaba\/"},{"label":"Empres\u00e1rio do setor automotivo recebe o T\u00edtulo de Cidad\u00e3o Piracicabano","link":"https:\/\/www.encontrapiracicaba.com.br\/sobre\/empresario-do-setor-automotivo-recebe-o-titulo-de-cidadao-piracicabano\/"}],"_links":{"self":[{"href":"https:\/\/www.encontrapiracicaba.com.br\/sobre\/wp-json\/wp\/v2\/posts\/4447","targetHints":{"allow":["GET"]}}],"collection":[{"href":"https:\/\/www.encontrapiracicaba.com.br\/sobre\/wp-json\/wp\/v2\/posts"}],"about":[{"href":"https:\/\/www.encontrapiracicaba.com.br\/sobre\/wp-json\/wp\/v2\/types\/post"}],"author":[{"embeddable":true,"href":"https:\/\/www.encontrapiracicaba.com.br\/sobre\/wp-json\/wp\/v2\/users\/1"}],"replies":[{"embeddable":true,"href":"https:\/\/www.encontrapiracicaba.com.br\/sobre\/wp-json\/wp\/v2\/comments?post=4447"}],"version-history":[{"count":0,"href":"https:\/\/www.encontrapiracicaba.com.br\/sobre\/wp-json\/wp\/v2\/posts\/4447\/revisions"}],"wp:featuredmedia":[{"embeddable":true,"href":"https:\/\/www.encontrapiracicaba.com.br\/sobre\/wp-json\/wp\/v2\/media\/4446"}],"wp:attachment":[{"href":"https:\/\/www.encontrapiracicaba.com.br\/sobre\/wp-json\/wp\/v2\/media?parent=4447"}],"wp:term":[{"taxonomy":"category","embeddable":true,"href":"https:\/\/www.encontrapiracicaba.com.br\/sobre\/wp-json\/wp\/v2\/categories?post=4447"},{"taxonomy":"post_tag","embeddable":true,"href":"https:\/\/www.encontrapiracicaba.com.br\/sobre\/wp-json\/wp\/v2\/tags?post=4447"}],"curies":[{"name":"wp","href":"https:\/\/api.w.org\/{rel}","templated":true}]}}