{"id":4451,"date":"2026-04-20T11:43:32","date_gmt":"2026-04-20T14:43:32","guid":{"rendered":"https:\/\/www.encontrapiracicaba.com.br\/sobre\/tiradentes-veja-o-que-abre-e-fecha-em-piracicaba-e-limeira\/"},"modified":"2026-04-20T11:43:32","modified_gmt":"2026-04-20T14:43:32","slug":"tiradentes-veja-o-que-abre-e-fecha-em-piracicaba-e-limeira","status":"publish","type":"post","link":"https:\/\/www.encontrapiracicaba.com.br\/sobre\/tiradentes-veja-o-que-abre-e-fecha-em-piracicaba-e-limeira\/","title":{"rendered":"Tiradentes: veja o que abre e fecha em Piracicaba e Limeira"},"content":{"rendered":"<div class=\"85df007ed5c0c4d4b453fd13a37855e8\" data-index=\"1\" style=\"float: none; margin:0px;\">\n<!-- Anuncio display - global -->\r\n<ins class=\"adsbygoogle\"\r\n     style=\"display:block\"\r\n     data-ad-client=\"ca-pub-8585364105181520\"\r\n     data-ad-slot=\"8789329856\"\r\n     data-ad-format=\"auto\"\r\n     data-full-width-responsive=\"true\"><\/ins>\r\n<script>\r\n     (adsbygoogle = window.adsbygoogle || []).push({});\r\n<\/script>\n<\/div>\n<h2>Funcionamento dos Servi\u00e7os P\u00fablicos em Piracicaba<\/h2>\n<p>No feriado de Tiradentes, as reparti\u00e7\u00f5es p\u00fablicas em <strong>Piracicaba<\/strong> estar\u00e3o com seus hor\u00e1rios de funcionamento alterados. <strong>Na segunda-feira, dia 20<\/strong>, a maior parte dos servi\u00e7os estar\u00e1 dispon\u00edvel, exceto a <strong>C\u00e2mara Municipal<\/strong>, que permanecer\u00e1 fechada. <strong>No entanto, na ter\u00e7a-feira, dia 21<\/strong>, todos os servi\u00e7os p\u00fablicos estar\u00e3o indispon\u00edveis, com a retomada normal prevista apenas para quarta-feira, dia 22.<\/p>\n<h2>Mudan\u00e7as no Com\u00e9rcio Local<\/h2>\n<p>As altera\u00e7\u00f5es nos hor\u00e1rios do com\u00e9rcio seguem a mesma l\u00f3gica dos servi\u00e7os p\u00fablicos. Assim, em <strong>Piracicaba<\/strong>, o com\u00e9rcio de rua e os corredores comerciais funcionar\u00e3o normalmente na segunda-feira, abrindo na ter\u00e7a-feira apenas entre **9h e 16h**. Os shoppings tamb\u00e9m abrir\u00e3o, mas com hor\u00e1rios reduzidos, das **14h \u00e0s 20h** para as lojas, enquanto a pra\u00e7a de alimenta\u00e7\u00e3o estar\u00e1 dispon\u00edvel das **11h \u00e0s 22h**.<\/p>\n<h2>Hor\u00e1rios do Transporte P\u00fablico<\/h2>\n<p>Durante o feriado, o transporte p\u00fablico de <strong>Piracicaba<\/strong> seguir\u00e1 um cronograma adaptado. No dia 21, os \u00f4nibus operar\u00e3o conforme os hor\u00e1rios habituais de domingo. Entretanto, as linhas 505 (Uninorte) e 507 (Parque Automotivo) manter\u00e3o os hor\u00e1rios dos dias \u00fateis para atender a demanda de trabalhadores. A unidade <strong>Piramobilidade<\/strong> estar\u00e1 fechada na ter\u00e7a-feira.<\/p>\n<p><img decoding=\"async\" src=\"https:\/\/www.encontrapiracicaba.com.br\/sobre\/wp-content\/uploads\/tiradentes-veja-o-que-abre-e-fecha-em-piracicaba-e-limeira.webp\" alt=\"Tiradentes\" loading=\"lazy\" \/><\/p>\n<h2>Servi\u00e7os de Sa\u00fade Durante o Feriado<\/h2>\n<p>Os servi\u00e7os de sa\u00fade em <strong>Piracicaba<\/strong> funcionam de maneira distinta durante o feriado. Todos os servi\u00e7os de emerg\u00eancia, incluindo o <strong>COT<\/strong> (Central de Ortopedia e Traumatologia) e as UPAs (Unidades de Pronto Atendimento), estar\u00e3o dispon\u00edveis 24 horas. Contudo, as <strong>Unidades de Sa\u00fade da Fam\u00edlia (USFs)<\/strong> e UBSs (Unidades B\u00e1sicas de Sa\u00fade) estar\u00e3o fechadas na ter\u00e7a-feira.<\/p>\n<h2>Altera\u00e7\u00f5es nas Atividades Culturais<\/h2>\n<p>O setor cultural tamb\u00e9m ser\u00e1 afetado pelo feriado. Algumas atividades em <strong>Piracicaba<\/strong> estar\u00e3o dispon\u00edveis durante a segunda-feira, mas diversas institui\u00e7\u00f5es, como teatros e a <strong>Pinacoteca Municipal<\/strong>, estar\u00e3o fechadas na ter\u00e7a-feira. O Museu Prudente de Moraes funcionar\u00e1 apenas na quarta, com hor\u00e1rios reduzidos.<\/p>\n<h2>Funcionamento da Assist\u00eancia Social<\/h2>\n<p>As unidades referentes \u00e0 assist\u00eancia social em <strong>Piracicaba<\/strong> n\u00e3o estar\u00e3o operando no feriado. O Centro de Refer\u00eancia de Assist\u00eancia Social e outras unidades relevantes permanecer\u00e3o fechadas durante os dias 20 e 21.<\/p>\n<h2>O que fazer em Limeira Durante o Feriado<\/h2>\n<p>Em <strong>Limeira<\/strong>, as mudan\u00e7as ser\u00e3o um pouco mais amplas. No dia 20, que \u00e9 considerado ponto facultativo, muitos servi\u00e7os n\u00e3o estar\u00e3o dispon\u00edveis. Apenas as UPAs e o <strong>Centro de Sa\u00fade da Crian\u00e7a<\/strong> funcionar\u00e3o normalmente durante o feriado. O com\u00e9rcio estar\u00e1 aberto na ter\u00e7a-feira, por\u00e9m, a maioria das reparti\u00e7\u00f5es p\u00fablicas estar\u00e1 fechada.<\/p>\n<h2>Hor\u00e1rios Especiais de Lazer e Turismo<\/h2>\n<p>As op\u00e7\u00f5es de lazer e turismo em <strong>Piracicaba<\/strong> e Limeira tamb\u00e9m estar\u00e3o limitadas. No feriado, algumas atra\u00e7\u00f5es tur\u00edsticas, como o <strong>Elevador Tur\u00edstico Alto do Mirante<\/strong> e os passeios de barco, seguir\u00e3o hor\u00e1rios reduzidos. Enquanto isso, outros locais importantes, como o <strong>Teatro Municipal Doutor Losso Netto<\/strong> e a <strong>Biblioteca P\u00fablica Municipal Ricardo Ferraz de Arruda Pinto<\/strong>, estar\u00e3o fechados na ter\u00e7a-feira.<\/p>\n<h2>Regras para a Coleta de Lixo<\/h2>\n<p>Apesar das altera\u00e7\u00f5es nos hor\u00e1rios de funcionamento, a coleta de lixo domiciliar em <strong>Piracicaba<\/strong> e <strong>Limeira<\/strong> seguir\u00e1 seu cronograma normal. A popula\u00e7\u00e3o deve ficar atenta \u00e0s orienta\u00e7\u00f5es sobre a separa\u00e7\u00e3o de res\u00edduos e demais informa\u00e7\u00f5es fornecidas pelas prefeituras para garantir um servi\u00e7o eficaz durante o feriado.<\/p>\n<h2>Informa\u00e7\u00f5es Importantes para a Popula\u00e7\u00e3o<\/h2>\n<p>Os cidad\u00e3os de <strong>Piracicaba<\/strong> e <strong>Limeira<\/strong> devem estar cientes dessas altera\u00e7\u00f5es para planejar suas atividades no feriado, garantindo acesso aos servi\u00e7os essenciais e poss\u00edveis op\u00e7\u00f5es de lazer. \u00c9 recomend\u00e1vel verificar os sites oficiais das cidades para atualiza\u00e7\u00f5es e informa\u00e7\u00f5es adicionais sobre hor\u00e1rios especiais.<\/p>\n\n<div style=\"font-size: 0px; height: 0px; line-height: 0px; margin: 0; padding: 0; clear: both;\"><\/div>","protected":false},"excerpt":{"rendered":"<p>Descubra o que abre e fecha durante o feriado de Tiradentes em Piracicaba e Limeira.<\/p>\n","protected":false},"author":1,"featured_media":4450,"comment_status":"closed","ping_status":"closed","sticky":false,"template":"","format":"standard","meta":{"footnotes":""},"categories":[6],"tags":[],"class_list":["post-4451","post","type-post","status-publish","format-standard","has-post-thumbnail","hentry","category-noticias-em-piracicaba","has_thumb"],"aioseo_notices":[],"aioseo_head":"\n\t\t<!-- All in One SEO 5.0.0.1 - aioseo.com -->\n\t<meta name=\"robots\" content=\"max-image-preview:large\" \/>\n\t<meta name=\"author\" content=\"Encontra Piracicaba\"\/>\n\t<link rel=\"canonical\" href=\"https:\/\/www.encontrapiracicaba.com.br\/sobre\/tiradentes-veja-o-que-abre-e-fecha-em-piracicaba-e-limeira\/\" \/>\n\t<meta name=\"generator\" content=\"All in One SEO (AIOSEO) 5.0.0.1\" \/>\n\t\t<meta property=\"og:locale\" content=\"pt_BR\" \/>\n\t\t<meta property=\"og:site_name\" content=\"Encontra Piracicaba | Not\u00edcias, eventos, informa\u00e7\u00f5es e dicas na cidade de Piracicaba e regi\u00e3o\" \/>\n\t\t<meta property=\"og:type\" content=\"article\" \/>\n\t\t<meta property=\"og:title\" content=\"Tiradentes: veja o que abre e fecha em Piracicaba e Limeira | Encontra Piracicaba\" \/>\n\t\t<meta property=\"og:url\" content=\"https:\/\/www.encontrapiracicaba.com.br\/sobre\/tiradentes-veja-o-que-abre-e-fecha-em-piracicaba-e-limeira\/\" \/>\n\t\t<meta property=\"article:published_time\" content=\"2026-04-20T14:43:32+00:00\" \/>\n\t\t<meta property=\"article:modified_time\" content=\"2026-04-20T14:43:32+00:00\" \/>\n\t\t<meta name=\"twitter:card\" content=\"summary\" \/>\n\t\t<meta name=\"twitter:title\" content=\"Tiradentes: veja o que abre e fecha em Piracicaba e Limeira | Encontra Piracicaba\" \/>\n\t\t<script type=\"application\/ld+json\" class=\"aioseo-schema\">\n\t\t\t{\"@context\":\"https:\\\/\\\/schema.org\",\"@graph\":[{\"@type\":\"Article\",\"@id\":\"https:\\\/\\\/www.encontrapiracicaba.com.br\\\/sobre\\\/tiradentes-veja-o-que-abre-e-fecha-em-piracicaba-e-limeira\\\/#article\",\"name\":\"Tiradentes: veja o que abre e fecha em Piracicaba e Limeira | Encontra Piracicaba\",\"headline\":\"Tiradentes: veja o que abre e fecha em Piracicaba e Limeira\",\"author\":{\"@id\":\"https:\\\/\\\/www.encontrapiracicaba.com.br\\\/sobre\\\/author\\\/epiracicaba\\\/#author\"},\"publisher\":{\"@id\":\"https:\\\/\\\/www.encontrapiracicaba.com.br\\\/sobre\\\/#organization\"},\"image\":{\"@type\":\"ImageObject\",\"url\":\"https:\\\/\\\/www.encontrapiracicaba.com.br\\\/sobre\\\/wp-content\\\/uploads\\\/tiradentes-veja-o-que-abre-e-fecha-em-piracicaba-e-limeira.webp\",\"width\":280,\"height\":280,\"caption\":\"Tiradentes\"},\"datePublished\":\"2026-04-20T11:43:32-03:00\",\"dateModified\":\"2026-04-20T11:43:32-03:00\",\"inLanguage\":\"pt-BR\",\"mainEntityOfPage\":{\"@id\":\"https:\\\/\\\/www.encontrapiracicaba.com.br\\\/sobre\\\/tiradentes-veja-o-que-abre-e-fecha-em-piracicaba-e-limeira\\\/#webpage\"},\"isPartOf\":{\"@id\":\"https:\\\/\\\/www.encontrapiracicaba.com.br\\\/sobre\\\/tiradentes-veja-o-que-abre-e-fecha-em-piracicaba-e-limeira\\\/#webpage\"},\"articleSection\":\"Not\\u00edcias Piracicaba\"},{\"@type\":\"BreadcrumbList\",\"@id\":\"https:\\\/\\\/www.encontrapiracicaba.com.br\\\/sobre\\\/tiradentes-veja-o-que-abre-e-fecha-em-piracicaba-e-limeira\\\/#breadcrumblist\",\"itemListElement\":[{\"@type\":\"ListItem\",\"@id\":\"https:\\\/\\\/www.encontrapiracicaba.com.br\\\/sobre#listItem\",\"position\":1,\"name\":\"In\\u00edcio\",\"item\":\"https:\\\/\\\/www.encontrapiracicaba.com.br\\\/sobre\",\"nextItem\":{\"@type\":\"ListItem\",\"@id\":\"https:\\\/\\\/www.encontrapiracicaba.com.br\\\/sobre\\\/noticias-em-piracicaba\\\/#listItem\",\"name\":\"Not\\u00edcias Piracicaba\"}},{\"@type\":\"ListItem\",\"@id\":\"https:\\\/\\\/www.encontrapiracicaba.com.br\\\/sobre\\\/noticias-em-piracicaba\\\/#listItem\",\"position\":2,\"name\":\"Not\\u00edcias Piracicaba\",\"item\":\"https:\\\/\\\/www.encontrapiracicaba.com.br\\\/sobre\\\/noticias-em-piracicaba\\\/\",\"nextItem\":{\"@type\":\"ListItem\",\"@id\":\"https:\\\/\\\/www.encontrapiracicaba.com.br\\\/sobre\\\/tiradentes-veja-o-que-abre-e-fecha-em-piracicaba-e-limeira\\\/#listItem\",\"name\":\"Tiradentes: veja o que abre e fecha em Piracicaba e Limeira\"},\"previousItem\":{\"@type\":\"ListItem\",\"@id\":\"https:\\\/\\\/www.encontrapiracicaba.com.br\\\/sobre#listItem\",\"name\":\"In\\u00edcio\"}},{\"@type\":\"ListItem\",\"@id\":\"https:\\\/\\\/www.encontrapiracicaba.com.br\\\/sobre\\\/tiradentes-veja-o-que-abre-e-fecha-em-piracicaba-e-limeira\\\/#listItem\",\"position\":3,\"name\":\"Tiradentes: veja o que abre e fecha em Piracicaba e Limeira\",\"previousItem\":{\"@type\":\"ListItem\",\"@id\":\"https:\\\/\\\/www.encontrapiracicaba.com.br\\\/sobre\\\/noticias-em-piracicaba\\\/#listItem\",\"name\":\"Not\\u00edcias Piracicaba\"}}]},{\"@type\":\"Organization\",\"@id\":\"https:\\\/\\\/www.encontrapiracicaba.com.br\\\/sobre\\\/#organization\",\"name\":\"Encontra Piracicaba\",\"description\":\"Not\\u00edcias, eventos, informa\\u00e7\\u00f5es e dicas na cidade de Piracicaba e regi\\u00e3o\",\"url\":\"https:\\\/\\\/www.encontrapiracicaba.com.br\\\/sobre\\\/\"},{\"@type\":\"Person\",\"@id\":\"https:\\\/\\\/www.encontrapiracicaba.com.br\\\/sobre\\\/author\\\/epiracicaba\\\/#author\",\"url\":\"https:\\\/\\\/www.encontrapiracicaba.com.br\\\/sobre\\\/author\\\/epiracicaba\\\/\",\"name\":\"Encontra Piracicaba\",\"image\":{\"@type\":\"ImageObject\",\"@id\":\"https:\\\/\\\/www.encontrapiracicaba.com.br\\\/sobre\\\/tiradentes-veja-o-que-abre-e-fecha-em-piracicaba-e-limeira\\\/#authorImage\",\"url\":\"https:\\\/\\\/secure.gravatar.com\\\/avatar\\\/507340682b8270222e1f208e23198b6ae7e2c6a1033ae84e99bc6bce4f82a387?s=96&d=mm&r=g\",\"width\":96,\"height\":96,\"caption\":\"Encontra Piracicaba\"}},{\"@type\":\"WebPage\",\"@id\":\"https:\\\/\\\/www.encontrapiracicaba.com.br\\\/sobre\\\/tiradentes-veja-o-que-abre-e-fecha-em-piracicaba-e-limeira\\\/#webpage\",\"url\":\"https:\\\/\\\/www.encontrapiracicaba.com.br\\\/sobre\\\/tiradentes-veja-o-que-abre-e-fecha-em-piracicaba-e-limeira\\\/\",\"name\":\"Tiradentes: veja o que abre e fecha em Piracicaba e Limeira | Encontra Piracicaba\",\"inLanguage\":\"pt-BR\",\"isPartOf\":{\"@id\":\"https:\\\/\\\/www.encontrapiracicaba.com.br\\\/sobre\\\/#website\"},\"breadcrumb\":{\"@id\":\"https:\\\/\\\/www.encontrapiracicaba.com.br\\\/sobre\\\/tiradentes-veja-o-que-abre-e-fecha-em-piracicaba-e-limeira\\\/#breadcrumblist\"},\"author\":{\"@id\":\"https:\\\/\\\/www.encontrapiracicaba.com.br\\\/sobre\\\/author\\\/epiracicaba\\\/#author\"},\"creator\":{\"@id\":\"https:\\\/\\\/www.encontrapiracicaba.com.br\\\/sobre\\\/author\\\/epiracicaba\\\/#author\"},\"image\":{\"@type\":\"ImageObject\",\"url\":\"https:\\\/\\\/www.encontrapiracicaba.com.br\\\/sobre\\\/wp-content\\\/uploads\\\/tiradentes-veja-o-que-abre-e-fecha-em-piracicaba-e-limeira.webp\",\"@id\":\"https:\\\/\\\/www.encontrapiracicaba.com.br\\\/sobre\\\/tiradentes-veja-o-que-abre-e-fecha-em-piracicaba-e-limeira\\\/#mainImage\",\"width\":280,\"height\":280,\"caption\":\"Tiradentes\"},\"primaryImageOfPage\":{\"@id\":\"https:\\\/\\\/www.encontrapiracicaba.com.br\\\/sobre\\\/tiradentes-veja-o-que-abre-e-fecha-em-piracicaba-e-limeira\\\/#mainImage\"},\"datePublished\":\"2026-04-20T11:43:32-03:00\",\"dateModified\":\"2026-04-20T11:43:32-03:00\"},{\"@type\":\"WebSite\",\"@id\":\"https:\\\/\\\/www.encontrapiracicaba.com.br\\\/sobre\\\/#website\",\"url\":\"https:\\\/\\\/www.encontrapiracicaba.com.br\\\/sobre\\\/\",\"name\":\"Encontra Piracicaba\",\"description\":\"Not\\u00edcias, eventos, informa\\u00e7\\u00f5es e dicas na cidade de Piracicaba e regi\\u00e3o\",\"inLanguage\":\"pt-BR\",\"publisher\":{\"@id\":\"https:\\\/\\\/www.encontrapiracicaba.com.br\\\/sobre\\\/#organization\"}}]}\n\t\t<\/script>\n\t\t<!-- All in One SEO -->\n\n","aioseo_head_json":{"title":"Tiradentes: veja o que abre e fecha em Piracicaba e Limeira | Encontra Piracicaba","description":"","canonical_url":"https:\/\/www.encontrapiracicaba.com.br\/sobre\/tiradentes-veja-o-que-abre-e-fecha-em-piracicaba-e-limeira\/","robots":"max-image-preview:large","keywords":"","webmasterTools":{"miscellaneous":""},"schema":{"@context":"https:\/\/schema.org","@graph":[{"@type":"Article","@id":"https:\/\/www.encontrapiracicaba.com.br\/sobre\/tiradentes-veja-o-que-abre-e-fecha-em-piracicaba-e-limeira\/#article","name":"Tiradentes: veja o que abre e fecha em Piracicaba e Limeira | Encontra Piracicaba","headline":"Tiradentes: veja o que abre e fecha em Piracicaba e Limeira","author":{"@id":"https:\/\/www.encontrapiracicaba.com.br\/sobre\/author\/epiracicaba\/#author"},"publisher":{"@id":"https:\/\/www.encontrapiracicaba.com.br\/sobre\/#organization"},"image":{"@type":"ImageObject","url":"https:\/\/www.encontrapiracicaba.com.br\/sobre\/wp-content\/uploads\/tiradentes-veja-o-que-abre-e-fecha-em-piracicaba-e-limeira.webp","width":280,"height":280,"caption":"Tiradentes"},"datePublished":"2026-04-20T11:43:32-03:00","dateModified":"2026-04-20T11:43:32-03:00","inLanguage":"pt-BR","mainEntityOfPage":{"@id":"https:\/\/www.encontrapiracicaba.com.br\/sobre\/tiradentes-veja-o-que-abre-e-fecha-em-piracicaba-e-limeira\/#webpage"},"isPartOf":{"@id":"https:\/\/www.encontrapiracicaba.com.br\/sobre\/tiradentes-veja-o-que-abre-e-fecha-em-piracicaba-e-limeira\/#webpage"},"articleSection":"Not\u00edcias Piracicaba"},{"@type":"BreadcrumbList","@id":"https:\/\/www.encontrapiracicaba.com.br\/sobre\/tiradentes-veja-o-que-abre-e-fecha-em-piracicaba-e-limeira\/#breadcrumblist","itemListElement":[{"@type":"ListItem","@id":"https:\/\/www.encontrapiracicaba.com.br\/sobre#listItem","position":1,"name":"In\u00edcio","item":"https:\/\/www.encontrapiracicaba.com.br\/sobre","nextItem":{"@type":"ListItem","@id":"https:\/\/www.encontrapiracicaba.com.br\/sobre\/noticias-em-piracicaba\/#listItem","name":"Not\u00edcias Piracicaba"}},{"@type":"ListItem","@id":"https:\/\/www.encontrapiracicaba.com.br\/sobre\/noticias-em-piracicaba\/#listItem","position":2,"name":"Not\u00edcias Piracicaba","item":"https:\/\/www.encontrapiracicaba.com.br\/sobre\/noticias-em-piracicaba\/","nextItem":{"@type":"ListItem","@id":"https:\/\/www.encontrapiracicaba.com.br\/sobre\/tiradentes-veja-o-que-abre-e-fecha-em-piracicaba-e-limeira\/#listItem","name":"Tiradentes: veja o que abre e fecha em Piracicaba e Limeira"},"previousItem":{"@type":"ListItem","@id":"https:\/\/www.encontrapiracicaba.com.br\/sobre#listItem","name":"In\u00edcio"}},{"@type":"ListItem","@id":"https:\/\/www.encontrapiracicaba.com.br\/sobre\/tiradentes-veja-o-que-abre-e-fecha-em-piracicaba-e-limeira\/#listItem","position":3,"name":"Tiradentes: veja o que abre e fecha em Piracicaba e Limeira","previousItem":{"@type":"ListItem","@id":"https:\/\/www.encontrapiracicaba.com.br\/sobre\/noticias-em-piracicaba\/#listItem","name":"Not\u00edcias Piracicaba"}}]},{"@type":"Organization","@id":"https:\/\/www.encontrapiracicaba.com.br\/sobre\/#organization","name":"Encontra Piracicaba","description":"Not\u00edcias, eventos, informa\u00e7\u00f5es e dicas na cidade de Piracicaba e regi\u00e3o","url":"https:\/\/www.encontrapiracicaba.com.br\/sobre\/"},{"@type":"Person","@id":"https:\/\/www.encontrapiracicaba.com.br\/sobre\/author\/epiracicaba\/#author","url":"https:\/\/www.encontrapiracicaba.com.br\/sobre\/author\/epiracicaba\/","name":"Encontra Piracicaba","image":{"@type":"ImageObject","@id":"https:\/\/www.encontrapiracicaba.com.br\/sobre\/tiradentes-veja-o-que-abre-e-fecha-em-piracicaba-e-limeira\/#authorImage","url":"https:\/\/secure.gravatar.com\/avatar\/507340682b8270222e1f208e23198b6ae7e2c6a1033ae84e99bc6bce4f82a387?s=96&d=mm&r=g","width":96,"height":96,"caption":"Encontra Piracicaba"}},{"@type":"WebPage","@id":"https:\/\/www.encontrapiracicaba.com.br\/sobre\/tiradentes-veja-o-que-abre-e-fecha-em-piracicaba-e-limeira\/#webpage","url":"https:\/\/www.encontrapiracicaba.com.br\/sobre\/tiradentes-veja-o-que-abre-e-fecha-em-piracicaba-e-limeira\/","name":"Tiradentes: veja o que abre e fecha em Piracicaba e Limeira | Encontra Piracicaba","inLanguage":"pt-BR","isPartOf":{"@id":"https:\/\/www.encontrapiracicaba.com.br\/sobre\/#website"},"breadcrumb":{"@id":"https:\/\/www.encontrapiracicaba.com.br\/sobre\/tiradentes-veja-o-que-abre-e-fecha-em-piracicaba-e-limeira\/#breadcrumblist"},"author":{"@id":"https:\/\/www.encontrapiracicaba.com.br\/sobre\/author\/epiracicaba\/#author"},"creator":{"@id":"https:\/\/www.encontrapiracicaba.com.br\/sobre\/author\/epiracicaba\/#author"},"image":{"@type":"ImageObject","url":"https:\/\/www.encontrapiracicaba.com.br\/sobre\/wp-content\/uploads\/tiradentes-veja-o-que-abre-e-fecha-em-piracicaba-e-limeira.webp","@id":"https:\/\/www.encontrapiracicaba.com.br\/sobre\/tiradentes-veja-o-que-abre-e-fecha-em-piracicaba-e-limeira\/#mainImage","width":280,"height":280,"caption":"Tiradentes"},"primaryImageOfPage":{"@id":"https:\/\/www.encontrapiracicaba.com.br\/sobre\/tiradentes-veja-o-que-abre-e-fecha-em-piracicaba-e-limeira\/#mainImage"},"datePublished":"2026-04-20T11:43:32-03:00","dateModified":"2026-04-20T11:43:32-03:00"},{"@type":"WebSite","@id":"https:\/\/www.encontrapiracicaba.com.br\/sobre\/#website","url":"https:\/\/www.encontrapiracicaba.com.br\/sobre\/","name":"Encontra Piracicaba","description":"Not\u00edcias, eventos, informa\u00e7\u00f5es e dicas na cidade de Piracicaba e regi\u00e3o","inLanguage":"pt-BR","publisher":{"@id":"https:\/\/www.encontrapiracicaba.com.br\/sobre\/#organization"}}]},"og:locale":"pt_BR","og:site_name":"Encontra Piracicaba | Not\u00edcias, eventos, informa\u00e7\u00f5es e dicas na cidade de Piracicaba e regi\u00e3o","og:type":"article","og:title":"Tiradentes: veja o que abre e fecha em Piracicaba e Limeira | Encontra Piracicaba","og:url":"https:\/\/www.encontrapiracicaba.com.br\/sobre\/tiradentes-veja-o-que-abre-e-fecha-em-piracicaba-e-limeira\/","article:published_time":"2026-04-20T14:43:32+00:00","article:modified_time":"2026-04-20T14:43:32+00:00","twitter:card":"summary","twitter:title":"Tiradentes: veja o que abre e fecha em Piracicaba e Limeira | Encontra Piracicaba"},"aioseo_meta_data":{"post_id":"4451","title":null,"description":null,"keywords":null,"keyphrases":null,"primary_term":null,"canonical_url":null,"og_title":null,"og_description":null,"og_object_type":"default","og_image_type":"default","og_image_url":null,"og_image_width":null,"og_image_height":null,"og_image_custom_url":null,"og_image_custom_fields":null,"og_video":null,"og_custom_url":null,"og_article_section":null,"og_article_tags":null,"twitter_use_og":false,"twitter_card":"default","twitter_image_type":"default","twitter_image_url":null,"twitter_image_custom_url":null,"twitter_image_custom_fields":null,"twitter_title":null,"twitter_description":null,"schema":{"blockGraphs":[],"customGraphs":[],"default":{"data":{"Article":[],"Course":[],"Dataset":[],"FAQPage":[],"Movie":[],"Person":[],"Product":[],"ProductReview":[],"Car":[],"Recipe":[],"Service":[],"SoftwareApplication":[],"WebPage":[]},"graphName":"Article","isEnabled":true},"graphs":[]},"schema_type":"default","schema_type_options":null,"pillar_content":false,"robots_default":true,"robots_noindex":false,"robots_noarchive":false,"robots_nosnippet":false,"robots_nofollow":false,"robots_noimageindex":false,"robots_noodp":false,"robots_notranslate":false,"robots_max_snippet":null,"robots_max_videopreview":null,"robots_max_imagepreview":"large","priority":null,"frequency":null,"local_seo":null,"breadcrumb_settings":null,"limit_modified_date":false,"ai":null,"created":"2026-04-20 14:43:37","updated":"2026-04-20 14:58:13","focus_keyword":null,"additional_keywords":null,"truseo_locale":null,"seo_analyzer_scan_date":null},"aioseo_breadcrumb":"<div class=\"aioseo-breadcrumbs\"><span class=\"aioseo-breadcrumb\">\n\t\t\t<a href=\"https:\/\/www.encontrapiracicaba.com.br\/sobre\" title=\"In\u00edcio\">In\u00edcio<\/a>\n\t\t<\/span><span class=\"aioseo-breadcrumb-separator\">&raquo;<\/span><span class=\"aioseo-breadcrumb\">\n\t\t\t<a href=\"https:\/\/www.encontrapiracicaba.com.br\/sobre\/noticias-em-piracicaba\/\" title=\"Not\u00edcias Piracicaba\">Not\u00edcias Piracicaba<\/a>\n\t\t<\/span><span class=\"aioseo-breadcrumb-separator\">&raquo;<\/span><span class=\"aioseo-breadcrumb\">\n\t\t\tTiradentes: veja o que abre e fecha em Piracicaba e Limeira\n\t\t<\/span><\/div>","aioseo_breadcrumb_json":[{"label":"In\u00edcio","link":"https:\/\/www.encontrapiracicaba.com.br\/sobre"},{"label":"Not\u00edcias Piracicaba","link":"https:\/\/www.encontrapiracicaba.com.br\/sobre\/noticias-em-piracicaba\/"},{"label":"Tiradentes: veja o que abre e fecha em Piracicaba e Limeira","link":"https:\/\/www.encontrapiracicaba.com.br\/sobre\/tiradentes-veja-o-que-abre-e-fecha-em-piracicaba-e-limeira\/"}],"_links":{"self":[{"href":"https:\/\/www.encontrapiracicaba.com.br\/sobre\/wp-json\/wp\/v2\/posts\/4451","targetHints":{"allow":["GET"]}}],"collection":[{"href":"https:\/\/www.encontrapiracicaba.com.br\/sobre\/wp-json\/wp\/v2\/posts"}],"about":[{"href":"https:\/\/www.encontrapiracicaba.com.br\/sobre\/wp-json\/wp\/v2\/types\/post"}],"author":[{"embeddable":true,"href":"https:\/\/www.encontrapiracicaba.com.br\/sobre\/wp-json\/wp\/v2\/users\/1"}],"replies":[{"embeddable":true,"href":"https:\/\/www.encontrapiracicaba.com.br\/sobre\/wp-json\/wp\/v2\/comments?post=4451"}],"version-history":[{"count":0,"href":"https:\/\/www.encontrapiracicaba.com.br\/sobre\/wp-json\/wp\/v2\/posts\/4451\/revisions"}],"wp:featuredmedia":[{"embeddable":true,"href":"https:\/\/www.encontrapiracicaba.com.br\/sobre\/wp-json\/wp\/v2\/media\/4450"}],"wp:attachment":[{"href":"https:\/\/www.encontrapiracicaba.com.br\/sobre\/wp-json\/wp\/v2\/media?parent=4451"}],"wp:term":[{"taxonomy":"category","embeddable":true,"href":"https:\/\/www.encontrapiracicaba.com.br\/sobre\/wp-json\/wp\/v2\/categories?post=4451"},{"taxonomy":"post_tag","embeddable":true,"href":"https:\/\/www.encontrapiracicaba.com.br\/sobre\/wp-json\/wp\/v2\/tags?post=4451"}],"curies":[{"name":"wp","href":"https:\/\/api.w.org\/{rel}","templated":true}]}}