{"id":4473,"date":"2026-04-25T11:46:08","date_gmt":"2026-04-25T14:46:08","guid":{"rendered":"https:\/\/www.encontrapiracicaba.com.br\/sobre\/camara-exalta-legado-de-especialista-em-programas-de-gestao-da-qualidade\/"},"modified":"2026-04-25T11:46:08","modified_gmt":"2026-04-25T14:46:08","slug":"camara-exalta-legado-de-especialista-em-programas-de-gestao-da-qualidade","status":"publish","type":"post","link":"https:\/\/www.encontrapiracicaba.com.br\/sobre\/camara-exalta-legado-de-especialista-em-programas-de-gestao-da-qualidade\/","title":{"rendered":"C\u00e2mara exalta legado de especialista em programas de gest\u00e3o da qualidade"},"content":{"rendered":"<div class=\"85df007ed5c0c4d4b453fd13a37855e8\" data-index=\"1\" style=\"float: none; margin:0px;\">\n<!-- Anuncio display - global -->\r\n<ins class=\"adsbygoogle\"\r\n     style=\"display:block\"\r\n     data-ad-client=\"ca-pub-8585364105181520\"\r\n     data-ad-slot=\"8789329856\"\r\n     data-ad-format=\"auto\"\r\n     data-full-width-responsive=\"true\"><\/ins>\r\n<script>\r\n     (adsbygoogle = window.adsbygoogle || []).push({});\r\n<\/script>\n<\/div>\n<h2>Ophir Figueiredo: Um Vanguardista na Educa\u00e7\u00e3o<\/h2>\n<p>Ophir Figueiredo J\u00fanior, um \u00edcone da educa\u00e7\u00e3o em Piracicaba, tem se destacado pela sua dedica\u00e7\u00e3o e impacto significativo no setor educacional, especialmente atrav\u00e9s do Senai Piracicaba. Suas contribui\u00e7\u00f5es se estendem por mais de quatro d\u00e9cadas, durante as quais abra\u00e7ou a transforma\u00e7\u00e3o de vidas atrav\u00e9s do ensino e do desenvolvimento de programas de gest\u00e3o da qualidade. O seu legado \u00e9 uma fonte de inspira\u00e7\u00e3o para muitos educadores e alunos, refletindo seu compromisso com a forma\u00e7\u00e3o t\u00e9cnica e profissional.<\/p>\n<h2>Reconhecimento da C\u00e2mara Municipal<\/h2>\n<p>No dia 23 de abril de 2026, a C\u00e2mara Municipal de Piracicaba, em uma cerim\u00f4nia solene, prestou homenagens a Ophir Figueiredo J\u00fanior. O vereador Pedro Kawai (PSDB) liderou a concess\u00e3o de votos de congratula\u00e7\u00f5es pelo trabalho realizado na dire\u00e7\u00e3o do Senai. Este reconhecimento n\u00e3o apenas destaca a import\u00e2ncia de sua carreira, mas tamb\u00e9m a relev\u00e2ncia da educa\u00e7\u00e3o t\u00e9cnica na forma\u00e7\u00e3o de profissionais qualificados, que s\u00e3o essenciais para o desenvolvimento econ\u00f4mico e social da cidade.<\/p>\n<h2>A Import\u00e2ncia da Gest\u00e3o da Qualidade<\/h2>\n<p>A gest\u00e3o da qualidade \u00e9 um pilar fundamental em qualquer institui\u00e7\u00e3o educacional e empresarial. Ophir, sendo especialista na \u00e1rea, sempre enfatizou a import\u00e2ncia de atender aos padr\u00f5es de qualidade que garantem um ensino eficaz e relevantes resultados para os estudantes. Programas bem estruturados de gest\u00e3o da qualidade n\u00e3o apenas melhoram a efici\u00eancia, mas tamb\u00e9m elevam o padr\u00e3o de ensino, possibilitando que os alunos adquiram habilidades pr\u00e1ticas e conhecimento te\u00f3rico de forma integrada.<\/p>\n<p><img decoding=\"async\" src=\"https:\/\/www.encontrapiracicaba.com.br\/sobre\/wp-content\/uploads\/camara-exalta-legado-de-especialista-em-programas-de-gestao-da-qualidade.webp\" alt=\"gest\u00e3o da qualidade\" loading=\"lazy\" \/><\/p>\n<h2>Contribui\u00e7\u00f5es de Ophir para o Senai Piracicaba<\/h2>\n<p>Durante sua trajet\u00f3ria no Senai Piracicaba, Ophir atuou como docente e coordenador t\u00e9cnico, desempenhando um papel vital na forma\u00e7\u00e3o de alunos em \u00e1reas como Hidr\u00e1ulica, Pneum\u00e1tica e Metrologia. Ele foi respons\u00e1vel por iniciativas que ampliaram o alcance da educa\u00e7\u00e3o t\u00e9cnica, implementando programas que responderam \u00e0s necessidades do mercado e aos desafios da ind\u00fastria local. Seu compromisso com a excel\u00eancia ajudou a moldar a identidade do Senai como um centro de refer\u00eancia em educa\u00e7\u00e3o t\u00e9cnica no Brasil.<\/p>\n<h2>Voto de Congratula\u00e7\u00f5es pelo Vereador Pedro Kawai<\/h2>\n<p>No requerimento de congratula\u00e7\u00e3o, o vereador Kawai destacou que Ophir, que possui 63 anos e \u00e9 casado, \u00e9 um exemplo de dedica\u00e7\u00e3o ao ensino. Sua carreira come\u00e7ou na ind\u00fastria, e ele rapidamente se destacou como um educador comprometido com a forma\u00e7\u00e3o de profissionais qualificados. O reconhecimento do seu trabalho por parte da C\u00e2mara Municipal \u00e9 um testamento de como a figura de um educador pode impactar significativamente uma comunidade.<\/p>\n<h2>Impacto da Educa\u00e7\u00e3o na Comunidade<\/h2>\n<p>A educa\u00e7\u00e3o \u00e9 um dos principais motores de desenvolvimento social e econ\u00f4mico. Atrav\u00e9s de suas atividades no Senai, Ophir tem contribu\u00eddo para a inser\u00e7\u00e3o de muitos jovens no mercado de trabalho, oferecendo oportunidades de aprendizado que se traduzem em emprego e desenvolvimento profissional. O impacto da educa\u00e7\u00e3o vai al\u00e9m do aspecto individual, promovendo o crescimento da cidade de Piracicaba como um todo.<\/p>\n<h2>A Homenagem no Sal\u00e3o Nobre<\/h2>\n<p>A cerim\u00f4nia de homenagem, realizada no sal\u00e3o nobre Helly de Campos Melges, foi marcada por discursos emocionantes que refletiram sobre a import\u00e2ncia do trabalho de Ophir. Al\u00e9m do vereador Kawai, o diretor do Senai, Tiago Ferreira, e outros membros da comunidade educacional e empresarial, como Mauro de Nardi Costa e Rafael Aloisi, puderam se pronunciar, ressaltando a import\u00e2ncia da contribui\u00e7\u00e3o de Ophir ao longo de sua carreira.<\/p>\n<h2>Vis\u00e3o de Futuro para a Educa\u00e7\u00e3o em Piracicaba<\/h2>\n<p>Ophir Figueiredo J\u00fanior est\u00e1 sempre olhando para o futuro. Ele reconhece que, mesmo ap\u00f3s tantos anos de servi\u00e7o, a busca por inova\u00e7\u00e3o e adapta\u00e7\u00e3o \u00e0s novas demandas do mercado laboral \u00e9 crucial. Ao vislumbrar o desenvolvimento de novas startups em Piracicaba, ele enfatiza a import\u00e2ncia de preparar os alunos para um mundo em constante mudan\u00e7a, onde a criatividade e a capacidadede solu\u00e7\u00e3o de problemas ser\u00e3o cada vez mais valorizadas.<\/p>\n<h2>O Papel da C\u00e2mara no Reconhecimento de Talentos<\/h2>\n<p>A C\u00e2mara Municipal de Piracicaba desempenha um papel importante no reconhecimento e valoriza\u00e7\u00e3o de cidad\u00e3os que contribuem para o progresso da comunidade. O voto de congratula\u00e7\u00f5es a Ophir \u00e9 um exemplo claro de como institui\u00e7\u00f5es p\u00fablicas podem apoiar e valorizar a educa\u00e7\u00e3o e aqueles que a promovem. Esse reconhecimento incentiva n\u00e3o apenas Ophir, mas tamb\u00e9m outros educadores a continuarem suas lutas por uma educa\u00e7\u00e3o de qualidade.<\/p>\n<h2>Depoimentos de Colaboradores e Alunos<\/h2>\n<p>Os depoimentos de colegas e alunos s\u00e3o prova vivencial do impacto que Ophir teve em suas vidas. Muitos ressaltam como seus m\u00e9todos de ensino e sua dedica\u00e7\u00e3o mudaram suas perspectivas sobre a educa\u00e7\u00e3o e as oportunidades que ela pode oferecer. Essas narrativas s\u00e3o uma parte vital do legado de Ophir, uma lembran\u00e7a cont\u00ednua de que a educa\u00e7\u00e3o pode verdadeiramente transformar a vida de indiv\u00edduos e comunidades inteiras.<\/p>\n<p>Em conclus\u00e3o, Ophir Figueiredo J\u00fanior n\u00e3o \u00e9 apenas um educador, mas um verdadeiro exemplo de lideran\u00e7a e inova\u00e7\u00e3o no campo da educa\u00e7\u00e3o. Seu legado \u00e9 um testemunho da import\u00e2ncia da educa\u00e7\u00e3o de qualidade e da gest\u00e3o eficaz, que devem sempre ser priorizadas em todas as esferas da sociedade.<\/p>\n\n<div style=\"font-size: 0px; height: 0px; line-height: 0px; margin: 0; padding: 0; clear: both;\"><\/div>","protected":false},"excerpt":{"rendered":"<p>C\u00e2mara celebra legado de Ophir Figueiredo em gest\u00e3o da qualidade.<\/p>\n","protected":false},"author":1,"featured_media":4472,"comment_status":"closed","ping_status":"closed","sticky":false,"template":"","format":"standard","meta":{"footnotes":""},"categories":[6],"tags":[],"class_list":["post-4473","post","type-post","status-publish","format-standard","has-post-thumbnail","hentry","category-noticias-em-piracicaba","has_thumb"],"aioseo_notices":[],"_links":{"self":[{"href":"https:\/\/www.encontrapiracicaba.com.br\/sobre\/wp-json\/wp\/v2\/posts\/4473","targetHints":{"allow":["GET"]}}],"collection":[{"href":"https:\/\/www.encontrapiracicaba.com.br\/sobre\/wp-json\/wp\/v2\/posts"}],"about":[{"href":"https:\/\/www.encontrapiracicaba.com.br\/sobre\/wp-json\/wp\/v2\/types\/post"}],"author":[{"embeddable":true,"href":"https:\/\/www.encontrapiracicaba.com.br\/sobre\/wp-json\/wp\/v2\/users\/1"}],"replies":[{"embeddable":true,"href":"https:\/\/www.encontrapiracicaba.com.br\/sobre\/wp-json\/wp\/v2\/comments?post=4473"}],"version-history":[{"count":0,"href":"https:\/\/www.encontrapiracicaba.com.br\/sobre\/wp-json\/wp\/v2\/posts\/4473\/revisions"}],"wp:featuredmedia":[{"embeddable":true,"href":"https:\/\/www.encontrapiracicaba.com.br\/sobre\/wp-json\/wp\/v2\/media\/4472"}],"wp:attachment":[{"href":"https:\/\/www.encontrapiracicaba.com.br\/sobre\/wp-json\/wp\/v2\/media?parent=4473"}],"wp:term":[{"taxonomy":"category","embeddable":true,"href":"https:\/\/www.encontrapiracicaba.com.br\/sobre\/wp-json\/wp\/v2\/categories?post=4473"},{"taxonomy":"post_tag","embeddable":true,"href":"https:\/\/www.encontrapiracicaba.com.br\/sobre\/wp-json\/wp\/v2\/tags?post=4473"}],"curies":[{"name":"wp","href":"https:\/\/api.w.org\/{rel}","templated":true}]}}