{"id":4481,"date":"2026-04-27T11:30:08","date_gmt":"2026-04-27T14:30:08","guid":{"rendered":"https:\/\/www.encontrapiracicaba.com.br\/sobre\/audiencia-debate-possiveis-impactos-de-sistema-que-amplia-captacao-de-agua\/"},"modified":"2026-04-27T11:30:08","modified_gmt":"2026-04-27T14:30:08","slug":"audiencia-debate-possiveis-impactos-de-sistema-que-amplia-captacao-de-agua","status":"publish","type":"post","link":"https:\/\/www.encontrapiracicaba.com.br\/sobre\/audiencia-debate-possiveis-impactos-de-sistema-que-amplia-captacao-de-agua\/","title":{"rendered":"Audi\u00eancia debate poss\u00edveis impactos de sistema que amplia capta\u00e7\u00e3o de \u00e1gua"},"content":{"rendered":"<div class=\"85df007ed5c0c4d4b453fd13a37855e8\" data-index=\"1\" style=\"float: none; margin:0px;\">\n<!-- Anuncio display - global -->\r\n<ins class=\"adsbygoogle\"\r\n     style=\"display:block\"\r\n     data-ad-client=\"ca-pub-8585364105181520\"\r\n     data-ad-slot=\"8789329856\"\r\n     data-ad-format=\"auto\"\r\n     data-full-width-responsive=\"true\"><\/ins>\r\n<script>\r\n     (adsbygoogle = window.adsbygoogle || []).push({});\r\n<\/script>\n<\/div>\n<h2>Abertura da audi\u00eancia e import\u00e2ncia do tema<\/h2>\n<p>Em um contexto de crescente preocupa\u00e7\u00e3o com os recursos h\u00eddricos, a audi\u00eancia p\u00fablica realizada para discutir as implica\u00e7\u00f5es da amplia\u00e7\u00e3o do sistema de capta\u00e7\u00e3o de \u00e1gua na Bacia PCJ (Piracicaba, Capivari e Jundia\u00ed) obteve grande relev\u00e2ncia. Este evento, promovido por vereadoras Rai de Almeida e Silvia Morales, ocorreu no simb\u00f3lico Dia do Rio Piracicaba, apresentando um espa\u00e7o democr\u00e1tico para abordar quest\u00f5es cr\u00edticas sobre a gest\u00e3o da \u00e1gua e suas consequ\u00eancias para a popula\u00e7\u00e3o local.<\/p>\n<h2>Transpar\u00eancia e participa\u00e7\u00e3o social no debate<\/h2>\n<p>A import\u00e2ncia de um debate transparente e inclusivo foi enfatizada ao longo da audi\u00eancia, com a participa\u00e7\u00e3o de diversos setores da sociedade. A transpar\u00eancia \u00e9 crucial para garantir que todos os stakeholders compreendam n\u00e3o apenas os benef\u00edcios esperados da amplia\u00e7\u00e3o do sistema, mas tamb\u00e9m os riscos envolvidos na explora\u00e7\u00e3o dos recursos h\u00eddricos. A voz da sociedade civil foi uma parte essencial deste processo, permitindo que preocupa\u00e7\u00f5es e sugest\u00f5es fossem compartilhadas abertamente.<\/p>\n<h2>Impactos esperados da amplia\u00e7\u00e3o no sistema de \u00e1gua<\/h2>\n<p>O projeto de amplia\u00e7\u00e3o do sistema de capta\u00e7\u00e3o de \u00e1gua tem como objetivo principal assegurar o abastecimento durante per\u00edodos de estiagem. No entanto, especialistas e representantes da sociedade civil levantaram preocupa\u00e7\u00f5es quanto aos impactos ambientais e sociais que essa expans\u00e3o pode acarretar. \u00c9 vital que os potenciais efeitos negativos sejam analisados com rigor, buscando solu\u00e7\u00f5es que respeitem e preservem o meio ambiente, especialmente o ecossistema do rio Piracicaba.<\/p>\n<p><img decoding=\"async\" src=\"https:\/\/www.encontrapiracicaba.com.br\/sobre\/wp-content\/uploads\/audiencia-debate-possiveis-impactos-de-sistema-que-amplia-captacao-de-agua.webp\" alt=\"amplia\u00e7\u00e3o da capta\u00e7\u00e3o de \u00e1gua\" loading=\"lazy\" \/><\/p>\n<h2>O papel das vereadoras Rai de Almeida e Silvia Morales<\/h2>\n<p>As vereadoras Rai de Almeida e Silvia Morales foram protagonistas na realiza\u00e7\u00e3o desta audi\u00eancia p\u00fablica, utilizando sua plataforma para convocar um debate que \u00e9 de interesse coletivo. A escolha do Dia do Rio Piracicaba para a discuss\u00e3o refor\u00e7ou a liga\u00e7\u00e3o entre a cidade e o seu recurso h\u00eddrico vital. Elas destacaram a necessidade de cuidados e estrat\u00e9gias que assegurem a sa\u00fade do rio, considerando que sua preserva\u00e7\u00e3o \u00e9 fundamental tanto para o meio ambiente quanto para o abastecimento de \u00e1gua da popula\u00e7\u00e3o.<\/p>\n<h2>Objetivos do Sistema Adutor Regional (SAR)<\/h2>\n<p>O Sistema Adutor Regional (SAR) foi projetado para melhorar a distribui\u00e7\u00e3o de \u00e1gua para as cidades da bacia PCJ, abrangendo 21 munic\u00edpios e uma popula\u00e7\u00e3o de aproximadamente 3,4 milh\u00f5es de habitantes. A proposta, que envolve uma Parceria P\u00fablico-Privada, preconiza um investimento de R$ 1,9 bilh\u00e3o, com a constru\u00e7\u00e3o de adutoras e esta\u00e7\u00f5es de bombeamento. Este sistema visa, principalmente, evitar crises h\u00eddricas severas nos per\u00edodos de seca, mas deve ser monitorado quanto aos impactos que pode gerar nas reservas naturais da regi\u00e3o.<\/p>\n<h2>Preocupa\u00e7\u00f5es levantadas pela sociedade civil<\/h2>\n<p>Dentre as preocupa\u00e7\u00f5es expressas durante a audi\u00eancia, destacaram-se os riscos associados \u00e0 poss\u00edvel retirada excessiva de \u00e1gua, que pode comprometer o abastecimento local e afetar outras \u00e1reas do ecossistema. A sociedade civil, representada por diversos grupos e especialistas, demandou garantias de que a amplia\u00e7\u00e3o do sistema n\u00e3o acarretaria em danos irrevers\u00edveis ao rio e ao seu entorno, enfatizando a necessidade de uma abordagem sustent\u00e1vel.<\/p>\n<h2>Import\u00e2ncia das matas ciliares para o rio<\/h2>\n<p>As matas ciliares foram levantadas como um tema crucial na discuss\u00e3o do projeto. Essas \u00e1reas de vegeta\u00e7\u00e3o s\u00e3o essenciais para a prote\u00e7\u00e3o do solo e da qualidade da \u00e1gua, desempenhando um papel fundamental na biodiversidade e na conserva\u00e7\u00e3o dos ecossistemas aqu\u00e1ticos. Especialistas alertaram que a destrui\u00e7\u00e3o desses habitats pode levar ao assoreamento das represas, reduzindo a disponibilidade de \u00e1gua e aumentando o risco de desastres ambientais.<\/p>\n<h2>Monitoramento e redu\u00e7\u00e3o de perdas h\u00eddricas<\/h2>\n<p>A condu\u00e7\u00e3o de um monitoramento efetivo durante e ap\u00f3s a implementa\u00e7\u00e3o do SAR \u00e9 uma exig\u00eancia fundamental expressa por diversos participantes da audi\u00eancia. As previs\u00f5es indicam que perdas h\u00eddricas nos sistemas de abastecimento podem girar em torno de 50%, o que ressalta a urg\u00eancia em implementar a\u00e7\u00f5es para reduzir esses n\u00fameros e garantir que a \u00e1gua captada seja utilizada de forma eficiente. A fiscaliza\u00e7\u00e3o rigorosa foi colocada como um ponto chave para assegurar que os limites de capta\u00e7\u00e3o estabelecidos pelos \u00f3rg\u00e3os reguladores sejam respeitados.<\/p>\n<h2>Propostas para o reflorestamento das \u00e1reas afetadas<\/h2>\n<p>A recupera\u00e7\u00e3o e o reflorestamento das \u00e1reas impactadas por projetos de capta\u00e7\u00e3o de \u00e1gua foram ressaltados como essenciais para a manuten\u00e7\u00e3o do ciclo h\u00eddrico saud\u00e1vel na regi\u00e3o. Propostas de parcerias com institui\u00e7\u00f5es de ensino e iniciativas comunit\u00e1rias para o plantio de \u00e1rvores e a reabilita\u00e7\u00e3o de matas ciliares foram discutidas, visando criar um ambiente mais equilibrado e sustent\u00e1vel.<\/p>\n<h2>Diretrizes futuras para a gest\u00e3o da \u00e1gua em Piracicaba<\/h2>\n<p>A validade e efic\u00e1cia das medidas de gest\u00e3o h\u00eddrica em Piracicaba estar\u00e3o em constante avalia\u00e7\u00e3o, especialmente considerando as altera\u00e7\u00f5es clim\u00e1ticas e o crescimento populacional. O planejamento das futuras pol\u00edticas deve envolver a participa\u00e7\u00e3o ativa da popula\u00e7\u00e3o, considera\u00e7\u00e3o das necessidades ambientais e a ado\u00e7\u00e3o de tecnologias sustent\u00e1veis. A colabora\u00e7\u00e3o entre governo, iniciativa privada e sociedade civil ser\u00e1 vital para garantir que os recursos h\u00eddricos sejam manejados de forma respons\u00e1vel e eficiente, satisfazendo as demandas presentes sem comprometer as futuras gera\u00e7\u00f5es.<\/p>\n\n<div style=\"font-size: 0px; height: 0px; line-height: 0px; margin: 0; padding: 0; clear: both;\"><\/div>","protected":false},"excerpt":{"rendered":"<p>Audi\u00eancia revela os impactos da amplia\u00e7\u00e3o na capta\u00e7\u00e3o de \u00e1gua em Piracicaba.<\/p>\n","protected":false},"author":1,"featured_media":4480,"comment_status":"closed","ping_status":"closed","sticky":false,"template":"","format":"standard","meta":{"footnotes":""},"categories":[6],"tags":[],"class_list":["post-4481","post","type-post","status-publish","format-standard","has-post-thumbnail","hentry","category-noticias-em-piracicaba","has_thumb"],"aioseo_notices":[],"aioseo_head":"\n\t\t<!-- All in One SEO 5.0.0.1 - aioseo.com -->\n\t<meta name=\"robots\" content=\"max-image-preview:large\" \/>\n\t<meta name=\"author\" content=\"Encontra Piracicaba\"\/>\n\t<link rel=\"canonical\" href=\"https:\/\/www.encontrapiracicaba.com.br\/sobre\/audiencia-debate-possiveis-impactos-de-sistema-que-amplia-captacao-de-agua\/\" \/>\n\t<meta name=\"generator\" content=\"All in One SEO (AIOSEO) 5.0.0.1\" \/>\n\t\t<meta property=\"og:locale\" content=\"pt_BR\" \/>\n\t\t<meta property=\"og:site_name\" content=\"Encontra Piracicaba | Not\u00edcias, eventos, informa\u00e7\u00f5es e dicas na cidade de Piracicaba e regi\u00e3o\" \/>\n\t\t<meta property=\"og:type\" content=\"article\" \/>\n\t\t<meta property=\"og:title\" content=\"Audi\u00eancia debate poss\u00edveis impactos de sistema que amplia capta\u00e7\u00e3o de \u00e1gua | Encontra Piracicaba\" \/>\n\t\t<meta property=\"og:url\" content=\"https:\/\/www.encontrapiracicaba.com.br\/sobre\/audiencia-debate-possiveis-impactos-de-sistema-que-amplia-captacao-de-agua\/\" \/>\n\t\t<meta property=\"article:published_time\" content=\"2026-04-27T14:30:08+00:00\" \/>\n\t\t<meta property=\"article:modified_time\" content=\"2026-04-27T14:30:08+00:00\" \/>\n\t\t<meta name=\"twitter:card\" content=\"summary\" \/>\n\t\t<meta name=\"twitter:title\" content=\"Audi\u00eancia debate poss\u00edveis impactos de sistema que amplia capta\u00e7\u00e3o de \u00e1gua | Encontra Piracicaba\" \/>\n\t\t<script type=\"application\/ld+json\" class=\"aioseo-schema\">\n\t\t\t{\"@context\":\"https:\\\/\\\/schema.org\",\"@graph\":[{\"@type\":\"Article\",\"@id\":\"https:\\\/\\\/www.encontrapiracicaba.com.br\\\/sobre\\\/audiencia-debate-possiveis-impactos-de-sistema-que-amplia-captacao-de-agua\\\/#article\",\"name\":\"Audi\\u00eancia debate poss\\u00edveis impactos de sistema que amplia capta\\u00e7\\u00e3o de \\u00e1gua | Encontra Piracicaba\",\"headline\":\"Audi\\u00eancia debate poss\\u00edveis impactos de sistema que amplia capta\\u00e7\\u00e3o de \\u00e1gua\",\"author\":{\"@id\":\"https:\\\/\\\/www.encontrapiracicaba.com.br\\\/sobre\\\/author\\\/epiracicaba\\\/#author\"},\"publisher\":{\"@id\":\"https:\\\/\\\/www.encontrapiracicaba.com.br\\\/sobre\\\/#organization\"},\"image\":{\"@type\":\"ImageObject\",\"url\":\"https:\\\/\\\/www.encontrapiracicaba.com.br\\\/sobre\\\/wp-content\\\/uploads\\\/audiencia-debate-possiveis-impactos-de-sistema-que-amplia-captacao-de-agua.webp\",\"width\":280,\"height\":280,\"caption\":\"amplia\\u00e7\\u00e3o da capta\\u00e7\\u00e3o de \\u00e1gua\"},\"datePublished\":\"2026-04-27T11:30:08-03:00\",\"dateModified\":\"2026-04-27T11:30:08-03:00\",\"inLanguage\":\"pt-BR\",\"mainEntityOfPage\":{\"@id\":\"https:\\\/\\\/www.encontrapiracicaba.com.br\\\/sobre\\\/audiencia-debate-possiveis-impactos-de-sistema-que-amplia-captacao-de-agua\\\/#webpage\"},\"isPartOf\":{\"@id\":\"https:\\\/\\\/www.encontrapiracicaba.com.br\\\/sobre\\\/audiencia-debate-possiveis-impactos-de-sistema-que-amplia-captacao-de-agua\\\/#webpage\"},\"articleSection\":\"Not\\u00edcias Piracicaba\"},{\"@type\":\"BreadcrumbList\",\"@id\":\"https:\\\/\\\/www.encontrapiracicaba.com.br\\\/sobre\\\/audiencia-debate-possiveis-impactos-de-sistema-que-amplia-captacao-de-agua\\\/#breadcrumblist\",\"itemListElement\":[{\"@type\":\"ListItem\",\"@id\":\"https:\\\/\\\/www.encontrapiracicaba.com.br\\\/sobre#listItem\",\"position\":1,\"name\":\"In\\u00edcio\",\"item\":\"https:\\\/\\\/www.encontrapiracicaba.com.br\\\/sobre\",\"nextItem\":{\"@type\":\"ListItem\",\"@id\":\"https:\\\/\\\/www.encontrapiracicaba.com.br\\\/sobre\\\/noticias-em-piracicaba\\\/#listItem\",\"name\":\"Not\\u00edcias Piracicaba\"}},{\"@type\":\"ListItem\",\"@id\":\"https:\\\/\\\/www.encontrapiracicaba.com.br\\\/sobre\\\/noticias-em-piracicaba\\\/#listItem\",\"position\":2,\"name\":\"Not\\u00edcias Piracicaba\",\"item\":\"https:\\\/\\\/www.encontrapiracicaba.com.br\\\/sobre\\\/noticias-em-piracicaba\\\/\",\"nextItem\":{\"@type\":\"ListItem\",\"@id\":\"https:\\\/\\\/www.encontrapiracicaba.com.br\\\/sobre\\\/audiencia-debate-possiveis-impactos-de-sistema-que-amplia-captacao-de-agua\\\/#listItem\",\"name\":\"Audi\\u00eancia debate poss\\u00edveis impactos de sistema que amplia capta\\u00e7\\u00e3o de \\u00e1gua\"},\"previousItem\":{\"@type\":\"ListItem\",\"@id\":\"https:\\\/\\\/www.encontrapiracicaba.com.br\\\/sobre#listItem\",\"name\":\"In\\u00edcio\"}},{\"@type\":\"ListItem\",\"@id\":\"https:\\\/\\\/www.encontrapiracicaba.com.br\\\/sobre\\\/audiencia-debate-possiveis-impactos-de-sistema-que-amplia-captacao-de-agua\\\/#listItem\",\"position\":3,\"name\":\"Audi\\u00eancia debate poss\\u00edveis impactos de sistema que amplia capta\\u00e7\\u00e3o de \\u00e1gua\",\"previousItem\":{\"@type\":\"ListItem\",\"@id\":\"https:\\\/\\\/www.encontrapiracicaba.com.br\\\/sobre\\\/noticias-em-piracicaba\\\/#listItem\",\"name\":\"Not\\u00edcias Piracicaba\"}}]},{\"@type\":\"Organization\",\"@id\":\"https:\\\/\\\/www.encontrapiracicaba.com.br\\\/sobre\\\/#organization\",\"name\":\"Encontra Piracicaba\",\"description\":\"Not\\u00edcias, eventos, informa\\u00e7\\u00f5es e dicas na cidade de Piracicaba e regi\\u00e3o\",\"url\":\"https:\\\/\\\/www.encontrapiracicaba.com.br\\\/sobre\\\/\"},{\"@type\":\"Person\",\"@id\":\"https:\\\/\\\/www.encontrapiracicaba.com.br\\\/sobre\\\/author\\\/epiracicaba\\\/#author\",\"url\":\"https:\\\/\\\/www.encontrapiracicaba.com.br\\\/sobre\\\/author\\\/epiracicaba\\\/\",\"name\":\"Encontra Piracicaba\",\"image\":{\"@type\":\"ImageObject\",\"@id\":\"https:\\\/\\\/www.encontrapiracicaba.com.br\\\/sobre\\\/audiencia-debate-possiveis-impactos-de-sistema-que-amplia-captacao-de-agua\\\/#authorImage\",\"url\":\"https:\\\/\\\/secure.gravatar.com\\\/avatar\\\/507340682b8270222e1f208e23198b6ae7e2c6a1033ae84e99bc6bce4f82a387?s=96&d=mm&r=g\",\"width\":96,\"height\":96,\"caption\":\"Encontra Piracicaba\"}},{\"@type\":\"WebPage\",\"@id\":\"https:\\\/\\\/www.encontrapiracicaba.com.br\\\/sobre\\\/audiencia-debate-possiveis-impactos-de-sistema-que-amplia-captacao-de-agua\\\/#webpage\",\"url\":\"https:\\\/\\\/www.encontrapiracicaba.com.br\\\/sobre\\\/audiencia-debate-possiveis-impactos-de-sistema-que-amplia-captacao-de-agua\\\/\",\"name\":\"Audi\\u00eancia debate poss\\u00edveis impactos de sistema que amplia capta\\u00e7\\u00e3o de \\u00e1gua | Encontra Piracicaba\",\"inLanguage\":\"pt-BR\",\"isPartOf\":{\"@id\":\"https:\\\/\\\/www.encontrapiracicaba.com.br\\\/sobre\\\/#website\"},\"breadcrumb\":{\"@id\":\"https:\\\/\\\/www.encontrapiracicaba.com.br\\\/sobre\\\/audiencia-debate-possiveis-impactos-de-sistema-que-amplia-captacao-de-agua\\\/#breadcrumblist\"},\"author\":{\"@id\":\"https:\\\/\\\/www.encontrapiracicaba.com.br\\\/sobre\\\/author\\\/epiracicaba\\\/#author\"},\"creator\":{\"@id\":\"https:\\\/\\\/www.encontrapiracicaba.com.br\\\/sobre\\\/author\\\/epiracicaba\\\/#author\"},\"image\":{\"@type\":\"ImageObject\",\"url\":\"https:\\\/\\\/www.encontrapiracicaba.com.br\\\/sobre\\\/wp-content\\\/uploads\\\/audiencia-debate-possiveis-impactos-de-sistema-que-amplia-captacao-de-agua.webp\",\"@id\":\"https:\\\/\\\/www.encontrapiracicaba.com.br\\\/sobre\\\/audiencia-debate-possiveis-impactos-de-sistema-que-amplia-captacao-de-agua\\\/#mainImage\",\"width\":280,\"height\":280,\"caption\":\"amplia\\u00e7\\u00e3o da capta\\u00e7\\u00e3o de \\u00e1gua\"},\"primaryImageOfPage\":{\"@id\":\"https:\\\/\\\/www.encontrapiracicaba.com.br\\\/sobre\\\/audiencia-debate-possiveis-impactos-de-sistema-que-amplia-captacao-de-agua\\\/#mainImage\"},\"datePublished\":\"2026-04-27T11:30:08-03:00\",\"dateModified\":\"2026-04-27T11:30:08-03:00\"},{\"@type\":\"WebSite\",\"@id\":\"https:\\\/\\\/www.encontrapiracicaba.com.br\\\/sobre\\\/#website\",\"url\":\"https:\\\/\\\/www.encontrapiracicaba.com.br\\\/sobre\\\/\",\"name\":\"Encontra Piracicaba\",\"description\":\"Not\\u00edcias, eventos, informa\\u00e7\\u00f5es e dicas na cidade de Piracicaba e regi\\u00e3o\",\"inLanguage\":\"pt-BR\",\"publisher\":{\"@id\":\"https:\\\/\\\/www.encontrapiracicaba.com.br\\\/sobre\\\/#organization\"}}]}\n\t\t<\/script>\n\t\t<!-- All in One SEO -->\n\n","aioseo_head_json":{"title":"Audi\u00eancia debate poss\u00edveis impactos de sistema que amplia capta\u00e7\u00e3o de \u00e1gua | Encontra Piracicaba","description":"","canonical_url":"https:\/\/www.encontrapiracicaba.com.br\/sobre\/audiencia-debate-possiveis-impactos-de-sistema-que-amplia-captacao-de-agua\/","robots":"max-image-preview:large","keywords":"","webmasterTools":{"miscellaneous":""},"schema":{"@context":"https:\/\/schema.org","@graph":[{"@type":"Article","@id":"https:\/\/www.encontrapiracicaba.com.br\/sobre\/audiencia-debate-possiveis-impactos-de-sistema-que-amplia-captacao-de-agua\/#article","name":"Audi\u00eancia debate poss\u00edveis impactos de sistema que amplia capta\u00e7\u00e3o de \u00e1gua | Encontra Piracicaba","headline":"Audi\u00eancia debate poss\u00edveis impactos de sistema que amplia capta\u00e7\u00e3o de \u00e1gua","author":{"@id":"https:\/\/www.encontrapiracicaba.com.br\/sobre\/author\/epiracicaba\/#author"},"publisher":{"@id":"https:\/\/www.encontrapiracicaba.com.br\/sobre\/#organization"},"image":{"@type":"ImageObject","url":"https:\/\/www.encontrapiracicaba.com.br\/sobre\/wp-content\/uploads\/audiencia-debate-possiveis-impactos-de-sistema-que-amplia-captacao-de-agua.webp","width":280,"height":280,"caption":"amplia\u00e7\u00e3o da capta\u00e7\u00e3o de \u00e1gua"},"datePublished":"2026-04-27T11:30:08-03:00","dateModified":"2026-04-27T11:30:08-03:00","inLanguage":"pt-BR","mainEntityOfPage":{"@id":"https:\/\/www.encontrapiracicaba.com.br\/sobre\/audiencia-debate-possiveis-impactos-de-sistema-que-amplia-captacao-de-agua\/#webpage"},"isPartOf":{"@id":"https:\/\/www.encontrapiracicaba.com.br\/sobre\/audiencia-debate-possiveis-impactos-de-sistema-que-amplia-captacao-de-agua\/#webpage"},"articleSection":"Not\u00edcias Piracicaba"},{"@type":"BreadcrumbList","@id":"https:\/\/www.encontrapiracicaba.com.br\/sobre\/audiencia-debate-possiveis-impactos-de-sistema-que-amplia-captacao-de-agua\/#breadcrumblist","itemListElement":[{"@type":"ListItem","@id":"https:\/\/www.encontrapiracicaba.com.br\/sobre#listItem","position":1,"name":"In\u00edcio","item":"https:\/\/www.encontrapiracicaba.com.br\/sobre","nextItem":{"@type":"ListItem","@id":"https:\/\/www.encontrapiracicaba.com.br\/sobre\/noticias-em-piracicaba\/#listItem","name":"Not\u00edcias Piracicaba"}},{"@type":"ListItem","@id":"https:\/\/www.encontrapiracicaba.com.br\/sobre\/noticias-em-piracicaba\/#listItem","position":2,"name":"Not\u00edcias Piracicaba","item":"https:\/\/www.encontrapiracicaba.com.br\/sobre\/noticias-em-piracicaba\/","nextItem":{"@type":"ListItem","@id":"https:\/\/www.encontrapiracicaba.com.br\/sobre\/audiencia-debate-possiveis-impactos-de-sistema-que-amplia-captacao-de-agua\/#listItem","name":"Audi\u00eancia debate poss\u00edveis impactos de sistema que amplia capta\u00e7\u00e3o de \u00e1gua"},"previousItem":{"@type":"ListItem","@id":"https:\/\/www.encontrapiracicaba.com.br\/sobre#listItem","name":"In\u00edcio"}},{"@type":"ListItem","@id":"https:\/\/www.encontrapiracicaba.com.br\/sobre\/audiencia-debate-possiveis-impactos-de-sistema-que-amplia-captacao-de-agua\/#listItem","position":3,"name":"Audi\u00eancia debate poss\u00edveis impactos de sistema que amplia capta\u00e7\u00e3o de \u00e1gua","previousItem":{"@type":"ListItem","@id":"https:\/\/www.encontrapiracicaba.com.br\/sobre\/noticias-em-piracicaba\/#listItem","name":"Not\u00edcias Piracicaba"}}]},{"@type":"Organization","@id":"https:\/\/www.encontrapiracicaba.com.br\/sobre\/#organization","name":"Encontra Piracicaba","description":"Not\u00edcias, eventos, informa\u00e7\u00f5es e dicas na cidade de Piracicaba e regi\u00e3o","url":"https:\/\/www.encontrapiracicaba.com.br\/sobre\/"},{"@type":"Person","@id":"https:\/\/www.encontrapiracicaba.com.br\/sobre\/author\/epiracicaba\/#author","url":"https:\/\/www.encontrapiracicaba.com.br\/sobre\/author\/epiracicaba\/","name":"Encontra Piracicaba","image":{"@type":"ImageObject","@id":"https:\/\/www.encontrapiracicaba.com.br\/sobre\/audiencia-debate-possiveis-impactos-de-sistema-que-amplia-captacao-de-agua\/#authorImage","url":"https:\/\/secure.gravatar.com\/avatar\/507340682b8270222e1f208e23198b6ae7e2c6a1033ae84e99bc6bce4f82a387?s=96&d=mm&r=g","width":96,"height":96,"caption":"Encontra Piracicaba"}},{"@type":"WebPage","@id":"https:\/\/www.encontrapiracicaba.com.br\/sobre\/audiencia-debate-possiveis-impactos-de-sistema-que-amplia-captacao-de-agua\/#webpage","url":"https:\/\/www.encontrapiracicaba.com.br\/sobre\/audiencia-debate-possiveis-impactos-de-sistema-que-amplia-captacao-de-agua\/","name":"Audi\u00eancia debate poss\u00edveis impactos de sistema que amplia capta\u00e7\u00e3o de \u00e1gua | Encontra Piracicaba","inLanguage":"pt-BR","isPartOf":{"@id":"https:\/\/www.encontrapiracicaba.com.br\/sobre\/#website"},"breadcrumb":{"@id":"https:\/\/www.encontrapiracicaba.com.br\/sobre\/audiencia-debate-possiveis-impactos-de-sistema-que-amplia-captacao-de-agua\/#breadcrumblist"},"author":{"@id":"https:\/\/www.encontrapiracicaba.com.br\/sobre\/author\/epiracicaba\/#author"},"creator":{"@id":"https:\/\/www.encontrapiracicaba.com.br\/sobre\/author\/epiracicaba\/#author"},"image":{"@type":"ImageObject","url":"https:\/\/www.encontrapiracicaba.com.br\/sobre\/wp-content\/uploads\/audiencia-debate-possiveis-impactos-de-sistema-que-amplia-captacao-de-agua.webp","@id":"https:\/\/www.encontrapiracicaba.com.br\/sobre\/audiencia-debate-possiveis-impactos-de-sistema-que-amplia-captacao-de-agua\/#mainImage","width":280,"height":280,"caption":"amplia\u00e7\u00e3o da capta\u00e7\u00e3o de \u00e1gua"},"primaryImageOfPage":{"@id":"https:\/\/www.encontrapiracicaba.com.br\/sobre\/audiencia-debate-possiveis-impactos-de-sistema-que-amplia-captacao-de-agua\/#mainImage"},"datePublished":"2026-04-27T11:30:08-03:00","dateModified":"2026-04-27T11:30:08-03:00"},{"@type":"WebSite","@id":"https:\/\/www.encontrapiracicaba.com.br\/sobre\/#website","url":"https:\/\/www.encontrapiracicaba.com.br\/sobre\/","name":"Encontra Piracicaba","description":"Not\u00edcias, eventos, informa\u00e7\u00f5es e dicas na cidade de Piracicaba e regi\u00e3o","inLanguage":"pt-BR","publisher":{"@id":"https:\/\/www.encontrapiracicaba.com.br\/sobre\/#organization"}}]},"og:locale":"pt_BR","og:site_name":"Encontra Piracicaba | Not\u00edcias, eventos, informa\u00e7\u00f5es e dicas na cidade de Piracicaba e regi\u00e3o","og:type":"article","og:title":"Audi\u00eancia debate poss\u00edveis impactos de sistema que amplia capta\u00e7\u00e3o de \u00e1gua | Encontra Piracicaba","og:url":"https:\/\/www.encontrapiracicaba.com.br\/sobre\/audiencia-debate-possiveis-impactos-de-sistema-que-amplia-captacao-de-agua\/","article:published_time":"2026-04-27T14:30:08+00:00","article:modified_time":"2026-04-27T14:30:08+00:00","twitter:card":"summary","twitter:title":"Audi\u00eancia debate poss\u00edveis impactos de sistema que amplia capta\u00e7\u00e3o de \u00e1gua | Encontra Piracicaba"},"aioseo_meta_data":{"post_id":"4481","title":null,"description":null,"keywords":null,"keyphrases":null,"primary_term":null,"canonical_url":null,"og_title":null,"og_description":null,"og_object_type":"default","og_image_type":"default","og_image_url":null,"og_image_width":null,"og_image_height":null,"og_image_custom_url":null,"og_image_custom_fields":null,"og_video":null,"og_custom_url":null,"og_article_section":null,"og_article_tags":null,"twitter_use_og":false,"twitter_card":"default","twitter_image_type":"default","twitter_image_url":null,"twitter_image_custom_url":null,"twitter_image_custom_fields":null,"twitter_title":null,"twitter_description":null,"schema":{"blockGraphs":[],"customGraphs":[],"default":{"data":{"Article":[],"Course":[],"Dataset":[],"FAQPage":[],"Movie":[],"Person":[],"Product":[],"ProductReview":[],"Car":[],"Recipe":[],"Service":[],"SoftwareApplication":[],"WebPage":[]},"graphName":"Article","isEnabled":true},"graphs":[]},"schema_type":"default","schema_type_options":null,"pillar_content":false,"robots_default":true,"robots_noindex":false,"robots_noarchive":false,"robots_nosnippet":false,"robots_nofollow":false,"robots_noimageindex":false,"robots_noodp":false,"robots_notranslate":false,"robots_max_snippet":null,"robots_max_videopreview":null,"robots_max_imagepreview":"large","priority":null,"frequency":null,"local_seo":null,"breadcrumb_settings":null,"limit_modified_date":false,"ai":null,"created":"2026-04-27 14:30:13","updated":"2026-04-27 14:31:54","focus_keyword":null,"additional_keywords":null,"truseo_locale":null,"seo_analyzer_scan_date":null},"aioseo_breadcrumb":"<div class=\"aioseo-breadcrumbs\"><span class=\"aioseo-breadcrumb\">\n\t\t\t<a href=\"https:\/\/www.encontrapiracicaba.com.br\/sobre\" title=\"In\u00edcio\">In\u00edcio<\/a>\n\t\t<\/span><span class=\"aioseo-breadcrumb-separator\">&raquo;<\/span><span class=\"aioseo-breadcrumb\">\n\t\t\t<a href=\"https:\/\/www.encontrapiracicaba.com.br\/sobre\/noticias-em-piracicaba\/\" title=\"Not\u00edcias Piracicaba\">Not\u00edcias Piracicaba<\/a>\n\t\t<\/span><span class=\"aioseo-breadcrumb-separator\">&raquo;<\/span><span class=\"aioseo-breadcrumb\">\n\t\t\tAudi\u00eancia debate poss\u00edveis impactos de sistema que amplia capta\u00e7\u00e3o de \u00e1gua\n\t\t<\/span><\/div>","aioseo_breadcrumb_json":[{"label":"In\u00edcio","link":"https:\/\/www.encontrapiracicaba.com.br\/sobre"},{"label":"Not\u00edcias Piracicaba","link":"https:\/\/www.encontrapiracicaba.com.br\/sobre\/noticias-em-piracicaba\/"},{"label":"Audi\u00eancia debate poss\u00edveis impactos de sistema que amplia capta\u00e7\u00e3o de \u00e1gua","link":"https:\/\/www.encontrapiracicaba.com.br\/sobre\/audiencia-debate-possiveis-impactos-de-sistema-que-amplia-captacao-de-agua\/"}],"_links":{"self":[{"href":"https:\/\/www.encontrapiracicaba.com.br\/sobre\/wp-json\/wp\/v2\/posts\/4481","targetHints":{"allow":["GET"]}}],"collection":[{"href":"https:\/\/www.encontrapiracicaba.com.br\/sobre\/wp-json\/wp\/v2\/posts"}],"about":[{"href":"https:\/\/www.encontrapiracicaba.com.br\/sobre\/wp-json\/wp\/v2\/types\/post"}],"author":[{"embeddable":true,"href":"https:\/\/www.encontrapiracicaba.com.br\/sobre\/wp-json\/wp\/v2\/users\/1"}],"replies":[{"embeddable":true,"href":"https:\/\/www.encontrapiracicaba.com.br\/sobre\/wp-json\/wp\/v2\/comments?post=4481"}],"version-history":[{"count":0,"href":"https:\/\/www.encontrapiracicaba.com.br\/sobre\/wp-json\/wp\/v2\/posts\/4481\/revisions"}],"wp:featuredmedia":[{"embeddable":true,"href":"https:\/\/www.encontrapiracicaba.com.br\/sobre\/wp-json\/wp\/v2\/media\/4480"}],"wp:attachment":[{"href":"https:\/\/www.encontrapiracicaba.com.br\/sobre\/wp-json\/wp\/v2\/media?parent=4481"}],"wp:term":[{"taxonomy":"category","embeddable":true,"href":"https:\/\/www.encontrapiracicaba.com.br\/sobre\/wp-json\/wp\/v2\/categories?post=4481"},{"taxonomy":"post_tag","embeddable":true,"href":"https:\/\/www.encontrapiracicaba.com.br\/sobre\/wp-json\/wp\/v2\/tags?post=4481"}],"curies":[{"name":"wp","href":"https:\/\/api.w.org\/{rel}","templated":true}]}}