{"id":4489,"date":"2026-04-29T11:54:11","date_gmt":"2026-04-29T14:54:11","guid":{"rendered":"https:\/\/www.encontrapiracicaba.com.br\/sobre\/consulta-publica-discute-projeto-de-interligacao-entre-bairros-santa-teresinha-e-ondas-em-piracicaba\/"},"modified":"2026-04-29T11:54:11","modified_gmt":"2026-04-29T14:54:11","slug":"consulta-publica-discute-projeto-de-interligacao-entre-bairros-santa-teresinha-e-ondas-em-piracicaba","status":"publish","type":"post","link":"https:\/\/www.encontrapiracicaba.com.br\/sobre\/consulta-publica-discute-projeto-de-interligacao-entre-bairros-santa-teresinha-e-ondas-em-piracicaba\/","title":{"rendered":"Consulta p\u00fablica discute projeto de interliga\u00e7\u00e3o entre bairros Santa Teresinha e Ondas em Piracicaba"},"content":{"rendered":"<div class=\"85df007ed5c0c4d4b453fd13a37855e8\" data-index=\"1\" style=\"float: none; margin:0px;\">\n<!-- Anuncio display - global -->\r\n<ins class=\"adsbygoogle\"\r\n     style=\"display:block\"\r\n     data-ad-client=\"ca-pub-8585364105181520\"\r\n     data-ad-slot=\"8789329856\"\r\n     data-ad-format=\"auto\"\r\n     data-full-width-responsive=\"true\"><\/ins>\r\n<script>\r\n     (adsbygoogle = window.adsbygoogle || []).push({});\r\n<\/script>\n<\/div>\n<h2>Objetivo do Projeto de Interliga\u00e7\u00e3o<\/h2>\n<p>O projeto de interliga\u00e7\u00e3o entre os bairros Santa Teresinha e Ondas, na cidade de Piracicaba, visa solucionar problemas de mobilidade urbana na regi\u00e3o norte. A proposta consiste na constru\u00e7\u00e3o de uma nova via que conectar\u00e1 a Rodovia SP-304 com a Avenida Nossa Senhora do Carmo e a Avenida das Ondas. Essa iniciativa n\u00e3o s\u00f3 facilitar\u00e1 o acesso entre os bairros, como tamb\u00e9m busca minimizar os congestionamentos que afetam a entrada da cidade, promovendo uma melhoria geral na efici\u00eancia do tr\u00e1fego local.<\/p>\n<h2>Como a Interliga\u00e7\u00e3o Vai Ajudar a Popula\u00e7\u00e3o<\/h2>\n<p>Com a nova via de interliga\u00e7\u00e3o, os moradores dos bairros Santa Teresinha e Ondas poder\u00e3o desfrutar de uma alternativa mais r\u00e1pida e eficaz para suas desloca\u00e7\u00f5es di\u00e1rias. Ao oferecer um novo trajeto, a iniciativa contribuir\u00e1 para reduzir o tempo de viagem, permitindo que as pessoas cheguem a seus destinos de maneira mais \u00e1gil. Essa mudan\u00e7a n\u00e3o apenas beneficia os que residem na \u00e1rea, mas tamb\u00e9m aqueles que transitam pela cidade para trabalhar ou estudar.<\/p>\n<h2>Participa\u00e7\u00e3o da Comunidade na Consulta P\u00fablica<\/h2>\n<p>A administra\u00e7\u00e3o municipal de Piracicaba est\u00e1 comprometida em incluir a comunidade no desenvolvimento desse projeto. Com o lan\u00e7amento da consulta p\u00fablica, a popula\u00e7\u00e3o foi convidada a conhecer as especificidades da proposta e a contribuir com suas opini\u00f5es e sugest\u00f5es. Essa iniciativa visa garantir que as necessidades e preocupa\u00e7\u00f5es dos cidad\u00e3os sejam consideradas, permitindo um di\u00e1logo aberto entre a prefeitura e os moradores.<\/p>\n<p><img decoding=\"async\" src=\"https:\/\/www.encontrapiracicaba.com.br\/sobre\/wp-content\/uploads\/consulta-publica-discute-projeto-de-interligacao-entre-bairros-santa-teresinha-e-ondas-em-piracicaba.webp\" alt=\"interliga\u00e7\u00e3o entre bairros\" loading=\"lazy\" \/><\/p>\n<h2>Impactos Positivos na Mobilidade Urbana<\/h2>\n<p>A interliga\u00e7\u00e3o entre os bairros Santa Teresinha e Ondas tem a capacidade de trazer diversos impactos positivos para a mobilidade urbana em Piracicaba. Ao melhorar a fluidez do tr\u00e2nsito, a nova via ir\u00e1 ajudar a organizar melhor o tr\u00e1fego, o que resultar\u00e1 em menos congestionamentos e maior seguran\u00e7a nas estradas. Al\u00e9m disso, com uma melhor distribui\u00e7\u00e3o do tr\u00e1fego, as estradas existentes poder\u00e3o funcionar dentro de suas capacidades ideais, reduzindo a carga em vias saturadas.<\/p>\n<h2>Redu\u00e7\u00e3o do Tempo de Viagem<\/h2>\n<p>Um dos principais benef\u00edcios esperados com a implementa\u00e7\u00e3o da nova via \u00e9 a significativa redu\u00e7\u00e3o no tempo de deslocamento. Atualmente, muitos motoristas enfrentam longas esperas devido ao tr\u00e1fego intenso nas entradas da cidade, especialmente durante os hor\u00e1rios de pico. Com a nova interliga\u00e7\u00e3o, estima-se que os trajetos se tornem mais diretos e r\u00e1pidos, impactando positivamente a rotina dos moradores e proporcionando mais tempo livre para atividades pessoais e familiares.<\/p>\n<h2>Benef\u00edcios para a Seguran\u00e7a do Tr\u00e2nsito<\/h2>\n<p>A nova liga\u00e7\u00e3o proposta n\u00e3o apenas melhora a efici\u00eancia do tr\u00e1fego, mas tamb\u00e9m apresenta benef\u00edcios consider\u00e1veis em termos de seguran\u00e7a. A estrutura\u00e7\u00e3o de uma nova via adequadamente projetada permitir\u00e1 que o tr\u00e2nsito flua de maneira mais ordenada e previs\u00edvel. Al\u00e9m disso, a diminui\u00e7\u00e3o da carga nas vias existentes reduzir\u00e1 o risco de acidentes, uma vez que ter\u00e1 menos ve\u00edculos competindo pelo mesmo espa\u00e7o na estrada.<\/p>\n<h2>Integra\u00e7\u00e3o dos Bairros<\/h2>\n<p>Um dos aspectos mais relevantes do projeto \u00e9 sua capacidade de promover a integra\u00e7\u00e3o entre os bairros Santa Teresinha e Ondas. Muitas vezes, a falta de acesso adequado impede a intera\u00e7\u00e3o social e econ\u00f4mica entre comunidades que est\u00e3o t\u00e3o pr\u00f3ximas. Com a interliga\u00e7\u00e3o, espera-se que haja um aumento no com\u00e9rcio local e na movimenta\u00e7\u00e3o social, fortalecendo os la\u00e7os entre os habitantes desses bairros e incentivando uma conviv\u00eancia mais harmoniosa.<\/p>\n<h2>Alternativas de Acesso \u00e0 Rodovia SP-304<\/h2>\n<p>Com a nova via se conectando \u00e0 Rodovia SP-304, a circula\u00e7\u00e3o na regi\u00e3o tende a se tornar mais eficiente. Esta rodovia \u00e9 uma importante via de acesso para quem est\u00e1 se deslocando para outras partes da cidade ou mesmo saindo dela. Assim, novas op\u00e7\u00f5es de entrada e sa\u00edda da rodovia v\u00e3o facilitar a mobilidade n\u00e3o apenas dos moradores, mas de todos que transitam pela regi\u00e3o. A diversifica\u00e7\u00e3o das op\u00e7\u00f5es de acesso \u00e9 uma estrat\u00e9gia vital para a redu\u00e7\u00e3o do congestionamento e para a melhoria geral da infraestrutura de transporte.<\/p>\n<h2>Expectativa da Prefeitura para o Projeto<\/h2>\n<p>A Prefeitura de Piracicaba tem altas expectativas em rela\u00e7\u00e3o a este projeto. Com a inten\u00e7\u00e3o de tornar a cidade um lugar mais acess\u00edvel e organizado, a administra\u00e7\u00e3o municipal acredita que a interliga\u00e7\u00e3o entre os bairros resultar\u00e1 em melhorias significativas na qualidade de vida dos cidad\u00e3os. A prefeitura se empenha para que a constru\u00e7\u00e3o da nova via atenda a todas as necessidades da popula\u00e7\u00e3o, refletindo um planejamento urbano eficaz e consciente.<\/p>\n<h2>Fases Futuras do Projeto de Interliga\u00e7\u00e3o<\/h2>\n<p>Ap\u00f3s a consulta p\u00fablica, o pr\u00f3ximo passo ser\u00e1 avaliar as sugest\u00f5es e opini\u00f5es recebidas da popula\u00e7\u00e3o, ajustando o projeto conforme necess\u00e1rio. Seguindo essa etapa, a prefeitura iniciar\u00e1 os tr\u00e2mites legais e autoriza\u00e7\u00f5es necess\u00e1rias para a execu\u00e7\u00e3o da obra. Uma vez que tudo estiver em ordem, as obras ser\u00e3o iniciadas, e a expectativa \u00e9 que, em um per\u00edodo programado, a nova via esteja completamente operacional, permitindo que seus benef\u00edcios sejam desfrutados pela popula\u00e7\u00e3o.<\\\/p><\/p>\n\n<div style=\"font-size: 0px; height: 0px; line-height: 0px; margin: 0; padding: 0; clear: both;\"><\/div>","protected":false},"excerpt":{"rendered":"<p>Interliga\u00e7\u00e3o entre os bairros Santa Teresinha e Ondas melhora o tr\u00e2nsito.<\/p>\n","protected":false},"author":1,"featured_media":4488,"comment_status":"closed","ping_status":"closed","sticky":false,"template":"","format":"standard","meta":{"footnotes":""},"categories":[6],"tags":[],"class_list":["post-4489","post","type-post","status-publish","format-standard","has-post-thumbnail","hentry","category-noticias-em-piracicaba","has_thumb"],"aioseo_notices":[],"aioseo_head":"\n\t\t<!-- All in One SEO 5.0.0.1 - aioseo.com -->\n\t<meta name=\"robots\" content=\"max-image-preview:large\" \/>\n\t<meta name=\"author\" content=\"Encontra Piracicaba\"\/>\n\t<link rel=\"canonical\" href=\"https:\/\/www.encontrapiracicaba.com.br\/sobre\/consulta-publica-discute-projeto-de-interligacao-entre-bairros-santa-teresinha-e-ondas-em-piracicaba\/\" \/>\n\t<meta name=\"generator\" content=\"All in One SEO (AIOSEO) 5.0.0.1\" \/>\n\t\t<meta property=\"og:locale\" content=\"pt_BR\" \/>\n\t\t<meta property=\"og:site_name\" content=\"Encontra Piracicaba | Not\u00edcias, eventos, informa\u00e7\u00f5es e dicas na cidade de Piracicaba e regi\u00e3o\" \/>\n\t\t<meta property=\"og:type\" content=\"article\" \/>\n\t\t<meta property=\"og:title\" content=\"Consulta p\u00fablica discute projeto de interliga\u00e7\u00e3o entre bairros Santa Teresinha e Ondas em Piracicaba | Encontra Piracicaba\" \/>\n\t\t<meta property=\"og:url\" content=\"https:\/\/www.encontrapiracicaba.com.br\/sobre\/consulta-publica-discute-projeto-de-interligacao-entre-bairros-santa-teresinha-e-ondas-em-piracicaba\/\" \/>\n\t\t<meta property=\"article:published_time\" content=\"2026-04-29T14:54:11+00:00\" \/>\n\t\t<meta property=\"article:modified_time\" content=\"2026-04-29T14:54:11+00:00\" \/>\n\t\t<meta name=\"twitter:card\" content=\"summary\" \/>\n\t\t<meta name=\"twitter:title\" content=\"Consulta p\u00fablica discute projeto de interliga\u00e7\u00e3o entre bairros Santa Teresinha e Ondas em Piracicaba | Encontra Piracicaba\" \/>\n\t\t<script type=\"application\/ld+json\" class=\"aioseo-schema\">\n\t\t\t{\"@context\":\"https:\\\/\\\/schema.org\",\"@graph\":[{\"@type\":\"Article\",\"@id\":\"https:\\\/\\\/www.encontrapiracicaba.com.br\\\/sobre\\\/consulta-publica-discute-projeto-de-interligacao-entre-bairros-santa-teresinha-e-ondas-em-piracicaba\\\/#article\",\"name\":\"Consulta p\\u00fablica discute projeto de interliga\\u00e7\\u00e3o entre bairros Santa Teresinha e Ondas em Piracicaba | Encontra Piracicaba\",\"headline\":\"Consulta p\\u00fablica discute projeto de interliga\\u00e7\\u00e3o entre bairros Santa Teresinha e Ondas em Piracicaba\",\"author\":{\"@id\":\"https:\\\/\\\/www.encontrapiracicaba.com.br\\\/sobre\\\/author\\\/epiracicaba\\\/#author\"},\"publisher\":{\"@id\":\"https:\\\/\\\/www.encontrapiracicaba.com.br\\\/sobre\\\/#organization\"},\"image\":{\"@type\":\"ImageObject\",\"url\":\"https:\\\/\\\/www.encontrapiracicaba.com.br\\\/sobre\\\/wp-content\\\/uploads\\\/consulta-publica-discute-projeto-de-interligacao-entre-bairros-santa-teresinha-e-ondas-em-piracicaba.webp\",\"width\":280,\"height\":280,\"caption\":\"interliga\\u00e7\\u00e3o entre bairros\"},\"datePublished\":\"2026-04-29T11:54:11-03:00\",\"dateModified\":\"2026-04-29T11:54:11-03:00\",\"inLanguage\":\"pt-BR\",\"mainEntityOfPage\":{\"@id\":\"https:\\\/\\\/www.encontrapiracicaba.com.br\\\/sobre\\\/consulta-publica-discute-projeto-de-interligacao-entre-bairros-santa-teresinha-e-ondas-em-piracicaba\\\/#webpage\"},\"isPartOf\":{\"@id\":\"https:\\\/\\\/www.encontrapiracicaba.com.br\\\/sobre\\\/consulta-publica-discute-projeto-de-interligacao-entre-bairros-santa-teresinha-e-ondas-em-piracicaba\\\/#webpage\"},\"articleSection\":\"Not\\u00edcias Piracicaba\"},{\"@type\":\"BreadcrumbList\",\"@id\":\"https:\\\/\\\/www.encontrapiracicaba.com.br\\\/sobre\\\/consulta-publica-discute-projeto-de-interligacao-entre-bairros-santa-teresinha-e-ondas-em-piracicaba\\\/#breadcrumblist\",\"itemListElement\":[{\"@type\":\"ListItem\",\"@id\":\"https:\\\/\\\/www.encontrapiracicaba.com.br\\\/sobre#listItem\",\"position\":1,\"name\":\"In\\u00edcio\",\"item\":\"https:\\\/\\\/www.encontrapiracicaba.com.br\\\/sobre\",\"nextItem\":{\"@type\":\"ListItem\",\"@id\":\"https:\\\/\\\/www.encontrapiracicaba.com.br\\\/sobre\\\/noticias-em-piracicaba\\\/#listItem\",\"name\":\"Not\\u00edcias Piracicaba\"}},{\"@type\":\"ListItem\",\"@id\":\"https:\\\/\\\/www.encontrapiracicaba.com.br\\\/sobre\\\/noticias-em-piracicaba\\\/#listItem\",\"position\":2,\"name\":\"Not\\u00edcias Piracicaba\",\"item\":\"https:\\\/\\\/www.encontrapiracicaba.com.br\\\/sobre\\\/noticias-em-piracicaba\\\/\",\"nextItem\":{\"@type\":\"ListItem\",\"@id\":\"https:\\\/\\\/www.encontrapiracicaba.com.br\\\/sobre\\\/consulta-publica-discute-projeto-de-interligacao-entre-bairros-santa-teresinha-e-ondas-em-piracicaba\\\/#listItem\",\"name\":\"Consulta p\\u00fablica discute projeto de interliga\\u00e7\\u00e3o entre bairros Santa Teresinha e Ondas em Piracicaba\"},\"previousItem\":{\"@type\":\"ListItem\",\"@id\":\"https:\\\/\\\/www.encontrapiracicaba.com.br\\\/sobre#listItem\",\"name\":\"In\\u00edcio\"}},{\"@type\":\"ListItem\",\"@id\":\"https:\\\/\\\/www.encontrapiracicaba.com.br\\\/sobre\\\/consulta-publica-discute-projeto-de-interligacao-entre-bairros-santa-teresinha-e-ondas-em-piracicaba\\\/#listItem\",\"position\":3,\"name\":\"Consulta p\\u00fablica discute projeto de interliga\\u00e7\\u00e3o entre bairros Santa Teresinha e Ondas em Piracicaba\",\"previousItem\":{\"@type\":\"ListItem\",\"@id\":\"https:\\\/\\\/www.encontrapiracicaba.com.br\\\/sobre\\\/noticias-em-piracicaba\\\/#listItem\",\"name\":\"Not\\u00edcias Piracicaba\"}}]},{\"@type\":\"Organization\",\"@id\":\"https:\\\/\\\/www.encontrapiracicaba.com.br\\\/sobre\\\/#organization\",\"name\":\"Encontra Piracicaba\",\"description\":\"Not\\u00edcias, eventos, informa\\u00e7\\u00f5es e dicas na cidade de Piracicaba e regi\\u00e3o\",\"url\":\"https:\\\/\\\/www.encontrapiracicaba.com.br\\\/sobre\\\/\"},{\"@type\":\"Person\",\"@id\":\"https:\\\/\\\/www.encontrapiracicaba.com.br\\\/sobre\\\/author\\\/epiracicaba\\\/#author\",\"url\":\"https:\\\/\\\/www.encontrapiracicaba.com.br\\\/sobre\\\/author\\\/epiracicaba\\\/\",\"name\":\"Encontra Piracicaba\",\"image\":{\"@type\":\"ImageObject\",\"@id\":\"https:\\\/\\\/www.encontrapiracicaba.com.br\\\/sobre\\\/consulta-publica-discute-projeto-de-interligacao-entre-bairros-santa-teresinha-e-ondas-em-piracicaba\\\/#authorImage\",\"url\":\"https:\\\/\\\/secure.gravatar.com\\\/avatar\\\/507340682b8270222e1f208e23198b6ae7e2c6a1033ae84e99bc6bce4f82a387?s=96&d=mm&r=g\",\"width\":96,\"height\":96,\"caption\":\"Encontra Piracicaba\"}},{\"@type\":\"WebPage\",\"@id\":\"https:\\\/\\\/www.encontrapiracicaba.com.br\\\/sobre\\\/consulta-publica-discute-projeto-de-interligacao-entre-bairros-santa-teresinha-e-ondas-em-piracicaba\\\/#webpage\",\"url\":\"https:\\\/\\\/www.encontrapiracicaba.com.br\\\/sobre\\\/consulta-publica-discute-projeto-de-interligacao-entre-bairros-santa-teresinha-e-ondas-em-piracicaba\\\/\",\"name\":\"Consulta p\\u00fablica discute projeto de interliga\\u00e7\\u00e3o entre bairros Santa Teresinha e Ondas em Piracicaba | Encontra Piracicaba\",\"inLanguage\":\"pt-BR\",\"isPartOf\":{\"@id\":\"https:\\\/\\\/www.encontrapiracicaba.com.br\\\/sobre\\\/#website\"},\"breadcrumb\":{\"@id\":\"https:\\\/\\\/www.encontrapiracicaba.com.br\\\/sobre\\\/consulta-publica-discute-projeto-de-interligacao-entre-bairros-santa-teresinha-e-ondas-em-piracicaba\\\/#breadcrumblist\"},\"author\":{\"@id\":\"https:\\\/\\\/www.encontrapiracicaba.com.br\\\/sobre\\\/author\\\/epiracicaba\\\/#author\"},\"creator\":{\"@id\":\"https:\\\/\\\/www.encontrapiracicaba.com.br\\\/sobre\\\/author\\\/epiracicaba\\\/#author\"},\"image\":{\"@type\":\"ImageObject\",\"url\":\"https:\\\/\\\/www.encontrapiracicaba.com.br\\\/sobre\\\/wp-content\\\/uploads\\\/consulta-publica-discute-projeto-de-interligacao-entre-bairros-santa-teresinha-e-ondas-em-piracicaba.webp\",\"@id\":\"https:\\\/\\\/www.encontrapiracicaba.com.br\\\/sobre\\\/consulta-publica-discute-projeto-de-interligacao-entre-bairros-santa-teresinha-e-ondas-em-piracicaba\\\/#mainImage\",\"width\":280,\"height\":280,\"caption\":\"interliga\\u00e7\\u00e3o entre bairros\"},\"primaryImageOfPage\":{\"@id\":\"https:\\\/\\\/www.encontrapiracicaba.com.br\\\/sobre\\\/consulta-publica-discute-projeto-de-interligacao-entre-bairros-santa-teresinha-e-ondas-em-piracicaba\\\/#mainImage\"},\"datePublished\":\"2026-04-29T11:54:11-03:00\",\"dateModified\":\"2026-04-29T11:54:11-03:00\"},{\"@type\":\"WebSite\",\"@id\":\"https:\\\/\\\/www.encontrapiracicaba.com.br\\\/sobre\\\/#website\",\"url\":\"https:\\\/\\\/www.encontrapiracicaba.com.br\\\/sobre\\\/\",\"name\":\"Encontra Piracicaba\",\"description\":\"Not\\u00edcias, eventos, informa\\u00e7\\u00f5es e dicas na cidade de Piracicaba e regi\\u00e3o\",\"inLanguage\":\"pt-BR\",\"publisher\":{\"@id\":\"https:\\\/\\\/www.encontrapiracicaba.com.br\\\/sobre\\\/#organization\"}}]}\n\t\t<\/script>\n\t\t<!-- All in One SEO -->\n\n","aioseo_head_json":{"title":"Consulta p\u00fablica discute projeto de interliga\u00e7\u00e3o entre bairros Santa Teresinha e Ondas em Piracicaba | Encontra Piracicaba","description":"","canonical_url":"https:\/\/www.encontrapiracicaba.com.br\/sobre\/consulta-publica-discute-projeto-de-interligacao-entre-bairros-santa-teresinha-e-ondas-em-piracicaba\/","robots":"max-image-preview:large","keywords":"","webmasterTools":{"miscellaneous":""},"schema":{"@context":"https:\/\/schema.org","@graph":[{"@type":"Article","@id":"https:\/\/www.encontrapiracicaba.com.br\/sobre\/consulta-publica-discute-projeto-de-interligacao-entre-bairros-santa-teresinha-e-ondas-em-piracicaba\/#article","name":"Consulta p\u00fablica discute projeto de interliga\u00e7\u00e3o entre bairros Santa Teresinha e Ondas em Piracicaba | Encontra Piracicaba","headline":"Consulta p\u00fablica discute projeto de interliga\u00e7\u00e3o entre bairros Santa Teresinha e Ondas em Piracicaba","author":{"@id":"https:\/\/www.encontrapiracicaba.com.br\/sobre\/author\/epiracicaba\/#author"},"publisher":{"@id":"https:\/\/www.encontrapiracicaba.com.br\/sobre\/#organization"},"image":{"@type":"ImageObject","url":"https:\/\/www.encontrapiracicaba.com.br\/sobre\/wp-content\/uploads\/consulta-publica-discute-projeto-de-interligacao-entre-bairros-santa-teresinha-e-ondas-em-piracicaba.webp","width":280,"height":280,"caption":"interliga\u00e7\u00e3o entre bairros"},"datePublished":"2026-04-29T11:54:11-03:00","dateModified":"2026-04-29T11:54:11-03:00","inLanguage":"pt-BR","mainEntityOfPage":{"@id":"https:\/\/www.encontrapiracicaba.com.br\/sobre\/consulta-publica-discute-projeto-de-interligacao-entre-bairros-santa-teresinha-e-ondas-em-piracicaba\/#webpage"},"isPartOf":{"@id":"https:\/\/www.encontrapiracicaba.com.br\/sobre\/consulta-publica-discute-projeto-de-interligacao-entre-bairros-santa-teresinha-e-ondas-em-piracicaba\/#webpage"},"articleSection":"Not\u00edcias Piracicaba"},{"@type":"BreadcrumbList","@id":"https:\/\/www.encontrapiracicaba.com.br\/sobre\/consulta-publica-discute-projeto-de-interligacao-entre-bairros-santa-teresinha-e-ondas-em-piracicaba\/#breadcrumblist","itemListElement":[{"@type":"ListItem","@id":"https:\/\/www.encontrapiracicaba.com.br\/sobre#listItem","position":1,"name":"In\u00edcio","item":"https:\/\/www.encontrapiracicaba.com.br\/sobre","nextItem":{"@type":"ListItem","@id":"https:\/\/www.encontrapiracicaba.com.br\/sobre\/noticias-em-piracicaba\/#listItem","name":"Not\u00edcias Piracicaba"}},{"@type":"ListItem","@id":"https:\/\/www.encontrapiracicaba.com.br\/sobre\/noticias-em-piracicaba\/#listItem","position":2,"name":"Not\u00edcias Piracicaba","item":"https:\/\/www.encontrapiracicaba.com.br\/sobre\/noticias-em-piracicaba\/","nextItem":{"@type":"ListItem","@id":"https:\/\/www.encontrapiracicaba.com.br\/sobre\/consulta-publica-discute-projeto-de-interligacao-entre-bairros-santa-teresinha-e-ondas-em-piracicaba\/#listItem","name":"Consulta p\u00fablica discute projeto de interliga\u00e7\u00e3o entre bairros Santa Teresinha e Ondas em Piracicaba"},"previousItem":{"@type":"ListItem","@id":"https:\/\/www.encontrapiracicaba.com.br\/sobre#listItem","name":"In\u00edcio"}},{"@type":"ListItem","@id":"https:\/\/www.encontrapiracicaba.com.br\/sobre\/consulta-publica-discute-projeto-de-interligacao-entre-bairros-santa-teresinha-e-ondas-em-piracicaba\/#listItem","position":3,"name":"Consulta p\u00fablica discute projeto de interliga\u00e7\u00e3o entre bairros Santa Teresinha e Ondas em Piracicaba","previousItem":{"@type":"ListItem","@id":"https:\/\/www.encontrapiracicaba.com.br\/sobre\/noticias-em-piracicaba\/#listItem","name":"Not\u00edcias Piracicaba"}}]},{"@type":"Organization","@id":"https:\/\/www.encontrapiracicaba.com.br\/sobre\/#organization","name":"Encontra Piracicaba","description":"Not\u00edcias, eventos, informa\u00e7\u00f5es e dicas na cidade de Piracicaba e regi\u00e3o","url":"https:\/\/www.encontrapiracicaba.com.br\/sobre\/"},{"@type":"Person","@id":"https:\/\/www.encontrapiracicaba.com.br\/sobre\/author\/epiracicaba\/#author","url":"https:\/\/www.encontrapiracicaba.com.br\/sobre\/author\/epiracicaba\/","name":"Encontra Piracicaba","image":{"@type":"ImageObject","@id":"https:\/\/www.encontrapiracicaba.com.br\/sobre\/consulta-publica-discute-projeto-de-interligacao-entre-bairros-santa-teresinha-e-ondas-em-piracicaba\/#authorImage","url":"https:\/\/secure.gravatar.com\/avatar\/507340682b8270222e1f208e23198b6ae7e2c6a1033ae84e99bc6bce4f82a387?s=96&d=mm&r=g","width":96,"height":96,"caption":"Encontra Piracicaba"}},{"@type":"WebPage","@id":"https:\/\/www.encontrapiracicaba.com.br\/sobre\/consulta-publica-discute-projeto-de-interligacao-entre-bairros-santa-teresinha-e-ondas-em-piracicaba\/#webpage","url":"https:\/\/www.encontrapiracicaba.com.br\/sobre\/consulta-publica-discute-projeto-de-interligacao-entre-bairros-santa-teresinha-e-ondas-em-piracicaba\/","name":"Consulta p\u00fablica discute projeto de interliga\u00e7\u00e3o entre bairros Santa Teresinha e Ondas em Piracicaba | Encontra Piracicaba","inLanguage":"pt-BR","isPartOf":{"@id":"https:\/\/www.encontrapiracicaba.com.br\/sobre\/#website"},"breadcrumb":{"@id":"https:\/\/www.encontrapiracicaba.com.br\/sobre\/consulta-publica-discute-projeto-de-interligacao-entre-bairros-santa-teresinha-e-ondas-em-piracicaba\/#breadcrumblist"},"author":{"@id":"https:\/\/www.encontrapiracicaba.com.br\/sobre\/author\/epiracicaba\/#author"},"creator":{"@id":"https:\/\/www.encontrapiracicaba.com.br\/sobre\/author\/epiracicaba\/#author"},"image":{"@type":"ImageObject","url":"https:\/\/www.encontrapiracicaba.com.br\/sobre\/wp-content\/uploads\/consulta-publica-discute-projeto-de-interligacao-entre-bairros-santa-teresinha-e-ondas-em-piracicaba.webp","@id":"https:\/\/www.encontrapiracicaba.com.br\/sobre\/consulta-publica-discute-projeto-de-interligacao-entre-bairros-santa-teresinha-e-ondas-em-piracicaba\/#mainImage","width":280,"height":280,"caption":"interliga\u00e7\u00e3o entre bairros"},"primaryImageOfPage":{"@id":"https:\/\/www.encontrapiracicaba.com.br\/sobre\/consulta-publica-discute-projeto-de-interligacao-entre-bairros-santa-teresinha-e-ondas-em-piracicaba\/#mainImage"},"datePublished":"2026-04-29T11:54:11-03:00","dateModified":"2026-04-29T11:54:11-03:00"},{"@type":"WebSite","@id":"https:\/\/www.encontrapiracicaba.com.br\/sobre\/#website","url":"https:\/\/www.encontrapiracicaba.com.br\/sobre\/","name":"Encontra Piracicaba","description":"Not\u00edcias, eventos, informa\u00e7\u00f5es e dicas na cidade de Piracicaba e regi\u00e3o","inLanguage":"pt-BR","publisher":{"@id":"https:\/\/www.encontrapiracicaba.com.br\/sobre\/#organization"}}]},"og:locale":"pt_BR","og:site_name":"Encontra Piracicaba | Not\u00edcias, eventos, informa\u00e7\u00f5es e dicas na cidade de Piracicaba e regi\u00e3o","og:type":"article","og:title":"Consulta p\u00fablica discute projeto de interliga\u00e7\u00e3o entre bairros Santa Teresinha e Ondas em Piracicaba | Encontra Piracicaba","og:url":"https:\/\/www.encontrapiracicaba.com.br\/sobre\/consulta-publica-discute-projeto-de-interligacao-entre-bairros-santa-teresinha-e-ondas-em-piracicaba\/","article:published_time":"2026-04-29T14:54:11+00:00","article:modified_time":"2026-04-29T14:54:11+00:00","twitter:card":"summary","twitter:title":"Consulta p\u00fablica discute projeto de interliga\u00e7\u00e3o entre bairros Santa Teresinha e Ondas em Piracicaba | Encontra Piracicaba"},"aioseo_meta_data":{"post_id":"4489","title":null,"description":null,"keywords":null,"keyphrases":null,"primary_term":null,"canonical_url":null,"og_title":null,"og_description":null,"og_object_type":"default","og_image_type":"default","og_image_url":null,"og_image_width":null,"og_image_height":null,"og_image_custom_url":null,"og_image_custom_fields":null,"og_video":null,"og_custom_url":null,"og_article_section":null,"og_article_tags":null,"twitter_use_og":false,"twitter_card":"default","twitter_image_type":"default","twitter_image_url":null,"twitter_image_custom_url":null,"twitter_image_custom_fields":null,"twitter_title":null,"twitter_description":null,"schema":{"blockGraphs":[],"customGraphs":[],"default":{"data":{"Article":[],"Course":[],"Dataset":[],"FAQPage":[],"Movie":[],"Person":[],"Product":[],"ProductReview":[],"Car":[],"Recipe":[],"Service":[],"SoftwareApplication":[],"WebPage":[]},"graphName":"Article","isEnabled":true},"graphs":[]},"schema_type":"default","schema_type_options":null,"pillar_content":false,"robots_default":true,"robots_noindex":false,"robots_noarchive":false,"robots_nosnippet":false,"robots_nofollow":false,"robots_noimageindex":false,"robots_noodp":false,"robots_notranslate":false,"robots_max_snippet":null,"robots_max_videopreview":null,"robots_max_imagepreview":"large","priority":null,"frequency":null,"local_seo":null,"breadcrumb_settings":null,"limit_modified_date":false,"ai":null,"created":"2026-04-29 14:54:17","updated":"2026-04-29 15:05:39","focus_keyword":null,"additional_keywords":null,"truseo_locale":null,"seo_analyzer_scan_date":null},"aioseo_breadcrumb":"<div class=\"aioseo-breadcrumbs\"><span class=\"aioseo-breadcrumb\">\n\t\t\t<a href=\"https:\/\/www.encontrapiracicaba.com.br\/sobre\" title=\"In\u00edcio\">In\u00edcio<\/a>\n\t\t<\/span><span class=\"aioseo-breadcrumb-separator\">&raquo;<\/span><span class=\"aioseo-breadcrumb\">\n\t\t\t<a href=\"https:\/\/www.encontrapiracicaba.com.br\/sobre\/noticias-em-piracicaba\/\" title=\"Not\u00edcias Piracicaba\">Not\u00edcias Piracicaba<\/a>\n\t\t<\/span><span class=\"aioseo-breadcrumb-separator\">&raquo;<\/span><span class=\"aioseo-breadcrumb\">\n\t\t\tConsulta p\u00fablica discute projeto de interliga\u00e7\u00e3o entre bairros Santa Teresinha e Ondas em Piracicaba\n\t\t<\/span><\/div>","aioseo_breadcrumb_json":[{"label":"In\u00edcio","link":"https:\/\/www.encontrapiracicaba.com.br\/sobre"},{"label":"Not\u00edcias Piracicaba","link":"https:\/\/www.encontrapiracicaba.com.br\/sobre\/noticias-em-piracicaba\/"},{"label":"Consulta p\u00fablica discute projeto de interliga\u00e7\u00e3o entre bairros Santa Teresinha e Ondas em Piracicaba","link":"https:\/\/www.encontrapiracicaba.com.br\/sobre\/consulta-publica-discute-projeto-de-interligacao-entre-bairros-santa-teresinha-e-ondas-em-piracicaba\/"}],"_links":{"self":[{"href":"https:\/\/www.encontrapiracicaba.com.br\/sobre\/wp-json\/wp\/v2\/posts\/4489","targetHints":{"allow":["GET"]}}],"collection":[{"href":"https:\/\/www.encontrapiracicaba.com.br\/sobre\/wp-json\/wp\/v2\/posts"}],"about":[{"href":"https:\/\/www.encontrapiracicaba.com.br\/sobre\/wp-json\/wp\/v2\/types\/post"}],"author":[{"embeddable":true,"href":"https:\/\/www.encontrapiracicaba.com.br\/sobre\/wp-json\/wp\/v2\/users\/1"}],"replies":[{"embeddable":true,"href":"https:\/\/www.encontrapiracicaba.com.br\/sobre\/wp-json\/wp\/v2\/comments?post=4489"}],"version-history":[{"count":0,"href":"https:\/\/www.encontrapiracicaba.com.br\/sobre\/wp-json\/wp\/v2\/posts\/4489\/revisions"}],"wp:featuredmedia":[{"embeddable":true,"href":"https:\/\/www.encontrapiracicaba.com.br\/sobre\/wp-json\/wp\/v2\/media\/4488"}],"wp:attachment":[{"href":"https:\/\/www.encontrapiracicaba.com.br\/sobre\/wp-json\/wp\/v2\/media?parent=4489"}],"wp:term":[{"taxonomy":"category","embeddable":true,"href":"https:\/\/www.encontrapiracicaba.com.br\/sobre\/wp-json\/wp\/v2\/categories?post=4489"},{"taxonomy":"post_tag","embeddable":true,"href":"https:\/\/www.encontrapiracicaba.com.br\/sobre\/wp-json\/wp\/v2\/tags?post=4489"}],"curies":[{"name":"wp","href":"https:\/\/api.w.org\/{rel}","templated":true}]}}