{"id":4502,"date":"2026-05-03T11:28:08","date_gmt":"2026-05-03T14:28:08","guid":{"rendered":"https:\/\/www.encontrapiracicaba.com.br\/sobre\/passarela-vai-ligar-area-de-lazer-do-trabalhador-ao-parque-da-rua-do-porto\/"},"modified":"2026-05-03T11:28:08","modified_gmt":"2026-05-03T14:28:08","slug":"passarela-vai-ligar-area-de-lazer-do-trabalhador-ao-parque-da-rua-do-porto","status":"publish","type":"post","link":"https:\/\/www.encontrapiracicaba.com.br\/sobre\/passarela-vai-ligar-area-de-lazer-do-trabalhador-ao-parque-da-rua-do-porto\/","title":{"rendered":"Passarela vai ligar \u00c1rea de Lazer do Trabalhador ao Parque da Rua do Porto"},"content":{"rendered":"<div class=\"85df007ed5c0c4d4b453fd13a37855e8\" data-index=\"1\" style=\"float: none; margin:0px;\">\n<!-- Anuncio display - global -->\r\n<ins class=\"adsbygoogle\"\r\n     style=\"display:block\"\r\n     data-ad-client=\"ca-pub-8585364105181520\"\r\n     data-ad-slot=\"8789329856\"\r\n     data-ad-format=\"auto\"\r\n     data-full-width-responsive=\"true\"><\/ins>\r\n<script>\r\n     (adsbygoogle = window.adsbygoogle || []).push({});\r\n<\/script>\n<\/div>\n<h2>A Import\u00e2ncia da Nova Passarela<\/h2>\n<p>A constru\u00e7\u00e3o de uma nova passarela que ligar\u00e1 a \u00c1rea de Lazer do Trabalhador ao Parque da Rua do Porto \u00e9 uma iniciativa que traz consigo v\u00e1rias vantagens significativas. Este projeto n\u00e3o apenas facilita a locomo\u00e7\u00e3o dos cidad\u00e3os, mas tamb\u00e9m contribui para a valoriza\u00e7\u00e3o de uma das regi\u00f5es mais apreciadas da cidade. A passagem promover\u00e1 um acesso mais tranquilo e seguro, favorecendo tanto moradores quanto visitantes, e refor\u00e7ando a ideia de que os espa\u00e7os p\u00fablicos devem ser acess\u00edveis a todos.<\/p>\n<h2>Detalhes do Projeto de Mobilidade<\/h2>\n<p>O plano para a nova passarela \u00e9 elaborado meticulosamente para garantir uma jornada confort\u00e1vel para os pedestres. A estrutura ser\u00e1 met\u00e1lica e contar\u00e1 com uma cobertura de policarbonato, que protege os transeuntes de condi\u00e7\u00f5es clim\u00e1ticas adversas, como sol forte e chuvas. A passarela permitir\u00e1 uma travessia cont\u00ednua sobre a movimentada Avenida Dr. Paulo de Moraes, assegurando que os pedestres cheguem ao destino sem interrup\u00e7\u00f5es. O design busca considerar a est\u00e9tica, mas \u00e9 fundamentalmente funcional, oferecendo acessibilidade plena.<\/p>\n<h2>Benef\u00edcios para os Pedestres<\/h2>\n<p>Os benef\u00edcios dessa nova passarela s\u00e3o amplos e incluem:<\/p>\n<p><img decoding=\"async\" src=\"https:\/\/www.encontrapiracicaba.com.br\/sobre\/wp-content\/uploads\/passarela-vai-ligar-area-de-lazer-do-trabalhador-ao-parque-da-rua-do-porto.webp\" alt=\"passarela \u00e1rea de lazer do trabalhador parque da rua do porto\" loading=\"lazy\" \/><\/p>\n<ul>\n<li><strong>Aumento da Seguran\u00e7a:<\/strong> Pedestres poder\u00e3o atravessar a avenida sem o risco de ve\u00edculos, tornando a mobilidade urbana mais segura.<\/li>\n<li><strong>Conforto e Acessibilidade:<\/strong> A passarela ser\u00e1 projetada com crit\u00e9rios que atendem a todas as necessidades, incluindo pessoas com mobilidade reduzida.<\/li>\n<li><strong>Valoriza\u00e7\u00e3o do Espa\u00e7o P\u00fablico:<\/strong> A nova estrutura ter\u00e1 impacto positivo na degrada\u00e7\u00e3o visual da \u00e1rea, criando um ambiente mais agrad\u00e1vel.<\/li>\n<\/ul>\n<h2>Como a Passarela Melhorar\u00e1 o Tr\u00e1fego<\/h2>\n<p>Uma das grandes preocupa\u00e7\u00f5es nos centros urbanos \u00e9 a fluidez do tr\u00e1fego, tanto de ve\u00edculos quanto de pedestres. Com a nova passarela, espera-se uma diminui\u00e7\u00e3o significativa do fluxo de pedestres nas faixas de rodagem, permitindo que os ve\u00edculos trafeguem com mais efici\u00eancia. A interven\u00e7\u00e3o \u00e9 parte de um plano maior de melhorias na mobilidade urbana, visando a organiza\u00e7\u00e3o do espa\u00e7o e a seguran\u00e7a de todos os usu\u00e1rios da via.<\/p>\n<h2>Impacto na Valoriza\u00e7\u00e3o da Regi\u00e3o<\/h2>\n<p>A liga\u00e7\u00e3o entre a \u00c1rea de Lazer do Trabalhador e o Parque da Rua do Porto representa um investimento na infraestrutura da cidade, que poder\u00e1 levar \u00e0 valoriza\u00e7\u00e3o da regi\u00e3o. Um espa\u00e7o acess\u00edvel e bem constru\u00eddo tende a atrair mais visitantes e, consequentemente, estimular o com\u00e9rcio local. Al\u00e9m disso, a passarela pode se tornar um cart\u00e3o-postal da cidade, atraindo turismo e promovendo atividades culturais e sociais.<\/p>\n<h2>Design Inovador da Estrutura<\/h2>\n<p>Visualmente, a passarela ser\u00e1 uma obra impactante. Com design futurista que evoca a leveza das estruturas modernas, a inten\u00e7\u00e3o \u00e9 que a passarela se destaque como um marco na paisagem urbana de Piracicaba. A estrutura met\u00e1lica ser\u00e1 complementada por elementos de ilumina\u00e7\u00e3o que real\u00e7am sua beleza e seguran\u00e7a durante a noite, criando um novo espa\u00e7o social. Esse aspecto est\u00e9tico \u00e9 essencial para a conex\u00e3o das pessoas com o ambiente urbano, tornando-o n\u00e3o apenas um caminho, mas uma experi\u00eancia.<\/p>\n<h2>Financiamento e Licita\u00e7\u00e3o da Obra<\/h2>\n<p>A execu\u00e7\u00e3o desse projeto est\u00e1 or\u00e7ada em cerca de R$ 6.397.161,36 e ser\u00e1 realizada atrav\u00e9s de um processo de licita\u00e7\u00e3o p\u00fablica coordenado pela Prefeitura e a Secretaria de Obras, Infraestrutura e Servi\u00e7os P\u00fablicos. O edital foi publicado no Di\u00e1rio Oficial e as propostas poder\u00e3o ser apresentadas at\u00e9 o dia 09 de junho. A expectativa \u00e9 que a obra comece logo ap\u00f3s a conclus\u00e3o da fase de sele\u00e7\u00e3o, com um prazo de execu\u00e7\u00e3o de nove meses, garantido atrav\u00e9s dos regulamentos vigentes.<\/p>\n<h2>Depoimentos do Prefeito Helinho Zanatta<\/h2>\n<p>Segundo o prefeito Helinho Zanatta, a nova passarela \u00e9 uma medida essencial para promover a seguran\u00e7a e a melhoria da mobilidade dos pedestres em uma \u00e1rea extremamente visitada. &#8220;Essa passo vai n\u00e3o s\u00f3 organizar melhor o tr\u00e2nsito, mas vai tamb\u00e9m valorizar o espa\u00e7o, ampliando o potencial tur\u00edstico e de conviv\u00eancia da regi\u00e3o&#8221;, destacou. A vis\u00e3o do prefeito \u00e9 de uma cidade mais inclusiva, onde todos possam desfrutar dos espa\u00e7os p\u00fablicos com tranquilidade.<\/p>\n<h2>Expectativas Para o Futuro<\/h2>\n<p>As expectativas em torno da passarela s\u00e3o altas, tanto pelo potencial de melhorar a mobilidade quanto pela valoriza\u00e7\u00e3o do entorno. O projeto est\u00e1 inserido em um contexto de revitaliza\u00e7\u00e3o da orla da Rua do Porto, que busca integrar melhor os espa\u00e7os e proporcionar uma experi\u00eancia mais rica para moradores e visitantes. Espera-se que a nova passarela atraia mais pessoas aos parques e \u00e1reas de lazer, promovendo uma vida urbana mais vibrante.<\/p>\n<h2>Como Acesso e Acessibilidade Ser\u00e3o Garantidos<\/h2>\n<p>Um dos pilares do projeto \u00e9 a acessibilidade, assegurando que todos possam usufruir da nova passarela, independentemente de suas limita\u00e7\u00f5es. Ser\u00e3o implementadas rampas, sinaliza\u00e7\u00f5es adequadas e outros recursos que visam facilitar o uso por pessoas com defici\u00eancia. As diretrizes de urbanismo modernas est\u00e3o sendo seguidas para garantir que o espa\u00e7o atenda \u00e0s normas e expectativas atuais, promovendo um ambiente inclusivo e acolhedor.<\/p>\n\n<div style=\"font-size: 0px; height: 0px; line-height: 0px; margin: 0; padding: 0; clear: both;\"><\/div>","protected":false},"excerpt":{"rendered":"<p>Passarela conecta \u00c1rea de Lazer do Trabalhador ao Parque da Rua do Porto, melhorando a mobilidade na regi\u00e3o.<\/p>\n","protected":false},"author":1,"featured_media":4501,"comment_status":"closed","ping_status":"closed","sticky":false,"template":"","format":"standard","meta":{"footnotes":""},"categories":[6],"tags":[],"class_list":["post-4502","post","type-post","status-publish","format-standard","has-post-thumbnail","hentry","category-noticias-em-piracicaba","has_thumb"],"aioseo_notices":[],"aioseo_head":"\n\t\t<!-- All in One SEO 5.0.0.1 - aioseo.com -->\n\t<meta name=\"robots\" content=\"max-image-preview:large\" \/>\n\t<meta name=\"author\" content=\"Encontra Piracicaba\"\/>\n\t<link rel=\"canonical\" href=\"https:\/\/www.encontrapiracicaba.com.br\/sobre\/passarela-vai-ligar-area-de-lazer-do-trabalhador-ao-parque-da-rua-do-porto\/\" \/>\n\t<meta name=\"generator\" content=\"All in One SEO (AIOSEO) 5.0.0.1\" \/>\n\t\t<meta property=\"og:locale\" content=\"pt_BR\" \/>\n\t\t<meta property=\"og:site_name\" content=\"Encontra Piracicaba | Not\u00edcias, eventos, informa\u00e7\u00f5es e dicas na cidade de Piracicaba e regi\u00e3o\" \/>\n\t\t<meta property=\"og:type\" content=\"article\" \/>\n\t\t<meta property=\"og:title\" content=\"Passarela vai ligar \u00c1rea de Lazer do Trabalhador ao Parque da Rua do Porto | Encontra Piracicaba\" \/>\n\t\t<meta property=\"og:url\" content=\"https:\/\/www.encontrapiracicaba.com.br\/sobre\/passarela-vai-ligar-area-de-lazer-do-trabalhador-ao-parque-da-rua-do-porto\/\" \/>\n\t\t<meta property=\"article:published_time\" content=\"2026-05-03T14:28:08+00:00\" \/>\n\t\t<meta property=\"article:modified_time\" content=\"2026-05-03T14:28:08+00:00\" \/>\n\t\t<meta name=\"twitter:card\" content=\"summary\" \/>\n\t\t<meta name=\"twitter:title\" content=\"Passarela vai ligar \u00c1rea de Lazer do Trabalhador ao Parque da Rua do Porto | Encontra Piracicaba\" \/>\n\t\t<script type=\"application\/ld+json\" class=\"aioseo-schema\">\n\t\t\t{\"@context\":\"https:\\\/\\\/schema.org\",\"@graph\":[{\"@type\":\"Article\",\"@id\":\"https:\\\/\\\/www.encontrapiracicaba.com.br\\\/sobre\\\/passarela-vai-ligar-area-de-lazer-do-trabalhador-ao-parque-da-rua-do-porto\\\/#article\",\"name\":\"Passarela vai ligar \\u00c1rea de Lazer do Trabalhador ao Parque da Rua do Porto | Encontra Piracicaba\",\"headline\":\"Passarela vai ligar \\u00c1rea de Lazer do Trabalhador ao Parque da Rua do Porto\",\"author\":{\"@id\":\"https:\\\/\\\/www.encontrapiracicaba.com.br\\\/sobre\\\/author\\\/epiracicaba\\\/#author\"},\"publisher\":{\"@id\":\"https:\\\/\\\/www.encontrapiracicaba.com.br\\\/sobre\\\/#organization\"},\"image\":{\"@type\":\"ImageObject\",\"url\":\"https:\\\/\\\/www.encontrapiracicaba.com.br\\\/sobre\\\/wp-content\\\/uploads\\\/passarela-vai-ligar-area-de-lazer-do-trabalhador-ao-parque-da-rua-do-porto.webp\",\"width\":280,\"height\":280,\"caption\":\"passarela \\u00e1rea de lazer do trabalhador parque da rua do porto\"},\"datePublished\":\"2026-05-03T11:28:08-03:00\",\"dateModified\":\"2026-05-03T11:28:08-03:00\",\"inLanguage\":\"pt-BR\",\"mainEntityOfPage\":{\"@id\":\"https:\\\/\\\/www.encontrapiracicaba.com.br\\\/sobre\\\/passarela-vai-ligar-area-de-lazer-do-trabalhador-ao-parque-da-rua-do-porto\\\/#webpage\"},\"isPartOf\":{\"@id\":\"https:\\\/\\\/www.encontrapiracicaba.com.br\\\/sobre\\\/passarela-vai-ligar-area-de-lazer-do-trabalhador-ao-parque-da-rua-do-porto\\\/#webpage\"},\"articleSection\":\"Not\\u00edcias Piracicaba\"},{\"@type\":\"BreadcrumbList\",\"@id\":\"https:\\\/\\\/www.encontrapiracicaba.com.br\\\/sobre\\\/passarela-vai-ligar-area-de-lazer-do-trabalhador-ao-parque-da-rua-do-porto\\\/#breadcrumblist\",\"itemListElement\":[{\"@type\":\"ListItem\",\"@id\":\"https:\\\/\\\/www.encontrapiracicaba.com.br\\\/sobre#listItem\",\"position\":1,\"name\":\"In\\u00edcio\",\"item\":\"https:\\\/\\\/www.encontrapiracicaba.com.br\\\/sobre\",\"nextItem\":{\"@type\":\"ListItem\",\"@id\":\"https:\\\/\\\/www.encontrapiracicaba.com.br\\\/sobre\\\/noticias-em-piracicaba\\\/#listItem\",\"name\":\"Not\\u00edcias Piracicaba\"}},{\"@type\":\"ListItem\",\"@id\":\"https:\\\/\\\/www.encontrapiracicaba.com.br\\\/sobre\\\/noticias-em-piracicaba\\\/#listItem\",\"position\":2,\"name\":\"Not\\u00edcias Piracicaba\",\"item\":\"https:\\\/\\\/www.encontrapiracicaba.com.br\\\/sobre\\\/noticias-em-piracicaba\\\/\",\"nextItem\":{\"@type\":\"ListItem\",\"@id\":\"https:\\\/\\\/www.encontrapiracicaba.com.br\\\/sobre\\\/passarela-vai-ligar-area-de-lazer-do-trabalhador-ao-parque-da-rua-do-porto\\\/#listItem\",\"name\":\"Passarela vai ligar \\u00c1rea de Lazer do Trabalhador ao Parque da Rua do Porto\"},\"previousItem\":{\"@type\":\"ListItem\",\"@id\":\"https:\\\/\\\/www.encontrapiracicaba.com.br\\\/sobre#listItem\",\"name\":\"In\\u00edcio\"}},{\"@type\":\"ListItem\",\"@id\":\"https:\\\/\\\/www.encontrapiracicaba.com.br\\\/sobre\\\/passarela-vai-ligar-area-de-lazer-do-trabalhador-ao-parque-da-rua-do-porto\\\/#listItem\",\"position\":3,\"name\":\"Passarela vai ligar \\u00c1rea de Lazer do Trabalhador ao Parque da Rua do Porto\",\"previousItem\":{\"@type\":\"ListItem\",\"@id\":\"https:\\\/\\\/www.encontrapiracicaba.com.br\\\/sobre\\\/noticias-em-piracicaba\\\/#listItem\",\"name\":\"Not\\u00edcias Piracicaba\"}}]},{\"@type\":\"Organization\",\"@id\":\"https:\\\/\\\/www.encontrapiracicaba.com.br\\\/sobre\\\/#organization\",\"name\":\"Encontra Piracicaba\",\"description\":\"Not\\u00edcias, eventos, informa\\u00e7\\u00f5es e dicas na cidade de Piracicaba e regi\\u00e3o\",\"url\":\"https:\\\/\\\/www.encontrapiracicaba.com.br\\\/sobre\\\/\"},{\"@type\":\"Person\",\"@id\":\"https:\\\/\\\/www.encontrapiracicaba.com.br\\\/sobre\\\/author\\\/epiracicaba\\\/#author\",\"url\":\"https:\\\/\\\/www.encontrapiracicaba.com.br\\\/sobre\\\/author\\\/epiracicaba\\\/\",\"name\":\"Encontra Piracicaba\",\"image\":{\"@type\":\"ImageObject\",\"@id\":\"https:\\\/\\\/www.encontrapiracicaba.com.br\\\/sobre\\\/passarela-vai-ligar-area-de-lazer-do-trabalhador-ao-parque-da-rua-do-porto\\\/#authorImage\",\"url\":\"https:\\\/\\\/secure.gravatar.com\\\/avatar\\\/507340682b8270222e1f208e23198b6ae7e2c6a1033ae84e99bc6bce4f82a387?s=96&d=mm&r=g\",\"width\":96,\"height\":96,\"caption\":\"Encontra Piracicaba\"}},{\"@type\":\"WebPage\",\"@id\":\"https:\\\/\\\/www.encontrapiracicaba.com.br\\\/sobre\\\/passarela-vai-ligar-area-de-lazer-do-trabalhador-ao-parque-da-rua-do-porto\\\/#webpage\",\"url\":\"https:\\\/\\\/www.encontrapiracicaba.com.br\\\/sobre\\\/passarela-vai-ligar-area-de-lazer-do-trabalhador-ao-parque-da-rua-do-porto\\\/\",\"name\":\"Passarela vai ligar \\u00c1rea de Lazer do Trabalhador ao Parque da Rua do Porto | Encontra Piracicaba\",\"inLanguage\":\"pt-BR\",\"isPartOf\":{\"@id\":\"https:\\\/\\\/www.encontrapiracicaba.com.br\\\/sobre\\\/#website\"},\"breadcrumb\":{\"@id\":\"https:\\\/\\\/www.encontrapiracicaba.com.br\\\/sobre\\\/passarela-vai-ligar-area-de-lazer-do-trabalhador-ao-parque-da-rua-do-porto\\\/#breadcrumblist\"},\"author\":{\"@id\":\"https:\\\/\\\/www.encontrapiracicaba.com.br\\\/sobre\\\/author\\\/epiracicaba\\\/#author\"},\"creator\":{\"@id\":\"https:\\\/\\\/www.encontrapiracicaba.com.br\\\/sobre\\\/author\\\/epiracicaba\\\/#author\"},\"image\":{\"@type\":\"ImageObject\",\"url\":\"https:\\\/\\\/www.encontrapiracicaba.com.br\\\/sobre\\\/wp-content\\\/uploads\\\/passarela-vai-ligar-area-de-lazer-do-trabalhador-ao-parque-da-rua-do-porto.webp\",\"@id\":\"https:\\\/\\\/www.encontrapiracicaba.com.br\\\/sobre\\\/passarela-vai-ligar-area-de-lazer-do-trabalhador-ao-parque-da-rua-do-porto\\\/#mainImage\",\"width\":280,\"height\":280,\"caption\":\"passarela \\u00e1rea de lazer do trabalhador parque da rua do porto\"},\"primaryImageOfPage\":{\"@id\":\"https:\\\/\\\/www.encontrapiracicaba.com.br\\\/sobre\\\/passarela-vai-ligar-area-de-lazer-do-trabalhador-ao-parque-da-rua-do-porto\\\/#mainImage\"},\"datePublished\":\"2026-05-03T11:28:08-03:00\",\"dateModified\":\"2026-05-03T11:28:08-03:00\"},{\"@type\":\"WebSite\",\"@id\":\"https:\\\/\\\/www.encontrapiracicaba.com.br\\\/sobre\\\/#website\",\"url\":\"https:\\\/\\\/www.encontrapiracicaba.com.br\\\/sobre\\\/\",\"name\":\"Encontra Piracicaba\",\"description\":\"Not\\u00edcias, eventos, informa\\u00e7\\u00f5es e dicas na cidade de Piracicaba e regi\\u00e3o\",\"inLanguage\":\"pt-BR\",\"publisher\":{\"@id\":\"https:\\\/\\\/www.encontrapiracicaba.com.br\\\/sobre\\\/#organization\"}}]}\n\t\t<\/script>\n\t\t<!-- All in One SEO -->\n\n","aioseo_head_json":{"title":"Passarela vai ligar \u00c1rea de Lazer do Trabalhador ao Parque da Rua do Porto | Encontra Piracicaba","description":"","canonical_url":"https:\/\/www.encontrapiracicaba.com.br\/sobre\/passarela-vai-ligar-area-de-lazer-do-trabalhador-ao-parque-da-rua-do-porto\/","robots":"max-image-preview:large","keywords":"","webmasterTools":{"miscellaneous":""},"schema":{"@context":"https:\/\/schema.org","@graph":[{"@type":"Article","@id":"https:\/\/www.encontrapiracicaba.com.br\/sobre\/passarela-vai-ligar-area-de-lazer-do-trabalhador-ao-parque-da-rua-do-porto\/#article","name":"Passarela vai ligar \u00c1rea de Lazer do Trabalhador ao Parque da Rua do Porto | Encontra Piracicaba","headline":"Passarela vai ligar \u00c1rea de Lazer do Trabalhador ao Parque da Rua do Porto","author":{"@id":"https:\/\/www.encontrapiracicaba.com.br\/sobre\/author\/epiracicaba\/#author"},"publisher":{"@id":"https:\/\/www.encontrapiracicaba.com.br\/sobre\/#organization"},"image":{"@type":"ImageObject","url":"https:\/\/www.encontrapiracicaba.com.br\/sobre\/wp-content\/uploads\/passarela-vai-ligar-area-de-lazer-do-trabalhador-ao-parque-da-rua-do-porto.webp","width":280,"height":280,"caption":"passarela \u00e1rea de lazer do trabalhador parque da rua do porto"},"datePublished":"2026-05-03T11:28:08-03:00","dateModified":"2026-05-03T11:28:08-03:00","inLanguage":"pt-BR","mainEntityOfPage":{"@id":"https:\/\/www.encontrapiracicaba.com.br\/sobre\/passarela-vai-ligar-area-de-lazer-do-trabalhador-ao-parque-da-rua-do-porto\/#webpage"},"isPartOf":{"@id":"https:\/\/www.encontrapiracicaba.com.br\/sobre\/passarela-vai-ligar-area-de-lazer-do-trabalhador-ao-parque-da-rua-do-porto\/#webpage"},"articleSection":"Not\u00edcias Piracicaba"},{"@type":"BreadcrumbList","@id":"https:\/\/www.encontrapiracicaba.com.br\/sobre\/passarela-vai-ligar-area-de-lazer-do-trabalhador-ao-parque-da-rua-do-porto\/#breadcrumblist","itemListElement":[{"@type":"ListItem","@id":"https:\/\/www.encontrapiracicaba.com.br\/sobre#listItem","position":1,"name":"In\u00edcio","item":"https:\/\/www.encontrapiracicaba.com.br\/sobre","nextItem":{"@type":"ListItem","@id":"https:\/\/www.encontrapiracicaba.com.br\/sobre\/noticias-em-piracicaba\/#listItem","name":"Not\u00edcias Piracicaba"}},{"@type":"ListItem","@id":"https:\/\/www.encontrapiracicaba.com.br\/sobre\/noticias-em-piracicaba\/#listItem","position":2,"name":"Not\u00edcias Piracicaba","item":"https:\/\/www.encontrapiracicaba.com.br\/sobre\/noticias-em-piracicaba\/","nextItem":{"@type":"ListItem","@id":"https:\/\/www.encontrapiracicaba.com.br\/sobre\/passarela-vai-ligar-area-de-lazer-do-trabalhador-ao-parque-da-rua-do-porto\/#listItem","name":"Passarela vai ligar \u00c1rea de Lazer do Trabalhador ao Parque da Rua do Porto"},"previousItem":{"@type":"ListItem","@id":"https:\/\/www.encontrapiracicaba.com.br\/sobre#listItem","name":"In\u00edcio"}},{"@type":"ListItem","@id":"https:\/\/www.encontrapiracicaba.com.br\/sobre\/passarela-vai-ligar-area-de-lazer-do-trabalhador-ao-parque-da-rua-do-porto\/#listItem","position":3,"name":"Passarela vai ligar \u00c1rea de Lazer do Trabalhador ao Parque da Rua do Porto","previousItem":{"@type":"ListItem","@id":"https:\/\/www.encontrapiracicaba.com.br\/sobre\/noticias-em-piracicaba\/#listItem","name":"Not\u00edcias Piracicaba"}}]},{"@type":"Organization","@id":"https:\/\/www.encontrapiracicaba.com.br\/sobre\/#organization","name":"Encontra Piracicaba","description":"Not\u00edcias, eventos, informa\u00e7\u00f5es e dicas na cidade de Piracicaba e regi\u00e3o","url":"https:\/\/www.encontrapiracicaba.com.br\/sobre\/"},{"@type":"Person","@id":"https:\/\/www.encontrapiracicaba.com.br\/sobre\/author\/epiracicaba\/#author","url":"https:\/\/www.encontrapiracicaba.com.br\/sobre\/author\/epiracicaba\/","name":"Encontra Piracicaba","image":{"@type":"ImageObject","@id":"https:\/\/www.encontrapiracicaba.com.br\/sobre\/passarela-vai-ligar-area-de-lazer-do-trabalhador-ao-parque-da-rua-do-porto\/#authorImage","url":"https:\/\/secure.gravatar.com\/avatar\/507340682b8270222e1f208e23198b6ae7e2c6a1033ae84e99bc6bce4f82a387?s=96&d=mm&r=g","width":96,"height":96,"caption":"Encontra Piracicaba"}},{"@type":"WebPage","@id":"https:\/\/www.encontrapiracicaba.com.br\/sobre\/passarela-vai-ligar-area-de-lazer-do-trabalhador-ao-parque-da-rua-do-porto\/#webpage","url":"https:\/\/www.encontrapiracicaba.com.br\/sobre\/passarela-vai-ligar-area-de-lazer-do-trabalhador-ao-parque-da-rua-do-porto\/","name":"Passarela vai ligar \u00c1rea de Lazer do Trabalhador ao Parque da Rua do Porto | Encontra Piracicaba","inLanguage":"pt-BR","isPartOf":{"@id":"https:\/\/www.encontrapiracicaba.com.br\/sobre\/#website"},"breadcrumb":{"@id":"https:\/\/www.encontrapiracicaba.com.br\/sobre\/passarela-vai-ligar-area-de-lazer-do-trabalhador-ao-parque-da-rua-do-porto\/#breadcrumblist"},"author":{"@id":"https:\/\/www.encontrapiracicaba.com.br\/sobre\/author\/epiracicaba\/#author"},"creator":{"@id":"https:\/\/www.encontrapiracicaba.com.br\/sobre\/author\/epiracicaba\/#author"},"image":{"@type":"ImageObject","url":"https:\/\/www.encontrapiracicaba.com.br\/sobre\/wp-content\/uploads\/passarela-vai-ligar-area-de-lazer-do-trabalhador-ao-parque-da-rua-do-porto.webp","@id":"https:\/\/www.encontrapiracicaba.com.br\/sobre\/passarela-vai-ligar-area-de-lazer-do-trabalhador-ao-parque-da-rua-do-porto\/#mainImage","width":280,"height":280,"caption":"passarela \u00e1rea de lazer do trabalhador parque da rua do porto"},"primaryImageOfPage":{"@id":"https:\/\/www.encontrapiracicaba.com.br\/sobre\/passarela-vai-ligar-area-de-lazer-do-trabalhador-ao-parque-da-rua-do-porto\/#mainImage"},"datePublished":"2026-05-03T11:28:08-03:00","dateModified":"2026-05-03T11:28:08-03:00"},{"@type":"WebSite","@id":"https:\/\/www.encontrapiracicaba.com.br\/sobre\/#website","url":"https:\/\/www.encontrapiracicaba.com.br\/sobre\/","name":"Encontra Piracicaba","description":"Not\u00edcias, eventos, informa\u00e7\u00f5es e dicas na cidade de Piracicaba e regi\u00e3o","inLanguage":"pt-BR","publisher":{"@id":"https:\/\/www.encontrapiracicaba.com.br\/sobre\/#organization"}}]},"og:locale":"pt_BR","og:site_name":"Encontra Piracicaba | Not\u00edcias, eventos, informa\u00e7\u00f5es e dicas na cidade de Piracicaba e regi\u00e3o","og:type":"article","og:title":"Passarela vai ligar \u00c1rea de Lazer do Trabalhador ao Parque da Rua do Porto | Encontra Piracicaba","og:url":"https:\/\/www.encontrapiracicaba.com.br\/sobre\/passarela-vai-ligar-area-de-lazer-do-trabalhador-ao-parque-da-rua-do-porto\/","article:published_time":"2026-05-03T14:28:08+00:00","article:modified_time":"2026-05-03T14:28:08+00:00","twitter:card":"summary","twitter:title":"Passarela vai ligar \u00c1rea de Lazer do Trabalhador ao Parque da Rua do Porto | Encontra Piracicaba"},"aioseo_meta_data":{"post_id":"4502","title":null,"description":null,"keywords":null,"keyphrases":null,"primary_term":null,"canonical_url":null,"og_title":null,"og_description":null,"og_object_type":"default","og_image_type":"default","og_image_url":null,"og_image_width":null,"og_image_height":null,"og_image_custom_url":null,"og_image_custom_fields":null,"og_video":null,"og_custom_url":null,"og_article_section":null,"og_article_tags":null,"twitter_use_og":false,"twitter_card":"default","twitter_image_type":"default","twitter_image_url":null,"twitter_image_custom_url":null,"twitter_image_custom_fields":null,"twitter_title":null,"twitter_description":null,"schema":{"blockGraphs":[],"customGraphs":[],"default":{"data":{"Article":[],"Course":[],"Dataset":[],"FAQPage":[],"Movie":[],"Person":[],"Product":[],"ProductReview":[],"Car":[],"Recipe":[],"Service":[],"SoftwareApplication":[],"WebPage":[]},"graphName":"Article","isEnabled":true},"graphs":[]},"schema_type":"default","schema_type_options":null,"pillar_content":false,"robots_default":true,"robots_noindex":false,"robots_noarchive":false,"robots_nosnippet":false,"robots_nofollow":false,"robots_noimageindex":false,"robots_noodp":false,"robots_notranslate":false,"robots_max_snippet":null,"robots_max_videopreview":null,"robots_max_imagepreview":"large","priority":null,"frequency":null,"local_seo":null,"breadcrumb_settings":null,"limit_modified_date":false,"ai":null,"created":"2026-05-03 14:28:12","updated":"2026-05-03 14:38:58","focus_keyword":null,"additional_keywords":null,"truseo_locale":null,"seo_analyzer_scan_date":null},"aioseo_breadcrumb":"<div class=\"aioseo-breadcrumbs\"><span class=\"aioseo-breadcrumb\">\n\t\t\t<a href=\"https:\/\/www.encontrapiracicaba.com.br\/sobre\" title=\"In\u00edcio\">In\u00edcio<\/a>\n\t\t<\/span><span class=\"aioseo-breadcrumb-separator\">&raquo;<\/span><span class=\"aioseo-breadcrumb\">\n\t\t\t<a href=\"https:\/\/www.encontrapiracicaba.com.br\/sobre\/noticias-em-piracicaba\/\" title=\"Not\u00edcias Piracicaba\">Not\u00edcias Piracicaba<\/a>\n\t\t<\/span><span class=\"aioseo-breadcrumb-separator\">&raquo;<\/span><span class=\"aioseo-breadcrumb\">\n\t\t\tPassarela vai ligar \u00c1rea de Lazer do Trabalhador ao Parque da Rua do Porto\n\t\t<\/span><\/div>","aioseo_breadcrumb_json":[{"label":"In\u00edcio","link":"https:\/\/www.encontrapiracicaba.com.br\/sobre"},{"label":"Not\u00edcias Piracicaba","link":"https:\/\/www.encontrapiracicaba.com.br\/sobre\/noticias-em-piracicaba\/"},{"label":"Passarela vai ligar \u00c1rea de Lazer do Trabalhador ao Parque da Rua do Porto","link":"https:\/\/www.encontrapiracicaba.com.br\/sobre\/passarela-vai-ligar-area-de-lazer-do-trabalhador-ao-parque-da-rua-do-porto\/"}],"_links":{"self":[{"href":"https:\/\/www.encontrapiracicaba.com.br\/sobre\/wp-json\/wp\/v2\/posts\/4502","targetHints":{"allow":["GET"]}}],"collection":[{"href":"https:\/\/www.encontrapiracicaba.com.br\/sobre\/wp-json\/wp\/v2\/posts"}],"about":[{"href":"https:\/\/www.encontrapiracicaba.com.br\/sobre\/wp-json\/wp\/v2\/types\/post"}],"author":[{"embeddable":true,"href":"https:\/\/www.encontrapiracicaba.com.br\/sobre\/wp-json\/wp\/v2\/users\/1"}],"replies":[{"embeddable":true,"href":"https:\/\/www.encontrapiracicaba.com.br\/sobre\/wp-json\/wp\/v2\/comments?post=4502"}],"version-history":[{"count":0,"href":"https:\/\/www.encontrapiracicaba.com.br\/sobre\/wp-json\/wp\/v2\/posts\/4502\/revisions"}],"wp:featuredmedia":[{"embeddable":true,"href":"https:\/\/www.encontrapiracicaba.com.br\/sobre\/wp-json\/wp\/v2\/media\/4501"}],"wp:attachment":[{"href":"https:\/\/www.encontrapiracicaba.com.br\/sobre\/wp-json\/wp\/v2\/media?parent=4502"}],"wp:term":[{"taxonomy":"category","embeddable":true,"href":"https:\/\/www.encontrapiracicaba.com.br\/sobre\/wp-json\/wp\/v2\/categories?post=4502"},{"taxonomy":"post_tag","embeddable":true,"href":"https:\/\/www.encontrapiracicaba.com.br\/sobre\/wp-json\/wp\/v2\/tags?post=4502"}],"curies":[{"name":"wp","href":"https:\/\/api.w.org\/{rel}","templated":true}]}}