{"id":4504,"date":"2026-05-03T11:29:21","date_gmt":"2026-05-03T14:29:21","guid":{"rendered":"https:\/\/www.encontrapiracicaba.com.br\/sobre\/ampliacao-de-subestacao-de-energia-reforca-infraestrutura-ressaltam-vereadores\/"},"modified":"2026-05-03T11:29:21","modified_gmt":"2026-05-03T14:29:21","slug":"ampliacao-de-subestacao-de-energia-reforca-infraestrutura-ressaltam-vereadores","status":"publish","type":"post","link":"https:\/\/www.encontrapiracicaba.com.br\/sobre\/ampliacao-de-subestacao-de-energia-reforca-infraestrutura-ressaltam-vereadores\/","title":{"rendered":"Amplia\u00e7\u00e3o de subesta\u00e7\u00e3o de energia refor\u00e7a infraestrutura, ressaltam vereadores"},"content":{"rendered":"<div class=\"85df007ed5c0c4d4b453fd13a37855e8\" data-index=\"1\" style=\"float: none; margin:0px;\">\n<!-- Anuncio display - global -->\r\n<ins class=\"adsbygoogle\"\r\n     style=\"display:block\"\r\n     data-ad-client=\"ca-pub-8585364105181520\"\r\n     data-ad-slot=\"8789329856\"\r\n     data-ad-format=\"auto\"\r\n     data-full-width-responsive=\"true\"><\/ins>\r\n<script>\r\n     (adsbygoogle = window.adsbygoogle || []).push({});\r\n<\/script>\n<\/div>\n<h2>O que Mudou com a Amplia\u00e7\u00e3o?<\/h2>\n<p>A amplia\u00e7\u00e3o da Subesta\u00e7\u00e3o Piracicaba 2 \u2014 Beira Rio representa um passo significativo na moderniza\u00e7\u00e3o da infraestrutura el\u00e9trica da cidade. Com um investimento total de R$ 58,1 milh\u00f5es realizado pela CPFL Paulista, essa reforma proporcionou uma capacidade de transforma\u00e7\u00e3o de energia quase tr\u00eas vezes maior do que antes. Essa transforma\u00e7\u00e3o n\u00e3o s\u00f3 busca atender a demanda crescente da popula\u00e7\u00e3o, mas tamb\u00e9m impulsionar a instala\u00e7\u00e3o de novas empresas na regi\u00e3o.<\/p>\n<h2>Benef\u00edcios para a Economia Local<\/h2>\n<p>A nova subesta\u00e7\u00e3o promete um impacto positivo na economia local, especialmente em tempos em que a oferta energ\u00e9tica \u00e9 crucial para novos investimentos. A infraestrutura el\u00e9trica robusta serve como um atrativo para empresas que desejam se estabelecer em Piracicaba, aumentando assim a gera\u00e7\u00e3o de empregos e a movimenta\u00e7\u00e3o econ\u00f4mica. A seguran\u00e7a no fornecimento de energia, em especial para setores aquecidos como com\u00e9rcio e servi\u00e7os, \u00e9 fundamental para o crescimento econ\u00f4mico sustent\u00e1vel.<\/p>\n<h2>Relato dos Vereadores sobre a Inaugura\u00e7\u00e3o<\/h2>\n<p>Durante a inaugura\u00e7\u00e3o, diversos vereadores, incluindo o vice-presidente da C\u00e2mara, Rafael Boer (PRTB), expressaram suas expectativas sobre o impacto positivo que a subesta\u00e7\u00e3o trar\u00e1 \u00e0 cidade. &#8220;Ter infraestrutura de energia el\u00e9trica faz com que empresas que tenham a inten\u00e7\u00e3o de vir para o munic\u00edpio se sintam mais seguras para investir&#8221;, destacou Boer. Outros vereadores, como Pedro Kawai (PSDB), tamb\u00e9m ressaltaram a import\u00e2ncia da moderniza\u00e7\u00e3o para o desenvolvimento econ\u00f4mico do munic\u00edpio.<\/p>\n<p><img decoding=\"async\" src=\"https:\/\/www.encontrapiracicaba.com.br\/sobre\/wp-content\/uploads\/ampliacao-de-subestacao-de-energia-reforca-infraestrutura-ressaltam-vereadores.webp\" alt=\"amplia\u00e7\u00e3o da subesta\u00e7\u00e3o de energia\" loading=\"lazy\" \/><\/p>\n<h2>Como a Subesta\u00e7\u00e3o Vai Ajudar as Empresas?<\/h2>\n<p>A nova subesta\u00e7\u00e3o \u00e9 uma resposta direta ao crescimento urbano e \u00e0 demanda por energia el\u00e9trica. Com uma capacidade ampliada e novos transformadores, a infraestrutura el\u00e9trica se torna mais confi\u00e1vel e eficiente, reduzindo o risco de faltas de energia, que podem afetar diretamente a produtividade das empresas. Al\u00e9m disso, as melhorias na rede de distribui\u00e7\u00e3o garantem que mais empresas possam se conectar \u00e0 rede el\u00e9trica com um fornecimento est\u00e1vel.<\/p>\n<h2>O Impacto na Oferta de Energia<\/h2>\n<p>O aumento na capacidade de transforma\u00e7\u00e3o de energia de 69 kV para 138 kV \u00e9 um dos principais destaques do projeto. A instala\u00e7\u00e3o de novos transformadores \u2014 de 25 MVA para 66 MVA \u2014 e a amplia\u00e7\u00e3o do n\u00famero de alimentadores de quatro para quatorze, demonstram um compromisso com a qualidade do fornecimento de energia. Essa moderniza\u00e7\u00e3o assegura que um maior n\u00famero de resid\u00eancias e com\u00e9rcios tenha acesso a um servi\u00e7o el\u00e9trico robusto, essencial para a vida cotidiana e o funcionamento dos neg\u00f3cios.<\/p>\n<h2>Infraestrutura e Crescimento Urbano<\/h2>\n<p>Com uma popula\u00e7\u00e3o de cerca de 212 mil consumidores, a subesta\u00e7\u00e3o refor\u00e7a o compromisso de Piracicaba em acelerar seu crescimento urbano. Proje\u00e7\u00f5es indicam que a cidade deve continuar a crescer, fazendo com que upgrades na infraestrutura el\u00e9trica sejam n\u00e3o apenas desej\u00e1veis, mas necess\u00e1rios para o suporte \u00e0s futuras demandas. A amplia\u00e7\u00e3o da subesta\u00e7\u00e3o n\u00e3o s\u00f3 melhora a qualidade de vida dos moradores, mas tamb\u00e9m cria um ambiente prop\u00edcio para o desenvolvimento de novas ind\u00fastrias e com\u00e9rcios.<\/p>\n<h2>O Papel da CPFL Paulista na Moderniza\u00e7\u00e3o<\/h2>\n<p>A CPFL Paulista teve um papel crucial nesse projeto, impulsionando n\u00e3o apenas as melhorias na subesta\u00e7\u00e3o, mas tamb\u00e9m garantindo que o sistema el\u00e9trico da cidade atenda as necessidades da popula\u00e7\u00e3o e das empresas de forma eficaz. Com mais de R$ 35 milh\u00f5es direcionados \u00e0 moderniza\u00e7\u00e3o da subesta\u00e7\u00e3o, a CPFL se comprometeu a oferecer uma rede de energia mais segura e eficiente. &#8220;Esse investimento na subesta\u00e7\u00e3o Beira Rio sofrendo uma completa reformula\u00e7\u00e3o traz ganhos significativos em termos de flexibilidade e efici\u00eancia no fornecimento de energia&#8221;, afirmou Rafael Lazzaretti, diretor-presidente da CPFL Paulista.<\/p>\n<h2>Clientes Beneficiados pela Nova Estrutura<\/h2>\n<p>O novo complexo el\u00e9trico beneficiar\u00e1 diretamente 142 mil clientes, incluindo entidades importantes como universidades e um shopping center. A expans\u00e3o dos servi\u00e7os n\u00e3o \u00e9 apenas uma melhoria para a distribui\u00e7\u00e3o de energia, mas uma garantia de que a qualidade do servi\u00e7o atendimento ser\u00e1 mantida, mesmo com o crescimento da demanda. \u00c1reas como Centro, S\u00e3o Dimas, e Vila Indeped\u00eancia ver\u00e3o melhorias significativas na qualidade do fornecimento de energia.<\/p>\n<h2>Investimentos Futuros na Cidade<\/h2>\n<p>O compromisso da CPFL Paulista com Piracicaba n\u00e3o termina aqui. Com planos para investir R$ 10,8 bilh\u00f5es at\u00e9 2030, as expectativas s\u00e3o de que mais melhorias na infraestrutura el\u00e9trica da cidade sejam realizadas. Esse tipo de investimento ir\u00e1 n\u00e3o apenas renovar a infraestrutura existente, mas tamb\u00e9m criar novas oportunidades de crescimento e desenvolvimento econ\u00f4mico. A expectativa \u00e9 que melhorias constantes favore\u00e7am a atra\u00e7\u00e3o de novos neg\u00f3cios e a prosperidade local.<\/p>\n<h2>Palavras Finais sobre o Projeto<\/h2>\n<p>Em resumo, a amplia\u00e7\u00e3o da Subesta\u00e7\u00e3o Piracicaba 2 \u2014 Beira Rio \u00e9 um avan\u00e7o significativo que combina moderniza\u00e7\u00e3o com a capacidade de atender as crescentes necessidades de energia da cidade. A nova infraestrutura promete transformar Piracicaba em um polo de atra\u00e7\u00e3o para empresas, elevando ainda mais seu potencial de crescimento. A vis\u00e3o de um futuro energ\u00e9tico est\u00e1vel e seguro abre portas para novas oportunidades que beneficiar\u00e3o todos os cidad\u00e3os de Piracicaba.<\/p>\n\n<div style=\"font-size: 0px; height: 0px; line-height: 0px; margin: 0; padding: 0; clear: both;\"><\/div>","protected":false},"excerpt":{"rendered":"<p>A amplia\u00e7\u00e3o da subesta\u00e7\u00e3o de energia refor\u00e7a a infraestrutura de Piracicaba e atrai investimentos.<\/p>\n","protected":false},"author":1,"featured_media":4503,"comment_status":"closed","ping_status":"closed","sticky":false,"template":"","format":"standard","meta":{"footnotes":""},"categories":[6],"tags":[],"class_list":["post-4504","post","type-post","status-publish","format-standard","has-post-thumbnail","hentry","category-noticias-em-piracicaba","has_thumb"],"aioseo_notices":[],"aioseo_head":"\n\t\t<!-- All in One SEO 5.0.0.1 - aioseo.com -->\n\t<meta name=\"robots\" content=\"max-image-preview:large\" \/>\n\t<meta name=\"author\" content=\"Encontra Piracicaba\"\/>\n\t<link rel=\"canonical\" href=\"https:\/\/www.encontrapiracicaba.com.br\/sobre\/ampliacao-de-subestacao-de-energia-reforca-infraestrutura-ressaltam-vereadores\/\" \/>\n\t<meta name=\"generator\" content=\"All in One SEO (AIOSEO) 5.0.0.1\" \/>\n\t\t<meta property=\"og:locale\" content=\"pt_BR\" \/>\n\t\t<meta property=\"og:site_name\" content=\"Encontra Piracicaba | Not\u00edcias, eventos, informa\u00e7\u00f5es e dicas na cidade de Piracicaba e regi\u00e3o\" \/>\n\t\t<meta property=\"og:type\" content=\"article\" \/>\n\t\t<meta property=\"og:title\" content=\"Amplia\u00e7\u00e3o de subesta\u00e7\u00e3o de energia refor\u00e7a infraestrutura, ressaltam vereadores | Encontra Piracicaba\" \/>\n\t\t<meta property=\"og:url\" content=\"https:\/\/www.encontrapiracicaba.com.br\/sobre\/ampliacao-de-subestacao-de-energia-reforca-infraestrutura-ressaltam-vereadores\/\" \/>\n\t\t<meta property=\"article:published_time\" content=\"2026-05-03T14:29:21+00:00\" \/>\n\t\t<meta property=\"article:modified_time\" content=\"2026-05-03T14:29:21+00:00\" \/>\n\t\t<meta name=\"twitter:card\" content=\"summary\" \/>\n\t\t<meta name=\"twitter:title\" content=\"Amplia\u00e7\u00e3o de subesta\u00e7\u00e3o de energia refor\u00e7a infraestrutura, ressaltam vereadores | Encontra Piracicaba\" \/>\n\t\t<script type=\"application\/ld+json\" class=\"aioseo-schema\">\n\t\t\t{\"@context\":\"https:\\\/\\\/schema.org\",\"@graph\":[{\"@type\":\"Article\",\"@id\":\"https:\\\/\\\/www.encontrapiracicaba.com.br\\\/sobre\\\/ampliacao-de-subestacao-de-energia-reforca-infraestrutura-ressaltam-vereadores\\\/#article\",\"name\":\"Amplia\\u00e7\\u00e3o de subesta\\u00e7\\u00e3o de energia refor\\u00e7a infraestrutura, ressaltam vereadores | Encontra Piracicaba\",\"headline\":\"Amplia\\u00e7\\u00e3o de subesta\\u00e7\\u00e3o de energia refor\\u00e7a infraestrutura, ressaltam vereadores\",\"author\":{\"@id\":\"https:\\\/\\\/www.encontrapiracicaba.com.br\\\/sobre\\\/author\\\/epiracicaba\\\/#author\"},\"publisher\":{\"@id\":\"https:\\\/\\\/www.encontrapiracicaba.com.br\\\/sobre\\\/#organization\"},\"image\":{\"@type\":\"ImageObject\",\"url\":\"https:\\\/\\\/www.encontrapiracicaba.com.br\\\/sobre\\\/wp-content\\\/uploads\\\/ampliacao-de-subestacao-de-energia-reforca-infraestrutura-ressaltam-vereadores.webp\",\"width\":280,\"height\":280,\"caption\":\"amplia\\u00e7\\u00e3o da subesta\\u00e7\\u00e3o de energia\"},\"datePublished\":\"2026-05-03T11:29:21-03:00\",\"dateModified\":\"2026-05-03T11:29:21-03:00\",\"inLanguage\":\"pt-BR\",\"mainEntityOfPage\":{\"@id\":\"https:\\\/\\\/www.encontrapiracicaba.com.br\\\/sobre\\\/ampliacao-de-subestacao-de-energia-reforca-infraestrutura-ressaltam-vereadores\\\/#webpage\"},\"isPartOf\":{\"@id\":\"https:\\\/\\\/www.encontrapiracicaba.com.br\\\/sobre\\\/ampliacao-de-subestacao-de-energia-reforca-infraestrutura-ressaltam-vereadores\\\/#webpage\"},\"articleSection\":\"Not\\u00edcias Piracicaba\"},{\"@type\":\"BreadcrumbList\",\"@id\":\"https:\\\/\\\/www.encontrapiracicaba.com.br\\\/sobre\\\/ampliacao-de-subestacao-de-energia-reforca-infraestrutura-ressaltam-vereadores\\\/#breadcrumblist\",\"itemListElement\":[{\"@type\":\"ListItem\",\"@id\":\"https:\\\/\\\/www.encontrapiracicaba.com.br\\\/sobre#listItem\",\"position\":1,\"name\":\"In\\u00edcio\",\"item\":\"https:\\\/\\\/www.encontrapiracicaba.com.br\\\/sobre\",\"nextItem\":{\"@type\":\"ListItem\",\"@id\":\"https:\\\/\\\/www.encontrapiracicaba.com.br\\\/sobre\\\/noticias-em-piracicaba\\\/#listItem\",\"name\":\"Not\\u00edcias Piracicaba\"}},{\"@type\":\"ListItem\",\"@id\":\"https:\\\/\\\/www.encontrapiracicaba.com.br\\\/sobre\\\/noticias-em-piracicaba\\\/#listItem\",\"position\":2,\"name\":\"Not\\u00edcias Piracicaba\",\"item\":\"https:\\\/\\\/www.encontrapiracicaba.com.br\\\/sobre\\\/noticias-em-piracicaba\\\/\",\"nextItem\":{\"@type\":\"ListItem\",\"@id\":\"https:\\\/\\\/www.encontrapiracicaba.com.br\\\/sobre\\\/ampliacao-de-subestacao-de-energia-reforca-infraestrutura-ressaltam-vereadores\\\/#listItem\",\"name\":\"Amplia\\u00e7\\u00e3o de subesta\\u00e7\\u00e3o de energia refor\\u00e7a infraestrutura, ressaltam vereadores\"},\"previousItem\":{\"@type\":\"ListItem\",\"@id\":\"https:\\\/\\\/www.encontrapiracicaba.com.br\\\/sobre#listItem\",\"name\":\"In\\u00edcio\"}},{\"@type\":\"ListItem\",\"@id\":\"https:\\\/\\\/www.encontrapiracicaba.com.br\\\/sobre\\\/ampliacao-de-subestacao-de-energia-reforca-infraestrutura-ressaltam-vereadores\\\/#listItem\",\"position\":3,\"name\":\"Amplia\\u00e7\\u00e3o de subesta\\u00e7\\u00e3o de energia refor\\u00e7a infraestrutura, ressaltam vereadores\",\"previousItem\":{\"@type\":\"ListItem\",\"@id\":\"https:\\\/\\\/www.encontrapiracicaba.com.br\\\/sobre\\\/noticias-em-piracicaba\\\/#listItem\",\"name\":\"Not\\u00edcias Piracicaba\"}}]},{\"@type\":\"Organization\",\"@id\":\"https:\\\/\\\/www.encontrapiracicaba.com.br\\\/sobre\\\/#organization\",\"name\":\"Encontra Piracicaba\",\"description\":\"Not\\u00edcias, eventos, informa\\u00e7\\u00f5es e dicas na cidade de Piracicaba e regi\\u00e3o\",\"url\":\"https:\\\/\\\/www.encontrapiracicaba.com.br\\\/sobre\\\/\"},{\"@type\":\"Person\",\"@id\":\"https:\\\/\\\/www.encontrapiracicaba.com.br\\\/sobre\\\/author\\\/epiracicaba\\\/#author\",\"url\":\"https:\\\/\\\/www.encontrapiracicaba.com.br\\\/sobre\\\/author\\\/epiracicaba\\\/\",\"name\":\"Encontra Piracicaba\",\"image\":{\"@type\":\"ImageObject\",\"@id\":\"https:\\\/\\\/www.encontrapiracicaba.com.br\\\/sobre\\\/ampliacao-de-subestacao-de-energia-reforca-infraestrutura-ressaltam-vereadores\\\/#authorImage\",\"url\":\"https:\\\/\\\/secure.gravatar.com\\\/avatar\\\/507340682b8270222e1f208e23198b6ae7e2c6a1033ae84e99bc6bce4f82a387?s=96&d=mm&r=g\",\"width\":96,\"height\":96,\"caption\":\"Encontra Piracicaba\"}},{\"@type\":\"WebPage\",\"@id\":\"https:\\\/\\\/www.encontrapiracicaba.com.br\\\/sobre\\\/ampliacao-de-subestacao-de-energia-reforca-infraestrutura-ressaltam-vereadores\\\/#webpage\",\"url\":\"https:\\\/\\\/www.encontrapiracicaba.com.br\\\/sobre\\\/ampliacao-de-subestacao-de-energia-reforca-infraestrutura-ressaltam-vereadores\\\/\",\"name\":\"Amplia\\u00e7\\u00e3o de subesta\\u00e7\\u00e3o de energia refor\\u00e7a infraestrutura, ressaltam vereadores | Encontra Piracicaba\",\"inLanguage\":\"pt-BR\",\"isPartOf\":{\"@id\":\"https:\\\/\\\/www.encontrapiracicaba.com.br\\\/sobre\\\/#website\"},\"breadcrumb\":{\"@id\":\"https:\\\/\\\/www.encontrapiracicaba.com.br\\\/sobre\\\/ampliacao-de-subestacao-de-energia-reforca-infraestrutura-ressaltam-vereadores\\\/#breadcrumblist\"},\"author\":{\"@id\":\"https:\\\/\\\/www.encontrapiracicaba.com.br\\\/sobre\\\/author\\\/epiracicaba\\\/#author\"},\"creator\":{\"@id\":\"https:\\\/\\\/www.encontrapiracicaba.com.br\\\/sobre\\\/author\\\/epiracicaba\\\/#author\"},\"image\":{\"@type\":\"ImageObject\",\"url\":\"https:\\\/\\\/www.encontrapiracicaba.com.br\\\/sobre\\\/wp-content\\\/uploads\\\/ampliacao-de-subestacao-de-energia-reforca-infraestrutura-ressaltam-vereadores.webp\",\"@id\":\"https:\\\/\\\/www.encontrapiracicaba.com.br\\\/sobre\\\/ampliacao-de-subestacao-de-energia-reforca-infraestrutura-ressaltam-vereadores\\\/#mainImage\",\"width\":280,\"height\":280,\"caption\":\"amplia\\u00e7\\u00e3o da subesta\\u00e7\\u00e3o de energia\"},\"primaryImageOfPage\":{\"@id\":\"https:\\\/\\\/www.encontrapiracicaba.com.br\\\/sobre\\\/ampliacao-de-subestacao-de-energia-reforca-infraestrutura-ressaltam-vereadores\\\/#mainImage\"},\"datePublished\":\"2026-05-03T11:29:21-03:00\",\"dateModified\":\"2026-05-03T11:29:21-03:00\"},{\"@type\":\"WebSite\",\"@id\":\"https:\\\/\\\/www.encontrapiracicaba.com.br\\\/sobre\\\/#website\",\"url\":\"https:\\\/\\\/www.encontrapiracicaba.com.br\\\/sobre\\\/\",\"name\":\"Encontra Piracicaba\",\"description\":\"Not\\u00edcias, eventos, informa\\u00e7\\u00f5es e dicas na cidade de Piracicaba e regi\\u00e3o\",\"inLanguage\":\"pt-BR\",\"publisher\":{\"@id\":\"https:\\\/\\\/www.encontrapiracicaba.com.br\\\/sobre\\\/#organization\"}}]}\n\t\t<\/script>\n\t\t<!-- All in One SEO -->\n\n","aioseo_head_json":{"title":"Amplia\u00e7\u00e3o de subesta\u00e7\u00e3o de energia refor\u00e7a infraestrutura, ressaltam vereadores | Encontra Piracicaba","description":"","canonical_url":"https:\/\/www.encontrapiracicaba.com.br\/sobre\/ampliacao-de-subestacao-de-energia-reforca-infraestrutura-ressaltam-vereadores\/","robots":"max-image-preview:large","keywords":"","webmasterTools":{"miscellaneous":""},"schema":{"@context":"https:\/\/schema.org","@graph":[{"@type":"Article","@id":"https:\/\/www.encontrapiracicaba.com.br\/sobre\/ampliacao-de-subestacao-de-energia-reforca-infraestrutura-ressaltam-vereadores\/#article","name":"Amplia\u00e7\u00e3o de subesta\u00e7\u00e3o de energia refor\u00e7a infraestrutura, ressaltam vereadores | Encontra Piracicaba","headline":"Amplia\u00e7\u00e3o de subesta\u00e7\u00e3o de energia refor\u00e7a infraestrutura, ressaltam vereadores","author":{"@id":"https:\/\/www.encontrapiracicaba.com.br\/sobre\/author\/epiracicaba\/#author"},"publisher":{"@id":"https:\/\/www.encontrapiracicaba.com.br\/sobre\/#organization"},"image":{"@type":"ImageObject","url":"https:\/\/www.encontrapiracicaba.com.br\/sobre\/wp-content\/uploads\/ampliacao-de-subestacao-de-energia-reforca-infraestrutura-ressaltam-vereadores.webp","width":280,"height":280,"caption":"amplia\u00e7\u00e3o da subesta\u00e7\u00e3o de energia"},"datePublished":"2026-05-03T11:29:21-03:00","dateModified":"2026-05-03T11:29:21-03:00","inLanguage":"pt-BR","mainEntityOfPage":{"@id":"https:\/\/www.encontrapiracicaba.com.br\/sobre\/ampliacao-de-subestacao-de-energia-reforca-infraestrutura-ressaltam-vereadores\/#webpage"},"isPartOf":{"@id":"https:\/\/www.encontrapiracicaba.com.br\/sobre\/ampliacao-de-subestacao-de-energia-reforca-infraestrutura-ressaltam-vereadores\/#webpage"},"articleSection":"Not\u00edcias Piracicaba"},{"@type":"BreadcrumbList","@id":"https:\/\/www.encontrapiracicaba.com.br\/sobre\/ampliacao-de-subestacao-de-energia-reforca-infraestrutura-ressaltam-vereadores\/#breadcrumblist","itemListElement":[{"@type":"ListItem","@id":"https:\/\/www.encontrapiracicaba.com.br\/sobre#listItem","position":1,"name":"In\u00edcio","item":"https:\/\/www.encontrapiracicaba.com.br\/sobre","nextItem":{"@type":"ListItem","@id":"https:\/\/www.encontrapiracicaba.com.br\/sobre\/noticias-em-piracicaba\/#listItem","name":"Not\u00edcias Piracicaba"}},{"@type":"ListItem","@id":"https:\/\/www.encontrapiracicaba.com.br\/sobre\/noticias-em-piracicaba\/#listItem","position":2,"name":"Not\u00edcias Piracicaba","item":"https:\/\/www.encontrapiracicaba.com.br\/sobre\/noticias-em-piracicaba\/","nextItem":{"@type":"ListItem","@id":"https:\/\/www.encontrapiracicaba.com.br\/sobre\/ampliacao-de-subestacao-de-energia-reforca-infraestrutura-ressaltam-vereadores\/#listItem","name":"Amplia\u00e7\u00e3o de subesta\u00e7\u00e3o de energia refor\u00e7a infraestrutura, ressaltam vereadores"},"previousItem":{"@type":"ListItem","@id":"https:\/\/www.encontrapiracicaba.com.br\/sobre#listItem","name":"In\u00edcio"}},{"@type":"ListItem","@id":"https:\/\/www.encontrapiracicaba.com.br\/sobre\/ampliacao-de-subestacao-de-energia-reforca-infraestrutura-ressaltam-vereadores\/#listItem","position":3,"name":"Amplia\u00e7\u00e3o de subesta\u00e7\u00e3o de energia refor\u00e7a infraestrutura, ressaltam vereadores","previousItem":{"@type":"ListItem","@id":"https:\/\/www.encontrapiracicaba.com.br\/sobre\/noticias-em-piracicaba\/#listItem","name":"Not\u00edcias Piracicaba"}}]},{"@type":"Organization","@id":"https:\/\/www.encontrapiracicaba.com.br\/sobre\/#organization","name":"Encontra Piracicaba","description":"Not\u00edcias, eventos, informa\u00e7\u00f5es e dicas na cidade de Piracicaba e regi\u00e3o","url":"https:\/\/www.encontrapiracicaba.com.br\/sobre\/"},{"@type":"Person","@id":"https:\/\/www.encontrapiracicaba.com.br\/sobre\/author\/epiracicaba\/#author","url":"https:\/\/www.encontrapiracicaba.com.br\/sobre\/author\/epiracicaba\/","name":"Encontra Piracicaba","image":{"@type":"ImageObject","@id":"https:\/\/www.encontrapiracicaba.com.br\/sobre\/ampliacao-de-subestacao-de-energia-reforca-infraestrutura-ressaltam-vereadores\/#authorImage","url":"https:\/\/secure.gravatar.com\/avatar\/507340682b8270222e1f208e23198b6ae7e2c6a1033ae84e99bc6bce4f82a387?s=96&d=mm&r=g","width":96,"height":96,"caption":"Encontra Piracicaba"}},{"@type":"WebPage","@id":"https:\/\/www.encontrapiracicaba.com.br\/sobre\/ampliacao-de-subestacao-de-energia-reforca-infraestrutura-ressaltam-vereadores\/#webpage","url":"https:\/\/www.encontrapiracicaba.com.br\/sobre\/ampliacao-de-subestacao-de-energia-reforca-infraestrutura-ressaltam-vereadores\/","name":"Amplia\u00e7\u00e3o de subesta\u00e7\u00e3o de energia refor\u00e7a infraestrutura, ressaltam vereadores | Encontra Piracicaba","inLanguage":"pt-BR","isPartOf":{"@id":"https:\/\/www.encontrapiracicaba.com.br\/sobre\/#website"},"breadcrumb":{"@id":"https:\/\/www.encontrapiracicaba.com.br\/sobre\/ampliacao-de-subestacao-de-energia-reforca-infraestrutura-ressaltam-vereadores\/#breadcrumblist"},"author":{"@id":"https:\/\/www.encontrapiracicaba.com.br\/sobre\/author\/epiracicaba\/#author"},"creator":{"@id":"https:\/\/www.encontrapiracicaba.com.br\/sobre\/author\/epiracicaba\/#author"},"image":{"@type":"ImageObject","url":"https:\/\/www.encontrapiracicaba.com.br\/sobre\/wp-content\/uploads\/ampliacao-de-subestacao-de-energia-reforca-infraestrutura-ressaltam-vereadores.webp","@id":"https:\/\/www.encontrapiracicaba.com.br\/sobre\/ampliacao-de-subestacao-de-energia-reforca-infraestrutura-ressaltam-vereadores\/#mainImage","width":280,"height":280,"caption":"amplia\u00e7\u00e3o da subesta\u00e7\u00e3o de energia"},"primaryImageOfPage":{"@id":"https:\/\/www.encontrapiracicaba.com.br\/sobre\/ampliacao-de-subestacao-de-energia-reforca-infraestrutura-ressaltam-vereadores\/#mainImage"},"datePublished":"2026-05-03T11:29:21-03:00","dateModified":"2026-05-03T11:29:21-03:00"},{"@type":"WebSite","@id":"https:\/\/www.encontrapiracicaba.com.br\/sobre\/#website","url":"https:\/\/www.encontrapiracicaba.com.br\/sobre\/","name":"Encontra Piracicaba","description":"Not\u00edcias, eventos, informa\u00e7\u00f5es e dicas na cidade de Piracicaba e regi\u00e3o","inLanguage":"pt-BR","publisher":{"@id":"https:\/\/www.encontrapiracicaba.com.br\/sobre\/#organization"}}]},"og:locale":"pt_BR","og:site_name":"Encontra Piracicaba | Not\u00edcias, eventos, informa\u00e7\u00f5es e dicas na cidade de Piracicaba e regi\u00e3o","og:type":"article","og:title":"Amplia\u00e7\u00e3o de subesta\u00e7\u00e3o de energia refor\u00e7a infraestrutura, ressaltam vereadores | Encontra Piracicaba","og:url":"https:\/\/www.encontrapiracicaba.com.br\/sobre\/ampliacao-de-subestacao-de-energia-reforca-infraestrutura-ressaltam-vereadores\/","article:published_time":"2026-05-03T14:29:21+00:00","article:modified_time":"2026-05-03T14:29:21+00:00","twitter:card":"summary","twitter:title":"Amplia\u00e7\u00e3o de subesta\u00e7\u00e3o de energia refor\u00e7a infraestrutura, ressaltam vereadores | Encontra Piracicaba"},"aioseo_meta_data":{"post_id":"4504","title":null,"description":null,"keywords":null,"keyphrases":null,"primary_term":null,"canonical_url":null,"og_title":null,"og_description":null,"og_object_type":"default","og_image_type":"default","og_image_url":null,"og_image_width":null,"og_image_height":null,"og_image_custom_url":null,"og_image_custom_fields":null,"og_video":null,"og_custom_url":null,"og_article_section":null,"og_article_tags":null,"twitter_use_og":false,"twitter_card":"default","twitter_image_type":"default","twitter_image_url":null,"twitter_image_custom_url":null,"twitter_image_custom_fields":null,"twitter_title":null,"twitter_description":null,"schema":{"blockGraphs":[],"customGraphs":[],"default":{"data":{"Article":[],"Course":[],"Dataset":[],"FAQPage":[],"Movie":[],"Person":[],"Product":[],"ProductReview":[],"Car":[],"Recipe":[],"Service":[],"SoftwareApplication":[],"WebPage":[]},"graphName":"Article","isEnabled":true},"graphs":[]},"schema_type":"default","schema_type_options":null,"pillar_content":false,"robots_default":true,"robots_noindex":false,"robots_noarchive":false,"robots_nosnippet":false,"robots_nofollow":false,"robots_noimageindex":false,"robots_noodp":false,"robots_notranslate":false,"robots_max_snippet":null,"robots_max_videopreview":null,"robots_max_imagepreview":"large","priority":null,"frequency":null,"local_seo":null,"breadcrumb_settings":null,"limit_modified_date":false,"ai":null,"created":"2026-05-03 14:29:26","updated":"2026-05-03 14:38:58","focus_keyword":null,"additional_keywords":null,"truseo_locale":null,"seo_analyzer_scan_date":null},"aioseo_breadcrumb":"<div class=\"aioseo-breadcrumbs\"><span class=\"aioseo-breadcrumb\">\n\t\t\t<a href=\"https:\/\/www.encontrapiracicaba.com.br\/sobre\" title=\"In\u00edcio\">In\u00edcio<\/a>\n\t\t<\/span><span class=\"aioseo-breadcrumb-separator\">&raquo;<\/span><span class=\"aioseo-breadcrumb\">\n\t\t\t<a href=\"https:\/\/www.encontrapiracicaba.com.br\/sobre\/noticias-em-piracicaba\/\" title=\"Not\u00edcias Piracicaba\">Not\u00edcias Piracicaba<\/a>\n\t\t<\/span><span class=\"aioseo-breadcrumb-separator\">&raquo;<\/span><span class=\"aioseo-breadcrumb\">\n\t\t\tAmplia\u00e7\u00e3o de subesta\u00e7\u00e3o de energia refor\u00e7a infraestrutura, ressaltam vereadores\n\t\t<\/span><\/div>","aioseo_breadcrumb_json":[{"label":"In\u00edcio","link":"https:\/\/www.encontrapiracicaba.com.br\/sobre"},{"label":"Not\u00edcias Piracicaba","link":"https:\/\/www.encontrapiracicaba.com.br\/sobre\/noticias-em-piracicaba\/"},{"label":"Amplia\u00e7\u00e3o de subesta\u00e7\u00e3o de energia refor\u00e7a infraestrutura, ressaltam vereadores","link":"https:\/\/www.encontrapiracicaba.com.br\/sobre\/ampliacao-de-subestacao-de-energia-reforca-infraestrutura-ressaltam-vereadores\/"}],"_links":{"self":[{"href":"https:\/\/www.encontrapiracicaba.com.br\/sobre\/wp-json\/wp\/v2\/posts\/4504","targetHints":{"allow":["GET"]}}],"collection":[{"href":"https:\/\/www.encontrapiracicaba.com.br\/sobre\/wp-json\/wp\/v2\/posts"}],"about":[{"href":"https:\/\/www.encontrapiracicaba.com.br\/sobre\/wp-json\/wp\/v2\/types\/post"}],"author":[{"embeddable":true,"href":"https:\/\/www.encontrapiracicaba.com.br\/sobre\/wp-json\/wp\/v2\/users\/1"}],"replies":[{"embeddable":true,"href":"https:\/\/www.encontrapiracicaba.com.br\/sobre\/wp-json\/wp\/v2\/comments?post=4504"}],"version-history":[{"count":0,"href":"https:\/\/www.encontrapiracicaba.com.br\/sobre\/wp-json\/wp\/v2\/posts\/4504\/revisions"}],"wp:featuredmedia":[{"embeddable":true,"href":"https:\/\/www.encontrapiracicaba.com.br\/sobre\/wp-json\/wp\/v2\/media\/4503"}],"wp:attachment":[{"href":"https:\/\/www.encontrapiracicaba.com.br\/sobre\/wp-json\/wp\/v2\/media?parent=4504"}],"wp:term":[{"taxonomy":"category","embeddable":true,"href":"https:\/\/www.encontrapiracicaba.com.br\/sobre\/wp-json\/wp\/v2\/categories?post=4504"},{"taxonomy":"post_tag","embeddable":true,"href":"https:\/\/www.encontrapiracicaba.com.br\/sobre\/wp-json\/wp\/v2\/tags?post=4504"}],"curies":[{"name":"wp","href":"https:\/\/api.w.org\/{rel}","templated":true}]}}