{"id":4516,"date":"2026-05-05T11:07:41","date_gmt":"2026-05-05T14:07:41","guid":{"rendered":"https:\/\/www.encontrapiracicaba.com.br\/sobre\/camara-de-piracicaba-e-legislativo-de-hortolandia-estreitam-lacos-em-reuniao\/"},"modified":"2026-05-05T11:07:41","modified_gmt":"2026-05-05T14:07:41","slug":"camara-de-piracicaba-e-legislativo-de-hortolandia-estreitam-lacos-em-reuniao","status":"publish","type":"post","link":"https:\/\/www.encontrapiracicaba.com.br\/sobre\/camara-de-piracicaba-e-legislativo-de-hortolandia-estreitam-lacos-em-reuniao\/","title":{"rendered":"C\u00e2mara de Piracicaba e Legislativo de Hortol\u00e2ndia estreitam la\u00e7os em reuni\u00e3o"},"content":{"rendered":"<div class=\"85df007ed5c0c4d4b453fd13a37855e8\" data-index=\"1\" style=\"float: none; margin:0px;\">\n<!-- Anuncio display - global -->\r\n<ins class=\"adsbygoogle\"\r\n     style=\"display:block\"\r\n     data-ad-client=\"ca-pub-8585364105181520\"\r\n     data-ad-slot=\"8789329856\"\r\n     data-ad-format=\"auto\"\r\n     data-full-width-responsive=\"true\"><\/ins>\r\n<script>\r\n     (adsbygoogle = window.adsbygoogle || []).push({});\r\n<\/script>\n<\/div>\n<h2>Import\u00e2ncia do Di\u00e1logo entre Legislativos<\/h2>\n<p>O di\u00e1logo entre c\u00e2maras municipais \u00e9 uma ferramenta primordial para promover a colabora\u00e7\u00e3o e a uni\u00e3o entre diferentes regi\u00f5es. No contexto do encontro recente entre a <strong>C\u00e2mara de Piracicaba<\/strong> e o <strong>Legislativo de Hortol\u00e2ndia<\/strong>, os representantes das duas cidades discutiram a relev\u00e2ncia de estabelecer um interc\u00e2mbio constante de ideias e solu\u00e7\u00f5es para os desafios comuns enfrentados por ambas.<\/p>\n<p>Para que a popula\u00e7\u00e3o se beneficie de pol\u00edticas p\u00fablicas eficazes, \u00e9 necess\u00e1rio que os legisladores mantenham uma comunica\u00e7\u00e3o fluida, facilitando o compartilhamento de boas pr\u00e1ticas e experi\u00eancias que possam ser aplicadas de forma semelhante em munic\u00edpios adjacentes.<\/p>\n<h2>Desafios Comuns e Solu\u00e7\u00f5es Conjuntas<\/h2>\n<p>As cidades de Piracicaba e Hortol\u00e2ndia, assim como outras que comp\u00f5em a <strong>Regi\u00e3o Metropolitana<\/strong>, enfrentam uma s\u00e9rie de desafios relacionados ao crescimento urbano, infraestrutura, sa\u00fade e educa\u00e7\u00e3o. Durante as reuni\u00f5es, os vereadores abordaram a import\u00e2ncia de trabalhar juntos para encontrar solu\u00e7\u00f5es que atendam \u00e0s demandas regionais.<\/p>\n<p><img decoding=\"async\" src=\"https:\/\/www.encontrapiracicaba.com.br\/sobre\/wp-content\/uploads\/camara-de-piracicaba-e-legislativo-de-hortolandia-estreitam-lacos-em-reuniao.webp\" alt=\"C\u00e2mara de Piracicaba e Legislativo de Hortol\u00e2ndia\" loading=\"lazy\" \/><\/p>\n<p>Esta rela\u00e7\u00e3o de parceria n\u00e3o apenas fortalece a capacidade de resposta dos legislativos municipais, mas tamb\u00e9m permite o desenvolvimento de estrat\u00e9gias unificadas que beneficiem a popula\u00e7\u00e3o como um todo.<\/p>\n<h2>Interc\u00e2mbio de Experi\u00eancias na Administra\u00e7\u00e3o P\u00fablica<\/h2>\n<p>Um dos objetivos principais do encontro foi fomentar o interc\u00e2mbio de experi\u00eancias administrativas entre os dois legislativos. Ao compartilhar pr\u00e1ticas bem-sucedidas, os vereadores podem aprender uns com os outros, adotando solu\u00e7\u00f5es j\u00e1 testadas e adaptadas \u00e0s suas realidades.<\/p>\n<p>Esse interc\u00e2mbio n\u00e3o s\u00f3 melhora a presta\u00e7\u00e3o de servi\u00e7os p\u00fablicos, mas tamb\u00e9m proporciona uma maior efic\u00e1cia nas a\u00e7\u00f5es desenvolvidas por cada munic\u00edpio, promovendo uma administra\u00e7\u00e3o p\u00fablica mais eficiente.<\/p>\n<h2>Papel do Legislativo na Sociedade<\/h2>\n<p>Os legisladores desempenham um papel crucial na sociedade ao criar e implementar leis que visam garantir o bem-estar da popula\u00e7\u00e3o. O comprometimento em agir em prol da cidadania e da dignidade humana \u00e9 um dos pilares que fundamentam a atua\u00e7\u00e3o dos vereadores durante essas reuni\u00f5es.<\/p>\n<p>Ambas as c\u00e2maras, ao se reunirem, refor\u00e7am seu papel como agentes transformadores da sociedade, reafirmando que est\u00e3o abertos a ouvir as demandas da popula\u00e7\u00e3o e busc\u00e1-las solu\u00e7\u00f5es junto aos demais entes governamentais.<\/p>\n<h2>Compromisso com a Cidadania<\/h2>\n<p>Os vereadores Paulo Pereira Filho, mais conhecido como Paul\u00e3o, e Rerlison Rezende, ambos comprometidos com a promo\u00e7\u00e3o de pol\u00edticas voltadas para a cidadania, destacaram a import\u00e2ncia de promover a inclus\u00e3o e o bem-estar social. Em suas falas, foi evidenciado que a uni\u00e3o entre diferentes esferas do governo e a sociedade civil \u00e9 indispens\u00e1vel para garantir direitos b\u00e1sicos e dignidade \u00e0 popula\u00e7\u00e3o.<\/p>\n<h2>Fortalecimento da Integra\u00e7\u00e3o Regional<\/h2>\n<p>O fortalecimento da integra\u00e7\u00e3o entre cidades vizinhas \u00e9 outra tem\u00e1tica abordada no encontro. As a\u00e7\u00f5es conjuntas de Piracicaba e Hortol\u00e2ndia visam criar um ambiente de coopera\u00e7\u00e3o e solidariedade, com o intuito de atender as necessidades de todos os cidad\u00e3os, independentemente do munic\u00edpio em que residem.<\/p>\n<p>Ao fortalecer la\u00e7os e criar um ambiente de trabalho conjunto, ambas as c\u00e2maras se posicionam como parceiras em busca de um crescimento sustent\u00e1vel e colaborativo para toda a regi\u00e3o metropolitana.<\/p>\n<h2>A\u00e7\u00f5es para o Bem-Estar Social<\/h2>\n<p>A promo\u00e7\u00e3o do bem-estar social \u00e9 um tema central nas pautas discutidas pelos legislativos. Durante a reuni\u00e3o, foram debatidas iniciativas que visam garantir qualidade de vida para os cidad\u00e3os, como o apoio a programas sociais, investimentos em sa\u00fade p\u00fablica e educa\u00e7\u00e3o, e a cria\u00e7\u00e3o de projetos que incentivem a participa\u00e7\u00e3o ativa da comunidade.<\/p>\n<p>O compromisso de trabalhar em conjunto para implementar a\u00e7\u00f5es que promovam a inclus\u00e3o social foi amplamente destacado, pois isso n\u00e3o apenas refor\u00e7a a relev\u00e2ncia do legislativo, mas tamb\u00e9m traz benef\u00edcios diretos para a popula\u00e7\u00e3o.<\/p>\n<h2>Articula\u00e7\u00e3o com Entidades da Sociedade Civil<\/h2>\n<p>A articula\u00e7\u00e3o entre as c\u00e2maras e as entidades da sociedade civil foi considerada vital durante as discuss\u00f5es. Essa parceria amplia as possibilidades de atua\u00e7\u00e3o e garante que as necessidades da popula\u00e7\u00e3o sejam contempladas nas pol\u00edticas p\u00fablicas.<\/p>\n<p>A intera\u00e7\u00e3o com entidades que trabalham na promo\u00e7\u00e3o da cidadania \u00e9 essencial para que as a\u00e7\u00f5es do legislativo sejam mais amplas e efetivas. Essa articula\u00e7\u00e3o \u00e9 fundamental para que todos os setores da sociedade sejam ouvidos e representados.<\/p>\n<h2>Reuni\u00f5es e Pautas Institucionais<\/h2>\n<p>As reuni\u00f5es frequentemente abordam diversas pautas institucionais, sempre com o objetivo de promover a efici\u00eancia legislativa. A import\u00e2ncia de ter uma agenda bem definida, que contemple os anseios da popula\u00e7\u00e3o, foi um ponto destacado na conversa entre os vereadores.<\/p>\n<p>A realiza\u00e7\u00e3o de reuni\u00f5es regulares entre as c\u00e2maras \u00e9 uma pr\u00e1tica que deve ser incentivada, pois isso garante que as pautas municipais sejam discutidas com profundidade e que as melhores decis\u00f5es sejam tomadas em prol da comunidade.<\/p>\n<h2>Vis\u00e3o de Futuro para os Cidad\u00e3os<\/h2>\n<p>A vis\u00e3o de futuro para os cidad\u00e3os \u00e9 um compromisso que os vereadores de Piracicaba e Hortol\u00e2ndia assumiram durante suas discuss\u00f5es. Com uma perspectiva voltada para o desenvolvimento sustent\u00e1vel e para a melhoria da qualidade de vida, ambos os legislativos reafirmaram sua determina\u00e7\u00e3o em buscar solu\u00e7\u00f5es que atendam \u00e0s necessidades da popula\u00e7\u00e3o.<\/p>\n<p>Os vereadores entendem que a verdadeira mudan\u00e7a ocorre por meio da uni\u00e3o de esfor\u00e7os e do bom di\u00e1logo entre os legislativos, promovendo n\u00e3o apenas pol\u00edticas p\u00fablicas eficazes, mas tamb\u00e9m construindo um futuro mais promissor para todas as comunidades abordadas.<\/p>\n\n<div style=\"font-size: 0px; height: 0px; line-height: 0px; margin: 0; padding: 0; clear: both;\"><\/div>","protected":false},"excerpt":{"rendered":"<p>C\u00e2mara de Piracicaba e Legislativo de Hortol\u00e2ndia buscam solu\u00e7\u00f5es conjuntas para desafios regionais.<\/p>\n","protected":false},"author":1,"featured_media":4515,"comment_status":"closed","ping_status":"closed","sticky":false,"template":"","format":"standard","meta":{"footnotes":""},"categories":[6],"tags":[],"class_list":["post-4516","post","type-post","status-publish","format-standard","has-post-thumbnail","hentry","category-noticias-em-piracicaba","has_thumb"],"aioseo_notices":[],"aioseo_head":"\n\t\t<!-- All in One SEO 5.0.0.1 - aioseo.com -->\n\t<meta name=\"robots\" content=\"max-image-preview:large\" \/>\n\t<meta name=\"author\" content=\"Encontra Piracicaba\"\/>\n\t<link rel=\"canonical\" href=\"https:\/\/www.encontrapiracicaba.com.br\/sobre\/camara-de-piracicaba-e-legislativo-de-hortolandia-estreitam-lacos-em-reuniao\/\" \/>\n\t<meta name=\"generator\" content=\"All in One SEO (AIOSEO) 5.0.0.1\" \/>\n\t\t<meta property=\"og:locale\" content=\"pt_BR\" \/>\n\t\t<meta property=\"og:site_name\" content=\"Encontra Piracicaba | Not\u00edcias, eventos, informa\u00e7\u00f5es e dicas na cidade de Piracicaba e regi\u00e3o\" \/>\n\t\t<meta property=\"og:type\" content=\"article\" \/>\n\t\t<meta property=\"og:title\" content=\"C\u00e2mara de Piracicaba e Legislativo de Hortol\u00e2ndia estreitam la\u00e7os em reuni\u00e3o | Encontra Piracicaba\" \/>\n\t\t<meta property=\"og:url\" content=\"https:\/\/www.encontrapiracicaba.com.br\/sobre\/camara-de-piracicaba-e-legislativo-de-hortolandia-estreitam-lacos-em-reuniao\/\" \/>\n\t\t<meta property=\"article:published_time\" content=\"2026-05-05T14:07:41+00:00\" \/>\n\t\t<meta property=\"article:modified_time\" content=\"2026-05-05T14:07:41+00:00\" \/>\n\t\t<meta name=\"twitter:card\" content=\"summary\" \/>\n\t\t<meta name=\"twitter:title\" content=\"C\u00e2mara de Piracicaba e Legislativo de Hortol\u00e2ndia estreitam la\u00e7os em reuni\u00e3o | Encontra Piracicaba\" \/>\n\t\t<script type=\"application\/ld+json\" class=\"aioseo-schema\">\n\t\t\t{\"@context\":\"https:\\\/\\\/schema.org\",\"@graph\":[{\"@type\":\"Article\",\"@id\":\"https:\\\/\\\/www.encontrapiracicaba.com.br\\\/sobre\\\/camara-de-piracicaba-e-legislativo-de-hortolandia-estreitam-lacos-em-reuniao\\\/#article\",\"name\":\"C\\u00e2mara de Piracicaba e Legislativo de Hortol\\u00e2ndia estreitam la\\u00e7os em reuni\\u00e3o | Encontra Piracicaba\",\"headline\":\"C\\u00e2mara de Piracicaba e Legislativo de Hortol\\u00e2ndia estreitam la\\u00e7os em reuni\\u00e3o\",\"author\":{\"@id\":\"https:\\\/\\\/www.encontrapiracicaba.com.br\\\/sobre\\\/author\\\/epiracicaba\\\/#author\"},\"publisher\":{\"@id\":\"https:\\\/\\\/www.encontrapiracicaba.com.br\\\/sobre\\\/#organization\"},\"image\":{\"@type\":\"ImageObject\",\"url\":\"https:\\\/\\\/www.encontrapiracicaba.com.br\\\/sobre\\\/wp-content\\\/uploads\\\/camara-de-piracicaba-e-legislativo-de-hortolandia-estreitam-lacos-em-reuniao.webp\",\"width\":280,\"height\":280,\"caption\":\"C\\u00e2mara de Piracicaba e Legislativo de Hortol\\u00e2ndia\"},\"datePublished\":\"2026-05-05T11:07:41-03:00\",\"dateModified\":\"2026-05-05T11:07:41-03:00\",\"inLanguage\":\"pt-BR\",\"mainEntityOfPage\":{\"@id\":\"https:\\\/\\\/www.encontrapiracicaba.com.br\\\/sobre\\\/camara-de-piracicaba-e-legislativo-de-hortolandia-estreitam-lacos-em-reuniao\\\/#webpage\"},\"isPartOf\":{\"@id\":\"https:\\\/\\\/www.encontrapiracicaba.com.br\\\/sobre\\\/camara-de-piracicaba-e-legislativo-de-hortolandia-estreitam-lacos-em-reuniao\\\/#webpage\"},\"articleSection\":\"Not\\u00edcias Piracicaba\"},{\"@type\":\"BreadcrumbList\",\"@id\":\"https:\\\/\\\/www.encontrapiracicaba.com.br\\\/sobre\\\/camara-de-piracicaba-e-legislativo-de-hortolandia-estreitam-lacos-em-reuniao\\\/#breadcrumblist\",\"itemListElement\":[{\"@type\":\"ListItem\",\"@id\":\"https:\\\/\\\/www.encontrapiracicaba.com.br\\\/sobre#listItem\",\"position\":1,\"name\":\"In\\u00edcio\",\"item\":\"https:\\\/\\\/www.encontrapiracicaba.com.br\\\/sobre\",\"nextItem\":{\"@type\":\"ListItem\",\"@id\":\"https:\\\/\\\/www.encontrapiracicaba.com.br\\\/sobre\\\/noticias-em-piracicaba\\\/#listItem\",\"name\":\"Not\\u00edcias Piracicaba\"}},{\"@type\":\"ListItem\",\"@id\":\"https:\\\/\\\/www.encontrapiracicaba.com.br\\\/sobre\\\/noticias-em-piracicaba\\\/#listItem\",\"position\":2,\"name\":\"Not\\u00edcias Piracicaba\",\"item\":\"https:\\\/\\\/www.encontrapiracicaba.com.br\\\/sobre\\\/noticias-em-piracicaba\\\/\",\"nextItem\":{\"@type\":\"ListItem\",\"@id\":\"https:\\\/\\\/www.encontrapiracicaba.com.br\\\/sobre\\\/camara-de-piracicaba-e-legislativo-de-hortolandia-estreitam-lacos-em-reuniao\\\/#listItem\",\"name\":\"C\\u00e2mara de Piracicaba e Legislativo de Hortol\\u00e2ndia estreitam la\\u00e7os em reuni\\u00e3o\"},\"previousItem\":{\"@type\":\"ListItem\",\"@id\":\"https:\\\/\\\/www.encontrapiracicaba.com.br\\\/sobre#listItem\",\"name\":\"In\\u00edcio\"}},{\"@type\":\"ListItem\",\"@id\":\"https:\\\/\\\/www.encontrapiracicaba.com.br\\\/sobre\\\/camara-de-piracicaba-e-legislativo-de-hortolandia-estreitam-lacos-em-reuniao\\\/#listItem\",\"position\":3,\"name\":\"C\\u00e2mara de Piracicaba e Legislativo de Hortol\\u00e2ndia estreitam la\\u00e7os em reuni\\u00e3o\",\"previousItem\":{\"@type\":\"ListItem\",\"@id\":\"https:\\\/\\\/www.encontrapiracicaba.com.br\\\/sobre\\\/noticias-em-piracicaba\\\/#listItem\",\"name\":\"Not\\u00edcias Piracicaba\"}}]},{\"@type\":\"Organization\",\"@id\":\"https:\\\/\\\/www.encontrapiracicaba.com.br\\\/sobre\\\/#organization\",\"name\":\"Encontra Piracicaba\",\"description\":\"Not\\u00edcias, eventos, informa\\u00e7\\u00f5es e dicas na cidade de Piracicaba e regi\\u00e3o\",\"url\":\"https:\\\/\\\/www.encontrapiracicaba.com.br\\\/sobre\\\/\"},{\"@type\":\"Person\",\"@id\":\"https:\\\/\\\/www.encontrapiracicaba.com.br\\\/sobre\\\/author\\\/epiracicaba\\\/#author\",\"url\":\"https:\\\/\\\/www.encontrapiracicaba.com.br\\\/sobre\\\/author\\\/epiracicaba\\\/\",\"name\":\"Encontra Piracicaba\",\"image\":{\"@type\":\"ImageObject\",\"@id\":\"https:\\\/\\\/www.encontrapiracicaba.com.br\\\/sobre\\\/camara-de-piracicaba-e-legislativo-de-hortolandia-estreitam-lacos-em-reuniao\\\/#authorImage\",\"url\":\"https:\\\/\\\/secure.gravatar.com\\\/avatar\\\/507340682b8270222e1f208e23198b6ae7e2c6a1033ae84e99bc6bce4f82a387?s=96&d=mm&r=g\",\"width\":96,\"height\":96,\"caption\":\"Encontra Piracicaba\"}},{\"@type\":\"WebPage\",\"@id\":\"https:\\\/\\\/www.encontrapiracicaba.com.br\\\/sobre\\\/camara-de-piracicaba-e-legislativo-de-hortolandia-estreitam-lacos-em-reuniao\\\/#webpage\",\"url\":\"https:\\\/\\\/www.encontrapiracicaba.com.br\\\/sobre\\\/camara-de-piracicaba-e-legislativo-de-hortolandia-estreitam-lacos-em-reuniao\\\/\",\"name\":\"C\\u00e2mara de Piracicaba e Legislativo de Hortol\\u00e2ndia estreitam la\\u00e7os em reuni\\u00e3o | Encontra Piracicaba\",\"inLanguage\":\"pt-BR\",\"isPartOf\":{\"@id\":\"https:\\\/\\\/www.encontrapiracicaba.com.br\\\/sobre\\\/#website\"},\"breadcrumb\":{\"@id\":\"https:\\\/\\\/www.encontrapiracicaba.com.br\\\/sobre\\\/camara-de-piracicaba-e-legislativo-de-hortolandia-estreitam-lacos-em-reuniao\\\/#breadcrumblist\"},\"author\":{\"@id\":\"https:\\\/\\\/www.encontrapiracicaba.com.br\\\/sobre\\\/author\\\/epiracicaba\\\/#author\"},\"creator\":{\"@id\":\"https:\\\/\\\/www.encontrapiracicaba.com.br\\\/sobre\\\/author\\\/epiracicaba\\\/#author\"},\"image\":{\"@type\":\"ImageObject\",\"url\":\"https:\\\/\\\/www.encontrapiracicaba.com.br\\\/sobre\\\/wp-content\\\/uploads\\\/camara-de-piracicaba-e-legislativo-de-hortolandia-estreitam-lacos-em-reuniao.webp\",\"@id\":\"https:\\\/\\\/www.encontrapiracicaba.com.br\\\/sobre\\\/camara-de-piracicaba-e-legislativo-de-hortolandia-estreitam-lacos-em-reuniao\\\/#mainImage\",\"width\":280,\"height\":280,\"caption\":\"C\\u00e2mara de Piracicaba e Legislativo de Hortol\\u00e2ndia\"},\"primaryImageOfPage\":{\"@id\":\"https:\\\/\\\/www.encontrapiracicaba.com.br\\\/sobre\\\/camara-de-piracicaba-e-legislativo-de-hortolandia-estreitam-lacos-em-reuniao\\\/#mainImage\"},\"datePublished\":\"2026-05-05T11:07:41-03:00\",\"dateModified\":\"2026-05-05T11:07:41-03:00\"},{\"@type\":\"WebSite\",\"@id\":\"https:\\\/\\\/www.encontrapiracicaba.com.br\\\/sobre\\\/#website\",\"url\":\"https:\\\/\\\/www.encontrapiracicaba.com.br\\\/sobre\\\/\",\"name\":\"Encontra Piracicaba\",\"description\":\"Not\\u00edcias, eventos, informa\\u00e7\\u00f5es e dicas na cidade de Piracicaba e regi\\u00e3o\",\"inLanguage\":\"pt-BR\",\"publisher\":{\"@id\":\"https:\\\/\\\/www.encontrapiracicaba.com.br\\\/sobre\\\/#organization\"}}]}\n\t\t<\/script>\n\t\t<!-- All in One SEO -->\n\n","aioseo_head_json":{"title":"C\u00e2mara de Piracicaba e Legislativo de Hortol\u00e2ndia estreitam la\u00e7os em reuni\u00e3o | Encontra Piracicaba","description":"","canonical_url":"https:\/\/www.encontrapiracicaba.com.br\/sobre\/camara-de-piracicaba-e-legislativo-de-hortolandia-estreitam-lacos-em-reuniao\/","robots":"max-image-preview:large","keywords":"","webmasterTools":{"miscellaneous":""},"schema":{"@context":"https:\/\/schema.org","@graph":[{"@type":"Article","@id":"https:\/\/www.encontrapiracicaba.com.br\/sobre\/camara-de-piracicaba-e-legislativo-de-hortolandia-estreitam-lacos-em-reuniao\/#article","name":"C\u00e2mara de Piracicaba e Legislativo de Hortol\u00e2ndia estreitam la\u00e7os em reuni\u00e3o | Encontra Piracicaba","headline":"C\u00e2mara de Piracicaba e Legislativo de Hortol\u00e2ndia estreitam la\u00e7os em reuni\u00e3o","author":{"@id":"https:\/\/www.encontrapiracicaba.com.br\/sobre\/author\/epiracicaba\/#author"},"publisher":{"@id":"https:\/\/www.encontrapiracicaba.com.br\/sobre\/#organization"},"image":{"@type":"ImageObject","url":"https:\/\/www.encontrapiracicaba.com.br\/sobre\/wp-content\/uploads\/camara-de-piracicaba-e-legislativo-de-hortolandia-estreitam-lacos-em-reuniao.webp","width":280,"height":280,"caption":"C\u00e2mara de Piracicaba e Legislativo de Hortol\u00e2ndia"},"datePublished":"2026-05-05T11:07:41-03:00","dateModified":"2026-05-05T11:07:41-03:00","inLanguage":"pt-BR","mainEntityOfPage":{"@id":"https:\/\/www.encontrapiracicaba.com.br\/sobre\/camara-de-piracicaba-e-legislativo-de-hortolandia-estreitam-lacos-em-reuniao\/#webpage"},"isPartOf":{"@id":"https:\/\/www.encontrapiracicaba.com.br\/sobre\/camara-de-piracicaba-e-legislativo-de-hortolandia-estreitam-lacos-em-reuniao\/#webpage"},"articleSection":"Not\u00edcias Piracicaba"},{"@type":"BreadcrumbList","@id":"https:\/\/www.encontrapiracicaba.com.br\/sobre\/camara-de-piracicaba-e-legislativo-de-hortolandia-estreitam-lacos-em-reuniao\/#breadcrumblist","itemListElement":[{"@type":"ListItem","@id":"https:\/\/www.encontrapiracicaba.com.br\/sobre#listItem","position":1,"name":"In\u00edcio","item":"https:\/\/www.encontrapiracicaba.com.br\/sobre","nextItem":{"@type":"ListItem","@id":"https:\/\/www.encontrapiracicaba.com.br\/sobre\/noticias-em-piracicaba\/#listItem","name":"Not\u00edcias Piracicaba"}},{"@type":"ListItem","@id":"https:\/\/www.encontrapiracicaba.com.br\/sobre\/noticias-em-piracicaba\/#listItem","position":2,"name":"Not\u00edcias Piracicaba","item":"https:\/\/www.encontrapiracicaba.com.br\/sobre\/noticias-em-piracicaba\/","nextItem":{"@type":"ListItem","@id":"https:\/\/www.encontrapiracicaba.com.br\/sobre\/camara-de-piracicaba-e-legislativo-de-hortolandia-estreitam-lacos-em-reuniao\/#listItem","name":"C\u00e2mara de Piracicaba e Legislativo de Hortol\u00e2ndia estreitam la\u00e7os em reuni\u00e3o"},"previousItem":{"@type":"ListItem","@id":"https:\/\/www.encontrapiracicaba.com.br\/sobre#listItem","name":"In\u00edcio"}},{"@type":"ListItem","@id":"https:\/\/www.encontrapiracicaba.com.br\/sobre\/camara-de-piracicaba-e-legislativo-de-hortolandia-estreitam-lacos-em-reuniao\/#listItem","position":3,"name":"C\u00e2mara de Piracicaba e Legislativo de Hortol\u00e2ndia estreitam la\u00e7os em reuni\u00e3o","previousItem":{"@type":"ListItem","@id":"https:\/\/www.encontrapiracicaba.com.br\/sobre\/noticias-em-piracicaba\/#listItem","name":"Not\u00edcias Piracicaba"}}]},{"@type":"Organization","@id":"https:\/\/www.encontrapiracicaba.com.br\/sobre\/#organization","name":"Encontra Piracicaba","description":"Not\u00edcias, eventos, informa\u00e7\u00f5es e dicas na cidade de Piracicaba e regi\u00e3o","url":"https:\/\/www.encontrapiracicaba.com.br\/sobre\/"},{"@type":"Person","@id":"https:\/\/www.encontrapiracicaba.com.br\/sobre\/author\/epiracicaba\/#author","url":"https:\/\/www.encontrapiracicaba.com.br\/sobre\/author\/epiracicaba\/","name":"Encontra Piracicaba","image":{"@type":"ImageObject","@id":"https:\/\/www.encontrapiracicaba.com.br\/sobre\/camara-de-piracicaba-e-legislativo-de-hortolandia-estreitam-lacos-em-reuniao\/#authorImage","url":"https:\/\/secure.gravatar.com\/avatar\/507340682b8270222e1f208e23198b6ae7e2c6a1033ae84e99bc6bce4f82a387?s=96&d=mm&r=g","width":96,"height":96,"caption":"Encontra Piracicaba"}},{"@type":"WebPage","@id":"https:\/\/www.encontrapiracicaba.com.br\/sobre\/camara-de-piracicaba-e-legislativo-de-hortolandia-estreitam-lacos-em-reuniao\/#webpage","url":"https:\/\/www.encontrapiracicaba.com.br\/sobre\/camara-de-piracicaba-e-legislativo-de-hortolandia-estreitam-lacos-em-reuniao\/","name":"C\u00e2mara de Piracicaba e Legislativo de Hortol\u00e2ndia estreitam la\u00e7os em reuni\u00e3o | Encontra Piracicaba","inLanguage":"pt-BR","isPartOf":{"@id":"https:\/\/www.encontrapiracicaba.com.br\/sobre\/#website"},"breadcrumb":{"@id":"https:\/\/www.encontrapiracicaba.com.br\/sobre\/camara-de-piracicaba-e-legislativo-de-hortolandia-estreitam-lacos-em-reuniao\/#breadcrumblist"},"author":{"@id":"https:\/\/www.encontrapiracicaba.com.br\/sobre\/author\/epiracicaba\/#author"},"creator":{"@id":"https:\/\/www.encontrapiracicaba.com.br\/sobre\/author\/epiracicaba\/#author"},"image":{"@type":"ImageObject","url":"https:\/\/www.encontrapiracicaba.com.br\/sobre\/wp-content\/uploads\/camara-de-piracicaba-e-legislativo-de-hortolandia-estreitam-lacos-em-reuniao.webp","@id":"https:\/\/www.encontrapiracicaba.com.br\/sobre\/camara-de-piracicaba-e-legislativo-de-hortolandia-estreitam-lacos-em-reuniao\/#mainImage","width":280,"height":280,"caption":"C\u00e2mara de Piracicaba e Legislativo de Hortol\u00e2ndia"},"primaryImageOfPage":{"@id":"https:\/\/www.encontrapiracicaba.com.br\/sobre\/camara-de-piracicaba-e-legislativo-de-hortolandia-estreitam-lacos-em-reuniao\/#mainImage"},"datePublished":"2026-05-05T11:07:41-03:00","dateModified":"2026-05-05T11:07:41-03:00"},{"@type":"WebSite","@id":"https:\/\/www.encontrapiracicaba.com.br\/sobre\/#website","url":"https:\/\/www.encontrapiracicaba.com.br\/sobre\/","name":"Encontra Piracicaba","description":"Not\u00edcias, eventos, informa\u00e7\u00f5es e dicas na cidade de Piracicaba e regi\u00e3o","inLanguage":"pt-BR","publisher":{"@id":"https:\/\/www.encontrapiracicaba.com.br\/sobre\/#organization"}}]},"og:locale":"pt_BR","og:site_name":"Encontra Piracicaba | Not\u00edcias, eventos, informa\u00e7\u00f5es e dicas na cidade de Piracicaba e regi\u00e3o","og:type":"article","og:title":"C\u00e2mara de Piracicaba e Legislativo de Hortol\u00e2ndia estreitam la\u00e7os em reuni\u00e3o | Encontra Piracicaba","og:url":"https:\/\/www.encontrapiracicaba.com.br\/sobre\/camara-de-piracicaba-e-legislativo-de-hortolandia-estreitam-lacos-em-reuniao\/","article:published_time":"2026-05-05T14:07:41+00:00","article:modified_time":"2026-05-05T14:07:41+00:00","twitter:card":"summary","twitter:title":"C\u00e2mara de Piracicaba e Legislativo de Hortol\u00e2ndia estreitam la\u00e7os em reuni\u00e3o | Encontra Piracicaba"},"aioseo_meta_data":{"post_id":"4516","title":null,"description":null,"keywords":null,"keyphrases":null,"primary_term":null,"canonical_url":null,"og_title":null,"og_description":null,"og_object_type":"default","og_image_type":"default","og_image_url":null,"og_image_width":null,"og_image_height":null,"og_image_custom_url":null,"og_image_custom_fields":null,"og_video":null,"og_custom_url":null,"og_article_section":null,"og_article_tags":null,"twitter_use_og":false,"twitter_card":"default","twitter_image_type":"default","twitter_image_url":null,"twitter_image_custom_url":null,"twitter_image_custom_fields":null,"twitter_title":null,"twitter_description":null,"schema":{"blockGraphs":[],"customGraphs":[],"default":{"data":{"Article":[],"Course":[],"Dataset":[],"FAQPage":[],"Movie":[],"Person":[],"Product":[],"ProductReview":[],"Car":[],"Recipe":[],"Service":[],"SoftwareApplication":[],"WebPage":[]},"graphName":"Article","isEnabled":true},"graphs":[]},"schema_type":"default","schema_type_options":null,"pillar_content":false,"robots_default":true,"robots_noindex":false,"robots_noarchive":false,"robots_nosnippet":false,"robots_nofollow":false,"robots_noimageindex":false,"robots_noodp":false,"robots_notranslate":false,"robots_max_snippet":null,"robots_max_videopreview":null,"robots_max_imagepreview":"large","priority":null,"frequency":null,"local_seo":null,"breadcrumb_settings":null,"limit_modified_date":false,"ai":null,"created":"2026-05-05 14:07:46","updated":"2026-05-05 14:08:58","focus_keyword":null,"additional_keywords":null,"truseo_locale":null,"seo_analyzer_scan_date":null},"aioseo_breadcrumb":"<div class=\"aioseo-breadcrumbs\"><span class=\"aioseo-breadcrumb\">\n\t\t\t<a href=\"https:\/\/www.encontrapiracicaba.com.br\/sobre\" title=\"In\u00edcio\">In\u00edcio<\/a>\n\t\t<\/span><span class=\"aioseo-breadcrumb-separator\">&raquo;<\/span><span class=\"aioseo-breadcrumb\">\n\t\t\t<a href=\"https:\/\/www.encontrapiracicaba.com.br\/sobre\/noticias-em-piracicaba\/\" title=\"Not\u00edcias Piracicaba\">Not\u00edcias Piracicaba<\/a>\n\t\t<\/span><span class=\"aioseo-breadcrumb-separator\">&raquo;<\/span><span class=\"aioseo-breadcrumb\">\n\t\t\tC\u00e2mara de Piracicaba e Legislativo de Hortol\u00e2ndia estreitam la\u00e7os em reuni\u00e3o\n\t\t<\/span><\/div>","aioseo_breadcrumb_json":[{"label":"In\u00edcio","link":"https:\/\/www.encontrapiracicaba.com.br\/sobre"},{"label":"Not\u00edcias Piracicaba","link":"https:\/\/www.encontrapiracicaba.com.br\/sobre\/noticias-em-piracicaba\/"},{"label":"C\u00e2mara de Piracicaba e Legislativo de Hortol\u00e2ndia estreitam la\u00e7os em reuni\u00e3o","link":"https:\/\/www.encontrapiracicaba.com.br\/sobre\/camara-de-piracicaba-e-legislativo-de-hortolandia-estreitam-lacos-em-reuniao\/"}],"_links":{"self":[{"href":"https:\/\/www.encontrapiracicaba.com.br\/sobre\/wp-json\/wp\/v2\/posts\/4516","targetHints":{"allow":["GET"]}}],"collection":[{"href":"https:\/\/www.encontrapiracicaba.com.br\/sobre\/wp-json\/wp\/v2\/posts"}],"about":[{"href":"https:\/\/www.encontrapiracicaba.com.br\/sobre\/wp-json\/wp\/v2\/types\/post"}],"author":[{"embeddable":true,"href":"https:\/\/www.encontrapiracicaba.com.br\/sobre\/wp-json\/wp\/v2\/users\/1"}],"replies":[{"embeddable":true,"href":"https:\/\/www.encontrapiracicaba.com.br\/sobre\/wp-json\/wp\/v2\/comments?post=4516"}],"version-history":[{"count":0,"href":"https:\/\/www.encontrapiracicaba.com.br\/sobre\/wp-json\/wp\/v2\/posts\/4516\/revisions"}],"wp:featuredmedia":[{"embeddable":true,"href":"https:\/\/www.encontrapiracicaba.com.br\/sobre\/wp-json\/wp\/v2\/media\/4515"}],"wp:attachment":[{"href":"https:\/\/www.encontrapiracicaba.com.br\/sobre\/wp-json\/wp\/v2\/media?parent=4516"}],"wp:term":[{"taxonomy":"category","embeddable":true,"href":"https:\/\/www.encontrapiracicaba.com.br\/sobre\/wp-json\/wp\/v2\/categories?post=4516"},{"taxonomy":"post_tag","embeddable":true,"href":"https:\/\/www.encontrapiracicaba.com.br\/sobre\/wp-json\/wp\/v2\/tags?post=4516"}],"curies":[{"name":"wp","href":"https:\/\/api.w.org\/{rel}","templated":true}]}}