{"id":4526,"date":"2026-05-07T11:43:31","date_gmt":"2026-05-07T14:43:31","guid":{"rendered":"https:\/\/www.encontrapiracicaba.com.br\/sobre\/camara-aprova-solenidades-para-karate-judo-e-comunidade-japonesa\/"},"modified":"2026-05-07T11:43:31","modified_gmt":"2026-05-07T14:43:31","slug":"camara-aprova-solenidades-para-karate-judo-e-comunidade-japonesa","status":"publish","type":"post","link":"https:\/\/www.encontrapiracicaba.com.br\/sobre\/camara-aprova-solenidades-para-karate-judo-e-comunidade-japonesa\/","title":{"rendered":"C\u00e2mara aprova solenidades para karat\u00ea, jud\u00f4 e comunidade japonesa"},"content":{"rendered":"<div class=\"85df007ed5c0c4d4b453fd13a37855e8\" data-index=\"1\" style=\"float: none; margin:0px;\">\n<!-- Anuncio display - global -->\r\n<ins class=\"adsbygoogle\"\r\n     style=\"display:block\"\r\n     data-ad-client=\"ca-pub-8585364105181520\"\r\n     data-ad-slot=\"8789329856\"\r\n     data-ad-format=\"auto\"\r\n     data-full-width-responsive=\"true\"><\/ins>\r\n<script>\r\n     (adsbygoogle = window.adsbygoogle || []).push({});\r\n<\/script>\n<\/div>\n<h2>O que motivou a proposta de solenidades<\/h2>\n<p>A proposta para a realiza\u00e7\u00e3o de solenidades em homenagem \u00e0s pr\u00e1ticas do karat\u00ea, jud\u00f4 e \u00e0 comunidade japonesa foi apresentada pelo vereador Pedro Kawai, do PSDB. A iniciativa surge como um reconhecimento da relev\u00e2ncia cultural e esportiva dessas tradi\u00e7\u00f5es na cidade de Piracicaba. A homenagens propostas visam celebrar as contribui\u00e7\u00f5es das artes marciais e da cultura japonesa, que t\u00eam um papel significativo na vida social e esportiva da localidade.<\/p>\n<h2>A import\u00e2ncia das comemora\u00e7\u00f5es para a comunidade<\/h2>\n<p>As comemora\u00e7\u00f5es das datas relacionadas ao karat\u00ea e jud\u00f4, assim como a celebra\u00e7\u00e3o da comunidade japonesa, s\u00e3o de grande import\u00e2ncia. Elas n\u00e3o apenas promovem a valoriza\u00e7\u00e3o das tradi\u00e7\u00f5es culturais, mas tamb\u00e9m fomentam a uni\u00e3o e a identidade de um grupo que tem contribu\u00eddo ricamente para a diversidade cultural da cidade. Al\u00e9m disso, eventos desse tipo servem como um est\u00edmulo para a pr\u00e1tica esportiva entre os jovens, incentivando a ado\u00e7\u00e3o de h\u00e1bitos saud\u00e1veis e o respeito atrav\u00e9s do esporte.<\/p>\n<h2>Detalhes da reuni\u00e3o ordin\u00e1ria da C\u00e2mara<\/h2>\n<p>A aprova\u00e7\u00e3o do Requerimento n\u00ba 292\/2026 ocorreu durante a 17\u00aa Reuni\u00e3o Ordin\u00e1ria da C\u00e2mara Municipal de Piracicaba, realizada em 9 de abril de 2026. Essa reuni\u00e3o contou com a presen\u00e7a de diversos vereadores, que reconheceram a import\u00e2ncia da iniciativa e mostraram apoio ao projeto de realiza\u00e7\u00e3o das solenidades. A vota\u00e7\u00e3o em favor da proposta demonstra um consenso entre os representantes da cidade sobre a necessidade de valorizar e celebrar as pr\u00e1ticas culturais e esportivas que t\u00eam relev\u00e2ncia para a popula\u00e7\u00e3o.<\/p>\n<p><img decoding=\"async\" src=\"https:\/\/www.encontrapiracicaba.com.br\/sobre\/wp-content\/uploads\/camara-aprova-solenidades-para-karate-judo-e-comunidade-japonesa.webp\" alt=\"C\u00e2mara aprova solenidades para karat\u00ea, jud\u00f4 e comunidade japonesa\" loading=\"lazy\" \/><\/p>\n<h2>Hist\u00f3rico do Dia Municipal do Karate-Do<\/h2>\n<p>O &#8220;Dia Municipal do Karate-Do&#8221; foi institu\u00eddo por meio do Decreto Legislativo n\u00ba 60\/2014, com o intuito de celebrar e promover essa arte marcial que exige disciplina e respeito. Desde ent\u00e3o, a data tem sido marcada por eventos que destacam as conquistas e a evolu\u00e7\u00e3o do karat\u00ea na cidade. Reconhecer esse dia \u00e9 fundamental para fortalecer a pr\u00e1tica do karat\u00ea entre os jovens e destacar suas contribui\u00e7\u00f5es para a forma\u00e7\u00e3o do car\u00e1ter e a constru\u00e7\u00e3o de valores.<\/p>\n<h2>A Institui\u00e7\u00e3o do Dia Municipal do Jud\u00f4<\/h2>\n<p>De forma similar, o &#8220;Dia Municipal do Jud\u00f4&#8221; foi criado pelo Decreto Legislativo n\u00ba 55\/2018. Essa data \u00e9 celebrada com a realiza\u00e7\u00e3o de competi\u00e7\u00f5es, demonstra\u00e7\u00f5es e workshops que permitem aos praticantesense sua import\u00e2ncia. O jud\u00f4, com seus princ\u00edpios de respeito e autocontrole, \u00e9 uma pr\u00e1tica que promove n\u00e3o apenas habilidades f\u00edsicas, mas tamb\u00e9m o desenvolvimento mental e emocional dos seus praticantes.<\/p>\n<h2>Reconhecimento da Comunidade Japonesa em Piracicaba<\/h2>\n<p>A &#8220;comunidade japonesa&#8221; em Piracicaba \u00e9 homenageada por meio do &#8220;Dia Municipal da Comunidade Japonesa&#8221;, institu\u00eddo pelo Decreto Legislativo n\u00ba 06\/1999. Esta homenagem destaca a rica heran\u00e7a cultural que os imigrantes japoneses trouxeram para a cidade. Eventos voltados a essa comunidade enfatizam a import\u00e2ncia de preservar e celebrar a cultura japonesa, promovendo o aprendizado e a troca cultural entre todos os cidad\u00e3os de Piracicaba.<\/p>\n<h2>Organiza\u00e7\u00e3o das solenidades previstas<\/h2>\n<p>Com a aprova\u00e7\u00e3o do requerimento, as solenidades est\u00e3o programadas para ocorrer no dia 23 de junho de 2026, \u00e0s 19h30, no Sal\u00e3o Nobre da C\u00e2mara Municipal. A proposta inclui a organiza\u00e7\u00e3o geral do evento, que abrange a confec\u00e7\u00e3o de convites, folders informativos, cobertura fotogr\u00e1fica e transmiss\u00e3o ao vivo. Al\u00e9m disso, os homenageados receber\u00e3o diplomas de m\u00e9rito, reconhecendo suas contribui\u00e7\u00f5es e conquistas em suas respectivas \u00e1reas.<\/p>\n<h2>O papel das homenagens no fortalecimento cultural<\/h2>\n<p>As homenagens propostas desempenham um papel crucial no fortalecimento cultural da cidade. Elas n\u00e3o apenas reconhecem o esfor\u00e7o e a dedica\u00e7\u00e3o de mestres e praticantes, mas tamb\u00e9m instigam o orgulho local e a valoriza\u00e7\u00e3o das tradi\u00e7\u00f5es. Ao celebrar essas datas, a C\u00e2mara Municipal reafirma seu compromisso com a promo\u00e7\u00e3o da diversidade cultural e a educa\u00e7\u00e3o atrav\u00e9s do esporte, criando la\u00e7os mais fortes entre os cidad\u00e3os.<\/p>\n<h2>Eventos programados para o dia 23 de junho<\/h2>\n<p>Os eventos programados para o dia 23 de junho incluem apresenta\u00e7\u00f5es art\u00edsticas relacionadas \u00e0s artes marciais, exibi\u00e7\u00f5es de habilidades e demonstra\u00e7\u00f5es de respeito e disciplina caracter\u00edsticas tanto do karat\u00ea quanto do jud\u00f4. Essas atividades visam envolver tanto os praticantes quanto o p\u00fablico em geral, refor\u00e7ando o ambiente de comunidade e aprendizado.<\/p>\n<h2>O impacto das solenidades na educa\u00e7\u00e3o e no esporte<\/h2>\n<p>As solenidades n\u00e3o apenas celebram as artes marciais, mas tamb\u00e9m t\u00eam um impacto significativo em \u00e1reas como educa\u00e7\u00e3o e forma\u00e7\u00e3o de car\u00e1ter. As atividades propostas durante as comemora\u00e7\u00f5es incluem workshops e palestras que informam os participantes sobre a hist\u00f3ria e os benef\u00edcios das pr\u00e1ticas esportivas. O fortalecimento do esporte entre jovens e a promo\u00e7\u00e3o de valores como respeito, disciplina e perseveran\u00e7a s\u00e3o essenciais para o desenvolvimento de cidad\u00e3os mais conscientes e integrados \u00e0 sociedade.<\/p>\n\n<div style=\"font-size: 0px; height: 0px; line-height: 0px; margin: 0; padding: 0; clear: both;\"><\/div>","protected":false},"excerpt":{"rendered":"<p>A C\u00e2mara aprova solenidades em comemora\u00e7\u00e3o ao Karat\u00ea e Jud\u00f4, promovendo a cultura em Piracicaba.<\/p>\n","protected":false},"author":1,"featured_media":4525,"comment_status":"closed","ping_status":"closed","sticky":false,"template":"","format":"standard","meta":{"footnotes":""},"categories":[6],"tags":[],"class_list":["post-4526","post","type-post","status-publish","format-standard","has-post-thumbnail","hentry","category-noticias-em-piracicaba","has_thumb"],"aioseo_notices":[],"aioseo_head":"\n\t\t<!-- All in One SEO 5.0.0.1 - aioseo.com -->\n\t<meta name=\"robots\" content=\"max-image-preview:large\" \/>\n\t<meta name=\"author\" content=\"Encontra Piracicaba\"\/>\n\t<link rel=\"canonical\" href=\"https:\/\/www.encontrapiracicaba.com.br\/sobre\/camara-aprova-solenidades-para-karate-judo-e-comunidade-japonesa\/\" \/>\n\t<meta name=\"generator\" content=\"All in One SEO (AIOSEO) 5.0.0.1\" \/>\n\t\t<meta property=\"og:locale\" content=\"pt_BR\" \/>\n\t\t<meta property=\"og:site_name\" content=\"Encontra Piracicaba | Not\u00edcias, eventos, informa\u00e7\u00f5es e dicas na cidade de Piracicaba e regi\u00e3o\" \/>\n\t\t<meta property=\"og:type\" content=\"article\" \/>\n\t\t<meta property=\"og:title\" content=\"C\u00e2mara aprova solenidades para karat\u00ea, jud\u00f4 e comunidade japonesa | Encontra Piracicaba\" \/>\n\t\t<meta property=\"og:url\" content=\"https:\/\/www.encontrapiracicaba.com.br\/sobre\/camara-aprova-solenidades-para-karate-judo-e-comunidade-japonesa\/\" \/>\n\t\t<meta property=\"article:published_time\" content=\"2026-05-07T14:43:31+00:00\" \/>\n\t\t<meta property=\"article:modified_time\" content=\"2026-05-07T14:43:31+00:00\" \/>\n\t\t<meta name=\"twitter:card\" content=\"summary\" \/>\n\t\t<meta name=\"twitter:title\" content=\"C\u00e2mara aprova solenidades para karat\u00ea, jud\u00f4 e comunidade japonesa | Encontra Piracicaba\" \/>\n\t\t<script type=\"application\/ld+json\" class=\"aioseo-schema\">\n\t\t\t{\"@context\":\"https:\\\/\\\/schema.org\",\"@graph\":[{\"@type\":\"Article\",\"@id\":\"https:\\\/\\\/www.encontrapiracicaba.com.br\\\/sobre\\\/camara-aprova-solenidades-para-karate-judo-e-comunidade-japonesa\\\/#article\",\"name\":\"C\\u00e2mara aprova solenidades para karat\\u00ea, jud\\u00f4 e comunidade japonesa | Encontra Piracicaba\",\"headline\":\"C\\u00e2mara aprova solenidades para karat\\u00ea, jud\\u00f4 e comunidade japonesa\",\"author\":{\"@id\":\"https:\\\/\\\/www.encontrapiracicaba.com.br\\\/sobre\\\/author\\\/epiracicaba\\\/#author\"},\"publisher\":{\"@id\":\"https:\\\/\\\/www.encontrapiracicaba.com.br\\\/sobre\\\/#organization\"},\"image\":{\"@type\":\"ImageObject\",\"url\":\"https:\\\/\\\/www.encontrapiracicaba.com.br\\\/sobre\\\/wp-content\\\/uploads\\\/camara-aprova-solenidades-para-karate-judo-e-comunidade-japonesa.webp\",\"width\":280,\"height\":280,\"caption\":\"C\\u00e2mara aprova solenidades para karat\\u00ea, jud\\u00f4 e comunidade japonesa\"},\"datePublished\":\"2026-05-07T11:43:31-03:00\",\"dateModified\":\"2026-05-07T11:43:31-03:00\",\"inLanguage\":\"pt-BR\",\"mainEntityOfPage\":{\"@id\":\"https:\\\/\\\/www.encontrapiracicaba.com.br\\\/sobre\\\/camara-aprova-solenidades-para-karate-judo-e-comunidade-japonesa\\\/#webpage\"},\"isPartOf\":{\"@id\":\"https:\\\/\\\/www.encontrapiracicaba.com.br\\\/sobre\\\/camara-aprova-solenidades-para-karate-judo-e-comunidade-japonesa\\\/#webpage\"},\"articleSection\":\"Not\\u00edcias Piracicaba\"},{\"@type\":\"BreadcrumbList\",\"@id\":\"https:\\\/\\\/www.encontrapiracicaba.com.br\\\/sobre\\\/camara-aprova-solenidades-para-karate-judo-e-comunidade-japonesa\\\/#breadcrumblist\",\"itemListElement\":[{\"@type\":\"ListItem\",\"@id\":\"https:\\\/\\\/www.encontrapiracicaba.com.br\\\/sobre#listItem\",\"position\":1,\"name\":\"In\\u00edcio\",\"item\":\"https:\\\/\\\/www.encontrapiracicaba.com.br\\\/sobre\",\"nextItem\":{\"@type\":\"ListItem\",\"@id\":\"https:\\\/\\\/www.encontrapiracicaba.com.br\\\/sobre\\\/noticias-em-piracicaba\\\/#listItem\",\"name\":\"Not\\u00edcias Piracicaba\"}},{\"@type\":\"ListItem\",\"@id\":\"https:\\\/\\\/www.encontrapiracicaba.com.br\\\/sobre\\\/noticias-em-piracicaba\\\/#listItem\",\"position\":2,\"name\":\"Not\\u00edcias Piracicaba\",\"item\":\"https:\\\/\\\/www.encontrapiracicaba.com.br\\\/sobre\\\/noticias-em-piracicaba\\\/\",\"nextItem\":{\"@type\":\"ListItem\",\"@id\":\"https:\\\/\\\/www.encontrapiracicaba.com.br\\\/sobre\\\/camara-aprova-solenidades-para-karate-judo-e-comunidade-japonesa\\\/#listItem\",\"name\":\"C\\u00e2mara aprova solenidades para karat\\u00ea, jud\\u00f4 e comunidade japonesa\"},\"previousItem\":{\"@type\":\"ListItem\",\"@id\":\"https:\\\/\\\/www.encontrapiracicaba.com.br\\\/sobre#listItem\",\"name\":\"In\\u00edcio\"}},{\"@type\":\"ListItem\",\"@id\":\"https:\\\/\\\/www.encontrapiracicaba.com.br\\\/sobre\\\/camara-aprova-solenidades-para-karate-judo-e-comunidade-japonesa\\\/#listItem\",\"position\":3,\"name\":\"C\\u00e2mara aprova solenidades para karat\\u00ea, jud\\u00f4 e comunidade japonesa\",\"previousItem\":{\"@type\":\"ListItem\",\"@id\":\"https:\\\/\\\/www.encontrapiracicaba.com.br\\\/sobre\\\/noticias-em-piracicaba\\\/#listItem\",\"name\":\"Not\\u00edcias Piracicaba\"}}]},{\"@type\":\"Organization\",\"@id\":\"https:\\\/\\\/www.encontrapiracicaba.com.br\\\/sobre\\\/#organization\",\"name\":\"Encontra Piracicaba\",\"description\":\"Not\\u00edcias, eventos, informa\\u00e7\\u00f5es e dicas na cidade de Piracicaba e regi\\u00e3o\",\"url\":\"https:\\\/\\\/www.encontrapiracicaba.com.br\\\/sobre\\\/\"},{\"@type\":\"Person\",\"@id\":\"https:\\\/\\\/www.encontrapiracicaba.com.br\\\/sobre\\\/author\\\/epiracicaba\\\/#author\",\"url\":\"https:\\\/\\\/www.encontrapiracicaba.com.br\\\/sobre\\\/author\\\/epiracicaba\\\/\",\"name\":\"Encontra Piracicaba\",\"image\":{\"@type\":\"ImageObject\",\"@id\":\"https:\\\/\\\/www.encontrapiracicaba.com.br\\\/sobre\\\/camara-aprova-solenidades-para-karate-judo-e-comunidade-japonesa\\\/#authorImage\",\"url\":\"https:\\\/\\\/secure.gravatar.com\\\/avatar\\\/507340682b8270222e1f208e23198b6ae7e2c6a1033ae84e99bc6bce4f82a387?s=96&d=mm&r=g\",\"width\":96,\"height\":96,\"caption\":\"Encontra Piracicaba\"}},{\"@type\":\"WebPage\",\"@id\":\"https:\\\/\\\/www.encontrapiracicaba.com.br\\\/sobre\\\/camara-aprova-solenidades-para-karate-judo-e-comunidade-japonesa\\\/#webpage\",\"url\":\"https:\\\/\\\/www.encontrapiracicaba.com.br\\\/sobre\\\/camara-aprova-solenidades-para-karate-judo-e-comunidade-japonesa\\\/\",\"name\":\"C\\u00e2mara aprova solenidades para karat\\u00ea, jud\\u00f4 e comunidade japonesa | Encontra Piracicaba\",\"inLanguage\":\"pt-BR\",\"isPartOf\":{\"@id\":\"https:\\\/\\\/www.encontrapiracicaba.com.br\\\/sobre\\\/#website\"},\"breadcrumb\":{\"@id\":\"https:\\\/\\\/www.encontrapiracicaba.com.br\\\/sobre\\\/camara-aprova-solenidades-para-karate-judo-e-comunidade-japonesa\\\/#breadcrumblist\"},\"author\":{\"@id\":\"https:\\\/\\\/www.encontrapiracicaba.com.br\\\/sobre\\\/author\\\/epiracicaba\\\/#author\"},\"creator\":{\"@id\":\"https:\\\/\\\/www.encontrapiracicaba.com.br\\\/sobre\\\/author\\\/epiracicaba\\\/#author\"},\"image\":{\"@type\":\"ImageObject\",\"url\":\"https:\\\/\\\/www.encontrapiracicaba.com.br\\\/sobre\\\/wp-content\\\/uploads\\\/camara-aprova-solenidades-para-karate-judo-e-comunidade-japonesa.webp\",\"@id\":\"https:\\\/\\\/www.encontrapiracicaba.com.br\\\/sobre\\\/camara-aprova-solenidades-para-karate-judo-e-comunidade-japonesa\\\/#mainImage\",\"width\":280,\"height\":280,\"caption\":\"C\\u00e2mara aprova solenidades para karat\\u00ea, jud\\u00f4 e comunidade japonesa\"},\"primaryImageOfPage\":{\"@id\":\"https:\\\/\\\/www.encontrapiracicaba.com.br\\\/sobre\\\/camara-aprova-solenidades-para-karate-judo-e-comunidade-japonesa\\\/#mainImage\"},\"datePublished\":\"2026-05-07T11:43:31-03:00\",\"dateModified\":\"2026-05-07T11:43:31-03:00\"},{\"@type\":\"WebSite\",\"@id\":\"https:\\\/\\\/www.encontrapiracicaba.com.br\\\/sobre\\\/#website\",\"url\":\"https:\\\/\\\/www.encontrapiracicaba.com.br\\\/sobre\\\/\",\"name\":\"Encontra Piracicaba\",\"description\":\"Not\\u00edcias, eventos, informa\\u00e7\\u00f5es e dicas na cidade de Piracicaba e regi\\u00e3o\",\"inLanguage\":\"pt-BR\",\"publisher\":{\"@id\":\"https:\\\/\\\/www.encontrapiracicaba.com.br\\\/sobre\\\/#organization\"}}]}\n\t\t<\/script>\n\t\t<!-- All in One SEO -->\n\n","aioseo_head_json":{"title":"C\u00e2mara aprova solenidades para karat\u00ea, jud\u00f4 e comunidade japonesa | Encontra Piracicaba","description":"","canonical_url":"https:\/\/www.encontrapiracicaba.com.br\/sobre\/camara-aprova-solenidades-para-karate-judo-e-comunidade-japonesa\/","robots":"max-image-preview:large","keywords":"","webmasterTools":{"miscellaneous":""},"schema":{"@context":"https:\/\/schema.org","@graph":[{"@type":"Article","@id":"https:\/\/www.encontrapiracicaba.com.br\/sobre\/camara-aprova-solenidades-para-karate-judo-e-comunidade-japonesa\/#article","name":"C\u00e2mara aprova solenidades para karat\u00ea, jud\u00f4 e comunidade japonesa | Encontra Piracicaba","headline":"C\u00e2mara aprova solenidades para karat\u00ea, jud\u00f4 e comunidade japonesa","author":{"@id":"https:\/\/www.encontrapiracicaba.com.br\/sobre\/author\/epiracicaba\/#author"},"publisher":{"@id":"https:\/\/www.encontrapiracicaba.com.br\/sobre\/#organization"},"image":{"@type":"ImageObject","url":"https:\/\/www.encontrapiracicaba.com.br\/sobre\/wp-content\/uploads\/camara-aprova-solenidades-para-karate-judo-e-comunidade-japonesa.webp","width":280,"height":280,"caption":"C\u00e2mara aprova solenidades para karat\u00ea, jud\u00f4 e comunidade japonesa"},"datePublished":"2026-05-07T11:43:31-03:00","dateModified":"2026-05-07T11:43:31-03:00","inLanguage":"pt-BR","mainEntityOfPage":{"@id":"https:\/\/www.encontrapiracicaba.com.br\/sobre\/camara-aprova-solenidades-para-karate-judo-e-comunidade-japonesa\/#webpage"},"isPartOf":{"@id":"https:\/\/www.encontrapiracicaba.com.br\/sobre\/camara-aprova-solenidades-para-karate-judo-e-comunidade-japonesa\/#webpage"},"articleSection":"Not\u00edcias Piracicaba"},{"@type":"BreadcrumbList","@id":"https:\/\/www.encontrapiracicaba.com.br\/sobre\/camara-aprova-solenidades-para-karate-judo-e-comunidade-japonesa\/#breadcrumblist","itemListElement":[{"@type":"ListItem","@id":"https:\/\/www.encontrapiracicaba.com.br\/sobre#listItem","position":1,"name":"In\u00edcio","item":"https:\/\/www.encontrapiracicaba.com.br\/sobre","nextItem":{"@type":"ListItem","@id":"https:\/\/www.encontrapiracicaba.com.br\/sobre\/noticias-em-piracicaba\/#listItem","name":"Not\u00edcias Piracicaba"}},{"@type":"ListItem","@id":"https:\/\/www.encontrapiracicaba.com.br\/sobre\/noticias-em-piracicaba\/#listItem","position":2,"name":"Not\u00edcias Piracicaba","item":"https:\/\/www.encontrapiracicaba.com.br\/sobre\/noticias-em-piracicaba\/","nextItem":{"@type":"ListItem","@id":"https:\/\/www.encontrapiracicaba.com.br\/sobre\/camara-aprova-solenidades-para-karate-judo-e-comunidade-japonesa\/#listItem","name":"C\u00e2mara aprova solenidades para karat\u00ea, jud\u00f4 e comunidade japonesa"},"previousItem":{"@type":"ListItem","@id":"https:\/\/www.encontrapiracicaba.com.br\/sobre#listItem","name":"In\u00edcio"}},{"@type":"ListItem","@id":"https:\/\/www.encontrapiracicaba.com.br\/sobre\/camara-aprova-solenidades-para-karate-judo-e-comunidade-japonesa\/#listItem","position":3,"name":"C\u00e2mara aprova solenidades para karat\u00ea, jud\u00f4 e comunidade japonesa","previousItem":{"@type":"ListItem","@id":"https:\/\/www.encontrapiracicaba.com.br\/sobre\/noticias-em-piracicaba\/#listItem","name":"Not\u00edcias Piracicaba"}}]},{"@type":"Organization","@id":"https:\/\/www.encontrapiracicaba.com.br\/sobre\/#organization","name":"Encontra Piracicaba","description":"Not\u00edcias, eventos, informa\u00e7\u00f5es e dicas na cidade de Piracicaba e regi\u00e3o","url":"https:\/\/www.encontrapiracicaba.com.br\/sobre\/"},{"@type":"Person","@id":"https:\/\/www.encontrapiracicaba.com.br\/sobre\/author\/epiracicaba\/#author","url":"https:\/\/www.encontrapiracicaba.com.br\/sobre\/author\/epiracicaba\/","name":"Encontra Piracicaba","image":{"@type":"ImageObject","@id":"https:\/\/www.encontrapiracicaba.com.br\/sobre\/camara-aprova-solenidades-para-karate-judo-e-comunidade-japonesa\/#authorImage","url":"https:\/\/secure.gravatar.com\/avatar\/507340682b8270222e1f208e23198b6ae7e2c6a1033ae84e99bc6bce4f82a387?s=96&d=mm&r=g","width":96,"height":96,"caption":"Encontra Piracicaba"}},{"@type":"WebPage","@id":"https:\/\/www.encontrapiracicaba.com.br\/sobre\/camara-aprova-solenidades-para-karate-judo-e-comunidade-japonesa\/#webpage","url":"https:\/\/www.encontrapiracicaba.com.br\/sobre\/camara-aprova-solenidades-para-karate-judo-e-comunidade-japonesa\/","name":"C\u00e2mara aprova solenidades para karat\u00ea, jud\u00f4 e comunidade japonesa | Encontra Piracicaba","inLanguage":"pt-BR","isPartOf":{"@id":"https:\/\/www.encontrapiracicaba.com.br\/sobre\/#website"},"breadcrumb":{"@id":"https:\/\/www.encontrapiracicaba.com.br\/sobre\/camara-aprova-solenidades-para-karate-judo-e-comunidade-japonesa\/#breadcrumblist"},"author":{"@id":"https:\/\/www.encontrapiracicaba.com.br\/sobre\/author\/epiracicaba\/#author"},"creator":{"@id":"https:\/\/www.encontrapiracicaba.com.br\/sobre\/author\/epiracicaba\/#author"},"image":{"@type":"ImageObject","url":"https:\/\/www.encontrapiracicaba.com.br\/sobre\/wp-content\/uploads\/camara-aprova-solenidades-para-karate-judo-e-comunidade-japonesa.webp","@id":"https:\/\/www.encontrapiracicaba.com.br\/sobre\/camara-aprova-solenidades-para-karate-judo-e-comunidade-japonesa\/#mainImage","width":280,"height":280,"caption":"C\u00e2mara aprova solenidades para karat\u00ea, jud\u00f4 e comunidade japonesa"},"primaryImageOfPage":{"@id":"https:\/\/www.encontrapiracicaba.com.br\/sobre\/camara-aprova-solenidades-para-karate-judo-e-comunidade-japonesa\/#mainImage"},"datePublished":"2026-05-07T11:43:31-03:00","dateModified":"2026-05-07T11:43:31-03:00"},{"@type":"WebSite","@id":"https:\/\/www.encontrapiracicaba.com.br\/sobre\/#website","url":"https:\/\/www.encontrapiracicaba.com.br\/sobre\/","name":"Encontra Piracicaba","description":"Not\u00edcias, eventos, informa\u00e7\u00f5es e dicas na cidade de Piracicaba e regi\u00e3o","inLanguage":"pt-BR","publisher":{"@id":"https:\/\/www.encontrapiracicaba.com.br\/sobre\/#organization"}}]},"og:locale":"pt_BR","og:site_name":"Encontra Piracicaba | Not\u00edcias, eventos, informa\u00e7\u00f5es e dicas na cidade de Piracicaba e regi\u00e3o","og:type":"article","og:title":"C\u00e2mara aprova solenidades para karat\u00ea, jud\u00f4 e comunidade japonesa | Encontra Piracicaba","og:url":"https:\/\/www.encontrapiracicaba.com.br\/sobre\/camara-aprova-solenidades-para-karate-judo-e-comunidade-japonesa\/","article:published_time":"2026-05-07T14:43:31+00:00","article:modified_time":"2026-05-07T14:43:31+00:00","twitter:card":"summary","twitter:title":"C\u00e2mara aprova solenidades para karat\u00ea, jud\u00f4 e comunidade japonesa | Encontra Piracicaba"},"aioseo_meta_data":{"post_id":"4526","title":null,"description":null,"keywords":null,"keyphrases":null,"primary_term":null,"canonical_url":null,"og_title":null,"og_description":null,"og_object_type":"default","og_image_type":"default","og_image_url":null,"og_image_width":null,"og_image_height":null,"og_image_custom_url":null,"og_image_custom_fields":null,"og_video":null,"og_custom_url":null,"og_article_section":null,"og_article_tags":null,"twitter_use_og":false,"twitter_card":"default","twitter_image_type":"default","twitter_image_url":null,"twitter_image_custom_url":null,"twitter_image_custom_fields":null,"twitter_title":null,"twitter_description":null,"schema":{"blockGraphs":[],"customGraphs":[],"default":{"data":{"Article":[],"Course":[],"Dataset":[],"FAQPage":[],"Movie":[],"Person":[],"Product":[],"ProductReview":[],"Car":[],"Recipe":[],"Service":[],"SoftwareApplication":[],"WebPage":[]},"graphName":"Article","isEnabled":true},"graphs":[]},"schema_type":"default","schema_type_options":null,"pillar_content":false,"robots_default":true,"robots_noindex":false,"robots_noarchive":false,"robots_nosnippet":false,"robots_nofollow":false,"robots_noimageindex":false,"robots_noodp":false,"robots_notranslate":false,"robots_max_snippet":null,"robots_max_videopreview":null,"robots_max_imagepreview":"large","priority":null,"frequency":null,"local_seo":null,"breadcrumb_settings":null,"limit_modified_date":false,"ai":null,"created":"2026-05-07 14:43:38","updated":"2026-05-07 14:52:58","focus_keyword":null,"additional_keywords":null,"truseo_locale":null,"seo_analyzer_scan_date":null},"aioseo_breadcrumb":"<div class=\"aioseo-breadcrumbs\"><span class=\"aioseo-breadcrumb\">\n\t\t\t<a href=\"https:\/\/www.encontrapiracicaba.com.br\/sobre\" title=\"In\u00edcio\">In\u00edcio<\/a>\n\t\t<\/span><span class=\"aioseo-breadcrumb-separator\">&raquo;<\/span><span class=\"aioseo-breadcrumb\">\n\t\t\t<a href=\"https:\/\/www.encontrapiracicaba.com.br\/sobre\/noticias-em-piracicaba\/\" title=\"Not\u00edcias Piracicaba\">Not\u00edcias Piracicaba<\/a>\n\t\t<\/span><span class=\"aioseo-breadcrumb-separator\">&raquo;<\/span><span class=\"aioseo-breadcrumb\">\n\t\t\tC\u00e2mara aprova solenidades para karat\u00ea, jud\u00f4 e comunidade japonesa\n\t\t<\/span><\/div>","aioseo_breadcrumb_json":[{"label":"In\u00edcio","link":"https:\/\/www.encontrapiracicaba.com.br\/sobre"},{"label":"Not\u00edcias Piracicaba","link":"https:\/\/www.encontrapiracicaba.com.br\/sobre\/noticias-em-piracicaba\/"},{"label":"C\u00e2mara aprova solenidades para karat\u00ea, jud\u00f4 e comunidade japonesa","link":"https:\/\/www.encontrapiracicaba.com.br\/sobre\/camara-aprova-solenidades-para-karate-judo-e-comunidade-japonesa\/"}],"_links":{"self":[{"href":"https:\/\/www.encontrapiracicaba.com.br\/sobre\/wp-json\/wp\/v2\/posts\/4526","targetHints":{"allow":["GET"]}}],"collection":[{"href":"https:\/\/www.encontrapiracicaba.com.br\/sobre\/wp-json\/wp\/v2\/posts"}],"about":[{"href":"https:\/\/www.encontrapiracicaba.com.br\/sobre\/wp-json\/wp\/v2\/types\/post"}],"author":[{"embeddable":true,"href":"https:\/\/www.encontrapiracicaba.com.br\/sobre\/wp-json\/wp\/v2\/users\/1"}],"replies":[{"embeddable":true,"href":"https:\/\/www.encontrapiracicaba.com.br\/sobre\/wp-json\/wp\/v2\/comments?post=4526"}],"version-history":[{"count":0,"href":"https:\/\/www.encontrapiracicaba.com.br\/sobre\/wp-json\/wp\/v2\/posts\/4526\/revisions"}],"wp:featuredmedia":[{"embeddable":true,"href":"https:\/\/www.encontrapiracicaba.com.br\/sobre\/wp-json\/wp\/v2\/media\/4525"}],"wp:attachment":[{"href":"https:\/\/www.encontrapiracicaba.com.br\/sobre\/wp-json\/wp\/v2\/media?parent=4526"}],"wp:term":[{"taxonomy":"category","embeddable":true,"href":"https:\/\/www.encontrapiracicaba.com.br\/sobre\/wp-json\/wp\/v2\/categories?post=4526"},{"taxonomy":"post_tag","embeddable":true,"href":"https:\/\/www.encontrapiracicaba.com.br\/sobre\/wp-json\/wp\/v2\/tags?post=4526"}],"curies":[{"name":"wp","href":"https:\/\/api.w.org\/{rel}","templated":true}]}}