{"id":4546,"date":"2026-05-11T10:54:18","date_gmt":"2026-05-11T13:54:18","guid":{"rendered":"https:\/\/www.encontrapiracicaba.com.br\/sobre\/projeto-de-parque-linear-na-orla-da-rua-do-porto-e-tema-de-audiencia-publica\/"},"modified":"2026-05-11T10:54:18","modified_gmt":"2026-05-11T13:54:18","slug":"projeto-de-parque-linear-na-orla-da-rua-do-porto-e-tema-de-audiencia-publica","status":"publish","type":"post","link":"https:\/\/www.encontrapiracicaba.com.br\/sobre\/projeto-de-parque-linear-na-orla-da-rua-do-porto-e-tema-de-audiencia-publica\/","title":{"rendered":"Projeto de parque linear na orla da Rua do Porto \u00e9 tema de audi\u00eancia p\u00fablica"},"content":{"rendered":"<div class=\"85df007ed5c0c4d4b453fd13a37855e8\" data-index=\"1\" style=\"float: none; margin:0px;\">\n<!-- Anuncio display - global -->\r\n<ins class=\"adsbygoogle\"\r\n     style=\"display:block\"\r\n     data-ad-client=\"ca-pub-8585364105181520\"\r\n     data-ad-slot=\"8789329856\"\r\n     data-ad-format=\"auto\"\r\n     data-full-width-responsive=\"true\"><\/ins>\r\n<script>\r\n     (adsbygoogle = window.adsbygoogle || []).push({});\r\n<\/script>\n<\/div>\n<h2>Entenda o que \u00e9 o Projeto Parque Linear<\/h2>\n<p>O &#8220;Projeto Parque Linear Vila Porto&#8221; visa revitalizar a orla da Rua do Porto, transformando-a em um espa\u00e7o p\u00fablico que promova a intera\u00e7\u00e3o social e o lazer. Este projeto \u00e9 uma iniciativa da C\u00e2mara Municipal de Piracicaba, que busca criar um ambiente mais agrad\u00e1vel e acess\u00edvel para os cidad\u00e3os. Ao longo da orla, as interven\u00e7\u00f5es incluir\u00e3o a instala\u00e7\u00e3o de \u00e1reas verdes, ciclovias, e espa\u00e7os destinados a atividades culturais e recreativas.<\/p>\n<h2>Import\u00e2ncia da Participa\u00e7\u00e3o Cidad\u00e3<\/h2>\n<p>A participa\u00e7\u00e3o dos cidad\u00e3os \u00e9 essencial na constru\u00e7\u00e3o e implementa\u00e7\u00e3o do Projeto Parque Linear. A audi\u00eancia p\u00fablica programada permitir\u00e1 que a popula\u00e7\u00e3o expresse suas opini\u00f5es e contribua com sugest\u00f5es, favorecendo um debate democr\u00e1tico sobre as altera\u00e7\u00f5es que afetar\u00e3o a paisagem urbana. O di\u00e1logo entre os gestores p\u00fablicos e os cidad\u00e3os \u00e9 uma oportunidade para garantir que as necessidades e desejos da comunidade sejam integrados ao projeto final.<\/p>\n<h2>Impactos Urban\u00edsticos da Revitaliza\u00e7\u00e3o<\/h2>\n<p>As interven\u00e7\u00f5es propostas trar\u00e3o v\u00e1rias mudan\u00e7as significativas para o ambiente urbano da Rua do Porto. Entre esses impactos we destacam:<\/p>\n<p><img decoding=\"async\" src=\"https:\/\/www.encontrapiracicaba.com.br\/sobre\/wp-content\/uploads\/projeto-de-parque-linear-na-orla-da-rua-do-porto-e-tema-de-audiencia-publica.webp\" alt=\"projeto de parque linear\" loading=\"lazy\" \/><\/p>\n<ul>\n<li><strong>Melhorias na Mobilidade:<\/strong> A introdu\u00e7\u00e3o de ciclovias e cal\u00e7adas mais largas promover\u00e1 um tr\u00e1fego mais seguro e fluxo adequado de pedestres e ciclistas.<\/li>\n<li><strong>Aumento da Arboriza\u00e7\u00e3o:<\/strong> A planta\u00e7\u00e3o de \u00e1rvores contribuir\u00e1 para a melhoria do microclima local e proporcionar\u00e1 sombra, tornando a \u00e1rea mais acolhedora.<\/li>\n<li><strong>Espa\u00e7os de Lazer:<\/strong> Com \u00e1reas dedicadas ao lazer e pr\u00e1ticas esportivas, a revitaliza\u00e7\u00e3o incentiva a pr\u00e1tica de atividades f\u00edsicas e a conviv\u00eancia social.<\/li>\n<\/ul>\n<h2>Quest\u00f5es Ambientais no Projeto<\/h2>\n<p>\u00c9 fundamental que o projeto leve em considera\u00e7\u00e3o a sustentabilidade e as quest\u00f5es ambientais. Dessa forma, as principais a\u00e7\u00f5es incluem:<\/p>\n<ul>\n<li><strong>Gest\u00e3o de \u00c1guas Pluviais:<\/strong> A implementa\u00e7\u00e3o de sistemas de drenagem adequados ajudar\u00e1 a minimizar os problemas de alagamento durante per\u00edodos de chuva.<\/li>\n<li><strong>Preserva\u00e7\u00e3o da Biodiversidade:<\/strong> As \u00e1reas verdes planejadas servir\u00e3o como habitats para diversas esp\u00e9cies, refor\u00e7ando a import\u00e2ncia da flora e fauna locais.<\/li>\n<\/ul>\n<h2>Benef\u00edcios Sociais do Parque Linear<\/h2>\n<p>O Parque Linear n\u00e3o \u00e9 apenas um espa\u00e7o de conviv\u00eancia, mas tamb\u00e9m um agente de transforma\u00e7\u00e3o social. Os benef\u00edcios esperados incluem:<\/p>\n<ul>\n<li><strong>Promo\u00e7\u00e3o da Sa\u00fade:<\/strong> O acesso a \u00e1reas de lazer e espa\u00e7os abertos contribui para a sa\u00fade mental e f\u00edsica da popula\u00e7\u00e3o.<\/li>\n<li><strong>Fomento \u00e0 Cultura:<\/strong> O espa\u00e7o poder\u00e1 ser utilizado para eventos culturais, promovendo a diversidade e a integra\u00e7\u00e3o social.<\/li>\n<li><strong>Valoriza\u00e7\u00e3o da Regi\u00e3o:<\/strong> A melhoria do espa\u00e7o p\u00fablico tende a valorizar os im\u00f3veis circunvizinhos e estimular a economia local.<\/li>\n<\/ul>\n<h2>Perspectivas Econ\u00f4micas para a Regi\u00e3o<\/h2>\n<p>Com a implementa\u00e7\u00e3o do Parque Linear, espera-se um aumento na atra\u00e7\u00e3o de visitantes e turistas, impactando positivamente a economia local. Alguns dos efeitos econ\u00f4micos incluem:<\/p>\n<ul>\n<li><strong>Aumento do Com\u00e9rcio Local:<\/strong> A revitaliza\u00e7\u00e3o traz mais pessoas para a regi\u00e3o, beneficiando comercios e servi\u00e7os locais.<\/li>\n<li><strong>Gera\u00e7\u00e3o de Empregos:<\/strong> As obras de constru\u00e7\u00e3o e os servi\u00e7os subsequentes exigem m\u00e3o de obra, gerando novos empregos para os cidad\u00e3os.<\/li>\n<li><strong>Valoriza\u00e7\u00e3o do Im\u00f3vel:<\/strong> A presen\u00e7a de um parque urbano qualificado tende a aumentar o valor dos im\u00f3veis na \u00e1rea.<\/li>\n<\/ul>\n<h2>Chamada para a Audi\u00eancia P\u00fablica<\/h2>\n<p>Os interessados em acompanhar o desenvolvimento do projeto s\u00e3o convidados a participar da audi\u00eancia p\u00fablica que ser\u00e1 realizada na C\u00e2mara Municipal. Esta \u00e9 uma oportunidade para trazer seus questionamentos e sugest\u00f5es. A audi\u00eancia contribuir\u00e1 para um planejamento mais eficaz e alinhado com as expectativas da comunidade.<\/p>\n<h2>Como Acompanhar a Transmiss\u00e3o ao Vivo<\/h2>\n<p>Para aqueles que n\u00e3o puderem comparecer pessoalmente, a audi\u00eancia p\u00fablica ser\u00e1 transmitida ao vivo. Voc\u00ea poder\u00e1 acompanhar por meio dos canais oficiais da TV C\u00e2mara, como:<\/p>\n<ul>\n<li><strong>TV C\u00e2mara:<\/strong> Canal 11.3 (sinal aberto digital).<\/li>\n<li><strong>Claro:<\/strong> Canal 4.<\/li>\n<li><strong>Vivo:<\/strong> Canal 9.<\/li>\n<li><strong>Website:<\/strong> [www.camarapiracicaba.sp.gov.br\/tv](https:\/\/www.camarapiracicaba.sp.gov.br\/tv).<\/li>\n<\/ul>\n<h2>Vereadores \u00e0 Frente da Iniciativa<\/h2>\n<p>Os vereadores Felipe Jorge Dario (Solidariedade) e Gustavo Pompeo (Avante) s\u00e3o os respons\u00e1veis pela proposta e pela organiza\u00e7\u00e3o da audi\u00eancia p\u00fablica, destacando a import\u00e2ncia da transpar\u00eancia e participa\u00e7\u00e3o popular no processo de revitaliza\u00e7\u00e3o da orla.<\/p>\n<h2>Futuros Passos Ap\u00f3s a Audi\u00eancia<\/h2>\n<p>Ap\u00f3s a audi\u00eancia p\u00fablica, espera-se reunir as contribui\u00e7\u00f5es da popula\u00e7\u00e3o e elaborar um plano de a\u00e7\u00e3o detalhado. As pr\u00f3ximas etapas incluir\u00e3o:<\/p>\n<ul>\n<li><strong>Elabora\u00e7\u00e3o do Projeto Executivo:<\/strong> Com base nas contribui\u00e7\u00f5es da audi\u00eancia, os profissionais de urbanismo desenvolver\u00e3o um projeto mais detalhado.<\/li>\n<li><strong>Execu\u00e7\u00e3o das Obras:<\/strong> A etapa de constru\u00e7\u00e3o ser\u00e1 planejada para minimizar o impacto sobre a comunidade.<\/li>\n<li><strong>Acompanhamento e Avalia\u00e7\u00e3o:<\/strong> Acompanhar o desenvolvimento do parque e avaliar sua efic\u00e1cia ap\u00f3s a implementa\u00e7\u00e3o.<\/li>\n<\/ul>\n<p>O &#8220;Projeto Parque Linear Vila Porto&#8221; promete transformar a orla da Rua do Porto em um espa\u00e7o vibrante, contribuindo para a qualidade de vida dos cidad\u00e3os de Piracicaba e fortalecendo o convivente social entre os moradores da regi\u00e3o.<\/p>\n\n<div style=\"font-size: 0px; height: 0px; line-height: 0px; margin: 0; padding: 0; clear: both;\"><\/div>","protected":false},"excerpt":{"rendered":"<p>O projeto de parque linear na orla da Rua do Porto ganha destaque na audi\u00eancia p\u00fablica da C\u00e2mara.<\/p>\n","protected":false},"author":1,"featured_media":4545,"comment_status":"closed","ping_status":"closed","sticky":false,"template":"","format":"standard","meta":{"footnotes":""},"categories":[6],"tags":[],"class_list":["post-4546","post","type-post","status-publish","format-standard","has-post-thumbnail","hentry","category-noticias-em-piracicaba","has_thumb"],"aioseo_notices":[],"aioseo_head":"\n\t\t<!-- All in One SEO 5.0.0.1 - aioseo.com -->\n\t<meta name=\"robots\" content=\"max-image-preview:large\" \/>\n\t<meta name=\"author\" content=\"Encontra Piracicaba\"\/>\n\t<link rel=\"canonical\" href=\"https:\/\/www.encontrapiracicaba.com.br\/sobre\/projeto-de-parque-linear-na-orla-da-rua-do-porto-e-tema-de-audiencia-publica\/\" \/>\n\t<meta name=\"generator\" content=\"All in One SEO (AIOSEO) 5.0.0.1\" \/>\n\t\t<meta property=\"og:locale\" content=\"pt_BR\" \/>\n\t\t<meta property=\"og:site_name\" content=\"Encontra Piracicaba | Not\u00edcias, eventos, informa\u00e7\u00f5es e dicas na cidade de Piracicaba e regi\u00e3o\" \/>\n\t\t<meta property=\"og:type\" content=\"article\" \/>\n\t\t<meta property=\"og:title\" content=\"Projeto de parque linear na orla da Rua do Porto \u00e9 tema de audi\u00eancia p\u00fablica | Encontra Piracicaba\" \/>\n\t\t<meta property=\"og:url\" content=\"https:\/\/www.encontrapiracicaba.com.br\/sobre\/projeto-de-parque-linear-na-orla-da-rua-do-porto-e-tema-de-audiencia-publica\/\" \/>\n\t\t<meta property=\"article:published_time\" content=\"2026-05-11T13:54:18+00:00\" \/>\n\t\t<meta property=\"article:modified_time\" content=\"2026-05-11T13:54:18+00:00\" \/>\n\t\t<meta name=\"twitter:card\" content=\"summary\" \/>\n\t\t<meta name=\"twitter:title\" content=\"Projeto de parque linear na orla da Rua do Porto \u00e9 tema de audi\u00eancia p\u00fablica | Encontra Piracicaba\" \/>\n\t\t<script type=\"application\/ld+json\" class=\"aioseo-schema\">\n\t\t\t{\"@context\":\"https:\\\/\\\/schema.org\",\"@graph\":[{\"@type\":\"Article\",\"@id\":\"https:\\\/\\\/www.encontrapiracicaba.com.br\\\/sobre\\\/projeto-de-parque-linear-na-orla-da-rua-do-porto-e-tema-de-audiencia-publica\\\/#article\",\"name\":\"Projeto de parque linear na orla da Rua do Porto \\u00e9 tema de audi\\u00eancia p\\u00fablica | Encontra Piracicaba\",\"headline\":\"Projeto de parque linear na orla da Rua do Porto \\u00e9 tema de audi\\u00eancia p\\u00fablica\",\"author\":{\"@id\":\"https:\\\/\\\/www.encontrapiracicaba.com.br\\\/sobre\\\/author\\\/epiracicaba\\\/#author\"},\"publisher\":{\"@id\":\"https:\\\/\\\/www.encontrapiracicaba.com.br\\\/sobre\\\/#organization\"},\"image\":{\"@type\":\"ImageObject\",\"url\":\"https:\\\/\\\/www.encontrapiracicaba.com.br\\\/sobre\\\/wp-content\\\/uploads\\\/projeto-de-parque-linear-na-orla-da-rua-do-porto-e-tema-de-audiencia-publica.webp\",\"width\":280,\"height\":280,\"caption\":\"projeto de parque linear\"},\"datePublished\":\"2026-05-11T10:54:18-03:00\",\"dateModified\":\"2026-05-11T10:54:18-03:00\",\"inLanguage\":\"pt-BR\",\"mainEntityOfPage\":{\"@id\":\"https:\\\/\\\/www.encontrapiracicaba.com.br\\\/sobre\\\/projeto-de-parque-linear-na-orla-da-rua-do-porto-e-tema-de-audiencia-publica\\\/#webpage\"},\"isPartOf\":{\"@id\":\"https:\\\/\\\/www.encontrapiracicaba.com.br\\\/sobre\\\/projeto-de-parque-linear-na-orla-da-rua-do-porto-e-tema-de-audiencia-publica\\\/#webpage\"},\"articleSection\":\"Not\\u00edcias Piracicaba\"},{\"@type\":\"BreadcrumbList\",\"@id\":\"https:\\\/\\\/www.encontrapiracicaba.com.br\\\/sobre\\\/projeto-de-parque-linear-na-orla-da-rua-do-porto-e-tema-de-audiencia-publica\\\/#breadcrumblist\",\"itemListElement\":[{\"@type\":\"ListItem\",\"@id\":\"https:\\\/\\\/www.encontrapiracicaba.com.br\\\/sobre#listItem\",\"position\":1,\"name\":\"In\\u00edcio\",\"item\":\"https:\\\/\\\/www.encontrapiracicaba.com.br\\\/sobre\",\"nextItem\":{\"@type\":\"ListItem\",\"@id\":\"https:\\\/\\\/www.encontrapiracicaba.com.br\\\/sobre\\\/noticias-em-piracicaba\\\/#listItem\",\"name\":\"Not\\u00edcias Piracicaba\"}},{\"@type\":\"ListItem\",\"@id\":\"https:\\\/\\\/www.encontrapiracicaba.com.br\\\/sobre\\\/noticias-em-piracicaba\\\/#listItem\",\"position\":2,\"name\":\"Not\\u00edcias Piracicaba\",\"item\":\"https:\\\/\\\/www.encontrapiracicaba.com.br\\\/sobre\\\/noticias-em-piracicaba\\\/\",\"nextItem\":{\"@type\":\"ListItem\",\"@id\":\"https:\\\/\\\/www.encontrapiracicaba.com.br\\\/sobre\\\/projeto-de-parque-linear-na-orla-da-rua-do-porto-e-tema-de-audiencia-publica\\\/#listItem\",\"name\":\"Projeto de parque linear na orla da Rua do Porto \\u00e9 tema de audi\\u00eancia p\\u00fablica\"},\"previousItem\":{\"@type\":\"ListItem\",\"@id\":\"https:\\\/\\\/www.encontrapiracicaba.com.br\\\/sobre#listItem\",\"name\":\"In\\u00edcio\"}},{\"@type\":\"ListItem\",\"@id\":\"https:\\\/\\\/www.encontrapiracicaba.com.br\\\/sobre\\\/projeto-de-parque-linear-na-orla-da-rua-do-porto-e-tema-de-audiencia-publica\\\/#listItem\",\"position\":3,\"name\":\"Projeto de parque linear na orla da Rua do Porto \\u00e9 tema de audi\\u00eancia p\\u00fablica\",\"previousItem\":{\"@type\":\"ListItem\",\"@id\":\"https:\\\/\\\/www.encontrapiracicaba.com.br\\\/sobre\\\/noticias-em-piracicaba\\\/#listItem\",\"name\":\"Not\\u00edcias Piracicaba\"}}]},{\"@type\":\"Organization\",\"@id\":\"https:\\\/\\\/www.encontrapiracicaba.com.br\\\/sobre\\\/#organization\",\"name\":\"Encontra Piracicaba\",\"description\":\"Not\\u00edcias, eventos, informa\\u00e7\\u00f5es e dicas na cidade de Piracicaba e regi\\u00e3o\",\"url\":\"https:\\\/\\\/www.encontrapiracicaba.com.br\\\/sobre\\\/\"},{\"@type\":\"Person\",\"@id\":\"https:\\\/\\\/www.encontrapiracicaba.com.br\\\/sobre\\\/author\\\/epiracicaba\\\/#author\",\"url\":\"https:\\\/\\\/www.encontrapiracicaba.com.br\\\/sobre\\\/author\\\/epiracicaba\\\/\",\"name\":\"Encontra Piracicaba\",\"image\":{\"@type\":\"ImageObject\",\"@id\":\"https:\\\/\\\/www.encontrapiracicaba.com.br\\\/sobre\\\/projeto-de-parque-linear-na-orla-da-rua-do-porto-e-tema-de-audiencia-publica\\\/#authorImage\",\"url\":\"https:\\\/\\\/secure.gravatar.com\\\/avatar\\\/507340682b8270222e1f208e23198b6ae7e2c6a1033ae84e99bc6bce4f82a387?s=96&d=mm&r=g\",\"width\":96,\"height\":96,\"caption\":\"Encontra Piracicaba\"}},{\"@type\":\"WebPage\",\"@id\":\"https:\\\/\\\/www.encontrapiracicaba.com.br\\\/sobre\\\/projeto-de-parque-linear-na-orla-da-rua-do-porto-e-tema-de-audiencia-publica\\\/#webpage\",\"url\":\"https:\\\/\\\/www.encontrapiracicaba.com.br\\\/sobre\\\/projeto-de-parque-linear-na-orla-da-rua-do-porto-e-tema-de-audiencia-publica\\\/\",\"name\":\"Projeto de parque linear na orla da Rua do Porto \\u00e9 tema de audi\\u00eancia p\\u00fablica | Encontra Piracicaba\",\"inLanguage\":\"pt-BR\",\"isPartOf\":{\"@id\":\"https:\\\/\\\/www.encontrapiracicaba.com.br\\\/sobre\\\/#website\"},\"breadcrumb\":{\"@id\":\"https:\\\/\\\/www.encontrapiracicaba.com.br\\\/sobre\\\/projeto-de-parque-linear-na-orla-da-rua-do-porto-e-tema-de-audiencia-publica\\\/#breadcrumblist\"},\"author\":{\"@id\":\"https:\\\/\\\/www.encontrapiracicaba.com.br\\\/sobre\\\/author\\\/epiracicaba\\\/#author\"},\"creator\":{\"@id\":\"https:\\\/\\\/www.encontrapiracicaba.com.br\\\/sobre\\\/author\\\/epiracicaba\\\/#author\"},\"image\":{\"@type\":\"ImageObject\",\"url\":\"https:\\\/\\\/www.encontrapiracicaba.com.br\\\/sobre\\\/wp-content\\\/uploads\\\/projeto-de-parque-linear-na-orla-da-rua-do-porto-e-tema-de-audiencia-publica.webp\",\"@id\":\"https:\\\/\\\/www.encontrapiracicaba.com.br\\\/sobre\\\/projeto-de-parque-linear-na-orla-da-rua-do-porto-e-tema-de-audiencia-publica\\\/#mainImage\",\"width\":280,\"height\":280,\"caption\":\"projeto de parque linear\"},\"primaryImageOfPage\":{\"@id\":\"https:\\\/\\\/www.encontrapiracicaba.com.br\\\/sobre\\\/projeto-de-parque-linear-na-orla-da-rua-do-porto-e-tema-de-audiencia-publica\\\/#mainImage\"},\"datePublished\":\"2026-05-11T10:54:18-03:00\",\"dateModified\":\"2026-05-11T10:54:18-03:00\"},{\"@type\":\"WebSite\",\"@id\":\"https:\\\/\\\/www.encontrapiracicaba.com.br\\\/sobre\\\/#website\",\"url\":\"https:\\\/\\\/www.encontrapiracicaba.com.br\\\/sobre\\\/\",\"name\":\"Encontra Piracicaba\",\"description\":\"Not\\u00edcias, eventos, informa\\u00e7\\u00f5es e dicas na cidade de Piracicaba e regi\\u00e3o\",\"inLanguage\":\"pt-BR\",\"publisher\":{\"@id\":\"https:\\\/\\\/www.encontrapiracicaba.com.br\\\/sobre\\\/#organization\"}}]}\n\t\t<\/script>\n\t\t<!-- All in One SEO -->\n\n","aioseo_head_json":{"title":"Projeto de parque linear na orla da Rua do Porto \u00e9 tema de audi\u00eancia p\u00fablica | Encontra Piracicaba","description":"","canonical_url":"https:\/\/www.encontrapiracicaba.com.br\/sobre\/projeto-de-parque-linear-na-orla-da-rua-do-porto-e-tema-de-audiencia-publica\/","robots":"max-image-preview:large","keywords":"","webmasterTools":{"miscellaneous":""},"schema":{"@context":"https:\/\/schema.org","@graph":[{"@type":"Article","@id":"https:\/\/www.encontrapiracicaba.com.br\/sobre\/projeto-de-parque-linear-na-orla-da-rua-do-porto-e-tema-de-audiencia-publica\/#article","name":"Projeto de parque linear na orla da Rua do Porto \u00e9 tema de audi\u00eancia p\u00fablica | Encontra Piracicaba","headline":"Projeto de parque linear na orla da Rua do Porto \u00e9 tema de audi\u00eancia p\u00fablica","author":{"@id":"https:\/\/www.encontrapiracicaba.com.br\/sobre\/author\/epiracicaba\/#author"},"publisher":{"@id":"https:\/\/www.encontrapiracicaba.com.br\/sobre\/#organization"},"image":{"@type":"ImageObject","url":"https:\/\/www.encontrapiracicaba.com.br\/sobre\/wp-content\/uploads\/projeto-de-parque-linear-na-orla-da-rua-do-porto-e-tema-de-audiencia-publica.webp","width":280,"height":280,"caption":"projeto de parque linear"},"datePublished":"2026-05-11T10:54:18-03:00","dateModified":"2026-05-11T10:54:18-03:00","inLanguage":"pt-BR","mainEntityOfPage":{"@id":"https:\/\/www.encontrapiracicaba.com.br\/sobre\/projeto-de-parque-linear-na-orla-da-rua-do-porto-e-tema-de-audiencia-publica\/#webpage"},"isPartOf":{"@id":"https:\/\/www.encontrapiracicaba.com.br\/sobre\/projeto-de-parque-linear-na-orla-da-rua-do-porto-e-tema-de-audiencia-publica\/#webpage"},"articleSection":"Not\u00edcias Piracicaba"},{"@type":"BreadcrumbList","@id":"https:\/\/www.encontrapiracicaba.com.br\/sobre\/projeto-de-parque-linear-na-orla-da-rua-do-porto-e-tema-de-audiencia-publica\/#breadcrumblist","itemListElement":[{"@type":"ListItem","@id":"https:\/\/www.encontrapiracicaba.com.br\/sobre#listItem","position":1,"name":"In\u00edcio","item":"https:\/\/www.encontrapiracicaba.com.br\/sobre","nextItem":{"@type":"ListItem","@id":"https:\/\/www.encontrapiracicaba.com.br\/sobre\/noticias-em-piracicaba\/#listItem","name":"Not\u00edcias Piracicaba"}},{"@type":"ListItem","@id":"https:\/\/www.encontrapiracicaba.com.br\/sobre\/noticias-em-piracicaba\/#listItem","position":2,"name":"Not\u00edcias Piracicaba","item":"https:\/\/www.encontrapiracicaba.com.br\/sobre\/noticias-em-piracicaba\/","nextItem":{"@type":"ListItem","@id":"https:\/\/www.encontrapiracicaba.com.br\/sobre\/projeto-de-parque-linear-na-orla-da-rua-do-porto-e-tema-de-audiencia-publica\/#listItem","name":"Projeto de parque linear na orla da Rua do Porto \u00e9 tema de audi\u00eancia p\u00fablica"},"previousItem":{"@type":"ListItem","@id":"https:\/\/www.encontrapiracicaba.com.br\/sobre#listItem","name":"In\u00edcio"}},{"@type":"ListItem","@id":"https:\/\/www.encontrapiracicaba.com.br\/sobre\/projeto-de-parque-linear-na-orla-da-rua-do-porto-e-tema-de-audiencia-publica\/#listItem","position":3,"name":"Projeto de parque linear na orla da Rua do Porto \u00e9 tema de audi\u00eancia p\u00fablica","previousItem":{"@type":"ListItem","@id":"https:\/\/www.encontrapiracicaba.com.br\/sobre\/noticias-em-piracicaba\/#listItem","name":"Not\u00edcias Piracicaba"}}]},{"@type":"Organization","@id":"https:\/\/www.encontrapiracicaba.com.br\/sobre\/#organization","name":"Encontra Piracicaba","description":"Not\u00edcias, eventos, informa\u00e7\u00f5es e dicas na cidade de Piracicaba e regi\u00e3o","url":"https:\/\/www.encontrapiracicaba.com.br\/sobre\/"},{"@type":"Person","@id":"https:\/\/www.encontrapiracicaba.com.br\/sobre\/author\/epiracicaba\/#author","url":"https:\/\/www.encontrapiracicaba.com.br\/sobre\/author\/epiracicaba\/","name":"Encontra Piracicaba","image":{"@type":"ImageObject","@id":"https:\/\/www.encontrapiracicaba.com.br\/sobre\/projeto-de-parque-linear-na-orla-da-rua-do-porto-e-tema-de-audiencia-publica\/#authorImage","url":"https:\/\/secure.gravatar.com\/avatar\/507340682b8270222e1f208e23198b6ae7e2c6a1033ae84e99bc6bce4f82a387?s=96&d=mm&r=g","width":96,"height":96,"caption":"Encontra Piracicaba"}},{"@type":"WebPage","@id":"https:\/\/www.encontrapiracicaba.com.br\/sobre\/projeto-de-parque-linear-na-orla-da-rua-do-porto-e-tema-de-audiencia-publica\/#webpage","url":"https:\/\/www.encontrapiracicaba.com.br\/sobre\/projeto-de-parque-linear-na-orla-da-rua-do-porto-e-tema-de-audiencia-publica\/","name":"Projeto de parque linear na orla da Rua do Porto \u00e9 tema de audi\u00eancia p\u00fablica | Encontra Piracicaba","inLanguage":"pt-BR","isPartOf":{"@id":"https:\/\/www.encontrapiracicaba.com.br\/sobre\/#website"},"breadcrumb":{"@id":"https:\/\/www.encontrapiracicaba.com.br\/sobre\/projeto-de-parque-linear-na-orla-da-rua-do-porto-e-tema-de-audiencia-publica\/#breadcrumblist"},"author":{"@id":"https:\/\/www.encontrapiracicaba.com.br\/sobre\/author\/epiracicaba\/#author"},"creator":{"@id":"https:\/\/www.encontrapiracicaba.com.br\/sobre\/author\/epiracicaba\/#author"},"image":{"@type":"ImageObject","url":"https:\/\/www.encontrapiracicaba.com.br\/sobre\/wp-content\/uploads\/projeto-de-parque-linear-na-orla-da-rua-do-porto-e-tema-de-audiencia-publica.webp","@id":"https:\/\/www.encontrapiracicaba.com.br\/sobre\/projeto-de-parque-linear-na-orla-da-rua-do-porto-e-tema-de-audiencia-publica\/#mainImage","width":280,"height":280,"caption":"projeto de parque linear"},"primaryImageOfPage":{"@id":"https:\/\/www.encontrapiracicaba.com.br\/sobre\/projeto-de-parque-linear-na-orla-da-rua-do-porto-e-tema-de-audiencia-publica\/#mainImage"},"datePublished":"2026-05-11T10:54:18-03:00","dateModified":"2026-05-11T10:54:18-03:00"},{"@type":"WebSite","@id":"https:\/\/www.encontrapiracicaba.com.br\/sobre\/#website","url":"https:\/\/www.encontrapiracicaba.com.br\/sobre\/","name":"Encontra Piracicaba","description":"Not\u00edcias, eventos, informa\u00e7\u00f5es e dicas na cidade de Piracicaba e regi\u00e3o","inLanguage":"pt-BR","publisher":{"@id":"https:\/\/www.encontrapiracicaba.com.br\/sobre\/#organization"}}]},"og:locale":"pt_BR","og:site_name":"Encontra Piracicaba | Not\u00edcias, eventos, informa\u00e7\u00f5es e dicas na cidade de Piracicaba e regi\u00e3o","og:type":"article","og:title":"Projeto de parque linear na orla da Rua do Porto \u00e9 tema de audi\u00eancia p\u00fablica | Encontra Piracicaba","og:url":"https:\/\/www.encontrapiracicaba.com.br\/sobre\/projeto-de-parque-linear-na-orla-da-rua-do-porto-e-tema-de-audiencia-publica\/","article:published_time":"2026-05-11T13:54:18+00:00","article:modified_time":"2026-05-11T13:54:18+00:00","twitter:card":"summary","twitter:title":"Projeto de parque linear na orla da Rua do Porto \u00e9 tema de audi\u00eancia p\u00fablica | Encontra Piracicaba"},"aioseo_meta_data":{"post_id":"4546","title":null,"description":null,"keywords":null,"keyphrases":null,"primary_term":null,"canonical_url":null,"og_title":null,"og_description":null,"og_object_type":"default","og_image_type":"default","og_image_url":null,"og_image_width":null,"og_image_height":null,"og_image_custom_url":null,"og_image_custom_fields":null,"og_video":null,"og_custom_url":null,"og_article_section":null,"og_article_tags":null,"twitter_use_og":false,"twitter_card":"default","twitter_image_type":"default","twitter_image_url":null,"twitter_image_custom_url":null,"twitter_image_custom_fields":null,"twitter_title":null,"twitter_description":null,"schema":{"blockGraphs":[],"customGraphs":[],"default":{"data":{"Article":[],"Course":[],"Dataset":[],"FAQPage":[],"Movie":[],"Person":[],"Product":[],"ProductReview":[],"Car":[],"Recipe":[],"Service":[],"SoftwareApplication":[],"WebPage":[]},"graphName":"Article","isEnabled":true},"graphs":[]},"schema_type":"default","schema_type_options":null,"pillar_content":false,"robots_default":true,"robots_noindex":false,"robots_noarchive":false,"robots_nosnippet":false,"robots_nofollow":false,"robots_noimageindex":false,"robots_noodp":false,"robots_notranslate":false,"robots_max_snippet":null,"robots_max_videopreview":null,"robots_max_imagepreview":"large","priority":null,"frequency":null,"local_seo":null,"breadcrumb_settings":null,"limit_modified_date":false,"ai":null,"created":"2026-05-11 13:54:26","updated":"2026-05-11 14:05:43","focus_keyword":null,"additional_keywords":null,"truseo_locale":null,"seo_analyzer_scan_date":null},"aioseo_breadcrumb":"<div class=\"aioseo-breadcrumbs\"><span class=\"aioseo-breadcrumb\">\n\t\t\t<a href=\"https:\/\/www.encontrapiracicaba.com.br\/sobre\" title=\"In\u00edcio\">In\u00edcio<\/a>\n\t\t<\/span><span class=\"aioseo-breadcrumb-separator\">&raquo;<\/span><span class=\"aioseo-breadcrumb\">\n\t\t\t<a href=\"https:\/\/www.encontrapiracicaba.com.br\/sobre\/noticias-em-piracicaba\/\" title=\"Not\u00edcias Piracicaba\">Not\u00edcias Piracicaba<\/a>\n\t\t<\/span><span class=\"aioseo-breadcrumb-separator\">&raquo;<\/span><span class=\"aioseo-breadcrumb\">\n\t\t\tProjeto de parque linear na orla da Rua do Porto \u00e9 tema de audi\u00eancia p\u00fablica\n\t\t<\/span><\/div>","aioseo_breadcrumb_json":[{"label":"In\u00edcio","link":"https:\/\/www.encontrapiracicaba.com.br\/sobre"},{"label":"Not\u00edcias Piracicaba","link":"https:\/\/www.encontrapiracicaba.com.br\/sobre\/noticias-em-piracicaba\/"},{"label":"Projeto de parque linear na orla da Rua do Porto \u00e9 tema de audi\u00eancia p\u00fablica","link":"https:\/\/www.encontrapiracicaba.com.br\/sobre\/projeto-de-parque-linear-na-orla-da-rua-do-porto-e-tema-de-audiencia-publica\/"}],"_links":{"self":[{"href":"https:\/\/www.encontrapiracicaba.com.br\/sobre\/wp-json\/wp\/v2\/posts\/4546","targetHints":{"allow":["GET"]}}],"collection":[{"href":"https:\/\/www.encontrapiracicaba.com.br\/sobre\/wp-json\/wp\/v2\/posts"}],"about":[{"href":"https:\/\/www.encontrapiracicaba.com.br\/sobre\/wp-json\/wp\/v2\/types\/post"}],"author":[{"embeddable":true,"href":"https:\/\/www.encontrapiracicaba.com.br\/sobre\/wp-json\/wp\/v2\/users\/1"}],"replies":[{"embeddable":true,"href":"https:\/\/www.encontrapiracicaba.com.br\/sobre\/wp-json\/wp\/v2\/comments?post=4546"}],"version-history":[{"count":0,"href":"https:\/\/www.encontrapiracicaba.com.br\/sobre\/wp-json\/wp\/v2\/posts\/4546\/revisions"}],"wp:featuredmedia":[{"embeddable":true,"href":"https:\/\/www.encontrapiracicaba.com.br\/sobre\/wp-json\/wp\/v2\/media\/4545"}],"wp:attachment":[{"href":"https:\/\/www.encontrapiracicaba.com.br\/sobre\/wp-json\/wp\/v2\/media?parent=4546"}],"wp:term":[{"taxonomy":"category","embeddable":true,"href":"https:\/\/www.encontrapiracicaba.com.br\/sobre\/wp-json\/wp\/v2\/categories?post=4546"},{"taxonomy":"post_tag","embeddable":true,"href":"https:\/\/www.encontrapiracicaba.com.br\/sobre\/wp-json\/wp\/v2\/tags?post=4546"}],"curies":[{"name":"wp","href":"https:\/\/api.w.org\/{rel}","templated":true}]}}