{"id":4548,"date":"2026-05-11T10:55:47","date_gmt":"2026-05-11T13:55:47","guid":{"rendered":"https:\/\/www.encontrapiracicaba.com.br\/sobre\/emissora-de-radio-recebe-voto-de-congratulacoes-por-cinco-anos-de-programacao\/"},"modified":"2026-05-11T10:55:47","modified_gmt":"2026-05-11T13:55:47","slug":"emissora-de-radio-recebe-voto-de-congratulacoes-por-cinco-anos-de-programacao","status":"publish","type":"post","link":"https:\/\/www.encontrapiracicaba.com.br\/sobre\/emissora-de-radio-recebe-voto-de-congratulacoes-por-cinco-anos-de-programacao\/","title":{"rendered":"Emissora de r\u00e1dio recebe voto de congratula\u00e7\u00f5es por cinco anos de programa\u00e7\u00e3o"},"content":{"rendered":"<div class=\"85df007ed5c0c4d4b453fd13a37855e8\" data-index=\"1\" style=\"float: none; margin:0px;\">\n<!-- Anuncio display - global -->\r\n<ins class=\"adsbygoogle\"\r\n     style=\"display:block\"\r\n     data-ad-client=\"ca-pub-8585364105181520\"\r\n     data-ad-slot=\"8789329856\"\r\n     data-ad-format=\"auto\"\r\n     data-full-width-responsive=\"true\"><\/ins>\r\n<script>\r\n     (adsbygoogle = window.adsbygoogle || []).push({});\r\n<\/script>\n<\/div>\n<h2>R\u00e1dio Piracicaba: Um Marco na Comunica\u00e7\u00e3o Local<\/h2>\n<p>A R\u00e1dio Piracicaba, desde sua inaugura\u00e7\u00e3o em 1\u00ba de mar\u00e7o de 2021, tem se destacado no cen\u00e1rio da comunica\u00e7\u00e3o local. A emissora \u00e9 uma refer\u00eancia em informar e entreter a popula\u00e7\u00e3o de Piracicaba, oferecendo uma programa\u00e7\u00e3o diversificada que inclui jornalismo, m\u00fasica e esportes. Com um forte compromisso com a qualidade da informa\u00e7\u00e3o, a R\u00e1dio Piracicaba conquistou o respeito e a confian\u00e7a de seus ouvintes, utilizando m\u00faltiplas plataformas digitais para alcan\u00e7ar um p\u00fablico amplo.<\/p>\n<h2>Voto de Congratula\u00e7\u00f5es: Celebra\u00e7\u00e3o e Reconhecimento<\/h2>\n<p>No dia 13 de abril de 2026, a R\u00e1dio Piracicaba recebeu um justo voto de congratula\u00e7\u00f5es do Legislativo piracicabano, selando o reconhecimento pelos seus cinco anos de contribui\u00e7\u00e3o significativa \u00e0 comunidade. Esta honraria foi proposta pelo vereador Andr\u00e9 Bandeira, do PSDB, que entregou a mesma ao diretor da emissora, Vitor Prates, durante uma cerim\u00f4nia especial realizada no Sal\u00e3o Nobre &#8220;Helly de Campos Melges&#8221;. A iniciativa ressalta a relev\u00e2ncia da r\u00e1dio no cen\u00e1rio comunicacional da regi\u00e3o.<\/p>\n<h2>Andr\u00e9 Bandeira: O Propositor da Honraria<\/h2>\n<p>Andr\u00e9 Bandeira, vereador atuante e defensor da comunica\u00e7\u00e3o p\u00fablica, foi o respons\u00e1vel pela proposta que reconheceu o trabalho da R\u00e1dio Piracicaba. Em suas declara\u00e7\u00f5es, ele salientou a import\u00e2ncia da emissora como um ve\u00edculo de informa\u00e7\u00e3o de qualidade. Segundo ele, a r\u00e1dio n\u00e3o s\u00f3 informa a popula\u00e7\u00e3o sobre os acontecimentos locais, mas tamb\u00e9m promove eventos e iniciativas que favorecem a cultura e a educa\u00e7\u00e3o na cidade. O reconhecimento do trabalho de Bandeira demonstra sua preocupa\u00e7\u00e3o cont\u00ednua com a dissemina\u00e7\u00e3o de informa\u00e7\u00f5es \u00fateis e relevantes para a sociedade piracicabana.<\/p>\n<p><img decoding=\"async\" src=\"https:\/\/www.encontrapiracicaba.com.br\/sobre\/wp-content\/uploads\/emissora-de-radio-recebe-voto-de-congratulacoes-por-cinco-anos-de-programacao.webp\" alt=\"emissora de r\u00e1dio\" loading=\"lazy\" \/><\/p>\n<h2>Vitor Prates: O Jornalista por Tr\u00e1s da Emissora<\/h2>\n<p>Vitor Prates, um profissional de comunica\u00e7\u00e3o social com mais de 21 anos de experi\u00eancia em r\u00e1dio, \u00e9 uma das figuras centrais por tr\u00e1s da R\u00e1dio Piracicaba. Como diretor e jornalista, Prates tem se dedicado \u00e0 cobertura de eventos locais e \u00e0 produ\u00e7\u00e3o de conte\u00fado que reflita a identidade e a cultura da cidade. Al\u00e9m de seu trabalho na emissora, Prates \u00e9 conselheiro do XV de Piracicaba e autor de uma obra que documenta a rica hist\u00f3ria do clube local, refor\u00e7ando ainda mais sua conex\u00e3o com a comunidade e sua paix\u00e3o pelo esporte.<\/p>\n<h2>Programas de Destaque: Jornal e Esportes<\/h2>\n<p>A programa\u00e7\u00e3o da R\u00e1dio Piracicaba \u00e9 marcada por conte\u00fados que atendem a diferentes interesses do p\u00fablico. O programa &#8220;Jornal A Hora da Not\u00edcia&#8221; \u00e9 transmitido ao vivo em duas edi\u00e7\u00f5es di\u00e1rias, garantindo que os ouvintes estejam sempre informados sobre os principais fatos da cidade e do Pa\u00eds. Al\u00e9m disso, o &#8220;Resenha Esportiva&#8221; se destaca, trazendo an\u00e1lises e coment\u00e1rios sobre os eventos esportivos mais relevantes. Essa variedade de programa\u00e7\u00e3o \u00e9 uma das raz\u00f5es pelas quais a r\u00e1dio tem alcan\u00e7ado aproximadamente 4,5 milh\u00f5es de acessos desde seu in\u00edcio.<\/p>\n<h2>A Import\u00e2ncia da Divulga\u00e7\u00e3o Cultural<\/h2>\n<p>A R\u00e1dio Piracicaba n\u00e3o se limita apenas \u00e0 transmiss\u00e3o de informa\u00e7\u00f5es; sua programa\u00e7\u00e3o tamb\u00e9m busca valorizar a cultura local. Por meio de colunas tem\u00e1ticas e programas musicais, a emissora promove artistas e eventos culturais que acontecem na cidade, contribuindo para a preserva\u00e7\u00e3o e a divulga\u00e7\u00e3o da identidade cultural piracicabana. Esse enfoque ajuda a fortalecer o sentimento de comunidade e pertencimento entre os ouvintes.<\/p>\n<h2>Impacto na Comunidade: Milh\u00f5es de Acessos<\/h2>\n<p>O impacto da R\u00e1dio Piracicaba na comunidade \u00e9 ineg\u00e1vel. Com quase 4,5 milh\u00f5es de acessos registrados ao longo de seus mais de cinco anos de opera\u00e7\u00e3o, a emissora se tornou uma plataforma confi\u00e1vel para informa\u00e7\u00f5es sobre diversos temas, incluindo pol\u00edtica, esportes, cultura e eventos locais. Esse alcance mostra o reconhecimento do trabalho realizado e a confian\u00e7a depositada pela popula\u00e7\u00e3o nos conte\u00fados veiculados. O sucesso da r\u00e1dio \u00e9 um indicativo de que a comunica\u00e7\u00e3o fluida e democr\u00e1tica \u00e9 valorizada e necess\u00e1ria na sociedade.<\/p>\n<h2>Inova\u00e7\u00e3o na Era Digital: Desafios e Conquistas<\/h2>\n<p>Em um mundo cada vez mais digital, a R\u00e1dio Piracicaba se adaptou rapidamente \u00e0s novas demandas do p\u00fablico. A transmiss\u00e3o por meio de plataformas digitais, como aplicativos e redes sociais, \u00e9 uma das principais estrat\u00e9gias que a emissora adotou para alcan\u00e7ar um p\u00fablico mais amplo e diversificado. No entanto, essa transi\u00e7\u00e3o tamb\u00e9m trouxe desafios, como a concorr\u00eancia com outras m\u00eddias e a necessidade de manter a relev\u00e2ncia em um ambiente saturado de informa\u00e7\u00f5es. Apesar disso, a r\u00e1dio tem se destacando ao inovar e buscar novas formas de engajar sua audi\u00eancia.<\/p>\n<h2>A Equipe da R\u00e1dio: Dedica\u00e7\u00e3o e Profissionalismo<\/h2>\n<p>O crescimento e o sucesso da R\u00e1dio Piracicaba s\u00e3o resultado do trabalho em equipe e do comprometimento de seus profissionais. A equipe \u00e9 composta por jornalistas, t\u00e9cnicos de som e editores, todos dedicados \u00e0 miss\u00e3o de informar e entreter a popula\u00e7\u00e3o. O apoio e a colabora\u00e7\u00e3o m\u00fatua entre os membros da equipe s\u00e3o fundamentais para o funcionamento di\u00e1rio da emissora. O reconhecimento do trabalho coletivo \u00e9 vital para criar um ambiente de trabalho positivo e produtivo, refletindo na qualidade do conte\u00fado apresentado aos ouvintes.<\/p>\n<h2>Futuro da R\u00e1dio Piracicaba: Expectativas e Planos<\/h2>\n<p>O futuro da R\u00e1dio Piracicaba \u00e9 promissor, com in\u00fameras possibilidades de crescimento e aprimoramento. Com a digitaliza\u00e7\u00e3o em constante evolu\u00e7\u00e3o, a r\u00e1dio est\u00e1 planejando expandir sua presen\u00e7a nas redes sociais, aumentando o engajamento com a comunidade e trazendo novas formas de intera\u00e7\u00e3o. Al\u00e9m disso, h\u00e1 perspectivas de novas parcerias com organiza\u00e7\u00f5es locais para promover eventos comunit\u00e1rios e culturais, fortalecendo ainda mais os la\u00e7os com a popula\u00e7\u00e3o. O foco cont\u00ednuo na qualidade da informa\u00e7\u00e3o e na inova\u00e7\u00e3o deve garantir que a R\u00e1dio Piracicaba mantenha sua posi\u00e7\u00e3o como uma voz respeit\u00e1vel e confi\u00e1vel na comunica\u00e7\u00e3o local.<\/p>\n<p>Em suma, a R\u00e1dio Piracicaba \u00e9 um exemplo de como a comunica\u00e7\u00e3o eficaz pode impactar positivamente uma comunidade. Sua trajet\u00f3ria e reconhecimento s\u00e3o provas de que o compromisso com a qualidade da informa\u00e7\u00e3o e a cultura local s\u00e3o essenciais para construir um futuro promissor na m\u00eddia. Com uma equipe dedicada e um p\u00fablico fiel, a emissora est\u00e1 pronta para enfrentar os desafios da era digital, consolidando sua posi\u00e7\u00e3o de destaque na comunica\u00e7\u00e3o de Piracicaba.<\/p>\n\n<div style=\"font-size: 0px; height: 0px; line-height: 0px; margin: 0; padding: 0; clear: both;\"><\/div>","protected":false},"excerpt":{"rendered":"<p>Emissora de r\u00e1dio comemora 5 anos de importantes contribui\u00e7\u00f5es na comunica\u00e7\u00e3o.<\/p>\n","protected":false},"author":1,"featured_media":4547,"comment_status":"closed","ping_status":"closed","sticky":false,"template":"","format":"standard","meta":{"footnotes":""},"categories":[6],"tags":[],"class_list":["post-4548","post","type-post","status-publish","format-standard","has-post-thumbnail","hentry","category-noticias-em-piracicaba","has_thumb"],"aioseo_notices":[],"aioseo_head":"\n\t\t<!-- All in One SEO 5.0.0.1 - aioseo.com -->\n\t<meta name=\"robots\" content=\"max-image-preview:large\" \/>\n\t<meta name=\"author\" content=\"Encontra Piracicaba\"\/>\n\t<link rel=\"canonical\" href=\"https:\/\/www.encontrapiracicaba.com.br\/sobre\/emissora-de-radio-recebe-voto-de-congratulacoes-por-cinco-anos-de-programacao\/\" \/>\n\t<meta name=\"generator\" content=\"All in One SEO (AIOSEO) 5.0.0.1\" \/>\n\t\t<meta property=\"og:locale\" content=\"pt_BR\" \/>\n\t\t<meta property=\"og:site_name\" content=\"Encontra Piracicaba | Not\u00edcias, eventos, informa\u00e7\u00f5es e dicas na cidade de Piracicaba e regi\u00e3o\" \/>\n\t\t<meta property=\"og:type\" content=\"article\" \/>\n\t\t<meta property=\"og:title\" content=\"Emissora de r\u00e1dio recebe voto de congratula\u00e7\u00f5es por cinco anos de programa\u00e7\u00e3o | Encontra Piracicaba\" \/>\n\t\t<meta property=\"og:url\" content=\"https:\/\/www.encontrapiracicaba.com.br\/sobre\/emissora-de-radio-recebe-voto-de-congratulacoes-por-cinco-anos-de-programacao\/\" \/>\n\t\t<meta property=\"article:published_time\" content=\"2026-05-11T13:55:47+00:00\" \/>\n\t\t<meta property=\"article:modified_time\" content=\"2026-05-11T13:55:47+00:00\" \/>\n\t\t<meta name=\"twitter:card\" content=\"summary\" \/>\n\t\t<meta name=\"twitter:title\" content=\"Emissora de r\u00e1dio recebe voto de congratula\u00e7\u00f5es por cinco anos de programa\u00e7\u00e3o | Encontra Piracicaba\" \/>\n\t\t<script type=\"application\/ld+json\" class=\"aioseo-schema\">\n\t\t\t{\"@context\":\"https:\\\/\\\/schema.org\",\"@graph\":[{\"@type\":\"Article\",\"@id\":\"https:\\\/\\\/www.encontrapiracicaba.com.br\\\/sobre\\\/emissora-de-radio-recebe-voto-de-congratulacoes-por-cinco-anos-de-programacao\\\/#article\",\"name\":\"Emissora de r\\u00e1dio recebe voto de congratula\\u00e7\\u00f5es por cinco anos de programa\\u00e7\\u00e3o | Encontra Piracicaba\",\"headline\":\"Emissora de r\\u00e1dio recebe voto de congratula\\u00e7\\u00f5es por cinco anos de programa\\u00e7\\u00e3o\",\"author\":{\"@id\":\"https:\\\/\\\/www.encontrapiracicaba.com.br\\\/sobre\\\/author\\\/epiracicaba\\\/#author\"},\"publisher\":{\"@id\":\"https:\\\/\\\/www.encontrapiracicaba.com.br\\\/sobre\\\/#organization\"},\"image\":{\"@type\":\"ImageObject\",\"url\":\"https:\\\/\\\/www.encontrapiracicaba.com.br\\\/sobre\\\/wp-content\\\/uploads\\\/emissora-de-radio-recebe-voto-de-congratulacoes-por-cinco-anos-de-programacao.webp\",\"width\":280,\"height\":280,\"caption\":\"emissora de r\\u00e1dio\"},\"datePublished\":\"2026-05-11T10:55:47-03:00\",\"dateModified\":\"2026-05-11T10:55:47-03:00\",\"inLanguage\":\"pt-BR\",\"mainEntityOfPage\":{\"@id\":\"https:\\\/\\\/www.encontrapiracicaba.com.br\\\/sobre\\\/emissora-de-radio-recebe-voto-de-congratulacoes-por-cinco-anos-de-programacao\\\/#webpage\"},\"isPartOf\":{\"@id\":\"https:\\\/\\\/www.encontrapiracicaba.com.br\\\/sobre\\\/emissora-de-radio-recebe-voto-de-congratulacoes-por-cinco-anos-de-programacao\\\/#webpage\"},\"articleSection\":\"Not\\u00edcias Piracicaba\"},{\"@type\":\"BreadcrumbList\",\"@id\":\"https:\\\/\\\/www.encontrapiracicaba.com.br\\\/sobre\\\/emissora-de-radio-recebe-voto-de-congratulacoes-por-cinco-anos-de-programacao\\\/#breadcrumblist\",\"itemListElement\":[{\"@type\":\"ListItem\",\"@id\":\"https:\\\/\\\/www.encontrapiracicaba.com.br\\\/sobre#listItem\",\"position\":1,\"name\":\"In\\u00edcio\",\"item\":\"https:\\\/\\\/www.encontrapiracicaba.com.br\\\/sobre\",\"nextItem\":{\"@type\":\"ListItem\",\"@id\":\"https:\\\/\\\/www.encontrapiracicaba.com.br\\\/sobre\\\/noticias-em-piracicaba\\\/#listItem\",\"name\":\"Not\\u00edcias Piracicaba\"}},{\"@type\":\"ListItem\",\"@id\":\"https:\\\/\\\/www.encontrapiracicaba.com.br\\\/sobre\\\/noticias-em-piracicaba\\\/#listItem\",\"position\":2,\"name\":\"Not\\u00edcias Piracicaba\",\"item\":\"https:\\\/\\\/www.encontrapiracicaba.com.br\\\/sobre\\\/noticias-em-piracicaba\\\/\",\"nextItem\":{\"@type\":\"ListItem\",\"@id\":\"https:\\\/\\\/www.encontrapiracicaba.com.br\\\/sobre\\\/emissora-de-radio-recebe-voto-de-congratulacoes-por-cinco-anos-de-programacao\\\/#listItem\",\"name\":\"Emissora de r\\u00e1dio recebe voto de congratula\\u00e7\\u00f5es por cinco anos de programa\\u00e7\\u00e3o\"},\"previousItem\":{\"@type\":\"ListItem\",\"@id\":\"https:\\\/\\\/www.encontrapiracicaba.com.br\\\/sobre#listItem\",\"name\":\"In\\u00edcio\"}},{\"@type\":\"ListItem\",\"@id\":\"https:\\\/\\\/www.encontrapiracicaba.com.br\\\/sobre\\\/emissora-de-radio-recebe-voto-de-congratulacoes-por-cinco-anos-de-programacao\\\/#listItem\",\"position\":3,\"name\":\"Emissora de r\\u00e1dio recebe voto de congratula\\u00e7\\u00f5es por cinco anos de programa\\u00e7\\u00e3o\",\"previousItem\":{\"@type\":\"ListItem\",\"@id\":\"https:\\\/\\\/www.encontrapiracicaba.com.br\\\/sobre\\\/noticias-em-piracicaba\\\/#listItem\",\"name\":\"Not\\u00edcias Piracicaba\"}}]},{\"@type\":\"Organization\",\"@id\":\"https:\\\/\\\/www.encontrapiracicaba.com.br\\\/sobre\\\/#organization\",\"name\":\"Encontra Piracicaba\",\"description\":\"Not\\u00edcias, eventos, informa\\u00e7\\u00f5es e dicas na cidade de Piracicaba e regi\\u00e3o\",\"url\":\"https:\\\/\\\/www.encontrapiracicaba.com.br\\\/sobre\\\/\"},{\"@type\":\"Person\",\"@id\":\"https:\\\/\\\/www.encontrapiracicaba.com.br\\\/sobre\\\/author\\\/epiracicaba\\\/#author\",\"url\":\"https:\\\/\\\/www.encontrapiracicaba.com.br\\\/sobre\\\/author\\\/epiracicaba\\\/\",\"name\":\"Encontra Piracicaba\",\"image\":{\"@type\":\"ImageObject\",\"@id\":\"https:\\\/\\\/www.encontrapiracicaba.com.br\\\/sobre\\\/emissora-de-radio-recebe-voto-de-congratulacoes-por-cinco-anos-de-programacao\\\/#authorImage\",\"url\":\"https:\\\/\\\/secure.gravatar.com\\\/avatar\\\/507340682b8270222e1f208e23198b6ae7e2c6a1033ae84e99bc6bce4f82a387?s=96&d=mm&r=g\",\"width\":96,\"height\":96,\"caption\":\"Encontra Piracicaba\"}},{\"@type\":\"WebPage\",\"@id\":\"https:\\\/\\\/www.encontrapiracicaba.com.br\\\/sobre\\\/emissora-de-radio-recebe-voto-de-congratulacoes-por-cinco-anos-de-programacao\\\/#webpage\",\"url\":\"https:\\\/\\\/www.encontrapiracicaba.com.br\\\/sobre\\\/emissora-de-radio-recebe-voto-de-congratulacoes-por-cinco-anos-de-programacao\\\/\",\"name\":\"Emissora de r\\u00e1dio recebe voto de congratula\\u00e7\\u00f5es por cinco anos de programa\\u00e7\\u00e3o | Encontra Piracicaba\",\"inLanguage\":\"pt-BR\",\"isPartOf\":{\"@id\":\"https:\\\/\\\/www.encontrapiracicaba.com.br\\\/sobre\\\/#website\"},\"breadcrumb\":{\"@id\":\"https:\\\/\\\/www.encontrapiracicaba.com.br\\\/sobre\\\/emissora-de-radio-recebe-voto-de-congratulacoes-por-cinco-anos-de-programacao\\\/#breadcrumblist\"},\"author\":{\"@id\":\"https:\\\/\\\/www.encontrapiracicaba.com.br\\\/sobre\\\/author\\\/epiracicaba\\\/#author\"},\"creator\":{\"@id\":\"https:\\\/\\\/www.encontrapiracicaba.com.br\\\/sobre\\\/author\\\/epiracicaba\\\/#author\"},\"image\":{\"@type\":\"ImageObject\",\"url\":\"https:\\\/\\\/www.encontrapiracicaba.com.br\\\/sobre\\\/wp-content\\\/uploads\\\/emissora-de-radio-recebe-voto-de-congratulacoes-por-cinco-anos-de-programacao.webp\",\"@id\":\"https:\\\/\\\/www.encontrapiracicaba.com.br\\\/sobre\\\/emissora-de-radio-recebe-voto-de-congratulacoes-por-cinco-anos-de-programacao\\\/#mainImage\",\"width\":280,\"height\":280,\"caption\":\"emissora de r\\u00e1dio\"},\"primaryImageOfPage\":{\"@id\":\"https:\\\/\\\/www.encontrapiracicaba.com.br\\\/sobre\\\/emissora-de-radio-recebe-voto-de-congratulacoes-por-cinco-anos-de-programacao\\\/#mainImage\"},\"datePublished\":\"2026-05-11T10:55:47-03:00\",\"dateModified\":\"2026-05-11T10:55:47-03:00\"},{\"@type\":\"WebSite\",\"@id\":\"https:\\\/\\\/www.encontrapiracicaba.com.br\\\/sobre\\\/#website\",\"url\":\"https:\\\/\\\/www.encontrapiracicaba.com.br\\\/sobre\\\/\",\"name\":\"Encontra Piracicaba\",\"description\":\"Not\\u00edcias, eventos, informa\\u00e7\\u00f5es e dicas na cidade de Piracicaba e regi\\u00e3o\",\"inLanguage\":\"pt-BR\",\"publisher\":{\"@id\":\"https:\\\/\\\/www.encontrapiracicaba.com.br\\\/sobre\\\/#organization\"}}]}\n\t\t<\/script>\n\t\t<!-- All in One SEO -->\n\n","aioseo_head_json":{"title":"Emissora de r\u00e1dio recebe voto de congratula\u00e7\u00f5es por cinco anos de programa\u00e7\u00e3o | Encontra Piracicaba","description":"","canonical_url":"https:\/\/www.encontrapiracicaba.com.br\/sobre\/emissora-de-radio-recebe-voto-de-congratulacoes-por-cinco-anos-de-programacao\/","robots":"max-image-preview:large","keywords":"","webmasterTools":{"miscellaneous":""},"schema":{"@context":"https:\/\/schema.org","@graph":[{"@type":"Article","@id":"https:\/\/www.encontrapiracicaba.com.br\/sobre\/emissora-de-radio-recebe-voto-de-congratulacoes-por-cinco-anos-de-programacao\/#article","name":"Emissora de r\u00e1dio recebe voto de congratula\u00e7\u00f5es por cinco anos de programa\u00e7\u00e3o | Encontra Piracicaba","headline":"Emissora de r\u00e1dio recebe voto de congratula\u00e7\u00f5es por cinco anos de programa\u00e7\u00e3o","author":{"@id":"https:\/\/www.encontrapiracicaba.com.br\/sobre\/author\/epiracicaba\/#author"},"publisher":{"@id":"https:\/\/www.encontrapiracicaba.com.br\/sobre\/#organization"},"image":{"@type":"ImageObject","url":"https:\/\/www.encontrapiracicaba.com.br\/sobre\/wp-content\/uploads\/emissora-de-radio-recebe-voto-de-congratulacoes-por-cinco-anos-de-programacao.webp","width":280,"height":280,"caption":"emissora de r\u00e1dio"},"datePublished":"2026-05-11T10:55:47-03:00","dateModified":"2026-05-11T10:55:47-03:00","inLanguage":"pt-BR","mainEntityOfPage":{"@id":"https:\/\/www.encontrapiracicaba.com.br\/sobre\/emissora-de-radio-recebe-voto-de-congratulacoes-por-cinco-anos-de-programacao\/#webpage"},"isPartOf":{"@id":"https:\/\/www.encontrapiracicaba.com.br\/sobre\/emissora-de-radio-recebe-voto-de-congratulacoes-por-cinco-anos-de-programacao\/#webpage"},"articleSection":"Not\u00edcias Piracicaba"},{"@type":"BreadcrumbList","@id":"https:\/\/www.encontrapiracicaba.com.br\/sobre\/emissora-de-radio-recebe-voto-de-congratulacoes-por-cinco-anos-de-programacao\/#breadcrumblist","itemListElement":[{"@type":"ListItem","@id":"https:\/\/www.encontrapiracicaba.com.br\/sobre#listItem","position":1,"name":"In\u00edcio","item":"https:\/\/www.encontrapiracicaba.com.br\/sobre","nextItem":{"@type":"ListItem","@id":"https:\/\/www.encontrapiracicaba.com.br\/sobre\/noticias-em-piracicaba\/#listItem","name":"Not\u00edcias Piracicaba"}},{"@type":"ListItem","@id":"https:\/\/www.encontrapiracicaba.com.br\/sobre\/noticias-em-piracicaba\/#listItem","position":2,"name":"Not\u00edcias Piracicaba","item":"https:\/\/www.encontrapiracicaba.com.br\/sobre\/noticias-em-piracicaba\/","nextItem":{"@type":"ListItem","@id":"https:\/\/www.encontrapiracicaba.com.br\/sobre\/emissora-de-radio-recebe-voto-de-congratulacoes-por-cinco-anos-de-programacao\/#listItem","name":"Emissora de r\u00e1dio recebe voto de congratula\u00e7\u00f5es por cinco anos de programa\u00e7\u00e3o"},"previousItem":{"@type":"ListItem","@id":"https:\/\/www.encontrapiracicaba.com.br\/sobre#listItem","name":"In\u00edcio"}},{"@type":"ListItem","@id":"https:\/\/www.encontrapiracicaba.com.br\/sobre\/emissora-de-radio-recebe-voto-de-congratulacoes-por-cinco-anos-de-programacao\/#listItem","position":3,"name":"Emissora de r\u00e1dio recebe voto de congratula\u00e7\u00f5es por cinco anos de programa\u00e7\u00e3o","previousItem":{"@type":"ListItem","@id":"https:\/\/www.encontrapiracicaba.com.br\/sobre\/noticias-em-piracicaba\/#listItem","name":"Not\u00edcias Piracicaba"}}]},{"@type":"Organization","@id":"https:\/\/www.encontrapiracicaba.com.br\/sobre\/#organization","name":"Encontra Piracicaba","description":"Not\u00edcias, eventos, informa\u00e7\u00f5es e dicas na cidade de Piracicaba e regi\u00e3o","url":"https:\/\/www.encontrapiracicaba.com.br\/sobre\/"},{"@type":"Person","@id":"https:\/\/www.encontrapiracicaba.com.br\/sobre\/author\/epiracicaba\/#author","url":"https:\/\/www.encontrapiracicaba.com.br\/sobre\/author\/epiracicaba\/","name":"Encontra Piracicaba","image":{"@type":"ImageObject","@id":"https:\/\/www.encontrapiracicaba.com.br\/sobre\/emissora-de-radio-recebe-voto-de-congratulacoes-por-cinco-anos-de-programacao\/#authorImage","url":"https:\/\/secure.gravatar.com\/avatar\/507340682b8270222e1f208e23198b6ae7e2c6a1033ae84e99bc6bce4f82a387?s=96&d=mm&r=g","width":96,"height":96,"caption":"Encontra Piracicaba"}},{"@type":"WebPage","@id":"https:\/\/www.encontrapiracicaba.com.br\/sobre\/emissora-de-radio-recebe-voto-de-congratulacoes-por-cinco-anos-de-programacao\/#webpage","url":"https:\/\/www.encontrapiracicaba.com.br\/sobre\/emissora-de-radio-recebe-voto-de-congratulacoes-por-cinco-anos-de-programacao\/","name":"Emissora de r\u00e1dio recebe voto de congratula\u00e7\u00f5es por cinco anos de programa\u00e7\u00e3o | Encontra Piracicaba","inLanguage":"pt-BR","isPartOf":{"@id":"https:\/\/www.encontrapiracicaba.com.br\/sobre\/#website"},"breadcrumb":{"@id":"https:\/\/www.encontrapiracicaba.com.br\/sobre\/emissora-de-radio-recebe-voto-de-congratulacoes-por-cinco-anos-de-programacao\/#breadcrumblist"},"author":{"@id":"https:\/\/www.encontrapiracicaba.com.br\/sobre\/author\/epiracicaba\/#author"},"creator":{"@id":"https:\/\/www.encontrapiracicaba.com.br\/sobre\/author\/epiracicaba\/#author"},"image":{"@type":"ImageObject","url":"https:\/\/www.encontrapiracicaba.com.br\/sobre\/wp-content\/uploads\/emissora-de-radio-recebe-voto-de-congratulacoes-por-cinco-anos-de-programacao.webp","@id":"https:\/\/www.encontrapiracicaba.com.br\/sobre\/emissora-de-radio-recebe-voto-de-congratulacoes-por-cinco-anos-de-programacao\/#mainImage","width":280,"height":280,"caption":"emissora de r\u00e1dio"},"primaryImageOfPage":{"@id":"https:\/\/www.encontrapiracicaba.com.br\/sobre\/emissora-de-radio-recebe-voto-de-congratulacoes-por-cinco-anos-de-programacao\/#mainImage"},"datePublished":"2026-05-11T10:55:47-03:00","dateModified":"2026-05-11T10:55:47-03:00"},{"@type":"WebSite","@id":"https:\/\/www.encontrapiracicaba.com.br\/sobre\/#website","url":"https:\/\/www.encontrapiracicaba.com.br\/sobre\/","name":"Encontra Piracicaba","description":"Not\u00edcias, eventos, informa\u00e7\u00f5es e dicas na cidade de Piracicaba e regi\u00e3o","inLanguage":"pt-BR","publisher":{"@id":"https:\/\/www.encontrapiracicaba.com.br\/sobre\/#organization"}}]},"og:locale":"pt_BR","og:site_name":"Encontra Piracicaba | Not\u00edcias, eventos, informa\u00e7\u00f5es e dicas na cidade de Piracicaba e regi\u00e3o","og:type":"article","og:title":"Emissora de r\u00e1dio recebe voto de congratula\u00e7\u00f5es por cinco anos de programa\u00e7\u00e3o | Encontra Piracicaba","og:url":"https:\/\/www.encontrapiracicaba.com.br\/sobre\/emissora-de-radio-recebe-voto-de-congratulacoes-por-cinco-anos-de-programacao\/","article:published_time":"2026-05-11T13:55:47+00:00","article:modified_time":"2026-05-11T13:55:47+00:00","twitter:card":"summary","twitter:title":"Emissora de r\u00e1dio recebe voto de congratula\u00e7\u00f5es por cinco anos de programa\u00e7\u00e3o | Encontra Piracicaba"},"aioseo_meta_data":{"post_id":"4548","title":null,"description":null,"keywords":null,"keyphrases":null,"primary_term":null,"canonical_url":null,"og_title":null,"og_description":null,"og_object_type":"default","og_image_type":"default","og_image_url":null,"og_image_width":null,"og_image_height":null,"og_image_custom_url":null,"og_image_custom_fields":null,"og_video":null,"og_custom_url":null,"og_article_section":null,"og_article_tags":null,"twitter_use_og":false,"twitter_card":"default","twitter_image_type":"default","twitter_image_url":null,"twitter_image_custom_url":null,"twitter_image_custom_fields":null,"twitter_title":null,"twitter_description":null,"schema":{"blockGraphs":[],"customGraphs":[],"default":{"data":{"Article":[],"Course":[],"Dataset":[],"FAQPage":[],"Movie":[],"Person":[],"Product":[],"ProductReview":[],"Car":[],"Recipe":[],"Service":[],"SoftwareApplication":[],"WebPage":[]},"graphName":"Article","isEnabled":true},"graphs":[]},"schema_type":"default","schema_type_options":null,"pillar_content":false,"robots_default":true,"robots_noindex":false,"robots_noarchive":false,"robots_nosnippet":false,"robots_nofollow":false,"robots_noimageindex":false,"robots_noodp":false,"robots_notranslate":false,"robots_max_snippet":null,"robots_max_videopreview":null,"robots_max_imagepreview":"large","priority":null,"frequency":null,"local_seo":null,"breadcrumb_settings":null,"limit_modified_date":false,"ai":null,"created":"2026-05-11 13:55:52","updated":"2026-05-11 14:05:43","focus_keyword":null,"additional_keywords":null,"truseo_locale":null,"seo_analyzer_scan_date":null},"aioseo_breadcrumb":"<div class=\"aioseo-breadcrumbs\"><span class=\"aioseo-breadcrumb\">\n\t\t\t<a href=\"https:\/\/www.encontrapiracicaba.com.br\/sobre\" title=\"In\u00edcio\">In\u00edcio<\/a>\n\t\t<\/span><span class=\"aioseo-breadcrumb-separator\">&raquo;<\/span><span class=\"aioseo-breadcrumb\">\n\t\t\t<a href=\"https:\/\/www.encontrapiracicaba.com.br\/sobre\/noticias-em-piracicaba\/\" title=\"Not\u00edcias Piracicaba\">Not\u00edcias Piracicaba<\/a>\n\t\t<\/span><span class=\"aioseo-breadcrumb-separator\">&raquo;<\/span><span class=\"aioseo-breadcrumb\">\n\t\t\tEmissora de r\u00e1dio recebe voto de congratula\u00e7\u00f5es por cinco anos de programa\u00e7\u00e3o\n\t\t<\/span><\/div>","aioseo_breadcrumb_json":[{"label":"In\u00edcio","link":"https:\/\/www.encontrapiracicaba.com.br\/sobre"},{"label":"Not\u00edcias Piracicaba","link":"https:\/\/www.encontrapiracicaba.com.br\/sobre\/noticias-em-piracicaba\/"},{"label":"Emissora de r\u00e1dio recebe voto de congratula\u00e7\u00f5es por cinco anos de programa\u00e7\u00e3o","link":"https:\/\/www.encontrapiracicaba.com.br\/sobre\/emissora-de-radio-recebe-voto-de-congratulacoes-por-cinco-anos-de-programacao\/"}],"_links":{"self":[{"href":"https:\/\/www.encontrapiracicaba.com.br\/sobre\/wp-json\/wp\/v2\/posts\/4548","targetHints":{"allow":["GET"]}}],"collection":[{"href":"https:\/\/www.encontrapiracicaba.com.br\/sobre\/wp-json\/wp\/v2\/posts"}],"about":[{"href":"https:\/\/www.encontrapiracicaba.com.br\/sobre\/wp-json\/wp\/v2\/types\/post"}],"author":[{"embeddable":true,"href":"https:\/\/www.encontrapiracicaba.com.br\/sobre\/wp-json\/wp\/v2\/users\/1"}],"replies":[{"embeddable":true,"href":"https:\/\/www.encontrapiracicaba.com.br\/sobre\/wp-json\/wp\/v2\/comments?post=4548"}],"version-history":[{"count":0,"href":"https:\/\/www.encontrapiracicaba.com.br\/sobre\/wp-json\/wp\/v2\/posts\/4548\/revisions"}],"wp:featuredmedia":[{"embeddable":true,"href":"https:\/\/www.encontrapiracicaba.com.br\/sobre\/wp-json\/wp\/v2\/media\/4547"}],"wp:attachment":[{"href":"https:\/\/www.encontrapiracicaba.com.br\/sobre\/wp-json\/wp\/v2\/media?parent=4548"}],"wp:term":[{"taxonomy":"category","embeddable":true,"href":"https:\/\/www.encontrapiracicaba.com.br\/sobre\/wp-json\/wp\/v2\/categories?post=4548"},{"taxonomy":"post_tag","embeddable":true,"href":"https:\/\/www.encontrapiracicaba.com.br\/sobre\/wp-json\/wp\/v2\/tags?post=4548"}],"curies":[{"name":"wp","href":"https:\/\/api.w.org\/{rel}","templated":true}]}}