{"id":4554,"date":"2026-05-12T10:42:35","date_gmt":"2026-05-12T13:42:35","guid":{"rendered":"https:\/\/www.encontrapiracicaba.com.br\/sobre\/vereador-comemora-nova-unidade-de-saude-no-iaa-e-base-do-samu-em-santa-teresinha\/"},"modified":"2026-05-12T10:42:35","modified_gmt":"2026-05-12T13:42:35","slug":"vereador-comemora-nova-unidade-de-saude-no-iaa-e-base-do-samu-em-santa-teresinha","status":"publish","type":"post","link":"https:\/\/www.encontrapiracicaba.com.br\/sobre\/vereador-comemora-nova-unidade-de-saude-no-iaa-e-base-do-samu-em-santa-teresinha\/","title":{"rendered":"Vereador comemora nova unidade de sa\u00fade no IAA e base do Samu em Santa Teresinha"},"content":{"rendered":"<div class=\"85df007ed5c0c4d4b453fd13a37855e8\" data-index=\"1\" style=\"float: none; margin:0px;\">\n<!-- Anuncio display - global -->\r\n<ins class=\"adsbygoogle\"\r\n     style=\"display:block\"\r\n     data-ad-client=\"ca-pub-8585364105181520\"\r\n     data-ad-slot=\"8789329856\"\r\n     data-ad-format=\"auto\"\r\n     data-full-width-responsive=\"true\"><\/ins>\r\n<script>\r\n     (adsbygoogle = window.adsbygoogle || []).push({});\r\n<\/script>\n<\/div>\n<h2>Inaugura\u00e7\u00e3o da nova unidade de sa\u00fade no IAA<\/h2>\n<p>No \u00faltimo dia 16 de abril de 2026, o vereador <strong>Gesiel Alves Maria<\/strong>, conhecido como Gesiel de Madureira, fez um importante an\u00fancio durante a 19\u00aa Reuni\u00e3o Ordin\u00e1ria da C\u00e2mara Municipal. Ele destacou a constru\u00e7\u00e3o de uma nova unidade de sa\u00fade na regi\u00e3o do <strong>IAA<\/strong> (Instituto de Assist\u00eancia \u00e0 Sa\u00fade) e a implanta\u00e7\u00e3o de uma base do <strong>Samu<\/strong> (Servi\u00e7o de Atendimento M\u00f3vel de Urg\u00eancia) em <strong>Santa Teresinha<\/strong>. Essa mudan\u00e7a promete transformar o atendimento de sa\u00fade para os moradores da regi\u00e3o norte de <strong>Piracicaba<\/strong>, que enfrentam problemas com a falta de unidades de sa\u00fade acess\u00edveis.<\/p>\n<h2>A import\u00e2ncia do Samu para a regi\u00e3o norte<\/h2>\n<p>A instala\u00e7\u00e3o da base do Samu \u00e9 um passo crucial para melhorar a assist\u00eancia m\u00e9dica na \u00e1rea. Historicamente, os residentes da regi\u00e3o norte enfrentam dificuldades significativas quando precisam de emerg\u00eancias m\u00e9dicas. Essa nova base permitir\u00e1 um atendimento mais r\u00e1pido e eficiente, reduzindo o tempo de resposta em situa\u00e7\u00f5es de urg\u00eancia, o que pode salvar vidas. Durante sua fala, Gesiel enfatizou a relev\u00e2ncia dessa base para os habitantes de <strong>Vila S\u00f4nia<\/strong>, que sempre clamaram por melhorias no servi\u00e7o de sa\u00fade.<\/p>\n<h2>Estrutura modular: um novo padr\u00e3o de sa\u00fade<\/h2>\n<p>O projeto da nova unidade de sa\u00fade no IAA ser\u00e1 realizado por meio de uma estrutura modular, que j\u00e1 est\u00e1 sendo fabricada. Esta abordagem moderna n\u00e3o s\u00f3 promete acelerar a constru\u00e7\u00e3o, mas tamb\u00e9m otimizar o espa\u00e7o. A nova unidade n\u00e3o apenas se instalar\u00e1 no lugar do antigo <strong>Varej\u00e3o do IAA<\/strong>, como tamb\u00e9m estar\u00e1 equipada com uma gama de especialidades m\u00e9dicas. O vereador destacou que a nova instala\u00e7\u00e3o contar\u00e1 com pediatria, ginecologia, cardiologia, odontologia e uma farm\u00e1cia, atendendo uma diversidade de necessidades de sa\u00fade para a popula\u00e7\u00e3o local, que, por muito tempo, teve que se deslocar para outras localidades para receber atendimento adequado.<\/p>\n<p><img decoding=\"async\" src=\"https:\/\/www.encontrapiracicaba.com.br\/sobre\/wp-content\/uploads\/vereador-comemora-nova-unidade-de-saude-no-iaa-e-base-do-samu-em-santa-teresinha.webp\" alt=\"nova unidade de sa\u00fade\" loading=\"lazy\" \/><\/p>\n<h2>Atendimento especializado: pediatria e mais<\/h2>\n<p>Um dos aspectos mais celebrados da nova unidade \u00e9 a disponibiliza\u00e7\u00e3o de profissionais de diversas especialidades na \u00e1rea da sa\u00fade. O acesso \u00e0 pediatria \u00e9 especialmente importante, uma vez que atender \u00e0s necessidades das crian\u00e7as \u00e9 uma prioridade em qualquer sistema de sa\u00fade. Al\u00e9m disso, a presen\u00e7a de especialistas como ginecologistas e cardiologistas promete ampliar o cuidado preventivo e curativo na comunidade, permitindo que os moradores tenham acesso a um leque de servi\u00e7os sem necessitar de deslocamentos longos.<\/p>\n<h2>Hist\u00f3ria de reivindica\u00e7\u00f5es da comunidade<\/h2>\n<p>A comunidade do IAA h\u00e1 muito tempo clamava por uma solu\u00e7\u00e3o para as limita\u00e7\u00f5es da antiga unidade de sa\u00fade. Foi um longo caminho de reivindica\u00e7\u00f5es que, felizmente, come\u00e7ou a dar frutos. Gesiel de Madureira mencionou que participaram de mais de sete visitas \u00e0 \u00e1rea, ouvindo as demandas dos moradores. Ele relatou que a interdi\u00e7\u00e3o da unidade antiga despertou um sentimento de urg\u00eancia na busca por solu\u00e7\u00f5es e que as conversas frequentes com a popula\u00e7\u00e3o foram fundamentais para embasar a proposta da nova unidade.<\/p>\n<h2>V\u00eddeo exibido na tribuna<\/h2>\n<p>Para ilustrar seu discurso e fornecer mais detalhes sobre o projeto, Gesiel exibiu um v\u00eddeo durante a reuni\u00e3o. O material visual mostrou a proposta da nova unidade de sa\u00fade em sua totalidade, permitindo que os vereadores e a plateia visualizassem como ser\u00e1 o novo espa\u00e7o. Essa abordagem n\u00e3o apenas ajuda a informar, mas tamb\u00e9m a engajar a comunidade, demonstrando um comprometimento claro com a transpar\u00eancia e a inclus\u00e3o dos moradores nos desenvolvimentos de sua infraestrutura de sa\u00fade.<\/p>\n<h2>Impacto nas visitas de sa\u00fade<\/h2>\n<p>A nova unidade de sa\u00fade e a base do Samu visam n\u00e3o apenas oferecer servi\u00e7os m\u00e9dicos, mas tamb\u00e9m proporcionar um impacto positivo nas visitas \u00e0s consultas e atendimentos. A possibilidade de ter servi\u00e7os mais pr\u00f3ximos e acess\u00edveis deve incentivar a popula\u00e7\u00e3o a buscar cuidados m\u00e9dicos mais regulares. Isso, por sua vez, pode resultar em uma melhora na sa\u00fade geral da regi\u00e3o, promovendo uma abordagem preventiva \u00e0 sa\u00fade, que \u00e9 sempre prefer\u00edvel a tratar doen\u00e7as e condi\u00e7\u00f5es j\u00e1 estabelecidas.<\/p>\n<h2>Gest\u00e3o e melhorias no atendimento<\/h2>\n<p>Gesiel de Madureira n\u00e3o deixou de parabenizar a gest\u00e3o atual por se empenhar na concretiza\u00e7\u00e3o desses projetos. Ele ressaltou a import\u00e2ncia de um trabalho conjunto entre os diferentes n\u00edveis do governo e a comunidade para alcan\u00e7ar melhorias consider\u00e1veis na sa\u00fade local. A nova unidade de sa\u00fade e a base do Samu representam um grande passo em dire\u00e7\u00e3o a um sistema de sa\u00fade mais integrado e responsivo, que se preocupa genuinamente com as necessidades da popula\u00e7\u00e3o.<\/p>\n<h2>Feedback da popula\u00e7\u00e3o sobre as conquistas<\/h2>\n<p>A resposta da popula\u00e7\u00e3o tem sido majoritariamente positiva em rela\u00e7\u00e3o aos desenvolvimentos anunciados. Muitas pessoas expressaram al\u00edvio e contentamento por finalmente verem suas demandas sendo atendidas. O vereador destacou que a intera\u00e7\u00e3o com os moradores e as reuni\u00f5es frequentes foram essenciais para manter a comunica\u00e7\u00e3o aberta e garantir que as vozes da comunidade fossem ouvidas. Esse feedback \u00e9 vital para o processo cont\u00ednuo de aprimoramento dos servi\u00e7os de sa\u00fade na regi\u00e3o.<\/p>\n<h2>O futuro da sa\u00fade em Piracicaba<\/h2>\n<p>Com as novas iniciativas de sa\u00fade em curso, o futuro parece muito mais promissor para os moradores de Piracicaba. Gesiel de Madureira e outros representantes locais est\u00e3o dedicados a continuar lutando por melhorias e expans\u00e3o dos servi\u00e7os de sa\u00fade. O exemplo da nova unidade de sa\u00fade no IAA e a implementa\u00e7\u00e3o da base do Samu \u00e9 um modelo a ser seguido em outros distritos que tamb\u00e9m enfrentam desafios similares. \u00c0 medida que a cidade avan\u00e7a, espera-se que mais abordagens inovadoras sejam implementadas, fortalecendo assim todo o sistema de sa\u00fade local.<\/p>\n\n<div style=\"font-size: 0px; height: 0px; line-height: 0px; margin: 0; padding: 0; clear: both;\"><\/div>","protected":false},"excerpt":{"rendered":"<p>Nova unidade de sa\u00fade e base do Samu s\u00e3o celebradas por Gesiel de Madureira.<\/p>\n","protected":false},"author":1,"featured_media":4553,"comment_status":"closed","ping_status":"closed","sticky":false,"template":"","format":"standard","meta":{"footnotes":""},"categories":[6],"tags":[],"class_list":["post-4554","post","type-post","status-publish","format-standard","has-post-thumbnail","hentry","category-noticias-em-piracicaba","has_thumb"],"aioseo_notices":[],"aioseo_head":"\n\t\t<!-- All in One SEO 5.0.0.1 - aioseo.com -->\n\t<meta name=\"robots\" content=\"max-image-preview:large\" \/>\n\t<meta name=\"author\" content=\"Encontra Piracicaba\"\/>\n\t<link rel=\"canonical\" href=\"https:\/\/www.encontrapiracicaba.com.br\/sobre\/vereador-comemora-nova-unidade-de-saude-no-iaa-e-base-do-samu-em-santa-teresinha\/\" \/>\n\t<meta name=\"generator\" content=\"All in One SEO (AIOSEO) 5.0.0.1\" \/>\n\t\t<meta property=\"og:locale\" content=\"pt_BR\" \/>\n\t\t<meta property=\"og:site_name\" content=\"Encontra Piracicaba | Not\u00edcias, eventos, informa\u00e7\u00f5es e dicas na cidade de Piracicaba e regi\u00e3o\" \/>\n\t\t<meta property=\"og:type\" content=\"article\" \/>\n\t\t<meta property=\"og:title\" content=\"Vereador comemora nova unidade de sa\u00fade no IAA e base do Samu em Santa Teresinha | Encontra Piracicaba\" \/>\n\t\t<meta property=\"og:url\" content=\"https:\/\/www.encontrapiracicaba.com.br\/sobre\/vereador-comemora-nova-unidade-de-saude-no-iaa-e-base-do-samu-em-santa-teresinha\/\" \/>\n\t\t<meta property=\"article:published_time\" content=\"2026-05-12T13:42:35+00:00\" \/>\n\t\t<meta property=\"article:modified_time\" content=\"2026-05-12T13:42:35+00:00\" \/>\n\t\t<meta name=\"twitter:card\" content=\"summary\" \/>\n\t\t<meta name=\"twitter:title\" content=\"Vereador comemora nova unidade de sa\u00fade no IAA e base do Samu em Santa Teresinha | Encontra Piracicaba\" \/>\n\t\t<script type=\"application\/ld+json\" class=\"aioseo-schema\">\n\t\t\t{\"@context\":\"https:\\\/\\\/schema.org\",\"@graph\":[{\"@type\":\"Article\",\"@id\":\"https:\\\/\\\/www.encontrapiracicaba.com.br\\\/sobre\\\/vereador-comemora-nova-unidade-de-saude-no-iaa-e-base-do-samu-em-santa-teresinha\\\/#article\",\"name\":\"Vereador comemora nova unidade de sa\\u00fade no IAA e base do Samu em Santa Teresinha | Encontra Piracicaba\",\"headline\":\"Vereador comemora nova unidade de sa\\u00fade no IAA e base do Samu em Santa Teresinha\",\"author\":{\"@id\":\"https:\\\/\\\/www.encontrapiracicaba.com.br\\\/sobre\\\/author\\\/epiracicaba\\\/#author\"},\"publisher\":{\"@id\":\"https:\\\/\\\/www.encontrapiracicaba.com.br\\\/sobre\\\/#organization\"},\"image\":{\"@type\":\"ImageObject\",\"url\":\"https:\\\/\\\/www.encontrapiracicaba.com.br\\\/sobre\\\/wp-content\\\/uploads\\\/vereador-comemora-nova-unidade-de-saude-no-iaa-e-base-do-samu-em-santa-teresinha.webp\",\"width\":280,\"height\":280,\"caption\":\"nova unidade de sa\\u00fade\"},\"datePublished\":\"2026-05-12T10:42:35-03:00\",\"dateModified\":\"2026-05-12T10:42:35-03:00\",\"inLanguage\":\"pt-BR\",\"mainEntityOfPage\":{\"@id\":\"https:\\\/\\\/www.encontrapiracicaba.com.br\\\/sobre\\\/vereador-comemora-nova-unidade-de-saude-no-iaa-e-base-do-samu-em-santa-teresinha\\\/#webpage\"},\"isPartOf\":{\"@id\":\"https:\\\/\\\/www.encontrapiracicaba.com.br\\\/sobre\\\/vereador-comemora-nova-unidade-de-saude-no-iaa-e-base-do-samu-em-santa-teresinha\\\/#webpage\"},\"articleSection\":\"Not\\u00edcias Piracicaba\"},{\"@type\":\"BreadcrumbList\",\"@id\":\"https:\\\/\\\/www.encontrapiracicaba.com.br\\\/sobre\\\/vereador-comemora-nova-unidade-de-saude-no-iaa-e-base-do-samu-em-santa-teresinha\\\/#breadcrumblist\",\"itemListElement\":[{\"@type\":\"ListItem\",\"@id\":\"https:\\\/\\\/www.encontrapiracicaba.com.br\\\/sobre#listItem\",\"position\":1,\"name\":\"In\\u00edcio\",\"item\":\"https:\\\/\\\/www.encontrapiracicaba.com.br\\\/sobre\",\"nextItem\":{\"@type\":\"ListItem\",\"@id\":\"https:\\\/\\\/www.encontrapiracicaba.com.br\\\/sobre\\\/noticias-em-piracicaba\\\/#listItem\",\"name\":\"Not\\u00edcias Piracicaba\"}},{\"@type\":\"ListItem\",\"@id\":\"https:\\\/\\\/www.encontrapiracicaba.com.br\\\/sobre\\\/noticias-em-piracicaba\\\/#listItem\",\"position\":2,\"name\":\"Not\\u00edcias Piracicaba\",\"item\":\"https:\\\/\\\/www.encontrapiracicaba.com.br\\\/sobre\\\/noticias-em-piracicaba\\\/\",\"nextItem\":{\"@type\":\"ListItem\",\"@id\":\"https:\\\/\\\/www.encontrapiracicaba.com.br\\\/sobre\\\/vereador-comemora-nova-unidade-de-saude-no-iaa-e-base-do-samu-em-santa-teresinha\\\/#listItem\",\"name\":\"Vereador comemora nova unidade de sa\\u00fade no IAA e base do Samu em Santa Teresinha\"},\"previousItem\":{\"@type\":\"ListItem\",\"@id\":\"https:\\\/\\\/www.encontrapiracicaba.com.br\\\/sobre#listItem\",\"name\":\"In\\u00edcio\"}},{\"@type\":\"ListItem\",\"@id\":\"https:\\\/\\\/www.encontrapiracicaba.com.br\\\/sobre\\\/vereador-comemora-nova-unidade-de-saude-no-iaa-e-base-do-samu-em-santa-teresinha\\\/#listItem\",\"position\":3,\"name\":\"Vereador comemora nova unidade de sa\\u00fade no IAA e base do Samu em Santa Teresinha\",\"previousItem\":{\"@type\":\"ListItem\",\"@id\":\"https:\\\/\\\/www.encontrapiracicaba.com.br\\\/sobre\\\/noticias-em-piracicaba\\\/#listItem\",\"name\":\"Not\\u00edcias Piracicaba\"}}]},{\"@type\":\"Organization\",\"@id\":\"https:\\\/\\\/www.encontrapiracicaba.com.br\\\/sobre\\\/#organization\",\"name\":\"Encontra Piracicaba\",\"description\":\"Not\\u00edcias, eventos, informa\\u00e7\\u00f5es e dicas na cidade de Piracicaba e regi\\u00e3o\",\"url\":\"https:\\\/\\\/www.encontrapiracicaba.com.br\\\/sobre\\\/\"},{\"@type\":\"Person\",\"@id\":\"https:\\\/\\\/www.encontrapiracicaba.com.br\\\/sobre\\\/author\\\/epiracicaba\\\/#author\",\"url\":\"https:\\\/\\\/www.encontrapiracicaba.com.br\\\/sobre\\\/author\\\/epiracicaba\\\/\",\"name\":\"Encontra Piracicaba\",\"image\":{\"@type\":\"ImageObject\",\"@id\":\"https:\\\/\\\/www.encontrapiracicaba.com.br\\\/sobre\\\/vereador-comemora-nova-unidade-de-saude-no-iaa-e-base-do-samu-em-santa-teresinha\\\/#authorImage\",\"url\":\"https:\\\/\\\/secure.gravatar.com\\\/avatar\\\/507340682b8270222e1f208e23198b6ae7e2c6a1033ae84e99bc6bce4f82a387?s=96&d=mm&r=g\",\"width\":96,\"height\":96,\"caption\":\"Encontra Piracicaba\"}},{\"@type\":\"WebPage\",\"@id\":\"https:\\\/\\\/www.encontrapiracicaba.com.br\\\/sobre\\\/vereador-comemora-nova-unidade-de-saude-no-iaa-e-base-do-samu-em-santa-teresinha\\\/#webpage\",\"url\":\"https:\\\/\\\/www.encontrapiracicaba.com.br\\\/sobre\\\/vereador-comemora-nova-unidade-de-saude-no-iaa-e-base-do-samu-em-santa-teresinha\\\/\",\"name\":\"Vereador comemora nova unidade de sa\\u00fade no IAA e base do Samu em Santa Teresinha | Encontra Piracicaba\",\"inLanguage\":\"pt-BR\",\"isPartOf\":{\"@id\":\"https:\\\/\\\/www.encontrapiracicaba.com.br\\\/sobre\\\/#website\"},\"breadcrumb\":{\"@id\":\"https:\\\/\\\/www.encontrapiracicaba.com.br\\\/sobre\\\/vereador-comemora-nova-unidade-de-saude-no-iaa-e-base-do-samu-em-santa-teresinha\\\/#breadcrumblist\"},\"author\":{\"@id\":\"https:\\\/\\\/www.encontrapiracicaba.com.br\\\/sobre\\\/author\\\/epiracicaba\\\/#author\"},\"creator\":{\"@id\":\"https:\\\/\\\/www.encontrapiracicaba.com.br\\\/sobre\\\/author\\\/epiracicaba\\\/#author\"},\"image\":{\"@type\":\"ImageObject\",\"url\":\"https:\\\/\\\/www.encontrapiracicaba.com.br\\\/sobre\\\/wp-content\\\/uploads\\\/vereador-comemora-nova-unidade-de-saude-no-iaa-e-base-do-samu-em-santa-teresinha.webp\",\"@id\":\"https:\\\/\\\/www.encontrapiracicaba.com.br\\\/sobre\\\/vereador-comemora-nova-unidade-de-saude-no-iaa-e-base-do-samu-em-santa-teresinha\\\/#mainImage\",\"width\":280,\"height\":280,\"caption\":\"nova unidade de sa\\u00fade\"},\"primaryImageOfPage\":{\"@id\":\"https:\\\/\\\/www.encontrapiracicaba.com.br\\\/sobre\\\/vereador-comemora-nova-unidade-de-saude-no-iaa-e-base-do-samu-em-santa-teresinha\\\/#mainImage\"},\"datePublished\":\"2026-05-12T10:42:35-03:00\",\"dateModified\":\"2026-05-12T10:42:35-03:00\"},{\"@type\":\"WebSite\",\"@id\":\"https:\\\/\\\/www.encontrapiracicaba.com.br\\\/sobre\\\/#website\",\"url\":\"https:\\\/\\\/www.encontrapiracicaba.com.br\\\/sobre\\\/\",\"name\":\"Encontra Piracicaba\",\"description\":\"Not\\u00edcias, eventos, informa\\u00e7\\u00f5es e dicas na cidade de Piracicaba e regi\\u00e3o\",\"inLanguage\":\"pt-BR\",\"publisher\":{\"@id\":\"https:\\\/\\\/www.encontrapiracicaba.com.br\\\/sobre\\\/#organization\"}}]}\n\t\t<\/script>\n\t\t<!-- All in One SEO -->\n\n","aioseo_head_json":{"title":"Vereador comemora nova unidade de sa\u00fade no IAA e base do Samu em Santa Teresinha | Encontra Piracicaba","description":"","canonical_url":"https:\/\/www.encontrapiracicaba.com.br\/sobre\/vereador-comemora-nova-unidade-de-saude-no-iaa-e-base-do-samu-em-santa-teresinha\/","robots":"max-image-preview:large","keywords":"","webmasterTools":{"miscellaneous":""},"schema":{"@context":"https:\/\/schema.org","@graph":[{"@type":"Article","@id":"https:\/\/www.encontrapiracicaba.com.br\/sobre\/vereador-comemora-nova-unidade-de-saude-no-iaa-e-base-do-samu-em-santa-teresinha\/#article","name":"Vereador comemora nova unidade de sa\u00fade no IAA e base do Samu em Santa Teresinha | Encontra Piracicaba","headline":"Vereador comemora nova unidade de sa\u00fade no IAA e base do Samu em Santa Teresinha","author":{"@id":"https:\/\/www.encontrapiracicaba.com.br\/sobre\/author\/epiracicaba\/#author"},"publisher":{"@id":"https:\/\/www.encontrapiracicaba.com.br\/sobre\/#organization"},"image":{"@type":"ImageObject","url":"https:\/\/www.encontrapiracicaba.com.br\/sobre\/wp-content\/uploads\/vereador-comemora-nova-unidade-de-saude-no-iaa-e-base-do-samu-em-santa-teresinha.webp","width":280,"height":280,"caption":"nova unidade de sa\u00fade"},"datePublished":"2026-05-12T10:42:35-03:00","dateModified":"2026-05-12T10:42:35-03:00","inLanguage":"pt-BR","mainEntityOfPage":{"@id":"https:\/\/www.encontrapiracicaba.com.br\/sobre\/vereador-comemora-nova-unidade-de-saude-no-iaa-e-base-do-samu-em-santa-teresinha\/#webpage"},"isPartOf":{"@id":"https:\/\/www.encontrapiracicaba.com.br\/sobre\/vereador-comemora-nova-unidade-de-saude-no-iaa-e-base-do-samu-em-santa-teresinha\/#webpage"},"articleSection":"Not\u00edcias Piracicaba"},{"@type":"BreadcrumbList","@id":"https:\/\/www.encontrapiracicaba.com.br\/sobre\/vereador-comemora-nova-unidade-de-saude-no-iaa-e-base-do-samu-em-santa-teresinha\/#breadcrumblist","itemListElement":[{"@type":"ListItem","@id":"https:\/\/www.encontrapiracicaba.com.br\/sobre#listItem","position":1,"name":"In\u00edcio","item":"https:\/\/www.encontrapiracicaba.com.br\/sobre","nextItem":{"@type":"ListItem","@id":"https:\/\/www.encontrapiracicaba.com.br\/sobre\/noticias-em-piracicaba\/#listItem","name":"Not\u00edcias Piracicaba"}},{"@type":"ListItem","@id":"https:\/\/www.encontrapiracicaba.com.br\/sobre\/noticias-em-piracicaba\/#listItem","position":2,"name":"Not\u00edcias Piracicaba","item":"https:\/\/www.encontrapiracicaba.com.br\/sobre\/noticias-em-piracicaba\/","nextItem":{"@type":"ListItem","@id":"https:\/\/www.encontrapiracicaba.com.br\/sobre\/vereador-comemora-nova-unidade-de-saude-no-iaa-e-base-do-samu-em-santa-teresinha\/#listItem","name":"Vereador comemora nova unidade de sa\u00fade no IAA e base do Samu em Santa Teresinha"},"previousItem":{"@type":"ListItem","@id":"https:\/\/www.encontrapiracicaba.com.br\/sobre#listItem","name":"In\u00edcio"}},{"@type":"ListItem","@id":"https:\/\/www.encontrapiracicaba.com.br\/sobre\/vereador-comemora-nova-unidade-de-saude-no-iaa-e-base-do-samu-em-santa-teresinha\/#listItem","position":3,"name":"Vereador comemora nova unidade de sa\u00fade no IAA e base do Samu em Santa Teresinha","previousItem":{"@type":"ListItem","@id":"https:\/\/www.encontrapiracicaba.com.br\/sobre\/noticias-em-piracicaba\/#listItem","name":"Not\u00edcias Piracicaba"}}]},{"@type":"Organization","@id":"https:\/\/www.encontrapiracicaba.com.br\/sobre\/#organization","name":"Encontra Piracicaba","description":"Not\u00edcias, eventos, informa\u00e7\u00f5es e dicas na cidade de Piracicaba e regi\u00e3o","url":"https:\/\/www.encontrapiracicaba.com.br\/sobre\/"},{"@type":"Person","@id":"https:\/\/www.encontrapiracicaba.com.br\/sobre\/author\/epiracicaba\/#author","url":"https:\/\/www.encontrapiracicaba.com.br\/sobre\/author\/epiracicaba\/","name":"Encontra Piracicaba","image":{"@type":"ImageObject","@id":"https:\/\/www.encontrapiracicaba.com.br\/sobre\/vereador-comemora-nova-unidade-de-saude-no-iaa-e-base-do-samu-em-santa-teresinha\/#authorImage","url":"https:\/\/secure.gravatar.com\/avatar\/507340682b8270222e1f208e23198b6ae7e2c6a1033ae84e99bc6bce4f82a387?s=96&d=mm&r=g","width":96,"height":96,"caption":"Encontra Piracicaba"}},{"@type":"WebPage","@id":"https:\/\/www.encontrapiracicaba.com.br\/sobre\/vereador-comemora-nova-unidade-de-saude-no-iaa-e-base-do-samu-em-santa-teresinha\/#webpage","url":"https:\/\/www.encontrapiracicaba.com.br\/sobre\/vereador-comemora-nova-unidade-de-saude-no-iaa-e-base-do-samu-em-santa-teresinha\/","name":"Vereador comemora nova unidade de sa\u00fade no IAA e base do Samu em Santa Teresinha | Encontra Piracicaba","inLanguage":"pt-BR","isPartOf":{"@id":"https:\/\/www.encontrapiracicaba.com.br\/sobre\/#website"},"breadcrumb":{"@id":"https:\/\/www.encontrapiracicaba.com.br\/sobre\/vereador-comemora-nova-unidade-de-saude-no-iaa-e-base-do-samu-em-santa-teresinha\/#breadcrumblist"},"author":{"@id":"https:\/\/www.encontrapiracicaba.com.br\/sobre\/author\/epiracicaba\/#author"},"creator":{"@id":"https:\/\/www.encontrapiracicaba.com.br\/sobre\/author\/epiracicaba\/#author"},"image":{"@type":"ImageObject","url":"https:\/\/www.encontrapiracicaba.com.br\/sobre\/wp-content\/uploads\/vereador-comemora-nova-unidade-de-saude-no-iaa-e-base-do-samu-em-santa-teresinha.webp","@id":"https:\/\/www.encontrapiracicaba.com.br\/sobre\/vereador-comemora-nova-unidade-de-saude-no-iaa-e-base-do-samu-em-santa-teresinha\/#mainImage","width":280,"height":280,"caption":"nova unidade de sa\u00fade"},"primaryImageOfPage":{"@id":"https:\/\/www.encontrapiracicaba.com.br\/sobre\/vereador-comemora-nova-unidade-de-saude-no-iaa-e-base-do-samu-em-santa-teresinha\/#mainImage"},"datePublished":"2026-05-12T10:42:35-03:00","dateModified":"2026-05-12T10:42:35-03:00"},{"@type":"WebSite","@id":"https:\/\/www.encontrapiracicaba.com.br\/sobre\/#website","url":"https:\/\/www.encontrapiracicaba.com.br\/sobre\/","name":"Encontra Piracicaba","description":"Not\u00edcias, eventos, informa\u00e7\u00f5es e dicas na cidade de Piracicaba e regi\u00e3o","inLanguage":"pt-BR","publisher":{"@id":"https:\/\/www.encontrapiracicaba.com.br\/sobre\/#organization"}}]},"og:locale":"pt_BR","og:site_name":"Encontra Piracicaba | Not\u00edcias, eventos, informa\u00e7\u00f5es e dicas na cidade de Piracicaba e regi\u00e3o","og:type":"article","og:title":"Vereador comemora nova unidade de sa\u00fade no IAA e base do Samu em Santa Teresinha | Encontra Piracicaba","og:url":"https:\/\/www.encontrapiracicaba.com.br\/sobre\/vereador-comemora-nova-unidade-de-saude-no-iaa-e-base-do-samu-em-santa-teresinha\/","article:published_time":"2026-05-12T13:42:35+00:00","article:modified_time":"2026-05-12T13:42:35+00:00","twitter:card":"summary","twitter:title":"Vereador comemora nova unidade de sa\u00fade no IAA e base do Samu em Santa Teresinha | Encontra Piracicaba"},"aioseo_meta_data":{"post_id":"4554","title":null,"description":null,"keywords":null,"keyphrases":null,"primary_term":null,"canonical_url":null,"og_title":null,"og_description":null,"og_object_type":"default","og_image_type":"default","og_image_url":null,"og_image_width":null,"og_image_height":null,"og_image_custom_url":null,"og_image_custom_fields":null,"og_video":null,"og_custom_url":null,"og_article_section":null,"og_article_tags":null,"twitter_use_og":false,"twitter_card":"default","twitter_image_type":"default","twitter_image_url":null,"twitter_image_custom_url":null,"twitter_image_custom_fields":null,"twitter_title":null,"twitter_description":null,"schema":{"blockGraphs":[],"customGraphs":[],"default":{"data":{"Article":[],"Course":[],"Dataset":[],"FAQPage":[],"Movie":[],"Person":[],"Product":[],"ProductReview":[],"Car":[],"Recipe":[],"Service":[],"SoftwareApplication":[],"WebPage":[]},"graphName":"Article","isEnabled":true},"graphs":[]},"schema_type":"default","schema_type_options":null,"pillar_content":false,"robots_default":true,"robots_noindex":false,"robots_noarchive":false,"robots_nosnippet":false,"robots_nofollow":false,"robots_noimageindex":false,"robots_noodp":false,"robots_notranslate":false,"robots_max_snippet":null,"robots_max_videopreview":null,"robots_max_imagepreview":"large","priority":null,"frequency":null,"local_seo":null,"breadcrumb_settings":null,"limit_modified_date":false,"ai":null,"created":"2026-05-12 13:42:40","updated":"2026-05-12 13:57:28","focus_keyword":null,"additional_keywords":null,"truseo_locale":null,"seo_analyzer_scan_date":null},"aioseo_breadcrumb":"<div class=\"aioseo-breadcrumbs\"><span class=\"aioseo-breadcrumb\">\n\t\t\t<a href=\"https:\/\/www.encontrapiracicaba.com.br\/sobre\" title=\"In\u00edcio\">In\u00edcio<\/a>\n\t\t<\/span><span class=\"aioseo-breadcrumb-separator\">&raquo;<\/span><span class=\"aioseo-breadcrumb\">\n\t\t\t<a href=\"https:\/\/www.encontrapiracicaba.com.br\/sobre\/noticias-em-piracicaba\/\" title=\"Not\u00edcias Piracicaba\">Not\u00edcias Piracicaba<\/a>\n\t\t<\/span><span class=\"aioseo-breadcrumb-separator\">&raquo;<\/span><span class=\"aioseo-breadcrumb\">\n\t\t\tVereador comemora nova unidade de sa\u00fade no IAA e base do Samu em Santa Teresinha\n\t\t<\/span><\/div>","aioseo_breadcrumb_json":[{"label":"In\u00edcio","link":"https:\/\/www.encontrapiracicaba.com.br\/sobre"},{"label":"Not\u00edcias Piracicaba","link":"https:\/\/www.encontrapiracicaba.com.br\/sobre\/noticias-em-piracicaba\/"},{"label":"Vereador comemora nova unidade de sa\u00fade no IAA e base do Samu em Santa Teresinha","link":"https:\/\/www.encontrapiracicaba.com.br\/sobre\/vereador-comemora-nova-unidade-de-saude-no-iaa-e-base-do-samu-em-santa-teresinha\/"}],"_links":{"self":[{"href":"https:\/\/www.encontrapiracicaba.com.br\/sobre\/wp-json\/wp\/v2\/posts\/4554","targetHints":{"allow":["GET"]}}],"collection":[{"href":"https:\/\/www.encontrapiracicaba.com.br\/sobre\/wp-json\/wp\/v2\/posts"}],"about":[{"href":"https:\/\/www.encontrapiracicaba.com.br\/sobre\/wp-json\/wp\/v2\/types\/post"}],"author":[{"embeddable":true,"href":"https:\/\/www.encontrapiracicaba.com.br\/sobre\/wp-json\/wp\/v2\/users\/1"}],"replies":[{"embeddable":true,"href":"https:\/\/www.encontrapiracicaba.com.br\/sobre\/wp-json\/wp\/v2\/comments?post=4554"}],"version-history":[{"count":0,"href":"https:\/\/www.encontrapiracicaba.com.br\/sobre\/wp-json\/wp\/v2\/posts\/4554\/revisions"}],"wp:featuredmedia":[{"embeddable":true,"href":"https:\/\/www.encontrapiracicaba.com.br\/sobre\/wp-json\/wp\/v2\/media\/4553"}],"wp:attachment":[{"href":"https:\/\/www.encontrapiracicaba.com.br\/sobre\/wp-json\/wp\/v2\/media?parent=4554"}],"wp:term":[{"taxonomy":"category","embeddable":true,"href":"https:\/\/www.encontrapiracicaba.com.br\/sobre\/wp-json\/wp\/v2\/categories?post=4554"},{"taxonomy":"post_tag","embeddable":true,"href":"https:\/\/www.encontrapiracicaba.com.br\/sobre\/wp-json\/wp\/v2\/tags?post=4554"}],"curies":[{"name":"wp","href":"https:\/\/api.w.org\/{rel}","templated":true}]}}