{"id":4564,"date":"2026-05-14T10:33:17","date_gmt":"2026-05-14T13:33:17","guid":{"rendered":"https:\/\/www.encontrapiracicaba.com.br\/sobre\/camara-aprova-solenidade-pelos-20-anos-do-capitulo-demolay-de-piracicaba\/"},"modified":"2026-05-14T10:33:17","modified_gmt":"2026-05-14T13:33:17","slug":"camara-aprova-solenidade-pelos-20-anos-do-capitulo-demolay-de-piracicaba","status":"publish","type":"post","link":"https:\/\/www.encontrapiracicaba.com.br\/sobre\/camara-aprova-solenidade-pelos-20-anos-do-capitulo-demolay-de-piracicaba\/","title":{"rendered":"C\u00e2mara aprova solenidade pelos 20 anos do Cap\u00edtulo DeMolay de Piracicaba"},"content":{"rendered":"<div class=\"85df007ed5c0c4d4b453fd13a37855e8\" data-index=\"1\" style=\"float: none; margin:0px;\">\n<!-- Anuncio display - global -->\r\n<ins class=\"adsbygoogle\"\r\n     style=\"display:block\"\r\n     data-ad-client=\"ca-pub-8585364105181520\"\r\n     data-ad-slot=\"8789329856\"\r\n     data-ad-format=\"auto\"\r\n     data-full-width-responsive=\"true\"><\/ins>\r\n<script>\r\n     (adsbygoogle = window.adsbygoogle || []).push({});\r\n<\/script>\n<\/div>\n<h2>Hist\u00f3ria do Cap\u00edtulo DeMolay em Piracicaba<\/h2>\n<p>O Cap\u00edtulo DeMolay de Piracicaba foi fundado em 2006, com o prop\u00f3sito de proporcionar a forma\u00e7\u00e3o moral e espiritual de jovens do sexo masculino com idades entre 12 e 21 anos. Desde sua cria\u00e7\u00e3o, o Cap\u00edtulo tem trabalhado incessantemente para promover valores que v\u00e3o al\u00e9m das fronteiras locais, impactando positivamente a vida dos jovens e da comunidade.<\/p>\n<p>A trajet\u00f3ria do Cap\u00edtulo em Piracicaba \u00e9 marcada por um crescimento significativo e por v\u00e1rias conquistas, que refletem o esfor\u00e7o cont\u00ednuo em engajar jovens em atividades que cultivam a cidadania e a \u00e9tica. O envolvimento dos jovens em projetos sociais e filantr\u00f3picos contribui para moldar cidad\u00e3os mais conscientes e solid\u00e1rios.<\/p>\n<h2>A Import\u00e2ncia da Ma\u00e7onaria na Sociedade<\/h2>\n<p>A Ma\u00e7onaria desempenha um papel crucial na forma\u00e7\u00e3o e no desenvolvimento de comunidades ao redor do mundo. Atrav\u00e9s da orienta\u00e7\u00e3o e do apoio que oferece, a Ma\u00e7onaria ajuda a formar jovens que s\u00e3o n\u00e3o apenas lideran\u00e7as em potencial, mas tamb\u00e9m cidad\u00e3os exemplares em suas comunidades. O Cap\u00edtulo DeMolay \u00e9 uma extens\u00e3o desse trabalho, garantindo que os princ\u00edpios ma\u00e7\u00f4nicos sejam passados para as futuras gera\u00e7\u00f5es.<\/p>\n<p><img decoding=\"async\" src=\"https:\/\/www.encontrapiracicaba.com.br\/sobre\/wp-content\/uploads\/camara-aprova-solenidade-pelos-20-anos-do-capitulo-demolay-de-piracicaba.webp\" alt=\"Cap\u00edtulo DeMolay de Piracicaba\" loading=\"lazy\" \/><\/p>\n<p>Ao difundir os valores de amor \u00e0 liberdade, respeito pelas cren\u00e7as religiosas, fidelidade e patriotismo, a Ma\u00e7onaria, e em particular o Cap\u00edtulo DeMolay, contribui significativamente para a constru\u00e7\u00e3o de uma sociedade mais justa e solid\u00e1ria. Os la\u00e7os de fraternidade e camaradagem que se formam dentro dessas institui\u00e7\u00f5es criam uma base s\u00f3lida para a conviv\u00eancia harmoniosa.<\/p>\n<h2>Valores Promovidos pelo Cap\u00edtulo DeMolay<\/h2>\n<p>O Cap\u00edtulo DeMolay institui em seus membros valores essenciais, os quais formam a base de suas atividades e o comportamento esperado de seus integrantes:<\/p>\n<ul>\n<li><strong>Amor Filial:<\/strong> A devo\u00e7\u00e3o e o respeito para com os pais e a fam\u00edlia s\u00e3o fundamentais.<\/li>\n<li><strong>Rever\u00eancia \u00e0s Coisas Sagradas:<\/strong> O respeito a princ\u00edpios religiosos e ensinamentos espirituais \u00e9 promovido.<\/li>\n<li><strong>Fidelidade:<\/strong> A lealdade a amigos e compromissos firmados \u00e9 altamente valorizada.<\/li>\n<li><strong>Pureza:<\/strong> A busca pela integridade moral e pelo respeito pr\u00f3prio \u00e9 incentivada.<\/li>\n<li><strong>Companheirismo:<\/strong> A import\u00e2ncia de estar presente e apoiar os colegas \u00e9 um pilar das intera\u00e7\u00f5es dentro do Cap\u00edtulo.<\/li>\n<li><strong>Cortesia:<\/strong> O respeito m\u00fatuo e a gentileza nas intera\u00e7\u00f5es s\u00e3o sempre destacados.<\/li>\n<li><strong>Patriotismo:<\/strong> O amor pela p\u00e1tria e o desejo de contribuir para um pa\u00eds melhor s\u00e3o promovidos continuamente.<\/li>\n<\/ul>\n<h2>Benef\u00edcios para os Jovens Membros<\/h2>\n<p>A ades\u00e3o ao Cap\u00edtulo DeMolay traz benef\u00edcios inestim\u00e1veis para seus membros. Entre os principais, destacam-se:<\/p>\n<ul>\n<li><strong>Desenvolvimento Pessoal:<\/strong> Os participantes t\u00eam a oportunidade de desenvolver habilidades de lideran\u00e7a, trabalho em equipe e comunica\u00e7\u00e3o.<\/li>\n<li><strong>Networking:<\/strong> A intera\u00e7\u00e3o com jovens de diferentes origens possibilita a forma\u00e7\u00e3o de uma rede de contatos valiosa.<\/li>\n<li><strong>Atividades Sociais:<\/strong> O envolvimento em eventos e projetos sociais incentiva a responsabilidade e o engajamento comunit\u00e1rio.<\/li>\n<li><strong>Apoio Educacional:<\/strong> Os membros s\u00e3o incentivados a se dedicar aos estudos e suas conquistas acad\u00eamicas s\u00e3o reconhecidas.<\/li>\n<\/ul>\n<h2>A\u00e7\u00f5es Filantr\u00f3picas do Cap\u00edtulo DeMolay<\/h2>\n<p>O Cap\u00edtulo DeMolay de Piracicaba tamb\u00e9m se destaca por sua contribui\u00e7\u00e3o social. As a\u00e7\u00f5es filantr\u00f3picas s\u00e3o parte fundamental de sua miss\u00e3o e incluem atividades como:<\/p>\n<ul>\n<li><strong>Doa\u00e7\u00f5es a Entidades Assistenciais:<\/strong> O Cap\u00edtulo realiza campanhas de arrecada\u00e7\u00e3o para institui\u00e7\u00f5es como VACCIP, Lar dos Velhinhos, e Hospital do Amor de Barretos.<\/li>\n<li><strong>Apoio a Eventos Beneficentes:<\/strong> Participa\u00e7\u00e3o e organiza\u00e7\u00e3o de eventos de arrecada\u00e7\u00e3o para diversas causas sociais.<\/li>\n<li><strong>Voluntariado:<\/strong> Os membros se envolvem em atividades de voluntariado que impactam diretamente a vida de pessoas em situa\u00e7\u00f5es vulner\u00e1veis.<\/li>\n<\/ul>\n<h2>Eventos Comemorativos ao Longo dos 20 Anos<\/h2>\n<p>Em 2026, o Cap\u00edtulo DeMolay de Piracicaba celebra seus 20 anos de atividades com uma s\u00e9rie de eventos comemorativos que visam honrar sua hist\u00f3ria e impacto na comunidade. Esta comemora\u00e7\u00e3o inclui:<\/p>\n<ul>\n<li><strong>Solenidade Especial:<\/strong> Uma cerim\u00f4nia est\u00e1 programada para o dia 10 de junho, no Sal\u00e3o Nobre da C\u00e2mara Municipal de Piracicaba.<\/li>\n<li><strong>Atividades Recreativas:<\/strong> Eventos voltados para o lazer e a confraterniza\u00e7\u00e3o dos membros e da comunidade.<\/li>\n<li><strong>Hist\u00f3rias de Sucesso:<\/strong> Exibi\u00e7\u00e3o de depoimentos de ex-membros que alcan\u00e7aram sucesso em diversas \u00e1reas ap\u00f3s sua participa\u00e7\u00e3o.<\/li>\n<\/ul>\n<h2>Perspectivas Futuras para o Cap\u00edtulo DeMolay<\/h2>\n<p>O futuro do Cap\u00edtulo DeMolay de Piracicaba est\u00e1 repleto de oportunidades de crescimento e expans\u00e3o. As expectativas incluem:<\/p>\n<ul>\n<li><strong>Expans\u00e3o das Atividades:<\/strong> Criar mais programas de forma\u00e7\u00e3o e eventos que atraiam novos membros.<\/li>\n<li><strong>Integra\u00e7\u00e3o Regional:<\/strong> Estabelecer parcerias com outros cap\u00edtulos e organiza\u00e7\u00f5es para ampliar o alcance das atividades.<\/li>\n<li><strong>Maior Envolvimento Com a Comunidade:<\/strong> Intensificar a\u00e7\u00f5es que beneficiem ainda mais a popula\u00e7\u00e3o local.<\/li>\n<\/ul>\n<h2>Como Participar do Cap\u00edtulo DeMolay<\/h2>\n<p>O Cap\u00edtulo DeMolay convida jovens entre 12 e 21 anos a se juntarem \u00e0 sua causa. Para participar, os interessados devem seguir estes passos:<\/p>\n<ul>\n<li><strong>Contato Inicial:<\/strong> Entrar em contato com os representantes do Cap\u00edtulo para mais informa\u00e7\u00f5es.<\/li>\n<li><strong>Visita ao Cap\u00edtulo:<\/strong> Participar de uma reuni\u00e3o aberta para conhecer melhor as atividades e os membros.<\/li>\n<li><strong>Inscri\u00e7\u00e3o Formal:<\/strong> Aguardar a an\u00e1lise da inscri\u00e7\u00e3o e participar das atividades propostas.<\/li>\n<\/ul>\n<h2>Contribui\u00e7\u00f5es do Cap\u00edtulo para Piracicaba<\/h2>\n<p>Os impactos positivos do Cap\u00edtulo DeMolay v\u00e3o al\u00e9m da forma\u00e7\u00e3o de seus membros, refletindo diretamente na cidade de Piracicaba. Algumas contribui\u00e7\u00f5es incluem:<\/p>\n<ul>\n<li><strong>Promo\u00e7\u00e3o de Valores \u00c9ticos:<\/strong> A forma\u00e7\u00e3o de cidad\u00e3os conscientes e respons\u00e1veis ajuda a criar uma sociedade mais justa.<\/li>\n<li><strong>Atividades Culturais:<\/strong> A promo\u00e7\u00e3o de eventos e atividades culturais fortalece o v\u00ednculo da comunidade.<\/li>\n<li><strong>Trabalho Filantr\u00f3pico:<\/strong> O apoio a institui\u00e7\u00f5es sociais traz al\u00edvio e ajuda \u00e0s popula\u00e7\u00f5es necessitadas.<\/li>\n<\/ul>\n<h2>Depoimentos de Membros e Ex-Membros<\/h2>\n<p>Os testemunhos de quem fez parte do Cap\u00edtulo DeMolay revelam o impacto significativo que essa experi\u00eancia teve em suas vidas. Aqui est\u00e3o algumas cita\u00e7\u00f5es:<\/p>\n<ul>\n<li>\u201cO Cap\u00edtulo DeMolay me ensinou a import\u00e2ncia da cidadania e do trabalho em equipe. A conviv\u00eancia me fez amadurecer.\u201d \u2013 Jo\u00e3o, ex-membro.<\/li>\n<li>\u201cAs habilidades de lideran\u00e7a que desenvolvi no Cap\u00edtulo foram essenciais para minha carreira. Sinto gratid\u00e3o pela oportunidade.\u201d \u2013 Maria, ex-membro.<\/li>\n<li>\u201cO apoio filantr\u00f3pico e a amizade que encontrei aqui foram inestim\u00e1veis. Isso mudou minha vida.\u201d \u2013 Lucas, membro atual.<\/li>\n<\/ul>\n\n<div style=\"font-size: 0px; height: 0px; line-height: 0px; margin: 0; padding: 0; clear: both;\"><\/div>","protected":false},"excerpt":{"rendered":"<p>C\u00e2mara Municipal promove solenidade pelos 20 anos do Cap\u00edtulo DeMolay em Piracicaba.<\/p>\n","protected":false},"author":1,"featured_media":4563,"comment_status":"closed","ping_status":"closed","sticky":false,"template":"","format":"standard","meta":{"footnotes":""},"categories":[6],"tags":[],"class_list":["post-4564","post","type-post","status-publish","format-standard","has-post-thumbnail","hentry","category-noticias-em-piracicaba","has_thumb"],"aioseo_notices":[],"aioseo_head":"\n\t\t<!-- All in One SEO 5.0.0.1 - aioseo.com -->\n\t<meta name=\"robots\" content=\"max-image-preview:large\" \/>\n\t<meta name=\"author\" content=\"Encontra Piracicaba\"\/>\n\t<link rel=\"canonical\" href=\"https:\/\/www.encontrapiracicaba.com.br\/sobre\/camara-aprova-solenidade-pelos-20-anos-do-capitulo-demolay-de-piracicaba\/\" \/>\n\t<meta name=\"generator\" content=\"All in One SEO (AIOSEO) 5.0.0.1\" \/>\n\t\t<meta property=\"og:locale\" content=\"pt_BR\" \/>\n\t\t<meta property=\"og:site_name\" content=\"Encontra Piracicaba | Not\u00edcias, eventos, informa\u00e7\u00f5es e dicas na cidade de Piracicaba e regi\u00e3o\" \/>\n\t\t<meta property=\"og:type\" content=\"article\" \/>\n\t\t<meta property=\"og:title\" content=\"C\u00e2mara aprova solenidade pelos 20 anos do Cap\u00edtulo DeMolay de Piracicaba | Encontra Piracicaba\" \/>\n\t\t<meta property=\"og:url\" content=\"https:\/\/www.encontrapiracicaba.com.br\/sobre\/camara-aprova-solenidade-pelos-20-anos-do-capitulo-demolay-de-piracicaba\/\" \/>\n\t\t<meta property=\"article:published_time\" content=\"2026-05-14T13:33:17+00:00\" \/>\n\t\t<meta property=\"article:modified_time\" content=\"2026-05-14T13:33:17+00:00\" \/>\n\t\t<meta name=\"twitter:card\" content=\"summary\" \/>\n\t\t<meta name=\"twitter:title\" content=\"C\u00e2mara aprova solenidade pelos 20 anos do Cap\u00edtulo DeMolay de Piracicaba | Encontra Piracicaba\" \/>\n\t\t<script type=\"application\/ld+json\" class=\"aioseo-schema\">\n\t\t\t{\"@context\":\"https:\\\/\\\/schema.org\",\"@graph\":[{\"@type\":\"Article\",\"@id\":\"https:\\\/\\\/www.encontrapiracicaba.com.br\\\/sobre\\\/camara-aprova-solenidade-pelos-20-anos-do-capitulo-demolay-de-piracicaba\\\/#article\",\"name\":\"C\\u00e2mara aprova solenidade pelos 20 anos do Cap\\u00edtulo DeMolay de Piracicaba | Encontra Piracicaba\",\"headline\":\"C\\u00e2mara aprova solenidade pelos 20 anos do Cap\\u00edtulo DeMolay de Piracicaba\",\"author\":{\"@id\":\"https:\\\/\\\/www.encontrapiracicaba.com.br\\\/sobre\\\/author\\\/epiracicaba\\\/#author\"},\"publisher\":{\"@id\":\"https:\\\/\\\/www.encontrapiracicaba.com.br\\\/sobre\\\/#organization\"},\"image\":{\"@type\":\"ImageObject\",\"url\":\"https:\\\/\\\/www.encontrapiracicaba.com.br\\\/sobre\\\/wp-content\\\/uploads\\\/camara-aprova-solenidade-pelos-20-anos-do-capitulo-demolay-de-piracicaba.webp\",\"width\":280,\"height\":280,\"caption\":\"Cap\\u00edtulo DeMolay de Piracicaba\"},\"datePublished\":\"2026-05-14T10:33:17-03:00\",\"dateModified\":\"2026-05-14T10:33:17-03:00\",\"inLanguage\":\"pt-BR\",\"mainEntityOfPage\":{\"@id\":\"https:\\\/\\\/www.encontrapiracicaba.com.br\\\/sobre\\\/camara-aprova-solenidade-pelos-20-anos-do-capitulo-demolay-de-piracicaba\\\/#webpage\"},\"isPartOf\":{\"@id\":\"https:\\\/\\\/www.encontrapiracicaba.com.br\\\/sobre\\\/camara-aprova-solenidade-pelos-20-anos-do-capitulo-demolay-de-piracicaba\\\/#webpage\"},\"articleSection\":\"Not\\u00edcias Piracicaba\"},{\"@type\":\"BreadcrumbList\",\"@id\":\"https:\\\/\\\/www.encontrapiracicaba.com.br\\\/sobre\\\/camara-aprova-solenidade-pelos-20-anos-do-capitulo-demolay-de-piracicaba\\\/#breadcrumblist\",\"itemListElement\":[{\"@type\":\"ListItem\",\"@id\":\"https:\\\/\\\/www.encontrapiracicaba.com.br\\\/sobre#listItem\",\"position\":1,\"name\":\"In\\u00edcio\",\"item\":\"https:\\\/\\\/www.encontrapiracicaba.com.br\\\/sobre\",\"nextItem\":{\"@type\":\"ListItem\",\"@id\":\"https:\\\/\\\/www.encontrapiracicaba.com.br\\\/sobre\\\/noticias-em-piracicaba\\\/#listItem\",\"name\":\"Not\\u00edcias Piracicaba\"}},{\"@type\":\"ListItem\",\"@id\":\"https:\\\/\\\/www.encontrapiracicaba.com.br\\\/sobre\\\/noticias-em-piracicaba\\\/#listItem\",\"position\":2,\"name\":\"Not\\u00edcias Piracicaba\",\"item\":\"https:\\\/\\\/www.encontrapiracicaba.com.br\\\/sobre\\\/noticias-em-piracicaba\\\/\",\"nextItem\":{\"@type\":\"ListItem\",\"@id\":\"https:\\\/\\\/www.encontrapiracicaba.com.br\\\/sobre\\\/camara-aprova-solenidade-pelos-20-anos-do-capitulo-demolay-de-piracicaba\\\/#listItem\",\"name\":\"C\\u00e2mara aprova solenidade pelos 20 anos do Cap\\u00edtulo DeMolay de Piracicaba\"},\"previousItem\":{\"@type\":\"ListItem\",\"@id\":\"https:\\\/\\\/www.encontrapiracicaba.com.br\\\/sobre#listItem\",\"name\":\"In\\u00edcio\"}},{\"@type\":\"ListItem\",\"@id\":\"https:\\\/\\\/www.encontrapiracicaba.com.br\\\/sobre\\\/camara-aprova-solenidade-pelos-20-anos-do-capitulo-demolay-de-piracicaba\\\/#listItem\",\"position\":3,\"name\":\"C\\u00e2mara aprova solenidade pelos 20 anos do Cap\\u00edtulo DeMolay de Piracicaba\",\"previousItem\":{\"@type\":\"ListItem\",\"@id\":\"https:\\\/\\\/www.encontrapiracicaba.com.br\\\/sobre\\\/noticias-em-piracicaba\\\/#listItem\",\"name\":\"Not\\u00edcias Piracicaba\"}}]},{\"@type\":\"Organization\",\"@id\":\"https:\\\/\\\/www.encontrapiracicaba.com.br\\\/sobre\\\/#organization\",\"name\":\"Encontra Piracicaba\",\"description\":\"Not\\u00edcias, eventos, informa\\u00e7\\u00f5es e dicas na cidade de Piracicaba e regi\\u00e3o\",\"url\":\"https:\\\/\\\/www.encontrapiracicaba.com.br\\\/sobre\\\/\"},{\"@type\":\"Person\",\"@id\":\"https:\\\/\\\/www.encontrapiracicaba.com.br\\\/sobre\\\/author\\\/epiracicaba\\\/#author\",\"url\":\"https:\\\/\\\/www.encontrapiracicaba.com.br\\\/sobre\\\/author\\\/epiracicaba\\\/\",\"name\":\"Encontra Piracicaba\",\"image\":{\"@type\":\"ImageObject\",\"@id\":\"https:\\\/\\\/www.encontrapiracicaba.com.br\\\/sobre\\\/camara-aprova-solenidade-pelos-20-anos-do-capitulo-demolay-de-piracicaba\\\/#authorImage\",\"url\":\"https:\\\/\\\/secure.gravatar.com\\\/avatar\\\/507340682b8270222e1f208e23198b6ae7e2c6a1033ae84e99bc6bce4f82a387?s=96&d=mm&r=g\",\"width\":96,\"height\":96,\"caption\":\"Encontra Piracicaba\"}},{\"@type\":\"WebPage\",\"@id\":\"https:\\\/\\\/www.encontrapiracicaba.com.br\\\/sobre\\\/camara-aprova-solenidade-pelos-20-anos-do-capitulo-demolay-de-piracicaba\\\/#webpage\",\"url\":\"https:\\\/\\\/www.encontrapiracicaba.com.br\\\/sobre\\\/camara-aprova-solenidade-pelos-20-anos-do-capitulo-demolay-de-piracicaba\\\/\",\"name\":\"C\\u00e2mara aprova solenidade pelos 20 anos do Cap\\u00edtulo DeMolay de Piracicaba | Encontra Piracicaba\",\"inLanguage\":\"pt-BR\",\"isPartOf\":{\"@id\":\"https:\\\/\\\/www.encontrapiracicaba.com.br\\\/sobre\\\/#website\"},\"breadcrumb\":{\"@id\":\"https:\\\/\\\/www.encontrapiracicaba.com.br\\\/sobre\\\/camara-aprova-solenidade-pelos-20-anos-do-capitulo-demolay-de-piracicaba\\\/#breadcrumblist\"},\"author\":{\"@id\":\"https:\\\/\\\/www.encontrapiracicaba.com.br\\\/sobre\\\/author\\\/epiracicaba\\\/#author\"},\"creator\":{\"@id\":\"https:\\\/\\\/www.encontrapiracicaba.com.br\\\/sobre\\\/author\\\/epiracicaba\\\/#author\"},\"image\":{\"@type\":\"ImageObject\",\"url\":\"https:\\\/\\\/www.encontrapiracicaba.com.br\\\/sobre\\\/wp-content\\\/uploads\\\/camara-aprova-solenidade-pelos-20-anos-do-capitulo-demolay-de-piracicaba.webp\",\"@id\":\"https:\\\/\\\/www.encontrapiracicaba.com.br\\\/sobre\\\/camara-aprova-solenidade-pelos-20-anos-do-capitulo-demolay-de-piracicaba\\\/#mainImage\",\"width\":280,\"height\":280,\"caption\":\"Cap\\u00edtulo DeMolay de Piracicaba\"},\"primaryImageOfPage\":{\"@id\":\"https:\\\/\\\/www.encontrapiracicaba.com.br\\\/sobre\\\/camara-aprova-solenidade-pelos-20-anos-do-capitulo-demolay-de-piracicaba\\\/#mainImage\"},\"datePublished\":\"2026-05-14T10:33:17-03:00\",\"dateModified\":\"2026-05-14T10:33:17-03:00\"},{\"@type\":\"WebSite\",\"@id\":\"https:\\\/\\\/www.encontrapiracicaba.com.br\\\/sobre\\\/#website\",\"url\":\"https:\\\/\\\/www.encontrapiracicaba.com.br\\\/sobre\\\/\",\"name\":\"Encontra Piracicaba\",\"description\":\"Not\\u00edcias, eventos, informa\\u00e7\\u00f5es e dicas na cidade de Piracicaba e regi\\u00e3o\",\"inLanguage\":\"pt-BR\",\"publisher\":{\"@id\":\"https:\\\/\\\/www.encontrapiracicaba.com.br\\\/sobre\\\/#organization\"}}]}\n\t\t<\/script>\n\t\t<!-- All in One SEO -->\n\n","aioseo_head_json":{"title":"C\u00e2mara aprova solenidade pelos 20 anos do Cap\u00edtulo DeMolay de Piracicaba | Encontra Piracicaba","description":"","canonical_url":"https:\/\/www.encontrapiracicaba.com.br\/sobre\/camara-aprova-solenidade-pelos-20-anos-do-capitulo-demolay-de-piracicaba\/","robots":"max-image-preview:large","keywords":"","webmasterTools":{"miscellaneous":""},"schema":{"@context":"https:\/\/schema.org","@graph":[{"@type":"Article","@id":"https:\/\/www.encontrapiracicaba.com.br\/sobre\/camara-aprova-solenidade-pelos-20-anos-do-capitulo-demolay-de-piracicaba\/#article","name":"C\u00e2mara aprova solenidade pelos 20 anos do Cap\u00edtulo DeMolay de Piracicaba | Encontra Piracicaba","headline":"C\u00e2mara aprova solenidade pelos 20 anos do Cap\u00edtulo DeMolay de Piracicaba","author":{"@id":"https:\/\/www.encontrapiracicaba.com.br\/sobre\/author\/epiracicaba\/#author"},"publisher":{"@id":"https:\/\/www.encontrapiracicaba.com.br\/sobre\/#organization"},"image":{"@type":"ImageObject","url":"https:\/\/www.encontrapiracicaba.com.br\/sobre\/wp-content\/uploads\/camara-aprova-solenidade-pelos-20-anos-do-capitulo-demolay-de-piracicaba.webp","width":280,"height":280,"caption":"Cap\u00edtulo DeMolay de Piracicaba"},"datePublished":"2026-05-14T10:33:17-03:00","dateModified":"2026-05-14T10:33:17-03:00","inLanguage":"pt-BR","mainEntityOfPage":{"@id":"https:\/\/www.encontrapiracicaba.com.br\/sobre\/camara-aprova-solenidade-pelos-20-anos-do-capitulo-demolay-de-piracicaba\/#webpage"},"isPartOf":{"@id":"https:\/\/www.encontrapiracicaba.com.br\/sobre\/camara-aprova-solenidade-pelos-20-anos-do-capitulo-demolay-de-piracicaba\/#webpage"},"articleSection":"Not\u00edcias Piracicaba"},{"@type":"BreadcrumbList","@id":"https:\/\/www.encontrapiracicaba.com.br\/sobre\/camara-aprova-solenidade-pelos-20-anos-do-capitulo-demolay-de-piracicaba\/#breadcrumblist","itemListElement":[{"@type":"ListItem","@id":"https:\/\/www.encontrapiracicaba.com.br\/sobre#listItem","position":1,"name":"In\u00edcio","item":"https:\/\/www.encontrapiracicaba.com.br\/sobre","nextItem":{"@type":"ListItem","@id":"https:\/\/www.encontrapiracicaba.com.br\/sobre\/noticias-em-piracicaba\/#listItem","name":"Not\u00edcias Piracicaba"}},{"@type":"ListItem","@id":"https:\/\/www.encontrapiracicaba.com.br\/sobre\/noticias-em-piracicaba\/#listItem","position":2,"name":"Not\u00edcias Piracicaba","item":"https:\/\/www.encontrapiracicaba.com.br\/sobre\/noticias-em-piracicaba\/","nextItem":{"@type":"ListItem","@id":"https:\/\/www.encontrapiracicaba.com.br\/sobre\/camara-aprova-solenidade-pelos-20-anos-do-capitulo-demolay-de-piracicaba\/#listItem","name":"C\u00e2mara aprova solenidade pelos 20 anos do Cap\u00edtulo DeMolay de Piracicaba"},"previousItem":{"@type":"ListItem","@id":"https:\/\/www.encontrapiracicaba.com.br\/sobre#listItem","name":"In\u00edcio"}},{"@type":"ListItem","@id":"https:\/\/www.encontrapiracicaba.com.br\/sobre\/camara-aprova-solenidade-pelos-20-anos-do-capitulo-demolay-de-piracicaba\/#listItem","position":3,"name":"C\u00e2mara aprova solenidade pelos 20 anos do Cap\u00edtulo DeMolay de Piracicaba","previousItem":{"@type":"ListItem","@id":"https:\/\/www.encontrapiracicaba.com.br\/sobre\/noticias-em-piracicaba\/#listItem","name":"Not\u00edcias Piracicaba"}}]},{"@type":"Organization","@id":"https:\/\/www.encontrapiracicaba.com.br\/sobre\/#organization","name":"Encontra Piracicaba","description":"Not\u00edcias, eventos, informa\u00e7\u00f5es e dicas na cidade de Piracicaba e regi\u00e3o","url":"https:\/\/www.encontrapiracicaba.com.br\/sobre\/"},{"@type":"Person","@id":"https:\/\/www.encontrapiracicaba.com.br\/sobre\/author\/epiracicaba\/#author","url":"https:\/\/www.encontrapiracicaba.com.br\/sobre\/author\/epiracicaba\/","name":"Encontra Piracicaba","image":{"@type":"ImageObject","@id":"https:\/\/www.encontrapiracicaba.com.br\/sobre\/camara-aprova-solenidade-pelos-20-anos-do-capitulo-demolay-de-piracicaba\/#authorImage","url":"https:\/\/secure.gravatar.com\/avatar\/507340682b8270222e1f208e23198b6ae7e2c6a1033ae84e99bc6bce4f82a387?s=96&d=mm&r=g","width":96,"height":96,"caption":"Encontra Piracicaba"}},{"@type":"WebPage","@id":"https:\/\/www.encontrapiracicaba.com.br\/sobre\/camara-aprova-solenidade-pelos-20-anos-do-capitulo-demolay-de-piracicaba\/#webpage","url":"https:\/\/www.encontrapiracicaba.com.br\/sobre\/camara-aprova-solenidade-pelos-20-anos-do-capitulo-demolay-de-piracicaba\/","name":"C\u00e2mara aprova solenidade pelos 20 anos do Cap\u00edtulo DeMolay de Piracicaba | Encontra Piracicaba","inLanguage":"pt-BR","isPartOf":{"@id":"https:\/\/www.encontrapiracicaba.com.br\/sobre\/#website"},"breadcrumb":{"@id":"https:\/\/www.encontrapiracicaba.com.br\/sobre\/camara-aprova-solenidade-pelos-20-anos-do-capitulo-demolay-de-piracicaba\/#breadcrumblist"},"author":{"@id":"https:\/\/www.encontrapiracicaba.com.br\/sobre\/author\/epiracicaba\/#author"},"creator":{"@id":"https:\/\/www.encontrapiracicaba.com.br\/sobre\/author\/epiracicaba\/#author"},"image":{"@type":"ImageObject","url":"https:\/\/www.encontrapiracicaba.com.br\/sobre\/wp-content\/uploads\/camara-aprova-solenidade-pelos-20-anos-do-capitulo-demolay-de-piracicaba.webp","@id":"https:\/\/www.encontrapiracicaba.com.br\/sobre\/camara-aprova-solenidade-pelos-20-anos-do-capitulo-demolay-de-piracicaba\/#mainImage","width":280,"height":280,"caption":"Cap\u00edtulo DeMolay de Piracicaba"},"primaryImageOfPage":{"@id":"https:\/\/www.encontrapiracicaba.com.br\/sobre\/camara-aprova-solenidade-pelos-20-anos-do-capitulo-demolay-de-piracicaba\/#mainImage"},"datePublished":"2026-05-14T10:33:17-03:00","dateModified":"2026-05-14T10:33:17-03:00"},{"@type":"WebSite","@id":"https:\/\/www.encontrapiracicaba.com.br\/sobre\/#website","url":"https:\/\/www.encontrapiracicaba.com.br\/sobre\/","name":"Encontra Piracicaba","description":"Not\u00edcias, eventos, informa\u00e7\u00f5es e dicas na cidade de Piracicaba e regi\u00e3o","inLanguage":"pt-BR","publisher":{"@id":"https:\/\/www.encontrapiracicaba.com.br\/sobre\/#organization"}}]},"og:locale":"pt_BR","og:site_name":"Encontra Piracicaba | Not\u00edcias, eventos, informa\u00e7\u00f5es e dicas na cidade de Piracicaba e regi\u00e3o","og:type":"article","og:title":"C\u00e2mara aprova solenidade pelos 20 anos do Cap\u00edtulo DeMolay de Piracicaba | Encontra Piracicaba","og:url":"https:\/\/www.encontrapiracicaba.com.br\/sobre\/camara-aprova-solenidade-pelos-20-anos-do-capitulo-demolay-de-piracicaba\/","article:published_time":"2026-05-14T13:33:17+00:00","article:modified_time":"2026-05-14T13:33:17+00:00","twitter:card":"summary","twitter:title":"C\u00e2mara aprova solenidade pelos 20 anos do Cap\u00edtulo DeMolay de Piracicaba | Encontra Piracicaba"},"aioseo_meta_data":{"post_id":"4564","title":null,"description":null,"keywords":null,"keyphrases":null,"primary_term":null,"canonical_url":null,"og_title":null,"og_description":null,"og_object_type":"default","og_image_type":"default","og_image_url":null,"og_image_width":null,"og_image_height":null,"og_image_custom_url":null,"og_image_custom_fields":null,"og_video":null,"og_custom_url":null,"og_article_section":null,"og_article_tags":null,"twitter_use_og":false,"twitter_card":"default","twitter_image_type":"default","twitter_image_url":null,"twitter_image_custom_url":null,"twitter_image_custom_fields":null,"twitter_title":null,"twitter_description":null,"schema":{"blockGraphs":[],"customGraphs":[],"default":{"data":{"Article":[],"Course":[],"Dataset":[],"FAQPage":[],"Movie":[],"Person":[],"Product":[],"ProductReview":[],"Car":[],"Recipe":[],"Service":[],"SoftwareApplication":[],"WebPage":[]},"graphName":"Article","isEnabled":true},"graphs":[]},"schema_type":"default","schema_type_options":null,"pillar_content":false,"robots_default":true,"robots_noindex":false,"robots_noarchive":false,"robots_nosnippet":false,"robots_nofollow":false,"robots_noimageindex":false,"robots_noodp":false,"robots_notranslate":false,"robots_max_snippet":null,"robots_max_videopreview":null,"robots_max_imagepreview":"large","priority":null,"frequency":null,"local_seo":null,"breadcrumb_settings":null,"limit_modified_date":false,"ai":null,"created":"2026-05-14 13:33:21","updated":"2026-05-14 13:47:42","focus_keyword":null,"additional_keywords":null,"truseo_locale":null,"seo_analyzer_scan_date":null},"aioseo_breadcrumb":"<div class=\"aioseo-breadcrumbs\"><span class=\"aioseo-breadcrumb\">\n\t\t\t<a href=\"https:\/\/www.encontrapiracicaba.com.br\/sobre\" title=\"In\u00edcio\">In\u00edcio<\/a>\n\t\t<\/span><span class=\"aioseo-breadcrumb-separator\">&raquo;<\/span><span class=\"aioseo-breadcrumb\">\n\t\t\t<a href=\"https:\/\/www.encontrapiracicaba.com.br\/sobre\/noticias-em-piracicaba\/\" title=\"Not\u00edcias Piracicaba\">Not\u00edcias Piracicaba<\/a>\n\t\t<\/span><span class=\"aioseo-breadcrumb-separator\">&raquo;<\/span><span class=\"aioseo-breadcrumb\">\n\t\t\tC\u00e2mara aprova solenidade pelos 20 anos do Cap\u00edtulo DeMolay de Piracicaba\n\t\t<\/span><\/div>","aioseo_breadcrumb_json":[{"label":"In\u00edcio","link":"https:\/\/www.encontrapiracicaba.com.br\/sobre"},{"label":"Not\u00edcias Piracicaba","link":"https:\/\/www.encontrapiracicaba.com.br\/sobre\/noticias-em-piracicaba\/"},{"label":"C\u00e2mara aprova solenidade pelos 20 anos do Cap\u00edtulo DeMolay de Piracicaba","link":"https:\/\/www.encontrapiracicaba.com.br\/sobre\/camara-aprova-solenidade-pelos-20-anos-do-capitulo-demolay-de-piracicaba\/"}],"_links":{"self":[{"href":"https:\/\/www.encontrapiracicaba.com.br\/sobre\/wp-json\/wp\/v2\/posts\/4564","targetHints":{"allow":["GET"]}}],"collection":[{"href":"https:\/\/www.encontrapiracicaba.com.br\/sobre\/wp-json\/wp\/v2\/posts"}],"about":[{"href":"https:\/\/www.encontrapiracicaba.com.br\/sobre\/wp-json\/wp\/v2\/types\/post"}],"author":[{"embeddable":true,"href":"https:\/\/www.encontrapiracicaba.com.br\/sobre\/wp-json\/wp\/v2\/users\/1"}],"replies":[{"embeddable":true,"href":"https:\/\/www.encontrapiracicaba.com.br\/sobre\/wp-json\/wp\/v2\/comments?post=4564"}],"version-history":[{"count":0,"href":"https:\/\/www.encontrapiracicaba.com.br\/sobre\/wp-json\/wp\/v2\/posts\/4564\/revisions"}],"wp:featuredmedia":[{"embeddable":true,"href":"https:\/\/www.encontrapiracicaba.com.br\/sobre\/wp-json\/wp\/v2\/media\/4563"}],"wp:attachment":[{"href":"https:\/\/www.encontrapiracicaba.com.br\/sobre\/wp-json\/wp\/v2\/media?parent=4564"}],"wp:term":[{"taxonomy":"category","embeddable":true,"href":"https:\/\/www.encontrapiracicaba.com.br\/sobre\/wp-json\/wp\/v2\/categories?post=4564"},{"taxonomy":"post_tag","embeddable":true,"href":"https:\/\/www.encontrapiracicaba.com.br\/sobre\/wp-json\/wp\/v2\/tags?post=4564"}],"curies":[{"name":"wp","href":"https:\/\/api.w.org\/{rel}","templated":true}]}}