{"id":4568,"date":"2026-05-16T11:31:41","date_gmt":"2026-05-16T14:31:41","guid":{"rendered":"https:\/\/www.encontrapiracicaba.com.br\/sobre\/vereador-visita-hospital-regional-de-piracicaba-e-discute-melhorias-para-a-saude\/"},"modified":"2026-05-16T11:31:41","modified_gmt":"2026-05-16T14:31:41","slug":"vereador-visita-hospital-regional-de-piracicaba-e-discute-melhorias-para-a-saude","status":"publish","type":"post","link":"https:\/\/www.encontrapiracicaba.com.br\/sobre\/vereador-visita-hospital-regional-de-piracicaba-e-discute-melhorias-para-a-saude\/","title":{"rendered":"Vereador visita Hospital Regional de Piracicaba e discute melhorias para a sa\u00fade"},"content":{"rendered":"<div class=\"85df007ed5c0c4d4b453fd13a37855e8\" data-index=\"1\" style=\"float: none; margin:0px;\">\n<!-- Anuncio display - global -->\r\n<ins class=\"adsbygoogle\"\r\n     style=\"display:block\"\r\n     data-ad-client=\"ca-pub-8585364105181520\"\r\n     data-ad-slot=\"8789329856\"\r\n     data-ad-format=\"auto\"\r\n     data-full-width-responsive=\"true\"><\/ins>\r\n<script>\r\n     (adsbygoogle = window.adsbygoogle || []).push({});\r\n<\/script>\n<\/div>\n<h2>Objetivo da visita do vereador<\/h2>\n<p>No dia 12 de maio de 2026, o vereador Gustavo Pompeo, representante do partido Avante, visitou o Hospital Regional de Piracicaba (HRP-Unicamp) com a inten\u00e7\u00e3o de conhecer as opera\u00e7\u00f5es e o fluxo de atendimento da institui\u00e7\u00e3o. A visita teve como meta a avalia\u00e7\u00e3o das necessidades e demandas enfrentadas pelo setor de sa\u00fade p\u00fablica na regi\u00e3o, com o intuito de identificar \u00e1reas pass\u00edveis de melhorias e propostas efetivas.<\/p>\n<h2>Recep\u00e7\u00e3o pelos gestores do hospital<\/h2>\n<p>Durante a visita, o vereador foi cordialmente recebido por tr\u00eas importantes figuras da administra\u00e7\u00e3o do hospital. A gerente de opera\u00e7\u00f5es, Andressa Spadoni, e o gerente assistencial, Fl\u00e1vio Braga Reis, estiveram presentes para guiar Pompeo pela infraestrutura da unidade. O diretor executivo, Dr. Jos\u00e9 Roberto Matos Souza, tamb\u00e9m participou da visita, fornecendo informa\u00e7\u00f5es detalhadas sobre os servi\u00e7os prestados e os desafios encontrados no atendimento aos pacientes.<\/p>\n<h2>Debate sobre amplia\u00e7\u00e3o da estrutura hospitalar<\/h2>\n<p>Entre os principais pontos discutidos, um assunto em destaque foi a poss\u00edvel amplia\u00e7\u00e3o da estrutura do hospital para a cria\u00e7\u00e3o de uma ala de hemodi\u00e1lise. Esta iniciativa visa facilitar o acesso a tratamentos essenciais e melhorar a qualidade de vida dos pacientes que necessitam desse tipo de atendimento, evidenciando a preocupa\u00e7\u00e3o da administra\u00e7\u00e3o em oferecer melhores condi\u00e7\u00f5es de sa\u00fade \u00e0 popula\u00e7\u00e3o.<\/p>\n<p><img decoding=\"async\" src=\"https:\/\/www.encontrapiracicaba.com.br\/sobre\/wp-content\/uploads\/vereador-visita-hospital-regional-de-piracicaba-e-discute-melhorias-para-a-saude.webp\" alt=\"melhorias para a sa\u00fade\" loading=\"lazy\" \/><\/p>\n<h2>Dados sobre atendimentos realizados<\/h2>\n<p>A equipe do hospital apresentou alguns dados sobre os atendimentos realizados durante o primeiro trimestre de 2026. Os n\u00fameros foram impressionantes: mais de 18 mil consultas foram realizadas, al\u00e9m de mais de 33 mil exames e 3 mil cirurgias. Esses dados ressaltam a import\u00e2ncia do hospital na presta\u00e7\u00e3o de servi\u00e7os m\u00e9dicos na regi\u00e3o, evidenciando o volume expressivo de atendimento \u00e0 popula\u00e7\u00e3o.<\/p>\n<h2>Import\u00e2ncia do atendimento humanizado<\/h2>\n<p>Um dos aspectos destacados durante a visita foi o compromisso do HRP-Unicamp com o atendimento humanizado. O hospital \u00e9 reconhecido como a \u00fanica unidade na regi\u00e3o a realizar procedimentos odontol\u00f3gicos com seda\u00e7\u00e3o para pessoas com defici\u00eancia. Essa iniciativa demonstra um cuidado especial com um p\u00fablico que muitas vezes enfrenta barreiras no acesso a servi\u00e7os de sa\u00fade, refor\u00e7ando a necessidade de uma abordagem mais inclusiva e sens\u00edvel por parte das institui\u00e7\u00f5es de sa\u00fade.<\/p>\n<h2>Servi\u00e7os odontol\u00f3gicos com seda\u00e7\u00e3o<\/h2>\n<p>Al\u00e9m de proporcionar um atendimento adaptado para pessoas com defici\u00eancia, o hospital tamb\u00e9m apresentou outras especialidades cir\u00fargicas frequentemente realizadas, como oftalmologia, cirurgia geral, urologia, ortopedia e ginecologia. A diversidade de servi\u00e7os dispon\u00edveis sublinha a capacidade do HRP-Unicamp de atender a diferentes necessidades de sa\u00fade da comunidade.<\/p>\n<h2>Desafios enfrentados no atendimento<\/h2>\n<p>Durante o di\u00e1logo com os gestores, o vereador teve a oportunidade de ouvir sobre os desafios di\u00e1rios enfrentados pela equipe do hospital. Problemas como a demanda crescente por servi\u00e7os de sa\u00fade e a necessidade de manuten\u00e7\u00e3o e moderniza\u00e7\u00e3o da infraestrutura foram algumas das quest\u00f5es levantadas. A conversa focou na imprescindibilidade de um planejamento adequado que aborde essas quest\u00f5es de forma efetiva.<\/p>\n<h2>A import\u00e2ncia do planejamento na sa\u00fade<\/h2>\n<p>Gustavo Pompeo enfatizou a relev\u00e2ncia do planejamento estrat\u00e9gico em sa\u00fade, que deve incluir di\u00e1logo cont\u00ednuo entre a administra\u00e7\u00e3o p\u00fablica e os profissionais de sa\u00fade. Ele destacou que uma abordagem colaborativa \u00e9 essencial para implantar melhorias que garantam um atendimento mais digno e eficiente a todos os cidad\u00e3os. Essa escuta ativa \u00e9 fundamental para que os respons\u00e1veis possam articular solu\u00e7\u00f5es claras e objetivas para os desafios enfrentados.<\/p>\n<h2>Perspectivas de melhorias no Hospital Regional<\/h2>\n<p>O vereador concluiu que \u00e9 fundamental acompanhar de perto o funcionamento das institui\u00e7\u00f5es de sa\u00fade, pois isso contribui para a efetiva\u00e7\u00e3o de melhorias reais na qualidade do atendimento. O compromisso com a sa\u00fade da popula\u00e7\u00e3o deve ser uma prioridade cont\u00ednua, a fim de assegurar que os servi\u00e7os oferecidos estejam sempre \u00e0 altura das expectativas e necessidades da comunidade.<\/p>\n<h2>O papel do vereador na sa\u00fade p\u00fablica<\/h2>\n<p>O papel do vereador \u00e9 de vital import\u00e2ncia na promo\u00e7\u00e3o de melhorias em sa\u00fade p\u00fablica. Gustavo Pompeo, ao visitar o Hospital Regional de Piracicaba, demonstrou um comprometimento claro em buscar solu\u00e7\u00f5es e apoiar iniciativas que beneficiem a sa\u00fade da popula\u00e7\u00e3o. Sua atitude exemplifica como a pol\u00edtica local pode atuar positivamente na melhoria dos servi\u00e7os de sa\u00fade, assegurando que a voz da comunidade seja ouvida nas decis\u00f5es que impactam diretamente suas vidas.<\/p>\n\n<div style=\"font-size: 0px; height: 0px; line-height: 0px; margin: 0; padding: 0; clear: both;\"><\/div>","protected":false},"excerpt":{"rendered":"<p>Vereador discute melhorias na sa\u00fade durante visita ao Hospital Regional de Piracicaba.<\/p>\n","protected":false},"author":1,"featured_media":4567,"comment_status":"closed","ping_status":"closed","sticky":false,"template":"","format":"standard","meta":{"footnotes":""},"categories":[6],"tags":[],"class_list":["post-4568","post","type-post","status-publish","format-standard","has-post-thumbnail","hentry","category-noticias-em-piracicaba","has_thumb"],"aioseo_notices":[],"aioseo_head":"\n\t\t<!-- All in One SEO 5.0.0.1 - aioseo.com -->\n\t<meta name=\"robots\" content=\"max-image-preview:large\" \/>\n\t<meta name=\"author\" content=\"Encontra Piracicaba\"\/>\n\t<link rel=\"canonical\" href=\"https:\/\/www.encontrapiracicaba.com.br\/sobre\/vereador-visita-hospital-regional-de-piracicaba-e-discute-melhorias-para-a-saude\/\" \/>\n\t<meta name=\"generator\" content=\"All in One SEO (AIOSEO) 5.0.0.1\" \/>\n\t\t<meta property=\"og:locale\" content=\"pt_BR\" \/>\n\t\t<meta property=\"og:site_name\" content=\"Encontra Piracicaba | Not\u00edcias, eventos, informa\u00e7\u00f5es e dicas na cidade de Piracicaba e regi\u00e3o\" \/>\n\t\t<meta property=\"og:type\" content=\"article\" \/>\n\t\t<meta property=\"og:title\" content=\"Vereador visita Hospital Regional de Piracicaba e discute melhorias para a sa\u00fade | Encontra Piracicaba\" \/>\n\t\t<meta property=\"og:url\" content=\"https:\/\/www.encontrapiracicaba.com.br\/sobre\/vereador-visita-hospital-regional-de-piracicaba-e-discute-melhorias-para-a-saude\/\" \/>\n\t\t<meta property=\"article:published_time\" content=\"2026-05-16T14:31:41+00:00\" \/>\n\t\t<meta property=\"article:modified_time\" content=\"2026-05-16T14:31:41+00:00\" \/>\n\t\t<meta name=\"twitter:card\" content=\"summary\" \/>\n\t\t<meta name=\"twitter:title\" content=\"Vereador visita Hospital Regional de Piracicaba e discute melhorias para a sa\u00fade | Encontra Piracicaba\" \/>\n\t\t<script type=\"application\/ld+json\" class=\"aioseo-schema\">\n\t\t\t{\"@context\":\"https:\\\/\\\/schema.org\",\"@graph\":[{\"@type\":\"Article\",\"@id\":\"https:\\\/\\\/www.encontrapiracicaba.com.br\\\/sobre\\\/vereador-visita-hospital-regional-de-piracicaba-e-discute-melhorias-para-a-saude\\\/#article\",\"name\":\"Vereador visita Hospital Regional de Piracicaba e discute melhorias para a sa\\u00fade | Encontra Piracicaba\",\"headline\":\"Vereador visita Hospital Regional de Piracicaba e discute melhorias para a sa\\u00fade\",\"author\":{\"@id\":\"https:\\\/\\\/www.encontrapiracicaba.com.br\\\/sobre\\\/author\\\/epiracicaba\\\/#author\"},\"publisher\":{\"@id\":\"https:\\\/\\\/www.encontrapiracicaba.com.br\\\/sobre\\\/#organization\"},\"image\":{\"@type\":\"ImageObject\",\"url\":\"https:\\\/\\\/www.encontrapiracicaba.com.br\\\/sobre\\\/wp-content\\\/uploads\\\/vereador-visita-hospital-regional-de-piracicaba-e-discute-melhorias-para-a-saude.webp\",\"width\":280,\"height\":280,\"caption\":\"melhorias para a sa\\u00fade\"},\"datePublished\":\"2026-05-16T11:31:41-03:00\",\"dateModified\":\"2026-05-16T11:31:41-03:00\",\"inLanguage\":\"pt-BR\",\"mainEntityOfPage\":{\"@id\":\"https:\\\/\\\/www.encontrapiracicaba.com.br\\\/sobre\\\/vereador-visita-hospital-regional-de-piracicaba-e-discute-melhorias-para-a-saude\\\/#webpage\"},\"isPartOf\":{\"@id\":\"https:\\\/\\\/www.encontrapiracicaba.com.br\\\/sobre\\\/vereador-visita-hospital-regional-de-piracicaba-e-discute-melhorias-para-a-saude\\\/#webpage\"},\"articleSection\":\"Not\\u00edcias Piracicaba\"},{\"@type\":\"BreadcrumbList\",\"@id\":\"https:\\\/\\\/www.encontrapiracicaba.com.br\\\/sobre\\\/vereador-visita-hospital-regional-de-piracicaba-e-discute-melhorias-para-a-saude\\\/#breadcrumblist\",\"itemListElement\":[{\"@type\":\"ListItem\",\"@id\":\"https:\\\/\\\/www.encontrapiracicaba.com.br\\\/sobre#listItem\",\"position\":1,\"name\":\"In\\u00edcio\",\"item\":\"https:\\\/\\\/www.encontrapiracicaba.com.br\\\/sobre\",\"nextItem\":{\"@type\":\"ListItem\",\"@id\":\"https:\\\/\\\/www.encontrapiracicaba.com.br\\\/sobre\\\/noticias-em-piracicaba\\\/#listItem\",\"name\":\"Not\\u00edcias Piracicaba\"}},{\"@type\":\"ListItem\",\"@id\":\"https:\\\/\\\/www.encontrapiracicaba.com.br\\\/sobre\\\/noticias-em-piracicaba\\\/#listItem\",\"position\":2,\"name\":\"Not\\u00edcias Piracicaba\",\"item\":\"https:\\\/\\\/www.encontrapiracicaba.com.br\\\/sobre\\\/noticias-em-piracicaba\\\/\",\"nextItem\":{\"@type\":\"ListItem\",\"@id\":\"https:\\\/\\\/www.encontrapiracicaba.com.br\\\/sobre\\\/vereador-visita-hospital-regional-de-piracicaba-e-discute-melhorias-para-a-saude\\\/#listItem\",\"name\":\"Vereador visita Hospital Regional de Piracicaba e discute melhorias para a sa\\u00fade\"},\"previousItem\":{\"@type\":\"ListItem\",\"@id\":\"https:\\\/\\\/www.encontrapiracicaba.com.br\\\/sobre#listItem\",\"name\":\"In\\u00edcio\"}},{\"@type\":\"ListItem\",\"@id\":\"https:\\\/\\\/www.encontrapiracicaba.com.br\\\/sobre\\\/vereador-visita-hospital-regional-de-piracicaba-e-discute-melhorias-para-a-saude\\\/#listItem\",\"position\":3,\"name\":\"Vereador visita Hospital Regional de Piracicaba e discute melhorias para a sa\\u00fade\",\"previousItem\":{\"@type\":\"ListItem\",\"@id\":\"https:\\\/\\\/www.encontrapiracicaba.com.br\\\/sobre\\\/noticias-em-piracicaba\\\/#listItem\",\"name\":\"Not\\u00edcias Piracicaba\"}}]},{\"@type\":\"Organization\",\"@id\":\"https:\\\/\\\/www.encontrapiracicaba.com.br\\\/sobre\\\/#organization\",\"name\":\"Encontra Piracicaba\",\"description\":\"Not\\u00edcias, eventos, informa\\u00e7\\u00f5es e dicas na cidade de Piracicaba e regi\\u00e3o\",\"url\":\"https:\\\/\\\/www.encontrapiracicaba.com.br\\\/sobre\\\/\"},{\"@type\":\"Person\",\"@id\":\"https:\\\/\\\/www.encontrapiracicaba.com.br\\\/sobre\\\/author\\\/epiracicaba\\\/#author\",\"url\":\"https:\\\/\\\/www.encontrapiracicaba.com.br\\\/sobre\\\/author\\\/epiracicaba\\\/\",\"name\":\"Encontra Piracicaba\",\"image\":{\"@type\":\"ImageObject\",\"@id\":\"https:\\\/\\\/www.encontrapiracicaba.com.br\\\/sobre\\\/vereador-visita-hospital-regional-de-piracicaba-e-discute-melhorias-para-a-saude\\\/#authorImage\",\"url\":\"https:\\\/\\\/secure.gravatar.com\\\/avatar\\\/507340682b8270222e1f208e23198b6ae7e2c6a1033ae84e99bc6bce4f82a387?s=96&d=mm&r=g\",\"width\":96,\"height\":96,\"caption\":\"Encontra Piracicaba\"}},{\"@type\":\"WebPage\",\"@id\":\"https:\\\/\\\/www.encontrapiracicaba.com.br\\\/sobre\\\/vereador-visita-hospital-regional-de-piracicaba-e-discute-melhorias-para-a-saude\\\/#webpage\",\"url\":\"https:\\\/\\\/www.encontrapiracicaba.com.br\\\/sobre\\\/vereador-visita-hospital-regional-de-piracicaba-e-discute-melhorias-para-a-saude\\\/\",\"name\":\"Vereador visita Hospital Regional de Piracicaba e discute melhorias para a sa\\u00fade | Encontra Piracicaba\",\"inLanguage\":\"pt-BR\",\"isPartOf\":{\"@id\":\"https:\\\/\\\/www.encontrapiracicaba.com.br\\\/sobre\\\/#website\"},\"breadcrumb\":{\"@id\":\"https:\\\/\\\/www.encontrapiracicaba.com.br\\\/sobre\\\/vereador-visita-hospital-regional-de-piracicaba-e-discute-melhorias-para-a-saude\\\/#breadcrumblist\"},\"author\":{\"@id\":\"https:\\\/\\\/www.encontrapiracicaba.com.br\\\/sobre\\\/author\\\/epiracicaba\\\/#author\"},\"creator\":{\"@id\":\"https:\\\/\\\/www.encontrapiracicaba.com.br\\\/sobre\\\/author\\\/epiracicaba\\\/#author\"},\"image\":{\"@type\":\"ImageObject\",\"url\":\"https:\\\/\\\/www.encontrapiracicaba.com.br\\\/sobre\\\/wp-content\\\/uploads\\\/vereador-visita-hospital-regional-de-piracicaba-e-discute-melhorias-para-a-saude.webp\",\"@id\":\"https:\\\/\\\/www.encontrapiracicaba.com.br\\\/sobre\\\/vereador-visita-hospital-regional-de-piracicaba-e-discute-melhorias-para-a-saude\\\/#mainImage\",\"width\":280,\"height\":280,\"caption\":\"melhorias para a sa\\u00fade\"},\"primaryImageOfPage\":{\"@id\":\"https:\\\/\\\/www.encontrapiracicaba.com.br\\\/sobre\\\/vereador-visita-hospital-regional-de-piracicaba-e-discute-melhorias-para-a-saude\\\/#mainImage\"},\"datePublished\":\"2026-05-16T11:31:41-03:00\",\"dateModified\":\"2026-05-16T11:31:41-03:00\"},{\"@type\":\"WebSite\",\"@id\":\"https:\\\/\\\/www.encontrapiracicaba.com.br\\\/sobre\\\/#website\",\"url\":\"https:\\\/\\\/www.encontrapiracicaba.com.br\\\/sobre\\\/\",\"name\":\"Encontra Piracicaba\",\"description\":\"Not\\u00edcias, eventos, informa\\u00e7\\u00f5es e dicas na cidade de Piracicaba e regi\\u00e3o\",\"inLanguage\":\"pt-BR\",\"publisher\":{\"@id\":\"https:\\\/\\\/www.encontrapiracicaba.com.br\\\/sobre\\\/#organization\"}}]}\n\t\t<\/script>\n\t\t<!-- All in One SEO -->\n\n","aioseo_head_json":{"title":"Vereador visita Hospital Regional de Piracicaba e discute melhorias para a sa\u00fade | Encontra Piracicaba","description":"","canonical_url":"https:\/\/www.encontrapiracicaba.com.br\/sobre\/vereador-visita-hospital-regional-de-piracicaba-e-discute-melhorias-para-a-saude\/","robots":"max-image-preview:large","keywords":"","webmasterTools":{"miscellaneous":""},"schema":{"@context":"https:\/\/schema.org","@graph":[{"@type":"Article","@id":"https:\/\/www.encontrapiracicaba.com.br\/sobre\/vereador-visita-hospital-regional-de-piracicaba-e-discute-melhorias-para-a-saude\/#article","name":"Vereador visita Hospital Regional de Piracicaba e discute melhorias para a sa\u00fade | Encontra Piracicaba","headline":"Vereador visita Hospital Regional de Piracicaba e discute melhorias para a sa\u00fade","author":{"@id":"https:\/\/www.encontrapiracicaba.com.br\/sobre\/author\/epiracicaba\/#author"},"publisher":{"@id":"https:\/\/www.encontrapiracicaba.com.br\/sobre\/#organization"},"image":{"@type":"ImageObject","url":"https:\/\/www.encontrapiracicaba.com.br\/sobre\/wp-content\/uploads\/vereador-visita-hospital-regional-de-piracicaba-e-discute-melhorias-para-a-saude.webp","width":280,"height":280,"caption":"melhorias para a sa\u00fade"},"datePublished":"2026-05-16T11:31:41-03:00","dateModified":"2026-05-16T11:31:41-03:00","inLanguage":"pt-BR","mainEntityOfPage":{"@id":"https:\/\/www.encontrapiracicaba.com.br\/sobre\/vereador-visita-hospital-regional-de-piracicaba-e-discute-melhorias-para-a-saude\/#webpage"},"isPartOf":{"@id":"https:\/\/www.encontrapiracicaba.com.br\/sobre\/vereador-visita-hospital-regional-de-piracicaba-e-discute-melhorias-para-a-saude\/#webpage"},"articleSection":"Not\u00edcias Piracicaba"},{"@type":"BreadcrumbList","@id":"https:\/\/www.encontrapiracicaba.com.br\/sobre\/vereador-visita-hospital-regional-de-piracicaba-e-discute-melhorias-para-a-saude\/#breadcrumblist","itemListElement":[{"@type":"ListItem","@id":"https:\/\/www.encontrapiracicaba.com.br\/sobre#listItem","position":1,"name":"In\u00edcio","item":"https:\/\/www.encontrapiracicaba.com.br\/sobre","nextItem":{"@type":"ListItem","@id":"https:\/\/www.encontrapiracicaba.com.br\/sobre\/noticias-em-piracicaba\/#listItem","name":"Not\u00edcias Piracicaba"}},{"@type":"ListItem","@id":"https:\/\/www.encontrapiracicaba.com.br\/sobre\/noticias-em-piracicaba\/#listItem","position":2,"name":"Not\u00edcias Piracicaba","item":"https:\/\/www.encontrapiracicaba.com.br\/sobre\/noticias-em-piracicaba\/","nextItem":{"@type":"ListItem","@id":"https:\/\/www.encontrapiracicaba.com.br\/sobre\/vereador-visita-hospital-regional-de-piracicaba-e-discute-melhorias-para-a-saude\/#listItem","name":"Vereador visita Hospital Regional de Piracicaba e discute melhorias para a sa\u00fade"},"previousItem":{"@type":"ListItem","@id":"https:\/\/www.encontrapiracicaba.com.br\/sobre#listItem","name":"In\u00edcio"}},{"@type":"ListItem","@id":"https:\/\/www.encontrapiracicaba.com.br\/sobre\/vereador-visita-hospital-regional-de-piracicaba-e-discute-melhorias-para-a-saude\/#listItem","position":3,"name":"Vereador visita Hospital Regional de Piracicaba e discute melhorias para a sa\u00fade","previousItem":{"@type":"ListItem","@id":"https:\/\/www.encontrapiracicaba.com.br\/sobre\/noticias-em-piracicaba\/#listItem","name":"Not\u00edcias Piracicaba"}}]},{"@type":"Organization","@id":"https:\/\/www.encontrapiracicaba.com.br\/sobre\/#organization","name":"Encontra Piracicaba","description":"Not\u00edcias, eventos, informa\u00e7\u00f5es e dicas na cidade de Piracicaba e regi\u00e3o","url":"https:\/\/www.encontrapiracicaba.com.br\/sobre\/"},{"@type":"Person","@id":"https:\/\/www.encontrapiracicaba.com.br\/sobre\/author\/epiracicaba\/#author","url":"https:\/\/www.encontrapiracicaba.com.br\/sobre\/author\/epiracicaba\/","name":"Encontra Piracicaba","image":{"@type":"ImageObject","@id":"https:\/\/www.encontrapiracicaba.com.br\/sobre\/vereador-visita-hospital-regional-de-piracicaba-e-discute-melhorias-para-a-saude\/#authorImage","url":"https:\/\/secure.gravatar.com\/avatar\/507340682b8270222e1f208e23198b6ae7e2c6a1033ae84e99bc6bce4f82a387?s=96&d=mm&r=g","width":96,"height":96,"caption":"Encontra Piracicaba"}},{"@type":"WebPage","@id":"https:\/\/www.encontrapiracicaba.com.br\/sobre\/vereador-visita-hospital-regional-de-piracicaba-e-discute-melhorias-para-a-saude\/#webpage","url":"https:\/\/www.encontrapiracicaba.com.br\/sobre\/vereador-visita-hospital-regional-de-piracicaba-e-discute-melhorias-para-a-saude\/","name":"Vereador visita Hospital Regional de Piracicaba e discute melhorias para a sa\u00fade | Encontra Piracicaba","inLanguage":"pt-BR","isPartOf":{"@id":"https:\/\/www.encontrapiracicaba.com.br\/sobre\/#website"},"breadcrumb":{"@id":"https:\/\/www.encontrapiracicaba.com.br\/sobre\/vereador-visita-hospital-regional-de-piracicaba-e-discute-melhorias-para-a-saude\/#breadcrumblist"},"author":{"@id":"https:\/\/www.encontrapiracicaba.com.br\/sobre\/author\/epiracicaba\/#author"},"creator":{"@id":"https:\/\/www.encontrapiracicaba.com.br\/sobre\/author\/epiracicaba\/#author"},"image":{"@type":"ImageObject","url":"https:\/\/www.encontrapiracicaba.com.br\/sobre\/wp-content\/uploads\/vereador-visita-hospital-regional-de-piracicaba-e-discute-melhorias-para-a-saude.webp","@id":"https:\/\/www.encontrapiracicaba.com.br\/sobre\/vereador-visita-hospital-regional-de-piracicaba-e-discute-melhorias-para-a-saude\/#mainImage","width":280,"height":280,"caption":"melhorias para a sa\u00fade"},"primaryImageOfPage":{"@id":"https:\/\/www.encontrapiracicaba.com.br\/sobre\/vereador-visita-hospital-regional-de-piracicaba-e-discute-melhorias-para-a-saude\/#mainImage"},"datePublished":"2026-05-16T11:31:41-03:00","dateModified":"2026-05-16T11:31:41-03:00"},{"@type":"WebSite","@id":"https:\/\/www.encontrapiracicaba.com.br\/sobre\/#website","url":"https:\/\/www.encontrapiracicaba.com.br\/sobre\/","name":"Encontra Piracicaba","description":"Not\u00edcias, eventos, informa\u00e7\u00f5es e dicas na cidade de Piracicaba e regi\u00e3o","inLanguage":"pt-BR","publisher":{"@id":"https:\/\/www.encontrapiracicaba.com.br\/sobre\/#organization"}}]},"og:locale":"pt_BR","og:site_name":"Encontra Piracicaba | Not\u00edcias, eventos, informa\u00e7\u00f5es e dicas na cidade de Piracicaba e regi\u00e3o","og:type":"article","og:title":"Vereador visita Hospital Regional de Piracicaba e discute melhorias para a sa\u00fade | Encontra Piracicaba","og:url":"https:\/\/www.encontrapiracicaba.com.br\/sobre\/vereador-visita-hospital-regional-de-piracicaba-e-discute-melhorias-para-a-saude\/","article:published_time":"2026-05-16T14:31:41+00:00","article:modified_time":"2026-05-16T14:31:41+00:00","twitter:card":"summary","twitter:title":"Vereador visita Hospital Regional de Piracicaba e discute melhorias para a sa\u00fade | Encontra Piracicaba"},"aioseo_meta_data":{"post_id":"4568","title":null,"description":null,"keywords":null,"keyphrases":null,"primary_term":null,"canonical_url":null,"og_title":null,"og_description":null,"og_object_type":"default","og_image_type":"default","og_image_url":null,"og_image_width":null,"og_image_height":null,"og_image_custom_url":null,"og_image_custom_fields":null,"og_video":null,"og_custom_url":null,"og_article_section":null,"og_article_tags":null,"twitter_use_og":false,"twitter_card":"default","twitter_image_type":"default","twitter_image_url":null,"twitter_image_custom_url":null,"twitter_image_custom_fields":null,"twitter_title":null,"twitter_description":null,"schema":{"blockGraphs":[],"customGraphs":[],"default":{"data":{"Article":[],"Course":[],"Dataset":[],"FAQPage":[],"Movie":[],"Person":[],"Product":[],"ProductReview":[],"Car":[],"Recipe":[],"Service":[],"SoftwareApplication":[],"WebPage":[]},"graphName":"Article","isEnabled":true},"graphs":[]},"schema_type":"default","schema_type_options":null,"pillar_content":false,"robots_default":true,"robots_noindex":false,"robots_noarchive":false,"robots_nosnippet":false,"robots_nofollow":false,"robots_noimageindex":false,"robots_noodp":false,"robots_notranslate":false,"robots_max_snippet":null,"robots_max_videopreview":null,"robots_max_imagepreview":"large","priority":null,"frequency":null,"local_seo":null,"breadcrumb_settings":null,"limit_modified_date":false,"ai":null,"created":"2026-05-16 14:31:46","updated":"2026-05-16 14:32:13","focus_keyword":null,"additional_keywords":null,"truseo_locale":null,"seo_analyzer_scan_date":null},"aioseo_breadcrumb":"<div class=\"aioseo-breadcrumbs\"><span class=\"aioseo-breadcrumb\">\n\t\t\t<a href=\"https:\/\/www.encontrapiracicaba.com.br\/sobre\" title=\"In\u00edcio\">In\u00edcio<\/a>\n\t\t<\/span><span class=\"aioseo-breadcrumb-separator\">&raquo;<\/span><span class=\"aioseo-breadcrumb\">\n\t\t\t<a href=\"https:\/\/www.encontrapiracicaba.com.br\/sobre\/noticias-em-piracicaba\/\" title=\"Not\u00edcias Piracicaba\">Not\u00edcias Piracicaba<\/a>\n\t\t<\/span><span class=\"aioseo-breadcrumb-separator\">&raquo;<\/span><span class=\"aioseo-breadcrumb\">\n\t\t\tVereador visita Hospital Regional de Piracicaba e discute melhorias para a sa\u00fade\n\t\t<\/span><\/div>","aioseo_breadcrumb_json":[{"label":"In\u00edcio","link":"https:\/\/www.encontrapiracicaba.com.br\/sobre"},{"label":"Not\u00edcias Piracicaba","link":"https:\/\/www.encontrapiracicaba.com.br\/sobre\/noticias-em-piracicaba\/"},{"label":"Vereador visita Hospital Regional de Piracicaba e discute melhorias para a sa\u00fade","link":"https:\/\/www.encontrapiracicaba.com.br\/sobre\/vereador-visita-hospital-regional-de-piracicaba-e-discute-melhorias-para-a-saude\/"}],"_links":{"self":[{"href":"https:\/\/www.encontrapiracicaba.com.br\/sobre\/wp-json\/wp\/v2\/posts\/4568","targetHints":{"allow":["GET"]}}],"collection":[{"href":"https:\/\/www.encontrapiracicaba.com.br\/sobre\/wp-json\/wp\/v2\/posts"}],"about":[{"href":"https:\/\/www.encontrapiracicaba.com.br\/sobre\/wp-json\/wp\/v2\/types\/post"}],"author":[{"embeddable":true,"href":"https:\/\/www.encontrapiracicaba.com.br\/sobre\/wp-json\/wp\/v2\/users\/1"}],"replies":[{"embeddable":true,"href":"https:\/\/www.encontrapiracicaba.com.br\/sobre\/wp-json\/wp\/v2\/comments?post=4568"}],"version-history":[{"count":0,"href":"https:\/\/www.encontrapiracicaba.com.br\/sobre\/wp-json\/wp\/v2\/posts\/4568\/revisions"}],"wp:featuredmedia":[{"embeddable":true,"href":"https:\/\/www.encontrapiracicaba.com.br\/sobre\/wp-json\/wp\/v2\/media\/4567"}],"wp:attachment":[{"href":"https:\/\/www.encontrapiracicaba.com.br\/sobre\/wp-json\/wp\/v2\/media?parent=4568"}],"wp:term":[{"taxonomy":"category","embeddable":true,"href":"https:\/\/www.encontrapiracicaba.com.br\/sobre\/wp-json\/wp\/v2\/categories?post=4568"},{"taxonomy":"post_tag","embeddable":true,"href":"https:\/\/www.encontrapiracicaba.com.br\/sobre\/wp-json\/wp\/v2\/tags?post=4568"}],"curies":[{"name":"wp","href":"https:\/\/api.w.org\/{rel}","templated":true}]}}