{"id":4578,"date":"2026-05-17T11:29:26","date_gmt":"2026-05-17T14:29:26","guid":{"rendered":"https:\/\/www.encontrapiracicaba.com.br\/sobre\/camara-aplaude-o-cena-pelos-60-anos-de-fundacao\/"},"modified":"2026-05-17T11:29:26","modified_gmt":"2026-05-17T14:29:26","slug":"camara-aplaude-o-cena-pelos-60-anos-de-fundacao","status":"publish","type":"post","link":"https:\/\/www.encontrapiracicaba.com.br\/sobre\/camara-aplaude-o-cena-pelos-60-anos-de-fundacao\/","title":{"rendered":"C\u00e2mara aplaude o Cena pelos 60 anos de funda\u00e7\u00e3o"},"content":{"rendered":"<div class=\"85df007ed5c0c4d4b453fd13a37855e8\" data-index=\"1\" style=\"float: none; margin:0px;\">\n<!-- Anuncio display - global -->\r\n<ins class=\"adsbygoogle\"\r\n     style=\"display:block\"\r\n     data-ad-client=\"ca-pub-8585364105181520\"\r\n     data-ad-slot=\"8789329856\"\r\n     data-ad-format=\"auto\"\r\n     data-full-width-responsive=\"true\"><\/ins>\r\n<script>\r\n     (adsbygoogle = window.adsbygoogle || []).push({});\r\n<\/script>\n<\/div>\n<h2>C\u00e2mara Celebra os 60 Anos do Cena<\/h2>\n<p>A C\u00e2mara Municipal de Piracicaba expressou seu reconhecimento na 20\u00aa Reuni\u00e3o Ordin\u00e1ria realizada na \u00faltima quinta-feira (23) ao aprovar a <strong>mo\u00e7\u00e3o 59\/2026<\/strong>, apresentada pela vereadora <strong>S\u00edlvia Morales<\/strong> (PV), representando o Mandato Coletivo &#8220;A Cidade \u00e9 Sua&#8221;. Essa mo\u00e7\u00e3o \u00e9 uma homenagem ao <strong>Cena<\/strong> (Centro de Energia Nuclear na Agricultura), vinculado \u00e0 <strong>Universidade de S\u00e3o Paulo<\/strong>, por seus 60 anos de atua\u00e7\u00e3o.<\/p>\n<h2>A Trajet\u00f3ria do Cena: Uma Hist\u00f3ria de Inova\u00e7\u00e3o<\/h2>\n<p>Fundado em 1966 por professores da <strong>Escola Superior de Agricultura &#8220;Luiz de Queiroz&#8221; (Esalq)<\/strong>, o Cena nasceu com a miss\u00e3o de promover a dissemina\u00e7\u00e3o do conhecimento cient\u00edfico e tecnol\u00f3gico. O objetivo \u00e9, atrav\u00e9s da forma\u00e7\u00e3o de recursos humanos, contribuir para o aprimoramento da produ\u00e7\u00e3o e oferta de alimentos saud\u00e1veis, al\u00e9m de atuar na prote\u00e7\u00e3o do meio ambiente por meio de diversas atividades de pesquisa e ensino.<\/p>\n<p>S\u00edlvia Morales compartilha, em sua justificativa, que o grupo original de educadores da Esalq percebeu o grande potencial das t\u00e9cnicas nucleares nas \u00e1reas agropecu\u00e1rias e ambientais. Isso levou ao planejamento para a cria\u00e7\u00e3o de um local adequado para concentrar as instala\u00e7\u00f5es e otimizar o uso dos equipamentos dispon\u00edveis, aumentando assim a seguran\u00e7a nos laborat\u00f3rios e promovendo a intera\u00e7\u00e3o entre os cientistas.<\/p>\n<p><img decoding=\"async\" src=\"https:\/\/www.encontrapiracicaba.com.br\/sobre\/wp-content\/uploads\/camara-aplaude-o-cena-pelos-60-anos-de-fundacao.webp\" alt=\"C\u00e2mara aplaude o Cena pelos 60 anos de funda\u00e7\u00e3o\" loading=\"lazy\" \/><\/p>\n<h2>Como o Cena Contribui para a Agricultura Sustent\u00e1vel<\/h2>\n<p>Desde a sua funda\u00e7\u00e3o, o Cena tem se mostrado um pilar fundamental na evolu\u00e7\u00e3o das t\u00e9cnicas agr\u00edcolas. Com suas inova\u00e7\u00f5es, o centro \u00e9 respons\u00e1vel por pesquisas que visam o uso sustent\u00e1vel de m\u00e9todos e pr\u00e1ticas, garantindo n\u00e3o apenas uma produ\u00e7\u00e3o eficiente, mas tamb\u00e9m a preserva\u00e7\u00e3o ambiental. As pesquisas s\u00e3o direcionadas n\u00e3o apenas \u00e0 melhoria no campo, mas tamb\u00e9m \u00e0 seguran\u00e7a alimentar da popula\u00e7\u00e3o.<\/p>\n<h2>Import\u00e2ncia da Educa\u00e7\u00e3o Cient\u00edfica em Nossa Sociedade<\/h2>\n<p>A miss\u00e3o do Cena vai al\u00e9m das salas de aula e dos laborat\u00f3rios. A educa\u00e7\u00e3o cient\u00edfica \u00e9 vital para criar um futuro mais informado e respons\u00e1vel em rela\u00e7\u00e3o \u00e0s quest\u00f5es ambientais e \u00e0 produ\u00e7\u00e3o de alimentos. O centro oferece cursos de gradua\u00e7\u00e3o que envolvem 36 disciplinas distribu\u00eddas por seis cursos diferentes, engajando 28 dos 37 docentes atualmente vinculados.<\/p>\n<h2>Avan\u00e7os Tecnol\u00f3gicos e Seus Impactos na Agricultura<\/h2>\n<p>Com o passar do tempo, o Cena alinhou seu foco nas necessidades de um setor agr\u00edcola em constante transforma\u00e7\u00e3o. Um dos principais focos \u00e9 o desenvolvimento de tecnologias anal\u00edticas que auxiliam em diversas \u00e1reas, desde a sa\u00fade do solo at\u00e9 a qualidade dos produtos. Esses avan\u00e7os s\u00e3o fundamentais para garantir uma produ\u00e7\u00e3o mais segura e respons\u00e1vel, direcionada a um mundo que enfrenta desafios consider\u00e1veis como a mudan\u00e7a clim\u00e1tica e a escassez de recursos.<\/p>\n<h2>O Papel do Cena na Forma\u00e7\u00e3o de Recursos Humanos<\/h2>\n<p>A forma\u00e7\u00e3o de profissionais qualificados e preparados para enfrentar os desafios do Brasil e do mundo \u00e9 uma das prioridades do Cena. Os programas de gradua\u00e7\u00e3o e p\u00f3s-gradua\u00e7\u00e3o s\u00e3o interligados a pesquisas avan\u00e7adas, abordando temas de relev\u00e2ncia mundial, como as tecnologias anal\u00edticas, mudan\u00e7as clim\u00e1ticas e sustentabilidade.<\/p>\n<h2>Desafios e Reflex\u00f5es sobre o Futuro do Cena<\/h2>\n<p>Apesar de suas conquistas, o Cena encara desafios cont\u00ednuos. O cen\u00e1rio atual exige uma adapta\u00e7\u00e3o constante \u00e0s novas necessidades do mercado e da sociedade. As inova\u00e7\u00f5es tecnol\u00f3gicas demandam uma forma\u00e7\u00e3o que esteja sempre atualizada e que ofere\u00e7a aos alunos as ferramentas necess\u00e1rias para a sua atua\u00e7\u00e3o profissional.<\/p>\n<h2>Pesquisas de Ponta: Temas e \u00c1reas de Atua\u00e7\u00e3o<\/h2>\n<p>Os pesquisadores do Cena t\u00eam se dedicado a diversas linhas de investiga\u00e7\u00e3o, que incluem a produ\u00e7\u00e3o agroindustrial, o desenvolvimento de t\u00e9cnicas anal\u00edticas e a ecologia dos agroecossistemas. Essas \u00e1reas n\u00e3o apenas aprimoram o conhecimento existente, mas tamb\u00e9m criam solu\u00e7\u00f5es para problemas prementes no campo.<\/p>\n<h2>A Parceria com a Esalq e Seus Benef\u00edcios<\/h2>\n<p>A rela\u00e7\u00e3o do Cena com a Esalq \u00e9 um exemplo de como parcerias educacionais podem gerar benef\u00edcios m\u00fatuos. A proximidade entre pesquisa e pr\u00e1tica educacional enriquece a forma\u00e7\u00e3o dos alunos, garantindo que a teoria esteja sempre acompanhada de aplica\u00e7\u00f5es pr\u00e1ticas relevantes.<\/p>\n<h2>Principais Realiza\u00e7\u00f5es do Cena ao Longo dos Anos<\/h2>\n<p>Em suas seis d\u00e9cadas de atividade, o Cena tem acumulado uma s\u00e9rie de conquistas na \u00e1rea de educa\u00e7\u00e3o e pesquisa. Seu compromisso com a excel\u00eancia e a inova\u00e7\u00e3o tem sido reconhecido tanto a n\u00edvel nacional quanto internacional, estabelecendo o centro como um modelo para outras institui\u00e7\u00f5es similares.<\/p>\n<h2>Reconhecimento da Comunidade Cient\u00edfica e da Sociedade<\/h2>\n<p>O trabalho desenvolvido pelo Cena tem sido amplamente reconhecido pela comunidade cient\u00edfica e pela sociedade. Os avan\u00e7os alcan\u00e7ados e as contribui\u00e7\u00f5es \u00e0 forma\u00e7\u00e3o de novos profissionais refletem a import\u00e2ncia do centro n\u00e3o apenas para a \u00e1rea acad\u00eamica, mas tamb\u00e9m para o bem-estar social e a sustentabilidade.<\/p>\n<p>Com 60 anos de atividades dedicadas ao ensino e \u00e0 pesquisa, as contribui\u00e7\u00f5es do Cena para a ci\u00eancia s\u00e3o ineg\u00e1veis, oferecendo benef\u00edcios important\u00edssimos \u00e0 agricultura e ao meio ambiente, al\u00e9m de garantir a forma\u00e7\u00e3o de profissionais capacitados e conscientes de suas responsabilidades.<\/p>\n\n<div style=\"font-size: 0px; height: 0px; line-height: 0px; margin: 0; padding: 0; clear: both;\"><\/div>","protected":false},"excerpt":{"rendered":"<p>C\u00e2mara homenageia o Cena, destacando sua hist\u00f3ria e impacto cient\u00edfico.<\/p>\n","protected":false},"author":1,"featured_media":4577,"comment_status":"closed","ping_status":"closed","sticky":false,"template":"","format":"standard","meta":{"footnotes":""},"categories":[6],"tags":[],"class_list":["post-4578","post","type-post","status-publish","format-standard","has-post-thumbnail","hentry","category-noticias-em-piracicaba","has_thumb"],"aioseo_notices":[],"aioseo_head":"\n\t\t<!-- All in One SEO 5.0.0.1 - aioseo.com -->\n\t<meta name=\"robots\" content=\"max-image-preview:large\" \/>\n\t<meta name=\"author\" content=\"Encontra Piracicaba\"\/>\n\t<link rel=\"canonical\" href=\"https:\/\/www.encontrapiracicaba.com.br\/sobre\/camara-aplaude-o-cena-pelos-60-anos-de-fundacao\/\" \/>\n\t<meta name=\"generator\" content=\"All in One SEO (AIOSEO) 5.0.0.1\" \/>\n\t\t<meta property=\"og:locale\" content=\"pt_BR\" \/>\n\t\t<meta property=\"og:site_name\" content=\"Encontra Piracicaba | Not\u00edcias, eventos, informa\u00e7\u00f5es e dicas na cidade de Piracicaba e regi\u00e3o\" \/>\n\t\t<meta property=\"og:type\" content=\"article\" \/>\n\t\t<meta property=\"og:title\" content=\"C\u00e2mara aplaude o Cena pelos 60 anos de funda\u00e7\u00e3o | Encontra Piracicaba\" \/>\n\t\t<meta property=\"og:url\" content=\"https:\/\/www.encontrapiracicaba.com.br\/sobre\/camara-aplaude-o-cena-pelos-60-anos-de-fundacao\/\" \/>\n\t\t<meta property=\"article:published_time\" content=\"2026-05-17T14:29:26+00:00\" \/>\n\t\t<meta property=\"article:modified_time\" content=\"2026-05-17T14:29:26+00:00\" \/>\n\t\t<meta name=\"twitter:card\" content=\"summary\" \/>\n\t\t<meta name=\"twitter:title\" content=\"C\u00e2mara aplaude o Cena pelos 60 anos de funda\u00e7\u00e3o | Encontra Piracicaba\" \/>\n\t\t<script type=\"application\/ld+json\" class=\"aioseo-schema\">\n\t\t\t{\"@context\":\"https:\\\/\\\/schema.org\",\"@graph\":[{\"@type\":\"Article\",\"@id\":\"https:\\\/\\\/www.encontrapiracicaba.com.br\\\/sobre\\\/camara-aplaude-o-cena-pelos-60-anos-de-fundacao\\\/#article\",\"name\":\"C\\u00e2mara aplaude o Cena pelos 60 anos de funda\\u00e7\\u00e3o | Encontra Piracicaba\",\"headline\":\"C\\u00e2mara aplaude o Cena pelos 60 anos de funda\\u00e7\\u00e3o\",\"author\":{\"@id\":\"https:\\\/\\\/www.encontrapiracicaba.com.br\\\/sobre\\\/author\\\/epiracicaba\\\/#author\"},\"publisher\":{\"@id\":\"https:\\\/\\\/www.encontrapiracicaba.com.br\\\/sobre\\\/#organization\"},\"image\":{\"@type\":\"ImageObject\",\"url\":\"https:\\\/\\\/www.encontrapiracicaba.com.br\\\/sobre\\\/wp-content\\\/uploads\\\/camara-aplaude-o-cena-pelos-60-anos-de-fundacao.webp\",\"width\":280,\"height\":280,\"caption\":\"C\\u00e2mara aplaude o Cena pelos 60 anos de funda\\u00e7\\u00e3o\"},\"datePublished\":\"2026-05-17T11:29:26-03:00\",\"dateModified\":\"2026-05-17T11:29:26-03:00\",\"inLanguage\":\"pt-BR\",\"mainEntityOfPage\":{\"@id\":\"https:\\\/\\\/www.encontrapiracicaba.com.br\\\/sobre\\\/camara-aplaude-o-cena-pelos-60-anos-de-fundacao\\\/#webpage\"},\"isPartOf\":{\"@id\":\"https:\\\/\\\/www.encontrapiracicaba.com.br\\\/sobre\\\/camara-aplaude-o-cena-pelos-60-anos-de-fundacao\\\/#webpage\"},\"articleSection\":\"Not\\u00edcias Piracicaba\"},{\"@type\":\"BreadcrumbList\",\"@id\":\"https:\\\/\\\/www.encontrapiracicaba.com.br\\\/sobre\\\/camara-aplaude-o-cena-pelos-60-anos-de-fundacao\\\/#breadcrumblist\",\"itemListElement\":[{\"@type\":\"ListItem\",\"@id\":\"https:\\\/\\\/www.encontrapiracicaba.com.br\\\/sobre#listItem\",\"position\":1,\"name\":\"In\\u00edcio\",\"item\":\"https:\\\/\\\/www.encontrapiracicaba.com.br\\\/sobre\",\"nextItem\":{\"@type\":\"ListItem\",\"@id\":\"https:\\\/\\\/www.encontrapiracicaba.com.br\\\/sobre\\\/noticias-em-piracicaba\\\/#listItem\",\"name\":\"Not\\u00edcias Piracicaba\"}},{\"@type\":\"ListItem\",\"@id\":\"https:\\\/\\\/www.encontrapiracicaba.com.br\\\/sobre\\\/noticias-em-piracicaba\\\/#listItem\",\"position\":2,\"name\":\"Not\\u00edcias Piracicaba\",\"item\":\"https:\\\/\\\/www.encontrapiracicaba.com.br\\\/sobre\\\/noticias-em-piracicaba\\\/\",\"nextItem\":{\"@type\":\"ListItem\",\"@id\":\"https:\\\/\\\/www.encontrapiracicaba.com.br\\\/sobre\\\/camara-aplaude-o-cena-pelos-60-anos-de-fundacao\\\/#listItem\",\"name\":\"C\\u00e2mara aplaude o Cena pelos 60 anos de funda\\u00e7\\u00e3o\"},\"previousItem\":{\"@type\":\"ListItem\",\"@id\":\"https:\\\/\\\/www.encontrapiracicaba.com.br\\\/sobre#listItem\",\"name\":\"In\\u00edcio\"}},{\"@type\":\"ListItem\",\"@id\":\"https:\\\/\\\/www.encontrapiracicaba.com.br\\\/sobre\\\/camara-aplaude-o-cena-pelos-60-anos-de-fundacao\\\/#listItem\",\"position\":3,\"name\":\"C\\u00e2mara aplaude o Cena pelos 60 anos de funda\\u00e7\\u00e3o\",\"previousItem\":{\"@type\":\"ListItem\",\"@id\":\"https:\\\/\\\/www.encontrapiracicaba.com.br\\\/sobre\\\/noticias-em-piracicaba\\\/#listItem\",\"name\":\"Not\\u00edcias Piracicaba\"}}]},{\"@type\":\"Organization\",\"@id\":\"https:\\\/\\\/www.encontrapiracicaba.com.br\\\/sobre\\\/#organization\",\"name\":\"Encontra Piracicaba\",\"description\":\"Not\\u00edcias, eventos, informa\\u00e7\\u00f5es e dicas na cidade de Piracicaba e regi\\u00e3o\",\"url\":\"https:\\\/\\\/www.encontrapiracicaba.com.br\\\/sobre\\\/\"},{\"@type\":\"Person\",\"@id\":\"https:\\\/\\\/www.encontrapiracicaba.com.br\\\/sobre\\\/author\\\/epiracicaba\\\/#author\",\"url\":\"https:\\\/\\\/www.encontrapiracicaba.com.br\\\/sobre\\\/author\\\/epiracicaba\\\/\",\"name\":\"Encontra Piracicaba\",\"image\":{\"@type\":\"ImageObject\",\"@id\":\"https:\\\/\\\/www.encontrapiracicaba.com.br\\\/sobre\\\/camara-aplaude-o-cena-pelos-60-anos-de-fundacao\\\/#authorImage\",\"url\":\"https:\\\/\\\/secure.gravatar.com\\\/avatar\\\/507340682b8270222e1f208e23198b6ae7e2c6a1033ae84e99bc6bce4f82a387?s=96&d=mm&r=g\",\"width\":96,\"height\":96,\"caption\":\"Encontra Piracicaba\"}},{\"@type\":\"WebPage\",\"@id\":\"https:\\\/\\\/www.encontrapiracicaba.com.br\\\/sobre\\\/camara-aplaude-o-cena-pelos-60-anos-de-fundacao\\\/#webpage\",\"url\":\"https:\\\/\\\/www.encontrapiracicaba.com.br\\\/sobre\\\/camara-aplaude-o-cena-pelos-60-anos-de-fundacao\\\/\",\"name\":\"C\\u00e2mara aplaude o Cena pelos 60 anos de funda\\u00e7\\u00e3o | Encontra Piracicaba\",\"inLanguage\":\"pt-BR\",\"isPartOf\":{\"@id\":\"https:\\\/\\\/www.encontrapiracicaba.com.br\\\/sobre\\\/#website\"},\"breadcrumb\":{\"@id\":\"https:\\\/\\\/www.encontrapiracicaba.com.br\\\/sobre\\\/camara-aplaude-o-cena-pelos-60-anos-de-fundacao\\\/#breadcrumblist\"},\"author\":{\"@id\":\"https:\\\/\\\/www.encontrapiracicaba.com.br\\\/sobre\\\/author\\\/epiracicaba\\\/#author\"},\"creator\":{\"@id\":\"https:\\\/\\\/www.encontrapiracicaba.com.br\\\/sobre\\\/author\\\/epiracicaba\\\/#author\"},\"image\":{\"@type\":\"ImageObject\",\"url\":\"https:\\\/\\\/www.encontrapiracicaba.com.br\\\/sobre\\\/wp-content\\\/uploads\\\/camara-aplaude-o-cena-pelos-60-anos-de-fundacao.webp\",\"@id\":\"https:\\\/\\\/www.encontrapiracicaba.com.br\\\/sobre\\\/camara-aplaude-o-cena-pelos-60-anos-de-fundacao\\\/#mainImage\",\"width\":280,\"height\":280,\"caption\":\"C\\u00e2mara aplaude o Cena pelos 60 anos de funda\\u00e7\\u00e3o\"},\"primaryImageOfPage\":{\"@id\":\"https:\\\/\\\/www.encontrapiracicaba.com.br\\\/sobre\\\/camara-aplaude-o-cena-pelos-60-anos-de-fundacao\\\/#mainImage\"},\"datePublished\":\"2026-05-17T11:29:26-03:00\",\"dateModified\":\"2026-05-17T11:29:26-03:00\"},{\"@type\":\"WebSite\",\"@id\":\"https:\\\/\\\/www.encontrapiracicaba.com.br\\\/sobre\\\/#website\",\"url\":\"https:\\\/\\\/www.encontrapiracicaba.com.br\\\/sobre\\\/\",\"name\":\"Encontra Piracicaba\",\"description\":\"Not\\u00edcias, eventos, informa\\u00e7\\u00f5es e dicas na cidade de Piracicaba e regi\\u00e3o\",\"inLanguage\":\"pt-BR\",\"publisher\":{\"@id\":\"https:\\\/\\\/www.encontrapiracicaba.com.br\\\/sobre\\\/#organization\"}}]}\n\t\t<\/script>\n\t\t<!-- All in One SEO -->\n\n","aioseo_head_json":{"title":"C\u00e2mara aplaude o Cena pelos 60 anos de funda\u00e7\u00e3o | Encontra Piracicaba","description":"","canonical_url":"https:\/\/www.encontrapiracicaba.com.br\/sobre\/camara-aplaude-o-cena-pelos-60-anos-de-fundacao\/","robots":"max-image-preview:large","keywords":"","webmasterTools":{"miscellaneous":""},"schema":{"@context":"https:\/\/schema.org","@graph":[{"@type":"Article","@id":"https:\/\/www.encontrapiracicaba.com.br\/sobre\/camara-aplaude-o-cena-pelos-60-anos-de-fundacao\/#article","name":"C\u00e2mara aplaude o Cena pelos 60 anos de funda\u00e7\u00e3o | Encontra Piracicaba","headline":"C\u00e2mara aplaude o Cena pelos 60 anos de funda\u00e7\u00e3o","author":{"@id":"https:\/\/www.encontrapiracicaba.com.br\/sobre\/author\/epiracicaba\/#author"},"publisher":{"@id":"https:\/\/www.encontrapiracicaba.com.br\/sobre\/#organization"},"image":{"@type":"ImageObject","url":"https:\/\/www.encontrapiracicaba.com.br\/sobre\/wp-content\/uploads\/camara-aplaude-o-cena-pelos-60-anos-de-fundacao.webp","width":280,"height":280,"caption":"C\u00e2mara aplaude o Cena pelos 60 anos de funda\u00e7\u00e3o"},"datePublished":"2026-05-17T11:29:26-03:00","dateModified":"2026-05-17T11:29:26-03:00","inLanguage":"pt-BR","mainEntityOfPage":{"@id":"https:\/\/www.encontrapiracicaba.com.br\/sobre\/camara-aplaude-o-cena-pelos-60-anos-de-fundacao\/#webpage"},"isPartOf":{"@id":"https:\/\/www.encontrapiracicaba.com.br\/sobre\/camara-aplaude-o-cena-pelos-60-anos-de-fundacao\/#webpage"},"articleSection":"Not\u00edcias Piracicaba"},{"@type":"BreadcrumbList","@id":"https:\/\/www.encontrapiracicaba.com.br\/sobre\/camara-aplaude-o-cena-pelos-60-anos-de-fundacao\/#breadcrumblist","itemListElement":[{"@type":"ListItem","@id":"https:\/\/www.encontrapiracicaba.com.br\/sobre#listItem","position":1,"name":"In\u00edcio","item":"https:\/\/www.encontrapiracicaba.com.br\/sobre","nextItem":{"@type":"ListItem","@id":"https:\/\/www.encontrapiracicaba.com.br\/sobre\/noticias-em-piracicaba\/#listItem","name":"Not\u00edcias Piracicaba"}},{"@type":"ListItem","@id":"https:\/\/www.encontrapiracicaba.com.br\/sobre\/noticias-em-piracicaba\/#listItem","position":2,"name":"Not\u00edcias Piracicaba","item":"https:\/\/www.encontrapiracicaba.com.br\/sobre\/noticias-em-piracicaba\/","nextItem":{"@type":"ListItem","@id":"https:\/\/www.encontrapiracicaba.com.br\/sobre\/camara-aplaude-o-cena-pelos-60-anos-de-fundacao\/#listItem","name":"C\u00e2mara aplaude o Cena pelos 60 anos de funda\u00e7\u00e3o"},"previousItem":{"@type":"ListItem","@id":"https:\/\/www.encontrapiracicaba.com.br\/sobre#listItem","name":"In\u00edcio"}},{"@type":"ListItem","@id":"https:\/\/www.encontrapiracicaba.com.br\/sobre\/camara-aplaude-o-cena-pelos-60-anos-de-fundacao\/#listItem","position":3,"name":"C\u00e2mara aplaude o Cena pelos 60 anos de funda\u00e7\u00e3o","previousItem":{"@type":"ListItem","@id":"https:\/\/www.encontrapiracicaba.com.br\/sobre\/noticias-em-piracicaba\/#listItem","name":"Not\u00edcias Piracicaba"}}]},{"@type":"Organization","@id":"https:\/\/www.encontrapiracicaba.com.br\/sobre\/#organization","name":"Encontra Piracicaba","description":"Not\u00edcias, eventos, informa\u00e7\u00f5es e dicas na cidade de Piracicaba e regi\u00e3o","url":"https:\/\/www.encontrapiracicaba.com.br\/sobre\/"},{"@type":"Person","@id":"https:\/\/www.encontrapiracicaba.com.br\/sobre\/author\/epiracicaba\/#author","url":"https:\/\/www.encontrapiracicaba.com.br\/sobre\/author\/epiracicaba\/","name":"Encontra Piracicaba","image":{"@type":"ImageObject","@id":"https:\/\/www.encontrapiracicaba.com.br\/sobre\/camara-aplaude-o-cena-pelos-60-anos-de-fundacao\/#authorImage","url":"https:\/\/secure.gravatar.com\/avatar\/507340682b8270222e1f208e23198b6ae7e2c6a1033ae84e99bc6bce4f82a387?s=96&d=mm&r=g","width":96,"height":96,"caption":"Encontra Piracicaba"}},{"@type":"WebPage","@id":"https:\/\/www.encontrapiracicaba.com.br\/sobre\/camara-aplaude-o-cena-pelos-60-anos-de-fundacao\/#webpage","url":"https:\/\/www.encontrapiracicaba.com.br\/sobre\/camara-aplaude-o-cena-pelos-60-anos-de-fundacao\/","name":"C\u00e2mara aplaude o Cena pelos 60 anos de funda\u00e7\u00e3o | Encontra Piracicaba","inLanguage":"pt-BR","isPartOf":{"@id":"https:\/\/www.encontrapiracicaba.com.br\/sobre\/#website"},"breadcrumb":{"@id":"https:\/\/www.encontrapiracicaba.com.br\/sobre\/camara-aplaude-o-cena-pelos-60-anos-de-fundacao\/#breadcrumblist"},"author":{"@id":"https:\/\/www.encontrapiracicaba.com.br\/sobre\/author\/epiracicaba\/#author"},"creator":{"@id":"https:\/\/www.encontrapiracicaba.com.br\/sobre\/author\/epiracicaba\/#author"},"image":{"@type":"ImageObject","url":"https:\/\/www.encontrapiracicaba.com.br\/sobre\/wp-content\/uploads\/camara-aplaude-o-cena-pelos-60-anos-de-fundacao.webp","@id":"https:\/\/www.encontrapiracicaba.com.br\/sobre\/camara-aplaude-o-cena-pelos-60-anos-de-fundacao\/#mainImage","width":280,"height":280,"caption":"C\u00e2mara aplaude o Cena pelos 60 anos de funda\u00e7\u00e3o"},"primaryImageOfPage":{"@id":"https:\/\/www.encontrapiracicaba.com.br\/sobre\/camara-aplaude-o-cena-pelos-60-anos-de-fundacao\/#mainImage"},"datePublished":"2026-05-17T11:29:26-03:00","dateModified":"2026-05-17T11:29:26-03:00"},{"@type":"WebSite","@id":"https:\/\/www.encontrapiracicaba.com.br\/sobre\/#website","url":"https:\/\/www.encontrapiracicaba.com.br\/sobre\/","name":"Encontra Piracicaba","description":"Not\u00edcias, eventos, informa\u00e7\u00f5es e dicas na cidade de Piracicaba e regi\u00e3o","inLanguage":"pt-BR","publisher":{"@id":"https:\/\/www.encontrapiracicaba.com.br\/sobre\/#organization"}}]},"og:locale":"pt_BR","og:site_name":"Encontra Piracicaba | Not\u00edcias, eventos, informa\u00e7\u00f5es e dicas na cidade de Piracicaba e regi\u00e3o","og:type":"article","og:title":"C\u00e2mara aplaude o Cena pelos 60 anos de funda\u00e7\u00e3o | Encontra Piracicaba","og:url":"https:\/\/www.encontrapiracicaba.com.br\/sobre\/camara-aplaude-o-cena-pelos-60-anos-de-fundacao\/","article:published_time":"2026-05-17T14:29:26+00:00","article:modified_time":"2026-05-17T14:29:26+00:00","twitter:card":"summary","twitter:title":"C\u00e2mara aplaude o Cena pelos 60 anos de funda\u00e7\u00e3o | Encontra Piracicaba"},"aioseo_meta_data":{"post_id":"4578","title":null,"description":null,"keywords":null,"keyphrases":null,"primary_term":null,"canonical_url":null,"og_title":null,"og_description":null,"og_object_type":"default","og_image_type":"default","og_image_url":null,"og_image_width":null,"og_image_height":null,"og_image_custom_url":null,"og_image_custom_fields":null,"og_video":null,"og_custom_url":null,"og_article_section":null,"og_article_tags":null,"twitter_use_og":false,"twitter_card":"default","twitter_image_type":"default","twitter_image_url":null,"twitter_image_custom_url":null,"twitter_image_custom_fields":null,"twitter_title":null,"twitter_description":null,"schema":{"blockGraphs":[],"customGraphs":[],"default":{"data":{"Article":[],"Course":[],"Dataset":[],"FAQPage":[],"Movie":[],"Person":[],"Product":[],"ProductReview":[],"Car":[],"Recipe":[],"Service":[],"SoftwareApplication":[],"WebPage":[]},"graphName":"Article","isEnabled":true},"graphs":[]},"schema_type":"default","schema_type_options":null,"pillar_content":false,"robots_default":true,"robots_noindex":false,"robots_noarchive":false,"robots_nosnippet":false,"robots_nofollow":false,"robots_noimageindex":false,"robots_noodp":false,"robots_notranslate":false,"robots_max_snippet":null,"robots_max_videopreview":null,"robots_max_imagepreview":"large","priority":null,"frequency":null,"local_seo":null,"breadcrumb_settings":null,"limit_modified_date":false,"ai":null,"created":"2026-05-17 14:29:31","updated":"2026-05-17 14:36:08","focus_keyword":null,"additional_keywords":null,"truseo_locale":null,"seo_analyzer_scan_date":null},"aioseo_breadcrumb":"<div class=\"aioseo-breadcrumbs\"><span class=\"aioseo-breadcrumb\">\n\t\t\t<a href=\"https:\/\/www.encontrapiracicaba.com.br\/sobre\" title=\"In\u00edcio\">In\u00edcio<\/a>\n\t\t<\/span><span class=\"aioseo-breadcrumb-separator\">&raquo;<\/span><span class=\"aioseo-breadcrumb\">\n\t\t\t<a href=\"https:\/\/www.encontrapiracicaba.com.br\/sobre\/noticias-em-piracicaba\/\" title=\"Not\u00edcias Piracicaba\">Not\u00edcias Piracicaba<\/a>\n\t\t<\/span><span class=\"aioseo-breadcrumb-separator\">&raquo;<\/span><span class=\"aioseo-breadcrumb\">\n\t\t\tC\u00e2mara aplaude o Cena pelos 60 anos de funda\u00e7\u00e3o\n\t\t<\/span><\/div>","aioseo_breadcrumb_json":[{"label":"In\u00edcio","link":"https:\/\/www.encontrapiracicaba.com.br\/sobre"},{"label":"Not\u00edcias Piracicaba","link":"https:\/\/www.encontrapiracicaba.com.br\/sobre\/noticias-em-piracicaba\/"},{"label":"C\u00e2mara aplaude o Cena pelos 60 anos de funda\u00e7\u00e3o","link":"https:\/\/www.encontrapiracicaba.com.br\/sobre\/camara-aplaude-o-cena-pelos-60-anos-de-fundacao\/"}],"_links":{"self":[{"href":"https:\/\/www.encontrapiracicaba.com.br\/sobre\/wp-json\/wp\/v2\/posts\/4578","targetHints":{"allow":["GET"]}}],"collection":[{"href":"https:\/\/www.encontrapiracicaba.com.br\/sobre\/wp-json\/wp\/v2\/posts"}],"about":[{"href":"https:\/\/www.encontrapiracicaba.com.br\/sobre\/wp-json\/wp\/v2\/types\/post"}],"author":[{"embeddable":true,"href":"https:\/\/www.encontrapiracicaba.com.br\/sobre\/wp-json\/wp\/v2\/users\/1"}],"replies":[{"embeddable":true,"href":"https:\/\/www.encontrapiracicaba.com.br\/sobre\/wp-json\/wp\/v2\/comments?post=4578"}],"version-history":[{"count":0,"href":"https:\/\/www.encontrapiracicaba.com.br\/sobre\/wp-json\/wp\/v2\/posts\/4578\/revisions"}],"wp:featuredmedia":[{"embeddable":true,"href":"https:\/\/www.encontrapiracicaba.com.br\/sobre\/wp-json\/wp\/v2\/media\/4577"}],"wp:attachment":[{"href":"https:\/\/www.encontrapiracicaba.com.br\/sobre\/wp-json\/wp\/v2\/media?parent=4578"}],"wp:term":[{"taxonomy":"category","embeddable":true,"href":"https:\/\/www.encontrapiracicaba.com.br\/sobre\/wp-json\/wp\/v2\/categories?post=4578"},{"taxonomy":"post_tag","embeddable":true,"href":"https:\/\/www.encontrapiracicaba.com.br\/sobre\/wp-json\/wp\/v2\/tags?post=4578"}],"curies":[{"name":"wp","href":"https:\/\/api.w.org\/{rel}","templated":true}]}}