{"id":4588,"date":"2026-05-20T10:54:07","date_gmt":"2026-05-20T13:54:07","guid":{"rendered":"https:\/\/www.encontrapiracicaba.com.br\/sobre\/71o-salao-de-belas-artes-de-piracicaba-abre-inscricoes\/"},"modified":"2026-05-20T10:54:07","modified_gmt":"2026-05-20T13:54:07","slug":"71o-salao-de-belas-artes-de-piracicaba-abre-inscricoes","status":"publish","type":"post","link":"https:\/\/www.encontrapiracicaba.com.br\/sobre\/71o-salao-de-belas-artes-de-piracicaba-abre-inscricoes\/","title":{"rendered":"71\u00ba Sal\u00e3o de Belas Artes de Piracicaba abre inscri\u00e7\u00f5es"},"content":{"rendered":"<div class=\"85df007ed5c0c4d4b453fd13a37855e8\" data-index=\"1\" style=\"float: none; margin:0px;\">\n<!-- Anuncio display - global -->\r\n<ins class=\"adsbygoogle\"\r\n     style=\"display:block\"\r\n     data-ad-client=\"ca-pub-8585364105181520\"\r\n     data-ad-slot=\"8789329856\"\r\n     data-ad-format=\"auto\"\r\n     data-full-width-responsive=\"true\"><\/ins>\r\n<script>\r\n     (adsbygoogle = window.adsbygoogle || []).push({});\r\n<\/script>\n<\/div>\n<h2>O que \u00e9 o Sal\u00e3o de Belas Artes de Piracicaba?<\/h2>\n<p>O Sal\u00e3o de Belas Artes de Piracicaba, conhecido como SBA, \u00e9 um evento cultural significativo na cidade de Piracicaba, que visa promover e valorizar a arte local e a diversidade cultural. Este sal\u00e3o \u00e9 uma plataforma onde artistas podem expor suas cria\u00e7\u00f5es e interagir com o p\u00fablico, proporcionando uma experi\u00eancia rica e enriquecedora. A iniciativa \u00e9 promovida pela Prefeitura Municipal de Piracicaba, atrav\u00e9s da Secretaria Municipal de Cultura, tendo se estabelecido como uma tradi\u00e7\u00e3o na cena art\u00edstica da regi\u00e3o.<\/p>\n<h2>Como participar do evento<\/h2>\n<p>A participa\u00e7\u00e3o no Sal\u00e3o de Belas Artes \u00e9 uma oportunidade valiosa para os artistas. Os interessados em se inscrever devem atentar-se \u00e0s diretrizes e regulamentos estabelecidos. O processo de inscri\u00e7\u00e3o \u00e9 feito atrav\u00e9s de um formul\u00e1rio dispon\u00edvel no site oficial do evento, onde os artistas devem preencher informa\u00e7\u00f5es sobre suas obras e seus dados pessoais. \u00c9 essencial que as obras inscritas estejam dentro das categorias espec\u00edficas estipuladas pela organiza\u00e7\u00e3o.<\/p>\n<h2>Categorias de participa\u00e7\u00e3o no sal\u00e3o<\/h2>\n<p>Os artistas t\u00eam a oportunidade de participar nas seguintes categorias:<\/p>\n<p><img decoding=\"async\" src=\"https:\/\/www.encontrapiracicaba.com.br\/sobre\/wp-content\/uploads\/71-salao-de-belas-artes-de-piracicaba-abre-inscricoes.webp\" alt=\"Sal\u00e3o de Belas Artes de Piracicaba\" loading=\"lazy\" \/><\/p>\n<ul>\n<li><strong>Pintura:<\/strong> Obras que utilizam t\u00e9cnicas de pintura, em diversas superf\u00edcies e estilos.<\/li>\n<li><strong>Escultura:<\/strong> Pe\u00e7as tridimensionais que podem ser feitas de uma variedade de materiais.<\/li>\n<li><strong>Desenho:<\/strong> Cria\u00e7\u00f5es que se baseiam em t\u00e9cnicas de desenho, abrangendo tra\u00e7os, sombreamentos e habilidades art\u00edsticas.<\/li>\n<\/ul>\n<p>A cada artista \u00e9 permitido inscrever de tr\u00eas a cinco obras por categoria, o que permite uma boa representa\u00e7\u00e3o de seu trabalho.<\/p>\n<h2>Requisitos para inscri\u00e7\u00e3o<\/h2>\n<p>Para que as inscri\u00e7\u00f5es sejam consideradas v\u00e1lidas, as obras devem atender a diversos crit\u00e9rios:<\/p>\n<ul>\n<li>As obras precisam ser originais e de autoria do artista, assegurando a autenticidade do trabalho.<\/li>\n<li>Devem ser in\u00e9ditas, ou seja, n\u00e3o podem ter sido exibidas em edi\u00e7\u00f5es anteriores de outros sal\u00f5es.<\/li>\n<li>As pe\u00e7as precisam estar adequadamente assinadas e datadas.<\/li>\n<li>O tamanho m\u00e1ximo permitido para as obras, incluindo molduras e suportes, \u00e9 de 200 cent\u00edmetros de altura.<\/li>\n<\/ul>\n<p>Os artistas tamb\u00e9m devem preencher formul\u00e1rios distintos para cada categoria que desejam participar.<\/p>\n<h2>Pr\u00eamios dispon\u00edveis nesta edi\u00e7\u00e3o<\/h2>\n<p>O Sal\u00e3o de Belas Artes de Piracicaba tem uma s\u00e9rie de pr\u00eamios atrativos, que incentivam e reconhecem o talento dos participantes. Os pr\u00eamios nesta edi\u00e7\u00e3o incluem:<\/p>\n<ul>\n<li><strong>Pr\u00eamio Aquisitivo da Prefeitura Municipal:<\/strong> Um total de R$ 41.640, que ser\u00e1 distribu\u00eddo entre os destaques das obras.<\/li>\n<li><strong>Pr\u00eamio Aquisitivo da C\u00e2mara Municipal:<\/strong> Um valor de R$ 23.888,41 tamb\u00e9m destinado a obras selecionadas.<\/li>\n<li><strong>Medalhas:<\/strong> Ser\u00e3o concedidas medalhas de ouro, prata e bronze, al\u00e9m de men\u00e7\u00f5es honrosas, para reconhecer a qualidade das cria\u00e7\u00f5es.<\/li>\n<\/ul>\n<p>A sele\u00e7\u00e3o ser\u00e1 realizada por uma comiss\u00e3o de especialistas em artes visuais, garantindo um julgamento justo e adequado.<\/p>\n<h2>Import\u00e2ncia do sal\u00e3o para a cultura local<\/h2>\n<p>O Sal\u00e3o de Belas Artes \u00e9 mais do que uma simples exposi\u00e7\u00e3o; ele serve como um ponto de converg\u00eancia para artistas e amantes da arte. De acordo com Carlos Beltrame, secret\u00e1rio municipal de Cultura, o sal\u00e3o desempenha um papel crucial na promo\u00e7\u00e3o da produ\u00e7\u00e3o art\u00edstica e na aproxima\u00e7\u00e3o da comunidade \u00e0s artes visuais. &#8220;Esse espa\u00e7o representa um esfor\u00e7o para valorizar os criadores locais e manter viva uma tradi\u00e7\u00e3o cultural que \u00e9 parte essencial da hist\u00f3ria de Piracicaba,&#8221; afirmou Beltrame.<\/p>\n<h2>Datas importantes para os participantes<\/h2>\n<p>A participa\u00e7\u00e3o no Sal\u00e3o de Belas Artes de Piracicaba requer aten\u00e7\u00e3o \u00e0s datas e prazos estabelecidos. As principais datas a serem observadas incluem:<\/p>\n<ul>\n<li><strong>Abertura das inscri\u00e7\u00f5es:<\/strong> 15 de maio<\/li>\n<li><strong>Encerramento das inscri\u00e7\u00f5es:<\/strong> 15 de junho<\/li>\n<li><strong>Inaugura\u00e7\u00e3o do evento:<\/strong> 31 de julho<\/li>\n<\/ul>\n<p>Essas datas s\u00e3o essenciais para que os artistas possam se organizar e garantir sua presen\u00e7a no evento.<\/p>\n<h2>Como se preparar para a exposi\u00e7\u00e3o<\/h2>\n<p>Preparar-se para expor em um evento como o SBA envolve v\u00e1rias etapas:<\/p>\n<ul>\n<li><strong>Selecionar suas melhores obras:<\/strong> Escolha aquelas que melhor representam seu estilo e t\u00e9cnica.<\/li>\n<li><strong>Finalizar as obras:<\/strong> Certifique-se de que suas pe\u00e7as est\u00e3o conclu\u00eddas, assinadas e prontas para exibi\u00e7\u00e3o.<\/li>\n<li><strong>Organizar a log\u00edstica:<\/strong> Pense sobre como levar suas obras at\u00e9 o local da exposi\u00e7\u00e3o e como ser\u00e1 a montagem.<\/li>\n<li><strong>Divulgar sua participa\u00e7\u00e3o:<\/strong> Utilize suas redes sociais e contatos para informar amigos e familiares sobre sua exposi\u00e7\u00e3o.<\/li>\n<\/ul>\n<p>A prepara\u00e7\u00e3o adequada pode impactar significativamente a experi\u00eancia do artista e da audi\u00eancia.<\/p>\n<h2>Comiss\u00e3o organizadora e suas fun\u00e7\u00f5es<\/h2>\n<p>A comiss\u00e3o organizadora do Sal\u00e3o de Belas Artes \u00e9 composta por profissionais e especialistas reconhecidos na \u00e1rea das artes visuais. Entre eles est\u00e3o:<\/p>\n<ul>\n<li>Odair Demarchi<\/li>\n<li>Renan Nakano<\/li>\n<li>Roberto Kaihara<\/li>\n<li>\u00c9lide Fernanda Almeida Leite Guimar\u00e3es<\/li>\n<li>Fernando Cruz<\/li>\n<\/ul>\n<p>Esses integrantes s\u00e3o respons\u00e1veis pela an\u00e1lise das obras inscritas, sele\u00e7\u00e3o dos vencedores e por garantir que o evento transcorra com qualidade e profissionalismo.<\/p>\n<h2>Informa\u00e7\u00f5es de contato e regulamento<\/h2>\n<p>Para obter mais detalhes sobre o Sal\u00e3o de Belas Artes de Piracicaba, assim como acessar o regulamento e a ficha de inscri\u00e7\u00e3o, os interessados podem visitar o site oficial do evento:<\/p>\n<p><strong><a href=\"http:\/\/pinacoteca.piracicaba.sp.gov.br\">pinacoteca.piracicaba.sp.gov.br<\/a><\/strong><\/p>\n<p>Adicionalmente, para esclarecer d\u00favidas ou obter informa\u00e7\u00f5es espec\u00edficas, os artistas podem entrar em contato pelo telefone:<\/p>\n<p><strong>(19) 3412-3770<\/strong><\/p>\n<p>Essa comunica\u00e7\u00e3o \u00e9 vital para que todos os participantes possam se sentir seguros e bem informados acerca do evento e de suas possibilidades de participa\u00e7\u00e3o no mesmo.<\/p>\n\n<div style=\"font-size: 0px; height: 0px; line-height: 0px; margin: 0; padding: 0; clear: both;\"><\/div>","protected":false},"excerpt":{"rendered":"<p>71\u00ba Sal\u00e3o de Belas Artes de Piracicaba: Inscri\u00e7\u00f5es abertas!<\/p>\n","protected":false},"author":1,"featured_media":4587,"comment_status":"closed","ping_status":"closed","sticky":false,"template":"","format":"standard","meta":{"footnotes":""},"categories":[6],"tags":[],"class_list":["post-4588","post","type-post","status-publish","format-standard","has-post-thumbnail","hentry","category-noticias-em-piracicaba","has_thumb"],"aioseo_notices":[],"aioseo_head":"\n\t\t<!-- All in One SEO 5.0.0.1 - aioseo.com -->\n\t<meta name=\"robots\" content=\"max-image-preview:large\" \/>\n\t<meta name=\"author\" content=\"Encontra Piracicaba\"\/>\n\t<link rel=\"canonical\" href=\"https:\/\/www.encontrapiracicaba.com.br\/sobre\/71o-salao-de-belas-artes-de-piracicaba-abre-inscricoes\/\" \/>\n\t<meta name=\"generator\" content=\"All in One SEO (AIOSEO) 5.0.0.1\" \/>\n\t\t<meta property=\"og:locale\" content=\"pt_BR\" \/>\n\t\t<meta property=\"og:site_name\" content=\"Encontra Piracicaba | Not\u00edcias, eventos, informa\u00e7\u00f5es e dicas na cidade de Piracicaba e regi\u00e3o\" \/>\n\t\t<meta property=\"og:type\" content=\"article\" \/>\n\t\t<meta property=\"og:title\" content=\"71\u00ba Sal\u00e3o de Belas Artes de Piracicaba abre inscri\u00e7\u00f5es | Encontra Piracicaba\" \/>\n\t\t<meta property=\"og:url\" content=\"https:\/\/www.encontrapiracicaba.com.br\/sobre\/71o-salao-de-belas-artes-de-piracicaba-abre-inscricoes\/\" \/>\n\t\t<meta property=\"article:published_time\" content=\"2026-05-20T13:54:07+00:00\" \/>\n\t\t<meta property=\"article:modified_time\" content=\"2026-05-20T13:54:07+00:00\" \/>\n\t\t<meta name=\"twitter:card\" content=\"summary\" \/>\n\t\t<meta name=\"twitter:title\" content=\"71\u00ba Sal\u00e3o de Belas Artes de Piracicaba abre inscri\u00e7\u00f5es | Encontra Piracicaba\" \/>\n\t\t<script type=\"application\/ld+json\" class=\"aioseo-schema\">\n\t\t\t{\"@context\":\"https:\\\/\\\/schema.org\",\"@graph\":[{\"@type\":\"Article\",\"@id\":\"https:\\\/\\\/www.encontrapiracicaba.com.br\\\/sobre\\\/71o-salao-de-belas-artes-de-piracicaba-abre-inscricoes\\\/#article\",\"name\":\"71\\u00ba Sal\\u00e3o de Belas Artes de Piracicaba abre inscri\\u00e7\\u00f5es | Encontra Piracicaba\",\"headline\":\"71\\u00ba Sal\\u00e3o de Belas Artes de Piracicaba abre inscri\\u00e7\\u00f5es\",\"author\":{\"@id\":\"https:\\\/\\\/www.encontrapiracicaba.com.br\\\/sobre\\\/author\\\/epiracicaba\\\/#author\"},\"publisher\":{\"@id\":\"https:\\\/\\\/www.encontrapiracicaba.com.br\\\/sobre\\\/#organization\"},\"image\":{\"@type\":\"ImageObject\",\"url\":\"https:\\\/\\\/www.encontrapiracicaba.com.br\\\/sobre\\\/wp-content\\\/uploads\\\/71-salao-de-belas-artes-de-piracicaba-abre-inscricoes.webp\",\"width\":280,\"height\":280,\"caption\":\"Sal\\u00e3o de Belas Artes de Piracicaba\"},\"datePublished\":\"2026-05-20T10:54:07-03:00\",\"dateModified\":\"2026-05-20T10:54:07-03:00\",\"inLanguage\":\"pt-BR\",\"mainEntityOfPage\":{\"@id\":\"https:\\\/\\\/www.encontrapiracicaba.com.br\\\/sobre\\\/71o-salao-de-belas-artes-de-piracicaba-abre-inscricoes\\\/#webpage\"},\"isPartOf\":{\"@id\":\"https:\\\/\\\/www.encontrapiracicaba.com.br\\\/sobre\\\/71o-salao-de-belas-artes-de-piracicaba-abre-inscricoes\\\/#webpage\"},\"articleSection\":\"Not\\u00edcias Piracicaba\"},{\"@type\":\"BreadcrumbList\",\"@id\":\"https:\\\/\\\/www.encontrapiracicaba.com.br\\\/sobre\\\/71o-salao-de-belas-artes-de-piracicaba-abre-inscricoes\\\/#breadcrumblist\",\"itemListElement\":[{\"@type\":\"ListItem\",\"@id\":\"https:\\\/\\\/www.encontrapiracicaba.com.br\\\/sobre#listItem\",\"position\":1,\"name\":\"In\\u00edcio\",\"item\":\"https:\\\/\\\/www.encontrapiracicaba.com.br\\\/sobre\",\"nextItem\":{\"@type\":\"ListItem\",\"@id\":\"https:\\\/\\\/www.encontrapiracicaba.com.br\\\/sobre\\\/noticias-em-piracicaba\\\/#listItem\",\"name\":\"Not\\u00edcias Piracicaba\"}},{\"@type\":\"ListItem\",\"@id\":\"https:\\\/\\\/www.encontrapiracicaba.com.br\\\/sobre\\\/noticias-em-piracicaba\\\/#listItem\",\"position\":2,\"name\":\"Not\\u00edcias Piracicaba\",\"item\":\"https:\\\/\\\/www.encontrapiracicaba.com.br\\\/sobre\\\/noticias-em-piracicaba\\\/\",\"nextItem\":{\"@type\":\"ListItem\",\"@id\":\"https:\\\/\\\/www.encontrapiracicaba.com.br\\\/sobre\\\/71o-salao-de-belas-artes-de-piracicaba-abre-inscricoes\\\/#listItem\",\"name\":\"71\\u00ba Sal\\u00e3o de Belas Artes de Piracicaba abre inscri\\u00e7\\u00f5es\"},\"previousItem\":{\"@type\":\"ListItem\",\"@id\":\"https:\\\/\\\/www.encontrapiracicaba.com.br\\\/sobre#listItem\",\"name\":\"In\\u00edcio\"}},{\"@type\":\"ListItem\",\"@id\":\"https:\\\/\\\/www.encontrapiracicaba.com.br\\\/sobre\\\/71o-salao-de-belas-artes-de-piracicaba-abre-inscricoes\\\/#listItem\",\"position\":3,\"name\":\"71\\u00ba Sal\\u00e3o de Belas Artes de Piracicaba abre inscri\\u00e7\\u00f5es\",\"previousItem\":{\"@type\":\"ListItem\",\"@id\":\"https:\\\/\\\/www.encontrapiracicaba.com.br\\\/sobre\\\/noticias-em-piracicaba\\\/#listItem\",\"name\":\"Not\\u00edcias Piracicaba\"}}]},{\"@type\":\"Organization\",\"@id\":\"https:\\\/\\\/www.encontrapiracicaba.com.br\\\/sobre\\\/#organization\",\"name\":\"Encontra Piracicaba\",\"description\":\"Not\\u00edcias, eventos, informa\\u00e7\\u00f5es e dicas na cidade de Piracicaba e regi\\u00e3o\",\"url\":\"https:\\\/\\\/www.encontrapiracicaba.com.br\\\/sobre\\\/\"},{\"@type\":\"Person\",\"@id\":\"https:\\\/\\\/www.encontrapiracicaba.com.br\\\/sobre\\\/author\\\/epiracicaba\\\/#author\",\"url\":\"https:\\\/\\\/www.encontrapiracicaba.com.br\\\/sobre\\\/author\\\/epiracicaba\\\/\",\"name\":\"Encontra Piracicaba\",\"image\":{\"@type\":\"ImageObject\",\"@id\":\"https:\\\/\\\/www.encontrapiracicaba.com.br\\\/sobre\\\/71o-salao-de-belas-artes-de-piracicaba-abre-inscricoes\\\/#authorImage\",\"url\":\"https:\\\/\\\/secure.gravatar.com\\\/avatar\\\/507340682b8270222e1f208e23198b6ae7e2c6a1033ae84e99bc6bce4f82a387?s=96&d=mm&r=g\",\"width\":96,\"height\":96,\"caption\":\"Encontra Piracicaba\"}},{\"@type\":\"WebPage\",\"@id\":\"https:\\\/\\\/www.encontrapiracicaba.com.br\\\/sobre\\\/71o-salao-de-belas-artes-de-piracicaba-abre-inscricoes\\\/#webpage\",\"url\":\"https:\\\/\\\/www.encontrapiracicaba.com.br\\\/sobre\\\/71o-salao-de-belas-artes-de-piracicaba-abre-inscricoes\\\/\",\"name\":\"71\\u00ba Sal\\u00e3o de Belas Artes de Piracicaba abre inscri\\u00e7\\u00f5es | Encontra Piracicaba\",\"inLanguage\":\"pt-BR\",\"isPartOf\":{\"@id\":\"https:\\\/\\\/www.encontrapiracicaba.com.br\\\/sobre\\\/#website\"},\"breadcrumb\":{\"@id\":\"https:\\\/\\\/www.encontrapiracicaba.com.br\\\/sobre\\\/71o-salao-de-belas-artes-de-piracicaba-abre-inscricoes\\\/#breadcrumblist\"},\"author\":{\"@id\":\"https:\\\/\\\/www.encontrapiracicaba.com.br\\\/sobre\\\/author\\\/epiracicaba\\\/#author\"},\"creator\":{\"@id\":\"https:\\\/\\\/www.encontrapiracicaba.com.br\\\/sobre\\\/author\\\/epiracicaba\\\/#author\"},\"image\":{\"@type\":\"ImageObject\",\"url\":\"https:\\\/\\\/www.encontrapiracicaba.com.br\\\/sobre\\\/wp-content\\\/uploads\\\/71-salao-de-belas-artes-de-piracicaba-abre-inscricoes.webp\",\"@id\":\"https:\\\/\\\/www.encontrapiracicaba.com.br\\\/sobre\\\/71o-salao-de-belas-artes-de-piracicaba-abre-inscricoes\\\/#mainImage\",\"width\":280,\"height\":280,\"caption\":\"Sal\\u00e3o de Belas Artes de Piracicaba\"},\"primaryImageOfPage\":{\"@id\":\"https:\\\/\\\/www.encontrapiracicaba.com.br\\\/sobre\\\/71o-salao-de-belas-artes-de-piracicaba-abre-inscricoes\\\/#mainImage\"},\"datePublished\":\"2026-05-20T10:54:07-03:00\",\"dateModified\":\"2026-05-20T10:54:07-03:00\"},{\"@type\":\"WebSite\",\"@id\":\"https:\\\/\\\/www.encontrapiracicaba.com.br\\\/sobre\\\/#website\",\"url\":\"https:\\\/\\\/www.encontrapiracicaba.com.br\\\/sobre\\\/\",\"name\":\"Encontra Piracicaba\",\"description\":\"Not\\u00edcias, eventos, informa\\u00e7\\u00f5es e dicas na cidade de Piracicaba e regi\\u00e3o\",\"inLanguage\":\"pt-BR\",\"publisher\":{\"@id\":\"https:\\\/\\\/www.encontrapiracicaba.com.br\\\/sobre\\\/#organization\"}}]}\n\t\t<\/script>\n\t\t<!-- All in One SEO -->\n\n","aioseo_head_json":{"title":"71\u00ba Sal\u00e3o de Belas Artes de Piracicaba abre inscri\u00e7\u00f5es | Encontra Piracicaba","description":"","canonical_url":"https:\/\/www.encontrapiracicaba.com.br\/sobre\/71o-salao-de-belas-artes-de-piracicaba-abre-inscricoes\/","robots":"max-image-preview:large","keywords":"","webmasterTools":{"miscellaneous":""},"schema":{"@context":"https:\/\/schema.org","@graph":[{"@type":"Article","@id":"https:\/\/www.encontrapiracicaba.com.br\/sobre\/71o-salao-de-belas-artes-de-piracicaba-abre-inscricoes\/#article","name":"71\u00ba Sal\u00e3o de Belas Artes de Piracicaba abre inscri\u00e7\u00f5es | Encontra Piracicaba","headline":"71\u00ba Sal\u00e3o de Belas Artes de Piracicaba abre inscri\u00e7\u00f5es","author":{"@id":"https:\/\/www.encontrapiracicaba.com.br\/sobre\/author\/epiracicaba\/#author"},"publisher":{"@id":"https:\/\/www.encontrapiracicaba.com.br\/sobre\/#organization"},"image":{"@type":"ImageObject","url":"https:\/\/www.encontrapiracicaba.com.br\/sobre\/wp-content\/uploads\/71-salao-de-belas-artes-de-piracicaba-abre-inscricoes.webp","width":280,"height":280,"caption":"Sal\u00e3o de Belas Artes de Piracicaba"},"datePublished":"2026-05-20T10:54:07-03:00","dateModified":"2026-05-20T10:54:07-03:00","inLanguage":"pt-BR","mainEntityOfPage":{"@id":"https:\/\/www.encontrapiracicaba.com.br\/sobre\/71o-salao-de-belas-artes-de-piracicaba-abre-inscricoes\/#webpage"},"isPartOf":{"@id":"https:\/\/www.encontrapiracicaba.com.br\/sobre\/71o-salao-de-belas-artes-de-piracicaba-abre-inscricoes\/#webpage"},"articleSection":"Not\u00edcias Piracicaba"},{"@type":"BreadcrumbList","@id":"https:\/\/www.encontrapiracicaba.com.br\/sobre\/71o-salao-de-belas-artes-de-piracicaba-abre-inscricoes\/#breadcrumblist","itemListElement":[{"@type":"ListItem","@id":"https:\/\/www.encontrapiracicaba.com.br\/sobre#listItem","position":1,"name":"In\u00edcio","item":"https:\/\/www.encontrapiracicaba.com.br\/sobre","nextItem":{"@type":"ListItem","@id":"https:\/\/www.encontrapiracicaba.com.br\/sobre\/noticias-em-piracicaba\/#listItem","name":"Not\u00edcias Piracicaba"}},{"@type":"ListItem","@id":"https:\/\/www.encontrapiracicaba.com.br\/sobre\/noticias-em-piracicaba\/#listItem","position":2,"name":"Not\u00edcias Piracicaba","item":"https:\/\/www.encontrapiracicaba.com.br\/sobre\/noticias-em-piracicaba\/","nextItem":{"@type":"ListItem","@id":"https:\/\/www.encontrapiracicaba.com.br\/sobre\/71o-salao-de-belas-artes-de-piracicaba-abre-inscricoes\/#listItem","name":"71\u00ba Sal\u00e3o de Belas Artes de Piracicaba abre inscri\u00e7\u00f5es"},"previousItem":{"@type":"ListItem","@id":"https:\/\/www.encontrapiracicaba.com.br\/sobre#listItem","name":"In\u00edcio"}},{"@type":"ListItem","@id":"https:\/\/www.encontrapiracicaba.com.br\/sobre\/71o-salao-de-belas-artes-de-piracicaba-abre-inscricoes\/#listItem","position":3,"name":"71\u00ba Sal\u00e3o de Belas Artes de Piracicaba abre inscri\u00e7\u00f5es","previousItem":{"@type":"ListItem","@id":"https:\/\/www.encontrapiracicaba.com.br\/sobre\/noticias-em-piracicaba\/#listItem","name":"Not\u00edcias Piracicaba"}}]},{"@type":"Organization","@id":"https:\/\/www.encontrapiracicaba.com.br\/sobre\/#organization","name":"Encontra Piracicaba","description":"Not\u00edcias, eventos, informa\u00e7\u00f5es e dicas na cidade de Piracicaba e regi\u00e3o","url":"https:\/\/www.encontrapiracicaba.com.br\/sobre\/"},{"@type":"Person","@id":"https:\/\/www.encontrapiracicaba.com.br\/sobre\/author\/epiracicaba\/#author","url":"https:\/\/www.encontrapiracicaba.com.br\/sobre\/author\/epiracicaba\/","name":"Encontra Piracicaba","image":{"@type":"ImageObject","@id":"https:\/\/www.encontrapiracicaba.com.br\/sobre\/71o-salao-de-belas-artes-de-piracicaba-abre-inscricoes\/#authorImage","url":"https:\/\/secure.gravatar.com\/avatar\/507340682b8270222e1f208e23198b6ae7e2c6a1033ae84e99bc6bce4f82a387?s=96&d=mm&r=g","width":96,"height":96,"caption":"Encontra Piracicaba"}},{"@type":"WebPage","@id":"https:\/\/www.encontrapiracicaba.com.br\/sobre\/71o-salao-de-belas-artes-de-piracicaba-abre-inscricoes\/#webpage","url":"https:\/\/www.encontrapiracicaba.com.br\/sobre\/71o-salao-de-belas-artes-de-piracicaba-abre-inscricoes\/","name":"71\u00ba Sal\u00e3o de Belas Artes de Piracicaba abre inscri\u00e7\u00f5es | Encontra Piracicaba","inLanguage":"pt-BR","isPartOf":{"@id":"https:\/\/www.encontrapiracicaba.com.br\/sobre\/#website"},"breadcrumb":{"@id":"https:\/\/www.encontrapiracicaba.com.br\/sobre\/71o-salao-de-belas-artes-de-piracicaba-abre-inscricoes\/#breadcrumblist"},"author":{"@id":"https:\/\/www.encontrapiracicaba.com.br\/sobre\/author\/epiracicaba\/#author"},"creator":{"@id":"https:\/\/www.encontrapiracicaba.com.br\/sobre\/author\/epiracicaba\/#author"},"image":{"@type":"ImageObject","url":"https:\/\/www.encontrapiracicaba.com.br\/sobre\/wp-content\/uploads\/71-salao-de-belas-artes-de-piracicaba-abre-inscricoes.webp","@id":"https:\/\/www.encontrapiracicaba.com.br\/sobre\/71o-salao-de-belas-artes-de-piracicaba-abre-inscricoes\/#mainImage","width":280,"height":280,"caption":"Sal\u00e3o de Belas Artes de Piracicaba"},"primaryImageOfPage":{"@id":"https:\/\/www.encontrapiracicaba.com.br\/sobre\/71o-salao-de-belas-artes-de-piracicaba-abre-inscricoes\/#mainImage"},"datePublished":"2026-05-20T10:54:07-03:00","dateModified":"2026-05-20T10:54:07-03:00"},{"@type":"WebSite","@id":"https:\/\/www.encontrapiracicaba.com.br\/sobre\/#website","url":"https:\/\/www.encontrapiracicaba.com.br\/sobre\/","name":"Encontra Piracicaba","description":"Not\u00edcias, eventos, informa\u00e7\u00f5es e dicas na cidade de Piracicaba e regi\u00e3o","inLanguage":"pt-BR","publisher":{"@id":"https:\/\/www.encontrapiracicaba.com.br\/sobre\/#organization"}}]},"og:locale":"pt_BR","og:site_name":"Encontra Piracicaba | Not\u00edcias, eventos, informa\u00e7\u00f5es e dicas na cidade de Piracicaba e regi\u00e3o","og:type":"article","og:title":"71\u00ba Sal\u00e3o de Belas Artes de Piracicaba abre inscri\u00e7\u00f5es | Encontra Piracicaba","og:url":"https:\/\/www.encontrapiracicaba.com.br\/sobre\/71o-salao-de-belas-artes-de-piracicaba-abre-inscricoes\/","article:published_time":"2026-05-20T13:54:07+00:00","article:modified_time":"2026-05-20T13:54:07+00:00","twitter:card":"summary","twitter:title":"71\u00ba Sal\u00e3o de Belas Artes de Piracicaba abre inscri\u00e7\u00f5es | Encontra Piracicaba"},"aioseo_meta_data":{"post_id":"4588","title":null,"description":null,"keywords":null,"keyphrases":null,"primary_term":null,"canonical_url":null,"og_title":null,"og_description":null,"og_object_type":"default","og_image_type":"default","og_image_url":null,"og_image_width":null,"og_image_height":null,"og_image_custom_url":null,"og_image_custom_fields":null,"og_video":null,"og_custom_url":null,"og_article_section":null,"og_article_tags":null,"twitter_use_og":false,"twitter_card":"default","twitter_image_type":"default","twitter_image_url":null,"twitter_image_custom_url":null,"twitter_image_custom_fields":null,"twitter_title":null,"twitter_description":null,"schema":{"blockGraphs":[],"customGraphs":[],"default":{"data":{"Article":[],"Course":[],"Dataset":[],"FAQPage":[],"Movie":[],"Person":[],"Product":[],"ProductReview":[],"Car":[],"Recipe":[],"Service":[],"SoftwareApplication":[],"WebPage":[]},"graphName":"Article","isEnabled":true},"graphs":[]},"schema_type":"default","schema_type_options":null,"pillar_content":false,"robots_default":true,"robots_noindex":false,"robots_noarchive":false,"robots_nosnippet":false,"robots_nofollow":false,"robots_noimageindex":false,"robots_noodp":false,"robots_notranslate":false,"robots_max_snippet":null,"robots_max_videopreview":null,"robots_max_imagepreview":"large","priority":null,"frequency":null,"local_seo":null,"breadcrumb_settings":null,"limit_modified_date":false,"ai":null,"created":"2026-05-20 13:54:11","updated":"2026-05-20 13:56:35","focus_keyword":null,"additional_keywords":null,"truseo_locale":null,"seo_analyzer_scan_date":null},"aioseo_breadcrumb":"<div class=\"aioseo-breadcrumbs\"><span class=\"aioseo-breadcrumb\">\n\t\t\t<a href=\"https:\/\/www.encontrapiracicaba.com.br\/sobre\" title=\"In\u00edcio\">In\u00edcio<\/a>\n\t\t<\/span><span class=\"aioseo-breadcrumb-separator\">&raquo;<\/span><span class=\"aioseo-breadcrumb\">\n\t\t\t<a href=\"https:\/\/www.encontrapiracicaba.com.br\/sobre\/noticias-em-piracicaba\/\" title=\"Not\u00edcias Piracicaba\">Not\u00edcias Piracicaba<\/a>\n\t\t<\/span><span class=\"aioseo-breadcrumb-separator\">&raquo;<\/span><span class=\"aioseo-breadcrumb\">\n\t\t\t71\u00ba Sal\u00e3o de Belas Artes de Piracicaba abre inscri\u00e7\u00f5es\n\t\t<\/span><\/div>","aioseo_breadcrumb_json":[{"label":"In\u00edcio","link":"https:\/\/www.encontrapiracicaba.com.br\/sobre"},{"label":"Not\u00edcias Piracicaba","link":"https:\/\/www.encontrapiracicaba.com.br\/sobre\/noticias-em-piracicaba\/"},{"label":"71\u00ba Sal\u00e3o de Belas Artes de Piracicaba abre inscri\u00e7\u00f5es","link":"https:\/\/www.encontrapiracicaba.com.br\/sobre\/71o-salao-de-belas-artes-de-piracicaba-abre-inscricoes\/"}],"_links":{"self":[{"href":"https:\/\/www.encontrapiracicaba.com.br\/sobre\/wp-json\/wp\/v2\/posts\/4588","targetHints":{"allow":["GET"]}}],"collection":[{"href":"https:\/\/www.encontrapiracicaba.com.br\/sobre\/wp-json\/wp\/v2\/posts"}],"about":[{"href":"https:\/\/www.encontrapiracicaba.com.br\/sobre\/wp-json\/wp\/v2\/types\/post"}],"author":[{"embeddable":true,"href":"https:\/\/www.encontrapiracicaba.com.br\/sobre\/wp-json\/wp\/v2\/users\/1"}],"replies":[{"embeddable":true,"href":"https:\/\/www.encontrapiracicaba.com.br\/sobre\/wp-json\/wp\/v2\/comments?post=4588"}],"version-history":[{"count":0,"href":"https:\/\/www.encontrapiracicaba.com.br\/sobre\/wp-json\/wp\/v2\/posts\/4588\/revisions"}],"wp:featuredmedia":[{"embeddable":true,"href":"https:\/\/www.encontrapiracicaba.com.br\/sobre\/wp-json\/wp\/v2\/media\/4587"}],"wp:attachment":[{"href":"https:\/\/www.encontrapiracicaba.com.br\/sobre\/wp-json\/wp\/v2\/media?parent=4588"}],"wp:term":[{"taxonomy":"category","embeddable":true,"href":"https:\/\/www.encontrapiracicaba.com.br\/sobre\/wp-json\/wp\/v2\/categories?post=4588"},{"taxonomy":"post_tag","embeddable":true,"href":"https:\/\/www.encontrapiracicaba.com.br\/sobre\/wp-json\/wp\/v2\/tags?post=4588"}],"curies":[{"name":"wp","href":"https:\/\/api.w.org\/{rel}","templated":true}]}}