{"id":4594,"date":"2026-05-21T11:42:58","date_gmt":"2026-05-21T14:42:58","guid":{"rendered":"https:\/\/www.encontrapiracicaba.com.br\/sobre\/vereador-visita-o-centro-de-convivencia-intergeracional-do-parque-piracicaba\/"},"modified":"2026-05-21T11:42:58","modified_gmt":"2026-05-21T14:42:58","slug":"vereador-visita-o-centro-de-convivencia-intergeracional-do-parque-piracicaba","status":"publish","type":"post","link":"https:\/\/www.encontrapiracicaba.com.br\/sobre\/vereador-visita-o-centro-de-convivencia-intergeracional-do-parque-piracicaba\/","title":{"rendered":"Vereador visita o Centro de Conviv\u00eancia Intergeracional do Parque Piracicaba"},"content":{"rendered":"<div class=\"85df007ed5c0c4d4b453fd13a37855e8\" data-index=\"1\" style=\"float: none; margin:0px;\">\n<!-- Anuncio display - global -->\r\n<ins class=\"adsbygoogle\"\r\n     style=\"display:block\"\r\n     data-ad-client=\"ca-pub-8585364105181520\"\r\n     data-ad-slot=\"8789329856\"\r\n     data-ad-format=\"auto\"\r\n     data-full-width-responsive=\"true\"><\/ins>\r\n<script>\r\n     (adsbygoogle = window.adsbygoogle || []).push({});\r\n<\/script>\n<\/div>\n<h2>O que \u00e9 o Centro de Conviv\u00eancia Intergeracional?<\/h2>\n<p>O <strong>Centro de Conviv\u00eancia Intergeracional<\/strong>, tamb\u00e9m conhecido como CCInter, \u00e9 uma iniciativa essencial voltada para a promo\u00e7\u00e3o do conv\u00edvio e da intera\u00e7\u00e3o entre diferentes faixas et\u00e1rias. Situado na rua S\u00e3o Pedro, 152, no Parque Piracicaba, este espa\u00e7o \u00e9 uma unidade do Servi\u00e7o de Conviv\u00eancia e Fortalecimento de V\u00ednculos, que atende crian\u00e7as, adolescentes e indiv\u00edduos com 50 anos ou mais. A proposta do CCInter \u00e9 criar um ambiente onde a socializa\u00e7\u00e3o e o desenvolvimento de atividades recreativas e educativas sejam priorizados, auxiliando cada grupo et\u00e1rio a enriquecer suas viv\u00eancias e interagir de maneira saud\u00e1vel.<\/p>\n<h2>A Recep\u00e7\u00e3o do Vereador Paran\u00e1<\/h2>\n<p>Na manh\u00e3 do dia 20 de maio de 2026, o vereador Valdir Vieira Marques, conhecido como Paran\u00e1, fez uma visita ao CCInter. Recebido pela psic\u00f3loga Amanda Bianchim, coordenadora da unidade, ele teve a oportunidade de conhecer as instala\u00e7\u00f5es e as diversas atividades oferecidas. Amanda est\u00e1 \u00e0 frente do projeto h\u00e1 um ano e compartilhou com Paran\u00e1 detalhes sobre o funcionamento do centro e os benef\u00edcios que traz para a comunidade local.<\/p>\n<h2>Objetivos do Centro de Conviv\u00eancia<\/h2>\n<p>O CCInter foi estabelecido com a miss\u00e3o de oferecer prote\u00e7\u00e3o social preventiva a grupos que se encontram em situa\u00e7\u00f5es de risco e vulnerabilidade. Entre os seus principais objetivos est\u00e3o:<\/p>\n<p><img decoding=\"async\" src=\"https:\/\/www.encontrapiracicaba.com.br\/sobre\/wp-content\/uploads\/vereador-visita-o-centro-de-convivencia-intergeracional-do-parque-piracicaba.webp\" alt=\"Centro de Conviv\u00eancia Intergeracional\" loading=\"lazy\" \/><\/p>\n<ul>\n<li><strong>Promover a integra\u00e7\u00e3o social:<\/strong> Facilitar a conviv\u00eancia entre crian\u00e7as, jovens, adultos e idosos.<\/li>\n<li><strong>Desenvolver atividades socioeducativas:<\/strong> Oferecer oficinas de dan\u00e7a, gin\u00e1stica, pedagogia, entre outras.<\/li>\n<li><strong>Fortalecer v\u00ednculos comunit\u00e1rios:<\/strong> Criar espa\u00e7os para a troca de experi\u00eancias e a valoriza\u00e7\u00e3o cultural.<\/li>\n<\/ul>\n<h2>Atividades Promovidas na Unidade<\/h2>\n<p>No CCInter, diversas atividades s\u00e3o promovidas com o intuito de garantir uma experi\u00eancia rica e diversificada para todos os participantes. Alguns dos tipos de atividades incluem:<\/p>\n<ul>\n<li><strong>Dan\u00e7a:<\/strong> Aulas de dan\u00e7a para todas as idades, incentivando a express\u00e3o art\u00edstica e a conex\u00e3o entre os participantes.<\/li>\n<li><strong>Gin\u00e1stica:<\/strong> Programas de gin\u00e1stica voltados para a manuten\u00e7\u00e3o da sa\u00fade f\u00edsica e bem-estar dos frequentadores.<\/li>\n<li><strong>Oficinas pedag\u00f3gicas:<\/strong> Aulas de refor\u00e7o escolar e desenvolvimento de habilidades em diversas \u00e1reas de interesse.<\/li>\n<\/ul>\n<h2>A Import\u00e2ncia da Socializa\u00e7\u00e3o entre Gera\u00e7\u00f5es<\/h2>\n<p>A intera\u00e7\u00e3o entre diferentes gera\u00e7\u00f5es \u00e9 fundamental para o fortalecimento da comunidade. Atividades que re\u00fanem pessoas de v\u00e1rias idades geram um ambiente enriquecido, onde ocorre a troca de saberes e experi\u00eancias. Essa conviv\u00eancia n\u00e3o apenas promove a inclus\u00e3o social, mas tamb\u00e9m ativa a mem\u00f3ria cultural e as habilidades intergeracionais, contribuindo para um conv\u00edvio mais harm\u00f4nico e colaborativo dentro da sociedade.<\/p>\n<h2>Resultados Impressionantes da Atua\u00e7\u00e3o do CCInter<\/h2>\n<p>Desde o in\u00edcio de suas atividades, o CCInter tem demonstrado resultados positivos significativos. Em abril de 2026, por exemplo, foram registrados 2.702 atendimentos, destacando-se a presen\u00e7a de 20 crian\u00e7as e adolescentes durante a manh\u00e3 e 91 \u00e0 tarde, al\u00e9m de 153 participantes com 50 anos ou mais. Esses n\u00fameros refletem n\u00e3o apenas a efic\u00e1cia do projeto, mas tamb\u00e9m o impacto positivo na qualidade de vida dos frequentadores.<\/p>\n<h2>Parceria com a Prefeitura e Outras Entidades<\/h2>\n<p>O CCInter \u00e9 mantido pela Prefeitura atrav\u00e9s da Secretaria Municipal de Assist\u00eancia e Desenvolvimento Social e Fam\u00edlia, em colabora\u00e7\u00e3o com o Cesac (Centro Social de Assist\u00eancia e Cultura S\u00e3o Jos\u00e9). Essa parceria fortalece a miss\u00e3o do centro, assegurando recursos e apoio necess\u00e1rio para a execu\u00e7\u00e3o de suas atividades e projetos.<\/p>\n<h2>Expectativas e Futuras Iniciativas do Projeto<\/h2>\n<p>O futuro do CCInter parece promissor, com planos para expandir as atividades e integrar novos projetos que atendam a demanda da comunidade. A ideia \u00e9 criar mais oportunidades de engajamento e educa\u00e7\u00e3o, al\u00e9m de promover campanhas de doa\u00e7\u00e3o e conscientiza\u00e7\u00e3o que envolvam ainda mais a popula\u00e7\u00e3o local. Com isso, busca-se garantir que o centro continue sendo um espa\u00e7o de refer\u00eancia para socializa\u00e7\u00e3o e aprendizado.<\/p>\n<h2>Depoimentos da Comunidade Sobre o CCInter<\/h2>\n<p>A percep\u00e7\u00e3o da comunidade sobre o CCInter \u00e9 predominante positiva. Frequentadores frequentemente falam sobre o quanto as atividades promovidas t\u00eam enriquecido suas vidas. Aqui est\u00e3o algumas impress\u00f5es:<\/p>\n<ul>\n<li><strong>&#8220;\u00c9 um lugar incr\u00edvel onde podemos nos encontrar e aprender juntos!&#8221;<\/strong> &#8211; participante de 65 anos.<\/li>\n<li><strong>&#8220;As aulas de dan\u00e7a s\u00e3o a melhor parte da minha semana!&#8221;<\/strong> &#8211; adolescente de 16 anos.<\/li>\n<li><strong>&#8220;Sinto que perten\u00e7o a algo maior, e isso faz toda a diferen\u00e7a.&#8221;<\/strong> &#8211; adulto de 45 anos.<\/li>\n<\/ul>\n<h2>Conclus\u00e3o e Chamado \u00e0 A\u00e7\u00e3o para Envolvimento<\/h2>\n<p>O <strong>Centro de Conviv\u00eancia Intergeracional<\/strong> representa uma oportunidade valiosa para a inclus\u00e3o e promo\u00e7\u00e3o de v\u00ednculos entre as gera\u00e7\u00f5es. Atrav\u00e9s de suas atividades e da intera\u00e7\u00e3o social, o centro se torna um pilar fundamental para o desenvolvimento da comunidade. Todos s\u00e3o convidados a conhecer e participar desse projeto que visa melhorar a qualidade de vida de todos, promovendo um espa\u00e7o acolhedor e repleto de aprendizado.<\/p>\n\n<div style=\"font-size: 0px; height: 0px; line-height: 0px; margin: 0; padding: 0; clear: both;\"><\/div>","protected":false},"excerpt":{"rendered":"<p>Vereador visita o Centro de Conviv\u00eancia Intergeracional e destaca sua import\u00e2ncia para a comunidade.<\/p>\n","protected":false},"author":1,"featured_media":4593,"comment_status":"closed","ping_status":"closed","sticky":false,"template":"","format":"standard","meta":{"footnotes":""},"categories":[6],"tags":[],"class_list":["post-4594","post","type-post","status-publish","format-standard","has-post-thumbnail","hentry","category-noticias-em-piracicaba","has_thumb"],"aioseo_notices":[],"aioseo_head":"\n\t\t<!-- All in One SEO 5.0.0.1 - aioseo.com -->\n\t<meta name=\"robots\" content=\"max-image-preview:large\" \/>\n\t<meta name=\"author\" content=\"Encontra Piracicaba\"\/>\n\t<link rel=\"canonical\" href=\"https:\/\/www.encontrapiracicaba.com.br\/sobre\/vereador-visita-o-centro-de-convivencia-intergeracional-do-parque-piracicaba\/\" \/>\n\t<meta name=\"generator\" content=\"All in One SEO (AIOSEO) 5.0.0.1\" \/>\n\t\t<meta property=\"og:locale\" content=\"pt_BR\" \/>\n\t\t<meta property=\"og:site_name\" content=\"Encontra Piracicaba | Not\u00edcias, eventos, informa\u00e7\u00f5es e dicas na cidade de Piracicaba e regi\u00e3o\" \/>\n\t\t<meta property=\"og:type\" content=\"article\" \/>\n\t\t<meta property=\"og:title\" content=\"Vereador visita o Centro de Conviv\u00eancia Intergeracional do Parque Piracicaba | Encontra Piracicaba\" \/>\n\t\t<meta property=\"og:url\" content=\"https:\/\/www.encontrapiracicaba.com.br\/sobre\/vereador-visita-o-centro-de-convivencia-intergeracional-do-parque-piracicaba\/\" \/>\n\t\t<meta property=\"article:published_time\" content=\"2026-05-21T14:42:58+00:00\" \/>\n\t\t<meta property=\"article:modified_time\" content=\"2026-05-21T14:42:58+00:00\" \/>\n\t\t<meta name=\"twitter:card\" content=\"summary\" \/>\n\t\t<meta name=\"twitter:title\" content=\"Vereador visita o Centro de Conviv\u00eancia Intergeracional do Parque Piracicaba | Encontra Piracicaba\" \/>\n\t\t<script type=\"application\/ld+json\" class=\"aioseo-schema\">\n\t\t\t{\"@context\":\"https:\\\/\\\/schema.org\",\"@graph\":[{\"@type\":\"Article\",\"@id\":\"https:\\\/\\\/www.encontrapiracicaba.com.br\\\/sobre\\\/vereador-visita-o-centro-de-convivencia-intergeracional-do-parque-piracicaba\\\/#article\",\"name\":\"Vereador visita o Centro de Conviv\\u00eancia Intergeracional do Parque Piracicaba | Encontra Piracicaba\",\"headline\":\"Vereador visita o Centro de Conviv\\u00eancia Intergeracional do Parque Piracicaba\",\"author\":{\"@id\":\"https:\\\/\\\/www.encontrapiracicaba.com.br\\\/sobre\\\/author\\\/epiracicaba\\\/#author\"},\"publisher\":{\"@id\":\"https:\\\/\\\/www.encontrapiracicaba.com.br\\\/sobre\\\/#organization\"},\"image\":{\"@type\":\"ImageObject\",\"url\":\"https:\\\/\\\/www.encontrapiracicaba.com.br\\\/sobre\\\/wp-content\\\/uploads\\\/vereador-visita-o-centro-de-convivencia-intergeracional-do-parque-piracicaba.webp\",\"width\":280,\"height\":280,\"caption\":\"Centro de Conviv\\u00eancia Intergeracional\"},\"datePublished\":\"2026-05-21T11:42:58-03:00\",\"dateModified\":\"2026-05-21T11:42:58-03:00\",\"inLanguage\":\"pt-BR\",\"mainEntityOfPage\":{\"@id\":\"https:\\\/\\\/www.encontrapiracicaba.com.br\\\/sobre\\\/vereador-visita-o-centro-de-convivencia-intergeracional-do-parque-piracicaba\\\/#webpage\"},\"isPartOf\":{\"@id\":\"https:\\\/\\\/www.encontrapiracicaba.com.br\\\/sobre\\\/vereador-visita-o-centro-de-convivencia-intergeracional-do-parque-piracicaba\\\/#webpage\"},\"articleSection\":\"Not\\u00edcias Piracicaba\"},{\"@type\":\"BreadcrumbList\",\"@id\":\"https:\\\/\\\/www.encontrapiracicaba.com.br\\\/sobre\\\/vereador-visita-o-centro-de-convivencia-intergeracional-do-parque-piracicaba\\\/#breadcrumblist\",\"itemListElement\":[{\"@type\":\"ListItem\",\"@id\":\"https:\\\/\\\/www.encontrapiracicaba.com.br\\\/sobre#listItem\",\"position\":1,\"name\":\"In\\u00edcio\",\"item\":\"https:\\\/\\\/www.encontrapiracicaba.com.br\\\/sobre\",\"nextItem\":{\"@type\":\"ListItem\",\"@id\":\"https:\\\/\\\/www.encontrapiracicaba.com.br\\\/sobre\\\/noticias-em-piracicaba\\\/#listItem\",\"name\":\"Not\\u00edcias Piracicaba\"}},{\"@type\":\"ListItem\",\"@id\":\"https:\\\/\\\/www.encontrapiracicaba.com.br\\\/sobre\\\/noticias-em-piracicaba\\\/#listItem\",\"position\":2,\"name\":\"Not\\u00edcias Piracicaba\",\"item\":\"https:\\\/\\\/www.encontrapiracicaba.com.br\\\/sobre\\\/noticias-em-piracicaba\\\/\",\"nextItem\":{\"@type\":\"ListItem\",\"@id\":\"https:\\\/\\\/www.encontrapiracicaba.com.br\\\/sobre\\\/vereador-visita-o-centro-de-convivencia-intergeracional-do-parque-piracicaba\\\/#listItem\",\"name\":\"Vereador visita o Centro de Conviv\\u00eancia Intergeracional do Parque Piracicaba\"},\"previousItem\":{\"@type\":\"ListItem\",\"@id\":\"https:\\\/\\\/www.encontrapiracicaba.com.br\\\/sobre#listItem\",\"name\":\"In\\u00edcio\"}},{\"@type\":\"ListItem\",\"@id\":\"https:\\\/\\\/www.encontrapiracicaba.com.br\\\/sobre\\\/vereador-visita-o-centro-de-convivencia-intergeracional-do-parque-piracicaba\\\/#listItem\",\"position\":3,\"name\":\"Vereador visita o Centro de Conviv\\u00eancia Intergeracional do Parque Piracicaba\",\"previousItem\":{\"@type\":\"ListItem\",\"@id\":\"https:\\\/\\\/www.encontrapiracicaba.com.br\\\/sobre\\\/noticias-em-piracicaba\\\/#listItem\",\"name\":\"Not\\u00edcias Piracicaba\"}}]},{\"@type\":\"Organization\",\"@id\":\"https:\\\/\\\/www.encontrapiracicaba.com.br\\\/sobre\\\/#organization\",\"name\":\"Encontra Piracicaba\",\"description\":\"Not\\u00edcias, eventos, informa\\u00e7\\u00f5es e dicas na cidade de Piracicaba e regi\\u00e3o\",\"url\":\"https:\\\/\\\/www.encontrapiracicaba.com.br\\\/sobre\\\/\"},{\"@type\":\"Person\",\"@id\":\"https:\\\/\\\/www.encontrapiracicaba.com.br\\\/sobre\\\/author\\\/epiracicaba\\\/#author\",\"url\":\"https:\\\/\\\/www.encontrapiracicaba.com.br\\\/sobre\\\/author\\\/epiracicaba\\\/\",\"name\":\"Encontra Piracicaba\",\"image\":{\"@type\":\"ImageObject\",\"@id\":\"https:\\\/\\\/www.encontrapiracicaba.com.br\\\/sobre\\\/vereador-visita-o-centro-de-convivencia-intergeracional-do-parque-piracicaba\\\/#authorImage\",\"url\":\"https:\\\/\\\/secure.gravatar.com\\\/avatar\\\/507340682b8270222e1f208e23198b6ae7e2c6a1033ae84e99bc6bce4f82a387?s=96&d=mm&r=g\",\"width\":96,\"height\":96,\"caption\":\"Encontra Piracicaba\"}},{\"@type\":\"WebPage\",\"@id\":\"https:\\\/\\\/www.encontrapiracicaba.com.br\\\/sobre\\\/vereador-visita-o-centro-de-convivencia-intergeracional-do-parque-piracicaba\\\/#webpage\",\"url\":\"https:\\\/\\\/www.encontrapiracicaba.com.br\\\/sobre\\\/vereador-visita-o-centro-de-convivencia-intergeracional-do-parque-piracicaba\\\/\",\"name\":\"Vereador visita o Centro de Conviv\\u00eancia Intergeracional do Parque Piracicaba | Encontra Piracicaba\",\"inLanguage\":\"pt-BR\",\"isPartOf\":{\"@id\":\"https:\\\/\\\/www.encontrapiracicaba.com.br\\\/sobre\\\/#website\"},\"breadcrumb\":{\"@id\":\"https:\\\/\\\/www.encontrapiracicaba.com.br\\\/sobre\\\/vereador-visita-o-centro-de-convivencia-intergeracional-do-parque-piracicaba\\\/#breadcrumblist\"},\"author\":{\"@id\":\"https:\\\/\\\/www.encontrapiracicaba.com.br\\\/sobre\\\/author\\\/epiracicaba\\\/#author\"},\"creator\":{\"@id\":\"https:\\\/\\\/www.encontrapiracicaba.com.br\\\/sobre\\\/author\\\/epiracicaba\\\/#author\"},\"image\":{\"@type\":\"ImageObject\",\"url\":\"https:\\\/\\\/www.encontrapiracicaba.com.br\\\/sobre\\\/wp-content\\\/uploads\\\/vereador-visita-o-centro-de-convivencia-intergeracional-do-parque-piracicaba.webp\",\"@id\":\"https:\\\/\\\/www.encontrapiracicaba.com.br\\\/sobre\\\/vereador-visita-o-centro-de-convivencia-intergeracional-do-parque-piracicaba\\\/#mainImage\",\"width\":280,\"height\":280,\"caption\":\"Centro de Conviv\\u00eancia Intergeracional\"},\"primaryImageOfPage\":{\"@id\":\"https:\\\/\\\/www.encontrapiracicaba.com.br\\\/sobre\\\/vereador-visita-o-centro-de-convivencia-intergeracional-do-parque-piracicaba\\\/#mainImage\"},\"datePublished\":\"2026-05-21T11:42:58-03:00\",\"dateModified\":\"2026-05-21T11:42:58-03:00\"},{\"@type\":\"WebSite\",\"@id\":\"https:\\\/\\\/www.encontrapiracicaba.com.br\\\/sobre\\\/#website\",\"url\":\"https:\\\/\\\/www.encontrapiracicaba.com.br\\\/sobre\\\/\",\"name\":\"Encontra Piracicaba\",\"description\":\"Not\\u00edcias, eventos, informa\\u00e7\\u00f5es e dicas na cidade de Piracicaba e regi\\u00e3o\",\"inLanguage\":\"pt-BR\",\"publisher\":{\"@id\":\"https:\\\/\\\/www.encontrapiracicaba.com.br\\\/sobre\\\/#organization\"}}]}\n\t\t<\/script>\n\t\t<!-- All in One SEO -->\n\n","aioseo_head_json":{"title":"Vereador visita o Centro de Conviv\u00eancia Intergeracional do Parque Piracicaba | Encontra Piracicaba","description":"","canonical_url":"https:\/\/www.encontrapiracicaba.com.br\/sobre\/vereador-visita-o-centro-de-convivencia-intergeracional-do-parque-piracicaba\/","robots":"max-image-preview:large","keywords":"","webmasterTools":{"miscellaneous":""},"schema":{"@context":"https:\/\/schema.org","@graph":[{"@type":"Article","@id":"https:\/\/www.encontrapiracicaba.com.br\/sobre\/vereador-visita-o-centro-de-convivencia-intergeracional-do-parque-piracicaba\/#article","name":"Vereador visita o Centro de Conviv\u00eancia Intergeracional do Parque Piracicaba | Encontra Piracicaba","headline":"Vereador visita o Centro de Conviv\u00eancia Intergeracional do Parque Piracicaba","author":{"@id":"https:\/\/www.encontrapiracicaba.com.br\/sobre\/author\/epiracicaba\/#author"},"publisher":{"@id":"https:\/\/www.encontrapiracicaba.com.br\/sobre\/#organization"},"image":{"@type":"ImageObject","url":"https:\/\/www.encontrapiracicaba.com.br\/sobre\/wp-content\/uploads\/vereador-visita-o-centro-de-convivencia-intergeracional-do-parque-piracicaba.webp","width":280,"height":280,"caption":"Centro de Conviv\u00eancia Intergeracional"},"datePublished":"2026-05-21T11:42:58-03:00","dateModified":"2026-05-21T11:42:58-03:00","inLanguage":"pt-BR","mainEntityOfPage":{"@id":"https:\/\/www.encontrapiracicaba.com.br\/sobre\/vereador-visita-o-centro-de-convivencia-intergeracional-do-parque-piracicaba\/#webpage"},"isPartOf":{"@id":"https:\/\/www.encontrapiracicaba.com.br\/sobre\/vereador-visita-o-centro-de-convivencia-intergeracional-do-parque-piracicaba\/#webpage"},"articleSection":"Not\u00edcias Piracicaba"},{"@type":"BreadcrumbList","@id":"https:\/\/www.encontrapiracicaba.com.br\/sobre\/vereador-visita-o-centro-de-convivencia-intergeracional-do-parque-piracicaba\/#breadcrumblist","itemListElement":[{"@type":"ListItem","@id":"https:\/\/www.encontrapiracicaba.com.br\/sobre#listItem","position":1,"name":"In\u00edcio","item":"https:\/\/www.encontrapiracicaba.com.br\/sobre","nextItem":{"@type":"ListItem","@id":"https:\/\/www.encontrapiracicaba.com.br\/sobre\/noticias-em-piracicaba\/#listItem","name":"Not\u00edcias Piracicaba"}},{"@type":"ListItem","@id":"https:\/\/www.encontrapiracicaba.com.br\/sobre\/noticias-em-piracicaba\/#listItem","position":2,"name":"Not\u00edcias Piracicaba","item":"https:\/\/www.encontrapiracicaba.com.br\/sobre\/noticias-em-piracicaba\/","nextItem":{"@type":"ListItem","@id":"https:\/\/www.encontrapiracicaba.com.br\/sobre\/vereador-visita-o-centro-de-convivencia-intergeracional-do-parque-piracicaba\/#listItem","name":"Vereador visita o Centro de Conviv\u00eancia Intergeracional do Parque Piracicaba"},"previousItem":{"@type":"ListItem","@id":"https:\/\/www.encontrapiracicaba.com.br\/sobre#listItem","name":"In\u00edcio"}},{"@type":"ListItem","@id":"https:\/\/www.encontrapiracicaba.com.br\/sobre\/vereador-visita-o-centro-de-convivencia-intergeracional-do-parque-piracicaba\/#listItem","position":3,"name":"Vereador visita o Centro de Conviv\u00eancia Intergeracional do Parque Piracicaba","previousItem":{"@type":"ListItem","@id":"https:\/\/www.encontrapiracicaba.com.br\/sobre\/noticias-em-piracicaba\/#listItem","name":"Not\u00edcias Piracicaba"}}]},{"@type":"Organization","@id":"https:\/\/www.encontrapiracicaba.com.br\/sobre\/#organization","name":"Encontra Piracicaba","description":"Not\u00edcias, eventos, informa\u00e7\u00f5es e dicas na cidade de Piracicaba e regi\u00e3o","url":"https:\/\/www.encontrapiracicaba.com.br\/sobre\/"},{"@type":"Person","@id":"https:\/\/www.encontrapiracicaba.com.br\/sobre\/author\/epiracicaba\/#author","url":"https:\/\/www.encontrapiracicaba.com.br\/sobre\/author\/epiracicaba\/","name":"Encontra Piracicaba","image":{"@type":"ImageObject","@id":"https:\/\/www.encontrapiracicaba.com.br\/sobre\/vereador-visita-o-centro-de-convivencia-intergeracional-do-parque-piracicaba\/#authorImage","url":"https:\/\/secure.gravatar.com\/avatar\/507340682b8270222e1f208e23198b6ae7e2c6a1033ae84e99bc6bce4f82a387?s=96&d=mm&r=g","width":96,"height":96,"caption":"Encontra Piracicaba"}},{"@type":"WebPage","@id":"https:\/\/www.encontrapiracicaba.com.br\/sobre\/vereador-visita-o-centro-de-convivencia-intergeracional-do-parque-piracicaba\/#webpage","url":"https:\/\/www.encontrapiracicaba.com.br\/sobre\/vereador-visita-o-centro-de-convivencia-intergeracional-do-parque-piracicaba\/","name":"Vereador visita o Centro de Conviv\u00eancia Intergeracional do Parque Piracicaba | Encontra Piracicaba","inLanguage":"pt-BR","isPartOf":{"@id":"https:\/\/www.encontrapiracicaba.com.br\/sobre\/#website"},"breadcrumb":{"@id":"https:\/\/www.encontrapiracicaba.com.br\/sobre\/vereador-visita-o-centro-de-convivencia-intergeracional-do-parque-piracicaba\/#breadcrumblist"},"author":{"@id":"https:\/\/www.encontrapiracicaba.com.br\/sobre\/author\/epiracicaba\/#author"},"creator":{"@id":"https:\/\/www.encontrapiracicaba.com.br\/sobre\/author\/epiracicaba\/#author"},"image":{"@type":"ImageObject","url":"https:\/\/www.encontrapiracicaba.com.br\/sobre\/wp-content\/uploads\/vereador-visita-o-centro-de-convivencia-intergeracional-do-parque-piracicaba.webp","@id":"https:\/\/www.encontrapiracicaba.com.br\/sobre\/vereador-visita-o-centro-de-convivencia-intergeracional-do-parque-piracicaba\/#mainImage","width":280,"height":280,"caption":"Centro de Conviv\u00eancia Intergeracional"},"primaryImageOfPage":{"@id":"https:\/\/www.encontrapiracicaba.com.br\/sobre\/vereador-visita-o-centro-de-convivencia-intergeracional-do-parque-piracicaba\/#mainImage"},"datePublished":"2026-05-21T11:42:58-03:00","dateModified":"2026-05-21T11:42:58-03:00"},{"@type":"WebSite","@id":"https:\/\/www.encontrapiracicaba.com.br\/sobre\/#website","url":"https:\/\/www.encontrapiracicaba.com.br\/sobre\/","name":"Encontra Piracicaba","description":"Not\u00edcias, eventos, informa\u00e7\u00f5es e dicas na cidade de Piracicaba e regi\u00e3o","inLanguage":"pt-BR","publisher":{"@id":"https:\/\/www.encontrapiracicaba.com.br\/sobre\/#organization"}}]},"og:locale":"pt_BR","og:site_name":"Encontra Piracicaba | Not\u00edcias, eventos, informa\u00e7\u00f5es e dicas na cidade de Piracicaba e regi\u00e3o","og:type":"article","og:title":"Vereador visita o Centro de Conviv\u00eancia Intergeracional do Parque Piracicaba | Encontra Piracicaba","og:url":"https:\/\/www.encontrapiracicaba.com.br\/sobre\/vereador-visita-o-centro-de-convivencia-intergeracional-do-parque-piracicaba\/","article:published_time":"2026-05-21T14:42:58+00:00","article:modified_time":"2026-05-21T14:42:58+00:00","twitter:card":"summary","twitter:title":"Vereador visita o Centro de Conviv\u00eancia Intergeracional do Parque Piracicaba | Encontra Piracicaba"},"aioseo_meta_data":{"post_id":"4594","title":null,"description":null,"keywords":null,"keyphrases":null,"primary_term":null,"canonical_url":null,"og_title":null,"og_description":null,"og_object_type":"default","og_image_type":"default","og_image_url":null,"og_image_width":null,"og_image_height":null,"og_image_custom_url":null,"og_image_custom_fields":null,"og_video":null,"og_custom_url":null,"og_article_section":null,"og_article_tags":null,"twitter_use_og":false,"twitter_card":"default","twitter_image_type":"default","twitter_image_url":null,"twitter_image_custom_url":null,"twitter_image_custom_fields":null,"twitter_title":null,"twitter_description":null,"schema":{"blockGraphs":[],"customGraphs":[],"default":{"data":{"Article":[],"Course":[],"Dataset":[],"FAQPage":[],"Movie":[],"Person":[],"Product":[],"ProductReview":[],"Car":[],"Recipe":[],"Service":[],"SoftwareApplication":[],"WebPage":[]},"graphName":"Article","isEnabled":true},"graphs":[]},"schema_type":"default","schema_type_options":null,"pillar_content":false,"robots_default":true,"robots_noindex":false,"robots_noarchive":false,"robots_nosnippet":false,"robots_nofollow":false,"robots_noimageindex":false,"robots_noodp":false,"robots_notranslate":false,"robots_max_snippet":null,"robots_max_videopreview":null,"robots_max_imagepreview":"large","priority":null,"frequency":null,"local_seo":null,"breadcrumb_settings":null,"limit_modified_date":false,"ai":null,"created":"2026-05-21 14:43:02","updated":"2026-05-21 14:59:53","focus_keyword":null,"additional_keywords":null,"truseo_locale":null,"seo_analyzer_scan_date":null},"aioseo_breadcrumb":"<div class=\"aioseo-breadcrumbs\"><span class=\"aioseo-breadcrumb\">\n\t\t\t<a href=\"https:\/\/www.encontrapiracicaba.com.br\/sobre\" title=\"In\u00edcio\">In\u00edcio<\/a>\n\t\t<\/span><span class=\"aioseo-breadcrumb-separator\">&raquo;<\/span><span class=\"aioseo-breadcrumb\">\n\t\t\t<a href=\"https:\/\/www.encontrapiracicaba.com.br\/sobre\/noticias-em-piracicaba\/\" title=\"Not\u00edcias Piracicaba\">Not\u00edcias Piracicaba<\/a>\n\t\t<\/span><span class=\"aioseo-breadcrumb-separator\">&raquo;<\/span><span class=\"aioseo-breadcrumb\">\n\t\t\tVereador visita o Centro de Conviv\u00eancia Intergeracional do Parque Piracicaba\n\t\t<\/span><\/div>","aioseo_breadcrumb_json":[{"label":"In\u00edcio","link":"https:\/\/www.encontrapiracicaba.com.br\/sobre"},{"label":"Not\u00edcias Piracicaba","link":"https:\/\/www.encontrapiracicaba.com.br\/sobre\/noticias-em-piracicaba\/"},{"label":"Vereador visita o Centro de Conviv\u00eancia Intergeracional do Parque Piracicaba","link":"https:\/\/www.encontrapiracicaba.com.br\/sobre\/vereador-visita-o-centro-de-convivencia-intergeracional-do-parque-piracicaba\/"}],"_links":{"self":[{"href":"https:\/\/www.encontrapiracicaba.com.br\/sobre\/wp-json\/wp\/v2\/posts\/4594","targetHints":{"allow":["GET"]}}],"collection":[{"href":"https:\/\/www.encontrapiracicaba.com.br\/sobre\/wp-json\/wp\/v2\/posts"}],"about":[{"href":"https:\/\/www.encontrapiracicaba.com.br\/sobre\/wp-json\/wp\/v2\/types\/post"}],"author":[{"embeddable":true,"href":"https:\/\/www.encontrapiracicaba.com.br\/sobre\/wp-json\/wp\/v2\/users\/1"}],"replies":[{"embeddable":true,"href":"https:\/\/www.encontrapiracicaba.com.br\/sobre\/wp-json\/wp\/v2\/comments?post=4594"}],"version-history":[{"count":0,"href":"https:\/\/www.encontrapiracicaba.com.br\/sobre\/wp-json\/wp\/v2\/posts\/4594\/revisions"}],"wp:featuredmedia":[{"embeddable":true,"href":"https:\/\/www.encontrapiracicaba.com.br\/sobre\/wp-json\/wp\/v2\/media\/4593"}],"wp:attachment":[{"href":"https:\/\/www.encontrapiracicaba.com.br\/sobre\/wp-json\/wp\/v2\/media?parent=4594"}],"wp:term":[{"taxonomy":"category","embeddable":true,"href":"https:\/\/www.encontrapiracicaba.com.br\/sobre\/wp-json\/wp\/v2\/categories?post=4594"},{"taxonomy":"post_tag","embeddable":true,"href":"https:\/\/www.encontrapiracicaba.com.br\/sobre\/wp-json\/wp\/v2\/tags?post=4594"}],"curies":[{"name":"wp","href":"https:\/\/api.w.org\/{rel}","templated":true}]}}