{"id":4598,"date":"2026-05-22T11:15:36","date_gmt":"2026-05-22T14:15:36","guid":{"rendered":"https:\/\/www.encontrapiracicaba.com.br\/sobre\/41a-festa-das-nacoes-de-piracicaba-recebe-visitantes-em-uma-edicao-historica-para-auxiliar-21-entidades-sociais\/"},"modified":"2026-05-22T11:15:36","modified_gmt":"2026-05-22T14:15:36","slug":"41a-festa-das-nacoes-de-piracicaba-recebe-visitantes-em-uma-edicao-historica-para-auxiliar-21-entidades-sociais","status":"publish","type":"post","link":"https:\/\/www.encontrapiracicaba.com.br\/sobre\/41a-festa-das-nacoes-de-piracicaba-recebe-visitantes-em-uma-edicao-historica-para-auxiliar-21-entidades-sociais\/","title":{"rendered":"41\u00aa Festa das Na\u00e7\u00f5es de Piracicaba recebe visitantes em uma edi\u00e7\u00e3o hist\u00f3rica para auxiliar 21 entidades sociais"},"content":{"rendered":"<div class=\"85df007ed5c0c4d4b453fd13a37855e8\" data-index=\"1\" style=\"float: none; margin:0px;\">\n<!-- Anuncio display - global -->\r\n<ins class=\"adsbygoogle\"\r\n     style=\"display:block\"\r\n     data-ad-client=\"ca-pub-8585364105181520\"\r\n     data-ad-slot=\"8789329856\"\r\n     data-ad-format=\"auto\"\r\n     data-full-width-responsive=\"true\"><\/ins>\r\n<script>\r\n     (adsbygoogle = window.adsbygoogle || []).push({});\r\n<\/script>\n<\/div>\n<h2>Novidades da 41\u00aa Edi\u00e7\u00e3o da Festa das Na\u00e7\u00f5es<\/h2>\n<p>A 41\u00aa edi\u00e7\u00e3o da Festa das Na\u00e7\u00f5es de Piracicaba come\u00e7a em 13 de maio de 2026, estendendo-se at\u00e9 17 de maio. Este evento, organizado pela <strong>Fenapi<\/strong> em parceria com a Prefeitura Municipal, ocorrer\u00e1 no <strong>Engenho Central<\/strong>. A festa deste ano promete um grande espet\u00e1culo de cultura, gastronomia e atividades imersivas, com a inten\u00e7\u00e3o de arrecadar fundos para 21 entidades sociais da cidade, que impactam a vida de mais de 30 mil pessoas.<\/p>\n<h2>Atra\u00e7\u00f5es Culturais Imperd\u00edveis na Festa<\/h2>\n<p>O evento destaca-se como um marco solid\u00e1rio, recebendo mais de tr\u00eas milh\u00f5es de visitantes ao longo de sua hist\u00f3ria. Para esta edi\u00e7\u00e3o, ser\u00e3o oferecidas diversas apresenta\u00e7\u00f5es culturais, desde orquestras at\u00e9 dan\u00e7as folcl\u00f3ricas, refletindo a diversidade \u00e9tnica presente em Piracicaba. O <strong>palco principal<\/strong> contar\u00e1 com shows de artistas locais e de renome, oferecendo um panorama rico e variado de talentos.<\/p>\n<h2>Gastronomia Internacional: Um Banquete de Sabores<\/h2>\n<p>Este ano, a festa conta com a adi\u00e7\u00e3o de tr\u00eas novas na\u00e7\u00f5es no card\u00e1pio: Argentina, Tail\u00e2ndia e Fran\u00e7a. O p\u00fablico poder\u00e1 experimentar pratos t\u00edpicos de 19 pa\u00edses, oferecendo uma viagem gastron\u00f4mica por diferentes culturas. Para conhecer todas as op\u00e7\u00f5es dispon\u00edveis, o card\u00e1pio completo pode ser acessado no site oficial do evento.<\/p>\n<p><img decoding=\"async\" src=\"https:\/\/www.encontrapiracicaba.com.br\/sobre\/wp-content\/uploads\/41-festa-das-nacoes-de-piracicaba-recebe-visitantes-em-uma-edicao-historica-para-auxiliar-21-entidad.webp\" alt=\"41\u00aa Festa das Na\u00e7\u00f5es de Piracicaba\" loading=\"lazy\" \/><\/p>\n<h2>O Impacto Social da Festa nas Comunidades<\/h2>\n<p>Todo o lucro obtido na festa ser\u00e1 direcionado para as institui\u00e7\u00f5es sociais participantes, que realizam um trabalho significativo em v\u00e1rias frentes, incluindo assist\u00eancia social, promo\u00e7\u00e3o da sa\u00fade e educa\u00e7\u00e3o. Carolina Angelelli, presidente da <strong>Fenapi<\/strong>, destaca a import\u00e2ncia da participa\u00e7\u00e3o popular e a mobiliza\u00e7\u00e3o de volunt\u00e1rios, que neste ano soma mais de 5.000 pessoas, demonstrando o compromisso da comunidade com a solidariedade e a transforma\u00e7\u00e3o social.<\/p>\n<h2>Experi\u00eancias Inovadoras para o P\u00fablico Infantil<\/h2>\n<p>A Festa das Na\u00e7\u00f5es tamb\u00e9m traz novidades para o p\u00fablico infantil, incluindo a <strong>Parada dos Her\u00f3is<\/strong>, que acontecer\u00e1 no s\u00e1bado e no domingo, apresentando 20 personagens famosos para interagir e tirar fotos com as crian\u00e7as. Esta atra\u00e7\u00e3o tem como objetivo proporcionar momentos de alegria e divers\u00e3o aos pequenos e fortalecer a conex\u00e3o familiar durante o evento.<\/p>\n<h2>Mudan\u00e7as Estruturais para Melhorar a Experi\u00eancia<\/h2>\n<p>Uma das inova\u00e7\u00f5es mais relevantes nesta edi\u00e7\u00e3o \u00e9 o novo sistema de compras. As barracas agora ter\u00e3o caixas pr\u00f3prias, permitindo que os visitantes paguem diretamente onde fazem seus pedidos, seja em dinheiro, cart\u00e3o ou Pix. Essa mudan\u00e7a visa agilizar o atendimento e melhorar a circula\u00e7\u00e3o de pessoas na festa.<\/p>\n<h2>Atra\u00e7\u00f5es In\u00e9ditas que Encantam os Visitantes<\/h2>\n<p>A tem\u00e1tica <strong>O Ano das Luzes<\/strong> ser\u00e1 destaque nesta edi\u00e7\u00e3o, com atra\u00e7\u00f5es como uma <strong>Roda Gigante<\/strong>, que permitir\u00e1 uma vista surpreendente do rio Piracicaba, e um <strong>Planet\u00e1rio<\/strong> com experi\u00eancias educativas. Al\u00e9m disso, o<br \/>\nT\u00fanel Estrelar promete ser um espa\u00e7o sensorial intrigante, enriquecendo ainda mais a intera\u00e7\u00e3o do p\u00fablico com o evento.<\/p>\n<h2>Informa\u00e7\u00f5es Pr\u00e1ticas sobre Ingressos e Acessos<\/h2>\n<p>Os ingressos para a festividade custam R$ 16 a inteira e R$ 8 a meia-entrada, com detalhes sobre gratuidade e entradas para menores de 16 anos dispon\u00edveis no site oficial. O estacionamento ser\u00e1 cobrado, com valores acess\u00edveis e seguran\u00e7a no local. As entradas para o estacionamento ficam na <strong>avenida Beira Rio<\/strong> e outras vias pr\u00f3ximas, garantindo f\u00e1cil acesso ao evento.<\/p>\n<h2>O Papel dos Volunt\u00e1rios na Festa<\/h2>\n<p>Os volunt\u00e1rios s\u00e3o fundamentais para o sucesso da Festa das Na\u00e7\u00f5es, formando o cora\u00e7\u00e3o do evento. Esse envolvimento comunit\u00e1rio demonstra o esp\u00edrito de solidariedade que permeia a festa, contribui para a execu\u00e7\u00e3o das atividades e garante o atendimento \u00e0s expectativas dos visitantes.<\/p>\n<h2>Programa\u00e7\u00e3o Musical e Art\u00edstica do Evento<\/h2>\n<p>A programa\u00e7\u00e3o musical deste ano contar\u00e1 com uma variedade de estilos. Entre as atra\u00e7\u00f5es, destacam-se a <strong>Orquestra Sinf\u00f4nica de Piracicaba<\/strong> e o <strong>Grupo Folcl\u00f3rico Cruz de Malta<\/strong>. O evento ter\u00e1 apresenta\u00e7\u00f5es sempre a partir das 20h, promovendo um interc\u00e2mbio cultural digno de celebra\u00e7\u00e3o ao longo de todos os dias da festa.<\/p>\n<p>A <strong>41\u00aa Festa das Na\u00e7\u00f5es de Piracicaba<\/strong> \u00e9, sem d\u00favida, uma festa que n\u00e3o apenas oferece entretenimento, mas que tamb\u00e9m comp\u00f5e um panorama social e cultural riqu\u00edssimo, unindo pessoas em torno de uma causa nobre. Comprometendo-se com o futuro e a solidariedade, o evento continua a ser um pilar importante na vida da comunidade!<\/p>\n\n<div style=\"font-size: 0px; height: 0px; line-height: 0px; margin: 0; padding: 0; clear: both;\"><\/div>","protected":false},"excerpt":{"rendered":"<p>A 41\u00aa Festa das Na\u00e7\u00f5es em Piracicaba promete uma experi\u00eancia \u00fanica de cultura e solidariedade.<\/p>\n","protected":false},"author":1,"featured_media":4597,"comment_status":"closed","ping_status":"closed","sticky":false,"template":"","format":"standard","meta":{"footnotes":""},"categories":[6],"tags":[],"class_list":["post-4598","post","type-post","status-publish","format-standard","has-post-thumbnail","hentry","category-noticias-em-piracicaba","has_thumb"],"aioseo_notices":[],"aioseo_head":"\n\t\t<!-- All in One SEO 5.0.0.1 - aioseo.com -->\n\t<meta name=\"robots\" content=\"max-image-preview:large\" \/>\n\t<meta name=\"author\" content=\"Encontra Piracicaba\"\/>\n\t<link rel=\"canonical\" href=\"https:\/\/www.encontrapiracicaba.com.br\/sobre\/41a-festa-das-nacoes-de-piracicaba-recebe-visitantes-em-uma-edicao-historica-para-auxiliar-21-entidades-sociais\/\" \/>\n\t<meta name=\"generator\" content=\"All in One SEO (AIOSEO) 5.0.0.1\" \/>\n\t\t<meta property=\"og:locale\" content=\"pt_BR\" \/>\n\t\t<meta property=\"og:site_name\" content=\"Encontra Piracicaba | Not\u00edcias, eventos, informa\u00e7\u00f5es e dicas na cidade de Piracicaba e regi\u00e3o\" \/>\n\t\t<meta property=\"og:type\" content=\"article\" \/>\n\t\t<meta property=\"og:title\" content=\"41\u00aa Festa das Na\u00e7\u00f5es de Piracicaba recebe visitantes em uma edi\u00e7\u00e3o hist\u00f3rica para auxiliar 21 entidades sociais | Encontra Piracicaba\" \/>\n\t\t<meta property=\"og:url\" content=\"https:\/\/www.encontrapiracicaba.com.br\/sobre\/41a-festa-das-nacoes-de-piracicaba-recebe-visitantes-em-uma-edicao-historica-para-auxiliar-21-entidades-sociais\/\" \/>\n\t\t<meta property=\"article:published_time\" content=\"2026-05-22T14:15:36+00:00\" \/>\n\t\t<meta property=\"article:modified_time\" content=\"2026-05-22T14:15:36+00:00\" \/>\n\t\t<meta name=\"twitter:card\" content=\"summary\" \/>\n\t\t<meta name=\"twitter:title\" content=\"41\u00aa Festa das Na\u00e7\u00f5es de Piracicaba recebe visitantes em uma edi\u00e7\u00e3o hist\u00f3rica para auxiliar 21 entidades sociais | Encontra Piracicaba\" \/>\n\t\t<script type=\"application\/ld+json\" class=\"aioseo-schema\">\n\t\t\t{\"@context\":\"https:\\\/\\\/schema.org\",\"@graph\":[{\"@type\":\"Article\",\"@id\":\"https:\\\/\\\/www.encontrapiracicaba.com.br\\\/sobre\\\/41a-festa-das-nacoes-de-piracicaba-recebe-visitantes-em-uma-edicao-historica-para-auxiliar-21-entidades-sociais\\\/#article\",\"name\":\"41\\u00aa Festa das Na\\u00e7\\u00f5es de Piracicaba recebe visitantes em uma edi\\u00e7\\u00e3o hist\\u00f3rica para auxiliar 21 entidades sociais | Encontra Piracicaba\",\"headline\":\"41\\u00aa Festa das Na\\u00e7\\u00f5es de Piracicaba recebe visitantes em uma edi\\u00e7\\u00e3o hist\\u00f3rica para auxiliar 21 entidades sociais\",\"author\":{\"@id\":\"https:\\\/\\\/www.encontrapiracicaba.com.br\\\/sobre\\\/author\\\/epiracicaba\\\/#author\"},\"publisher\":{\"@id\":\"https:\\\/\\\/www.encontrapiracicaba.com.br\\\/sobre\\\/#organization\"},\"image\":{\"@type\":\"ImageObject\",\"url\":\"https:\\\/\\\/www.encontrapiracicaba.com.br\\\/sobre\\\/wp-content\\\/uploads\\\/41-festa-das-nacoes-de-piracicaba-recebe-visitantes-em-uma-edicao-historica-para-auxiliar-21-entidad.webp\",\"width\":280,\"height\":280,\"caption\":\"41\\u00aa Festa das Na\\u00e7\\u00f5es de Piracicaba\"},\"datePublished\":\"2026-05-22T11:15:36-03:00\",\"dateModified\":\"2026-05-22T11:15:36-03:00\",\"inLanguage\":\"pt-BR\",\"mainEntityOfPage\":{\"@id\":\"https:\\\/\\\/www.encontrapiracicaba.com.br\\\/sobre\\\/41a-festa-das-nacoes-de-piracicaba-recebe-visitantes-em-uma-edicao-historica-para-auxiliar-21-entidades-sociais\\\/#webpage\"},\"isPartOf\":{\"@id\":\"https:\\\/\\\/www.encontrapiracicaba.com.br\\\/sobre\\\/41a-festa-das-nacoes-de-piracicaba-recebe-visitantes-em-uma-edicao-historica-para-auxiliar-21-entidades-sociais\\\/#webpage\"},\"articleSection\":\"Not\\u00edcias Piracicaba\"},{\"@type\":\"BreadcrumbList\",\"@id\":\"https:\\\/\\\/www.encontrapiracicaba.com.br\\\/sobre\\\/41a-festa-das-nacoes-de-piracicaba-recebe-visitantes-em-uma-edicao-historica-para-auxiliar-21-entidades-sociais\\\/#breadcrumblist\",\"itemListElement\":[{\"@type\":\"ListItem\",\"@id\":\"https:\\\/\\\/www.encontrapiracicaba.com.br\\\/sobre#listItem\",\"position\":1,\"name\":\"In\\u00edcio\",\"item\":\"https:\\\/\\\/www.encontrapiracicaba.com.br\\\/sobre\",\"nextItem\":{\"@type\":\"ListItem\",\"@id\":\"https:\\\/\\\/www.encontrapiracicaba.com.br\\\/sobre\\\/noticias-em-piracicaba\\\/#listItem\",\"name\":\"Not\\u00edcias Piracicaba\"}},{\"@type\":\"ListItem\",\"@id\":\"https:\\\/\\\/www.encontrapiracicaba.com.br\\\/sobre\\\/noticias-em-piracicaba\\\/#listItem\",\"position\":2,\"name\":\"Not\\u00edcias Piracicaba\",\"item\":\"https:\\\/\\\/www.encontrapiracicaba.com.br\\\/sobre\\\/noticias-em-piracicaba\\\/\",\"nextItem\":{\"@type\":\"ListItem\",\"@id\":\"https:\\\/\\\/www.encontrapiracicaba.com.br\\\/sobre\\\/41a-festa-das-nacoes-de-piracicaba-recebe-visitantes-em-uma-edicao-historica-para-auxiliar-21-entidades-sociais\\\/#listItem\",\"name\":\"41\\u00aa Festa das Na\\u00e7\\u00f5es de Piracicaba recebe visitantes em uma edi\\u00e7\\u00e3o hist\\u00f3rica para auxiliar 21 entidades sociais\"},\"previousItem\":{\"@type\":\"ListItem\",\"@id\":\"https:\\\/\\\/www.encontrapiracicaba.com.br\\\/sobre#listItem\",\"name\":\"In\\u00edcio\"}},{\"@type\":\"ListItem\",\"@id\":\"https:\\\/\\\/www.encontrapiracicaba.com.br\\\/sobre\\\/41a-festa-das-nacoes-de-piracicaba-recebe-visitantes-em-uma-edicao-historica-para-auxiliar-21-entidades-sociais\\\/#listItem\",\"position\":3,\"name\":\"41\\u00aa Festa das Na\\u00e7\\u00f5es de Piracicaba recebe visitantes em uma edi\\u00e7\\u00e3o hist\\u00f3rica para auxiliar 21 entidades sociais\",\"previousItem\":{\"@type\":\"ListItem\",\"@id\":\"https:\\\/\\\/www.encontrapiracicaba.com.br\\\/sobre\\\/noticias-em-piracicaba\\\/#listItem\",\"name\":\"Not\\u00edcias Piracicaba\"}}]},{\"@type\":\"Organization\",\"@id\":\"https:\\\/\\\/www.encontrapiracicaba.com.br\\\/sobre\\\/#organization\",\"name\":\"Encontra Piracicaba\",\"description\":\"Not\\u00edcias, eventos, informa\\u00e7\\u00f5es e dicas na cidade de Piracicaba e regi\\u00e3o\",\"url\":\"https:\\\/\\\/www.encontrapiracicaba.com.br\\\/sobre\\\/\"},{\"@type\":\"Person\",\"@id\":\"https:\\\/\\\/www.encontrapiracicaba.com.br\\\/sobre\\\/author\\\/epiracicaba\\\/#author\",\"url\":\"https:\\\/\\\/www.encontrapiracicaba.com.br\\\/sobre\\\/author\\\/epiracicaba\\\/\",\"name\":\"Encontra Piracicaba\",\"image\":{\"@type\":\"ImageObject\",\"@id\":\"https:\\\/\\\/www.encontrapiracicaba.com.br\\\/sobre\\\/41a-festa-das-nacoes-de-piracicaba-recebe-visitantes-em-uma-edicao-historica-para-auxiliar-21-entidades-sociais\\\/#authorImage\",\"url\":\"https:\\\/\\\/secure.gravatar.com\\\/avatar\\\/507340682b8270222e1f208e23198b6ae7e2c6a1033ae84e99bc6bce4f82a387?s=96&d=mm&r=g\",\"width\":96,\"height\":96,\"caption\":\"Encontra Piracicaba\"}},{\"@type\":\"WebPage\",\"@id\":\"https:\\\/\\\/www.encontrapiracicaba.com.br\\\/sobre\\\/41a-festa-das-nacoes-de-piracicaba-recebe-visitantes-em-uma-edicao-historica-para-auxiliar-21-entidades-sociais\\\/#webpage\",\"url\":\"https:\\\/\\\/www.encontrapiracicaba.com.br\\\/sobre\\\/41a-festa-das-nacoes-de-piracicaba-recebe-visitantes-em-uma-edicao-historica-para-auxiliar-21-entidades-sociais\\\/\",\"name\":\"41\\u00aa Festa das Na\\u00e7\\u00f5es de Piracicaba recebe visitantes em uma edi\\u00e7\\u00e3o hist\\u00f3rica para auxiliar 21 entidades sociais | Encontra Piracicaba\",\"inLanguage\":\"pt-BR\",\"isPartOf\":{\"@id\":\"https:\\\/\\\/www.encontrapiracicaba.com.br\\\/sobre\\\/#website\"},\"breadcrumb\":{\"@id\":\"https:\\\/\\\/www.encontrapiracicaba.com.br\\\/sobre\\\/41a-festa-das-nacoes-de-piracicaba-recebe-visitantes-em-uma-edicao-historica-para-auxiliar-21-entidades-sociais\\\/#breadcrumblist\"},\"author\":{\"@id\":\"https:\\\/\\\/www.encontrapiracicaba.com.br\\\/sobre\\\/author\\\/epiracicaba\\\/#author\"},\"creator\":{\"@id\":\"https:\\\/\\\/www.encontrapiracicaba.com.br\\\/sobre\\\/author\\\/epiracicaba\\\/#author\"},\"image\":{\"@type\":\"ImageObject\",\"url\":\"https:\\\/\\\/www.encontrapiracicaba.com.br\\\/sobre\\\/wp-content\\\/uploads\\\/41-festa-das-nacoes-de-piracicaba-recebe-visitantes-em-uma-edicao-historica-para-auxiliar-21-entidad.webp\",\"@id\":\"https:\\\/\\\/www.encontrapiracicaba.com.br\\\/sobre\\\/41a-festa-das-nacoes-de-piracicaba-recebe-visitantes-em-uma-edicao-historica-para-auxiliar-21-entidades-sociais\\\/#mainImage\",\"width\":280,\"height\":280,\"caption\":\"41\\u00aa Festa das Na\\u00e7\\u00f5es de Piracicaba\"},\"primaryImageOfPage\":{\"@id\":\"https:\\\/\\\/www.encontrapiracicaba.com.br\\\/sobre\\\/41a-festa-das-nacoes-de-piracicaba-recebe-visitantes-em-uma-edicao-historica-para-auxiliar-21-entidades-sociais\\\/#mainImage\"},\"datePublished\":\"2026-05-22T11:15:36-03:00\",\"dateModified\":\"2026-05-22T11:15:36-03:00\"},{\"@type\":\"WebSite\",\"@id\":\"https:\\\/\\\/www.encontrapiracicaba.com.br\\\/sobre\\\/#website\",\"url\":\"https:\\\/\\\/www.encontrapiracicaba.com.br\\\/sobre\\\/\",\"name\":\"Encontra Piracicaba\",\"description\":\"Not\\u00edcias, eventos, informa\\u00e7\\u00f5es e dicas na cidade de Piracicaba e regi\\u00e3o\",\"inLanguage\":\"pt-BR\",\"publisher\":{\"@id\":\"https:\\\/\\\/www.encontrapiracicaba.com.br\\\/sobre\\\/#organization\"}}]}\n\t\t<\/script>\n\t\t<!-- All in One SEO -->\n\n","aioseo_head_json":{"title":"41\u00aa Festa das Na\u00e7\u00f5es de Piracicaba recebe visitantes em uma edi\u00e7\u00e3o hist\u00f3rica para auxiliar 21 entidades sociais | Encontra Piracicaba","description":"","canonical_url":"https:\/\/www.encontrapiracicaba.com.br\/sobre\/41a-festa-das-nacoes-de-piracicaba-recebe-visitantes-em-uma-edicao-historica-para-auxiliar-21-entidades-sociais\/","robots":"max-image-preview:large","keywords":"","webmasterTools":{"miscellaneous":""},"schema":{"@context":"https:\/\/schema.org","@graph":[{"@type":"Article","@id":"https:\/\/www.encontrapiracicaba.com.br\/sobre\/41a-festa-das-nacoes-de-piracicaba-recebe-visitantes-em-uma-edicao-historica-para-auxiliar-21-entidades-sociais\/#article","name":"41\u00aa Festa das Na\u00e7\u00f5es de Piracicaba recebe visitantes em uma edi\u00e7\u00e3o hist\u00f3rica para auxiliar 21 entidades sociais | Encontra Piracicaba","headline":"41\u00aa Festa das Na\u00e7\u00f5es de Piracicaba recebe visitantes em uma edi\u00e7\u00e3o hist\u00f3rica para auxiliar 21 entidades sociais","author":{"@id":"https:\/\/www.encontrapiracicaba.com.br\/sobre\/author\/epiracicaba\/#author"},"publisher":{"@id":"https:\/\/www.encontrapiracicaba.com.br\/sobre\/#organization"},"image":{"@type":"ImageObject","url":"https:\/\/www.encontrapiracicaba.com.br\/sobre\/wp-content\/uploads\/41-festa-das-nacoes-de-piracicaba-recebe-visitantes-em-uma-edicao-historica-para-auxiliar-21-entidad.webp","width":280,"height":280,"caption":"41\u00aa Festa das Na\u00e7\u00f5es de Piracicaba"},"datePublished":"2026-05-22T11:15:36-03:00","dateModified":"2026-05-22T11:15:36-03:00","inLanguage":"pt-BR","mainEntityOfPage":{"@id":"https:\/\/www.encontrapiracicaba.com.br\/sobre\/41a-festa-das-nacoes-de-piracicaba-recebe-visitantes-em-uma-edicao-historica-para-auxiliar-21-entidades-sociais\/#webpage"},"isPartOf":{"@id":"https:\/\/www.encontrapiracicaba.com.br\/sobre\/41a-festa-das-nacoes-de-piracicaba-recebe-visitantes-em-uma-edicao-historica-para-auxiliar-21-entidades-sociais\/#webpage"},"articleSection":"Not\u00edcias Piracicaba"},{"@type":"BreadcrumbList","@id":"https:\/\/www.encontrapiracicaba.com.br\/sobre\/41a-festa-das-nacoes-de-piracicaba-recebe-visitantes-em-uma-edicao-historica-para-auxiliar-21-entidades-sociais\/#breadcrumblist","itemListElement":[{"@type":"ListItem","@id":"https:\/\/www.encontrapiracicaba.com.br\/sobre#listItem","position":1,"name":"In\u00edcio","item":"https:\/\/www.encontrapiracicaba.com.br\/sobre","nextItem":{"@type":"ListItem","@id":"https:\/\/www.encontrapiracicaba.com.br\/sobre\/noticias-em-piracicaba\/#listItem","name":"Not\u00edcias Piracicaba"}},{"@type":"ListItem","@id":"https:\/\/www.encontrapiracicaba.com.br\/sobre\/noticias-em-piracicaba\/#listItem","position":2,"name":"Not\u00edcias Piracicaba","item":"https:\/\/www.encontrapiracicaba.com.br\/sobre\/noticias-em-piracicaba\/","nextItem":{"@type":"ListItem","@id":"https:\/\/www.encontrapiracicaba.com.br\/sobre\/41a-festa-das-nacoes-de-piracicaba-recebe-visitantes-em-uma-edicao-historica-para-auxiliar-21-entidades-sociais\/#listItem","name":"41\u00aa Festa das Na\u00e7\u00f5es de Piracicaba recebe visitantes em uma edi\u00e7\u00e3o hist\u00f3rica para auxiliar 21 entidades sociais"},"previousItem":{"@type":"ListItem","@id":"https:\/\/www.encontrapiracicaba.com.br\/sobre#listItem","name":"In\u00edcio"}},{"@type":"ListItem","@id":"https:\/\/www.encontrapiracicaba.com.br\/sobre\/41a-festa-das-nacoes-de-piracicaba-recebe-visitantes-em-uma-edicao-historica-para-auxiliar-21-entidades-sociais\/#listItem","position":3,"name":"41\u00aa Festa das Na\u00e7\u00f5es de Piracicaba recebe visitantes em uma edi\u00e7\u00e3o hist\u00f3rica para auxiliar 21 entidades sociais","previousItem":{"@type":"ListItem","@id":"https:\/\/www.encontrapiracicaba.com.br\/sobre\/noticias-em-piracicaba\/#listItem","name":"Not\u00edcias Piracicaba"}}]},{"@type":"Organization","@id":"https:\/\/www.encontrapiracicaba.com.br\/sobre\/#organization","name":"Encontra Piracicaba","description":"Not\u00edcias, eventos, informa\u00e7\u00f5es e dicas na cidade de Piracicaba e regi\u00e3o","url":"https:\/\/www.encontrapiracicaba.com.br\/sobre\/"},{"@type":"Person","@id":"https:\/\/www.encontrapiracicaba.com.br\/sobre\/author\/epiracicaba\/#author","url":"https:\/\/www.encontrapiracicaba.com.br\/sobre\/author\/epiracicaba\/","name":"Encontra Piracicaba","image":{"@type":"ImageObject","@id":"https:\/\/www.encontrapiracicaba.com.br\/sobre\/41a-festa-das-nacoes-de-piracicaba-recebe-visitantes-em-uma-edicao-historica-para-auxiliar-21-entidades-sociais\/#authorImage","url":"https:\/\/secure.gravatar.com\/avatar\/507340682b8270222e1f208e23198b6ae7e2c6a1033ae84e99bc6bce4f82a387?s=96&d=mm&r=g","width":96,"height":96,"caption":"Encontra Piracicaba"}},{"@type":"WebPage","@id":"https:\/\/www.encontrapiracicaba.com.br\/sobre\/41a-festa-das-nacoes-de-piracicaba-recebe-visitantes-em-uma-edicao-historica-para-auxiliar-21-entidades-sociais\/#webpage","url":"https:\/\/www.encontrapiracicaba.com.br\/sobre\/41a-festa-das-nacoes-de-piracicaba-recebe-visitantes-em-uma-edicao-historica-para-auxiliar-21-entidades-sociais\/","name":"41\u00aa Festa das Na\u00e7\u00f5es de Piracicaba recebe visitantes em uma edi\u00e7\u00e3o hist\u00f3rica para auxiliar 21 entidades sociais | Encontra Piracicaba","inLanguage":"pt-BR","isPartOf":{"@id":"https:\/\/www.encontrapiracicaba.com.br\/sobre\/#website"},"breadcrumb":{"@id":"https:\/\/www.encontrapiracicaba.com.br\/sobre\/41a-festa-das-nacoes-de-piracicaba-recebe-visitantes-em-uma-edicao-historica-para-auxiliar-21-entidades-sociais\/#breadcrumblist"},"author":{"@id":"https:\/\/www.encontrapiracicaba.com.br\/sobre\/author\/epiracicaba\/#author"},"creator":{"@id":"https:\/\/www.encontrapiracicaba.com.br\/sobre\/author\/epiracicaba\/#author"},"image":{"@type":"ImageObject","url":"https:\/\/www.encontrapiracicaba.com.br\/sobre\/wp-content\/uploads\/41-festa-das-nacoes-de-piracicaba-recebe-visitantes-em-uma-edicao-historica-para-auxiliar-21-entidad.webp","@id":"https:\/\/www.encontrapiracicaba.com.br\/sobre\/41a-festa-das-nacoes-de-piracicaba-recebe-visitantes-em-uma-edicao-historica-para-auxiliar-21-entidades-sociais\/#mainImage","width":280,"height":280,"caption":"41\u00aa Festa das Na\u00e7\u00f5es de Piracicaba"},"primaryImageOfPage":{"@id":"https:\/\/www.encontrapiracicaba.com.br\/sobre\/41a-festa-das-nacoes-de-piracicaba-recebe-visitantes-em-uma-edicao-historica-para-auxiliar-21-entidades-sociais\/#mainImage"},"datePublished":"2026-05-22T11:15:36-03:00","dateModified":"2026-05-22T11:15:36-03:00"},{"@type":"WebSite","@id":"https:\/\/www.encontrapiracicaba.com.br\/sobre\/#website","url":"https:\/\/www.encontrapiracicaba.com.br\/sobre\/","name":"Encontra Piracicaba","description":"Not\u00edcias, eventos, informa\u00e7\u00f5es e dicas na cidade de Piracicaba e regi\u00e3o","inLanguage":"pt-BR","publisher":{"@id":"https:\/\/www.encontrapiracicaba.com.br\/sobre\/#organization"}}]},"og:locale":"pt_BR","og:site_name":"Encontra Piracicaba | Not\u00edcias, eventos, informa\u00e7\u00f5es e dicas na cidade de Piracicaba e regi\u00e3o","og:type":"article","og:title":"41\u00aa Festa das Na\u00e7\u00f5es de Piracicaba recebe visitantes em uma edi\u00e7\u00e3o hist\u00f3rica para auxiliar 21 entidades sociais | Encontra Piracicaba","og:url":"https:\/\/www.encontrapiracicaba.com.br\/sobre\/41a-festa-das-nacoes-de-piracicaba-recebe-visitantes-em-uma-edicao-historica-para-auxiliar-21-entidades-sociais\/","article:published_time":"2026-05-22T14:15:36+00:00","article:modified_time":"2026-05-22T14:15:36+00:00","twitter:card":"summary","twitter:title":"41\u00aa Festa das Na\u00e7\u00f5es de Piracicaba recebe visitantes em uma edi\u00e7\u00e3o hist\u00f3rica para auxiliar 21 entidades sociais | Encontra Piracicaba"},"aioseo_meta_data":{"post_id":"4598","title":null,"description":null,"keywords":null,"keyphrases":null,"primary_term":null,"canonical_url":null,"og_title":null,"og_description":null,"og_object_type":"default","og_image_type":"default","og_image_url":null,"og_image_width":null,"og_image_height":null,"og_image_custom_url":null,"og_image_custom_fields":null,"og_video":null,"og_custom_url":null,"og_article_section":null,"og_article_tags":null,"twitter_use_og":false,"twitter_card":"default","twitter_image_type":"default","twitter_image_url":null,"twitter_image_custom_url":null,"twitter_image_custom_fields":null,"twitter_title":null,"twitter_description":null,"schema":{"blockGraphs":[],"customGraphs":[],"default":{"data":{"Article":[],"Course":[],"Dataset":[],"FAQPage":[],"Movie":[],"Person":[],"Product":[],"ProductReview":[],"Car":[],"Recipe":[],"Service":[],"SoftwareApplication":[],"WebPage":[]},"graphName":"Article","isEnabled":true},"graphs":[]},"schema_type":"default","schema_type_options":null,"pillar_content":false,"robots_default":true,"robots_noindex":false,"robots_noarchive":false,"robots_nosnippet":false,"robots_nofollow":false,"robots_noimageindex":false,"robots_noodp":false,"robots_notranslate":false,"robots_max_snippet":null,"robots_max_videopreview":null,"robots_max_imagepreview":"large","priority":null,"frequency":null,"local_seo":null,"breadcrumb_settings":null,"limit_modified_date":false,"ai":null,"created":"2026-05-22 14:15:42","updated":"2026-05-22 14:21:41","focus_keyword":null,"additional_keywords":null,"truseo_locale":null,"seo_analyzer_scan_date":null},"aioseo_breadcrumb":"<div class=\"aioseo-breadcrumbs\"><span class=\"aioseo-breadcrumb\">\n\t\t\t<a href=\"https:\/\/www.encontrapiracicaba.com.br\/sobre\" title=\"In\u00edcio\">In\u00edcio<\/a>\n\t\t<\/span><span class=\"aioseo-breadcrumb-separator\">&raquo;<\/span><span class=\"aioseo-breadcrumb\">\n\t\t\t<a href=\"https:\/\/www.encontrapiracicaba.com.br\/sobre\/noticias-em-piracicaba\/\" title=\"Not\u00edcias Piracicaba\">Not\u00edcias Piracicaba<\/a>\n\t\t<\/span><span class=\"aioseo-breadcrumb-separator\">&raquo;<\/span><span class=\"aioseo-breadcrumb\">\n\t\t\t41\u00aa Festa das Na\u00e7\u00f5es de Piracicaba recebe visitantes em uma edi\u00e7\u00e3o hist\u00f3rica para auxiliar 21 entidades sociais\n\t\t<\/span><\/div>","aioseo_breadcrumb_json":[{"label":"In\u00edcio","link":"https:\/\/www.encontrapiracicaba.com.br\/sobre"},{"label":"Not\u00edcias Piracicaba","link":"https:\/\/www.encontrapiracicaba.com.br\/sobre\/noticias-em-piracicaba\/"},{"label":"41\u00aa Festa das Na\u00e7\u00f5es de Piracicaba recebe visitantes em uma edi\u00e7\u00e3o hist\u00f3rica para auxiliar 21 entidades sociais","link":"https:\/\/www.encontrapiracicaba.com.br\/sobre\/41a-festa-das-nacoes-de-piracicaba-recebe-visitantes-em-uma-edicao-historica-para-auxiliar-21-entidades-sociais\/"}],"_links":{"self":[{"href":"https:\/\/www.encontrapiracicaba.com.br\/sobre\/wp-json\/wp\/v2\/posts\/4598","targetHints":{"allow":["GET"]}}],"collection":[{"href":"https:\/\/www.encontrapiracicaba.com.br\/sobre\/wp-json\/wp\/v2\/posts"}],"about":[{"href":"https:\/\/www.encontrapiracicaba.com.br\/sobre\/wp-json\/wp\/v2\/types\/post"}],"author":[{"embeddable":true,"href":"https:\/\/www.encontrapiracicaba.com.br\/sobre\/wp-json\/wp\/v2\/users\/1"}],"replies":[{"embeddable":true,"href":"https:\/\/www.encontrapiracicaba.com.br\/sobre\/wp-json\/wp\/v2\/comments?post=4598"}],"version-history":[{"count":0,"href":"https:\/\/www.encontrapiracicaba.com.br\/sobre\/wp-json\/wp\/v2\/posts\/4598\/revisions"}],"wp:featuredmedia":[{"embeddable":true,"href":"https:\/\/www.encontrapiracicaba.com.br\/sobre\/wp-json\/wp\/v2\/media\/4597"}],"wp:attachment":[{"href":"https:\/\/www.encontrapiracicaba.com.br\/sobre\/wp-json\/wp\/v2\/media?parent=4598"}],"wp:term":[{"taxonomy":"category","embeddable":true,"href":"https:\/\/www.encontrapiracicaba.com.br\/sobre\/wp-json\/wp\/v2\/categories?post=4598"},{"taxonomy":"post_tag","embeddable":true,"href":"https:\/\/www.encontrapiracicaba.com.br\/sobre\/wp-json\/wp\/v2\/tags?post=4598"}],"curies":[{"name":"wp","href":"https:\/\/api.w.org\/{rel}","templated":true}]}}