{"id":4607,"date":"2026-05-25T10:16:01","date_gmt":"2026-05-25T13:16:01","guid":{"rendered":"https:\/\/www.encontrapiracicaba.com.br\/sobre\/vereadores-destacam-eta-luiz-de-queiroz-em-beneficio-a-120-mil-piracicabanos\/"},"modified":"2026-05-25T10:16:01","modified_gmt":"2026-05-25T13:16:01","slug":"vereadores-destacam-eta-luiz-de-queiroz-em-beneficio-a-120-mil-piracicabanos","status":"publish","type":"post","link":"https:\/\/www.encontrapiracicaba.com.br\/sobre\/vereadores-destacam-eta-luiz-de-queiroz-em-beneficio-a-120-mil-piracicabanos\/","title":{"rendered":"Vereadores destacam ETA Luiz de Queiroz em benef\u00edcio a 120 mil piracicabanos"},"content":{"rendered":"<div class=\"85df007ed5c0c4d4b453fd13a37855e8\" data-index=\"1\" style=\"float: none; margin:0px;\">\n<!-- Anuncio display - global -->\r\n<ins class=\"adsbygoogle\"\r\n     style=\"display:block\"\r\n     data-ad-client=\"ca-pub-8585364105181520\"\r\n     data-ad-slot=\"8789329856\"\r\n     data-ad-format=\"auto\"\r\n     data-full-width-responsive=\"true\"><\/ins>\r\n<script>\r\n     (adsbygoogle = window.adsbygoogle || []).push({});\r\n<\/script>\n<\/div>\n<h2>Impacto da Moderniza\u00e7\u00e3o na Comunidade<\/h2>\n<p>Recentemente, a moderniza\u00e7\u00e3o da Esta\u00e7\u00e3o de Tratamento de \u00c1gua (ETA) Luiz de Queiroz foi celebrada, trazendo melhorias significativas para a comunidade de Piracicaba. A iniciativa envolveu um investimento superior a R$ 9 milh\u00f5es, voltado a atender uma popula\u00e7\u00e3o de mais de 120 mil moradores. Essa moderniza\u00e7\u00e3o n\u00e3o apenas ampliou a capacidade de distribui\u00e7\u00e3o de \u00e1gua, mas tamb\u00e9m buscou garantir a qualidade do abastecimento, refletindo diretamente na sa\u00fade e bem-estar dos cidad\u00e3os.<\/p>\n<h2>Import\u00e2ncia da ETA para o Saneamento<\/h2>\n<p>A ETA Luiz de Queiroz desempenha um papel essencial no sistema de saneamento da cidade. Com a crescente demanda por \u00e1gua e a necessidade de garantir que os moradores tenham acesso a \u00e1gua tratada de qualidade, a moderniza\u00e7\u00e3o da esta\u00e7\u00e3o se torna um passo crucial. O tratamento adequado da \u00e1gua n\u00e3o apenas assegura a disponibilidade, mas tamb\u00e9m previne doen\u00e7as transmitidas por \u00e1gua contaminada.<\/p>\n<h2>Melhorias Estruturais Realizadas<\/h2>\n<p>As melhorias realizadas na ETA inclu\u00edram a atualiza\u00e7\u00e3o dos decantadores e a transforma\u00e7\u00e3o do sistema de filtragem. A instala\u00e7\u00e3o de novos m\u00f3dulos tubulares e canaletas aumentou a efici\u00eancia na sedimenta\u00e7\u00e3o da \u00e1gua. Al\u00e9m disso, a substitui\u00e7\u00e3o dos materiais em cinco filtros garantiu uma filtragem mais eficaz, resultando em um produto final de qualidade superior. O uso de raspadores mecanizados para remo\u00e7\u00e3o do lodo tamb\u00e9m eliminou paradas no processo de filtragem, tornando a opera\u00e7\u00e3o mais cont\u00ednua e eficiente.<\/p>\n<h2>Capta\u00e7\u00e3o de \u00c1gua e suas Vantagens<\/h2>\n<p>A capta\u00e7\u00e3o de \u00e1gua da ETA \u00e9 feita diretamente do Rio Piracicaba, um recurso vital para a cidade. As novas instala\u00e7\u00f5es n\u00e3o apenas otimizam o tratamento da \u00e1gua, mas tamb\u00e9m viabilizam a constru\u00e7\u00e3o de reservat\u00f3rios que permitir\u00e3o um armazenamento maior e uma distribui\u00e7\u00e3o mais uniforme durante per\u00edodos de alta demanda. Isso \u00e9 especialmente importante em \u00e9pocas de seca ou quando a popula\u00e7\u00e3o cresce rapidamente.<\/p>\n<h2>Contribui\u00e7\u00f5es para a Sa\u00fade P\u00fablica<\/h2>\n<p>A moderniza\u00e7\u00e3o da ETA Luiz de Queiroz est\u00e1 diretamente ligada \u00e0 sa\u00fade p\u00fablica dos piracicabanos. Com a melhora na qualidade da \u00e1gua distribu\u00edda, as chances de doen\u00e7as transmitidas por \u00e1gua, como c\u00f3lera e hepatite, s\u00e3o significativamente reduzidas. \u00c9 um investimento que reafirma o compromisso das autoridades p\u00fablicas com a sa\u00fade e prote\u00e7\u00e3o da comunidade.<\/p>\n<h2>Aumento na Capacidade de Tratamento<\/h2>\n<p>A capacidade da ETA foi expandida de 64,8 milh\u00f5es de litros para at\u00e9 86,4 milh\u00f5es de litros por dia. Esta amplia\u00e7\u00e3o \u00e9 fundamental n\u00e3o apenas para atender a popula\u00e7\u00e3o atual, mas tamb\u00e9m para acomodar o crescimento futuro da cidade. Com uma previs\u00e3o de aumento populacional, a moderniza\u00e7\u00e3o garante que a infraestrutura possa acompanhar essa evolu\u00e7\u00e3o.<\/p>\n<h2>Processo de Automatiza\u00e7\u00e3o Implementado<\/h2>\n<p>Outro aspecto significativo da moderniza\u00e7\u00e3o foi a implementa\u00e7\u00e3o de um sistema automatizado que visa a efici\u00eancia na opera\u00e7\u00e3o da esta\u00e7\u00e3o. Com a automa\u00e7\u00e3o, diversas etapas do tratamento de \u00e1gua podem ser monitoradas e controladas em tempo real, permitindo uma gest\u00e3o mais \u00e1gil e assertiva. Essa tecnologia reduz erros humanos e melhora a performance do sistema.<\/p>\n<h2>Desafios do Abastecimento Anterior<\/h2>\n<p>Antes da moderniza\u00e7\u00e3o, a ETA Luiz de Queiroz enfrentava v\u00e1rios desafios. A falta de investimentos ao longo dos anos resultou em limita\u00e7\u00f5es operacionais e na qualidade do servi\u00e7o prestado. Em 2025, a cidade enfrentou crises h\u00eddricas que afetaram diretamente a popula\u00e7\u00e3o, com v\u00e1rios bairros relatando escassez de \u00e1gua. A reestrutura\u00e7\u00e3o da esta\u00e7\u00e3o foi vista como uma solu\u00e7\u00e3o necess\u00e1ria para resolver esses problemas.<\/p>\n<h2>Depoimentos de Parlamentares e Cidad\u00e3os<\/h2>\n<p>Durante a cerim\u00f4nia de entrega da moderniza\u00e7\u00e3o, diversos parlamentares e l\u00edderes comunit\u00e1rios destacaram a import\u00e2ncia da obra. O vereador Pedro Kawai enfatizou o impacto positivo na qualidade da \u00e1gua, enquanto Renan Paes ressaltou a import\u00e2ncia de investimentos cont\u00ednuos para garantir o abastecimento. Moradores tamb\u00e9m expressaram sua satisfa\u00e7\u00e3o com as melhorias, reconhecendo o esfor\u00e7o das autoridades para proporcionar um servi\u00e7o de qualidade.<\/p>\n<h2>O Futuro do Abastecimento em Piracicaba<\/h2>\n<p>O futuro do abastecimento em Piracicaba, com a moderniza\u00e7\u00e3o da ETA Luiz de Queiroz, parece mais promissor. As melhorias estruturais e tecnol\u00f3gicas n\u00e3o s\u00f3 atender\u00e3o \u00e0 demanda presente, mas tamb\u00e9m se preparar\u00e3o para as necessidades futuras. Al\u00e9m disso, as obras em curso, como a constru\u00e7\u00e3o de novos reservat\u00f3rios e a instala\u00e7\u00e3o de adutoras, ampliam ainda mais as capacidades de abastecimento, garantindo que a cidade continue a prosperar sem os desafios relacionados \u00e0 \u00e1gua.<\/p>\n<h2>Considera\u00e7\u00f5es Finais<\/h2>\n<p>Em suma, a moderniza\u00e7\u00e3o da ETA Luiz de Queiroz representa um avan\u00e7o significativo no fornecimento de \u00e1gua tratada em Piracicaba. Com investimentos robustos e melhorias estruturais, \u00e9 poss\u00edvel garantir um abastecimento mais seguro e de qualidade para a popula\u00e7\u00e3o, refor\u00e7ando a sa\u00fade p\u00fablica e contribuindo para o desenvolvimento sustent\u00e1vel da regi\u00e3o.<\/p>\n\n<div style=\"font-size: 0px; height: 0px; line-height: 0px; margin: 0; padding: 0; clear: both;\"><\/div>","protected":false},"excerpt":{"rendered":"<p>A moderniza\u00e7\u00e3o da ETA Luiz de Queiroz traz melhorias significativas para Piracicaba.<\/p>\n","protected":false},"author":1,"featured_media":0,"comment_status":"closed","ping_status":"closed","sticky":false,"template":"","format":"standard","meta":{"footnotes":""},"categories":[6],"tags":[],"class_list":["post-4607","post","type-post","status-publish","format-standard","hentry","category-noticias-em-piracicaba"],"aioseo_notices":[],"aioseo_head":"\n\t\t<!-- All in One SEO 5.0.0.1 - aioseo.com -->\n\t<meta name=\"robots\" content=\"max-image-preview:large\" \/>\n\t<meta name=\"author\" content=\"Encontra Piracicaba\"\/>\n\t<link rel=\"canonical\" href=\"https:\/\/www.encontrapiracicaba.com.br\/sobre\/vereadores-destacam-eta-luiz-de-queiroz-em-beneficio-a-120-mil-piracicabanos\/\" \/>\n\t<meta name=\"generator\" content=\"All in One SEO (AIOSEO) 5.0.0.1\" \/>\n\t\t<meta property=\"og:locale\" content=\"pt_BR\" \/>\n\t\t<meta property=\"og:site_name\" content=\"Encontra Piracicaba | Not\u00edcias, eventos, informa\u00e7\u00f5es e dicas na cidade de Piracicaba e regi\u00e3o\" \/>\n\t\t<meta property=\"og:type\" content=\"article\" \/>\n\t\t<meta property=\"og:title\" content=\"Vereadores destacam ETA Luiz de Queiroz em benef\u00edcio a 120 mil piracicabanos | Encontra Piracicaba\" \/>\n\t\t<meta property=\"og:url\" content=\"https:\/\/www.encontrapiracicaba.com.br\/sobre\/vereadores-destacam-eta-luiz-de-queiroz-em-beneficio-a-120-mil-piracicabanos\/\" \/>\n\t\t<meta property=\"article:published_time\" content=\"2026-05-25T13:16:01+00:00\" \/>\n\t\t<meta property=\"article:modified_time\" content=\"2026-05-25T13:16:01+00:00\" \/>\n\t\t<meta name=\"twitter:card\" content=\"summary\" \/>\n\t\t<meta name=\"twitter:title\" content=\"Vereadores destacam ETA Luiz de Queiroz em benef\u00edcio a 120 mil piracicabanos | Encontra Piracicaba\" \/>\n\t\t<script type=\"application\/ld+json\" class=\"aioseo-schema\">\n\t\t\t{\"@context\":\"https:\\\/\\\/schema.org\",\"@graph\":[{\"@type\":\"Article\",\"@id\":\"https:\\\/\\\/www.encontrapiracicaba.com.br\\\/sobre\\\/vereadores-destacam-eta-luiz-de-queiroz-em-beneficio-a-120-mil-piracicabanos\\\/#article\",\"name\":\"Vereadores destacam ETA Luiz de Queiroz em benef\\u00edcio a 120 mil piracicabanos | Encontra Piracicaba\",\"headline\":\"Vereadores destacam ETA Luiz de Queiroz em benef\\u00edcio a 120 mil piracicabanos\",\"author\":{\"@id\":\"https:\\\/\\\/www.encontrapiracicaba.com.br\\\/sobre\\\/author\\\/epiracicaba\\\/#author\"},\"publisher\":{\"@id\":\"https:\\\/\\\/www.encontrapiracicaba.com.br\\\/sobre\\\/#organization\"},\"datePublished\":\"2026-05-25T10:16:01-03:00\",\"dateModified\":\"2026-05-25T10:16:01-03:00\",\"inLanguage\":\"pt-BR\",\"mainEntityOfPage\":{\"@id\":\"https:\\\/\\\/www.encontrapiracicaba.com.br\\\/sobre\\\/vereadores-destacam-eta-luiz-de-queiroz-em-beneficio-a-120-mil-piracicabanos\\\/#webpage\"},\"isPartOf\":{\"@id\":\"https:\\\/\\\/www.encontrapiracicaba.com.br\\\/sobre\\\/vereadores-destacam-eta-luiz-de-queiroz-em-beneficio-a-120-mil-piracicabanos\\\/#webpage\"},\"articleSection\":\"Not\\u00edcias Piracicaba\"},{\"@type\":\"BreadcrumbList\",\"@id\":\"https:\\\/\\\/www.encontrapiracicaba.com.br\\\/sobre\\\/vereadores-destacam-eta-luiz-de-queiroz-em-beneficio-a-120-mil-piracicabanos\\\/#breadcrumblist\",\"itemListElement\":[{\"@type\":\"ListItem\",\"@id\":\"https:\\\/\\\/www.encontrapiracicaba.com.br\\\/sobre#listItem\",\"position\":1,\"name\":\"In\\u00edcio\",\"item\":\"https:\\\/\\\/www.encontrapiracicaba.com.br\\\/sobre\",\"nextItem\":{\"@type\":\"ListItem\",\"@id\":\"https:\\\/\\\/www.encontrapiracicaba.com.br\\\/sobre\\\/noticias-em-piracicaba\\\/#listItem\",\"name\":\"Not\\u00edcias Piracicaba\"}},{\"@type\":\"ListItem\",\"@id\":\"https:\\\/\\\/www.encontrapiracicaba.com.br\\\/sobre\\\/noticias-em-piracicaba\\\/#listItem\",\"position\":2,\"name\":\"Not\\u00edcias Piracicaba\",\"item\":\"https:\\\/\\\/www.encontrapiracicaba.com.br\\\/sobre\\\/noticias-em-piracicaba\\\/\",\"nextItem\":{\"@type\":\"ListItem\",\"@id\":\"https:\\\/\\\/www.encontrapiracicaba.com.br\\\/sobre\\\/vereadores-destacam-eta-luiz-de-queiroz-em-beneficio-a-120-mil-piracicabanos\\\/#listItem\",\"name\":\"Vereadores destacam ETA Luiz de Queiroz em benef\\u00edcio a 120 mil piracicabanos\"},\"previousItem\":{\"@type\":\"ListItem\",\"@id\":\"https:\\\/\\\/www.encontrapiracicaba.com.br\\\/sobre#listItem\",\"name\":\"In\\u00edcio\"}},{\"@type\":\"ListItem\",\"@id\":\"https:\\\/\\\/www.encontrapiracicaba.com.br\\\/sobre\\\/vereadores-destacam-eta-luiz-de-queiroz-em-beneficio-a-120-mil-piracicabanos\\\/#listItem\",\"position\":3,\"name\":\"Vereadores destacam ETA Luiz de Queiroz em benef\\u00edcio a 120 mil piracicabanos\",\"previousItem\":{\"@type\":\"ListItem\",\"@id\":\"https:\\\/\\\/www.encontrapiracicaba.com.br\\\/sobre\\\/noticias-em-piracicaba\\\/#listItem\",\"name\":\"Not\\u00edcias Piracicaba\"}}]},{\"@type\":\"Organization\",\"@id\":\"https:\\\/\\\/www.encontrapiracicaba.com.br\\\/sobre\\\/#organization\",\"name\":\"Encontra Piracicaba\",\"description\":\"Not\\u00edcias, eventos, informa\\u00e7\\u00f5es e dicas na cidade de Piracicaba e regi\\u00e3o\",\"url\":\"https:\\\/\\\/www.encontrapiracicaba.com.br\\\/sobre\\\/\"},{\"@type\":\"Person\",\"@id\":\"https:\\\/\\\/www.encontrapiracicaba.com.br\\\/sobre\\\/author\\\/epiracicaba\\\/#author\",\"url\":\"https:\\\/\\\/www.encontrapiracicaba.com.br\\\/sobre\\\/author\\\/epiracicaba\\\/\",\"name\":\"Encontra Piracicaba\",\"image\":{\"@type\":\"ImageObject\",\"@id\":\"https:\\\/\\\/www.encontrapiracicaba.com.br\\\/sobre\\\/vereadores-destacam-eta-luiz-de-queiroz-em-beneficio-a-120-mil-piracicabanos\\\/#authorImage\",\"url\":\"https:\\\/\\\/secure.gravatar.com\\\/avatar\\\/507340682b8270222e1f208e23198b6ae7e2c6a1033ae84e99bc6bce4f82a387?s=96&d=mm&r=g\",\"width\":96,\"height\":96,\"caption\":\"Encontra Piracicaba\"}},{\"@type\":\"WebPage\",\"@id\":\"https:\\\/\\\/www.encontrapiracicaba.com.br\\\/sobre\\\/vereadores-destacam-eta-luiz-de-queiroz-em-beneficio-a-120-mil-piracicabanos\\\/#webpage\",\"url\":\"https:\\\/\\\/www.encontrapiracicaba.com.br\\\/sobre\\\/vereadores-destacam-eta-luiz-de-queiroz-em-beneficio-a-120-mil-piracicabanos\\\/\",\"name\":\"Vereadores destacam ETA Luiz de Queiroz em benef\\u00edcio a 120 mil piracicabanos | Encontra Piracicaba\",\"inLanguage\":\"pt-BR\",\"isPartOf\":{\"@id\":\"https:\\\/\\\/www.encontrapiracicaba.com.br\\\/sobre\\\/#website\"},\"breadcrumb\":{\"@id\":\"https:\\\/\\\/www.encontrapiracicaba.com.br\\\/sobre\\\/vereadores-destacam-eta-luiz-de-queiroz-em-beneficio-a-120-mil-piracicabanos\\\/#breadcrumblist\"},\"author\":{\"@id\":\"https:\\\/\\\/www.encontrapiracicaba.com.br\\\/sobre\\\/author\\\/epiracicaba\\\/#author\"},\"creator\":{\"@id\":\"https:\\\/\\\/www.encontrapiracicaba.com.br\\\/sobre\\\/author\\\/epiracicaba\\\/#author\"},\"datePublished\":\"2026-05-25T10:16:01-03:00\",\"dateModified\":\"2026-05-25T10:16:01-03:00\"},{\"@type\":\"WebSite\",\"@id\":\"https:\\\/\\\/www.encontrapiracicaba.com.br\\\/sobre\\\/#website\",\"url\":\"https:\\\/\\\/www.encontrapiracicaba.com.br\\\/sobre\\\/\",\"name\":\"Encontra Piracicaba\",\"description\":\"Not\\u00edcias, eventos, informa\\u00e7\\u00f5es e dicas na cidade de Piracicaba e regi\\u00e3o\",\"inLanguage\":\"pt-BR\",\"publisher\":{\"@id\":\"https:\\\/\\\/www.encontrapiracicaba.com.br\\\/sobre\\\/#organization\"}}]}\n\t\t<\/script>\n\t\t<!-- All in One SEO -->\n\n","aioseo_head_json":{"title":"Vereadores destacam ETA Luiz de Queiroz em benef\u00edcio a 120 mil piracicabanos | Encontra Piracicaba","description":"","canonical_url":"https:\/\/www.encontrapiracicaba.com.br\/sobre\/vereadores-destacam-eta-luiz-de-queiroz-em-beneficio-a-120-mil-piracicabanos\/","robots":"max-image-preview:large","keywords":"","webmasterTools":{"miscellaneous":""},"schema":{"@context":"https:\/\/schema.org","@graph":[{"@type":"Article","@id":"https:\/\/www.encontrapiracicaba.com.br\/sobre\/vereadores-destacam-eta-luiz-de-queiroz-em-beneficio-a-120-mil-piracicabanos\/#article","name":"Vereadores destacam ETA Luiz de Queiroz em benef\u00edcio a 120 mil piracicabanos | Encontra Piracicaba","headline":"Vereadores destacam ETA Luiz de Queiroz em benef\u00edcio a 120 mil piracicabanos","author":{"@id":"https:\/\/www.encontrapiracicaba.com.br\/sobre\/author\/epiracicaba\/#author"},"publisher":{"@id":"https:\/\/www.encontrapiracicaba.com.br\/sobre\/#organization"},"datePublished":"2026-05-25T10:16:01-03:00","dateModified":"2026-05-25T10:16:01-03:00","inLanguage":"pt-BR","mainEntityOfPage":{"@id":"https:\/\/www.encontrapiracicaba.com.br\/sobre\/vereadores-destacam-eta-luiz-de-queiroz-em-beneficio-a-120-mil-piracicabanos\/#webpage"},"isPartOf":{"@id":"https:\/\/www.encontrapiracicaba.com.br\/sobre\/vereadores-destacam-eta-luiz-de-queiroz-em-beneficio-a-120-mil-piracicabanos\/#webpage"},"articleSection":"Not\u00edcias Piracicaba"},{"@type":"BreadcrumbList","@id":"https:\/\/www.encontrapiracicaba.com.br\/sobre\/vereadores-destacam-eta-luiz-de-queiroz-em-beneficio-a-120-mil-piracicabanos\/#breadcrumblist","itemListElement":[{"@type":"ListItem","@id":"https:\/\/www.encontrapiracicaba.com.br\/sobre#listItem","position":1,"name":"In\u00edcio","item":"https:\/\/www.encontrapiracicaba.com.br\/sobre","nextItem":{"@type":"ListItem","@id":"https:\/\/www.encontrapiracicaba.com.br\/sobre\/noticias-em-piracicaba\/#listItem","name":"Not\u00edcias Piracicaba"}},{"@type":"ListItem","@id":"https:\/\/www.encontrapiracicaba.com.br\/sobre\/noticias-em-piracicaba\/#listItem","position":2,"name":"Not\u00edcias Piracicaba","item":"https:\/\/www.encontrapiracicaba.com.br\/sobre\/noticias-em-piracicaba\/","nextItem":{"@type":"ListItem","@id":"https:\/\/www.encontrapiracicaba.com.br\/sobre\/vereadores-destacam-eta-luiz-de-queiroz-em-beneficio-a-120-mil-piracicabanos\/#listItem","name":"Vereadores destacam ETA Luiz de Queiroz em benef\u00edcio a 120 mil piracicabanos"},"previousItem":{"@type":"ListItem","@id":"https:\/\/www.encontrapiracicaba.com.br\/sobre#listItem","name":"In\u00edcio"}},{"@type":"ListItem","@id":"https:\/\/www.encontrapiracicaba.com.br\/sobre\/vereadores-destacam-eta-luiz-de-queiroz-em-beneficio-a-120-mil-piracicabanos\/#listItem","position":3,"name":"Vereadores destacam ETA Luiz de Queiroz em benef\u00edcio a 120 mil piracicabanos","previousItem":{"@type":"ListItem","@id":"https:\/\/www.encontrapiracicaba.com.br\/sobre\/noticias-em-piracicaba\/#listItem","name":"Not\u00edcias Piracicaba"}}]},{"@type":"Organization","@id":"https:\/\/www.encontrapiracicaba.com.br\/sobre\/#organization","name":"Encontra Piracicaba","description":"Not\u00edcias, eventos, informa\u00e7\u00f5es e dicas na cidade de Piracicaba e regi\u00e3o","url":"https:\/\/www.encontrapiracicaba.com.br\/sobre\/"},{"@type":"Person","@id":"https:\/\/www.encontrapiracicaba.com.br\/sobre\/author\/epiracicaba\/#author","url":"https:\/\/www.encontrapiracicaba.com.br\/sobre\/author\/epiracicaba\/","name":"Encontra Piracicaba","image":{"@type":"ImageObject","@id":"https:\/\/www.encontrapiracicaba.com.br\/sobre\/vereadores-destacam-eta-luiz-de-queiroz-em-beneficio-a-120-mil-piracicabanos\/#authorImage","url":"https:\/\/secure.gravatar.com\/avatar\/507340682b8270222e1f208e23198b6ae7e2c6a1033ae84e99bc6bce4f82a387?s=96&d=mm&r=g","width":96,"height":96,"caption":"Encontra Piracicaba"}},{"@type":"WebPage","@id":"https:\/\/www.encontrapiracicaba.com.br\/sobre\/vereadores-destacam-eta-luiz-de-queiroz-em-beneficio-a-120-mil-piracicabanos\/#webpage","url":"https:\/\/www.encontrapiracicaba.com.br\/sobre\/vereadores-destacam-eta-luiz-de-queiroz-em-beneficio-a-120-mil-piracicabanos\/","name":"Vereadores destacam ETA Luiz de Queiroz em benef\u00edcio a 120 mil piracicabanos | Encontra Piracicaba","inLanguage":"pt-BR","isPartOf":{"@id":"https:\/\/www.encontrapiracicaba.com.br\/sobre\/#website"},"breadcrumb":{"@id":"https:\/\/www.encontrapiracicaba.com.br\/sobre\/vereadores-destacam-eta-luiz-de-queiroz-em-beneficio-a-120-mil-piracicabanos\/#breadcrumblist"},"author":{"@id":"https:\/\/www.encontrapiracicaba.com.br\/sobre\/author\/epiracicaba\/#author"},"creator":{"@id":"https:\/\/www.encontrapiracicaba.com.br\/sobre\/author\/epiracicaba\/#author"},"datePublished":"2026-05-25T10:16:01-03:00","dateModified":"2026-05-25T10:16:01-03:00"},{"@type":"WebSite","@id":"https:\/\/www.encontrapiracicaba.com.br\/sobre\/#website","url":"https:\/\/www.encontrapiracicaba.com.br\/sobre\/","name":"Encontra Piracicaba","description":"Not\u00edcias, eventos, informa\u00e7\u00f5es e dicas na cidade de Piracicaba e regi\u00e3o","inLanguage":"pt-BR","publisher":{"@id":"https:\/\/www.encontrapiracicaba.com.br\/sobre\/#organization"}}]},"og:locale":"pt_BR","og:site_name":"Encontra Piracicaba | Not\u00edcias, eventos, informa\u00e7\u00f5es e dicas na cidade de Piracicaba e regi\u00e3o","og:type":"article","og:title":"Vereadores destacam ETA Luiz de Queiroz em benef\u00edcio a 120 mil piracicabanos | Encontra Piracicaba","og:url":"https:\/\/www.encontrapiracicaba.com.br\/sobre\/vereadores-destacam-eta-luiz-de-queiroz-em-beneficio-a-120-mil-piracicabanos\/","article:published_time":"2026-05-25T13:16:01+00:00","article:modified_time":"2026-05-25T13:16:01+00:00","twitter:card":"summary","twitter:title":"Vereadores destacam ETA Luiz de Queiroz em benef\u00edcio a 120 mil piracicabanos | Encontra Piracicaba"},"aioseo_meta_data":{"post_id":"4607","title":null,"description":null,"keywords":null,"keyphrases":null,"primary_term":null,"canonical_url":null,"og_title":null,"og_description":null,"og_object_type":"default","og_image_type":"default","og_image_url":null,"og_image_width":null,"og_image_height":null,"og_image_custom_url":null,"og_image_custom_fields":null,"og_video":null,"og_custom_url":null,"og_article_section":null,"og_article_tags":null,"twitter_use_og":false,"twitter_card":"default","twitter_image_type":"default","twitter_image_url":null,"twitter_image_custom_url":null,"twitter_image_custom_fields":null,"twitter_title":null,"twitter_description":null,"schema":{"blockGraphs":[],"customGraphs":[],"default":{"data":{"Article":[],"Course":[],"Dataset":[],"FAQPage":[],"Movie":[],"Person":[],"Product":[],"ProductReview":[],"Car":[],"Recipe":[],"Service":[],"SoftwareApplication":[],"WebPage":[]},"graphName":"Article","isEnabled":true},"graphs":[]},"schema_type":"default","schema_type_options":null,"pillar_content":false,"robots_default":true,"robots_noindex":false,"robots_noarchive":false,"robots_nosnippet":false,"robots_nofollow":false,"robots_noimageindex":false,"robots_noodp":false,"robots_notranslate":false,"robots_max_snippet":null,"robots_max_videopreview":null,"robots_max_imagepreview":"large","priority":null,"frequency":null,"local_seo":null,"breadcrumb_settings":null,"limit_modified_date":false,"ai":null,"created":"2026-05-25 13:16:07","updated":"2026-05-25 13:24:54","focus_keyword":null,"additional_keywords":null,"truseo_locale":null,"seo_analyzer_scan_date":null},"aioseo_breadcrumb":"<div class=\"aioseo-breadcrumbs\"><span class=\"aioseo-breadcrumb\">\n\t\t\t<a href=\"https:\/\/www.encontrapiracicaba.com.br\/sobre\" title=\"In\u00edcio\">In\u00edcio<\/a>\n\t\t<\/span><span class=\"aioseo-breadcrumb-separator\">&raquo;<\/span><span class=\"aioseo-breadcrumb\">\n\t\t\t<a href=\"https:\/\/www.encontrapiracicaba.com.br\/sobre\/noticias-em-piracicaba\/\" title=\"Not\u00edcias Piracicaba\">Not\u00edcias Piracicaba<\/a>\n\t\t<\/span><span class=\"aioseo-breadcrumb-separator\">&raquo;<\/span><span class=\"aioseo-breadcrumb\">\n\t\t\tVereadores destacam ETA Luiz de Queiroz em benef\u00edcio a 120 mil piracicabanos\n\t\t<\/span><\/div>","aioseo_breadcrumb_json":[{"label":"In\u00edcio","link":"https:\/\/www.encontrapiracicaba.com.br\/sobre"},{"label":"Not\u00edcias Piracicaba","link":"https:\/\/www.encontrapiracicaba.com.br\/sobre\/noticias-em-piracicaba\/"},{"label":"Vereadores destacam ETA Luiz de Queiroz em benef\u00edcio a 120 mil piracicabanos","link":"https:\/\/www.encontrapiracicaba.com.br\/sobre\/vereadores-destacam-eta-luiz-de-queiroz-em-beneficio-a-120-mil-piracicabanos\/"}],"_links":{"self":[{"href":"https:\/\/www.encontrapiracicaba.com.br\/sobre\/wp-json\/wp\/v2\/posts\/4607","targetHints":{"allow":["GET"]}}],"collection":[{"href":"https:\/\/www.encontrapiracicaba.com.br\/sobre\/wp-json\/wp\/v2\/posts"}],"about":[{"href":"https:\/\/www.encontrapiracicaba.com.br\/sobre\/wp-json\/wp\/v2\/types\/post"}],"author":[{"embeddable":true,"href":"https:\/\/www.encontrapiracicaba.com.br\/sobre\/wp-json\/wp\/v2\/users\/1"}],"replies":[{"embeddable":true,"href":"https:\/\/www.encontrapiracicaba.com.br\/sobre\/wp-json\/wp\/v2\/comments?post=4607"}],"version-history":[{"count":0,"href":"https:\/\/www.encontrapiracicaba.com.br\/sobre\/wp-json\/wp\/v2\/posts\/4607\/revisions"}],"wp:attachment":[{"href":"https:\/\/www.encontrapiracicaba.com.br\/sobre\/wp-json\/wp\/v2\/media?parent=4607"}],"wp:term":[{"taxonomy":"category","embeddable":true,"href":"https:\/\/www.encontrapiracicaba.com.br\/sobre\/wp-json\/wp\/v2\/categories?post=4607"},{"taxonomy":"post_tag","embeddable":true,"href":"https:\/\/www.encontrapiracicaba.com.br\/sobre\/wp-json\/wp\/v2\/tags?post=4607"}],"curies":[{"name":"wp","href":"https:\/\/api.w.org\/{rel}","templated":true}]}}