{"id":4608,"date":"2026-05-25T10:17:23","date_gmt":"2026-05-25T13:17:23","guid":{"rendered":"https:\/\/www.encontrapiracicaba.com.br\/sobre\/camara-aprova-votos-de-congratulacoes-a-destaques-sociais-e-religiosos\/"},"modified":"2026-05-25T10:17:23","modified_gmt":"2026-05-25T13:17:23","slug":"camara-aprova-votos-de-congratulacoes-a-destaques-sociais-e-religiosos","status":"publish","type":"post","link":"https:\/\/www.encontrapiracicaba.com.br\/sobre\/camara-aprova-votos-de-congratulacoes-a-destaques-sociais-e-religiosos\/","title":{"rendered":"C\u00e2mara aprova votos de congratula\u00e7\u00f5es a destaques sociais e religiosos"},"content":{"rendered":"<div class=\"85df007ed5c0c4d4b453fd13a37855e8\" data-index=\"1\" style=\"float: none; margin:0px;\">\n<!-- Anuncio display - global -->\r\n<ins class=\"adsbygoogle\"\r\n     style=\"display:block\"\r\n     data-ad-client=\"ca-pub-8585364105181520\"\r\n     data-ad-slot=\"8789329856\"\r\n     data-ad-format=\"auto\"\r\n     data-full-width-responsive=\"true\"><\/ins>\r\n<script>\r\n     (adsbygoogle = window.adsbygoogle || []).push({});\r\n<\/script>\n<\/div>\n<h2>Reconhecimento de Lideran\u00e7as Religiosas<\/h2>\n<p>Na sess\u00e3o legislativa realizada na C\u00e2mara Municipal de Piracicaba, um dos principais assuntos tratados foi a valoriza\u00e7\u00e3o das lideran\u00e7as religiosas que desempenham um papel significativo na comunidade local. Os vereadores reconheceram a import\u00e2ncia de figuras como o Pastor Ant\u00f4nio Inoc\u00eancio Silva, que h\u00e1 muitos anos se dedica a servir sua congrega\u00e7\u00e3o e a promover a\u00e7\u00f5es sociais. Homenage\u00e1-los \u00e9 uma forma de valorizar a influ\u00eancia positiva que t\u00eam sobre os cidad\u00e3os, promovendo a paz e a solidariedade em momentos dif\u00edceis.<\/p>\n<h2>Homenagens \u00e0s Institui\u00e7\u00f5es Sociais<\/h2>\n<p>Outro ponto alto da reuni\u00e3o foi a concess\u00e3o de votos de congratula\u00e7\u00f5es a institui\u00e7\u00f5es que fazem a diferen\u00e7a em Piracicaba. Organiza\u00e7\u00f5es como o <strong>Coral Sinfonia Celeste<\/strong> foram celebradas n\u00e3o apenas por sua longa trajet\u00f3ria, mas tamb\u00e9m pelo impacto cultural e social que proporcionam \u00e0 popula\u00e7\u00e3o. As homenagens destacam a dedica\u00e7\u00e3o dessas entidades em promover um futuro melhor para a comunidade, sendo fundamentais em diversas atividades sociais.<\/p>\n<h2>A Import\u00e2ncia do Cadastro \u00danico<\/h2>\n<p>Um dos requerimentos aprovados pela vereadora Rai Almeida fez refer\u00eancia ao <strong>Cadastro \u00danico para Programas Sociais<\/strong>, reconhecendo sua efic\u00e1cia ao longo de 25 anos. Este cadastro \u00e9 fundamental para gerenciar e direcionar pol\u00edticas p\u00fablicas, garantindo que as fam\u00edlias em situa\u00e7\u00e3o de vulnerabilidade tenham acesso aos necess\u00e1rios recursos e servi\u00e7os sociais. O merecido reconhecimento ressalta a import\u00e2ncia de carreiras e iniciativas voltadas ao bem-estar da popula\u00e7\u00e3o.<\/p>\n<h2>Preserva\u00e7\u00e3o da Cultura Regional<\/h2>\n<p>A C\u00e2mara tamb\u00e9m destacou a relev\u00e2ncia da cultura local atrav\u00e9s de homenagens a entidades que valorizam tradi\u00e7\u00f5es e pr\u00e1ticas culturais. O reconhecimento ao <strong>Coral Sinfonia Celeste<\/strong>, por completar 68 anos de hist\u00f3ria, demonstra como a cultura \u00e9 um pilar essencial da identidade da cidade e a necessidade de fortalecer iniciativas que contribuam para sua preserva\u00e7\u00e3o e promo\u00e7\u00e3o.<\/p>\n<h2>Celebra\u00e7\u00e3o de Conquistas no Setor Aliment\u00edcio<\/h2>\n<p>No cen\u00e1rio atual do setor aliment\u00edcio, a C\u00e2mara n\u00e3o deixou de reconhecer as conquistas de empresas locais, como a <strong>Raj Latic\u00ednios<\/strong>, vencedora da Medalha de Prata no 4\u00ba Mundial do Queijo do Brasil 2026, e a <strong>Queijos Artesanais Cairol<\/strong>, que tamb\u00e9m foi premiada. Essas conquistas n\u00e3o apenas elevaram o nome de Piracicaba, mas tamb\u00e9m demonstraram o empenho e a qualidade do trabalho realizado por estas ind\u00fastrias, promovendo o desenvolvimento econ\u00f4mico da regi\u00e3o.<\/p>\n<h2>Dedica\u00e7\u00e3o ao Coral Sinfonia Celeste<\/h2>\n<p>A entrega de votos de congratula\u00e7\u00f5es ao <strong>Coral Sinfonia Celeste<\/strong> reflete a profunda valoriza\u00e7\u00e3o da dedica\u00e7\u00e3o de seus membros, que ao longo de mais de 40 anos apresentaram um trabalho \u00e0 comunidade. Reconhecer suas contribui\u00e7\u00f5es reafirma o compromisso da C\u00e2mara com a\u00e7\u00f5es que valorizam a arte e a cultura, essenciais para o enriquecimento da sociedade piracicabana.<\/p>\n<h2>Contribui\u00e7\u00f5es ao Desenvolvimento Comunit\u00e1rio<\/h2>\n<p>O envolvimento de cidad\u00e3os com projetos comunit\u00e1rios foi um tema relevante na c\u00e2mara, onde as homenagens a diversas personalidades mostram como a dedica\u00e7\u00e3o e o voluntariado s\u00e3o fundamentais para o progresso social. As a\u00e7\u00f5es t\u00eam um impacto direto na qualidade de vida das comunidades ao redor, sendo essenciais para formar uma rede de apoio e solidariedade.<\/p>\n<h2>Envolvimento C\u00edvico dos Vereadores<\/h2>\n<p>A presen\u00e7a ativa dos vereadores nas discuss\u00f5es e a\u00e7\u00f5es sociais \u00e9 um reflexo do compromisso com a popula\u00e7\u00e3o. Suas iniciativas e reconhecimentos mostram que eles est\u00e3o atentos \u00e0s necessidades dos cidad\u00e3os, promovendo um di\u00e1logo aberto e constante, verdadeiramente representando a voz da comunidade no legislativo local.<\/p>\n<h2>Impacto das Pol\u00edticas P\u00fablicas Locais<\/h2>\n<p>As pol\u00edticas p\u00fablicas promovidas pelo governo federal, como a do <strong>Cadastro \u00danico<\/strong>, t\u00eam um impacto significativo na qualidade de vida da popula\u00e7\u00e3o. A promo\u00e7\u00e3o desses programas contribui para garantir direitos e a inclus\u00e3o social de fam\u00edlias que enfrentam dificuldades, e sua relev\u00e2ncia foi destacada nas homenagens recentes. O reconhecimento dessas iniciativas pela C\u00e2mara Municipal reflete a parceria entre os diferentes n\u00edveis de governo no intuito de atender \u00e0s necessidades da sociedade.<\/p>\n<h2>Celebrando a Diversidade em Piracicaba<\/h2>\n<p>A pluralidade cultural de Piracicaba \u00e9 celebrada e apoiada pela C\u00e2mara Municipal atrav\u00e9s de diversas a\u00e7\u00f5es e reconhecimentos. A cidade \u00e9 um mosaico de culturas, tradi\u00e7\u00f5es e credos, e as homenagens aos l\u00edderes religiosos e institui\u00e7\u00f5es culturais s\u00e3o um verdadeiro testemunho do esfor\u00e7o coletivo para promover um ambiente harmonioso, onde a diversidade \u00e9 respeitada e valorizada. Este compromisso \u00e9 crucial para a constru\u00e7\u00e3o de uma sociedade mais coesa e inclusiva.<\/p>\n\n<div style=\"font-size: 0px; height: 0px; line-height: 0px; margin: 0; padding: 0; clear: both;\"><\/div>","protected":false},"excerpt":{"rendered":"<p>C\u00e2mara acolhe votos de congratula\u00e7\u00f5es a l\u00edderes sociais e religiosos destacados na comunidade.<\/p>\n","protected":false},"author":1,"featured_media":0,"comment_status":"closed","ping_status":"closed","sticky":false,"template":"","format":"standard","meta":{"footnotes":""},"categories":[6],"tags":[],"class_list":["post-4608","post","type-post","status-publish","format-standard","hentry","category-noticias-em-piracicaba"],"aioseo_notices":[],"aioseo_head":"\n\t\t<!-- All in One SEO 5.0.0.1 - aioseo.com -->\n\t<meta name=\"robots\" content=\"max-image-preview:large\" \/>\n\t<meta name=\"author\" content=\"Encontra Piracicaba\"\/>\n\t<link rel=\"canonical\" href=\"https:\/\/www.encontrapiracicaba.com.br\/sobre\/camara-aprova-votos-de-congratulacoes-a-destaques-sociais-e-religiosos\/\" \/>\n\t<meta name=\"generator\" content=\"All in One SEO (AIOSEO) 5.0.0.1\" \/>\n\t\t<meta property=\"og:locale\" content=\"pt_BR\" \/>\n\t\t<meta property=\"og:site_name\" content=\"Encontra Piracicaba | Not\u00edcias, eventos, informa\u00e7\u00f5es e dicas na cidade de Piracicaba e regi\u00e3o\" \/>\n\t\t<meta property=\"og:type\" content=\"article\" \/>\n\t\t<meta property=\"og:title\" content=\"C\u00e2mara aprova votos de congratula\u00e7\u00f5es a destaques sociais e religiosos | Encontra Piracicaba\" \/>\n\t\t<meta property=\"og:url\" content=\"https:\/\/www.encontrapiracicaba.com.br\/sobre\/camara-aprova-votos-de-congratulacoes-a-destaques-sociais-e-religiosos\/\" \/>\n\t\t<meta property=\"article:published_time\" content=\"2026-05-25T13:17:23+00:00\" \/>\n\t\t<meta property=\"article:modified_time\" content=\"2026-05-25T13:17:23+00:00\" \/>\n\t\t<meta name=\"twitter:card\" content=\"summary\" \/>\n\t\t<meta name=\"twitter:title\" content=\"C\u00e2mara aprova votos de congratula\u00e7\u00f5es a destaques sociais e religiosos | Encontra Piracicaba\" \/>\n\t\t<script type=\"application\/ld+json\" class=\"aioseo-schema\">\n\t\t\t{\"@context\":\"https:\\\/\\\/schema.org\",\"@graph\":[{\"@type\":\"Article\",\"@id\":\"https:\\\/\\\/www.encontrapiracicaba.com.br\\\/sobre\\\/camara-aprova-votos-de-congratulacoes-a-destaques-sociais-e-religiosos\\\/#article\",\"name\":\"C\\u00e2mara aprova votos de congratula\\u00e7\\u00f5es a destaques sociais e religiosos | Encontra Piracicaba\",\"headline\":\"C\\u00e2mara aprova votos de congratula\\u00e7\\u00f5es a destaques sociais e religiosos\",\"author\":{\"@id\":\"https:\\\/\\\/www.encontrapiracicaba.com.br\\\/sobre\\\/author\\\/epiracicaba\\\/#author\"},\"publisher\":{\"@id\":\"https:\\\/\\\/www.encontrapiracicaba.com.br\\\/sobre\\\/#organization\"},\"datePublished\":\"2026-05-25T10:17:23-03:00\",\"dateModified\":\"2026-05-25T10:17:23-03:00\",\"inLanguage\":\"pt-BR\",\"mainEntityOfPage\":{\"@id\":\"https:\\\/\\\/www.encontrapiracicaba.com.br\\\/sobre\\\/camara-aprova-votos-de-congratulacoes-a-destaques-sociais-e-religiosos\\\/#webpage\"},\"isPartOf\":{\"@id\":\"https:\\\/\\\/www.encontrapiracicaba.com.br\\\/sobre\\\/camara-aprova-votos-de-congratulacoes-a-destaques-sociais-e-religiosos\\\/#webpage\"},\"articleSection\":\"Not\\u00edcias Piracicaba\"},{\"@type\":\"BreadcrumbList\",\"@id\":\"https:\\\/\\\/www.encontrapiracicaba.com.br\\\/sobre\\\/camara-aprova-votos-de-congratulacoes-a-destaques-sociais-e-religiosos\\\/#breadcrumblist\",\"itemListElement\":[{\"@type\":\"ListItem\",\"@id\":\"https:\\\/\\\/www.encontrapiracicaba.com.br\\\/sobre#listItem\",\"position\":1,\"name\":\"In\\u00edcio\",\"item\":\"https:\\\/\\\/www.encontrapiracicaba.com.br\\\/sobre\",\"nextItem\":{\"@type\":\"ListItem\",\"@id\":\"https:\\\/\\\/www.encontrapiracicaba.com.br\\\/sobre\\\/noticias-em-piracicaba\\\/#listItem\",\"name\":\"Not\\u00edcias Piracicaba\"}},{\"@type\":\"ListItem\",\"@id\":\"https:\\\/\\\/www.encontrapiracicaba.com.br\\\/sobre\\\/noticias-em-piracicaba\\\/#listItem\",\"position\":2,\"name\":\"Not\\u00edcias Piracicaba\",\"item\":\"https:\\\/\\\/www.encontrapiracicaba.com.br\\\/sobre\\\/noticias-em-piracicaba\\\/\",\"nextItem\":{\"@type\":\"ListItem\",\"@id\":\"https:\\\/\\\/www.encontrapiracicaba.com.br\\\/sobre\\\/camara-aprova-votos-de-congratulacoes-a-destaques-sociais-e-religiosos\\\/#listItem\",\"name\":\"C\\u00e2mara aprova votos de congratula\\u00e7\\u00f5es a destaques sociais e religiosos\"},\"previousItem\":{\"@type\":\"ListItem\",\"@id\":\"https:\\\/\\\/www.encontrapiracicaba.com.br\\\/sobre#listItem\",\"name\":\"In\\u00edcio\"}},{\"@type\":\"ListItem\",\"@id\":\"https:\\\/\\\/www.encontrapiracicaba.com.br\\\/sobre\\\/camara-aprova-votos-de-congratulacoes-a-destaques-sociais-e-religiosos\\\/#listItem\",\"position\":3,\"name\":\"C\\u00e2mara aprova votos de congratula\\u00e7\\u00f5es a destaques sociais e religiosos\",\"previousItem\":{\"@type\":\"ListItem\",\"@id\":\"https:\\\/\\\/www.encontrapiracicaba.com.br\\\/sobre\\\/noticias-em-piracicaba\\\/#listItem\",\"name\":\"Not\\u00edcias Piracicaba\"}}]},{\"@type\":\"Organization\",\"@id\":\"https:\\\/\\\/www.encontrapiracicaba.com.br\\\/sobre\\\/#organization\",\"name\":\"Encontra Piracicaba\",\"description\":\"Not\\u00edcias, eventos, informa\\u00e7\\u00f5es e dicas na cidade de Piracicaba e regi\\u00e3o\",\"url\":\"https:\\\/\\\/www.encontrapiracicaba.com.br\\\/sobre\\\/\"},{\"@type\":\"Person\",\"@id\":\"https:\\\/\\\/www.encontrapiracicaba.com.br\\\/sobre\\\/author\\\/epiracicaba\\\/#author\",\"url\":\"https:\\\/\\\/www.encontrapiracicaba.com.br\\\/sobre\\\/author\\\/epiracicaba\\\/\",\"name\":\"Encontra Piracicaba\",\"image\":{\"@type\":\"ImageObject\",\"@id\":\"https:\\\/\\\/www.encontrapiracicaba.com.br\\\/sobre\\\/camara-aprova-votos-de-congratulacoes-a-destaques-sociais-e-religiosos\\\/#authorImage\",\"url\":\"https:\\\/\\\/secure.gravatar.com\\\/avatar\\\/507340682b8270222e1f208e23198b6ae7e2c6a1033ae84e99bc6bce4f82a387?s=96&d=mm&r=g\",\"width\":96,\"height\":96,\"caption\":\"Encontra Piracicaba\"}},{\"@type\":\"WebPage\",\"@id\":\"https:\\\/\\\/www.encontrapiracicaba.com.br\\\/sobre\\\/camara-aprova-votos-de-congratulacoes-a-destaques-sociais-e-religiosos\\\/#webpage\",\"url\":\"https:\\\/\\\/www.encontrapiracicaba.com.br\\\/sobre\\\/camara-aprova-votos-de-congratulacoes-a-destaques-sociais-e-religiosos\\\/\",\"name\":\"C\\u00e2mara aprova votos de congratula\\u00e7\\u00f5es a destaques sociais e religiosos | Encontra Piracicaba\",\"inLanguage\":\"pt-BR\",\"isPartOf\":{\"@id\":\"https:\\\/\\\/www.encontrapiracicaba.com.br\\\/sobre\\\/#website\"},\"breadcrumb\":{\"@id\":\"https:\\\/\\\/www.encontrapiracicaba.com.br\\\/sobre\\\/camara-aprova-votos-de-congratulacoes-a-destaques-sociais-e-religiosos\\\/#breadcrumblist\"},\"author\":{\"@id\":\"https:\\\/\\\/www.encontrapiracicaba.com.br\\\/sobre\\\/author\\\/epiracicaba\\\/#author\"},\"creator\":{\"@id\":\"https:\\\/\\\/www.encontrapiracicaba.com.br\\\/sobre\\\/author\\\/epiracicaba\\\/#author\"},\"datePublished\":\"2026-05-25T10:17:23-03:00\",\"dateModified\":\"2026-05-25T10:17:23-03:00\"},{\"@type\":\"WebSite\",\"@id\":\"https:\\\/\\\/www.encontrapiracicaba.com.br\\\/sobre\\\/#website\",\"url\":\"https:\\\/\\\/www.encontrapiracicaba.com.br\\\/sobre\\\/\",\"name\":\"Encontra Piracicaba\",\"description\":\"Not\\u00edcias, eventos, informa\\u00e7\\u00f5es e dicas na cidade de Piracicaba e regi\\u00e3o\",\"inLanguage\":\"pt-BR\",\"publisher\":{\"@id\":\"https:\\\/\\\/www.encontrapiracicaba.com.br\\\/sobre\\\/#organization\"}}]}\n\t\t<\/script>\n\t\t<!-- All in One SEO -->\n\n","aioseo_head_json":{"title":"C\u00e2mara aprova votos de congratula\u00e7\u00f5es a destaques sociais e religiosos | Encontra Piracicaba","description":"","canonical_url":"https:\/\/www.encontrapiracicaba.com.br\/sobre\/camara-aprova-votos-de-congratulacoes-a-destaques-sociais-e-religiosos\/","robots":"max-image-preview:large","keywords":"","webmasterTools":{"miscellaneous":""},"schema":{"@context":"https:\/\/schema.org","@graph":[{"@type":"Article","@id":"https:\/\/www.encontrapiracicaba.com.br\/sobre\/camara-aprova-votos-de-congratulacoes-a-destaques-sociais-e-religiosos\/#article","name":"C\u00e2mara aprova votos de congratula\u00e7\u00f5es a destaques sociais e religiosos | Encontra Piracicaba","headline":"C\u00e2mara aprova votos de congratula\u00e7\u00f5es a destaques sociais e religiosos","author":{"@id":"https:\/\/www.encontrapiracicaba.com.br\/sobre\/author\/epiracicaba\/#author"},"publisher":{"@id":"https:\/\/www.encontrapiracicaba.com.br\/sobre\/#organization"},"datePublished":"2026-05-25T10:17:23-03:00","dateModified":"2026-05-25T10:17:23-03:00","inLanguage":"pt-BR","mainEntityOfPage":{"@id":"https:\/\/www.encontrapiracicaba.com.br\/sobre\/camara-aprova-votos-de-congratulacoes-a-destaques-sociais-e-religiosos\/#webpage"},"isPartOf":{"@id":"https:\/\/www.encontrapiracicaba.com.br\/sobre\/camara-aprova-votos-de-congratulacoes-a-destaques-sociais-e-religiosos\/#webpage"},"articleSection":"Not\u00edcias Piracicaba"},{"@type":"BreadcrumbList","@id":"https:\/\/www.encontrapiracicaba.com.br\/sobre\/camara-aprova-votos-de-congratulacoes-a-destaques-sociais-e-religiosos\/#breadcrumblist","itemListElement":[{"@type":"ListItem","@id":"https:\/\/www.encontrapiracicaba.com.br\/sobre#listItem","position":1,"name":"In\u00edcio","item":"https:\/\/www.encontrapiracicaba.com.br\/sobre","nextItem":{"@type":"ListItem","@id":"https:\/\/www.encontrapiracicaba.com.br\/sobre\/noticias-em-piracicaba\/#listItem","name":"Not\u00edcias Piracicaba"}},{"@type":"ListItem","@id":"https:\/\/www.encontrapiracicaba.com.br\/sobre\/noticias-em-piracicaba\/#listItem","position":2,"name":"Not\u00edcias Piracicaba","item":"https:\/\/www.encontrapiracicaba.com.br\/sobre\/noticias-em-piracicaba\/","nextItem":{"@type":"ListItem","@id":"https:\/\/www.encontrapiracicaba.com.br\/sobre\/camara-aprova-votos-de-congratulacoes-a-destaques-sociais-e-religiosos\/#listItem","name":"C\u00e2mara aprova votos de congratula\u00e7\u00f5es a destaques sociais e religiosos"},"previousItem":{"@type":"ListItem","@id":"https:\/\/www.encontrapiracicaba.com.br\/sobre#listItem","name":"In\u00edcio"}},{"@type":"ListItem","@id":"https:\/\/www.encontrapiracicaba.com.br\/sobre\/camara-aprova-votos-de-congratulacoes-a-destaques-sociais-e-religiosos\/#listItem","position":3,"name":"C\u00e2mara aprova votos de congratula\u00e7\u00f5es a destaques sociais e religiosos","previousItem":{"@type":"ListItem","@id":"https:\/\/www.encontrapiracicaba.com.br\/sobre\/noticias-em-piracicaba\/#listItem","name":"Not\u00edcias Piracicaba"}}]},{"@type":"Organization","@id":"https:\/\/www.encontrapiracicaba.com.br\/sobre\/#organization","name":"Encontra Piracicaba","description":"Not\u00edcias, eventos, informa\u00e7\u00f5es e dicas na cidade de Piracicaba e regi\u00e3o","url":"https:\/\/www.encontrapiracicaba.com.br\/sobre\/"},{"@type":"Person","@id":"https:\/\/www.encontrapiracicaba.com.br\/sobre\/author\/epiracicaba\/#author","url":"https:\/\/www.encontrapiracicaba.com.br\/sobre\/author\/epiracicaba\/","name":"Encontra Piracicaba","image":{"@type":"ImageObject","@id":"https:\/\/www.encontrapiracicaba.com.br\/sobre\/camara-aprova-votos-de-congratulacoes-a-destaques-sociais-e-religiosos\/#authorImage","url":"https:\/\/secure.gravatar.com\/avatar\/507340682b8270222e1f208e23198b6ae7e2c6a1033ae84e99bc6bce4f82a387?s=96&d=mm&r=g","width":96,"height":96,"caption":"Encontra Piracicaba"}},{"@type":"WebPage","@id":"https:\/\/www.encontrapiracicaba.com.br\/sobre\/camara-aprova-votos-de-congratulacoes-a-destaques-sociais-e-religiosos\/#webpage","url":"https:\/\/www.encontrapiracicaba.com.br\/sobre\/camara-aprova-votos-de-congratulacoes-a-destaques-sociais-e-religiosos\/","name":"C\u00e2mara aprova votos de congratula\u00e7\u00f5es a destaques sociais e religiosos | Encontra Piracicaba","inLanguage":"pt-BR","isPartOf":{"@id":"https:\/\/www.encontrapiracicaba.com.br\/sobre\/#website"},"breadcrumb":{"@id":"https:\/\/www.encontrapiracicaba.com.br\/sobre\/camara-aprova-votos-de-congratulacoes-a-destaques-sociais-e-religiosos\/#breadcrumblist"},"author":{"@id":"https:\/\/www.encontrapiracicaba.com.br\/sobre\/author\/epiracicaba\/#author"},"creator":{"@id":"https:\/\/www.encontrapiracicaba.com.br\/sobre\/author\/epiracicaba\/#author"},"datePublished":"2026-05-25T10:17:23-03:00","dateModified":"2026-05-25T10:17:23-03:00"},{"@type":"WebSite","@id":"https:\/\/www.encontrapiracicaba.com.br\/sobre\/#website","url":"https:\/\/www.encontrapiracicaba.com.br\/sobre\/","name":"Encontra Piracicaba","description":"Not\u00edcias, eventos, informa\u00e7\u00f5es e dicas na cidade de Piracicaba e regi\u00e3o","inLanguage":"pt-BR","publisher":{"@id":"https:\/\/www.encontrapiracicaba.com.br\/sobre\/#organization"}}]},"og:locale":"pt_BR","og:site_name":"Encontra Piracicaba | Not\u00edcias, eventos, informa\u00e7\u00f5es e dicas na cidade de Piracicaba e regi\u00e3o","og:type":"article","og:title":"C\u00e2mara aprova votos de congratula\u00e7\u00f5es a destaques sociais e religiosos | Encontra Piracicaba","og:url":"https:\/\/www.encontrapiracicaba.com.br\/sobre\/camara-aprova-votos-de-congratulacoes-a-destaques-sociais-e-religiosos\/","article:published_time":"2026-05-25T13:17:23+00:00","article:modified_time":"2026-05-25T13:17:23+00:00","twitter:card":"summary","twitter:title":"C\u00e2mara aprova votos de congratula\u00e7\u00f5es a destaques sociais e religiosos | Encontra Piracicaba"},"aioseo_meta_data":{"post_id":"4608","title":null,"description":null,"keywords":null,"keyphrases":null,"primary_term":null,"canonical_url":null,"og_title":null,"og_description":null,"og_object_type":"default","og_image_type":"default","og_image_url":null,"og_image_width":null,"og_image_height":null,"og_image_custom_url":null,"og_image_custom_fields":null,"og_video":null,"og_custom_url":null,"og_article_section":null,"og_article_tags":null,"twitter_use_og":false,"twitter_card":"default","twitter_image_type":"default","twitter_image_url":null,"twitter_image_custom_url":null,"twitter_image_custom_fields":null,"twitter_title":null,"twitter_description":null,"schema":{"blockGraphs":[],"customGraphs":[],"default":{"data":{"Article":[],"Course":[],"Dataset":[],"FAQPage":[],"Movie":[],"Person":[],"Product":[],"ProductReview":[],"Car":[],"Recipe":[],"Service":[],"SoftwareApplication":[],"WebPage":[]},"graphName":"Article","isEnabled":true},"graphs":[]},"schema_type":"default","schema_type_options":null,"pillar_content":false,"robots_default":true,"robots_noindex":false,"robots_noarchive":false,"robots_nosnippet":false,"robots_nofollow":false,"robots_noimageindex":false,"robots_noodp":false,"robots_notranslate":false,"robots_max_snippet":null,"robots_max_videopreview":null,"robots_max_imagepreview":"large","priority":null,"frequency":null,"local_seo":null,"breadcrumb_settings":null,"limit_modified_date":false,"ai":null,"created":"2026-05-25 13:17:28","updated":"2026-05-25 13:24:54","focus_keyword":null,"additional_keywords":null,"truseo_locale":null,"seo_analyzer_scan_date":null},"aioseo_breadcrumb":"<div class=\"aioseo-breadcrumbs\"><span class=\"aioseo-breadcrumb\">\n\t\t\t<a href=\"https:\/\/www.encontrapiracicaba.com.br\/sobre\" title=\"In\u00edcio\">In\u00edcio<\/a>\n\t\t<\/span><span class=\"aioseo-breadcrumb-separator\">&raquo;<\/span><span class=\"aioseo-breadcrumb\">\n\t\t\t<a href=\"https:\/\/www.encontrapiracicaba.com.br\/sobre\/noticias-em-piracicaba\/\" title=\"Not\u00edcias Piracicaba\">Not\u00edcias Piracicaba<\/a>\n\t\t<\/span><span class=\"aioseo-breadcrumb-separator\">&raquo;<\/span><span class=\"aioseo-breadcrumb\">\n\t\t\tC\u00e2mara aprova votos de congratula\u00e7\u00f5es a destaques sociais e religiosos\n\t\t<\/span><\/div>","aioseo_breadcrumb_json":[{"label":"In\u00edcio","link":"https:\/\/www.encontrapiracicaba.com.br\/sobre"},{"label":"Not\u00edcias Piracicaba","link":"https:\/\/www.encontrapiracicaba.com.br\/sobre\/noticias-em-piracicaba\/"},{"label":"C\u00e2mara aprova votos de congratula\u00e7\u00f5es a destaques sociais e religiosos","link":"https:\/\/www.encontrapiracicaba.com.br\/sobre\/camara-aprova-votos-de-congratulacoes-a-destaques-sociais-e-religiosos\/"}],"_links":{"self":[{"href":"https:\/\/www.encontrapiracicaba.com.br\/sobre\/wp-json\/wp\/v2\/posts\/4608","targetHints":{"allow":["GET"]}}],"collection":[{"href":"https:\/\/www.encontrapiracicaba.com.br\/sobre\/wp-json\/wp\/v2\/posts"}],"about":[{"href":"https:\/\/www.encontrapiracicaba.com.br\/sobre\/wp-json\/wp\/v2\/types\/post"}],"author":[{"embeddable":true,"href":"https:\/\/www.encontrapiracicaba.com.br\/sobre\/wp-json\/wp\/v2\/users\/1"}],"replies":[{"embeddable":true,"href":"https:\/\/www.encontrapiracicaba.com.br\/sobre\/wp-json\/wp\/v2\/comments?post=4608"}],"version-history":[{"count":0,"href":"https:\/\/www.encontrapiracicaba.com.br\/sobre\/wp-json\/wp\/v2\/posts\/4608\/revisions"}],"wp:attachment":[{"href":"https:\/\/www.encontrapiracicaba.com.br\/sobre\/wp-json\/wp\/v2\/media?parent=4608"}],"wp:term":[{"taxonomy":"category","embeddable":true,"href":"https:\/\/www.encontrapiracicaba.com.br\/sobre\/wp-json\/wp\/v2\/categories?post=4608"},{"taxonomy":"post_tag","embeddable":true,"href":"https:\/\/www.encontrapiracicaba.com.br\/sobre\/wp-json\/wp\/v2\/tags?post=4608"}],"curies":[{"name":"wp","href":"https:\/\/api.w.org\/{rel}","templated":true}]}}