{"id":4611,"date":"2026-05-27T11:17:18","date_gmt":"2026-05-27T14:17:18","guid":{"rendered":"https:\/\/www.encontrapiracicaba.com.br\/sobre\/vereadora-usa-a-tribuna-para-esclarecer-situacao-do-iptu-em-piracicaba\/"},"modified":"2026-05-27T11:17:18","modified_gmt":"2026-05-27T14:17:18","slug":"vereadora-usa-a-tribuna-para-esclarecer-situacao-do-iptu-em-piracicaba","status":"publish","type":"post","link":"https:\/\/www.encontrapiracicaba.com.br\/sobre\/vereadora-usa-a-tribuna-para-esclarecer-situacao-do-iptu-em-piracicaba\/","title":{"rendered":"Vereadora usa a tribuna para esclarecer situa\u00e7\u00e3o do IPTU em Piracicaba"},"content":{"rendered":"<div class=\"85df007ed5c0c4d4b453fd13a37855e8\" data-index=\"1\" style=\"float: none; margin:0px;\">\n<!-- Anuncio display - global -->\r\n<ins class=\"adsbygoogle\"\r\n     style=\"display:block\"\r\n     data-ad-client=\"ca-pub-8585364105181520\"\r\n     data-ad-slot=\"8789329856\"\r\n     data-ad-format=\"auto\"\r\n     data-full-width-responsive=\"true\"><\/ins>\r\n<script>\r\n     (adsbygoogle = window.adsbygoogle || []).push({});\r\n<\/script>\n<\/div>\n<h2>Entenda o Que Est\u00e1 Acontecendo com o IPTU<\/h2>\n<p>No contexto atual de Piracicaba, a quest\u00e3o do IPTU (Imposto Predial e Territorial Urbano) gerou muitas discuss\u00f5es e preocupa\u00e7\u00f5es entre os cidad\u00e3os. A vereadora Silvia Morales do partido PV, durante uma reuni\u00e3o ordin\u00e1ria, trouxe \u00e0 tona a situa\u00e7\u00e3o que envolve a cobran\u00e7a do imposto para o ano de 2026. Com a presen\u00e7a de informa\u00e7\u00f5es contradit\u00f3rias circulando pela cidade, a necessidade de esclarecimentos se tornou ainda mais urgente.<\/p>\n<h2>Decis\u00e3o Liminar e Seus Impactos<\/h2>\n<p>Uma das quest\u00f5es centrais abordadas foi a decis\u00e3o liminar que permitiu a retomada das cobran\u00e7as do IPTU com base no novo C\u00f3digo Tribut\u00e1rio. De acordo com a advogada Ilnah Toledo Augusto, essa decis\u00e3o n\u00e3o \u00e9 definitiva, mas assegura a continuidade da cobran\u00e7a enquanto o processo legal ainda est\u00e1 em andamento. Essa situa\u00e7\u00e3o criou um cen\u00e1rio de incerteza para muitos contribuintes, que agora buscam entender seus direitos e obriga\u00e7\u00f5es na nova rela\u00e7\u00e3o tribut\u00e1ria estabelecida pela legisla\u00e7\u00e3o.<\/p>\n<h2>Cobran\u00e7a do IPTU em Piracicaba<\/h2>\n<p>A cobran\u00e7a do IPTU em Piracicaba foi oficialmente retomada, mas isso causou filas e atrasos na emiss\u00e3o dos carn\u00eas, o que gerou insatisfa\u00e7\u00e3o na popula\u00e7\u00e3o. A vereadora esclareceu que a responsabilidade pela lentid\u00e3o n\u00e3o pode ser atribu\u00edda exclusivamente aos que judicializaram o processo. \u00c9 importante entender que o problema \u00e9 complexo e envolve m\u00faltiplas camadas do sistema administrativo da cidade.<\/p>\n<p><img decoding=\"async\" src=\"https:\/\/www.encontrapiracicaba.com.br\/sobre\/wp-content\/uploads\/vereadora-usa-a-tribuna-para-esclarecer-situacao-do-iptu-em-piracicaba.webp\" alt=\"IPTU em Piracicaba\" loading=\"lazy\" \/><\/p>\n<h2>A Opini\u00e3o da Vereadora Silvia Morales<\/h2>\n<p>Silvia Morales enfatizou a import\u00e2ncia de que os cidad\u00e3os estejam bem informados sobre a situa\u00e7\u00e3o do IPTU. Em sua fala, a vereadora destacou que a decis\u00e3o judicial ainda n\u00e3o \u00e9 definitiva e que a discuss\u00e3o legal permanecer\u00e1 aberta enquanto o processo n\u00e3o chegar a uma conclus\u00e3o final. Ela incentivou os contribuintes a se manterem atentos \u00e0 situa\u00e7\u00e3o e a utilizarem os canais apropriados para dirimir suas d\u00favidas.<\/p>\n<h2>Acordo em Andamento sobre o IPTU<\/h2>\n<p>Atualmente, existe um processo em curso que discute os efeitos do novo C\u00f3digo Tribut\u00e1rio sobre a cobran\u00e7a do IPTU. Embora a liminar tenha autorizado a cobran\u00e7a, ainda h\u00e1 um debate judicial que pode impactar futuras decis\u00f5es. A proposi\u00e7\u00e3o de um novo C\u00f3digo Tribut\u00e1rio busca modernizar a maneira como o imposto \u00e9 administrado na cidade, mas as implica\u00e7\u00f5es dessa mudan\u00e7a ainda precisam ser estudadas e discutidas amplamente.<\/p>\n<h2>Contribuintes Devem Ficar Atentos<\/h2>\n<p>\u00c9 fundamental que os cidad\u00e3os de Piracicaba fiquem informados e atentos \u00e0 situa\u00e7\u00e3o do IPTU. A orienta\u00e7\u00e3o da advogada Ilnah Toledo Augusto \u00e9 que cada contribuinte consulte o site da Prefeitura para verificar o carn\u00ea do imposto e analisar minuciosamente os valores que est\u00e3o sendo cobrados. Caso identifiquem discrep\u00e2ncias, podem buscar a Justi\u00e7a para esclarecer e resolver suas demandas.<\/p>\n<h2>Irregularidades no Lan\u00e7amento do IPTU<\/h2>\n<p>Um ponto de grande import\u00e2ncia mencionado por Silvia Morales \u00e9 a possibilidade de irregularidades nos lan\u00e7amentos tribut\u00e1rios. Os contribuintes que sentirem que o montante cobrado n\u00e3o corresponde \u00e0 realidade ou que existem excessos e viola\u00e7\u00f5es constitucionais em suas cobran\u00e7as podem &#8211; e devem &#8211; acionar o Poder Judici\u00e1rio. Essa \u00e9 uma medida que pode garantir que os direitos dos cidad\u00e3os sejam respeitados e que a tributa\u00e7\u00e3o seja justa.<\/p>\n<h2>O Papel da Advogada Ilnah Toledo<\/h2>\n<p>O papel da advogada Ilnah Toledo Augusto foi crucial para a elucida\u00e7\u00e3o da situa\u00e7\u00e3o. Sua expertise em Direito Tribut\u00e1rio permitiu que a popula\u00e7\u00e3o tivesse um entendimento mais claro sobre o que est\u00e1 efetivamente em jogo. IVideo apresentado por ela elucidou informa\u00e7\u00f5es essenciais sobre a liminar e a continuidade do processo legal, oferecendo uma vis\u00e3o mais n\u00edtida para os contribuintes.<\/p>\n<h2>Como Acompanhar as Cobran\u00e7as do IPTU<\/h2>\n<p>Os cidad\u00e3os devem se familiarizar com os canais de comunica\u00e7\u00e3o da Prefeitura de Piracicaba. O site oficial da prefeitura deve ser uma das primeiras paradas para aqueles que desejam acompanhar as cobran\u00e7as do IPTU. Nele, \u00e9 poss\u00edvel acessar informa\u00e7\u00f5es sobre o imposto, verificar os carn\u00eas e ficar por dentro de qualquer atualiza\u00e7\u00e3o relacionada \u00e0s legisla\u00e7\u00f5es tribut\u00e1rias que possam afetar a cobran\u00e7a.<\/p>\n<h2>D\u00favidas Frequentes sobre o IPTU em Piracicaba<\/h2>\n<p>Seguindo a linha de transpar\u00eancia e clareza, \u00e9 natural que surjam v\u00e1rias d\u00favidas acerca do IPTU em Piracicaba. Algumas das perguntas mais frequentes incluem:<\/p>\n<ul>\n<li><strong>O que \u00e9 IPTU?<\/strong> O IPTU \u00e9 um imposto municipal que incide sobre a propriedade de im\u00f3veis urbanos.<\/li>\n<li><strong>Como \u00e9 calculado o IPTU?<\/strong> O c\u00e1lculo do IPTU \u00e9 baseado no valor venal do im\u00f3vel, conforme estipulado pela legisla\u00e7\u00e3o municipal.<\/li>\n<li><strong>O que fazer em caso de irregularidade no carn\u00ea?<\/strong> O contribuinte deve entrar em contato com a Prefeitura e, se necess\u00e1rio, buscar orienta\u00e7\u00e3o legal.<\/li>\n<li><strong>Posso contestar o valor do IPTU?<\/strong> Sim, \u00e9 poss\u00edvel contestar o valor se houver elementos que comprovem que o montante cobrado \u00e9 indevido ou incorreto.<\/li>\n<\/ul>\n<p>Em suma, a situa\u00e7\u00e3o do IPTU em Piracicaba \u00e9 complexa, envolvendo decis\u00f5es judiciais, administrativas e a participa\u00e7\u00e3o ativa da popula\u00e7\u00e3o. Os cidad\u00e3os precisam estar bem informados e prontos para atuar em Defesa de seus direitos enquanto a discuss\u00e3o legal continua.<\/p>\n\n<div style=\"font-size: 0px; height: 0px; line-height: 0px; margin: 0; padding: 0; clear: both;\"><\/div>","protected":false},"excerpt":{"rendered":"<p>IPTU em Piracicaba: entenda a situa\u00e7\u00e3o e as cobran\u00e7as com a vereadora Silvia Morales.<\/p>\n","protected":false},"author":1,"featured_media":4610,"comment_status":"closed","ping_status":"closed","sticky":false,"template":"","format":"standard","meta":{"footnotes":""},"categories":[6],"tags":[],"class_list":["post-4611","post","type-post","status-publish","format-standard","has-post-thumbnail","hentry","category-noticias-em-piracicaba","has_thumb"],"aioseo_notices":[],"aioseo_head":"\n\t\t<!-- All in One SEO 5.0.0.1 - aioseo.com -->\n\t<meta name=\"robots\" content=\"max-image-preview:large\" \/>\n\t<meta name=\"author\" content=\"Encontra Piracicaba\"\/>\n\t<link rel=\"canonical\" href=\"https:\/\/www.encontrapiracicaba.com.br\/sobre\/vereadora-usa-a-tribuna-para-esclarecer-situacao-do-iptu-em-piracicaba\/\" \/>\n\t<meta name=\"generator\" content=\"All in One SEO (AIOSEO) 5.0.0.1\" \/>\n\t\t<meta property=\"og:locale\" content=\"pt_BR\" \/>\n\t\t<meta property=\"og:site_name\" content=\"Encontra Piracicaba | Not\u00edcias, eventos, informa\u00e7\u00f5es e dicas na cidade de Piracicaba e regi\u00e3o\" \/>\n\t\t<meta property=\"og:type\" content=\"article\" \/>\n\t\t<meta property=\"og:title\" content=\"Vereadora usa a tribuna para esclarecer situa\u00e7\u00e3o do IPTU em Piracicaba | Encontra Piracicaba\" \/>\n\t\t<meta property=\"og:url\" content=\"https:\/\/www.encontrapiracicaba.com.br\/sobre\/vereadora-usa-a-tribuna-para-esclarecer-situacao-do-iptu-em-piracicaba\/\" \/>\n\t\t<meta property=\"article:published_time\" content=\"2026-05-27T14:17:18+00:00\" \/>\n\t\t<meta property=\"article:modified_time\" content=\"2026-05-27T14:17:18+00:00\" \/>\n\t\t<meta name=\"twitter:card\" content=\"summary\" \/>\n\t\t<meta name=\"twitter:title\" content=\"Vereadora usa a tribuna para esclarecer situa\u00e7\u00e3o do IPTU em Piracicaba | Encontra Piracicaba\" \/>\n\t\t<script type=\"application\/ld+json\" class=\"aioseo-schema\">\n\t\t\t{\"@context\":\"https:\\\/\\\/schema.org\",\"@graph\":[{\"@type\":\"Article\",\"@id\":\"https:\\\/\\\/www.encontrapiracicaba.com.br\\\/sobre\\\/vereadora-usa-a-tribuna-para-esclarecer-situacao-do-iptu-em-piracicaba\\\/#article\",\"name\":\"Vereadora usa a tribuna para esclarecer situa\\u00e7\\u00e3o do IPTU em Piracicaba | Encontra Piracicaba\",\"headline\":\"Vereadora usa a tribuna para esclarecer situa\\u00e7\\u00e3o do IPTU em Piracicaba\",\"author\":{\"@id\":\"https:\\\/\\\/www.encontrapiracicaba.com.br\\\/sobre\\\/author\\\/epiracicaba\\\/#author\"},\"publisher\":{\"@id\":\"https:\\\/\\\/www.encontrapiracicaba.com.br\\\/sobre\\\/#organization\"},\"image\":{\"@type\":\"ImageObject\",\"url\":\"https:\\\/\\\/www.encontrapiracicaba.com.br\\\/sobre\\\/wp-content\\\/uploads\\\/vereadora-usa-a-tribuna-para-esclarecer-situacao-do-iptu-em-piracicaba.webp\",\"width\":280,\"height\":280,\"caption\":\"IPTU em Piracicaba\"},\"datePublished\":\"2026-05-27T11:17:18-03:00\",\"dateModified\":\"2026-05-27T11:17:18-03:00\",\"inLanguage\":\"pt-BR\",\"mainEntityOfPage\":{\"@id\":\"https:\\\/\\\/www.encontrapiracicaba.com.br\\\/sobre\\\/vereadora-usa-a-tribuna-para-esclarecer-situacao-do-iptu-em-piracicaba\\\/#webpage\"},\"isPartOf\":{\"@id\":\"https:\\\/\\\/www.encontrapiracicaba.com.br\\\/sobre\\\/vereadora-usa-a-tribuna-para-esclarecer-situacao-do-iptu-em-piracicaba\\\/#webpage\"},\"articleSection\":\"Not\\u00edcias Piracicaba\"},{\"@type\":\"BreadcrumbList\",\"@id\":\"https:\\\/\\\/www.encontrapiracicaba.com.br\\\/sobre\\\/vereadora-usa-a-tribuna-para-esclarecer-situacao-do-iptu-em-piracicaba\\\/#breadcrumblist\",\"itemListElement\":[{\"@type\":\"ListItem\",\"@id\":\"https:\\\/\\\/www.encontrapiracicaba.com.br\\\/sobre#listItem\",\"position\":1,\"name\":\"In\\u00edcio\",\"item\":\"https:\\\/\\\/www.encontrapiracicaba.com.br\\\/sobre\",\"nextItem\":{\"@type\":\"ListItem\",\"@id\":\"https:\\\/\\\/www.encontrapiracicaba.com.br\\\/sobre\\\/noticias-em-piracicaba\\\/#listItem\",\"name\":\"Not\\u00edcias Piracicaba\"}},{\"@type\":\"ListItem\",\"@id\":\"https:\\\/\\\/www.encontrapiracicaba.com.br\\\/sobre\\\/noticias-em-piracicaba\\\/#listItem\",\"position\":2,\"name\":\"Not\\u00edcias Piracicaba\",\"item\":\"https:\\\/\\\/www.encontrapiracicaba.com.br\\\/sobre\\\/noticias-em-piracicaba\\\/\",\"nextItem\":{\"@type\":\"ListItem\",\"@id\":\"https:\\\/\\\/www.encontrapiracicaba.com.br\\\/sobre\\\/vereadora-usa-a-tribuna-para-esclarecer-situacao-do-iptu-em-piracicaba\\\/#listItem\",\"name\":\"Vereadora usa a tribuna para esclarecer situa\\u00e7\\u00e3o do IPTU em Piracicaba\"},\"previousItem\":{\"@type\":\"ListItem\",\"@id\":\"https:\\\/\\\/www.encontrapiracicaba.com.br\\\/sobre#listItem\",\"name\":\"In\\u00edcio\"}},{\"@type\":\"ListItem\",\"@id\":\"https:\\\/\\\/www.encontrapiracicaba.com.br\\\/sobre\\\/vereadora-usa-a-tribuna-para-esclarecer-situacao-do-iptu-em-piracicaba\\\/#listItem\",\"position\":3,\"name\":\"Vereadora usa a tribuna para esclarecer situa\\u00e7\\u00e3o do IPTU em Piracicaba\",\"previousItem\":{\"@type\":\"ListItem\",\"@id\":\"https:\\\/\\\/www.encontrapiracicaba.com.br\\\/sobre\\\/noticias-em-piracicaba\\\/#listItem\",\"name\":\"Not\\u00edcias Piracicaba\"}}]},{\"@type\":\"Organization\",\"@id\":\"https:\\\/\\\/www.encontrapiracicaba.com.br\\\/sobre\\\/#organization\",\"name\":\"Encontra Piracicaba\",\"description\":\"Not\\u00edcias, eventos, informa\\u00e7\\u00f5es e dicas na cidade de Piracicaba e regi\\u00e3o\",\"url\":\"https:\\\/\\\/www.encontrapiracicaba.com.br\\\/sobre\\\/\"},{\"@type\":\"Person\",\"@id\":\"https:\\\/\\\/www.encontrapiracicaba.com.br\\\/sobre\\\/author\\\/epiracicaba\\\/#author\",\"url\":\"https:\\\/\\\/www.encontrapiracicaba.com.br\\\/sobre\\\/author\\\/epiracicaba\\\/\",\"name\":\"Encontra Piracicaba\",\"image\":{\"@type\":\"ImageObject\",\"@id\":\"https:\\\/\\\/www.encontrapiracicaba.com.br\\\/sobre\\\/vereadora-usa-a-tribuna-para-esclarecer-situacao-do-iptu-em-piracicaba\\\/#authorImage\",\"url\":\"https:\\\/\\\/secure.gravatar.com\\\/avatar\\\/507340682b8270222e1f208e23198b6ae7e2c6a1033ae84e99bc6bce4f82a387?s=96&d=mm&r=g\",\"width\":96,\"height\":96,\"caption\":\"Encontra Piracicaba\"}},{\"@type\":\"WebPage\",\"@id\":\"https:\\\/\\\/www.encontrapiracicaba.com.br\\\/sobre\\\/vereadora-usa-a-tribuna-para-esclarecer-situacao-do-iptu-em-piracicaba\\\/#webpage\",\"url\":\"https:\\\/\\\/www.encontrapiracicaba.com.br\\\/sobre\\\/vereadora-usa-a-tribuna-para-esclarecer-situacao-do-iptu-em-piracicaba\\\/\",\"name\":\"Vereadora usa a tribuna para esclarecer situa\\u00e7\\u00e3o do IPTU em Piracicaba | Encontra Piracicaba\",\"inLanguage\":\"pt-BR\",\"isPartOf\":{\"@id\":\"https:\\\/\\\/www.encontrapiracicaba.com.br\\\/sobre\\\/#website\"},\"breadcrumb\":{\"@id\":\"https:\\\/\\\/www.encontrapiracicaba.com.br\\\/sobre\\\/vereadora-usa-a-tribuna-para-esclarecer-situacao-do-iptu-em-piracicaba\\\/#breadcrumblist\"},\"author\":{\"@id\":\"https:\\\/\\\/www.encontrapiracicaba.com.br\\\/sobre\\\/author\\\/epiracicaba\\\/#author\"},\"creator\":{\"@id\":\"https:\\\/\\\/www.encontrapiracicaba.com.br\\\/sobre\\\/author\\\/epiracicaba\\\/#author\"},\"image\":{\"@type\":\"ImageObject\",\"url\":\"https:\\\/\\\/www.encontrapiracicaba.com.br\\\/sobre\\\/wp-content\\\/uploads\\\/vereadora-usa-a-tribuna-para-esclarecer-situacao-do-iptu-em-piracicaba.webp\",\"@id\":\"https:\\\/\\\/www.encontrapiracicaba.com.br\\\/sobre\\\/vereadora-usa-a-tribuna-para-esclarecer-situacao-do-iptu-em-piracicaba\\\/#mainImage\",\"width\":280,\"height\":280,\"caption\":\"IPTU em Piracicaba\"},\"primaryImageOfPage\":{\"@id\":\"https:\\\/\\\/www.encontrapiracicaba.com.br\\\/sobre\\\/vereadora-usa-a-tribuna-para-esclarecer-situacao-do-iptu-em-piracicaba\\\/#mainImage\"},\"datePublished\":\"2026-05-27T11:17:18-03:00\",\"dateModified\":\"2026-05-27T11:17:18-03:00\"},{\"@type\":\"WebSite\",\"@id\":\"https:\\\/\\\/www.encontrapiracicaba.com.br\\\/sobre\\\/#website\",\"url\":\"https:\\\/\\\/www.encontrapiracicaba.com.br\\\/sobre\\\/\",\"name\":\"Encontra Piracicaba\",\"description\":\"Not\\u00edcias, eventos, informa\\u00e7\\u00f5es e dicas na cidade de Piracicaba e regi\\u00e3o\",\"inLanguage\":\"pt-BR\",\"publisher\":{\"@id\":\"https:\\\/\\\/www.encontrapiracicaba.com.br\\\/sobre\\\/#organization\"}}]}\n\t\t<\/script>\n\t\t<!-- All in One SEO -->\n\n","aioseo_head_json":{"title":"Vereadora usa a tribuna para esclarecer situa\u00e7\u00e3o do IPTU em Piracicaba | Encontra Piracicaba","description":"","canonical_url":"https:\/\/www.encontrapiracicaba.com.br\/sobre\/vereadora-usa-a-tribuna-para-esclarecer-situacao-do-iptu-em-piracicaba\/","robots":"max-image-preview:large","keywords":"","webmasterTools":{"miscellaneous":""},"schema":{"@context":"https:\/\/schema.org","@graph":[{"@type":"Article","@id":"https:\/\/www.encontrapiracicaba.com.br\/sobre\/vereadora-usa-a-tribuna-para-esclarecer-situacao-do-iptu-em-piracicaba\/#article","name":"Vereadora usa a tribuna para esclarecer situa\u00e7\u00e3o do IPTU em Piracicaba | Encontra Piracicaba","headline":"Vereadora usa a tribuna para esclarecer situa\u00e7\u00e3o do IPTU em Piracicaba","author":{"@id":"https:\/\/www.encontrapiracicaba.com.br\/sobre\/author\/epiracicaba\/#author"},"publisher":{"@id":"https:\/\/www.encontrapiracicaba.com.br\/sobre\/#organization"},"image":{"@type":"ImageObject","url":"https:\/\/www.encontrapiracicaba.com.br\/sobre\/wp-content\/uploads\/vereadora-usa-a-tribuna-para-esclarecer-situacao-do-iptu-em-piracicaba.webp","width":280,"height":280,"caption":"IPTU em Piracicaba"},"datePublished":"2026-05-27T11:17:18-03:00","dateModified":"2026-05-27T11:17:18-03:00","inLanguage":"pt-BR","mainEntityOfPage":{"@id":"https:\/\/www.encontrapiracicaba.com.br\/sobre\/vereadora-usa-a-tribuna-para-esclarecer-situacao-do-iptu-em-piracicaba\/#webpage"},"isPartOf":{"@id":"https:\/\/www.encontrapiracicaba.com.br\/sobre\/vereadora-usa-a-tribuna-para-esclarecer-situacao-do-iptu-em-piracicaba\/#webpage"},"articleSection":"Not\u00edcias Piracicaba"},{"@type":"BreadcrumbList","@id":"https:\/\/www.encontrapiracicaba.com.br\/sobre\/vereadora-usa-a-tribuna-para-esclarecer-situacao-do-iptu-em-piracicaba\/#breadcrumblist","itemListElement":[{"@type":"ListItem","@id":"https:\/\/www.encontrapiracicaba.com.br\/sobre#listItem","position":1,"name":"In\u00edcio","item":"https:\/\/www.encontrapiracicaba.com.br\/sobre","nextItem":{"@type":"ListItem","@id":"https:\/\/www.encontrapiracicaba.com.br\/sobre\/noticias-em-piracicaba\/#listItem","name":"Not\u00edcias Piracicaba"}},{"@type":"ListItem","@id":"https:\/\/www.encontrapiracicaba.com.br\/sobre\/noticias-em-piracicaba\/#listItem","position":2,"name":"Not\u00edcias Piracicaba","item":"https:\/\/www.encontrapiracicaba.com.br\/sobre\/noticias-em-piracicaba\/","nextItem":{"@type":"ListItem","@id":"https:\/\/www.encontrapiracicaba.com.br\/sobre\/vereadora-usa-a-tribuna-para-esclarecer-situacao-do-iptu-em-piracicaba\/#listItem","name":"Vereadora usa a tribuna para esclarecer situa\u00e7\u00e3o do IPTU em Piracicaba"},"previousItem":{"@type":"ListItem","@id":"https:\/\/www.encontrapiracicaba.com.br\/sobre#listItem","name":"In\u00edcio"}},{"@type":"ListItem","@id":"https:\/\/www.encontrapiracicaba.com.br\/sobre\/vereadora-usa-a-tribuna-para-esclarecer-situacao-do-iptu-em-piracicaba\/#listItem","position":3,"name":"Vereadora usa a tribuna para esclarecer situa\u00e7\u00e3o do IPTU em Piracicaba","previousItem":{"@type":"ListItem","@id":"https:\/\/www.encontrapiracicaba.com.br\/sobre\/noticias-em-piracicaba\/#listItem","name":"Not\u00edcias Piracicaba"}}]},{"@type":"Organization","@id":"https:\/\/www.encontrapiracicaba.com.br\/sobre\/#organization","name":"Encontra Piracicaba","description":"Not\u00edcias, eventos, informa\u00e7\u00f5es e dicas na cidade de Piracicaba e regi\u00e3o","url":"https:\/\/www.encontrapiracicaba.com.br\/sobre\/"},{"@type":"Person","@id":"https:\/\/www.encontrapiracicaba.com.br\/sobre\/author\/epiracicaba\/#author","url":"https:\/\/www.encontrapiracicaba.com.br\/sobre\/author\/epiracicaba\/","name":"Encontra Piracicaba","image":{"@type":"ImageObject","@id":"https:\/\/www.encontrapiracicaba.com.br\/sobre\/vereadora-usa-a-tribuna-para-esclarecer-situacao-do-iptu-em-piracicaba\/#authorImage","url":"https:\/\/secure.gravatar.com\/avatar\/507340682b8270222e1f208e23198b6ae7e2c6a1033ae84e99bc6bce4f82a387?s=96&d=mm&r=g","width":96,"height":96,"caption":"Encontra Piracicaba"}},{"@type":"WebPage","@id":"https:\/\/www.encontrapiracicaba.com.br\/sobre\/vereadora-usa-a-tribuna-para-esclarecer-situacao-do-iptu-em-piracicaba\/#webpage","url":"https:\/\/www.encontrapiracicaba.com.br\/sobre\/vereadora-usa-a-tribuna-para-esclarecer-situacao-do-iptu-em-piracicaba\/","name":"Vereadora usa a tribuna para esclarecer situa\u00e7\u00e3o do IPTU em Piracicaba | Encontra Piracicaba","inLanguage":"pt-BR","isPartOf":{"@id":"https:\/\/www.encontrapiracicaba.com.br\/sobre\/#website"},"breadcrumb":{"@id":"https:\/\/www.encontrapiracicaba.com.br\/sobre\/vereadora-usa-a-tribuna-para-esclarecer-situacao-do-iptu-em-piracicaba\/#breadcrumblist"},"author":{"@id":"https:\/\/www.encontrapiracicaba.com.br\/sobre\/author\/epiracicaba\/#author"},"creator":{"@id":"https:\/\/www.encontrapiracicaba.com.br\/sobre\/author\/epiracicaba\/#author"},"image":{"@type":"ImageObject","url":"https:\/\/www.encontrapiracicaba.com.br\/sobre\/wp-content\/uploads\/vereadora-usa-a-tribuna-para-esclarecer-situacao-do-iptu-em-piracicaba.webp","@id":"https:\/\/www.encontrapiracicaba.com.br\/sobre\/vereadora-usa-a-tribuna-para-esclarecer-situacao-do-iptu-em-piracicaba\/#mainImage","width":280,"height":280,"caption":"IPTU em Piracicaba"},"primaryImageOfPage":{"@id":"https:\/\/www.encontrapiracicaba.com.br\/sobre\/vereadora-usa-a-tribuna-para-esclarecer-situacao-do-iptu-em-piracicaba\/#mainImage"},"datePublished":"2026-05-27T11:17:18-03:00","dateModified":"2026-05-27T11:17:18-03:00"},{"@type":"WebSite","@id":"https:\/\/www.encontrapiracicaba.com.br\/sobre\/#website","url":"https:\/\/www.encontrapiracicaba.com.br\/sobre\/","name":"Encontra Piracicaba","description":"Not\u00edcias, eventos, informa\u00e7\u00f5es e dicas na cidade de Piracicaba e regi\u00e3o","inLanguage":"pt-BR","publisher":{"@id":"https:\/\/www.encontrapiracicaba.com.br\/sobre\/#organization"}}]},"og:locale":"pt_BR","og:site_name":"Encontra Piracicaba | Not\u00edcias, eventos, informa\u00e7\u00f5es e dicas na cidade de Piracicaba e regi\u00e3o","og:type":"article","og:title":"Vereadora usa a tribuna para esclarecer situa\u00e7\u00e3o do IPTU em Piracicaba | Encontra Piracicaba","og:url":"https:\/\/www.encontrapiracicaba.com.br\/sobre\/vereadora-usa-a-tribuna-para-esclarecer-situacao-do-iptu-em-piracicaba\/","article:published_time":"2026-05-27T14:17:18+00:00","article:modified_time":"2026-05-27T14:17:18+00:00","twitter:card":"summary","twitter:title":"Vereadora usa a tribuna para esclarecer situa\u00e7\u00e3o do IPTU em Piracicaba | Encontra Piracicaba"},"aioseo_meta_data":{"post_id":"4611","title":null,"description":null,"keywords":null,"keyphrases":null,"primary_term":null,"canonical_url":null,"og_title":null,"og_description":null,"og_object_type":"default","og_image_type":"default","og_image_url":null,"og_image_width":null,"og_image_height":null,"og_image_custom_url":null,"og_image_custom_fields":null,"og_video":null,"og_custom_url":null,"og_article_section":null,"og_article_tags":null,"twitter_use_og":false,"twitter_card":"default","twitter_image_type":"default","twitter_image_url":null,"twitter_image_custom_url":null,"twitter_image_custom_fields":null,"twitter_title":null,"twitter_description":null,"schema":{"blockGraphs":[],"customGraphs":[],"default":{"data":{"Article":[],"Course":[],"Dataset":[],"FAQPage":[],"Movie":[],"Person":[],"Product":[],"ProductReview":[],"Car":[],"Recipe":[],"Service":[],"SoftwareApplication":[],"WebPage":[]},"graphName":"Article","isEnabled":true},"graphs":[]},"schema_type":"default","schema_type_options":null,"pillar_content":false,"robots_default":true,"robots_noindex":false,"robots_noarchive":false,"robots_nosnippet":false,"robots_nofollow":false,"robots_noimageindex":false,"robots_noodp":false,"robots_notranslate":false,"robots_max_snippet":null,"robots_max_videopreview":null,"robots_max_imagepreview":"large","priority":null,"frequency":null,"local_seo":null,"breadcrumb_settings":null,"limit_modified_date":false,"ai":null,"created":"2026-05-27 14:17:22","updated":"2026-05-27 14:26:34","focus_keyword":null,"additional_keywords":null,"truseo_locale":null,"seo_analyzer_scan_date":null},"aioseo_breadcrumb":"<div class=\"aioseo-breadcrumbs\"><span class=\"aioseo-breadcrumb\">\n\t\t\t<a href=\"https:\/\/www.encontrapiracicaba.com.br\/sobre\" title=\"In\u00edcio\">In\u00edcio<\/a>\n\t\t<\/span><span class=\"aioseo-breadcrumb-separator\">&raquo;<\/span><span class=\"aioseo-breadcrumb\">\n\t\t\t<a href=\"https:\/\/www.encontrapiracicaba.com.br\/sobre\/noticias-em-piracicaba\/\" title=\"Not\u00edcias Piracicaba\">Not\u00edcias Piracicaba<\/a>\n\t\t<\/span><span class=\"aioseo-breadcrumb-separator\">&raquo;<\/span><span class=\"aioseo-breadcrumb\">\n\t\t\tVereadora usa a tribuna para esclarecer situa\u00e7\u00e3o do IPTU em Piracicaba\n\t\t<\/span><\/div>","aioseo_breadcrumb_json":[{"label":"In\u00edcio","link":"https:\/\/www.encontrapiracicaba.com.br\/sobre"},{"label":"Not\u00edcias Piracicaba","link":"https:\/\/www.encontrapiracicaba.com.br\/sobre\/noticias-em-piracicaba\/"},{"label":"Vereadora usa a tribuna para esclarecer situa\u00e7\u00e3o do IPTU em Piracicaba","link":"https:\/\/www.encontrapiracicaba.com.br\/sobre\/vereadora-usa-a-tribuna-para-esclarecer-situacao-do-iptu-em-piracicaba\/"}],"_links":{"self":[{"href":"https:\/\/www.encontrapiracicaba.com.br\/sobre\/wp-json\/wp\/v2\/posts\/4611","targetHints":{"allow":["GET"]}}],"collection":[{"href":"https:\/\/www.encontrapiracicaba.com.br\/sobre\/wp-json\/wp\/v2\/posts"}],"about":[{"href":"https:\/\/www.encontrapiracicaba.com.br\/sobre\/wp-json\/wp\/v2\/types\/post"}],"author":[{"embeddable":true,"href":"https:\/\/www.encontrapiracicaba.com.br\/sobre\/wp-json\/wp\/v2\/users\/1"}],"replies":[{"embeddable":true,"href":"https:\/\/www.encontrapiracicaba.com.br\/sobre\/wp-json\/wp\/v2\/comments?post=4611"}],"version-history":[{"count":0,"href":"https:\/\/www.encontrapiracicaba.com.br\/sobre\/wp-json\/wp\/v2\/posts\/4611\/revisions"}],"wp:featuredmedia":[{"embeddable":true,"href":"https:\/\/www.encontrapiracicaba.com.br\/sobre\/wp-json\/wp\/v2\/media\/4610"}],"wp:attachment":[{"href":"https:\/\/www.encontrapiracicaba.com.br\/sobre\/wp-json\/wp\/v2\/media?parent=4611"}],"wp:term":[{"taxonomy":"category","embeddable":true,"href":"https:\/\/www.encontrapiracicaba.com.br\/sobre\/wp-json\/wp\/v2\/categories?post=4611"},{"taxonomy":"post_tag","embeddable":true,"href":"https:\/\/www.encontrapiracicaba.com.br\/sobre\/wp-json\/wp\/v2\/tags?post=4611"}],"curies":[{"name":"wp","href":"https:\/\/api.w.org\/{rel}","templated":true}]}}