{"id":4615,"date":"2026-05-28T11:15:04","date_gmt":"2026-05-28T14:15:04","guid":{"rendered":"https:\/\/www.encontrapiracicaba.com.br\/sobre\/vereadora-destaca-luta-pelo-fim-da-escala-6x1-no-dia-do-trabalhador\/"},"modified":"2026-05-28T11:15:04","modified_gmt":"2026-05-28T14:15:04","slug":"vereadora-destaca-luta-pelo-fim-da-escala-6x1-no-dia-do-trabalhador","status":"publish","type":"post","link":"https:\/\/www.encontrapiracicaba.com.br\/sobre\/vereadora-destaca-luta-pelo-fim-da-escala-6x1-no-dia-do-trabalhador\/","title":{"rendered":"Vereadora destaca luta pelo fim da escala 6&#215;1 no Dia do Trabalhador"},"content":{"rendered":"<div class=\"85df007ed5c0c4d4b453fd13a37855e8\" data-index=\"1\" style=\"float: none; margin:0px;\">\n<!-- Anuncio display - global -->\r\n<ins class=\"adsbygoogle\"\r\n     style=\"display:block\"\r\n     data-ad-client=\"ca-pub-8585364105181520\"\r\n     data-ad-slot=\"8789329856\"\r\n     data-ad-format=\"auto\"\r\n     data-full-width-responsive=\"true\"><\/ins>\r\n<script>\r\n     (adsbygoogle = window.adsbygoogle || []).push({});\r\n<\/script>\n<\/div>\n<h2>A Mobiliza\u00e7\u00e3o pelo Fim da Escala 6&#215;1<\/h2>\n<p>No dia 1\u00ba de maio, conhecido como Dia do Trabalhador, a vereadora Rai de Almeida (PT) utilizou seu tempo na tribuna da C\u00e2mara Municipal de Piracicaba para falar sobre quest\u00f5es importantes que angustiam a popula\u00e7\u00e3o local. A \u00eanfase de sua fala recaiu sobre a luta pela elimina\u00e7\u00e3o da jornada de trabalho 6&#215;1, um tema que ressoa fortemente entre os trabalhadores e representa uma demanda hist\u00f3rica por condi\u00e7\u00f5es melhores de trabalho e respeitosos direitos sociais.<\/p>\n<h2>Reivindica\u00e7\u00f5es dos Trabalhadores no Dia do Trabalhador<\/h2>\n<p>A jornada 6&#215;1, que implica em trabalhar seis dias consecutivos seguidos por apenas um dia de descanso, \u00e9 vista como uma carga excessiva que compromete a sa\u00fade e a qualidade de vida dos trabalhadores. Neste contexto, Rai destacou a import\u00e2ncia do movimento de trabalhar menos e descansar mais, ressaltando a necessidade de uma mobiliza\u00e7\u00e3o maior em prol de melhores condi\u00e7\u00f5es. O Dia do Trabalhador n\u00e3o \u00e9 apenas uma celebra\u00e7\u00e3o, mas uma oportunidade significativa para reivindica\u00e7\u00f5es coletivas e unite das vozes que clamam por mudan\u00e7as.<\/p>\n<h2>Import\u00e2ncia do Dia Internacional do Trabalhador<\/h2>\n<p>O 1\u00ba de Maio \u00e9 muito mais que um feriado; \u00e9 um s\u00edmbolo de resist\u00eancia e luta dos trabalhadores em todo o mundo. A data foi escolhida historicamente para lembrar as conquistas alcan\u00e7adas e tamb\u00e9m os desafios que ainda precisam ser enfrentados. Em meio a mobiliza\u00e7\u00f5es que ocorrem em diversas cidades, a vereadora enfatizou a relev\u00e2ncia desse dia para unir for\u00e7as em prol de direitos que podem, at\u00e9 hoje, continuar amea\u00e7ados.<\/p>\n<p><img decoding=\"async\" src=\"https:\/\/www.encontrapiracicaba.com.br\/sobre\/wp-content\/uploads\/vereadora-destaca-luta-pelo-fim-da-escala-6x1-no-dia-do-trabalhador.webp\" alt=\"fim da escala 6x1\" loading=\"lazy\" \/><\/p>\n<h2>A Fala de Rai de Almeida na C\u00e2mara<\/h2>\n<p>No decorrer de sua fala, Rai descreveu como os trabalhadores enfrentam globalmente v\u00e1rias adversidades, enfatizando que o aumento de jornadas sem descanso adequado gera n\u00e3o apenas desgaste f\u00edsico, mas tamb\u00e9m mental. &#8220;Amanh\u00e3 (dia do trabalhador), estaremos nas ruas reivindicando direitos e por um descanso justo, pois n\u00e3o podemos aceitar que a liberdade e a dignidade dos trabalhadores sejam desrespeitadas&#8221;, afirmou. Este pleito ressoa exig\u00eancias por igualdade e justi\u00e7a no ambiente laboral.<\/p>\n<h2>Desafios Enfrentados pelos Trabalhadores Hoje<\/h2>\n<p>Os desafios enfrentados na atualidade v\u00e3o al\u00e9m da jornada de trabalho. A precariza\u00e7\u00e3o das condi\u00e7\u00f5es de trabalho, falta de direitos garantidos e a crescente press\u00e3o por resultados t\u00eam gerado um ambiente muitas vezes hostil e extenuante para os trabalhadores. Rai chamou aten\u00e7\u00e3o, durante sua fala, para a import\u00e2ncia de atender essas inquieta\u00e7\u00f5es de forma efetiva e humanizada.<\/p>\n<h2>Condi\u00e7\u00f5es de Trabalho e Direitos Sociais<\/h2>\n<p>A busca por um ambiente de trabalho que priorize condi\u00e7\u00f5es dignas \u00e9 uma miss\u00e3o que deve ser coletiva. A cren\u00e7a de que todos merecem o direito de trabalhar em um espa\u00e7o onde sua sa\u00fade e bem-estar sejam priorizados, \u00e9 essencial. Rai criticou a normaliza\u00e7\u00e3o de pr\u00e1ticas explorat\u00f3rias que visam apenas o lucro imediato sem levar em considera\u00e7\u00e3o as pessoas. Ela refor\u00e7ou que, no Dia do Trabalhador, \u00e9 preciso lembrar a todos sobre a import\u00e2ncia de defender e expandir esses direitos.<\/p>\n<h2>Demandas da Popula\u00e7\u00e3o e Respostas do Executivo<\/h2>\n<p>Al\u00e9m de falar sobre a jornada 6&#215;1, Rai mencionou a necessidade de provid\u00eancias em rela\u00e7\u00e3o a outras quest\u00f5es, como a infraestrutura urbana. Ela lembrou o governo municipal de uma indica\u00e7\u00e3o feita em janeiro de 2026, solicitando o restauro da Rua Ces\u00e1rio Simeone, que est\u00e1 em p\u00e9ssimas condi\u00e7\u00f5es ap\u00f3s obras de canaliza\u00e7\u00e3o. Este apelo reflete a import\u00e2ncia de um governo responsivo que atenda as necessidades reais da popula\u00e7\u00e3o.<\/p>\n<h2>Impacto das Mobiliza\u00e7\u00f5es nas Comunidades<\/h2>\n<p>As mobiliza\u00e7\u00f5es em defesa de direitos trabalhistas s\u00e3o mais do que merecidas; elas s\u00e3o fundamentais para o fortalecimento da cidadania e da prote\u00e7\u00e3o dos direitos sociais. Ao convocar a popula\u00e7\u00e3o a se manifestar, a vereadora promove um fortalecimento das comunidades locais, unindo vozes diversas em busca de um bem comum. Essas a\u00e7\u00f5es n\u00e3o apenas visam mudan\u00e7as nas regras de trabalho, mas tamb\u00e9m visam aumentar a conscientiza\u00e7\u00e3o sobre a import\u00e2ncia da participa\u00e7\u00e3o ativa na pol\u00edtica e na sociedade.<\/p>\n<h2>Mobiliza\u00e7\u00f5es Previstas para o 1\u00ba de Maio<\/h2>\n<p>No cen\u00e1rio previsto para o Dia do Trabalhador, diversas cidades se preparam para atos que demandam a aten\u00e7\u00e3o da sociedade. Rai sublinhou que, em Piracicaba, os movimentos esperam atrair um grande n\u00famero de participantes, reunindo trabalhadores descontentes e em busca de melhorias. Essa mobiliza\u00e7\u00e3o representa uma forma de pressionar o governo e as institui\u00e7\u00f5es a olharem para as dificuldades que v\u00eam sendo enfrentadas.<\/p>\n<h2>A Necessidade de Melhorias nas Escolas Municipais<\/h2>\n<p>Outro ponto abordado por Rai, em sua exposi\u00e7\u00e3o, foram as condi\u00e7\u00f5es das escolas municipais. Professores t\u00eam apontado a falta de materiais b\u00e1sicos, como papel toalha nas escolas, o que \u00e9 essencial para a higiene dos alunos. Ao trazer essa quest\u00e3o \u00e0 tona, a vereadora destaca que a educa\u00e7\u00e3o deve ser uma prioridade para o governo, assegurando que as institui\u00e7\u00f5es de ensino possam oferecer um ambiente seguro e acolhedor para as crian\u00e7as e jovens.<\/p>\n\n<div style=\"font-size: 0px; height: 0px; line-height: 0px; margin: 0; padding: 0; clear: both;\"><\/div>","protected":false},"excerpt":{"rendered":"<p>Vereadora Rai de Almeida destaca a luta pelo fim da escala 6&#215;1 em evento no Dia do Trabalhador.<\/p>\n","protected":false},"author":1,"featured_media":4614,"comment_status":"closed","ping_status":"closed","sticky":false,"template":"","format":"standard","meta":{"footnotes":""},"categories":[6],"tags":[],"class_list":["post-4615","post","type-post","status-publish","format-standard","has-post-thumbnail","hentry","category-noticias-em-piracicaba","has_thumb"],"aioseo_notices":[],"aioseo_head":"\n\t\t<!-- All in One SEO 5.0.0.1 - aioseo.com -->\n\t<meta name=\"robots\" content=\"max-image-preview:large\" \/>\n\t<meta name=\"author\" content=\"Encontra Piracicaba\"\/>\n\t<link rel=\"canonical\" href=\"https:\/\/www.encontrapiracicaba.com.br\/sobre\/vereadora-destaca-luta-pelo-fim-da-escala-6x1-no-dia-do-trabalhador\/\" \/>\n\t<meta name=\"generator\" content=\"All in One SEO (AIOSEO) 5.0.0.1\" \/>\n\t\t<meta property=\"og:locale\" content=\"pt_BR\" \/>\n\t\t<meta property=\"og:site_name\" content=\"Encontra Piracicaba | Not\u00edcias, eventos, informa\u00e7\u00f5es e dicas na cidade de Piracicaba e regi\u00e3o\" \/>\n\t\t<meta property=\"og:type\" content=\"article\" \/>\n\t\t<meta property=\"og:title\" content=\"Vereadora destaca luta pelo fim da escala 6\u00d71 no Dia do Trabalhador | Encontra Piracicaba\" \/>\n\t\t<meta property=\"og:url\" content=\"https:\/\/www.encontrapiracicaba.com.br\/sobre\/vereadora-destaca-luta-pelo-fim-da-escala-6x1-no-dia-do-trabalhador\/\" \/>\n\t\t<meta property=\"article:published_time\" content=\"2026-05-28T14:15:04+00:00\" \/>\n\t\t<meta property=\"article:modified_time\" content=\"2026-05-28T14:15:04+00:00\" \/>\n\t\t<meta name=\"twitter:card\" content=\"summary\" \/>\n\t\t<meta name=\"twitter:title\" content=\"Vereadora destaca luta pelo fim da escala 6\u00d71 no Dia do Trabalhador | Encontra Piracicaba\" \/>\n\t\t<script type=\"application\/ld+json\" class=\"aioseo-schema\">\n\t\t\t{\"@context\":\"https:\\\/\\\/schema.org\",\"@graph\":[{\"@type\":\"Article\",\"@id\":\"https:\\\/\\\/www.encontrapiracicaba.com.br\\\/sobre\\\/vereadora-destaca-luta-pelo-fim-da-escala-6x1-no-dia-do-trabalhador\\\/#article\",\"name\":\"Vereadora destaca luta pelo fim da escala 6\\u00d71 no Dia do Trabalhador | Encontra Piracicaba\",\"headline\":\"Vereadora destaca luta pelo fim da escala 6&#215;1 no Dia do Trabalhador\",\"author\":{\"@id\":\"https:\\\/\\\/www.encontrapiracicaba.com.br\\\/sobre\\\/author\\\/epiracicaba\\\/#author\"},\"publisher\":{\"@id\":\"https:\\\/\\\/www.encontrapiracicaba.com.br\\\/sobre\\\/#organization\"},\"image\":{\"@type\":\"ImageObject\",\"url\":\"https:\\\/\\\/www.encontrapiracicaba.com.br\\\/sobre\\\/wp-content\\\/uploads\\\/vereadora-destaca-luta-pelo-fim-da-escala-6x1-no-dia-do-trabalhador.webp\",\"width\":280,\"height\":280,\"caption\":\"fim da escala 6x1\"},\"datePublished\":\"2026-05-28T11:15:04-03:00\",\"dateModified\":\"2026-05-28T11:15:04-03:00\",\"inLanguage\":\"pt-BR\",\"mainEntityOfPage\":{\"@id\":\"https:\\\/\\\/www.encontrapiracicaba.com.br\\\/sobre\\\/vereadora-destaca-luta-pelo-fim-da-escala-6x1-no-dia-do-trabalhador\\\/#webpage\"},\"isPartOf\":{\"@id\":\"https:\\\/\\\/www.encontrapiracicaba.com.br\\\/sobre\\\/vereadora-destaca-luta-pelo-fim-da-escala-6x1-no-dia-do-trabalhador\\\/#webpage\"},\"articleSection\":\"Not\\u00edcias Piracicaba\"},{\"@type\":\"BreadcrumbList\",\"@id\":\"https:\\\/\\\/www.encontrapiracicaba.com.br\\\/sobre\\\/vereadora-destaca-luta-pelo-fim-da-escala-6x1-no-dia-do-trabalhador\\\/#breadcrumblist\",\"itemListElement\":[{\"@type\":\"ListItem\",\"@id\":\"https:\\\/\\\/www.encontrapiracicaba.com.br\\\/sobre#listItem\",\"position\":1,\"name\":\"In\\u00edcio\",\"item\":\"https:\\\/\\\/www.encontrapiracicaba.com.br\\\/sobre\",\"nextItem\":{\"@type\":\"ListItem\",\"@id\":\"https:\\\/\\\/www.encontrapiracicaba.com.br\\\/sobre\\\/noticias-em-piracicaba\\\/#listItem\",\"name\":\"Not\\u00edcias Piracicaba\"}},{\"@type\":\"ListItem\",\"@id\":\"https:\\\/\\\/www.encontrapiracicaba.com.br\\\/sobre\\\/noticias-em-piracicaba\\\/#listItem\",\"position\":2,\"name\":\"Not\\u00edcias Piracicaba\",\"item\":\"https:\\\/\\\/www.encontrapiracicaba.com.br\\\/sobre\\\/noticias-em-piracicaba\\\/\",\"nextItem\":{\"@type\":\"ListItem\",\"@id\":\"https:\\\/\\\/www.encontrapiracicaba.com.br\\\/sobre\\\/vereadora-destaca-luta-pelo-fim-da-escala-6x1-no-dia-do-trabalhador\\\/#listItem\",\"name\":\"Vereadora destaca luta pelo fim da escala 6&#215;1 no Dia do Trabalhador\"},\"previousItem\":{\"@type\":\"ListItem\",\"@id\":\"https:\\\/\\\/www.encontrapiracicaba.com.br\\\/sobre#listItem\",\"name\":\"In\\u00edcio\"}},{\"@type\":\"ListItem\",\"@id\":\"https:\\\/\\\/www.encontrapiracicaba.com.br\\\/sobre\\\/vereadora-destaca-luta-pelo-fim-da-escala-6x1-no-dia-do-trabalhador\\\/#listItem\",\"position\":3,\"name\":\"Vereadora destaca luta pelo fim da escala 6&#215;1 no Dia do Trabalhador\",\"previousItem\":{\"@type\":\"ListItem\",\"@id\":\"https:\\\/\\\/www.encontrapiracicaba.com.br\\\/sobre\\\/noticias-em-piracicaba\\\/#listItem\",\"name\":\"Not\\u00edcias Piracicaba\"}}]},{\"@type\":\"Organization\",\"@id\":\"https:\\\/\\\/www.encontrapiracicaba.com.br\\\/sobre\\\/#organization\",\"name\":\"Encontra Piracicaba\",\"description\":\"Not\\u00edcias, eventos, informa\\u00e7\\u00f5es e dicas na cidade de Piracicaba e regi\\u00e3o\",\"url\":\"https:\\\/\\\/www.encontrapiracicaba.com.br\\\/sobre\\\/\"},{\"@type\":\"Person\",\"@id\":\"https:\\\/\\\/www.encontrapiracicaba.com.br\\\/sobre\\\/author\\\/epiracicaba\\\/#author\",\"url\":\"https:\\\/\\\/www.encontrapiracicaba.com.br\\\/sobre\\\/author\\\/epiracicaba\\\/\",\"name\":\"Encontra Piracicaba\",\"image\":{\"@type\":\"ImageObject\",\"@id\":\"https:\\\/\\\/www.encontrapiracicaba.com.br\\\/sobre\\\/vereadora-destaca-luta-pelo-fim-da-escala-6x1-no-dia-do-trabalhador\\\/#authorImage\",\"url\":\"https:\\\/\\\/secure.gravatar.com\\\/avatar\\\/507340682b8270222e1f208e23198b6ae7e2c6a1033ae84e99bc6bce4f82a387?s=96&d=mm&r=g\",\"width\":96,\"height\":96,\"caption\":\"Encontra Piracicaba\"}},{\"@type\":\"WebPage\",\"@id\":\"https:\\\/\\\/www.encontrapiracicaba.com.br\\\/sobre\\\/vereadora-destaca-luta-pelo-fim-da-escala-6x1-no-dia-do-trabalhador\\\/#webpage\",\"url\":\"https:\\\/\\\/www.encontrapiracicaba.com.br\\\/sobre\\\/vereadora-destaca-luta-pelo-fim-da-escala-6x1-no-dia-do-trabalhador\\\/\",\"name\":\"Vereadora destaca luta pelo fim da escala 6\\u00d71 no Dia do Trabalhador | Encontra Piracicaba\",\"inLanguage\":\"pt-BR\",\"isPartOf\":{\"@id\":\"https:\\\/\\\/www.encontrapiracicaba.com.br\\\/sobre\\\/#website\"},\"breadcrumb\":{\"@id\":\"https:\\\/\\\/www.encontrapiracicaba.com.br\\\/sobre\\\/vereadora-destaca-luta-pelo-fim-da-escala-6x1-no-dia-do-trabalhador\\\/#breadcrumblist\"},\"author\":{\"@id\":\"https:\\\/\\\/www.encontrapiracicaba.com.br\\\/sobre\\\/author\\\/epiracicaba\\\/#author\"},\"creator\":{\"@id\":\"https:\\\/\\\/www.encontrapiracicaba.com.br\\\/sobre\\\/author\\\/epiracicaba\\\/#author\"},\"image\":{\"@type\":\"ImageObject\",\"url\":\"https:\\\/\\\/www.encontrapiracicaba.com.br\\\/sobre\\\/wp-content\\\/uploads\\\/vereadora-destaca-luta-pelo-fim-da-escala-6x1-no-dia-do-trabalhador.webp\",\"@id\":\"https:\\\/\\\/www.encontrapiracicaba.com.br\\\/sobre\\\/vereadora-destaca-luta-pelo-fim-da-escala-6x1-no-dia-do-trabalhador\\\/#mainImage\",\"width\":280,\"height\":280,\"caption\":\"fim da escala 6x1\"},\"primaryImageOfPage\":{\"@id\":\"https:\\\/\\\/www.encontrapiracicaba.com.br\\\/sobre\\\/vereadora-destaca-luta-pelo-fim-da-escala-6x1-no-dia-do-trabalhador\\\/#mainImage\"},\"datePublished\":\"2026-05-28T11:15:04-03:00\",\"dateModified\":\"2026-05-28T11:15:04-03:00\"},{\"@type\":\"WebSite\",\"@id\":\"https:\\\/\\\/www.encontrapiracicaba.com.br\\\/sobre\\\/#website\",\"url\":\"https:\\\/\\\/www.encontrapiracicaba.com.br\\\/sobre\\\/\",\"name\":\"Encontra Piracicaba\",\"description\":\"Not\\u00edcias, eventos, informa\\u00e7\\u00f5es e dicas na cidade de Piracicaba e regi\\u00e3o\",\"inLanguage\":\"pt-BR\",\"publisher\":{\"@id\":\"https:\\\/\\\/www.encontrapiracicaba.com.br\\\/sobre\\\/#organization\"}}]}\n\t\t<\/script>\n\t\t<!-- All in One SEO -->\n\n","aioseo_head_json":{"title":"Vereadora destaca luta pelo fim da escala 6\u00d71 no Dia do Trabalhador | Encontra Piracicaba","description":"","canonical_url":"https:\/\/www.encontrapiracicaba.com.br\/sobre\/vereadora-destaca-luta-pelo-fim-da-escala-6x1-no-dia-do-trabalhador\/","robots":"max-image-preview:large","keywords":"","webmasterTools":{"miscellaneous":""},"schema":{"@context":"https:\/\/schema.org","@graph":[{"@type":"Article","@id":"https:\/\/www.encontrapiracicaba.com.br\/sobre\/vereadora-destaca-luta-pelo-fim-da-escala-6x1-no-dia-do-trabalhador\/#article","name":"Vereadora destaca luta pelo fim da escala 6\u00d71 no Dia do Trabalhador | Encontra Piracicaba","headline":"Vereadora destaca luta pelo fim da escala 6&#215;1 no Dia do Trabalhador","author":{"@id":"https:\/\/www.encontrapiracicaba.com.br\/sobre\/author\/epiracicaba\/#author"},"publisher":{"@id":"https:\/\/www.encontrapiracicaba.com.br\/sobre\/#organization"},"image":{"@type":"ImageObject","url":"https:\/\/www.encontrapiracicaba.com.br\/sobre\/wp-content\/uploads\/vereadora-destaca-luta-pelo-fim-da-escala-6x1-no-dia-do-trabalhador.webp","width":280,"height":280,"caption":"fim da escala 6x1"},"datePublished":"2026-05-28T11:15:04-03:00","dateModified":"2026-05-28T11:15:04-03:00","inLanguage":"pt-BR","mainEntityOfPage":{"@id":"https:\/\/www.encontrapiracicaba.com.br\/sobre\/vereadora-destaca-luta-pelo-fim-da-escala-6x1-no-dia-do-trabalhador\/#webpage"},"isPartOf":{"@id":"https:\/\/www.encontrapiracicaba.com.br\/sobre\/vereadora-destaca-luta-pelo-fim-da-escala-6x1-no-dia-do-trabalhador\/#webpage"},"articleSection":"Not\u00edcias Piracicaba"},{"@type":"BreadcrumbList","@id":"https:\/\/www.encontrapiracicaba.com.br\/sobre\/vereadora-destaca-luta-pelo-fim-da-escala-6x1-no-dia-do-trabalhador\/#breadcrumblist","itemListElement":[{"@type":"ListItem","@id":"https:\/\/www.encontrapiracicaba.com.br\/sobre#listItem","position":1,"name":"In\u00edcio","item":"https:\/\/www.encontrapiracicaba.com.br\/sobre","nextItem":{"@type":"ListItem","@id":"https:\/\/www.encontrapiracicaba.com.br\/sobre\/noticias-em-piracicaba\/#listItem","name":"Not\u00edcias Piracicaba"}},{"@type":"ListItem","@id":"https:\/\/www.encontrapiracicaba.com.br\/sobre\/noticias-em-piracicaba\/#listItem","position":2,"name":"Not\u00edcias Piracicaba","item":"https:\/\/www.encontrapiracicaba.com.br\/sobre\/noticias-em-piracicaba\/","nextItem":{"@type":"ListItem","@id":"https:\/\/www.encontrapiracicaba.com.br\/sobre\/vereadora-destaca-luta-pelo-fim-da-escala-6x1-no-dia-do-trabalhador\/#listItem","name":"Vereadora destaca luta pelo fim da escala 6&#215;1 no Dia do Trabalhador"},"previousItem":{"@type":"ListItem","@id":"https:\/\/www.encontrapiracicaba.com.br\/sobre#listItem","name":"In\u00edcio"}},{"@type":"ListItem","@id":"https:\/\/www.encontrapiracicaba.com.br\/sobre\/vereadora-destaca-luta-pelo-fim-da-escala-6x1-no-dia-do-trabalhador\/#listItem","position":3,"name":"Vereadora destaca luta pelo fim da escala 6&#215;1 no Dia do Trabalhador","previousItem":{"@type":"ListItem","@id":"https:\/\/www.encontrapiracicaba.com.br\/sobre\/noticias-em-piracicaba\/#listItem","name":"Not\u00edcias Piracicaba"}}]},{"@type":"Organization","@id":"https:\/\/www.encontrapiracicaba.com.br\/sobre\/#organization","name":"Encontra Piracicaba","description":"Not\u00edcias, eventos, informa\u00e7\u00f5es e dicas na cidade de Piracicaba e regi\u00e3o","url":"https:\/\/www.encontrapiracicaba.com.br\/sobre\/"},{"@type":"Person","@id":"https:\/\/www.encontrapiracicaba.com.br\/sobre\/author\/epiracicaba\/#author","url":"https:\/\/www.encontrapiracicaba.com.br\/sobre\/author\/epiracicaba\/","name":"Encontra Piracicaba","image":{"@type":"ImageObject","@id":"https:\/\/www.encontrapiracicaba.com.br\/sobre\/vereadora-destaca-luta-pelo-fim-da-escala-6x1-no-dia-do-trabalhador\/#authorImage","url":"https:\/\/secure.gravatar.com\/avatar\/507340682b8270222e1f208e23198b6ae7e2c6a1033ae84e99bc6bce4f82a387?s=96&d=mm&r=g","width":96,"height":96,"caption":"Encontra Piracicaba"}},{"@type":"WebPage","@id":"https:\/\/www.encontrapiracicaba.com.br\/sobre\/vereadora-destaca-luta-pelo-fim-da-escala-6x1-no-dia-do-trabalhador\/#webpage","url":"https:\/\/www.encontrapiracicaba.com.br\/sobre\/vereadora-destaca-luta-pelo-fim-da-escala-6x1-no-dia-do-trabalhador\/","name":"Vereadora destaca luta pelo fim da escala 6\u00d71 no Dia do Trabalhador | Encontra Piracicaba","inLanguage":"pt-BR","isPartOf":{"@id":"https:\/\/www.encontrapiracicaba.com.br\/sobre\/#website"},"breadcrumb":{"@id":"https:\/\/www.encontrapiracicaba.com.br\/sobre\/vereadora-destaca-luta-pelo-fim-da-escala-6x1-no-dia-do-trabalhador\/#breadcrumblist"},"author":{"@id":"https:\/\/www.encontrapiracicaba.com.br\/sobre\/author\/epiracicaba\/#author"},"creator":{"@id":"https:\/\/www.encontrapiracicaba.com.br\/sobre\/author\/epiracicaba\/#author"},"image":{"@type":"ImageObject","url":"https:\/\/www.encontrapiracicaba.com.br\/sobre\/wp-content\/uploads\/vereadora-destaca-luta-pelo-fim-da-escala-6x1-no-dia-do-trabalhador.webp","@id":"https:\/\/www.encontrapiracicaba.com.br\/sobre\/vereadora-destaca-luta-pelo-fim-da-escala-6x1-no-dia-do-trabalhador\/#mainImage","width":280,"height":280,"caption":"fim da escala 6x1"},"primaryImageOfPage":{"@id":"https:\/\/www.encontrapiracicaba.com.br\/sobre\/vereadora-destaca-luta-pelo-fim-da-escala-6x1-no-dia-do-trabalhador\/#mainImage"},"datePublished":"2026-05-28T11:15:04-03:00","dateModified":"2026-05-28T11:15:04-03:00"},{"@type":"WebSite","@id":"https:\/\/www.encontrapiracicaba.com.br\/sobre\/#website","url":"https:\/\/www.encontrapiracicaba.com.br\/sobre\/","name":"Encontra Piracicaba","description":"Not\u00edcias, eventos, informa\u00e7\u00f5es e dicas na cidade de Piracicaba e regi\u00e3o","inLanguage":"pt-BR","publisher":{"@id":"https:\/\/www.encontrapiracicaba.com.br\/sobre\/#organization"}}]},"og:locale":"pt_BR","og:site_name":"Encontra Piracicaba | Not\u00edcias, eventos, informa\u00e7\u00f5es e dicas na cidade de Piracicaba e regi\u00e3o","og:type":"article","og:title":"Vereadora destaca luta pelo fim da escala 6\u00d71 no Dia do Trabalhador | Encontra Piracicaba","og:url":"https:\/\/www.encontrapiracicaba.com.br\/sobre\/vereadora-destaca-luta-pelo-fim-da-escala-6x1-no-dia-do-trabalhador\/","article:published_time":"2026-05-28T14:15:04+00:00","article:modified_time":"2026-05-28T14:15:04+00:00","twitter:card":"summary","twitter:title":"Vereadora destaca luta pelo fim da escala 6\u00d71 no Dia do Trabalhador | Encontra Piracicaba"},"aioseo_meta_data":{"post_id":"4615","title":null,"description":null,"keywords":null,"keyphrases":null,"primary_term":null,"canonical_url":null,"og_title":null,"og_description":null,"og_object_type":"default","og_image_type":"default","og_image_url":null,"og_image_width":null,"og_image_height":null,"og_image_custom_url":null,"og_image_custom_fields":null,"og_video":null,"og_custom_url":null,"og_article_section":null,"og_article_tags":null,"twitter_use_og":false,"twitter_card":"default","twitter_image_type":"default","twitter_image_url":null,"twitter_image_custom_url":null,"twitter_image_custom_fields":null,"twitter_title":null,"twitter_description":null,"schema":{"blockGraphs":[],"customGraphs":[],"default":{"data":{"Article":[],"Course":[],"Dataset":[],"FAQPage":[],"Movie":[],"Person":[],"Product":[],"ProductReview":[],"Car":[],"Recipe":[],"Service":[],"SoftwareApplication":[],"WebPage":[]},"graphName":"Article","isEnabled":true},"graphs":[]},"schema_type":"default","schema_type_options":null,"pillar_content":false,"robots_default":true,"robots_noindex":false,"robots_noarchive":false,"robots_nosnippet":false,"robots_nofollow":false,"robots_noimageindex":false,"robots_noodp":false,"robots_notranslate":false,"robots_max_snippet":null,"robots_max_videopreview":null,"robots_max_imagepreview":"large","priority":null,"frequency":null,"local_seo":null,"breadcrumb_settings":null,"limit_modified_date":false,"ai":null,"created":"2026-05-28 14:15:09","updated":"2026-05-28 14:23:24","focus_keyword":null,"additional_keywords":null,"truseo_locale":null,"seo_analyzer_scan_date":null},"aioseo_breadcrumb":"<div class=\"aioseo-breadcrumbs\"><span class=\"aioseo-breadcrumb\">\n\t\t\t<a href=\"https:\/\/www.encontrapiracicaba.com.br\/sobre\" title=\"In\u00edcio\">In\u00edcio<\/a>\n\t\t<\/span><span class=\"aioseo-breadcrumb-separator\">&raquo;<\/span><span class=\"aioseo-breadcrumb\">\n\t\t\t<a href=\"https:\/\/www.encontrapiracicaba.com.br\/sobre\/noticias-em-piracicaba\/\" title=\"Not\u00edcias Piracicaba\">Not\u00edcias Piracicaba<\/a>\n\t\t<\/span><span class=\"aioseo-breadcrumb-separator\">&raquo;<\/span><span class=\"aioseo-breadcrumb\">\n\t\t\tVereadora destaca luta pelo fim da escala 6\u00d71 no Dia do Trabalhador\n\t\t<\/span><\/div>","aioseo_breadcrumb_json":[{"label":"In\u00edcio","link":"https:\/\/www.encontrapiracicaba.com.br\/sobre"},{"label":"Not\u00edcias Piracicaba","link":"https:\/\/www.encontrapiracicaba.com.br\/sobre\/noticias-em-piracicaba\/"},{"label":"Vereadora destaca luta pelo fim da escala 6&#215;1 no Dia do Trabalhador","link":"https:\/\/www.encontrapiracicaba.com.br\/sobre\/vereadora-destaca-luta-pelo-fim-da-escala-6x1-no-dia-do-trabalhador\/"}],"_links":{"self":[{"href":"https:\/\/www.encontrapiracicaba.com.br\/sobre\/wp-json\/wp\/v2\/posts\/4615","targetHints":{"allow":["GET"]}}],"collection":[{"href":"https:\/\/www.encontrapiracicaba.com.br\/sobre\/wp-json\/wp\/v2\/posts"}],"about":[{"href":"https:\/\/www.encontrapiracicaba.com.br\/sobre\/wp-json\/wp\/v2\/types\/post"}],"author":[{"embeddable":true,"href":"https:\/\/www.encontrapiracicaba.com.br\/sobre\/wp-json\/wp\/v2\/users\/1"}],"replies":[{"embeddable":true,"href":"https:\/\/www.encontrapiracicaba.com.br\/sobre\/wp-json\/wp\/v2\/comments?post=4615"}],"version-history":[{"count":0,"href":"https:\/\/www.encontrapiracicaba.com.br\/sobre\/wp-json\/wp\/v2\/posts\/4615\/revisions"}],"wp:featuredmedia":[{"embeddable":true,"href":"https:\/\/www.encontrapiracicaba.com.br\/sobre\/wp-json\/wp\/v2\/media\/4614"}],"wp:attachment":[{"href":"https:\/\/www.encontrapiracicaba.com.br\/sobre\/wp-json\/wp\/v2\/media?parent=4615"}],"wp:term":[{"taxonomy":"category","embeddable":true,"href":"https:\/\/www.encontrapiracicaba.com.br\/sobre\/wp-json\/wp\/v2\/categories?post=4615"},{"taxonomy":"post_tag","embeddable":true,"href":"https:\/\/www.encontrapiracicaba.com.br\/sobre\/wp-json\/wp\/v2\/tags?post=4615"}],"curies":[{"name":"wp","href":"https:\/\/api.w.org\/{rel}","templated":true}]}}